{"id":10556,"date":"2022-06-27T03:57:11","date_gmt":"2022-06-27T03:57:11","guid":{"rendered":"https:\/\/appsaf.apieproject.com\/news\/?p=10556"},"modified":"2022-06-27T03:57:12","modified_gmt":"2022-06-27T03:57:12","slug":"rdc-le-cercueil-de-lumumba-fait-etape-a-kisangani-ville-de-lenvol-politique","status":"publish","type":"post","link":"https:\/\/appsaf.apieproject.com\/news\/fr\/2022\/06\/27\/rdc-le-cercueil-de-lumumba-fait-etape-a-kisangani-ville-de-lenvol-politique\/","title":{"rendered":"RDC: le cercueil de Lumumba fait \u00e9tape \u00e0 Kisangani, ville de l&rsquo;envol politique"},"content":{"rendered":"<p>Comme mercredi \u00e0 Onalua, village du Sankuru (centre) qui a vu na\u00eetre Patrice Lumumba en 1925, podium, autorit\u00e9s, danseurs et tam-tams attendent dans l&rsquo;ancienne Stanleyville la d\u00e9pouille dont il ne reste qu&rsquo;une dent, relique restitu\u00e9e lundi par la Belgique \u00e0 la RDC et d\u00e9sormais gard\u00e9e dans un cercueil ouvrag\u00e9.<\/p>\n<p>Sur le fleuve Congo, dans la province de la Tshopo, la cit\u00e9 d&rsquo;environ un million et demi d&rsquo;habitants s&rsquo;est faite aussi belle que possible pour c\u00e9l\u00e9brer le h\u00e9ros dont le deuil, 61 ans apr\u00e8s, commence enfin.<\/p>\n<p>Mais le d\u00e9labrement de la ville autrefois prosp\u00e8re ne s&rsquo;efface pas d&rsquo;un rapide coup de peinture.<\/p>\n<p>Au 1er niveau du b\u00e2timent de briques dit \u00ab\u00a01925\u00a0\u00bb, dans le centre de Kisangani, se trouve une petite pi\u00e8ce, garnie d&rsquo;\u00e9tag\u00e8res charg\u00e9es de registres et d&rsquo;ouvrages de l&rsquo;administration coloniale. \u00ab\u00a0Codes et lois du Congo, 1954\u00a0\u00bb. \u00ab\u00a0Les palmeraies dans leurs rapports avec l&rsquo;ethnologie\u00a0\u00bb. \u00ab\u00a0Revue juridique du Congo belge\u00a0\u00bb&#8230;<\/p>\n<p>Patrice Emery Lumumba travaillait ici comme biblioth\u00e9caire de l&rsquo;Administration indig\u00e8ne pour les mains d\u2019\u0153uvre (AIMO). En m\u00eame temps, il \u00e9tait charg\u00e9 des courriers \u00e0 la Poste. \u00ab\u00a0Les gens d\u00e9filent ici avec l&rsquo;id\u00e9e de transformer cette maison en site touristique, mais rien de concret\u00a0\u00bb, regrette Joseph Lifaefi, chef d&rsquo;un bureau provincial de documentation qui veille sur l&rsquo;endroit.<\/p>\n<p>\u00ab\u00a0Je prot\u00e8ge la table et la chaise de Lubumba, les \u00e9crits avec sa signature, ses revendications\u00a0\u00bb, d\u00e9clare-t-il \u00e0 l&rsquo;AFP, en montrant une chaise en bois, une vieille table grise. \u00ab\u00a0Cela me fait honte, ici on devrait avoir un mus\u00e9e\u00a0\u00bb, souffle-t-il, en s&rsquo;inqui\u00e9tant pour les vieux ouvrages, certains datant du 19e si\u00e8cle, pr\u00e9cieux documents qu&rsquo;il faudrait num\u00e9riser avant qu&rsquo;il ne soit trop tard.<\/p>\n<p>&#8211; Mythique et d\u00e9labr\u00e9e &#8211;<\/p>\n<p>Le jeune Patrice Lumumba avait 20 ans quand il est arriv\u00e9 \u00e0 Stanleyville. Fonctionnaire, il \u00e9tait nomm\u00e9 aux ch\u00e8ques postaux. Plus tard, il deviendra directeur commercial d&rsquo;une grande brasserie.<\/p>\n<p>\u00ab\u00a0Mon p\u00e8re a \u00e9t\u00e9 le premier \u00e0 l&rsquo;accueillir\u00a0\u00bb, raconte Pauline Kimbulu, fille de Paul Kimbulu, l&rsquo;un des rares infirmiers dipl\u00f4m\u00e9s de l&rsquo;\u00e9poque coloniale. \u00ab\u00a0Il venait manger ici\u00a0\u00bb, montre cette femme assise devant la petite maison au toit de t\u00f4le et aux murs de ciment gris. \u00ab\u00a0Qu&rsquo;on nous r\u00e9habilite cette maison!\u00a0\u00bb, demande-t-elle.<\/p>\n<p>Au fil des ans, Lumumba a pris de l&rsquo;assurance, dou\u00e9 d'\u00a0\u00bb\u00e9loquence\u00a0\u00bb, de \u00ab\u00a0force de conviction\u00a0\u00bb, de \u00ab\u00a0charme et d&rsquo;aisance\u00a0\u00bb et anim\u00e9 d&rsquo;une \u00ab\u00a0extr\u00eame ambition\u00a0\u00bb, raconte l&rsquo;\u00e9crivain journaliste belge David Van Reybrouck dans son ouvrage de r\u00e9f\u00e9rence \u00ab\u00a0Congo, une histoire\u00a0\u00bb, publi\u00e9 en 2014.<\/p>\n<p>Chef d&rsquo;une antenne syndicale, pr\u00e9sident de l&rsquo;association des \u00ab\u00a0\u00e9volu\u00e9s\u00a0\u00bb de Stanleyville, \u00e9crivant analyses politiques et articles de presse, jusqu&rsquo;\u00e0 lancer en 1958 un parti politique nationaliste, le Mouvement national congolais (MNC).<\/p>\n<p>Il tenait des meetings au \u00ab\u00a0Cercle d&rsquo;Etat de Mangobo\u00a0\u00bb. Aujourd&rsquo;hui, la mythique salle sert de d\u00e9p\u00f4t de meubles et de cercueils propos\u00e9s \u00e0 la vente. Ses portes et fen\u00eatres menacent ruine.<\/p>\n<p>Dans la m\u00eame commune, au \u00ab\u00a0quartier commercial 5\u00a0\u00bb, dans une rue o\u00f9 subsiste un peu de macadam, se trouve une maison basse \u00e0 la cl\u00f4ture effondr\u00e9e. Patrice Lumumba aurait habit\u00e9 ici \u00e0 la fin des ann\u00e9es 50.<\/p>\n<p>Un voisin, Blaise Tr\u00e9sor Badjoko, raconte que son p\u00e8re est venu y vivre apr\u00e8s son assassinat, qu&rsquo;il est lui-m\u00eame mort dans cette maison. Selon lui, la d\u00e9pouille du h\u00e9ros national devrait reposer ici plut\u00f4t qu&rsquo;\u00e0 Kinshasa. M\u00eame si cela fait deux ans que le quartier n&rsquo;a pas d&rsquo;\u00e9lectricit\u00e9.<\/p>\n<p>Apr\u00e8s Kisangani, le cercueil sera dimanche dans le Haut-Katanga (sud-est), o\u00f9 le premier Premier ministre de l&rsquo;ex-Congo belge a \u00e9t\u00e9 supplici\u00e9 le 17 janvier 1961. Avant la capitale Kinshasa, lundi, o\u00f9 les hommages s&rsquo;ach\u00e8veront avec une c\u00e9r\u00e9monie d&rsquo;inhumation le 30 juin, jour de la f\u00eate de l&rsquo;Ind\u00e9pendance.<\/p>\n","protected":false},"excerpt":{"rendered":"<p>Apr\u00e8s le village natal o\u00f9 il a pass\u00e9 deux jours, le cort\u00e8ge accompagnant en R\u00e9publique d\u00e9mocratique du Congo le cercueil de Patrice Lumumba doit poursuivre vendredi son p\u00e8lerinage m\u00e9moriel \u00e0 Kisangani, ville du nord-est du pays o\u00f9 le h\u00e9ros de l&rsquo;ind\u00e9pendance prit son envol politique.<\/p>\n","protected":false},"author":12963,"featured_media":10553,"comment_status":"open","ping_status":"open","sticky":false,"template":"","format":"standard","meta":{"footnotes":""},"categories":[67,69,59],"tags":[81,78,82],"class_list":{"0":"post-10556","1":"post","2":"type-post","3":"status-publish","4":"format-standard","5":"has-post-thumbnail","7":"category-actualites","8":"category-politique","9":"category-speciaux","10":"tag-actualites","11":"tag-apie-project-2","12":"tag-politique"},"yoast_head":"<!-- This site is optimized with the Yoast SEO plugin v24.4 - https:\/\/yoast.com\/wordpress\/plugins\/seo\/ -->\n<title>RDC: le cercueil de Lumumba fait \u00e9tape \u00e0 Kisangani, ville de l&#039;envol politique - APIE NEWS<\/title>\n<meta name=\"robots\" content=\"index, follow, max-snippet:-1, max-image-preview:large, max-video-preview:-1\" \/>\n<link rel=\"canonical\" href=\"https:\/\/appsaf.apieproject.com\/news\/fr\/2022\/06\/27\/rdc-le-cercueil-de-lumumba-fait-etape-a-kisangani-ville-de-lenvol-politique\/\" \/>\n<meta property=\"og:locale\" content=\"fr_FR\" \/>\n<meta property=\"og:type\" content=\"article\" \/>\n<meta property=\"og:title\" content=\"RDC: le cercueil de Lumumba fait \u00e9tape \u00e0 Kisangani, ville de l&#039;envol politique - APIE NEWS\" \/>\n<meta property=\"og:description\" content=\"Apr\u00e8s le village natal o\u00f9 il a pass\u00e9 deux jours, le cort\u00e8ge accompagnant en R\u00e9publique d\u00e9mocratique du Congo le cercueil de Patrice Lumumba doit poursuivre vendredi son p\u00e8lerinage m\u00e9moriel \u00e0 Kisangani, ville du nord-est du pays o\u00f9 le h\u00e9ros de l&#039;ind\u00e9pendance prit son envol politique.\" \/>\n<meta property=\"og:url\" content=\"https:\/\/appsaf.apieproject.com\/news\/fr\/2022\/06\/27\/rdc-le-cercueil-de-lumumba-fait-etape-a-kisangani-ville-de-lenvol-politique\/\" \/>\n<meta property=\"og:site_name\" content=\"APIE NEWS\" \/>\n<meta property=\"article:publisher\" content=\"https:\/\/facebook.com\/apieproject\" \/>\n<meta property=\"article:published_time\" content=\"2022-06-27T03:57:11+00:00\" \/>\n<meta property=\"article:modified_time\" content=\"2022-06-27T03:57:12+00:00\" \/>\n<meta property=\"og:image\" content=\"https:\/\/appsaf.apieproject.com\/news\/wp-content\/uploads\/sites\/29\/2022\/06\/telechargement-36-7a568b54fe12b6550c7e71bead3a50d1.jpg\" \/>\n\t<meta property=\"og:image:width\" content=\"275\" \/>\n\t<meta property=\"og:image:height\" content=\"183\" \/>\n\t<meta property=\"og:image:type\" content=\"image\/jpeg\" \/>\n<meta name=\"author\" content=\"staff\" \/>\n<meta name=\"twitter:card\" content=\"summary_large_image\" \/>\n<meta name=\"twitter:creator\" content=\"@apieproject\" \/>\n<meta name=\"twitter:site\" content=\"@apieproject\" \/>\n<meta name=\"twitter:label1\" content=\"\u00c9crit par\" \/>\n\t<meta name=\"twitter:data1\" content=\"staff\" \/>\n\t<meta name=\"twitter:label2\" content=\"Dur\u00e9e de lecture estim\u00e9e\" \/>\n\t<meta name=\"twitter:data2\" content=\"3 minutes\" \/>\n<script type=\"application\/ld+json\" class=\"yoast-schema-graph\">{\"@context\":\"https:\/\/schema.org\",\"@graph\":[{\"@type\":\"Article\",\"@id\":\"https:\/\/appsaf.apieproject.com\/news\/fr\/2022\/06\/27\/rdc-le-cercueil-de-lumumba-fait-etape-a-kisangani-ville-de-lenvol-politique\/#article\",\"isPartOf\":{\"@id\":\"https:\/\/appsaf.apieproject.com\/news\/fr\/2022\/06\/27\/rdc-le-cercueil-de-lumumba-fait-etape-a-kisangani-ville-de-lenvol-politique\/\"},\"author\":{\"name\":\"staff\",\"@id\":\"https:\/\/appsaf.apieproject.com\/news\/#\/schema\/person\/399517cac378948cd7b39086f9ddc2a7\"},\"headline\":\"RDC: le cercueil de Lumumba fait \u00e9tape \u00e0 Kisangani, ville de l&rsquo;envol politique\",\"datePublished\":\"2022-06-27T03:57:11+00:00\",\"dateModified\":\"2022-06-27T03:57:12+00:00\",\"mainEntityOfPage\":{\"@id\":\"https:\/\/appsaf.apieproject.com\/news\/fr\/2022\/06\/27\/rdc-le-cercueil-de-lumumba-fait-etape-a-kisangani-ville-de-lenvol-politique\/\"},\"wordCount\":683,\"commentCount\":0,\"publisher\":{\"@id\":\"https:\/\/appsaf.apieproject.com\/news\/#organization\"},\"image\":{\"@id\":\"https:\/\/appsaf.apieproject.com\/news\/fr\/2022\/06\/27\/rdc-le-cercueil-de-lumumba-fait-etape-a-kisangani-ville-de-lenvol-politique\/#primaryimage\"},\"thumbnailUrl\":\"https:\/\/appsaf.apieproject.com\/news\/wp-content\/uploads\/sites\/29\/2022\/06\/telechargement-36-7a568b54fe12b6550c7e71bead3a50d1.jpg\",\"keywords\":[\"actualites\",\"apie project\",\"politique\"],\"articleSection\":[\"Actualit\u00e9s\",\"Politique\",\"Sp\u00e9ciaux\"],\"inLanguage\":\"fr-FR\",\"potentialAction\":[{\"@type\":\"CommentAction\",\"name\":\"Comment\",\"target\":[\"https:\/\/appsaf.apieproject.com\/news\/fr\/2022\/06\/27\/rdc-le-cercueil-de-lumumba-fait-etape-a-kisangani-ville-de-lenvol-politique\/#respond\"]}]},{\"@type\":\"WebPage\",\"@id\":\"https:\/\/appsaf.apieproject.com\/news\/fr\/2022\/06\/27\/rdc-le-cercueil-de-lumumba-fait-etape-a-kisangani-ville-de-lenvol-politique\/\",\"url\":\"https:\/\/appsaf.apieproject.com\/news\/fr\/2022\/06\/27\/rdc-le-cercueil-de-lumumba-fait-etape-a-kisangani-ville-de-lenvol-politique\/\",\"name\":\"RDC: le cercueil de Lumumba fait \u00e9tape \u00e0 Kisangani, ville de l'envol politique - APIE NEWS\",\"isPartOf\":{\"@id\":\"https:\/\/appsaf.apieproject.com\/news\/#website\"},\"primaryImageOfPage\":{\"@id\":\"https:\/\/appsaf.apieproject.com\/news\/fr\/2022\/06\/27\/rdc-le-cercueil-de-lumumba-fait-etape-a-kisangani-ville-de-lenvol-politique\/#primaryimage\"},\"image\":{\"@id\":\"https:\/\/appsaf.apieproject.com\/news\/fr\/2022\/06\/27\/rdc-le-cercueil-de-lumumba-fait-etape-a-kisangani-ville-de-lenvol-politique\/#primaryimage\"},\"thumbnailUrl\":\"https:\/\/appsaf.apieproject.com\/news\/wp-content\/uploads\/sites\/29\/2022\/06\/telechargement-36-7a568b54fe12b6550c7e71bead3a50d1.jpg\",\"datePublished\":\"2022-06-27T03:57:11+00:00\",\"dateModified\":\"2022-06-27T03:57:12+00:00\",\"breadcrumb\":{\"@id\":\"https:\/\/appsaf.apieproject.com\/news\/fr\/2022\/06\/27\/rdc-le-cercueil-de-lumumba-fait-etape-a-kisangani-ville-de-lenvol-politique\/#breadcrumb\"},\"inLanguage\":\"fr-FR\",\"potentialAction\":[{\"@type\":\"ReadAction\",\"target\":[\"https:\/\/appsaf.apieproject.com\/news\/fr\/2022\/06\/27\/rdc-le-cercueil-de-lumumba-fait-etape-a-kisangani-ville-de-lenvol-politique\/\"]}]},{\"@type\":\"ImageObject\",\"inLanguage\":\"fr-FR\",\"@id\":\"https:\/\/appsaf.apieproject.com\/news\/fr\/2022\/06\/27\/rdc-le-cercueil-de-lumumba-fait-etape-a-kisangani-ville-de-lenvol-politique\/#primaryimage\",\"url\":\"https:\/\/appsaf.apieproject.com\/news\/wp-content\/uploads\/sites\/29\/2022\/06\/telechargement-36-7a568b54fe12b6550c7e71bead3a50d1.jpg\",\"contentUrl\":\"https:\/\/appsaf.apieproject.com\/news\/wp-content\/uploads\/sites\/29\/2022\/06\/telechargement-36-7a568b54fe12b6550c7e71bead3a50d1.jpg\",\"width\":275,\"height\":183},{\"@type\":\"BreadcrumbList\",\"@id\":\"https:\/\/appsaf.apieproject.com\/news\/fr\/2022\/06\/27\/rdc-le-cercueil-de-lumumba-fait-etape-a-kisangani-ville-de-lenvol-politique\/#breadcrumb\",\"itemListElement\":[{\"@type\":\"ListItem\",\"position\":1,\"name\":\"Home\",\"item\":\"https:\/\/appsaf.apieproject.com\/news\/fr\/home\/\"},{\"@type\":\"ListItem\",\"position\":2,\"name\":\"RDC: le cercueil de Lumumba fait \u00e9tape \u00e0 Kisangani, ville de l&#8217;envol politique\"}]},{\"@type\":\"WebSite\",\"@id\":\"https:\/\/appsaf.apieproject.com\/news\/#website\",\"url\":\"https:\/\/appsaf.apieproject.com\/news\/\",\"name\":\"APIE NEWS\",\"description\":\"PANAFRICANISM NEWS PORTAL\",\"publisher\":{\"@id\":\"https:\/\/appsaf.apieproject.com\/news\/#organization\"},\"potentialAction\":[{\"@type\":\"SearchAction\",\"target\":{\"@type\":\"EntryPoint\",\"urlTemplate\":\"https:\/\/appsaf.apieproject.com\/news\/?s={search_term_string}\"},\"query-input\":{\"@type\":\"PropertyValueSpecification\",\"valueRequired\":true,\"valueName\":\"search_term_string\"}}],\"inLanguage\":\"fr-FR\"},{\"@type\":\"Organization\",\"@id\":\"https:\/\/appsaf.apieproject.com\/news\/#organization\",\"name\":\"APIE PROJECT\",\"url\":\"https:\/\/appsaf.apieproject.com\/news\/\",\"logo\":{\"@type\":\"ImageObject\",\"inLanguage\":\"fr-FR\",\"@id\":\"https:\/\/appsaf.apieproject.com\/news\/#\/schema\/logo\/image\/\",\"url\":\"https:\/\/appsaf.apieproject.com\/news\/wp-content\/uploads\/sites\/29\/2022\/07\/logo-R-TransparentBackground.png\",\"contentUrl\":\"https:\/\/appsaf.apieproject.com\/news\/wp-content\/uploads\/sites\/29\/2022\/07\/logo-R-TransparentBackground.png\",\"width\":512,\"height\":512,\"caption\":\"APIE PROJECT\"},\"image\":{\"@id\":\"https:\/\/appsaf.apieproject.com\/news\/#\/schema\/logo\/image\/\"},\"sameAs\":[\"https:\/\/facebook.com\/apieproject\",\"https:\/\/x.com\/apieproject\"]},{\"@type\":\"Person\",\"@id\":\"https:\/\/appsaf.apieproject.com\/news\/#\/schema\/person\/399517cac378948cd7b39086f9ddc2a7\",\"name\":\"staff\",\"image\":{\"@type\":\"ImageObject\",\"inLanguage\":\"fr-FR\",\"@id\":\"https:\/\/appsaf.apieproject.com\/news\/#\/schema\/person\/image\/\",\"url\":\"https:\/\/secure.gravatar.com\/avatar\/5386283c5db150efe261184bd59f072a?s=96&d=mm&r=g\",\"contentUrl\":\"https:\/\/secure.gravatar.com\/avatar\/5386283c5db150efe261184bd59f072a?s=96&d=mm&r=g\",\"caption\":\"staff\"},\"url\":\"https:\/\/appsaf.apieproject.com\/news\/fr\/author\/staff\/\"}]}<\/script>\n<!-- \/ Yoast SEO plugin. -->","yoast_head_json":{"title":"RDC: le cercueil de Lumumba fait \u00e9tape \u00e0 Kisangani, ville de l'envol politique - APIE NEWS","robots":{"index":"index","follow":"follow","max-snippet":"max-snippet:-1","max-image-preview":"max-image-preview:large","max-video-preview":"max-video-preview:-1"},"canonical":"https:\/\/appsaf.apieproject.com\/news\/fr\/2022\/06\/27\/rdc-le-cercueil-de-lumumba-fait-etape-a-kisangani-ville-de-lenvol-politique\/","og_locale":"fr_FR","og_type":"article","og_title":"RDC: le cercueil de Lumumba fait \u00e9tape \u00e0 Kisangani, ville de l'envol politique - APIE NEWS","og_description":"Apr\u00e8s le village natal o\u00f9 il a pass\u00e9 deux jours, le cort\u00e8ge accompagnant en R\u00e9publique d\u00e9mocratique du Congo le cercueil de Patrice Lumumba doit poursuivre vendredi son p\u00e8lerinage m\u00e9moriel \u00e0 Kisangani, ville du nord-est du pays o\u00f9 le h\u00e9ros de l'ind\u00e9pendance prit son envol politique.","og_url":"https:\/\/appsaf.apieproject.com\/news\/fr\/2022\/06\/27\/rdc-le-cercueil-de-lumumba-fait-etape-a-kisangani-ville-de-lenvol-politique\/","og_site_name":"APIE NEWS","article_publisher":"https:\/\/facebook.com\/apieproject","article_published_time":"2022-06-27T03:57:11+00:00","article_modified_time":"2022-06-27T03:57:12+00:00","og_image":[{"width":275,"height":183,"url":"https:\/\/appsaf.apieproject.com\/news\/wp-content\/uploads\/sites\/29\/2022\/06\/telechargement-36-7a568b54fe12b6550c7e71bead3a50d1.jpg","type":"image\/jpeg"}],"author":"staff","twitter_card":"summary_large_image","twitter_creator":"@apieproject","twitter_site":"@apieproject","twitter_misc":{"\u00c9crit par":"staff","Dur\u00e9e de lecture estim\u00e9e":"3 minutes"},"schema":{"@context":"https:\/\/schema.org","@graph":[{"@type":"Article","@id":"https:\/\/appsaf.apieproject.com\/news\/fr\/2022\/06\/27\/rdc-le-cercueil-de-lumumba-fait-etape-a-kisangani-ville-de-lenvol-politique\/#article","isPartOf":{"@id":"https:\/\/appsaf.apieproject.com\/news\/fr\/2022\/06\/27\/rdc-le-cercueil-de-lumumba-fait-etape-a-kisangani-ville-de-lenvol-politique\/"},"author":{"name":"staff","@id":"https:\/\/appsaf.apieproject.com\/news\/#\/schema\/person\/399517cac378948cd7b39086f9ddc2a7"},"headline":"RDC: le cercueil de Lumumba fait \u00e9tape \u00e0 Kisangani, ville de l&rsquo;envol politique","datePublished":"2022-06-27T03:57:11+00:00","dateModified":"2022-06-27T03:57:12+00:00","mainEntityOfPage":{"@id":"https:\/\/appsaf.apieproject.com\/news\/fr\/2022\/06\/27\/rdc-le-cercueil-de-lumumba-fait-etape-a-kisangani-ville-de-lenvol-politique\/"},"wordCount":683,"commentCount":0,"publisher":{"@id":"https:\/\/appsaf.apieproject.com\/news\/#organization"},"image":{"@id":"https:\/\/appsaf.apieproject.com\/news\/fr\/2022\/06\/27\/rdc-le-cercueil-de-lumumba-fait-etape-a-kisangani-ville-de-lenvol-politique\/#primaryimage"},"thumbnailUrl":"https:\/\/appsaf.apieproject.com\/news\/wp-content\/uploads\/sites\/29\/2022\/06\/telechargement-36-7a568b54fe12b6550c7e71bead3a50d1.jpg","keywords":["actualites","apie project","politique"],"articleSection":["Actualit\u00e9s","Politique","Sp\u00e9ciaux"],"inLanguage":"fr-FR","potentialAction":[{"@type":"CommentAction","name":"Comment","target":["https:\/\/appsaf.apieproject.com\/news\/fr\/2022\/06\/27\/rdc-le-cercueil-de-lumumba-fait-etape-a-kisangani-ville-de-lenvol-politique\/#respond"]}]},{"@type":"WebPage","@id":"https:\/\/appsaf.apieproject.com\/news\/fr\/2022\/06\/27\/rdc-le-cercueil-de-lumumba-fait-etape-a-kisangani-ville-de-lenvol-politique\/","url":"https:\/\/appsaf.apieproject.com\/news\/fr\/2022\/06\/27\/rdc-le-cercueil-de-lumumba-fait-etape-a-kisangani-ville-de-lenvol-politique\/","name":"RDC: le cercueil de Lumumba fait \u00e9tape \u00e0 Kisangani, ville de l'envol politique - APIE NEWS","isPartOf":{"@id":"https:\/\/appsaf.apieproject.com\/news\/#website"},"primaryImageOfPage":{"@id":"https:\/\/appsaf.apieproject.com\/news\/fr\/2022\/06\/27\/rdc-le-cercueil-de-lumumba-fait-etape-a-kisangani-ville-de-lenvol-politique\/#primaryimage"},"image":{"@id":"https:\/\/appsaf.apieproject.com\/news\/fr\/2022\/06\/27\/rdc-le-cercueil-de-lumumba-fait-etape-a-kisangani-ville-de-lenvol-politique\/#primaryimage"},"thumbnailUrl":"https:\/\/appsaf.apieproject.com\/news\/wp-content\/uploads\/sites\/29\/2022\/06\/telechargement-36-7a568b54fe12b6550c7e71bead3a50d1.jpg","datePublished":"2022-06-27T03:57:11+00:00","dateModified":"2022-06-27T03:57:12+00:00","breadcrumb":{"@id":"https:\/\/appsaf.apieproject.com\/news\/fr\/2022\/06\/27\/rdc-le-cercueil-de-lumumba-fait-etape-a-kisangani-ville-de-lenvol-politique\/#breadcrumb"},"inLanguage":"fr-FR","potentialAction":[{"@type":"ReadAction","target":["https:\/\/appsaf.apieproject.com\/news\/fr\/2022\/06\/27\/rdc-le-cercueil-de-lumumba-fait-etape-a-kisangani-ville-de-lenvol-politique\/"]}]},{"@type":"ImageObject","inLanguage":"fr-FR","@id":"https:\/\/appsaf.apieproject.com\/news\/fr\/2022\/06\/27\/rdc-le-cercueil-de-lumumba-fait-etape-a-kisangani-ville-de-lenvol-politique\/#primaryimage","url":"https:\/\/appsaf.apieproject.com\/news\/wp-content\/uploads\/sites\/29\/2022\/06\/telechargement-36-7a568b54fe12b6550c7e71bead3a50d1.jpg","contentUrl":"https:\/\/appsaf.apieproject.com\/news\/wp-content\/uploads\/sites\/29\/2022\/06\/telechargement-36-7a568b54fe12b6550c7e71bead3a50d1.jpg","width":275,"height":183},{"@type":"BreadcrumbList","@id":"https:\/\/appsaf.apieproject.com\/news\/fr\/2022\/06\/27\/rdc-le-cercueil-de-lumumba-fait-etape-a-kisangani-ville-de-lenvol-politique\/#breadcrumb","itemListElement":[{"@type":"ListItem","position":1,"name":"Home","item":"https:\/\/appsaf.apieproject.com\/news\/fr\/home\/"},{"@type":"ListItem","position":2,"name":"RDC: le cercueil de Lumumba fait \u00e9tape \u00e0 Kisangani, ville de l&#8217;envol politique"}]},{"@type":"WebSite","@id":"https:\/\/appsaf.apieproject.com\/news\/#website","url":"https:\/\/appsaf.apieproject.com\/news\/","name":"APIE NEWS","description":"PANAFRICANISM NEWS PORTAL","publisher":{"@id":"https:\/\/appsaf.apieproject.com\/news\/#organization"},"potentialAction":[{"@type":"SearchAction","target":{"@type":"EntryPoint","urlTemplate":"https:\/\/appsaf.apieproject.com\/news\/?s={search_term_string}"},"query-input":{"@type":"PropertyValueSpecification","valueRequired":true,"valueName":"search_term_string"}}],"inLanguage":"fr-FR"},{"@type":"Organization","@id":"https:\/\/appsaf.apieproject.com\/news\/#organization","name":"APIE PROJECT","url":"https:\/\/appsaf.apieproject.com\/news\/","logo":{"@type":"ImageObject","inLanguage":"fr-FR","@id":"https:\/\/appsaf.apieproject.com\/news\/#\/schema\/logo\/image\/","url":"https:\/\/appsaf.apieproject.com\/news\/wp-content\/uploads\/sites\/29\/2022\/07\/logo-R-TransparentBackground.png","contentUrl":"https:\/\/appsaf.apieproject.com\/news\/wp-content\/uploads\/sites\/29\/2022\/07\/logo-R-TransparentBackground.png","width":512,"height":512,"caption":"APIE PROJECT"},"image":{"@id":"https:\/\/appsaf.apieproject.com\/news\/#\/schema\/logo\/image\/"},"sameAs":["https:\/\/facebook.com\/apieproject","https:\/\/x.com\/apieproject"]},{"@type":"Person","@id":"https:\/\/appsaf.apieproject.com\/news\/#\/schema\/person\/399517cac378948cd7b39086f9ddc2a7","name":"staff","image":{"@type":"ImageObject","inLanguage":"fr-FR","@id":"https:\/\/appsaf.apieproject.com\/news\/#\/schema\/person\/image\/","url":"https:\/\/secure.gravatar.com\/avatar\/5386283c5db150efe261184bd59f072a?s=96&d=mm&r=g","contentUrl":"https:\/\/secure.gravatar.com\/avatar\/5386283c5db150efe261184bd59f072a?s=96&d=mm&r=g","caption":"staff"},"url":"https:\/\/appsaf.apieproject.com\/news\/fr\/author\/staff\/"}]}},"_links":{"self":[{"href":"https:\/\/appsaf.apieproject.com\/news\/fr\/wp-json\/wp\/v2\/posts\/10556","targetHints":{"allow":["GET"]}}],"collection":[{"href":"https:\/\/appsaf.apieproject.com\/news\/fr\/wp-json\/wp\/v2\/posts"}],"about":[{"href":"https:\/\/appsaf.apieproject.com\/news\/fr\/wp-json\/wp\/v2\/types\/post"}],"author":[{"embeddable":true,"href":"https:\/\/appsaf.apieproject.com\/news\/fr\/wp-json\/wp\/v2\/users\/12963"}],"replies":[{"embeddable":true,"href":"https:\/\/appsaf.apieproject.com\/news\/fr\/wp-json\/wp\/v2\/comments?post=10556"}],"version-history":[{"count":1,"href":"https:\/\/appsaf.apieproject.com\/news\/fr\/wp-json\/wp\/v2\/posts\/10556\/revisions"}],"predecessor-version":[{"id":10850,"href":"https:\/\/appsaf.apieproject.com\/news\/fr\/wp-json\/wp\/v2\/posts\/10556\/revisions\/10850"}],"wp:featuredmedia":[{"embeddable":true,"href":"https:\/\/appsaf.apieproject.com\/news\/fr\/wp-json\/wp\/v2\/media\/10553"}],"wp:attachment":[{"href":"https:\/\/appsaf.apieproject.com\/news\/fr\/wp-json\/wp\/v2\/media?parent=10556"}],"wp:term":[{"taxonomy":"category","embeddable":true,"href":"https:\/\/appsaf.apieproject.com\/news\/fr\/wp-json\/wp\/v2\/categories?post=10556"},{"taxonomy":"post_tag","embeddable":true,"href":"https:\/\/appsaf.apieproject.com\/news\/fr\/wp-json\/wp\/v2\/tags?post=10556"}],"curies":[{"name":"wp","href":"https:\/\/api.w.org\/{rel}","templated":true}]}}