{"id":11000,"date":"2022-07-04T23:19:44","date_gmt":"2022-07-04T23:19:44","guid":{"rendered":"https:\/\/appsaf.apieproject.com\/news\/?p=11000"},"modified":"2022-07-04T23:19:45","modified_gmt":"2022-07-04T23:19:45","slug":"caf-geremi-njitap-et-joseph-antoine-bell-nommes-par-patrice-motsepe","status":"publish","type":"post","link":"https:\/\/appsaf.apieproject.com\/news\/fr\/2022\/07\/04\/caf-geremi-njitap-et-joseph-antoine-bell-nommes-par-patrice-motsepe\/","title":{"rendered":"CAF : G\u00e9r\u00e9mi Njitap et Joseph Antoine Bell nomm\u00e9s par Patrice Motsepe"},"content":{"rendered":"<p>La commission technique pour le d\u00e9veloppement du football africain enregistrera quelques nouvelles arriv\u00e9es. Dans cette vague de nominations, on note la pr\u00e9sence deux anciens internationaux camerounais. Il s\u2019agit de Joseph Antoine Bell et G\u00e9r\u00e9mi Njitap qui ont \u00e9t\u00e9 copt\u00e9s par Patrice Motsepe.<\/p>\n<p>\u00c0 leurs c\u00f4t\u00e9s, il y aura quelques l\u00e9gendes d\u2019autres nations. L\u2019ancienne footballeuse internationale ivoirienne Cl\u00e9mentine Tour\u00e9, le malien Mohamed Magassouba feront partie de cette commission. Khalilou Fadiga, Herita Ilunga et Emmanuel Sheyi Adebayor ont \u00e9t\u00e9 aussi nomm\u00e9s par Patrice Motsepe. Leur mission sera de r\u00e9fl\u00e9chir aux nouvelles actions qui pourront faciliter le d\u00e9veloppement technique du football africain.<\/p>\n","protected":false},"excerpt":{"rendered":"<p>La Conf\u00e9d\u00e9ration africaine de football (CAF) continue de mettre en place une politique pour le d\u00e9veloppement du football africain. Dans cette logique, le pr\u00e9sident de l\u2019instance f\u00e9d\u00e9rale du football africain Patrice Motsepe a op\u00e9r\u00e9 ce jour quelques nominations.<\/p>\n","protected":false},"author":12963,"featured_media":10997,"comment_status":"open","ping_status":"open","sticky":false,"template":"","format":"standard","meta":{"footnotes":""},"categories":[67,71],"tags":[81,78,85],"class_list":{"0":"post-11000","1":"post","2":"type-post","3":"status-publish","4":"format-standard","5":"has-post-thumbnail","7":"category-actualites","8":"category-sports-fr","9":"tag-actualites","10":"tag-apie-project-2","11":"tag-sports-2"},"yoast_head":"<!-- This site is optimized with the Yoast SEO plugin v24.4 - https:\/\/yoast.com\/wordpress\/plugins\/seo\/ -->\n<title>CAF : G\u00e9r\u00e9mi Njitap et Joseph Antoine Bell nomm\u00e9s par Patrice Motsepe - APIE NEWS<\/title>\n<meta name=\"robots\" content=\"index, follow, max-snippet:-1, max-image-preview:large, max-video-preview:-1\" \/>\n<link rel=\"canonical\" href=\"https:\/\/appsaf.apieproject.com\/news\/fr\/2022\/07\/04\/caf-geremi-njitap-et-joseph-antoine-bell-nommes-par-patrice-motsepe\/\" \/>\n<meta property=\"og:locale\" content=\"fr_FR\" \/>\n<meta property=\"og:type\" content=\"article\" \/>\n<meta property=\"og:title\" content=\"CAF : G\u00e9r\u00e9mi Njitap et Joseph Antoine Bell nomm\u00e9s par Patrice Motsepe - APIE NEWS\" \/>\n<meta property=\"og:description\" content=\"La Conf\u00e9d\u00e9ration africaine de football (CAF) continue de mettre en place une politique pour le d\u00e9veloppement du football africain. Dans cette logique, le pr\u00e9sident de l\u2019instance f\u00e9d\u00e9rale du football africain Patrice Motsepe a op\u00e9r\u00e9 ce jour quelques nominations.\" \/>\n<meta property=\"og:url\" content=\"https:\/\/appsaf.apieproject.com\/news\/fr\/2022\/07\/04\/caf-geremi-njitap-et-joseph-antoine-bell-nommes-par-patrice-motsepe\/\" \/>\n<meta property=\"og:site_name\" content=\"APIE NEWS\" \/>\n<meta property=\"article:publisher\" content=\"https:\/\/facebook.com\/apieproject\" \/>\n<meta property=\"article:published_time\" content=\"2022-07-04T23:19:44+00:00\" \/>\n<meta property=\"article:modified_time\" content=\"2022-07-04T23:19:45+00:00\" \/>\n<meta property=\"og:image\" content=\"https:\/\/appsaf.apieproject.com\/news\/wp-content\/uploads\/sites\/29\/2022\/06\/Sans-titre-1-710x568-bdf82b072d203463152ddc9f8c22873e.jpg\" \/>\n\t<meta property=\"og:image:width\" content=\"710\" \/>\n\t<meta property=\"og:image:height\" content=\"568\" \/>\n\t<meta property=\"og:image:type\" content=\"image\/jpeg\" \/>\n<meta name=\"author\" content=\"staff\" \/>\n<meta name=\"twitter:card\" content=\"summary_large_image\" \/>\n<meta name=\"twitter:creator\" content=\"@apieproject\" \/>\n<meta name=\"twitter:site\" content=\"@apieproject\" \/>\n<meta name=\"twitter:label1\" content=\"\u00c9crit par\" \/>\n\t<meta name=\"twitter:data1\" content=\"staff\" \/>\n\t<meta name=\"twitter:label2\" content=\"Dur\u00e9e de lecture estim\u00e9e\" \/>\n\t<meta name=\"twitter:data2\" content=\"1 minute\" \/>\n<script type=\"application\/ld+json\" class=\"yoast-schema-graph\">{\"@context\":\"https:\/\/schema.org\",\"@graph\":[{\"@type\":\"Article\",\"@id\":\"https:\/\/appsaf.apieproject.com\/news\/fr\/2022\/07\/04\/caf-geremi-njitap-et-joseph-antoine-bell-nommes-par-patrice-motsepe\/#article\",\"isPartOf\":{\"@id\":\"https:\/\/appsaf.apieproject.com\/news\/fr\/2022\/07\/04\/caf-geremi-njitap-et-joseph-antoine-bell-nommes-par-patrice-motsepe\/\"},\"author\":{\"name\":\"staff\",\"@id\":\"https:\/\/appsaf.apieproject.com\/news\/#\/schema\/person\/399517cac378948cd7b39086f9ddc2a7\"},\"headline\":\"CAF : G\u00e9r\u00e9mi Njitap et Joseph Antoine Bell nomm\u00e9s par Patrice Motsepe\",\"datePublished\":\"2022-07-04T23:19:44+00:00\",\"dateModified\":\"2022-07-04T23:19:45+00:00\",\"mainEntityOfPage\":{\"@id\":\"https:\/\/appsaf.apieproject.com\/news\/fr\/2022\/07\/04\/caf-geremi-njitap-et-joseph-antoine-bell-nommes-par-patrice-motsepe\/\"},\"wordCount\":129,\"commentCount\":0,\"publisher\":{\"@id\":\"https:\/\/appsaf.apieproject.com\/news\/#organization\"},\"image\":{\"@id\":\"https:\/\/appsaf.apieproject.com\/news\/fr\/2022\/07\/04\/caf-geremi-njitap-et-joseph-antoine-bell-nommes-par-patrice-motsepe\/#primaryimage\"},\"thumbnailUrl\":\"https:\/\/appsaf.apieproject.com\/news\/wp-content\/uploads\/sites\/29\/2022\/06\/Sans-titre-1-710x568-bdf82b072d203463152ddc9f8c22873e.jpg\",\"keywords\":[\"actualites\",\"apie project\",\"sports\"],\"articleSection\":[\"Actualit\u00e9s\",\"Sports\"],\"inLanguage\":\"fr-FR\",\"potentialAction\":[{\"@type\":\"CommentAction\",\"name\":\"Comment\",\"target\":[\"https:\/\/appsaf.apieproject.com\/news\/fr\/2022\/07\/04\/caf-geremi-njitap-et-joseph-antoine-bell-nommes-par-patrice-motsepe\/#respond\"]}]},{\"@type\":\"WebPage\",\"@id\":\"https:\/\/appsaf.apieproject.com\/news\/fr\/2022\/07\/04\/caf-geremi-njitap-et-joseph-antoine-bell-nommes-par-patrice-motsepe\/\",\"url\":\"https:\/\/appsaf.apieproject.com\/news\/fr\/2022\/07\/04\/caf-geremi-njitap-et-joseph-antoine-bell-nommes-par-patrice-motsepe\/\",\"name\":\"CAF : G\u00e9r\u00e9mi Njitap et Joseph Antoine Bell nomm\u00e9s par Patrice Motsepe - APIE NEWS\",\"isPartOf\":{\"@id\":\"https:\/\/appsaf.apieproject.com\/news\/#website\"},\"primaryImageOfPage\":{\"@id\":\"https:\/\/appsaf.apieproject.com\/news\/fr\/2022\/07\/04\/caf-geremi-njitap-et-joseph-antoine-bell-nommes-par-patrice-motsepe\/#primaryimage\"},\"image\":{\"@id\":\"https:\/\/appsaf.apieproject.com\/news\/fr\/2022\/07\/04\/caf-geremi-njitap-et-joseph-antoine-bell-nommes-par-patrice-motsepe\/#primaryimage\"},\"thumbnailUrl\":\"https:\/\/appsaf.apieproject.com\/news\/wp-content\/uploads\/sites\/29\/2022\/06\/Sans-titre-1-710x568-bdf82b072d203463152ddc9f8c22873e.jpg\",\"datePublished\":\"2022-07-04T23:19:44+00:00\",\"dateModified\":\"2022-07-04T23:19:45+00:00\",\"breadcrumb\":{\"@id\":\"https:\/\/appsaf.apieproject.com\/news\/fr\/2022\/07\/04\/caf-geremi-njitap-et-joseph-antoine-bell-nommes-par-patrice-motsepe\/#breadcrumb\"},\"inLanguage\":\"fr-FR\",\"potentialAction\":[{\"@type\":\"ReadAction\",\"target\":[\"https:\/\/appsaf.apieproject.com\/news\/fr\/2022\/07\/04\/caf-geremi-njitap-et-joseph-antoine-bell-nommes-par-patrice-motsepe\/\"]}]},{\"@type\":\"ImageObject\",\"inLanguage\":\"fr-FR\",\"@id\":\"https:\/\/appsaf.apieproject.com\/news\/fr\/2022\/07\/04\/caf-geremi-njitap-et-joseph-antoine-bell-nommes-par-patrice-motsepe\/#primaryimage\",\"url\":\"https:\/\/appsaf.apieproject.com\/news\/wp-content\/uploads\/sites\/29\/2022\/06\/Sans-titre-1-710x568-bdf82b072d203463152ddc9f8c22873e.jpg\",\"contentUrl\":\"https:\/\/appsaf.apieproject.com\/news\/wp-content\/uploads\/sites\/29\/2022\/06\/Sans-titre-1-710x568-bdf82b072d203463152ddc9f8c22873e.jpg\",\"width\":710,\"height\":568},{\"@type\":\"BreadcrumbList\",\"@id\":\"https:\/\/appsaf.apieproject.com\/news\/fr\/2022\/07\/04\/caf-geremi-njitap-et-joseph-antoine-bell-nommes-par-patrice-motsepe\/#breadcrumb\",\"itemListElement\":[{\"@type\":\"ListItem\",\"position\":1,\"name\":\"Home\",\"item\":\"https:\/\/appsaf.apieproject.com\/news\/fr\/home\/\"},{\"@type\":\"ListItem\",\"position\":2,\"name\":\"CAF : G\u00e9r\u00e9mi Njitap et Joseph Antoine Bell nomm\u00e9s par Patrice Motsepe\"}]},{\"@type\":\"WebSite\",\"@id\":\"https:\/\/appsaf.apieproject.com\/news\/#website\",\"url\":\"https:\/\/appsaf.apieproject.com\/news\/\",\"name\":\"APIE NEWS\",\"description\":\"PANAFRICANISM NEWS PORTAL\",\"publisher\":{\"@id\":\"https:\/\/appsaf.apieproject.com\/news\/#organization\"},\"potentialAction\":[{\"@type\":\"SearchAction\",\"target\":{\"@type\":\"EntryPoint\",\"urlTemplate\":\"https:\/\/appsaf.apieproject.com\/news\/?s={search_term_string}\"},\"query-input\":{\"@type\":\"PropertyValueSpecification\",\"valueRequired\":true,\"valueName\":\"search_term_string\"}}],\"inLanguage\":\"fr-FR\"},{\"@type\":\"Organization\",\"@id\":\"https:\/\/appsaf.apieproject.com\/news\/#organization\",\"name\":\"APIE PROJECT\",\"url\":\"https:\/\/appsaf.apieproject.com\/news\/\",\"logo\":{\"@type\":\"ImageObject\",\"inLanguage\":\"fr-FR\",\"@id\":\"https:\/\/appsaf.apieproject.com\/news\/#\/schema\/logo\/image\/\",\"url\":\"https:\/\/appsaf.apieproject.com\/news\/wp-content\/uploads\/sites\/29\/2022\/07\/logo-R-TransparentBackground.png\",\"contentUrl\":\"https:\/\/appsaf.apieproject.com\/news\/wp-content\/uploads\/sites\/29\/2022\/07\/logo-R-TransparentBackground.png\",\"width\":512,\"height\":512,\"caption\":\"APIE PROJECT\"},\"image\":{\"@id\":\"https:\/\/appsaf.apieproject.com\/news\/#\/schema\/logo\/image\/\"},\"sameAs\":[\"https:\/\/facebook.com\/apieproject\",\"https:\/\/x.com\/apieproject\"]},{\"@type\":\"Person\",\"@id\":\"https:\/\/appsaf.apieproject.com\/news\/#\/schema\/person\/399517cac378948cd7b39086f9ddc2a7\",\"name\":\"staff\",\"image\":{\"@type\":\"ImageObject\",\"inLanguage\":\"fr-FR\",\"@id\":\"https:\/\/appsaf.apieproject.com\/news\/#\/schema\/person\/image\/\",\"url\":\"https:\/\/secure.gravatar.com\/avatar\/5386283c5db150efe261184bd59f072a?s=96&d=mm&r=g\",\"contentUrl\":\"https:\/\/secure.gravatar.com\/avatar\/5386283c5db150efe261184bd59f072a?s=96&d=mm&r=g\",\"caption\":\"staff\"},\"url\":\"https:\/\/appsaf.apieproject.com\/news\/fr\/author\/staff\/\"}]}<\/script>\n<!-- \/ Yoast SEO plugin. -->","yoast_head_json":{"title":"CAF : G\u00e9r\u00e9mi Njitap et Joseph Antoine Bell nomm\u00e9s par Patrice Motsepe - APIE NEWS","robots":{"index":"index","follow":"follow","max-snippet":"max-snippet:-1","max-image-preview":"max-image-preview:large","max-video-preview":"max-video-preview:-1"},"canonical":"https:\/\/appsaf.apieproject.com\/news\/fr\/2022\/07\/04\/caf-geremi-njitap-et-joseph-antoine-bell-nommes-par-patrice-motsepe\/","og_locale":"fr_FR","og_type":"article","og_title":"CAF : G\u00e9r\u00e9mi Njitap et Joseph Antoine Bell nomm\u00e9s par Patrice Motsepe - APIE NEWS","og_description":"La Conf\u00e9d\u00e9ration africaine de football (CAF) continue de mettre en place une politique pour le d\u00e9veloppement du football africain. Dans cette logique, le pr\u00e9sident de l\u2019instance f\u00e9d\u00e9rale du football africain Patrice Motsepe a op\u00e9r\u00e9 ce jour quelques nominations.","og_url":"https:\/\/appsaf.apieproject.com\/news\/fr\/2022\/07\/04\/caf-geremi-njitap-et-joseph-antoine-bell-nommes-par-patrice-motsepe\/","og_site_name":"APIE NEWS","article_publisher":"https:\/\/facebook.com\/apieproject","article_published_time":"2022-07-04T23:19:44+00:00","article_modified_time":"2022-07-04T23:19:45+00:00","og_image":[{"width":710,"height":568,"url":"https:\/\/appsaf.apieproject.com\/news\/wp-content\/uploads\/sites\/29\/2022\/06\/Sans-titre-1-710x568-bdf82b072d203463152ddc9f8c22873e.jpg","type":"image\/jpeg"}],"author":"staff","twitter_card":"summary_large_image","twitter_creator":"@apieproject","twitter_site":"@apieproject","twitter_misc":{"\u00c9crit par":"staff","Dur\u00e9e de lecture estim\u00e9e":"1 minute"},"schema":{"@context":"https:\/\/schema.org","@graph":[{"@type":"Article","@id":"https:\/\/appsaf.apieproject.com\/news\/fr\/2022\/07\/04\/caf-geremi-njitap-et-joseph-antoine-bell-nommes-par-patrice-motsepe\/#article","isPartOf":{"@id":"https:\/\/appsaf.apieproject.com\/news\/fr\/2022\/07\/04\/caf-geremi-njitap-et-joseph-antoine-bell-nommes-par-patrice-motsepe\/"},"author":{"name":"staff","@id":"https:\/\/appsaf.apieproject.com\/news\/#\/schema\/person\/399517cac378948cd7b39086f9ddc2a7"},"headline":"CAF : G\u00e9r\u00e9mi Njitap et Joseph Antoine Bell nomm\u00e9s par Patrice Motsepe","datePublished":"2022-07-04T23:19:44+00:00","dateModified":"2022-07-04T23:19:45+00:00","mainEntityOfPage":{"@id":"https:\/\/appsaf.apieproject.com\/news\/fr\/2022\/07\/04\/caf-geremi-njitap-et-joseph-antoine-bell-nommes-par-patrice-motsepe\/"},"wordCount":129,"commentCount":0,"publisher":{"@id":"https:\/\/appsaf.apieproject.com\/news\/#organization"},"image":{"@id":"https:\/\/appsaf.apieproject.com\/news\/fr\/2022\/07\/04\/caf-geremi-njitap-et-joseph-antoine-bell-nommes-par-patrice-motsepe\/#primaryimage"},"thumbnailUrl":"https:\/\/appsaf.apieproject.com\/news\/wp-content\/uploads\/sites\/29\/2022\/06\/Sans-titre-1-710x568-bdf82b072d203463152ddc9f8c22873e.jpg","keywords":["actualites","apie project","sports"],"articleSection":["Actualit\u00e9s","Sports"],"inLanguage":"fr-FR","potentialAction":[{"@type":"CommentAction","name":"Comment","target":["https:\/\/appsaf.apieproject.com\/news\/fr\/2022\/07\/04\/caf-geremi-njitap-et-joseph-antoine-bell-nommes-par-patrice-motsepe\/#respond"]}]},{"@type":"WebPage","@id":"https:\/\/appsaf.apieproject.com\/news\/fr\/2022\/07\/04\/caf-geremi-njitap-et-joseph-antoine-bell-nommes-par-patrice-motsepe\/","url":"https:\/\/appsaf.apieproject.com\/news\/fr\/2022\/07\/04\/caf-geremi-njitap-et-joseph-antoine-bell-nommes-par-patrice-motsepe\/","name":"CAF : G\u00e9r\u00e9mi Njitap et Joseph Antoine Bell nomm\u00e9s par Patrice Motsepe - APIE NEWS","isPartOf":{"@id":"https:\/\/appsaf.apieproject.com\/news\/#website"},"primaryImageOfPage":{"@id":"https:\/\/appsaf.apieproject.com\/news\/fr\/2022\/07\/04\/caf-geremi-njitap-et-joseph-antoine-bell-nommes-par-patrice-motsepe\/#primaryimage"},"image":{"@id":"https:\/\/appsaf.apieproject.com\/news\/fr\/2022\/07\/04\/caf-geremi-njitap-et-joseph-antoine-bell-nommes-par-patrice-motsepe\/#primaryimage"},"thumbnailUrl":"https:\/\/appsaf.apieproject.com\/news\/wp-content\/uploads\/sites\/29\/2022\/06\/Sans-titre-1-710x568-bdf82b072d203463152ddc9f8c22873e.jpg","datePublished":"2022-07-04T23:19:44+00:00","dateModified":"2022-07-04T23:19:45+00:00","breadcrumb":{"@id":"https:\/\/appsaf.apieproject.com\/news\/fr\/2022\/07\/04\/caf-geremi-njitap-et-joseph-antoine-bell-nommes-par-patrice-motsepe\/#breadcrumb"},"inLanguage":"fr-FR","potentialAction":[{"@type":"ReadAction","target":["https:\/\/appsaf.apieproject.com\/news\/fr\/2022\/07\/04\/caf-geremi-njitap-et-joseph-antoine-bell-nommes-par-patrice-motsepe\/"]}]},{"@type":"ImageObject","inLanguage":"fr-FR","@id":"https:\/\/appsaf.apieproject.com\/news\/fr\/2022\/07\/04\/caf-geremi-njitap-et-joseph-antoine-bell-nommes-par-patrice-motsepe\/#primaryimage","url":"https:\/\/appsaf.apieproject.com\/news\/wp-content\/uploads\/sites\/29\/2022\/06\/Sans-titre-1-710x568-bdf82b072d203463152ddc9f8c22873e.jpg","contentUrl":"https:\/\/appsaf.apieproject.com\/news\/wp-content\/uploads\/sites\/29\/2022\/06\/Sans-titre-1-710x568-bdf82b072d203463152ddc9f8c22873e.jpg","width":710,"height":568},{"@type":"BreadcrumbList","@id":"https:\/\/appsaf.apieproject.com\/news\/fr\/2022\/07\/04\/caf-geremi-njitap-et-joseph-antoine-bell-nommes-par-patrice-motsepe\/#breadcrumb","itemListElement":[{"@type":"ListItem","position":1,"name":"Home","item":"https:\/\/appsaf.apieproject.com\/news\/fr\/home\/"},{"@type":"ListItem","position":2,"name":"CAF : G\u00e9r\u00e9mi Njitap et Joseph Antoine Bell nomm\u00e9s par Patrice Motsepe"}]},{"@type":"WebSite","@id":"https:\/\/appsaf.apieproject.com\/news\/#website","url":"https:\/\/appsaf.apieproject.com\/news\/","name":"APIE NEWS","description":"PANAFRICANISM NEWS PORTAL","publisher":{"@id":"https:\/\/appsaf.apieproject.com\/news\/#organization"},"potentialAction":[{"@type":"SearchAction","target":{"@type":"EntryPoint","urlTemplate":"https:\/\/appsaf.apieproject.com\/news\/?s={search_term_string}"},"query-input":{"@type":"PropertyValueSpecification","valueRequired":true,"valueName":"search_term_string"}}],"inLanguage":"fr-FR"},{"@type":"Organization","@id":"https:\/\/appsaf.apieproject.com\/news\/#organization","name":"APIE PROJECT","url":"https:\/\/appsaf.apieproject.com\/news\/","logo":{"@type":"ImageObject","inLanguage":"fr-FR","@id":"https:\/\/appsaf.apieproject.com\/news\/#\/schema\/logo\/image\/","url":"https:\/\/appsaf.apieproject.com\/news\/wp-content\/uploads\/sites\/29\/2022\/07\/logo-R-TransparentBackground.png","contentUrl":"https:\/\/appsaf.apieproject.com\/news\/wp-content\/uploads\/sites\/29\/2022\/07\/logo-R-TransparentBackground.png","width":512,"height":512,"caption":"APIE PROJECT"},"image":{"@id":"https:\/\/appsaf.apieproject.com\/news\/#\/schema\/logo\/image\/"},"sameAs":["https:\/\/facebook.com\/apieproject","https:\/\/x.com\/apieproject"]},{"@type":"Person","@id":"https:\/\/appsaf.apieproject.com\/news\/#\/schema\/person\/399517cac378948cd7b39086f9ddc2a7","name":"staff","image":{"@type":"ImageObject","inLanguage":"fr-FR","@id":"https:\/\/appsaf.apieproject.com\/news\/#\/schema\/person\/image\/","url":"https:\/\/secure.gravatar.com\/avatar\/5386283c5db150efe261184bd59f072a?s=96&d=mm&r=g","contentUrl":"https:\/\/secure.gravatar.com\/avatar\/5386283c5db150efe261184bd59f072a?s=96&d=mm&r=g","caption":"staff"},"url":"https:\/\/appsaf.apieproject.com\/news\/fr\/author\/staff\/"}]}},"_links":{"self":[{"href":"https:\/\/appsaf.apieproject.com\/news\/fr\/wp-json\/wp\/v2\/posts\/11000","targetHints":{"allow":["GET"]}}],"collection":[{"href":"https:\/\/appsaf.apieproject.com\/news\/fr\/wp-json\/wp\/v2\/posts"}],"about":[{"href":"https:\/\/appsaf.apieproject.com\/news\/fr\/wp-json\/wp\/v2\/types\/post"}],"author":[{"embeddable":true,"href":"https:\/\/appsaf.apieproject.com\/news\/fr\/wp-json\/wp\/v2\/users\/12963"}],"replies":[{"embeddable":true,"href":"https:\/\/appsaf.apieproject.com\/news\/fr\/wp-json\/wp\/v2\/comments?post=11000"}],"version-history":[{"count":1,"href":"https:\/\/appsaf.apieproject.com\/news\/fr\/wp-json\/wp\/v2\/posts\/11000\/revisions"}],"predecessor-version":[{"id":11176,"href":"https:\/\/appsaf.apieproject.com\/news\/fr\/wp-json\/wp\/v2\/posts\/11000\/revisions\/11176"}],"wp:featuredmedia":[{"embeddable":true,"href":"https:\/\/appsaf.apieproject.com\/news\/fr\/wp-json\/wp\/v2\/media\/10997"}],"wp:attachment":[{"href":"https:\/\/appsaf.apieproject.com\/news\/fr\/wp-json\/wp\/v2\/media?parent=11000"}],"wp:term":[{"taxonomy":"category","embeddable":true,"href":"https:\/\/appsaf.apieproject.com\/news\/fr\/wp-json\/wp\/v2\/categories?post=11000"},{"taxonomy":"post_tag","embeddable":true,"href":"https:\/\/appsaf.apieproject.com\/news\/fr\/wp-json\/wp\/v2\/tags?post=11000"}],"curies":[{"name":"wp","href":"https:\/\/api.w.org\/{rel}","templated":true}]}}