{"id":1113,"date":"2022-02-19T00:30:27","date_gmt":"2022-02-19T00:30:27","guid":{"rendered":"https:\/\/appsaf.apieproject.com\/news\/?p=1113"},"modified":"2022-02-19T00:30:28","modified_gmt":"2022-02-19T00:30:28","slug":"le-premier-ministre-malien-accuse-la-france-davoir-cherche-a-diviser-le-mali","status":"publish","type":"post","link":"https:\/\/appsaf.apieproject.com\/news\/fr\/2022\/02\/19\/le-premier-ministre-malien-accuse-la-france-davoir-cherche-a-diviser-le-mali\/","title":{"rendered":"Le Premier ministre malien accuse la France d&rsquo;avoir cherch\u00e9 \u00e0 diviser le Mali"},"content":{"rendered":"<p>Choguel Kokalla Ma\u00efga, chef du gouvernement install\u00e9 par la junte arriv\u00e9e au pouvoir \u00e0 la faveur de deux putschs successifs en ao\u00fbt 2020 et juin 2021, s&rsquo;en est pris \u00e0 la France durant plus de 45 minutes, devant les diplomates r\u00e9unis \u00e0 sa demande \u00e0 la Primature, sans aller jusqu&rsquo;\u00e0 demander explicitement le retrait de la force antijihadiste Barkhane conduite par Paris.<\/p>\n","protected":false},"excerpt":{"rendered":"<p>Le Premier ministre malien Choguel Kokalla Ma\u00efga a accus\u00e9 lundi la France d&rsquo;avoir \u0153uvr\u00e9 \u00e0 la partition de son pays \u00e0 travers son engagement militaire, dans une nouvelle charge virulente devant des diplomates en poste \u00e0 Bamako.<\/p>\n","protected":false},"author":12963,"featured_media":1110,"comment_status":"open","ping_status":"open","sticky":false,"template":"","format":"standard","meta":{"footnotes":""},"categories":[67,69],"tags":[81,78,82],"class_list":{"0":"post-1113","1":"post","2":"type-post","3":"status-publish","4":"format-standard","5":"has-post-thumbnail","7":"category-actualites","8":"category-politique","9":"tag-actualites","10":"tag-apie-project-2","11":"tag-politique"},"yoast_head":"<!-- This site is optimized with the Yoast SEO plugin v24.4 - https:\/\/yoast.com\/wordpress\/plugins\/seo\/ -->\n<title>Le Premier ministre malien accuse la France d&#039;avoir cherch\u00e9 \u00e0 diviser le Mali - APIE NEWS<\/title>\n<meta name=\"robots\" content=\"index, follow, max-snippet:-1, max-image-preview:large, max-video-preview:-1\" \/>\n<link rel=\"canonical\" href=\"https:\/\/appsaf.apieproject.com\/news\/fr\/2022\/02\/19\/le-premier-ministre-malien-accuse-la-france-davoir-cherche-a-diviser-le-mali\/\" \/>\n<meta property=\"og:locale\" content=\"fr_FR\" \/>\n<meta property=\"og:type\" content=\"article\" \/>\n<meta property=\"og:title\" content=\"Le Premier ministre malien accuse la France d&#039;avoir cherch\u00e9 \u00e0 diviser le Mali - APIE NEWS\" \/>\n<meta property=\"og:description\" content=\"Le Premier ministre malien Choguel Kokalla Ma\u00efga a accus\u00e9 lundi la France d&#039;avoir \u0153uvr\u00e9 \u00e0 la partition de son pays \u00e0 travers son engagement militaire, dans une nouvelle charge virulente devant des diplomates en poste \u00e0 Bamako.\" \/>\n<meta property=\"og:url\" content=\"https:\/\/appsaf.apieproject.com\/news\/fr\/2022\/02\/19\/le-premier-ministre-malien-accuse-la-france-davoir-cherche-a-diviser-le-mali\/\" \/>\n<meta property=\"og:site_name\" content=\"APIE NEWS\" \/>\n<meta property=\"article:publisher\" content=\"https:\/\/facebook.com\/apieproject\" \/>\n<meta property=\"article:published_time\" content=\"2022-02-19T00:30:27+00:00\" \/>\n<meta property=\"article:modified_time\" content=\"2022-02-19T00:30:28+00:00\" \/>\n<meta property=\"og:image\" content=\"https:\/\/appsaf.apieproject.com\/news\/wp-content\/uploads\/sites\/29\/2022\/02\/57886031_303-9bbceb210d8d3ceb888d8c4a767ae549.jpg\" \/>\n\t<meta property=\"og:image:width\" content=\"700\" \/>\n\t<meta property=\"og:image:height\" content=\"394\" \/>\n\t<meta property=\"og:image:type\" content=\"image\/jpeg\" \/>\n<meta name=\"author\" content=\"staff\" \/>\n<meta name=\"twitter:card\" content=\"summary_large_image\" \/>\n<meta name=\"twitter:creator\" content=\"@apieproject\" \/>\n<meta name=\"twitter:site\" content=\"@apieproject\" \/>\n<meta name=\"twitter:label1\" content=\"\u00c9crit par\" \/>\n\t<meta name=\"twitter:data1\" content=\"staff\" \/>\n<script type=\"application\/ld+json\" class=\"yoast-schema-graph\">{\"@context\":\"https:\/\/schema.org\",\"@graph\":[{\"@type\":\"Article\",\"@id\":\"https:\/\/appsaf.apieproject.com\/news\/fr\/2022\/02\/19\/le-premier-ministre-malien-accuse-la-france-davoir-cherche-a-diviser-le-mali\/#article\",\"isPartOf\":{\"@id\":\"https:\/\/appsaf.apieproject.com\/news\/fr\/2022\/02\/19\/le-premier-ministre-malien-accuse-la-france-davoir-cherche-a-diviser-le-mali\/\"},\"author\":{\"name\":\"staff\",\"@id\":\"https:\/\/appsaf.apieproject.com\/news\/#\/schema\/person\/399517cac378948cd7b39086f9ddc2a7\"},\"headline\":\"Le Premier ministre malien accuse la France d&rsquo;avoir cherch\u00e9 \u00e0 diviser le Mali\",\"datePublished\":\"2022-02-19T00:30:27+00:00\",\"dateModified\":\"2022-02-19T00:30:28+00:00\",\"mainEntityOfPage\":{\"@id\":\"https:\/\/appsaf.apieproject.com\/news\/fr\/2022\/02\/19\/le-premier-ministre-malien-accuse-la-france-davoir-cherche-a-diviser-le-mali\/\"},\"wordCount\":73,\"commentCount\":0,\"publisher\":{\"@id\":\"https:\/\/appsaf.apieproject.com\/news\/#organization\"},\"image\":{\"@id\":\"https:\/\/appsaf.apieproject.com\/news\/fr\/2022\/02\/19\/le-premier-ministre-malien-accuse-la-france-davoir-cherche-a-diviser-le-mali\/#primaryimage\"},\"thumbnailUrl\":\"https:\/\/appsaf.apieproject.com\/news\/wp-content\/uploads\/sites\/29\/2022\/02\/57886031_303-9bbceb210d8d3ceb888d8c4a767ae549.jpg\",\"keywords\":[\"actualites\",\"apie project\",\"politique\"],\"articleSection\":[\"Actualit\u00e9s\",\"Politique\"],\"inLanguage\":\"fr-FR\",\"potentialAction\":[{\"@type\":\"CommentAction\",\"name\":\"Comment\",\"target\":[\"https:\/\/appsaf.apieproject.com\/news\/fr\/2022\/02\/19\/le-premier-ministre-malien-accuse-la-france-davoir-cherche-a-diviser-le-mali\/#respond\"]}]},{\"@type\":\"WebPage\",\"@id\":\"https:\/\/appsaf.apieproject.com\/news\/fr\/2022\/02\/19\/le-premier-ministre-malien-accuse-la-france-davoir-cherche-a-diviser-le-mali\/\",\"url\":\"https:\/\/appsaf.apieproject.com\/news\/fr\/2022\/02\/19\/le-premier-ministre-malien-accuse-la-france-davoir-cherche-a-diviser-le-mali\/\",\"name\":\"Le Premier ministre malien accuse la France d'avoir cherch\u00e9 \u00e0 diviser le Mali - APIE NEWS\",\"isPartOf\":{\"@id\":\"https:\/\/appsaf.apieproject.com\/news\/#website\"},\"primaryImageOfPage\":{\"@id\":\"https:\/\/appsaf.apieproject.com\/news\/fr\/2022\/02\/19\/le-premier-ministre-malien-accuse-la-france-davoir-cherche-a-diviser-le-mali\/#primaryimage\"},\"image\":{\"@id\":\"https:\/\/appsaf.apieproject.com\/news\/fr\/2022\/02\/19\/le-premier-ministre-malien-accuse-la-france-davoir-cherche-a-diviser-le-mali\/#primaryimage\"},\"thumbnailUrl\":\"https:\/\/appsaf.apieproject.com\/news\/wp-content\/uploads\/sites\/29\/2022\/02\/57886031_303-9bbceb210d8d3ceb888d8c4a767ae549.jpg\",\"datePublished\":\"2022-02-19T00:30:27+00:00\",\"dateModified\":\"2022-02-19T00:30:28+00:00\",\"breadcrumb\":{\"@id\":\"https:\/\/appsaf.apieproject.com\/news\/fr\/2022\/02\/19\/le-premier-ministre-malien-accuse-la-france-davoir-cherche-a-diviser-le-mali\/#breadcrumb\"},\"inLanguage\":\"fr-FR\",\"potentialAction\":[{\"@type\":\"ReadAction\",\"target\":[\"https:\/\/appsaf.apieproject.com\/news\/fr\/2022\/02\/19\/le-premier-ministre-malien-accuse-la-france-davoir-cherche-a-diviser-le-mali\/\"]}]},{\"@type\":\"ImageObject\",\"inLanguage\":\"fr-FR\",\"@id\":\"https:\/\/appsaf.apieproject.com\/news\/fr\/2022\/02\/19\/le-premier-ministre-malien-accuse-la-france-davoir-cherche-a-diviser-le-mali\/#primaryimage\",\"url\":\"https:\/\/appsaf.apieproject.com\/news\/wp-content\/uploads\/sites\/29\/2022\/02\/57886031_303-9bbceb210d8d3ceb888d8c4a767ae549.jpg\",\"contentUrl\":\"https:\/\/appsaf.apieproject.com\/news\/wp-content\/uploads\/sites\/29\/2022\/02\/57886031_303-9bbceb210d8d3ceb888d8c4a767ae549.jpg\",\"width\":700,\"height\":394},{\"@type\":\"BreadcrumbList\",\"@id\":\"https:\/\/appsaf.apieproject.com\/news\/fr\/2022\/02\/19\/le-premier-ministre-malien-accuse-la-france-davoir-cherche-a-diviser-le-mali\/#breadcrumb\",\"itemListElement\":[{\"@type\":\"ListItem\",\"position\":1,\"name\":\"Home\",\"item\":\"https:\/\/appsaf.apieproject.com\/news\/fr\/home\/\"},{\"@type\":\"ListItem\",\"position\":2,\"name\":\"Le Premier ministre malien accuse la France d&#8217;avoir cherch\u00e9 \u00e0 diviser le Mali\"}]},{\"@type\":\"WebSite\",\"@id\":\"https:\/\/appsaf.apieproject.com\/news\/#website\",\"url\":\"https:\/\/appsaf.apieproject.com\/news\/\",\"name\":\"APIE NEWS\",\"description\":\"PANAFRICANISM NEWS PORTAL\",\"publisher\":{\"@id\":\"https:\/\/appsaf.apieproject.com\/news\/#organization\"},\"potentialAction\":[{\"@type\":\"SearchAction\",\"target\":{\"@type\":\"EntryPoint\",\"urlTemplate\":\"https:\/\/appsaf.apieproject.com\/news\/?s={search_term_string}\"},\"query-input\":{\"@type\":\"PropertyValueSpecification\",\"valueRequired\":true,\"valueName\":\"search_term_string\"}}],\"inLanguage\":\"fr-FR\"},{\"@type\":\"Organization\",\"@id\":\"https:\/\/appsaf.apieproject.com\/news\/#organization\",\"name\":\"APIE PROJECT\",\"url\":\"https:\/\/appsaf.apieproject.com\/news\/\",\"logo\":{\"@type\":\"ImageObject\",\"inLanguage\":\"fr-FR\",\"@id\":\"https:\/\/appsaf.apieproject.com\/news\/#\/schema\/logo\/image\/\",\"url\":\"https:\/\/appsaf.apieproject.com\/news\/wp-content\/uploads\/sites\/29\/2022\/07\/logo-R-TransparentBackground.png\",\"contentUrl\":\"https:\/\/appsaf.apieproject.com\/news\/wp-content\/uploads\/sites\/29\/2022\/07\/logo-R-TransparentBackground.png\",\"width\":512,\"height\":512,\"caption\":\"APIE PROJECT\"},\"image\":{\"@id\":\"https:\/\/appsaf.apieproject.com\/news\/#\/schema\/logo\/image\/\"},\"sameAs\":[\"https:\/\/facebook.com\/apieproject\",\"https:\/\/x.com\/apieproject\"]},{\"@type\":\"Person\",\"@id\":\"https:\/\/appsaf.apieproject.com\/news\/#\/schema\/person\/399517cac378948cd7b39086f9ddc2a7\",\"name\":\"staff\",\"image\":{\"@type\":\"ImageObject\",\"inLanguage\":\"fr-FR\",\"@id\":\"https:\/\/appsaf.apieproject.com\/news\/#\/schema\/person\/image\/\",\"url\":\"https:\/\/secure.gravatar.com\/avatar\/5386283c5db150efe261184bd59f072a?s=96&d=mm&r=g\",\"contentUrl\":\"https:\/\/secure.gravatar.com\/avatar\/5386283c5db150efe261184bd59f072a?s=96&d=mm&r=g\",\"caption\":\"staff\"},\"url\":\"https:\/\/appsaf.apieproject.com\/news\/fr\/author\/staff\/\"}]}<\/script>\n<!-- \/ Yoast SEO plugin. -->","yoast_head_json":{"title":"Le Premier ministre malien accuse la France d'avoir cherch\u00e9 \u00e0 diviser le Mali - APIE NEWS","robots":{"index":"index","follow":"follow","max-snippet":"max-snippet:-1","max-image-preview":"max-image-preview:large","max-video-preview":"max-video-preview:-1"},"canonical":"https:\/\/appsaf.apieproject.com\/news\/fr\/2022\/02\/19\/le-premier-ministre-malien-accuse-la-france-davoir-cherche-a-diviser-le-mali\/","og_locale":"fr_FR","og_type":"article","og_title":"Le Premier ministre malien accuse la France d'avoir cherch\u00e9 \u00e0 diviser le Mali - APIE NEWS","og_description":"Le Premier ministre malien Choguel Kokalla Ma\u00efga a accus\u00e9 lundi la France d'avoir \u0153uvr\u00e9 \u00e0 la partition de son pays \u00e0 travers son engagement militaire, dans une nouvelle charge virulente devant des diplomates en poste \u00e0 Bamako.","og_url":"https:\/\/appsaf.apieproject.com\/news\/fr\/2022\/02\/19\/le-premier-ministre-malien-accuse-la-france-davoir-cherche-a-diviser-le-mali\/","og_site_name":"APIE NEWS","article_publisher":"https:\/\/facebook.com\/apieproject","article_published_time":"2022-02-19T00:30:27+00:00","article_modified_time":"2022-02-19T00:30:28+00:00","og_image":[{"width":700,"height":394,"url":"https:\/\/appsaf.apieproject.com\/news\/wp-content\/uploads\/sites\/29\/2022\/02\/57886031_303-9bbceb210d8d3ceb888d8c4a767ae549.jpg","type":"image\/jpeg"}],"author":"staff","twitter_card":"summary_large_image","twitter_creator":"@apieproject","twitter_site":"@apieproject","twitter_misc":{"\u00c9crit par":"staff"},"schema":{"@context":"https:\/\/schema.org","@graph":[{"@type":"Article","@id":"https:\/\/appsaf.apieproject.com\/news\/fr\/2022\/02\/19\/le-premier-ministre-malien-accuse-la-france-davoir-cherche-a-diviser-le-mali\/#article","isPartOf":{"@id":"https:\/\/appsaf.apieproject.com\/news\/fr\/2022\/02\/19\/le-premier-ministre-malien-accuse-la-france-davoir-cherche-a-diviser-le-mali\/"},"author":{"name":"staff","@id":"https:\/\/appsaf.apieproject.com\/news\/#\/schema\/person\/399517cac378948cd7b39086f9ddc2a7"},"headline":"Le Premier ministre malien accuse la France d&rsquo;avoir cherch\u00e9 \u00e0 diviser le Mali","datePublished":"2022-02-19T00:30:27+00:00","dateModified":"2022-02-19T00:30:28+00:00","mainEntityOfPage":{"@id":"https:\/\/appsaf.apieproject.com\/news\/fr\/2022\/02\/19\/le-premier-ministre-malien-accuse-la-france-davoir-cherche-a-diviser-le-mali\/"},"wordCount":73,"commentCount":0,"publisher":{"@id":"https:\/\/appsaf.apieproject.com\/news\/#organization"},"image":{"@id":"https:\/\/appsaf.apieproject.com\/news\/fr\/2022\/02\/19\/le-premier-ministre-malien-accuse-la-france-davoir-cherche-a-diviser-le-mali\/#primaryimage"},"thumbnailUrl":"https:\/\/appsaf.apieproject.com\/news\/wp-content\/uploads\/sites\/29\/2022\/02\/57886031_303-9bbceb210d8d3ceb888d8c4a767ae549.jpg","keywords":["actualites","apie project","politique"],"articleSection":["Actualit\u00e9s","Politique"],"inLanguage":"fr-FR","potentialAction":[{"@type":"CommentAction","name":"Comment","target":["https:\/\/appsaf.apieproject.com\/news\/fr\/2022\/02\/19\/le-premier-ministre-malien-accuse-la-france-davoir-cherche-a-diviser-le-mali\/#respond"]}]},{"@type":"WebPage","@id":"https:\/\/appsaf.apieproject.com\/news\/fr\/2022\/02\/19\/le-premier-ministre-malien-accuse-la-france-davoir-cherche-a-diviser-le-mali\/","url":"https:\/\/appsaf.apieproject.com\/news\/fr\/2022\/02\/19\/le-premier-ministre-malien-accuse-la-france-davoir-cherche-a-diviser-le-mali\/","name":"Le Premier ministre malien accuse la France d'avoir cherch\u00e9 \u00e0 diviser le Mali - APIE NEWS","isPartOf":{"@id":"https:\/\/appsaf.apieproject.com\/news\/#website"},"primaryImageOfPage":{"@id":"https:\/\/appsaf.apieproject.com\/news\/fr\/2022\/02\/19\/le-premier-ministre-malien-accuse-la-france-davoir-cherche-a-diviser-le-mali\/#primaryimage"},"image":{"@id":"https:\/\/appsaf.apieproject.com\/news\/fr\/2022\/02\/19\/le-premier-ministre-malien-accuse-la-france-davoir-cherche-a-diviser-le-mali\/#primaryimage"},"thumbnailUrl":"https:\/\/appsaf.apieproject.com\/news\/wp-content\/uploads\/sites\/29\/2022\/02\/57886031_303-9bbceb210d8d3ceb888d8c4a767ae549.jpg","datePublished":"2022-02-19T00:30:27+00:00","dateModified":"2022-02-19T00:30:28+00:00","breadcrumb":{"@id":"https:\/\/appsaf.apieproject.com\/news\/fr\/2022\/02\/19\/le-premier-ministre-malien-accuse-la-france-davoir-cherche-a-diviser-le-mali\/#breadcrumb"},"inLanguage":"fr-FR","potentialAction":[{"@type":"ReadAction","target":["https:\/\/appsaf.apieproject.com\/news\/fr\/2022\/02\/19\/le-premier-ministre-malien-accuse-la-france-davoir-cherche-a-diviser-le-mali\/"]}]},{"@type":"ImageObject","inLanguage":"fr-FR","@id":"https:\/\/appsaf.apieproject.com\/news\/fr\/2022\/02\/19\/le-premier-ministre-malien-accuse-la-france-davoir-cherche-a-diviser-le-mali\/#primaryimage","url":"https:\/\/appsaf.apieproject.com\/news\/wp-content\/uploads\/sites\/29\/2022\/02\/57886031_303-9bbceb210d8d3ceb888d8c4a767ae549.jpg","contentUrl":"https:\/\/appsaf.apieproject.com\/news\/wp-content\/uploads\/sites\/29\/2022\/02\/57886031_303-9bbceb210d8d3ceb888d8c4a767ae549.jpg","width":700,"height":394},{"@type":"BreadcrumbList","@id":"https:\/\/appsaf.apieproject.com\/news\/fr\/2022\/02\/19\/le-premier-ministre-malien-accuse-la-france-davoir-cherche-a-diviser-le-mali\/#breadcrumb","itemListElement":[{"@type":"ListItem","position":1,"name":"Home","item":"https:\/\/appsaf.apieproject.com\/news\/fr\/home\/"},{"@type":"ListItem","position":2,"name":"Le Premier ministre malien accuse la France d&#8217;avoir cherch\u00e9 \u00e0 diviser le Mali"}]},{"@type":"WebSite","@id":"https:\/\/appsaf.apieproject.com\/news\/#website","url":"https:\/\/appsaf.apieproject.com\/news\/","name":"APIE NEWS","description":"PANAFRICANISM NEWS PORTAL","publisher":{"@id":"https:\/\/appsaf.apieproject.com\/news\/#organization"},"potentialAction":[{"@type":"SearchAction","target":{"@type":"EntryPoint","urlTemplate":"https:\/\/appsaf.apieproject.com\/news\/?s={search_term_string}"},"query-input":{"@type":"PropertyValueSpecification","valueRequired":true,"valueName":"search_term_string"}}],"inLanguage":"fr-FR"},{"@type":"Organization","@id":"https:\/\/appsaf.apieproject.com\/news\/#organization","name":"APIE PROJECT","url":"https:\/\/appsaf.apieproject.com\/news\/","logo":{"@type":"ImageObject","inLanguage":"fr-FR","@id":"https:\/\/appsaf.apieproject.com\/news\/#\/schema\/logo\/image\/","url":"https:\/\/appsaf.apieproject.com\/news\/wp-content\/uploads\/sites\/29\/2022\/07\/logo-R-TransparentBackground.png","contentUrl":"https:\/\/appsaf.apieproject.com\/news\/wp-content\/uploads\/sites\/29\/2022\/07\/logo-R-TransparentBackground.png","width":512,"height":512,"caption":"APIE PROJECT"},"image":{"@id":"https:\/\/appsaf.apieproject.com\/news\/#\/schema\/logo\/image\/"},"sameAs":["https:\/\/facebook.com\/apieproject","https:\/\/x.com\/apieproject"]},{"@type":"Person","@id":"https:\/\/appsaf.apieproject.com\/news\/#\/schema\/person\/399517cac378948cd7b39086f9ddc2a7","name":"staff","image":{"@type":"ImageObject","inLanguage":"fr-FR","@id":"https:\/\/appsaf.apieproject.com\/news\/#\/schema\/person\/image\/","url":"https:\/\/secure.gravatar.com\/avatar\/5386283c5db150efe261184bd59f072a?s=96&d=mm&r=g","contentUrl":"https:\/\/secure.gravatar.com\/avatar\/5386283c5db150efe261184bd59f072a?s=96&d=mm&r=g","caption":"staff"},"url":"https:\/\/appsaf.apieproject.com\/news\/fr\/author\/staff\/"}]}},"_links":{"self":[{"href":"https:\/\/appsaf.apieproject.com\/news\/fr\/wp-json\/wp\/v2\/posts\/1113","targetHints":{"allow":["GET"]}}],"collection":[{"href":"https:\/\/appsaf.apieproject.com\/news\/fr\/wp-json\/wp\/v2\/posts"}],"about":[{"href":"https:\/\/appsaf.apieproject.com\/news\/fr\/wp-json\/wp\/v2\/types\/post"}],"author":[{"embeddable":true,"href":"https:\/\/appsaf.apieproject.com\/news\/fr\/wp-json\/wp\/v2\/users\/12963"}],"replies":[{"embeddable":true,"href":"https:\/\/appsaf.apieproject.com\/news\/fr\/wp-json\/wp\/v2\/comments?post=1113"}],"version-history":[{"count":1,"href":"https:\/\/appsaf.apieproject.com\/news\/fr\/wp-json\/wp\/v2\/posts\/1113\/revisions"}],"predecessor-version":[{"id":1177,"href":"https:\/\/appsaf.apieproject.com\/news\/fr\/wp-json\/wp\/v2\/posts\/1113\/revisions\/1177"}],"wp:featuredmedia":[{"embeddable":true,"href":"https:\/\/appsaf.apieproject.com\/news\/fr\/wp-json\/wp\/v2\/media\/1110"}],"wp:attachment":[{"href":"https:\/\/appsaf.apieproject.com\/news\/fr\/wp-json\/wp\/v2\/media?parent=1113"}],"wp:term":[{"taxonomy":"category","embeddable":true,"href":"https:\/\/appsaf.apieproject.com\/news\/fr\/wp-json\/wp\/v2\/categories?post=1113"},{"taxonomy":"post_tag","embeddable":true,"href":"https:\/\/appsaf.apieproject.com\/news\/fr\/wp-json\/wp\/v2\/tags?post=1113"}],"curies":[{"name":"wp","href":"https:\/\/api.w.org\/{rel}","templated":true}]}}