{"id":12919,"date":"2022-07-30T07:33:17","date_gmt":"2022-07-30T07:33:17","guid":{"rendered":"https:\/\/appsaf.apieproject.com\/news\/?p=12919"},"modified":"2022-07-30T07:33:18","modified_gmt":"2022-07-30T07:33:18","slug":"des-parures-ethniques-et-ethiques-inedites","status":"publish","type":"post","link":"https:\/\/appsaf.apieproject.com\/news\/fr\/2022\/07\/30\/des-parures-ethniques-et-ethiques-inedites\/","title":{"rendered":"Des parures ethniques et \u00e9thiques in\u00e9dites"},"content":{"rendered":"<p>Mettre en lumi\u00e8re les techniques artisanales traditionnelles, tout en y apportant une touche de modernit\u00e9: voil\u00e0 le concept qui a sous-tendu la cr\u00e9ation, d\u00e9but juin, du magasin en ligne Nek Lacess, v\u00e9ritable ode au collier ethnique sous toutes ses formes. En proposant des parures africaines tour \u00e0 tour excentriques, magistrales ou plus discr\u00e8tes, sa cr\u00e9atrice Emilienne Angle a souhait\u00e9 faire conna\u00eetre la valeur artistique d\u2019un savoir-faire ancestral, dans une relation d\u2019\u00e9gal \u00e0 \u00e9gal avec des cr\u00e9ateurs finement s\u00e9lectionn\u00e9s. \u00abJ\u2019avais \u00e0 c\u0153ur de proposer des bijoux uniques, que l\u2019on ne voyait nulle part ailleurs, mais aussi offrir un d\u00e9bouch\u00e9 commercial \u00e0 tous ces artisans \u00e9m\u00e9rites, qui d\u2019ordinaire sont invisibles.\u00bb<\/p>\n<p>\u00abUne ligne esth\u00e9tique pouss\u00e9e\u00bb<br \/>\nPassionn\u00e9e d\u2019art africain, la Lausannoise d\u2019origine ivoirienne a \u00e9troitement travaill\u00e9 avec des cr\u00e9ateurs situ\u00e9s \u00e0 l\u2019ouest et au centre du continent, ainsi qu\u2019en Namibie et en Afrique du Sud, en allant personnellement les rencontrer sur le terrain. \u00abSur la base de ce que j\u2019observais dans les mus\u00e9es ou dans les magazines, j\u2019ai fait des dessins, expliqu\u00e9 ce que je voulais comme type de bijoux. Certains artisans ont ensuite ajout\u00e9 leur touche personnelle. Mon crit\u00e8re principal \u00e9tait d\u2019obtenir, au final, un produit d\u2019une qualit\u00e9 irr\u00e9prochable avec une ligne esth\u00e9tique pouss\u00e9e.\u00bb<\/p>\n<p>Qu\u2019ils se pr\u00e9sentent sous la forme de sautoirs ou de tours du cou, tous les colliers ont \u00e9t\u00e9 choisis sur la base du mariage entre diff\u00e9rents mat\u00e9riaux. Les perles de disques vinyles recycl\u00e9s utilis\u00e9es par de nombreux artisans africains c\u00f4toient ainsi le bronze ou les pierres semi-pr\u00e9cieuses, la corne s\u2019allie au bois, les cauris \u2013 de petits coquillages \u2013 accompagn\u00e9s de perles de rocaille noires se muent en cascade sur le buste. Et que dire de ces \u00e9lytres de scarab\u00e9e \u2013 une partie des ailes qui se d\u00e9tache naturellement lors de la mue de l\u2019animal \u2013 agr\u00e9ment\u00e9s de turquoises\u2026<\/p>\n<p>Si cette premi\u00e8re s\u00e9lection de pi\u00e8ces \u00e9tait une fa\u00e7on de rendre hommage \u00e0 ses origines africaines, Emilienne Angle compte \u00e9toffer \u00e0 l\u2019avenir sa collection avec des parures originaires d\u2019Am\u00e9rique du Nord et du Sud, puis d\u2019Afrique du Nord. De quoi r\u00e9jouir encore un peu plus les passionn\u00e9s de bijoux d\u2019ailleurs\u2026<\/p>\n","protected":false},"excerpt":{"rendered":"<p>Exub\u00e9rants ou discrets, les colliers africains dessin\u00e9s ou s\u00e9lectionn\u00e9s par la Lausannoise Emilienne Angle allient des crit\u00e8res de qualit\u00e9 et d\u2019\u00e9quit\u00e9 avec les artisans<\/p>\n","protected":false},"author":12963,"featured_media":13382,"comment_status":"open","ping_status":"open","sticky":false,"template":"","format":"standard","meta":{"footnotes":""},"categories":[57,63,59],"tags":[78,95,94],"class_list":{"0":"post-12919","1":"post","2":"type-post","3":"status-publish","4":"format-standard","5":"has-post-thumbnail","7":"category-mode","8":"category-mode-de-vie","9":"category-speciaux","10":"tag-apie-project-2","11":"tag-mode","12":"tag-mode-de-vie"},"yoast_head":"<!-- This site is optimized with the Yoast SEO plugin v24.4 - https:\/\/yoast.com\/wordpress\/plugins\/seo\/ -->\n<title>Des parures ethniques et \u00e9thiques in\u00e9dites - APIE NEWS<\/title>\n<meta name=\"robots\" content=\"index, follow, max-snippet:-1, max-image-preview:large, max-video-preview:-1\" \/>\n<link rel=\"canonical\" href=\"https:\/\/appsaf.apieproject.com\/news\/fr\/2022\/07\/30\/des-parures-ethniques-et-ethiques-inedites\/\" \/>\n<meta property=\"og:locale\" content=\"fr_FR\" \/>\n<meta property=\"og:type\" content=\"article\" \/>\n<meta property=\"og:title\" content=\"Des parures ethniques et \u00e9thiques in\u00e9dites - APIE NEWS\" \/>\n<meta property=\"og:description\" content=\"Exub\u00e9rants ou discrets, les colliers africains dessin\u00e9s ou s\u00e9lectionn\u00e9s par la Lausannoise Emilienne Angle allient des crit\u00e8res de qualit\u00e9 et d\u2019\u00e9quit\u00e9 avec les artisans\" \/>\n<meta property=\"og:url\" content=\"https:\/\/appsaf.apieproject.com\/news\/fr\/2022\/07\/30\/des-parures-ethniques-et-ethiques-inedites\/\" \/>\n<meta property=\"og:site_name\" content=\"APIE NEWS\" \/>\n<meta property=\"article:publisher\" content=\"https:\/\/facebook.com\/apieproject\" \/>\n<meta property=\"article:published_time\" content=\"2022-07-30T07:33:17+00:00\" \/>\n<meta property=\"article:modified_time\" content=\"2022-07-30T07:33:18+00:00\" \/>\n<meta property=\"og:image\" content=\"https:\/\/appsaf.apieproject.com\/news\/wp-content\/uploads\/sites\/29\/2022\/07\/Necklace.jpg\" \/>\n\t<meta property=\"og:image:width\" content=\"755\" \/>\n\t<meta property=\"og:image:height\" content=\"1131\" \/>\n\t<meta property=\"og:image:type\" content=\"image\/jpeg\" \/>\n<meta name=\"author\" content=\"staff\" \/>\n<meta name=\"twitter:card\" content=\"summary_large_image\" \/>\n<meta name=\"twitter:creator\" content=\"@apieproject\" \/>\n<meta name=\"twitter:site\" content=\"@apieproject\" \/>\n<meta name=\"twitter:label1\" content=\"\u00c9crit par\" \/>\n\t<meta name=\"twitter:data1\" content=\"staff\" \/>\n\t<meta name=\"twitter:label2\" content=\"Dur\u00e9e de lecture estim\u00e9e\" \/>\n\t<meta name=\"twitter:data2\" content=\"2 minutes\" \/>\n<script type=\"application\/ld+json\" class=\"yoast-schema-graph\">{\"@context\":\"https:\/\/schema.org\",\"@graph\":[{\"@type\":\"Article\",\"@id\":\"https:\/\/appsaf.apieproject.com\/news\/fr\/2022\/07\/30\/des-parures-ethniques-et-ethiques-inedites\/#article\",\"isPartOf\":{\"@id\":\"https:\/\/appsaf.apieproject.com\/news\/fr\/2022\/07\/30\/des-parures-ethniques-et-ethiques-inedites\/\"},\"author\":{\"name\":\"staff\",\"@id\":\"https:\/\/appsaf.apieproject.com\/news\/#\/schema\/person\/399517cac378948cd7b39086f9ddc2a7\"},\"headline\":\"Des parures ethniques et \u00e9thiques in\u00e9dites\",\"datePublished\":\"2022-07-30T07:33:17+00:00\",\"dateModified\":\"2022-07-30T07:33:18+00:00\",\"mainEntityOfPage\":{\"@id\":\"https:\/\/appsaf.apieproject.com\/news\/fr\/2022\/07\/30\/des-parures-ethniques-et-ethiques-inedites\/\"},\"wordCount\":408,\"commentCount\":0,\"publisher\":{\"@id\":\"https:\/\/appsaf.apieproject.com\/news\/#organization\"},\"image\":{\"@id\":\"https:\/\/appsaf.apieproject.com\/news\/fr\/2022\/07\/30\/des-parures-ethniques-et-ethiques-inedites\/#primaryimage\"},\"thumbnailUrl\":\"https:\/\/appsaf.apieproject.com\/news\/wp-content\/uploads\/sites\/29\/2022\/07\/Necklace.jpg\",\"keywords\":[\"apie project\",\"mode\",\"mode de vie\"],\"articleSection\":[\"Mode\",\"Mode de Vie\",\"Sp\u00e9ciaux\"],\"inLanguage\":\"fr-FR\",\"potentialAction\":[{\"@type\":\"CommentAction\",\"name\":\"Comment\",\"target\":[\"https:\/\/appsaf.apieproject.com\/news\/fr\/2022\/07\/30\/des-parures-ethniques-et-ethiques-inedites\/#respond\"]}]},{\"@type\":\"WebPage\",\"@id\":\"https:\/\/appsaf.apieproject.com\/news\/fr\/2022\/07\/30\/des-parures-ethniques-et-ethiques-inedites\/\",\"url\":\"https:\/\/appsaf.apieproject.com\/news\/fr\/2022\/07\/30\/des-parures-ethniques-et-ethiques-inedites\/\",\"name\":\"Des parures ethniques et \u00e9thiques in\u00e9dites - APIE NEWS\",\"isPartOf\":{\"@id\":\"https:\/\/appsaf.apieproject.com\/news\/#website\"},\"primaryImageOfPage\":{\"@id\":\"https:\/\/appsaf.apieproject.com\/news\/fr\/2022\/07\/30\/des-parures-ethniques-et-ethiques-inedites\/#primaryimage\"},\"image\":{\"@id\":\"https:\/\/appsaf.apieproject.com\/news\/fr\/2022\/07\/30\/des-parures-ethniques-et-ethiques-inedites\/#primaryimage\"},\"thumbnailUrl\":\"https:\/\/appsaf.apieproject.com\/news\/wp-content\/uploads\/sites\/29\/2022\/07\/Necklace.jpg\",\"datePublished\":\"2022-07-30T07:33:17+00:00\",\"dateModified\":\"2022-07-30T07:33:18+00:00\",\"breadcrumb\":{\"@id\":\"https:\/\/appsaf.apieproject.com\/news\/fr\/2022\/07\/30\/des-parures-ethniques-et-ethiques-inedites\/#breadcrumb\"},\"inLanguage\":\"fr-FR\",\"potentialAction\":[{\"@type\":\"ReadAction\",\"target\":[\"https:\/\/appsaf.apieproject.com\/news\/fr\/2022\/07\/30\/des-parures-ethniques-et-ethiques-inedites\/\"]}]},{\"@type\":\"ImageObject\",\"inLanguage\":\"fr-FR\",\"@id\":\"https:\/\/appsaf.apieproject.com\/news\/fr\/2022\/07\/30\/des-parures-ethniques-et-ethiques-inedites\/#primaryimage\",\"url\":\"https:\/\/appsaf.apieproject.com\/news\/wp-content\/uploads\/sites\/29\/2022\/07\/Necklace.jpg\",\"contentUrl\":\"https:\/\/appsaf.apieproject.com\/news\/wp-content\/uploads\/sites\/29\/2022\/07\/Necklace.jpg\",\"width\":755,\"height\":1131},{\"@type\":\"BreadcrumbList\",\"@id\":\"https:\/\/appsaf.apieproject.com\/news\/fr\/2022\/07\/30\/des-parures-ethniques-et-ethiques-inedites\/#breadcrumb\",\"itemListElement\":[{\"@type\":\"ListItem\",\"position\":1,\"name\":\"Home\",\"item\":\"https:\/\/appsaf.apieproject.com\/news\/fr\/home\/\"},{\"@type\":\"ListItem\",\"position\":2,\"name\":\"Des parures ethniques et \u00e9thiques in\u00e9dites\"}]},{\"@type\":\"WebSite\",\"@id\":\"https:\/\/appsaf.apieproject.com\/news\/#website\",\"url\":\"https:\/\/appsaf.apieproject.com\/news\/\",\"name\":\"APIE NEWS\",\"description\":\"PANAFRICANISM NEWS PORTAL\",\"publisher\":{\"@id\":\"https:\/\/appsaf.apieproject.com\/news\/#organization\"},\"potentialAction\":[{\"@type\":\"SearchAction\",\"target\":{\"@type\":\"EntryPoint\",\"urlTemplate\":\"https:\/\/appsaf.apieproject.com\/news\/?s={search_term_string}\"},\"query-input\":{\"@type\":\"PropertyValueSpecification\",\"valueRequired\":true,\"valueName\":\"search_term_string\"}}],\"inLanguage\":\"fr-FR\"},{\"@type\":\"Organization\",\"@id\":\"https:\/\/appsaf.apieproject.com\/news\/#organization\",\"name\":\"APIE PROJECT\",\"url\":\"https:\/\/appsaf.apieproject.com\/news\/\",\"logo\":{\"@type\":\"ImageObject\",\"inLanguage\":\"fr-FR\",\"@id\":\"https:\/\/appsaf.apieproject.com\/news\/#\/schema\/logo\/image\/\",\"url\":\"https:\/\/appsaf.apieproject.com\/news\/wp-content\/uploads\/sites\/29\/2022\/07\/logo-R-TransparentBackground.png\",\"contentUrl\":\"https:\/\/appsaf.apieproject.com\/news\/wp-content\/uploads\/sites\/29\/2022\/07\/logo-R-TransparentBackground.png\",\"width\":512,\"height\":512,\"caption\":\"APIE PROJECT\"},\"image\":{\"@id\":\"https:\/\/appsaf.apieproject.com\/news\/#\/schema\/logo\/image\/\"},\"sameAs\":[\"https:\/\/facebook.com\/apieproject\",\"https:\/\/x.com\/apieproject\"]},{\"@type\":\"Person\",\"@id\":\"https:\/\/appsaf.apieproject.com\/news\/#\/schema\/person\/399517cac378948cd7b39086f9ddc2a7\",\"name\":\"staff\",\"image\":{\"@type\":\"ImageObject\",\"inLanguage\":\"fr-FR\",\"@id\":\"https:\/\/appsaf.apieproject.com\/news\/#\/schema\/person\/image\/\",\"url\":\"https:\/\/secure.gravatar.com\/avatar\/5386283c5db150efe261184bd59f072a?s=96&d=mm&r=g\",\"contentUrl\":\"https:\/\/secure.gravatar.com\/avatar\/5386283c5db150efe261184bd59f072a?s=96&d=mm&r=g\",\"caption\":\"staff\"},\"url\":\"https:\/\/appsaf.apieproject.com\/news\/fr\/author\/staff\/\"}]}<\/script>\n<!-- \/ Yoast SEO plugin. -->","yoast_head_json":{"title":"Des parures ethniques et \u00e9thiques in\u00e9dites - APIE NEWS","robots":{"index":"index","follow":"follow","max-snippet":"max-snippet:-1","max-image-preview":"max-image-preview:large","max-video-preview":"max-video-preview:-1"},"canonical":"https:\/\/appsaf.apieproject.com\/news\/fr\/2022\/07\/30\/des-parures-ethniques-et-ethiques-inedites\/","og_locale":"fr_FR","og_type":"article","og_title":"Des parures ethniques et \u00e9thiques in\u00e9dites - APIE NEWS","og_description":"Exub\u00e9rants ou discrets, les colliers africains dessin\u00e9s ou s\u00e9lectionn\u00e9s par la Lausannoise Emilienne Angle allient des crit\u00e8res de qualit\u00e9 et d\u2019\u00e9quit\u00e9 avec les artisans","og_url":"https:\/\/appsaf.apieproject.com\/news\/fr\/2022\/07\/30\/des-parures-ethniques-et-ethiques-inedites\/","og_site_name":"APIE NEWS","article_publisher":"https:\/\/facebook.com\/apieproject","article_published_time":"2022-07-30T07:33:17+00:00","article_modified_time":"2022-07-30T07:33:18+00:00","og_image":[{"width":755,"height":1131,"url":"https:\/\/appsaf.apieproject.com\/news\/wp-content\/uploads\/sites\/29\/2022\/07\/Necklace.jpg","type":"image\/jpeg"}],"author":"staff","twitter_card":"summary_large_image","twitter_creator":"@apieproject","twitter_site":"@apieproject","twitter_misc":{"\u00c9crit par":"staff","Dur\u00e9e de lecture estim\u00e9e":"2 minutes"},"schema":{"@context":"https:\/\/schema.org","@graph":[{"@type":"Article","@id":"https:\/\/appsaf.apieproject.com\/news\/fr\/2022\/07\/30\/des-parures-ethniques-et-ethiques-inedites\/#article","isPartOf":{"@id":"https:\/\/appsaf.apieproject.com\/news\/fr\/2022\/07\/30\/des-parures-ethniques-et-ethiques-inedites\/"},"author":{"name":"staff","@id":"https:\/\/appsaf.apieproject.com\/news\/#\/schema\/person\/399517cac378948cd7b39086f9ddc2a7"},"headline":"Des parures ethniques et \u00e9thiques in\u00e9dites","datePublished":"2022-07-30T07:33:17+00:00","dateModified":"2022-07-30T07:33:18+00:00","mainEntityOfPage":{"@id":"https:\/\/appsaf.apieproject.com\/news\/fr\/2022\/07\/30\/des-parures-ethniques-et-ethiques-inedites\/"},"wordCount":408,"commentCount":0,"publisher":{"@id":"https:\/\/appsaf.apieproject.com\/news\/#organization"},"image":{"@id":"https:\/\/appsaf.apieproject.com\/news\/fr\/2022\/07\/30\/des-parures-ethniques-et-ethiques-inedites\/#primaryimage"},"thumbnailUrl":"https:\/\/appsaf.apieproject.com\/news\/wp-content\/uploads\/sites\/29\/2022\/07\/Necklace.jpg","keywords":["apie project","mode","mode de vie"],"articleSection":["Mode","Mode de Vie","Sp\u00e9ciaux"],"inLanguage":"fr-FR","potentialAction":[{"@type":"CommentAction","name":"Comment","target":["https:\/\/appsaf.apieproject.com\/news\/fr\/2022\/07\/30\/des-parures-ethniques-et-ethiques-inedites\/#respond"]}]},{"@type":"WebPage","@id":"https:\/\/appsaf.apieproject.com\/news\/fr\/2022\/07\/30\/des-parures-ethniques-et-ethiques-inedites\/","url":"https:\/\/appsaf.apieproject.com\/news\/fr\/2022\/07\/30\/des-parures-ethniques-et-ethiques-inedites\/","name":"Des parures ethniques et \u00e9thiques in\u00e9dites - APIE NEWS","isPartOf":{"@id":"https:\/\/appsaf.apieproject.com\/news\/#website"},"primaryImageOfPage":{"@id":"https:\/\/appsaf.apieproject.com\/news\/fr\/2022\/07\/30\/des-parures-ethniques-et-ethiques-inedites\/#primaryimage"},"image":{"@id":"https:\/\/appsaf.apieproject.com\/news\/fr\/2022\/07\/30\/des-parures-ethniques-et-ethiques-inedites\/#primaryimage"},"thumbnailUrl":"https:\/\/appsaf.apieproject.com\/news\/wp-content\/uploads\/sites\/29\/2022\/07\/Necklace.jpg","datePublished":"2022-07-30T07:33:17+00:00","dateModified":"2022-07-30T07:33:18+00:00","breadcrumb":{"@id":"https:\/\/appsaf.apieproject.com\/news\/fr\/2022\/07\/30\/des-parures-ethniques-et-ethiques-inedites\/#breadcrumb"},"inLanguage":"fr-FR","potentialAction":[{"@type":"ReadAction","target":["https:\/\/appsaf.apieproject.com\/news\/fr\/2022\/07\/30\/des-parures-ethniques-et-ethiques-inedites\/"]}]},{"@type":"ImageObject","inLanguage":"fr-FR","@id":"https:\/\/appsaf.apieproject.com\/news\/fr\/2022\/07\/30\/des-parures-ethniques-et-ethiques-inedites\/#primaryimage","url":"https:\/\/appsaf.apieproject.com\/news\/wp-content\/uploads\/sites\/29\/2022\/07\/Necklace.jpg","contentUrl":"https:\/\/appsaf.apieproject.com\/news\/wp-content\/uploads\/sites\/29\/2022\/07\/Necklace.jpg","width":755,"height":1131},{"@type":"BreadcrumbList","@id":"https:\/\/appsaf.apieproject.com\/news\/fr\/2022\/07\/30\/des-parures-ethniques-et-ethiques-inedites\/#breadcrumb","itemListElement":[{"@type":"ListItem","position":1,"name":"Home","item":"https:\/\/appsaf.apieproject.com\/news\/fr\/home\/"},{"@type":"ListItem","position":2,"name":"Des parures ethniques et \u00e9thiques in\u00e9dites"}]},{"@type":"WebSite","@id":"https:\/\/appsaf.apieproject.com\/news\/#website","url":"https:\/\/appsaf.apieproject.com\/news\/","name":"APIE NEWS","description":"PANAFRICANISM NEWS PORTAL","publisher":{"@id":"https:\/\/appsaf.apieproject.com\/news\/#organization"},"potentialAction":[{"@type":"SearchAction","target":{"@type":"EntryPoint","urlTemplate":"https:\/\/appsaf.apieproject.com\/news\/?s={search_term_string}"},"query-input":{"@type":"PropertyValueSpecification","valueRequired":true,"valueName":"search_term_string"}}],"inLanguage":"fr-FR"},{"@type":"Organization","@id":"https:\/\/appsaf.apieproject.com\/news\/#organization","name":"APIE PROJECT","url":"https:\/\/appsaf.apieproject.com\/news\/","logo":{"@type":"ImageObject","inLanguage":"fr-FR","@id":"https:\/\/appsaf.apieproject.com\/news\/#\/schema\/logo\/image\/","url":"https:\/\/appsaf.apieproject.com\/news\/wp-content\/uploads\/sites\/29\/2022\/07\/logo-R-TransparentBackground.png","contentUrl":"https:\/\/appsaf.apieproject.com\/news\/wp-content\/uploads\/sites\/29\/2022\/07\/logo-R-TransparentBackground.png","width":512,"height":512,"caption":"APIE PROJECT"},"image":{"@id":"https:\/\/appsaf.apieproject.com\/news\/#\/schema\/logo\/image\/"},"sameAs":["https:\/\/facebook.com\/apieproject","https:\/\/x.com\/apieproject"]},{"@type":"Person","@id":"https:\/\/appsaf.apieproject.com\/news\/#\/schema\/person\/399517cac378948cd7b39086f9ddc2a7","name":"staff","image":{"@type":"ImageObject","inLanguage":"fr-FR","@id":"https:\/\/appsaf.apieproject.com\/news\/#\/schema\/person\/image\/","url":"https:\/\/secure.gravatar.com\/avatar\/5386283c5db150efe261184bd59f072a?s=96&d=mm&r=g","contentUrl":"https:\/\/secure.gravatar.com\/avatar\/5386283c5db150efe261184bd59f072a?s=96&d=mm&r=g","caption":"staff"},"url":"https:\/\/appsaf.apieproject.com\/news\/fr\/author\/staff\/"}]}},"_links":{"self":[{"href":"https:\/\/appsaf.apieproject.com\/news\/fr\/wp-json\/wp\/v2\/posts\/12919","targetHints":{"allow":["GET"]}}],"collection":[{"href":"https:\/\/appsaf.apieproject.com\/news\/fr\/wp-json\/wp\/v2\/posts"}],"about":[{"href":"https:\/\/appsaf.apieproject.com\/news\/fr\/wp-json\/wp\/v2\/types\/post"}],"author":[{"embeddable":true,"href":"https:\/\/appsaf.apieproject.com\/news\/fr\/wp-json\/wp\/v2\/users\/12963"}],"replies":[{"embeddable":true,"href":"https:\/\/appsaf.apieproject.com\/news\/fr\/wp-json\/wp\/v2\/comments?post=12919"}],"version-history":[{"count":1,"href":"https:\/\/appsaf.apieproject.com\/news\/fr\/wp-json\/wp\/v2\/posts\/12919\/revisions"}],"predecessor-version":[{"id":13385,"href":"https:\/\/appsaf.apieproject.com\/news\/fr\/wp-json\/wp\/v2\/posts\/12919\/revisions\/13385"}],"wp:featuredmedia":[{"embeddable":true,"href":"https:\/\/appsaf.apieproject.com\/news\/fr\/wp-json\/wp\/v2\/media\/13382"}],"wp:attachment":[{"href":"https:\/\/appsaf.apieproject.com\/news\/fr\/wp-json\/wp\/v2\/media?parent=12919"}],"wp:term":[{"taxonomy":"category","embeddable":true,"href":"https:\/\/appsaf.apieproject.com\/news\/fr\/wp-json\/wp\/v2\/categories?post=12919"},{"taxonomy":"post_tag","embeddable":true,"href":"https:\/\/appsaf.apieproject.com\/news\/fr\/wp-json\/wp\/v2\/tags?post=12919"}],"curies":[{"name":"wp","href":"https:\/\/api.w.org\/{rel}","templated":true}]}}