{"id":13141,"date":"2022-07-30T01:55:59","date_gmt":"2022-07-30T01:55:59","guid":{"rendered":"https:\/\/appsaf.apieproject.com\/news\/?p=13141"},"modified":"2022-07-30T01:56:01","modified_gmt":"2022-07-30T01:56:01","slug":"james-barnor-un-geant-africain-de-la-photo","status":"publish","type":"post","link":"https:\/\/appsaf.apieproject.com\/news\/fr\/2022\/07\/30\/james-barnor-un-geant-africain-de-la-photo\/","title":{"rendered":"James Barnor, un g\u00e9ant africain de la photo"},"content":{"rendered":"<p>La premi\u00e8re grande r\u00e9trospective en France de James Barnor, photographe ghan\u00e9en, se d\u00e9couvre dans la grande tour Luma, de l&rsquo;architecte Frank Gehry, \u00e0 l&rsquo;occasion des Rencontres de la photographie \u00e0 Arles. Plus de 40 ans d&rsquo;images, pioch\u00e9es dans un fonds de 30 000 n\u00e9gatifs. Pour ce Portfolio, \u00ab Stories \u2013 1947-1987 \u00bb, James Barnor en dialoguant avec Matthieu Humery, commissaire de l&rsquo;exposition, a choisi une centaine de photos parmi ses images pr\u00e9f\u00e9r\u00e9es, dont quelques-unes qu&rsquo;il a red\u00e9couvertes. Au-del\u00e0 de cette exposition, les photographies et les documents associ\u00e9s entreront dans la collection de la Luma Foundation cr\u00e9\u00e9e par Maja Hoffman, pour rejoindre un vaste projet multidisciplinaire intitul\u00e9 les \u00ab Archives vivantes \u00bb. Si les deux tiers des images sont pr\u00e9sent\u00e9es sur les murs de l&rsquo;exposition, pour d\u00e9couvrir l&rsquo;ensemble des 100 photos choisies, il faut se plonger dans le superbe livre \u2013 portfolio \u00e9dit\u00e9 \u00e0 cette occasion*.<\/p>\n<p>\u00ab Des photographes de studio, il y en a eu en Afrique, mais James Barnor a r\u00e9ussi \u00e0 conserver l&rsquo;ensemble de ses archives, ce qui est rare, et de mani\u00e8re assez bien organis\u00e9e en plus \u00bb, observe Matthieu Humery. \u00ab Je me suis rendu compte que pour James, une bonne photo est une photo pour laquelle il avait quelque chose \u00e0 raconter. \u00c9videmment, il a r\u00e9alis\u00e9 de belles \u0153uvres, bien compos\u00e9es\u2026 Mais il me disait, non je pr\u00e9f\u00e8re celle-ci, j&rsquo;ai plus de choses \u00e0 raconter. Le titre, Portfolio Stories, est devenu \u00e9vident. On comprend bien qu&rsquo;\u00e0 chaque photo, une histoire se d\u00e9cline \u00bb, poursuit-il.<\/p>\n<p>Portraitiste et photojournaliste<br \/>\nCon\u00e7ue sur un d\u00e9roul\u00e9 chronologique, l&rsquo;exposition pr\u00e9sente en parall\u00e8le les photographies de James Barnor, des tirages originaux, des documents d&rsquo;\u00e9poque, des revues et des magazines pour lesquels il a collabor\u00e9.<\/p>\n<p>\u00c0 93 ans, James Barnor a travers\u00e9 l&rsquo;histoire et partag\u00e9 sa vie entre deux pays, le Ghana et l&rsquo;Angleterre, deux capitales, Accra et Londres, \u00e0 une p\u00e9riode o\u00f9 cela n&rsquo;\u00e9tait pas courant. Le Ghana s&rsquo;appelait alors la C\u00f4te de l&rsquo;Or. Il a connu la p\u00e9riode coloniale, l&rsquo;ind\u00e9pendance, puis les ann\u00e9es joyeuses du Swinging London, ces ann\u00e9es soixante o\u00f9 Londres est devenue l&rsquo;\u00e9picentre de la sc\u00e8ne musicale et de la mode, avant de revenir \u00e0 Accra au d\u00e9but des ann\u00e9es 1970.<\/p>\n<p>Contemporain des deux grands photographes maliens Malick Sidib\u00e9 et Seydou Ke\u00efta, comme eux, James Barnor a commenc\u00e9 par le studio photo, en apprentissage chez un cousin, avant d&rsquo;ouvrir en 1953 son propre studio Ever Young, dans le quartier de Jamestown \u00e0 Accra. Comme son studio est petit, ses prises de vues se d\u00e9roulent aussi souvent en ext\u00e9rieur. Mariages, naissances, bapt\u00eames, passeports, r\u00e9ussites \u00e0 un examen, tous ces moments de vie s&rsquo;immortalisent devant l&rsquo;objectif. James Barnor multiplie les exp\u00e9riences. Il devient le premier photojournaliste ghan\u00e9en.<br \/>\nLucky James \u00ab la chance \u00bb, comme il se surnomme, croise la route du pr\u00e9sident du groupe de presse londonien Daily Mirror venu lancer le Daily Graphic au Ghana au d\u00e9but des ann\u00e9es 1950. Ce dernier cherche un photographe. James Barnor est l\u00e0. Il collabore aussi avec le c\u00e9l\u00e8bre magazine sud-africain et anti-apartheid Drum, qui d\u00e9fend la culture urbaine et noire. Avec Jim Bailey, fondateur de Drum, il tisse une amiti\u00e9 profonde. \u00c0 Accra, il couvre tout, la politique, le sport, s&rsquo;int\u00e9resse \u00e0 la musique. Le jour de l&rsquo;ind\u00e9pendance, le 6 mars 1957, James Barnor est l\u00e0 pour fixer sur la pellicule le nouveau Premier ministre et futur pr\u00e9sident de la R\u00e9publique du Ghana, Kwame Nkrumah (1909-1972), consid\u00e9r\u00e9 comme le p\u00e8re du panafricanisme. \u00ab Il r\u00e9ussit aussi cette sublime photo de la duchesse de Kent, avec son \u00e9ventail. La composition est vraiment int\u00e9ressante, en contre-plong\u00e9e, en premier plan le mari de la duchesse qui porte ce parapluie et elle dont on ne voit pas la figure, masqu\u00e9e par l&rsquo;\u00e9ventail. Cette photo marque le retrait des Britanniques sur le sol ghan\u00e9en. Le fait de ne pas voir son visage rend une autre dimension \u00e0 l&rsquo;image et la rend plus complexe \u00bb, note Matthieu Humery.<\/p>\n<p>En 1959, il prend le bateau pour l&rsquo;Angleterre pour une folle d\u00e9cennie. James Barnor poursuit alors un but, apprendre et se perfectionner. En parall\u00e8le de son travail en usine, il suit des cours du soir au London College of Printing et d\u00e9couvre les techniques de d\u00e9veloppement couleur au sein du laboratoire photographique Colour Processing Laboratory (CPL), devient assistant technique au Medway College of Art, \u00e0 Rochester, tout en continuant \u00e0 collaborer au magazine Drum. Londres est un terrain de jeux formidable. Il met en sc\u00e8ne avec humour le Ghan\u00e9en Mike Eghan, c\u00e9l\u00e8bre animateur de radio de la BBC \u00e0 Piccadilly Circus, ou Erlin Ibreck, l&rsquo;une de ses mod\u00e8les pr\u00e9f\u00e9r\u00e9es, posant \u00e0 Trafalgar Square, entour\u00e9e de pigeons ou, sur la m\u00eame place, Marie Hallowi, en t\u00eate \u00e0 t\u00eate avec le lion. Il prend aussi Mohamed Ali, de dos. Une photo qu&rsquo;il affectionne particuli\u00e8rement. On ne voit que le dos du boxeur, mais tout de suite on sait que c&rsquo;est lui. Il ne faut pas l&rsquo;oublier, \u00e0 cette \u00e9poque, aucun photographe noir ne pouvait photographier des mod\u00e8les blanches. James Barnor documente aussi la vie de la diaspora africaine \u00e0 travers des photos plus intimes, de soir\u00e9es ou des dimanches \u00e0 la campagne, avec ses amis.<\/p>\n","protected":false},"excerpt":{"rendered":"<p>N\u00e9 \u00e0 Accra en 1929, James Barnor n\u2019a jamais l\u00e2ch\u00e9 son appareil photo. L\u2019exposition qui lui est consacr\u00e9e \u00e0 Arles retrace 40 ans de photographies en mille et une vies.<\/p>\n","protected":false},"author":12963,"featured_media":13138,"comment_status":"open","ping_status":"open","sticky":false,"template":"","format":"standard","meta":{"footnotes":""},"categories":[53,63],"tags":[78,87,94],"class_list":{"0":"post-13141","1":"post","2":"type-post","3":"status-publish","4":"format-standard","5":"has-post-thumbnail","7":"category-culture-fr","8":"category-mode-de-vie","9":"tag-apie-project-2","10":"tag-culture-2","11":"tag-mode-de-vie"},"yoast_head":"<!-- This site is optimized with the Yoast SEO plugin v24.4 - https:\/\/yoast.com\/wordpress\/plugins\/seo\/ -->\n<title>James Barnor, un g\u00e9ant africain de la photo - APIE NEWS<\/title>\n<meta name=\"robots\" content=\"index, follow, max-snippet:-1, max-image-preview:large, max-video-preview:-1\" \/>\n<link rel=\"canonical\" href=\"https:\/\/appsaf.apieproject.com\/news\/fr\/2022\/07\/30\/james-barnor-un-geant-africain-de-la-photo\/\" \/>\n<meta property=\"og:locale\" content=\"fr_FR\" \/>\n<meta property=\"og:type\" content=\"article\" \/>\n<meta property=\"og:title\" content=\"James Barnor, un g\u00e9ant africain de la photo - APIE NEWS\" \/>\n<meta property=\"og:description\" content=\"N\u00e9 \u00e0 Accra en 1929, James Barnor n\u2019a jamais l\u00e2ch\u00e9 son appareil photo. L\u2019exposition qui lui est consacr\u00e9e \u00e0 Arles retrace 40 ans de photographies en mille et une vies.\" \/>\n<meta property=\"og:url\" content=\"https:\/\/appsaf.apieproject.com\/news\/fr\/2022\/07\/30\/james-barnor-un-geant-africain-de-la-photo\/\" \/>\n<meta property=\"og:site_name\" content=\"APIE NEWS\" \/>\n<meta property=\"article:publisher\" content=\"https:\/\/facebook.com\/apieproject\" \/>\n<meta property=\"article:published_time\" content=\"2022-07-30T01:55:59+00:00\" \/>\n<meta property=\"article:modified_time\" content=\"2022-07-30T01:56:01+00:00\" \/>\n<meta property=\"og:image\" content=\"https:\/\/appsaf.apieproject.com\/news\/wp-content\/uploads\/sites\/29\/2022\/07\/23466033lpw-23466825-embed-libre-jpg_8922041-ca9763afc5fa36b4ad0e912b40632078.jpg\" \/>\n\t<meta property=\"og:image:width\" content=\"660\" \/>\n\t<meta property=\"og:image:height\" content=\"495\" \/>\n\t<meta property=\"og:image:type\" content=\"image\/jpeg\" \/>\n<meta name=\"author\" content=\"staff\" \/>\n<meta name=\"twitter:card\" content=\"summary_large_image\" \/>\n<meta name=\"twitter:creator\" content=\"@apieproject\" \/>\n<meta name=\"twitter:site\" content=\"@apieproject\" \/>\n<meta name=\"twitter:label1\" content=\"\u00c9crit par\" \/>\n\t<meta name=\"twitter:data1\" content=\"staff\" \/>\n\t<meta name=\"twitter:label2\" content=\"Dur\u00e9e de lecture estim\u00e9e\" \/>\n\t<meta name=\"twitter:data2\" content=\"5 minutes\" \/>\n<script type=\"application\/ld+json\" class=\"yoast-schema-graph\">{\"@context\":\"https:\/\/schema.org\",\"@graph\":[{\"@type\":\"Article\",\"@id\":\"https:\/\/appsaf.apieproject.com\/news\/fr\/2022\/07\/30\/james-barnor-un-geant-africain-de-la-photo\/#article\",\"isPartOf\":{\"@id\":\"https:\/\/appsaf.apieproject.com\/news\/fr\/2022\/07\/30\/james-barnor-un-geant-africain-de-la-photo\/\"},\"author\":{\"name\":\"staff\",\"@id\":\"https:\/\/appsaf.apieproject.com\/news\/#\/schema\/person\/399517cac378948cd7b39086f9ddc2a7\"},\"headline\":\"James Barnor, un g\u00e9ant africain de la photo\",\"datePublished\":\"2022-07-30T01:55:59+00:00\",\"dateModified\":\"2022-07-30T01:56:01+00:00\",\"mainEntityOfPage\":{\"@id\":\"https:\/\/appsaf.apieproject.com\/news\/fr\/2022\/07\/30\/james-barnor-un-geant-africain-de-la-photo\/\"},\"wordCount\":923,\"commentCount\":0,\"publisher\":{\"@id\":\"https:\/\/appsaf.apieproject.com\/news\/#organization\"},\"image\":{\"@id\":\"https:\/\/appsaf.apieproject.com\/news\/fr\/2022\/07\/30\/james-barnor-un-geant-africain-de-la-photo\/#primaryimage\"},\"thumbnailUrl\":\"https:\/\/appsaf.apieproject.com\/news\/wp-content\/uploads\/sites\/29\/2022\/07\/23466033lpw-23466825-embed-libre-jpg_8922041-ca9763afc5fa36b4ad0e912b40632078.jpg\",\"keywords\":[\"apie project\",\"culture\",\"mode de vie\"],\"articleSection\":[\"Culture\",\"Mode de Vie\"],\"inLanguage\":\"fr-FR\",\"potentialAction\":[{\"@type\":\"CommentAction\",\"name\":\"Comment\",\"target\":[\"https:\/\/appsaf.apieproject.com\/news\/fr\/2022\/07\/30\/james-barnor-un-geant-africain-de-la-photo\/#respond\"]}]},{\"@type\":\"WebPage\",\"@id\":\"https:\/\/appsaf.apieproject.com\/news\/fr\/2022\/07\/30\/james-barnor-un-geant-africain-de-la-photo\/\",\"url\":\"https:\/\/appsaf.apieproject.com\/news\/fr\/2022\/07\/30\/james-barnor-un-geant-africain-de-la-photo\/\",\"name\":\"James Barnor, un g\u00e9ant africain de la photo - APIE NEWS\",\"isPartOf\":{\"@id\":\"https:\/\/appsaf.apieproject.com\/news\/#website\"},\"primaryImageOfPage\":{\"@id\":\"https:\/\/appsaf.apieproject.com\/news\/fr\/2022\/07\/30\/james-barnor-un-geant-africain-de-la-photo\/#primaryimage\"},\"image\":{\"@id\":\"https:\/\/appsaf.apieproject.com\/news\/fr\/2022\/07\/30\/james-barnor-un-geant-africain-de-la-photo\/#primaryimage\"},\"thumbnailUrl\":\"https:\/\/appsaf.apieproject.com\/news\/wp-content\/uploads\/sites\/29\/2022\/07\/23466033lpw-23466825-embed-libre-jpg_8922041-ca9763afc5fa36b4ad0e912b40632078.jpg\",\"datePublished\":\"2022-07-30T01:55:59+00:00\",\"dateModified\":\"2022-07-30T01:56:01+00:00\",\"breadcrumb\":{\"@id\":\"https:\/\/appsaf.apieproject.com\/news\/fr\/2022\/07\/30\/james-barnor-un-geant-africain-de-la-photo\/#breadcrumb\"},\"inLanguage\":\"fr-FR\",\"potentialAction\":[{\"@type\":\"ReadAction\",\"target\":[\"https:\/\/appsaf.apieproject.com\/news\/fr\/2022\/07\/30\/james-barnor-un-geant-africain-de-la-photo\/\"]}]},{\"@type\":\"ImageObject\",\"inLanguage\":\"fr-FR\",\"@id\":\"https:\/\/appsaf.apieproject.com\/news\/fr\/2022\/07\/30\/james-barnor-un-geant-africain-de-la-photo\/#primaryimage\",\"url\":\"https:\/\/appsaf.apieproject.com\/news\/wp-content\/uploads\/sites\/29\/2022\/07\/23466033lpw-23466825-embed-libre-jpg_8922041-ca9763afc5fa36b4ad0e912b40632078.jpg\",\"contentUrl\":\"https:\/\/appsaf.apieproject.com\/news\/wp-content\/uploads\/sites\/29\/2022\/07\/23466033lpw-23466825-embed-libre-jpg_8922041-ca9763afc5fa36b4ad0e912b40632078.jpg\",\"width\":660,\"height\":495},{\"@type\":\"BreadcrumbList\",\"@id\":\"https:\/\/appsaf.apieproject.com\/news\/fr\/2022\/07\/30\/james-barnor-un-geant-africain-de-la-photo\/#breadcrumb\",\"itemListElement\":[{\"@type\":\"ListItem\",\"position\":1,\"name\":\"Home\",\"item\":\"https:\/\/appsaf.apieproject.com\/news\/fr\/home\/\"},{\"@type\":\"ListItem\",\"position\":2,\"name\":\"James Barnor, un g\u00e9ant africain de la photo\"}]},{\"@type\":\"WebSite\",\"@id\":\"https:\/\/appsaf.apieproject.com\/news\/#website\",\"url\":\"https:\/\/appsaf.apieproject.com\/news\/\",\"name\":\"APIE NEWS\",\"description\":\"PANAFRICANISM NEWS PORTAL\",\"publisher\":{\"@id\":\"https:\/\/appsaf.apieproject.com\/news\/#organization\"},\"potentialAction\":[{\"@type\":\"SearchAction\",\"target\":{\"@type\":\"EntryPoint\",\"urlTemplate\":\"https:\/\/appsaf.apieproject.com\/news\/?s={search_term_string}\"},\"query-input\":{\"@type\":\"PropertyValueSpecification\",\"valueRequired\":true,\"valueName\":\"search_term_string\"}}],\"inLanguage\":\"fr-FR\"},{\"@type\":\"Organization\",\"@id\":\"https:\/\/appsaf.apieproject.com\/news\/#organization\",\"name\":\"APIE PROJECT\",\"url\":\"https:\/\/appsaf.apieproject.com\/news\/\",\"logo\":{\"@type\":\"ImageObject\",\"inLanguage\":\"fr-FR\",\"@id\":\"https:\/\/appsaf.apieproject.com\/news\/#\/schema\/logo\/image\/\",\"url\":\"https:\/\/appsaf.apieproject.com\/news\/wp-content\/uploads\/sites\/29\/2022\/07\/logo-R-TransparentBackground.png\",\"contentUrl\":\"https:\/\/appsaf.apieproject.com\/news\/wp-content\/uploads\/sites\/29\/2022\/07\/logo-R-TransparentBackground.png\",\"width\":512,\"height\":512,\"caption\":\"APIE PROJECT\"},\"image\":{\"@id\":\"https:\/\/appsaf.apieproject.com\/news\/#\/schema\/logo\/image\/\"},\"sameAs\":[\"https:\/\/facebook.com\/apieproject\",\"https:\/\/x.com\/apieproject\"]},{\"@type\":\"Person\",\"@id\":\"https:\/\/appsaf.apieproject.com\/news\/#\/schema\/person\/399517cac378948cd7b39086f9ddc2a7\",\"name\":\"staff\",\"image\":{\"@type\":\"ImageObject\",\"inLanguage\":\"fr-FR\",\"@id\":\"https:\/\/appsaf.apieproject.com\/news\/#\/schema\/person\/image\/\",\"url\":\"https:\/\/secure.gravatar.com\/avatar\/5386283c5db150efe261184bd59f072a?s=96&d=mm&r=g\",\"contentUrl\":\"https:\/\/secure.gravatar.com\/avatar\/5386283c5db150efe261184bd59f072a?s=96&d=mm&r=g\",\"caption\":\"staff\"},\"url\":\"https:\/\/appsaf.apieproject.com\/news\/fr\/author\/staff\/\"}]}<\/script>\n<!-- \/ Yoast SEO plugin. -->","yoast_head_json":{"title":"James Barnor, un g\u00e9ant africain de la photo - APIE NEWS","robots":{"index":"index","follow":"follow","max-snippet":"max-snippet:-1","max-image-preview":"max-image-preview:large","max-video-preview":"max-video-preview:-1"},"canonical":"https:\/\/appsaf.apieproject.com\/news\/fr\/2022\/07\/30\/james-barnor-un-geant-africain-de-la-photo\/","og_locale":"fr_FR","og_type":"article","og_title":"James Barnor, un g\u00e9ant africain de la photo - APIE NEWS","og_description":"N\u00e9 \u00e0 Accra en 1929, James Barnor n\u2019a jamais l\u00e2ch\u00e9 son appareil photo. L\u2019exposition qui lui est consacr\u00e9e \u00e0 Arles retrace 40 ans de photographies en mille et une vies.","og_url":"https:\/\/appsaf.apieproject.com\/news\/fr\/2022\/07\/30\/james-barnor-un-geant-africain-de-la-photo\/","og_site_name":"APIE NEWS","article_publisher":"https:\/\/facebook.com\/apieproject","article_published_time":"2022-07-30T01:55:59+00:00","article_modified_time":"2022-07-30T01:56:01+00:00","og_image":[{"width":660,"height":495,"url":"https:\/\/appsaf.apieproject.com\/news\/wp-content\/uploads\/sites\/29\/2022\/07\/23466033lpw-23466825-embed-libre-jpg_8922041-ca9763afc5fa36b4ad0e912b40632078.jpg","type":"image\/jpeg"}],"author":"staff","twitter_card":"summary_large_image","twitter_creator":"@apieproject","twitter_site":"@apieproject","twitter_misc":{"\u00c9crit par":"staff","Dur\u00e9e de lecture estim\u00e9e":"5 minutes"},"schema":{"@context":"https:\/\/schema.org","@graph":[{"@type":"Article","@id":"https:\/\/appsaf.apieproject.com\/news\/fr\/2022\/07\/30\/james-barnor-un-geant-africain-de-la-photo\/#article","isPartOf":{"@id":"https:\/\/appsaf.apieproject.com\/news\/fr\/2022\/07\/30\/james-barnor-un-geant-africain-de-la-photo\/"},"author":{"name":"staff","@id":"https:\/\/appsaf.apieproject.com\/news\/#\/schema\/person\/399517cac378948cd7b39086f9ddc2a7"},"headline":"James Barnor, un g\u00e9ant africain de la photo","datePublished":"2022-07-30T01:55:59+00:00","dateModified":"2022-07-30T01:56:01+00:00","mainEntityOfPage":{"@id":"https:\/\/appsaf.apieproject.com\/news\/fr\/2022\/07\/30\/james-barnor-un-geant-africain-de-la-photo\/"},"wordCount":923,"commentCount":0,"publisher":{"@id":"https:\/\/appsaf.apieproject.com\/news\/#organization"},"image":{"@id":"https:\/\/appsaf.apieproject.com\/news\/fr\/2022\/07\/30\/james-barnor-un-geant-africain-de-la-photo\/#primaryimage"},"thumbnailUrl":"https:\/\/appsaf.apieproject.com\/news\/wp-content\/uploads\/sites\/29\/2022\/07\/23466033lpw-23466825-embed-libre-jpg_8922041-ca9763afc5fa36b4ad0e912b40632078.jpg","keywords":["apie project","culture","mode de vie"],"articleSection":["Culture","Mode de Vie"],"inLanguage":"fr-FR","potentialAction":[{"@type":"CommentAction","name":"Comment","target":["https:\/\/appsaf.apieproject.com\/news\/fr\/2022\/07\/30\/james-barnor-un-geant-africain-de-la-photo\/#respond"]}]},{"@type":"WebPage","@id":"https:\/\/appsaf.apieproject.com\/news\/fr\/2022\/07\/30\/james-barnor-un-geant-africain-de-la-photo\/","url":"https:\/\/appsaf.apieproject.com\/news\/fr\/2022\/07\/30\/james-barnor-un-geant-africain-de-la-photo\/","name":"James Barnor, un g\u00e9ant africain de la photo - APIE NEWS","isPartOf":{"@id":"https:\/\/appsaf.apieproject.com\/news\/#website"},"primaryImageOfPage":{"@id":"https:\/\/appsaf.apieproject.com\/news\/fr\/2022\/07\/30\/james-barnor-un-geant-africain-de-la-photo\/#primaryimage"},"image":{"@id":"https:\/\/appsaf.apieproject.com\/news\/fr\/2022\/07\/30\/james-barnor-un-geant-africain-de-la-photo\/#primaryimage"},"thumbnailUrl":"https:\/\/appsaf.apieproject.com\/news\/wp-content\/uploads\/sites\/29\/2022\/07\/23466033lpw-23466825-embed-libre-jpg_8922041-ca9763afc5fa36b4ad0e912b40632078.jpg","datePublished":"2022-07-30T01:55:59+00:00","dateModified":"2022-07-30T01:56:01+00:00","breadcrumb":{"@id":"https:\/\/appsaf.apieproject.com\/news\/fr\/2022\/07\/30\/james-barnor-un-geant-africain-de-la-photo\/#breadcrumb"},"inLanguage":"fr-FR","potentialAction":[{"@type":"ReadAction","target":["https:\/\/appsaf.apieproject.com\/news\/fr\/2022\/07\/30\/james-barnor-un-geant-africain-de-la-photo\/"]}]},{"@type":"ImageObject","inLanguage":"fr-FR","@id":"https:\/\/appsaf.apieproject.com\/news\/fr\/2022\/07\/30\/james-barnor-un-geant-africain-de-la-photo\/#primaryimage","url":"https:\/\/appsaf.apieproject.com\/news\/wp-content\/uploads\/sites\/29\/2022\/07\/23466033lpw-23466825-embed-libre-jpg_8922041-ca9763afc5fa36b4ad0e912b40632078.jpg","contentUrl":"https:\/\/appsaf.apieproject.com\/news\/wp-content\/uploads\/sites\/29\/2022\/07\/23466033lpw-23466825-embed-libre-jpg_8922041-ca9763afc5fa36b4ad0e912b40632078.jpg","width":660,"height":495},{"@type":"BreadcrumbList","@id":"https:\/\/appsaf.apieproject.com\/news\/fr\/2022\/07\/30\/james-barnor-un-geant-africain-de-la-photo\/#breadcrumb","itemListElement":[{"@type":"ListItem","position":1,"name":"Home","item":"https:\/\/appsaf.apieproject.com\/news\/fr\/home\/"},{"@type":"ListItem","position":2,"name":"James Barnor, un g\u00e9ant africain de la photo"}]},{"@type":"WebSite","@id":"https:\/\/appsaf.apieproject.com\/news\/#website","url":"https:\/\/appsaf.apieproject.com\/news\/","name":"APIE NEWS","description":"PANAFRICANISM NEWS PORTAL","publisher":{"@id":"https:\/\/appsaf.apieproject.com\/news\/#organization"},"potentialAction":[{"@type":"SearchAction","target":{"@type":"EntryPoint","urlTemplate":"https:\/\/appsaf.apieproject.com\/news\/?s={search_term_string}"},"query-input":{"@type":"PropertyValueSpecification","valueRequired":true,"valueName":"search_term_string"}}],"inLanguage":"fr-FR"},{"@type":"Organization","@id":"https:\/\/appsaf.apieproject.com\/news\/#organization","name":"APIE PROJECT","url":"https:\/\/appsaf.apieproject.com\/news\/","logo":{"@type":"ImageObject","inLanguage":"fr-FR","@id":"https:\/\/appsaf.apieproject.com\/news\/#\/schema\/logo\/image\/","url":"https:\/\/appsaf.apieproject.com\/news\/wp-content\/uploads\/sites\/29\/2022\/07\/logo-R-TransparentBackground.png","contentUrl":"https:\/\/appsaf.apieproject.com\/news\/wp-content\/uploads\/sites\/29\/2022\/07\/logo-R-TransparentBackground.png","width":512,"height":512,"caption":"APIE PROJECT"},"image":{"@id":"https:\/\/appsaf.apieproject.com\/news\/#\/schema\/logo\/image\/"},"sameAs":["https:\/\/facebook.com\/apieproject","https:\/\/x.com\/apieproject"]},{"@type":"Person","@id":"https:\/\/appsaf.apieproject.com\/news\/#\/schema\/person\/399517cac378948cd7b39086f9ddc2a7","name":"staff","image":{"@type":"ImageObject","inLanguage":"fr-FR","@id":"https:\/\/appsaf.apieproject.com\/news\/#\/schema\/person\/image\/","url":"https:\/\/secure.gravatar.com\/avatar\/5386283c5db150efe261184bd59f072a?s=96&d=mm&r=g","contentUrl":"https:\/\/secure.gravatar.com\/avatar\/5386283c5db150efe261184bd59f072a?s=96&d=mm&r=g","caption":"staff"},"url":"https:\/\/appsaf.apieproject.com\/news\/fr\/author\/staff\/"}]}},"_links":{"self":[{"href":"https:\/\/appsaf.apieproject.com\/news\/fr\/wp-json\/wp\/v2\/posts\/13141","targetHints":{"allow":["GET"]}}],"collection":[{"href":"https:\/\/appsaf.apieproject.com\/news\/fr\/wp-json\/wp\/v2\/posts"}],"about":[{"href":"https:\/\/appsaf.apieproject.com\/news\/fr\/wp-json\/wp\/v2\/types\/post"}],"author":[{"embeddable":true,"href":"https:\/\/appsaf.apieproject.com\/news\/fr\/wp-json\/wp\/v2\/users\/12963"}],"replies":[{"embeddable":true,"href":"https:\/\/appsaf.apieproject.com\/news\/fr\/wp-json\/wp\/v2\/comments?post=13141"}],"version-history":[{"count":1,"href":"https:\/\/appsaf.apieproject.com\/news\/fr\/wp-json\/wp\/v2\/posts\/13141\/revisions"}],"predecessor-version":[{"id":13289,"href":"https:\/\/appsaf.apieproject.com\/news\/fr\/wp-json\/wp\/v2\/posts\/13141\/revisions\/13289"}],"wp:featuredmedia":[{"embeddable":true,"href":"https:\/\/appsaf.apieproject.com\/news\/fr\/wp-json\/wp\/v2\/media\/13138"}],"wp:attachment":[{"href":"https:\/\/appsaf.apieproject.com\/news\/fr\/wp-json\/wp\/v2\/media?parent=13141"}],"wp:term":[{"taxonomy":"category","embeddable":true,"href":"https:\/\/appsaf.apieproject.com\/news\/fr\/wp-json\/wp\/v2\/categories?post=13141"},{"taxonomy":"post_tag","embeddable":true,"href":"https:\/\/appsaf.apieproject.com\/news\/fr\/wp-json\/wp\/v2\/tags?post=13141"}],"curies":[{"name":"wp","href":"https:\/\/api.w.org\/{rel}","templated":true}]}}