{"id":13585,"date":"2022-08-04T08:06:11","date_gmt":"2022-08-04T08:06:11","guid":{"rendered":"https:\/\/appsaf.apieproject.com\/news\/?p=13585"},"modified":"2022-08-04T08:06:13","modified_gmt":"2022-08-04T08:06:13","slug":"la-deuxieme-edition-du-festival-de-la-mode-prevue-en-novembre-a-bingerville","status":"publish","type":"post","link":"https:\/\/appsaf.apieproject.com\/news\/fr\/2022\/08\/04\/la-deuxieme-edition-du-festival-de-la-mode-prevue-en-novembre-a-bingerville\/","title":{"rendered":"La deuxi\u00e8me \u00e9dition du festival de la mode pr\u00e9vue en novembre \u00e0 Bingerville"},"content":{"rendered":"<p>Sur le th\u00e8me g\u00e9n\u00e9ral, \u201cLutte contre l\u2019immigration clandestine, au c\u0153ur profond de la mode africaine\u201d, ce festival se veut un levier pour promouvoir la culture comme moyen de r\u00e9sorber ce fl\u00e9au par la mise en lumi\u00e8re de son apport dans le d\u00e9veloppement de l\u2019Afrique.<\/p>\n<p>Ce festival, plateforme tournante d\u2019\u00e9changes et de rencontres, sera meubl\u00e9 par des ateliers, des panels sur diff\u00e9rentes th\u00e9matiques inh\u00e9rentes et seront anim\u00e9s par des acteurs de la mode, de la culture, sans toutefois oubli\u00e9 les expositions vente, des d\u00e9fil\u00e9s de mode et bien d\u2019autres.<\/p>\n<p>Repr\u00e9sentant le conseil municipal, le quatri\u00e8me adjoint au maire, Dr Bamba Mamadou, tout en saluant l\u2019initiative et le choix de Bingerville, a estim\u00e9 que ces festivit\u00e9s permettront aux jeunes acteurs de la mode de la commune de se faire conna\u00eetre et avoir des mod\u00e8les.<\/p>\n<p>Les pays invit\u00e9s pour cette \u00e9dition sont le Burkina Faso, le B\u00e9nin, le Nigeria et le Togo, annonce-t-on.<\/p>\n","protected":false},"excerpt":{"rendered":"<p>La deuxi\u00e8me \u00e9dition du Festival culturel des rois africains et de la mode (FCRAM) se tiendra du 2 au 12 novembre 2022, a annonc\u00e9 le commissaire g\u00e9n\u00e9ral, Adanlete Jules Folly, lors d\u2019une conf\u00e9rence de presse, samedi 30 juillet 2022, \u00e0 la salle polyvalente du la sous-pr\u00e9fecture de Bingerville.<\/p>\n","protected":false},"author":12963,"featured_media":13582,"comment_status":"open","ping_status":"open","sticky":false,"template":"","format":"standard","meta":{"footnotes":""},"categories":[57,63],"tags":[78,95,94],"class_list":{"0":"post-13585","1":"post","2":"type-post","3":"status-publish","4":"format-standard","5":"has-post-thumbnail","7":"category-mode","8":"category-mode-de-vie","9":"tag-apie-project-2","10":"tag-mode","11":"tag-mode-de-vie"},"yoast_head":"<!-- This site is optimized with the Yoast SEO plugin v24.4 - https:\/\/yoast.com\/wordpress\/plugins\/seo\/ -->\n<title>La deuxi\u00e8me \u00e9dition du festival de la mode pr\u00e9vue en novembre \u00e0 Bingerville - APIE NEWS<\/title>\n<meta name=\"robots\" content=\"index, follow, max-snippet:-1, max-image-preview:large, max-video-preview:-1\" \/>\n<link rel=\"canonical\" href=\"https:\/\/appsaf.apieproject.com\/news\/fr\/2022\/08\/04\/la-deuxieme-edition-du-festival-de-la-mode-prevue-en-novembre-a-bingerville\/\" \/>\n<meta property=\"og:locale\" content=\"fr_FR\" \/>\n<meta property=\"og:type\" content=\"article\" \/>\n<meta property=\"og:title\" content=\"La deuxi\u00e8me \u00e9dition du festival de la mode pr\u00e9vue en novembre \u00e0 Bingerville - APIE NEWS\" \/>\n<meta property=\"og:description\" content=\"La deuxi\u00e8me \u00e9dition du Festival culturel des rois africains et de la mode (FCRAM) se tiendra du 2 au 12 novembre 2022, a annonc\u00e9 le commissaire g\u00e9n\u00e9ral, Adanlete Jules Folly, lors d\u2019une conf\u00e9rence de presse, samedi 30 juillet 2022, \u00e0 la salle polyvalente du la sous-pr\u00e9fecture de Bingerville.\" \/>\n<meta property=\"og:url\" content=\"https:\/\/appsaf.apieproject.com\/news\/fr\/2022\/08\/04\/la-deuxieme-edition-du-festival-de-la-mode-prevue-en-novembre-a-bingerville\/\" \/>\n<meta property=\"og:site_name\" content=\"APIE NEWS\" \/>\n<meta property=\"article:publisher\" content=\"https:\/\/facebook.com\/apieproject\" \/>\n<meta property=\"article:published_time\" content=\"2022-08-04T08:06:11+00:00\" \/>\n<meta property=\"article:modified_time\" content=\"2022-08-04T08:06:13+00:00\" \/>\n<meta property=\"og:image\" content=\"https:\/\/appsaf.apieproject.com\/news\/wp-content\/uploads\/sites\/29\/2022\/08\/telechargement-9-afacb0f4c30479a0ddfd09e7fca82656.jpg\" \/>\n\t<meta property=\"og:image:width\" content=\"331\" \/>\n\t<meta property=\"og:image:height\" content=\"152\" \/>\n\t<meta property=\"og:image:type\" content=\"image\/jpeg\" \/>\n<meta name=\"author\" content=\"staff\" \/>\n<meta name=\"twitter:card\" content=\"summary_large_image\" \/>\n<meta name=\"twitter:creator\" content=\"@apieproject\" \/>\n<meta name=\"twitter:site\" content=\"@apieproject\" \/>\n<meta name=\"twitter:label1\" content=\"\u00c9crit par\" \/>\n\t<meta name=\"twitter:data1\" content=\"staff\" \/>\n\t<meta name=\"twitter:label2\" content=\"Dur\u00e9e de lecture estim\u00e9e\" \/>\n\t<meta name=\"twitter:data2\" content=\"1 minute\" \/>\n<script type=\"application\/ld+json\" class=\"yoast-schema-graph\">{\"@context\":\"https:\/\/schema.org\",\"@graph\":[{\"@type\":\"Article\",\"@id\":\"https:\/\/appsaf.apieproject.com\/news\/fr\/2022\/08\/04\/la-deuxieme-edition-du-festival-de-la-mode-prevue-en-novembre-a-bingerville\/#article\",\"isPartOf\":{\"@id\":\"https:\/\/appsaf.apieproject.com\/news\/fr\/2022\/08\/04\/la-deuxieme-edition-du-festival-de-la-mode-prevue-en-novembre-a-bingerville\/\"},\"author\":{\"name\":\"staff\",\"@id\":\"https:\/\/appsaf.apieproject.com\/news\/#\/schema\/person\/399517cac378948cd7b39086f9ddc2a7\"},\"headline\":\"La deuxi\u00e8me \u00e9dition du festival de la mode pr\u00e9vue en novembre \u00e0 Bingerville\",\"datePublished\":\"2022-08-04T08:06:11+00:00\",\"dateModified\":\"2022-08-04T08:06:13+00:00\",\"mainEntityOfPage\":{\"@id\":\"https:\/\/appsaf.apieproject.com\/news\/fr\/2022\/08\/04\/la-deuxieme-edition-du-festival-de-la-mode-prevue-en-novembre-a-bingerville\/\"},\"wordCount\":190,\"commentCount\":0,\"publisher\":{\"@id\":\"https:\/\/appsaf.apieproject.com\/news\/#organization\"},\"image\":{\"@id\":\"https:\/\/appsaf.apieproject.com\/news\/fr\/2022\/08\/04\/la-deuxieme-edition-du-festival-de-la-mode-prevue-en-novembre-a-bingerville\/#primaryimage\"},\"thumbnailUrl\":\"https:\/\/appsaf.apieproject.com\/news\/wp-content\/uploads\/sites\/29\/2022\/08\/telechargement-9-afacb0f4c30479a0ddfd09e7fca82656.jpg\",\"keywords\":[\"apie project\",\"mode\",\"mode de vie\"],\"articleSection\":[\"Mode\",\"Mode de Vie\"],\"inLanguage\":\"fr-FR\",\"potentialAction\":[{\"@type\":\"CommentAction\",\"name\":\"Comment\",\"target\":[\"https:\/\/appsaf.apieproject.com\/news\/fr\/2022\/08\/04\/la-deuxieme-edition-du-festival-de-la-mode-prevue-en-novembre-a-bingerville\/#respond\"]}]},{\"@type\":\"WebPage\",\"@id\":\"https:\/\/appsaf.apieproject.com\/news\/fr\/2022\/08\/04\/la-deuxieme-edition-du-festival-de-la-mode-prevue-en-novembre-a-bingerville\/\",\"url\":\"https:\/\/appsaf.apieproject.com\/news\/fr\/2022\/08\/04\/la-deuxieme-edition-du-festival-de-la-mode-prevue-en-novembre-a-bingerville\/\",\"name\":\"La deuxi\u00e8me \u00e9dition du festival de la mode pr\u00e9vue en novembre \u00e0 Bingerville - APIE NEWS\",\"isPartOf\":{\"@id\":\"https:\/\/appsaf.apieproject.com\/news\/#website\"},\"primaryImageOfPage\":{\"@id\":\"https:\/\/appsaf.apieproject.com\/news\/fr\/2022\/08\/04\/la-deuxieme-edition-du-festival-de-la-mode-prevue-en-novembre-a-bingerville\/#primaryimage\"},\"image\":{\"@id\":\"https:\/\/appsaf.apieproject.com\/news\/fr\/2022\/08\/04\/la-deuxieme-edition-du-festival-de-la-mode-prevue-en-novembre-a-bingerville\/#primaryimage\"},\"thumbnailUrl\":\"https:\/\/appsaf.apieproject.com\/news\/wp-content\/uploads\/sites\/29\/2022\/08\/telechargement-9-afacb0f4c30479a0ddfd09e7fca82656.jpg\",\"datePublished\":\"2022-08-04T08:06:11+00:00\",\"dateModified\":\"2022-08-04T08:06:13+00:00\",\"breadcrumb\":{\"@id\":\"https:\/\/appsaf.apieproject.com\/news\/fr\/2022\/08\/04\/la-deuxieme-edition-du-festival-de-la-mode-prevue-en-novembre-a-bingerville\/#breadcrumb\"},\"inLanguage\":\"fr-FR\",\"potentialAction\":[{\"@type\":\"ReadAction\",\"target\":[\"https:\/\/appsaf.apieproject.com\/news\/fr\/2022\/08\/04\/la-deuxieme-edition-du-festival-de-la-mode-prevue-en-novembre-a-bingerville\/\"]}]},{\"@type\":\"ImageObject\",\"inLanguage\":\"fr-FR\",\"@id\":\"https:\/\/appsaf.apieproject.com\/news\/fr\/2022\/08\/04\/la-deuxieme-edition-du-festival-de-la-mode-prevue-en-novembre-a-bingerville\/#primaryimage\",\"url\":\"https:\/\/appsaf.apieproject.com\/news\/wp-content\/uploads\/sites\/29\/2022\/08\/telechargement-9-afacb0f4c30479a0ddfd09e7fca82656.jpg\",\"contentUrl\":\"https:\/\/appsaf.apieproject.com\/news\/wp-content\/uploads\/sites\/29\/2022\/08\/telechargement-9-afacb0f4c30479a0ddfd09e7fca82656.jpg\",\"width\":331,\"height\":152},{\"@type\":\"BreadcrumbList\",\"@id\":\"https:\/\/appsaf.apieproject.com\/news\/fr\/2022\/08\/04\/la-deuxieme-edition-du-festival-de-la-mode-prevue-en-novembre-a-bingerville\/#breadcrumb\",\"itemListElement\":[{\"@type\":\"ListItem\",\"position\":1,\"name\":\"Home\",\"item\":\"https:\/\/appsaf.apieproject.com\/news\/fr\/home\/\"},{\"@type\":\"ListItem\",\"position\":2,\"name\":\"La deuxi\u00e8me \u00e9dition du festival de la mode pr\u00e9vue en novembre \u00e0 Bingerville\"}]},{\"@type\":\"WebSite\",\"@id\":\"https:\/\/appsaf.apieproject.com\/news\/#website\",\"url\":\"https:\/\/appsaf.apieproject.com\/news\/\",\"name\":\"APIE NEWS\",\"description\":\"PANAFRICANISM NEWS PORTAL\",\"publisher\":{\"@id\":\"https:\/\/appsaf.apieproject.com\/news\/#organization\"},\"potentialAction\":[{\"@type\":\"SearchAction\",\"target\":{\"@type\":\"EntryPoint\",\"urlTemplate\":\"https:\/\/appsaf.apieproject.com\/news\/?s={search_term_string}\"},\"query-input\":{\"@type\":\"PropertyValueSpecification\",\"valueRequired\":true,\"valueName\":\"search_term_string\"}}],\"inLanguage\":\"fr-FR\"},{\"@type\":\"Organization\",\"@id\":\"https:\/\/appsaf.apieproject.com\/news\/#organization\",\"name\":\"APIE PROJECT\",\"url\":\"https:\/\/appsaf.apieproject.com\/news\/\",\"logo\":{\"@type\":\"ImageObject\",\"inLanguage\":\"fr-FR\",\"@id\":\"https:\/\/appsaf.apieproject.com\/news\/#\/schema\/logo\/image\/\",\"url\":\"https:\/\/appsaf.apieproject.com\/news\/wp-content\/uploads\/sites\/29\/2022\/07\/logo-R-TransparentBackground.png\",\"contentUrl\":\"https:\/\/appsaf.apieproject.com\/news\/wp-content\/uploads\/sites\/29\/2022\/07\/logo-R-TransparentBackground.png\",\"width\":512,\"height\":512,\"caption\":\"APIE PROJECT\"},\"image\":{\"@id\":\"https:\/\/appsaf.apieproject.com\/news\/#\/schema\/logo\/image\/\"},\"sameAs\":[\"https:\/\/facebook.com\/apieproject\",\"https:\/\/x.com\/apieproject\"]},{\"@type\":\"Person\",\"@id\":\"https:\/\/appsaf.apieproject.com\/news\/#\/schema\/person\/399517cac378948cd7b39086f9ddc2a7\",\"name\":\"staff\",\"image\":{\"@type\":\"ImageObject\",\"inLanguage\":\"fr-FR\",\"@id\":\"https:\/\/appsaf.apieproject.com\/news\/#\/schema\/person\/image\/\",\"url\":\"https:\/\/secure.gravatar.com\/avatar\/5386283c5db150efe261184bd59f072a?s=96&d=mm&r=g\",\"contentUrl\":\"https:\/\/secure.gravatar.com\/avatar\/5386283c5db150efe261184bd59f072a?s=96&d=mm&r=g\",\"caption\":\"staff\"},\"url\":\"https:\/\/appsaf.apieproject.com\/news\/fr\/author\/staff\/\"}]}<\/script>\n<!-- \/ Yoast SEO plugin. -->","yoast_head_json":{"title":"La deuxi\u00e8me \u00e9dition du festival de la mode pr\u00e9vue en novembre \u00e0 Bingerville - APIE NEWS","robots":{"index":"index","follow":"follow","max-snippet":"max-snippet:-1","max-image-preview":"max-image-preview:large","max-video-preview":"max-video-preview:-1"},"canonical":"https:\/\/appsaf.apieproject.com\/news\/fr\/2022\/08\/04\/la-deuxieme-edition-du-festival-de-la-mode-prevue-en-novembre-a-bingerville\/","og_locale":"fr_FR","og_type":"article","og_title":"La deuxi\u00e8me \u00e9dition du festival de la mode pr\u00e9vue en novembre \u00e0 Bingerville - APIE NEWS","og_description":"La deuxi\u00e8me \u00e9dition du Festival culturel des rois africains et de la mode (FCRAM) se tiendra du 2 au 12 novembre 2022, a annonc\u00e9 le commissaire g\u00e9n\u00e9ral, Adanlete Jules Folly, lors d\u2019une conf\u00e9rence de presse, samedi 30 juillet 2022, \u00e0 la salle polyvalente du la sous-pr\u00e9fecture de Bingerville.","og_url":"https:\/\/appsaf.apieproject.com\/news\/fr\/2022\/08\/04\/la-deuxieme-edition-du-festival-de-la-mode-prevue-en-novembre-a-bingerville\/","og_site_name":"APIE NEWS","article_publisher":"https:\/\/facebook.com\/apieproject","article_published_time":"2022-08-04T08:06:11+00:00","article_modified_time":"2022-08-04T08:06:13+00:00","og_image":[{"width":331,"height":152,"url":"https:\/\/appsaf.apieproject.com\/news\/wp-content\/uploads\/sites\/29\/2022\/08\/telechargement-9-afacb0f4c30479a0ddfd09e7fca82656.jpg","type":"image\/jpeg"}],"author":"staff","twitter_card":"summary_large_image","twitter_creator":"@apieproject","twitter_site":"@apieproject","twitter_misc":{"\u00c9crit par":"staff","Dur\u00e9e de lecture estim\u00e9e":"1 minute"},"schema":{"@context":"https:\/\/schema.org","@graph":[{"@type":"Article","@id":"https:\/\/appsaf.apieproject.com\/news\/fr\/2022\/08\/04\/la-deuxieme-edition-du-festival-de-la-mode-prevue-en-novembre-a-bingerville\/#article","isPartOf":{"@id":"https:\/\/appsaf.apieproject.com\/news\/fr\/2022\/08\/04\/la-deuxieme-edition-du-festival-de-la-mode-prevue-en-novembre-a-bingerville\/"},"author":{"name":"staff","@id":"https:\/\/appsaf.apieproject.com\/news\/#\/schema\/person\/399517cac378948cd7b39086f9ddc2a7"},"headline":"La deuxi\u00e8me \u00e9dition du festival de la mode pr\u00e9vue en novembre \u00e0 Bingerville","datePublished":"2022-08-04T08:06:11+00:00","dateModified":"2022-08-04T08:06:13+00:00","mainEntityOfPage":{"@id":"https:\/\/appsaf.apieproject.com\/news\/fr\/2022\/08\/04\/la-deuxieme-edition-du-festival-de-la-mode-prevue-en-novembre-a-bingerville\/"},"wordCount":190,"commentCount":0,"publisher":{"@id":"https:\/\/appsaf.apieproject.com\/news\/#organization"},"image":{"@id":"https:\/\/appsaf.apieproject.com\/news\/fr\/2022\/08\/04\/la-deuxieme-edition-du-festival-de-la-mode-prevue-en-novembre-a-bingerville\/#primaryimage"},"thumbnailUrl":"https:\/\/appsaf.apieproject.com\/news\/wp-content\/uploads\/sites\/29\/2022\/08\/telechargement-9-afacb0f4c30479a0ddfd09e7fca82656.jpg","keywords":["apie project","mode","mode de vie"],"articleSection":["Mode","Mode de Vie"],"inLanguage":"fr-FR","potentialAction":[{"@type":"CommentAction","name":"Comment","target":["https:\/\/appsaf.apieproject.com\/news\/fr\/2022\/08\/04\/la-deuxieme-edition-du-festival-de-la-mode-prevue-en-novembre-a-bingerville\/#respond"]}]},{"@type":"WebPage","@id":"https:\/\/appsaf.apieproject.com\/news\/fr\/2022\/08\/04\/la-deuxieme-edition-du-festival-de-la-mode-prevue-en-novembre-a-bingerville\/","url":"https:\/\/appsaf.apieproject.com\/news\/fr\/2022\/08\/04\/la-deuxieme-edition-du-festival-de-la-mode-prevue-en-novembre-a-bingerville\/","name":"La deuxi\u00e8me \u00e9dition du festival de la mode pr\u00e9vue en novembre \u00e0 Bingerville - APIE NEWS","isPartOf":{"@id":"https:\/\/appsaf.apieproject.com\/news\/#website"},"primaryImageOfPage":{"@id":"https:\/\/appsaf.apieproject.com\/news\/fr\/2022\/08\/04\/la-deuxieme-edition-du-festival-de-la-mode-prevue-en-novembre-a-bingerville\/#primaryimage"},"image":{"@id":"https:\/\/appsaf.apieproject.com\/news\/fr\/2022\/08\/04\/la-deuxieme-edition-du-festival-de-la-mode-prevue-en-novembre-a-bingerville\/#primaryimage"},"thumbnailUrl":"https:\/\/appsaf.apieproject.com\/news\/wp-content\/uploads\/sites\/29\/2022\/08\/telechargement-9-afacb0f4c30479a0ddfd09e7fca82656.jpg","datePublished":"2022-08-04T08:06:11+00:00","dateModified":"2022-08-04T08:06:13+00:00","breadcrumb":{"@id":"https:\/\/appsaf.apieproject.com\/news\/fr\/2022\/08\/04\/la-deuxieme-edition-du-festival-de-la-mode-prevue-en-novembre-a-bingerville\/#breadcrumb"},"inLanguage":"fr-FR","potentialAction":[{"@type":"ReadAction","target":["https:\/\/appsaf.apieproject.com\/news\/fr\/2022\/08\/04\/la-deuxieme-edition-du-festival-de-la-mode-prevue-en-novembre-a-bingerville\/"]}]},{"@type":"ImageObject","inLanguage":"fr-FR","@id":"https:\/\/appsaf.apieproject.com\/news\/fr\/2022\/08\/04\/la-deuxieme-edition-du-festival-de-la-mode-prevue-en-novembre-a-bingerville\/#primaryimage","url":"https:\/\/appsaf.apieproject.com\/news\/wp-content\/uploads\/sites\/29\/2022\/08\/telechargement-9-afacb0f4c30479a0ddfd09e7fca82656.jpg","contentUrl":"https:\/\/appsaf.apieproject.com\/news\/wp-content\/uploads\/sites\/29\/2022\/08\/telechargement-9-afacb0f4c30479a0ddfd09e7fca82656.jpg","width":331,"height":152},{"@type":"BreadcrumbList","@id":"https:\/\/appsaf.apieproject.com\/news\/fr\/2022\/08\/04\/la-deuxieme-edition-du-festival-de-la-mode-prevue-en-novembre-a-bingerville\/#breadcrumb","itemListElement":[{"@type":"ListItem","position":1,"name":"Home","item":"https:\/\/appsaf.apieproject.com\/news\/fr\/home\/"},{"@type":"ListItem","position":2,"name":"La deuxi\u00e8me \u00e9dition du festival de la mode pr\u00e9vue en novembre \u00e0 Bingerville"}]},{"@type":"WebSite","@id":"https:\/\/appsaf.apieproject.com\/news\/#website","url":"https:\/\/appsaf.apieproject.com\/news\/","name":"APIE NEWS","description":"PANAFRICANISM NEWS PORTAL","publisher":{"@id":"https:\/\/appsaf.apieproject.com\/news\/#organization"},"potentialAction":[{"@type":"SearchAction","target":{"@type":"EntryPoint","urlTemplate":"https:\/\/appsaf.apieproject.com\/news\/?s={search_term_string}"},"query-input":{"@type":"PropertyValueSpecification","valueRequired":true,"valueName":"search_term_string"}}],"inLanguage":"fr-FR"},{"@type":"Organization","@id":"https:\/\/appsaf.apieproject.com\/news\/#organization","name":"APIE PROJECT","url":"https:\/\/appsaf.apieproject.com\/news\/","logo":{"@type":"ImageObject","inLanguage":"fr-FR","@id":"https:\/\/appsaf.apieproject.com\/news\/#\/schema\/logo\/image\/","url":"https:\/\/appsaf.apieproject.com\/news\/wp-content\/uploads\/sites\/29\/2022\/07\/logo-R-TransparentBackground.png","contentUrl":"https:\/\/appsaf.apieproject.com\/news\/wp-content\/uploads\/sites\/29\/2022\/07\/logo-R-TransparentBackground.png","width":512,"height":512,"caption":"APIE PROJECT"},"image":{"@id":"https:\/\/appsaf.apieproject.com\/news\/#\/schema\/logo\/image\/"},"sameAs":["https:\/\/facebook.com\/apieproject","https:\/\/x.com\/apieproject"]},{"@type":"Person","@id":"https:\/\/appsaf.apieproject.com\/news\/#\/schema\/person\/399517cac378948cd7b39086f9ddc2a7","name":"staff","image":{"@type":"ImageObject","inLanguage":"fr-FR","@id":"https:\/\/appsaf.apieproject.com\/news\/#\/schema\/person\/image\/","url":"https:\/\/secure.gravatar.com\/avatar\/5386283c5db150efe261184bd59f072a?s=96&d=mm&r=g","contentUrl":"https:\/\/secure.gravatar.com\/avatar\/5386283c5db150efe261184bd59f072a?s=96&d=mm&r=g","caption":"staff"},"url":"https:\/\/appsaf.apieproject.com\/news\/fr\/author\/staff\/"}]}},"_links":{"self":[{"href":"https:\/\/appsaf.apieproject.com\/news\/fr\/wp-json\/wp\/v2\/posts\/13585","targetHints":{"allow":["GET"]}}],"collection":[{"href":"https:\/\/appsaf.apieproject.com\/news\/fr\/wp-json\/wp\/v2\/posts"}],"about":[{"href":"https:\/\/appsaf.apieproject.com\/news\/fr\/wp-json\/wp\/v2\/types\/post"}],"author":[{"embeddable":true,"href":"https:\/\/appsaf.apieproject.com\/news\/fr\/wp-json\/wp\/v2\/users\/12963"}],"replies":[{"embeddable":true,"href":"https:\/\/appsaf.apieproject.com\/news\/fr\/wp-json\/wp\/v2\/comments?post=13585"}],"version-history":[{"count":1,"href":"https:\/\/appsaf.apieproject.com\/news\/fr\/wp-json\/wp\/v2\/posts\/13585\/revisions"}],"predecessor-version":[{"id":13762,"href":"https:\/\/appsaf.apieproject.com\/news\/fr\/wp-json\/wp\/v2\/posts\/13585\/revisions\/13762"}],"wp:featuredmedia":[{"embeddable":true,"href":"https:\/\/appsaf.apieproject.com\/news\/fr\/wp-json\/wp\/v2\/media\/13582"}],"wp:attachment":[{"href":"https:\/\/appsaf.apieproject.com\/news\/fr\/wp-json\/wp\/v2\/media?parent=13585"}],"wp:term":[{"taxonomy":"category","embeddable":true,"href":"https:\/\/appsaf.apieproject.com\/news\/fr\/wp-json\/wp\/v2\/categories?post=13585"},{"taxonomy":"post_tag","embeddable":true,"href":"https:\/\/appsaf.apieproject.com\/news\/fr\/wp-json\/wp\/v2\/tags?post=13585"}],"curies":[{"name":"wp","href":"https:\/\/api.w.org\/{rel}","templated":true}]}}