{"id":13673,"date":"2022-08-04T07:18:21","date_gmt":"2022-08-04T07:18:21","guid":{"rendered":"https:\/\/appsaf.apieproject.com\/news\/?p=13673"},"modified":"2022-08-04T07:18:23","modified_gmt":"2022-08-04T07:18:23","slug":"foix-ce-week-end-ne-vous-faites-pas-raconter-lafrique-vibrez-la","status":"publish","type":"post","link":"https:\/\/appsaf.apieproject.com\/news\/fr\/2022\/08\/04\/foix-ce-week-end-ne-vous-faites-pas-raconter-lafrique-vibrez-la\/","title":{"rendered":"Foix : ce week-end, ne vous faites pas raconter l\u2019Afrique, vibrez-la !"},"content":{"rendered":"<p>Cela fait d\u00e9j\u00e0 26 ans que le festival Ing\u00e9nieuse Afrique suscite la rencontre et favorise les \u00e9changes, dans le but de promouvoir la diversit\u00e9 culturelle du continent africain. Les membres du collectif en d\u00e9taillent le programme.<\/p>\n<p>Les rues de Foix seront anim\u00e9es ?<\/p>\n<p>Ah \u00e7a oui ! Le festival ouvrira ses portes vendredi \u00e0 10 heures avec une bouff\u00e9e musicale venant de toutes parts : masques sacr\u00e9s de C\u00f4te d\u2019Ivoire, tambours royaux du Burundi, danses traditionnelles du Burkina-Faso d\u00e9ambuleront dans la ville pour \u00ab enjailler \u00bb les Fux\u00e9ens pendant trois jours.<\/p>\n<p>Le c\u0153ur du Festival battra-t-il toujours derri\u00e8re la mairie ?<\/p>\n<p>Depuis le temps, nous nous y sentons chez nous. Entre les stands, en face de la buvette, on pourra d\u00e9guster bissap ou jus de gingembre. Les informations sur les animations et les inscriptions pour les stages (danse, percussions) se feront \u00e0 l\u2019accueil. Le stand \u00ab librairie africaine \u00bb permettra de rencontrer et \u00e9changer avec des auteurs et\/ou acteurs d\u2019associations locales qui \u0153uvrent pour l\u2019Afrique. Quant aux d\u00e9monstrations du bronzier traditionnel au pied de son arbre f\u00e9tiche, c\u2019est devenu un rendez-vous incontournable.<br \/>\nPuis, vers le fond, rendez-vous sur la sc\u00e8ne ouverte dans le petit jardin en alc\u00f4ve. En journ\u00e9e comme en soir\u00e9e, ce sera l\u2019occasion de d\u00e9couvrir les musiciens du \u00ab off \u00bb, par exemple lors d\u2019un voyage impromptu \u00e0 Madagascar (vendredi \u00e0 20 heures).<\/p>\n<p>Et pour les petites ou grandes faims ?<\/p>\n<p>Vous nous connaissez, on a tout pr\u00e9vu (rires) ! Trois restaurants africains surplombant le march\u00e9 permettront de d\u00e9couvrir les sp\u00e9cialit\u00e9s du S\u00e9n\u00e9gal, de Centrafrique et du Cap Vert.<\/p>\n<p>Pour les animations, il faudra passer le porche de la mairie ?<\/p>\n<p>Absolument, parmi les trois salles, l\u2019une accueillera trois projections cin\u00e9matographiques par jour, suivies d\u2019\u00e9changes avec les r\u00e9alisateurs abordant des th\u00e8mes vari\u00e9s (culte vaudou des m\u00e8res sorci\u00e8res d\u2019un village du B\u00e9nin, t\u00e9moignage d\u2019une photographe \u00e0 bord de l\u2019Aquarius, et apprentissage de la danse des masques par les enfants d\u2019un village du Burkina Faso).<br \/>\nDans l\u2019autre, une exposition fournie ravira les amateurs avec des photos c\u00e9l\u00e9brant les femmes nig\u00e9riennes, s\u00e9n\u00e9galaise ou en exil ; des sculptures de bois, de pierre, de m\u00e9tal et de bronze de trois artistes burkinab\u00e9s prestigieux ; et les toiles d\u2019un peintre b\u00e9ninois talentueux illustrant l\u2019art contemporain africain.<br \/>\nEt dans la derni\u00e8re, des cr\u00e9ations textiles du Pays Dogon croiseront ing\u00e9nieusement art et artisanat.<\/p>\n<p>Le jardin de la Pass\u00e9jade sera cette ann\u00e9e encore investi ?<\/p>\n<p>Cet espace public s\u2019y pr\u00eate compl\u00e8tement. Et permettez-nous de dire ce texte : \u00abLorsque l\u2019heure est \u00e0 la s\u00e9r\u00e9nit\u00e9, venez \u00e9couter la conteuse de Bobo Dioulasso&#8230; Au-del\u00e0 des rires et des mots, red\u00e9couvrez l\u2019importance de la transmission orale. Puis fermez les yeux et laissez-vous emporter par la voix envo\u00fbtante du griot et les notes d\u00e9licates de son N\u2019Goni. Rouvrez les yeux : le jardin est parsem\u00e9 de huttes habit\u00e9es par des artisans incroyables ! Tisserands, marionnettiste, sculpteurs, batikier, facteur d\u2019instruments\u2026 ils vous attendent pour vous expliquer et vous montrer leur savoir-faire.\u00bb<\/p>\n<p>Et sous la halle aux grains, les concerts.<\/p>\n<p>Oui, vendredi \u00e0 21h30 et d\u00e8s 19 heures le samedi, la grande sc\u00e8ne s\u2019\u00e9clairera et le paysage sonore s\u2019intensifiera ! \u00c0 l\u2019affiche : Jahkasa (reggae mandingue au balafon et textes engag\u00e9s), Jo et la Cie Amounia (spectacle de masques sacr\u00e9s de la C\u00f4te d\u2019Ivoire), Tiwiza feat \u00c0 Une Not\u2019 Pr\u00e8s (rencontre ing\u00e9nieuse entre rock berb\u00e8re et ensemble \u00e0 cordes ari\u00e9geois), Paamath en 7tet (blues pop folk s\u00e9n\u00e9galais, fusion des voix, union des \u00e2mes).<\/p>\n<p>Le collectif, un credo pour Ing\u00e9nieuse Afrique<br \/>\n\u00ab On ne veut parler que d\u2019une seule voix ! Un collectif, c\u2019est un groupe solide et solidaire, poss\u00e9dant la m\u00eame vision des choses pour un objectif commun. Chez nous, il n\u2019y a pas de hi\u00e9rarchie, tout le monde donne ce qu\u2019il est, ce qu\u2019il a, \u00e0 son niveau. Les nouvelles id\u00e9es sont accueillies avec la m\u00eame bienveillance et si toutes ne se concr\u00e9tisent pas imm\u00e9diatement, elles sont pr\u00e9cieusement conserv\u00e9es pour enrichir de futures manifestations. L\u2019essentiel, c\u2019est que r\u00e8gnent la bonne humeur et de bonnes vibrations entre nous, organisateurs et artistes. Nous pensons que cela a peut-\u00eatre un impact sur l\u2019ambiance g\u00e9n\u00e9rale du festival. Car cela fait tout de m\u00eame 26 ans que \u00e7a fonctionne !<\/p>\n","protected":false},"excerpt":{"rendered":"<p>La ville enti\u00e8re sera habit\u00e9e par une atmosph\u00e8re africaine durant trois jours de f\u00eate, trois jours de culture, trois jours de joie, du 5 au 7 ao\u00fbt. Par sa gratuit\u00e9, le festival Ing\u00e9nieuse Afrique offre \u00e0 toutes et \u00e0 tous une ouverture sensible sur le monde.<\/p>\n","protected":false},"author":12963,"featured_media":13670,"comment_status":"open","ping_status":"open","sticky":false,"template":"","format":"standard","meta":{"footnotes":""},"categories":[53,55],"tags":[78,87,88],"class_list":{"0":"post-13673","1":"post","2":"type-post","3":"status-publish","4":"format-standard","5":"has-post-thumbnail","7":"category-culture-fr","8":"category-divertissement","9":"tag-apie-project-2","10":"tag-culture-2","11":"tag-divertissement"},"yoast_head":"<!-- This site is optimized with the Yoast SEO plugin v24.4 - https:\/\/yoast.com\/wordpress\/plugins\/seo\/ -->\n<title>Foix : ce week-end, ne vous faites pas raconter l\u2019Afrique, vibrez-la ! - APIE NEWS<\/title>\n<meta name=\"robots\" content=\"index, follow, max-snippet:-1, max-image-preview:large, max-video-preview:-1\" \/>\n<link rel=\"canonical\" href=\"https:\/\/appsaf.apieproject.com\/news\/fr\/2022\/08\/04\/foix-ce-week-end-ne-vous-faites-pas-raconter-lafrique-vibrez-la\/\" \/>\n<meta property=\"og:locale\" content=\"fr_FR\" \/>\n<meta property=\"og:type\" content=\"article\" \/>\n<meta property=\"og:title\" content=\"Foix : ce week-end, ne vous faites pas raconter l\u2019Afrique, vibrez-la ! - APIE NEWS\" \/>\n<meta property=\"og:description\" content=\"La ville enti\u00e8re sera habit\u00e9e par une atmosph\u00e8re africaine durant trois jours de f\u00eate, trois jours de culture, trois jours de joie, du 5 au 7 ao\u00fbt. Par sa gratuit\u00e9, le festival Ing\u00e9nieuse Afrique offre \u00e0 toutes et \u00e0 tous une ouverture sensible sur le monde.\" \/>\n<meta property=\"og:url\" content=\"https:\/\/appsaf.apieproject.com\/news\/fr\/2022\/08\/04\/foix-ce-week-end-ne-vous-faites-pas-raconter-lafrique-vibrez-la\/\" \/>\n<meta property=\"og:site_name\" content=\"APIE NEWS\" \/>\n<meta property=\"article:publisher\" content=\"https:\/\/facebook.com\/apieproject\" \/>\n<meta property=\"article:published_time\" content=\"2022-08-04T07:18:21+00:00\" \/>\n<meta property=\"article:modified_time\" content=\"2022-08-04T07:18:23+00:00\" \/>\n<meta property=\"og:image\" content=\"https:\/\/appsaf.apieproject.com\/news\/wp-content\/uploads\/sites\/29\/2022\/08\/image-05d4854cb4d20e0eb08712fc50d6520c.jpg\" \/>\n\t<meta property=\"og:image:width\" content=\"885\" \/>\n\t<meta property=\"og:image:height\" content=\"500\" \/>\n\t<meta property=\"og:image:type\" content=\"image\/jpeg\" \/>\n<meta name=\"author\" content=\"staff\" \/>\n<meta name=\"twitter:card\" content=\"summary_large_image\" \/>\n<meta name=\"twitter:creator\" content=\"@apieproject\" \/>\n<meta name=\"twitter:site\" content=\"@apieproject\" \/>\n<meta name=\"twitter:label1\" content=\"\u00c9crit par\" \/>\n\t<meta name=\"twitter:data1\" content=\"staff\" \/>\n\t<meta name=\"twitter:label2\" content=\"Dur\u00e9e de lecture estim\u00e9e\" \/>\n\t<meta name=\"twitter:data2\" content=\"4 minutes\" \/>\n<script type=\"application\/ld+json\" class=\"yoast-schema-graph\">{\"@context\":\"https:\/\/schema.org\",\"@graph\":[{\"@type\":\"Article\",\"@id\":\"https:\/\/appsaf.apieproject.com\/news\/fr\/2022\/08\/04\/foix-ce-week-end-ne-vous-faites-pas-raconter-lafrique-vibrez-la\/#article\",\"isPartOf\":{\"@id\":\"https:\/\/appsaf.apieproject.com\/news\/fr\/2022\/08\/04\/foix-ce-week-end-ne-vous-faites-pas-raconter-lafrique-vibrez-la\/\"},\"author\":{\"name\":\"staff\",\"@id\":\"https:\/\/appsaf.apieproject.com\/news\/#\/schema\/person\/399517cac378948cd7b39086f9ddc2a7\"},\"headline\":\"Foix : ce week-end, ne vous faites pas raconter l\u2019Afrique, vibrez-la !\",\"datePublished\":\"2022-08-04T07:18:21+00:00\",\"dateModified\":\"2022-08-04T07:18:23+00:00\",\"mainEntityOfPage\":{\"@id\":\"https:\/\/appsaf.apieproject.com\/news\/fr\/2022\/08\/04\/foix-ce-week-end-ne-vous-faites-pas-raconter-lafrique-vibrez-la\/\"},\"wordCount\":779,\"commentCount\":0,\"publisher\":{\"@id\":\"https:\/\/appsaf.apieproject.com\/news\/#organization\"},\"image\":{\"@id\":\"https:\/\/appsaf.apieproject.com\/news\/fr\/2022\/08\/04\/foix-ce-week-end-ne-vous-faites-pas-raconter-lafrique-vibrez-la\/#primaryimage\"},\"thumbnailUrl\":\"https:\/\/appsaf.apieproject.com\/news\/wp-content\/uploads\/sites\/29\/2022\/08\/image-05d4854cb4d20e0eb08712fc50d6520c.jpg\",\"keywords\":[\"apie project\",\"culture\",\"divertissement\"],\"articleSection\":[\"Culture\",\"Divertissement\"],\"inLanguage\":\"fr-FR\",\"potentialAction\":[{\"@type\":\"CommentAction\",\"name\":\"Comment\",\"target\":[\"https:\/\/appsaf.apieproject.com\/news\/fr\/2022\/08\/04\/foix-ce-week-end-ne-vous-faites-pas-raconter-lafrique-vibrez-la\/#respond\"]}]},{\"@type\":\"WebPage\",\"@id\":\"https:\/\/appsaf.apieproject.com\/news\/fr\/2022\/08\/04\/foix-ce-week-end-ne-vous-faites-pas-raconter-lafrique-vibrez-la\/\",\"url\":\"https:\/\/appsaf.apieproject.com\/news\/fr\/2022\/08\/04\/foix-ce-week-end-ne-vous-faites-pas-raconter-lafrique-vibrez-la\/\",\"name\":\"Foix : ce week-end, ne vous faites pas raconter l\u2019Afrique, vibrez-la ! - APIE NEWS\",\"isPartOf\":{\"@id\":\"https:\/\/appsaf.apieproject.com\/news\/#website\"},\"primaryImageOfPage\":{\"@id\":\"https:\/\/appsaf.apieproject.com\/news\/fr\/2022\/08\/04\/foix-ce-week-end-ne-vous-faites-pas-raconter-lafrique-vibrez-la\/#primaryimage\"},\"image\":{\"@id\":\"https:\/\/appsaf.apieproject.com\/news\/fr\/2022\/08\/04\/foix-ce-week-end-ne-vous-faites-pas-raconter-lafrique-vibrez-la\/#primaryimage\"},\"thumbnailUrl\":\"https:\/\/appsaf.apieproject.com\/news\/wp-content\/uploads\/sites\/29\/2022\/08\/image-05d4854cb4d20e0eb08712fc50d6520c.jpg\",\"datePublished\":\"2022-08-04T07:18:21+00:00\",\"dateModified\":\"2022-08-04T07:18:23+00:00\",\"breadcrumb\":{\"@id\":\"https:\/\/appsaf.apieproject.com\/news\/fr\/2022\/08\/04\/foix-ce-week-end-ne-vous-faites-pas-raconter-lafrique-vibrez-la\/#breadcrumb\"},\"inLanguage\":\"fr-FR\",\"potentialAction\":[{\"@type\":\"ReadAction\",\"target\":[\"https:\/\/appsaf.apieproject.com\/news\/fr\/2022\/08\/04\/foix-ce-week-end-ne-vous-faites-pas-raconter-lafrique-vibrez-la\/\"]}]},{\"@type\":\"ImageObject\",\"inLanguage\":\"fr-FR\",\"@id\":\"https:\/\/appsaf.apieproject.com\/news\/fr\/2022\/08\/04\/foix-ce-week-end-ne-vous-faites-pas-raconter-lafrique-vibrez-la\/#primaryimage\",\"url\":\"https:\/\/appsaf.apieproject.com\/news\/wp-content\/uploads\/sites\/29\/2022\/08\/image-05d4854cb4d20e0eb08712fc50d6520c.jpg\",\"contentUrl\":\"https:\/\/appsaf.apieproject.com\/news\/wp-content\/uploads\/sites\/29\/2022\/08\/image-05d4854cb4d20e0eb08712fc50d6520c.jpg\",\"width\":885,\"height\":500},{\"@type\":\"BreadcrumbList\",\"@id\":\"https:\/\/appsaf.apieproject.com\/news\/fr\/2022\/08\/04\/foix-ce-week-end-ne-vous-faites-pas-raconter-lafrique-vibrez-la\/#breadcrumb\",\"itemListElement\":[{\"@type\":\"ListItem\",\"position\":1,\"name\":\"Home\",\"item\":\"https:\/\/appsaf.apieproject.com\/news\/fr\/home\/\"},{\"@type\":\"ListItem\",\"position\":2,\"name\":\"Foix : ce week-end, ne vous faites pas raconter l\u2019Afrique, vibrez-la !\"}]},{\"@type\":\"WebSite\",\"@id\":\"https:\/\/appsaf.apieproject.com\/news\/#website\",\"url\":\"https:\/\/appsaf.apieproject.com\/news\/\",\"name\":\"APIE NEWS\",\"description\":\"PANAFRICANISM NEWS PORTAL\",\"publisher\":{\"@id\":\"https:\/\/appsaf.apieproject.com\/news\/#organization\"},\"potentialAction\":[{\"@type\":\"SearchAction\",\"target\":{\"@type\":\"EntryPoint\",\"urlTemplate\":\"https:\/\/appsaf.apieproject.com\/news\/?s={search_term_string}\"},\"query-input\":{\"@type\":\"PropertyValueSpecification\",\"valueRequired\":true,\"valueName\":\"search_term_string\"}}],\"inLanguage\":\"fr-FR\"},{\"@type\":\"Organization\",\"@id\":\"https:\/\/appsaf.apieproject.com\/news\/#organization\",\"name\":\"APIE PROJECT\",\"url\":\"https:\/\/appsaf.apieproject.com\/news\/\",\"logo\":{\"@type\":\"ImageObject\",\"inLanguage\":\"fr-FR\",\"@id\":\"https:\/\/appsaf.apieproject.com\/news\/#\/schema\/logo\/image\/\",\"url\":\"https:\/\/appsaf.apieproject.com\/news\/wp-content\/uploads\/sites\/29\/2022\/07\/logo-R-TransparentBackground.png\",\"contentUrl\":\"https:\/\/appsaf.apieproject.com\/news\/wp-content\/uploads\/sites\/29\/2022\/07\/logo-R-TransparentBackground.png\",\"width\":512,\"height\":512,\"caption\":\"APIE PROJECT\"},\"image\":{\"@id\":\"https:\/\/appsaf.apieproject.com\/news\/#\/schema\/logo\/image\/\"},\"sameAs\":[\"https:\/\/facebook.com\/apieproject\",\"https:\/\/x.com\/apieproject\"]},{\"@type\":\"Person\",\"@id\":\"https:\/\/appsaf.apieproject.com\/news\/#\/schema\/person\/399517cac378948cd7b39086f9ddc2a7\",\"name\":\"staff\",\"image\":{\"@type\":\"ImageObject\",\"inLanguage\":\"fr-FR\",\"@id\":\"https:\/\/appsaf.apieproject.com\/news\/#\/schema\/person\/image\/\",\"url\":\"https:\/\/secure.gravatar.com\/avatar\/5386283c5db150efe261184bd59f072a?s=96&d=mm&r=g\",\"contentUrl\":\"https:\/\/secure.gravatar.com\/avatar\/5386283c5db150efe261184bd59f072a?s=96&d=mm&r=g\",\"caption\":\"staff\"},\"url\":\"https:\/\/appsaf.apieproject.com\/news\/fr\/author\/staff\/\"}]}<\/script>\n<!-- \/ Yoast SEO plugin. -->","yoast_head_json":{"title":"Foix : ce week-end, ne vous faites pas raconter l\u2019Afrique, vibrez-la ! - APIE NEWS","robots":{"index":"index","follow":"follow","max-snippet":"max-snippet:-1","max-image-preview":"max-image-preview:large","max-video-preview":"max-video-preview:-1"},"canonical":"https:\/\/appsaf.apieproject.com\/news\/fr\/2022\/08\/04\/foix-ce-week-end-ne-vous-faites-pas-raconter-lafrique-vibrez-la\/","og_locale":"fr_FR","og_type":"article","og_title":"Foix : ce week-end, ne vous faites pas raconter l\u2019Afrique, vibrez-la ! - APIE NEWS","og_description":"La ville enti\u00e8re sera habit\u00e9e par une atmosph\u00e8re africaine durant trois jours de f\u00eate, trois jours de culture, trois jours de joie, du 5 au 7 ao\u00fbt. Par sa gratuit\u00e9, le festival Ing\u00e9nieuse Afrique offre \u00e0 toutes et \u00e0 tous une ouverture sensible sur le monde.","og_url":"https:\/\/appsaf.apieproject.com\/news\/fr\/2022\/08\/04\/foix-ce-week-end-ne-vous-faites-pas-raconter-lafrique-vibrez-la\/","og_site_name":"APIE NEWS","article_publisher":"https:\/\/facebook.com\/apieproject","article_published_time":"2022-08-04T07:18:21+00:00","article_modified_time":"2022-08-04T07:18:23+00:00","og_image":[{"width":885,"height":500,"url":"https:\/\/appsaf.apieproject.com\/news\/wp-content\/uploads\/sites\/29\/2022\/08\/image-05d4854cb4d20e0eb08712fc50d6520c.jpg","type":"image\/jpeg"}],"author":"staff","twitter_card":"summary_large_image","twitter_creator":"@apieproject","twitter_site":"@apieproject","twitter_misc":{"\u00c9crit par":"staff","Dur\u00e9e de lecture estim\u00e9e":"4 minutes"},"schema":{"@context":"https:\/\/schema.org","@graph":[{"@type":"Article","@id":"https:\/\/appsaf.apieproject.com\/news\/fr\/2022\/08\/04\/foix-ce-week-end-ne-vous-faites-pas-raconter-lafrique-vibrez-la\/#article","isPartOf":{"@id":"https:\/\/appsaf.apieproject.com\/news\/fr\/2022\/08\/04\/foix-ce-week-end-ne-vous-faites-pas-raconter-lafrique-vibrez-la\/"},"author":{"name":"staff","@id":"https:\/\/appsaf.apieproject.com\/news\/#\/schema\/person\/399517cac378948cd7b39086f9ddc2a7"},"headline":"Foix : ce week-end, ne vous faites pas raconter l\u2019Afrique, vibrez-la !","datePublished":"2022-08-04T07:18:21+00:00","dateModified":"2022-08-04T07:18:23+00:00","mainEntityOfPage":{"@id":"https:\/\/appsaf.apieproject.com\/news\/fr\/2022\/08\/04\/foix-ce-week-end-ne-vous-faites-pas-raconter-lafrique-vibrez-la\/"},"wordCount":779,"commentCount":0,"publisher":{"@id":"https:\/\/appsaf.apieproject.com\/news\/#organization"},"image":{"@id":"https:\/\/appsaf.apieproject.com\/news\/fr\/2022\/08\/04\/foix-ce-week-end-ne-vous-faites-pas-raconter-lafrique-vibrez-la\/#primaryimage"},"thumbnailUrl":"https:\/\/appsaf.apieproject.com\/news\/wp-content\/uploads\/sites\/29\/2022\/08\/image-05d4854cb4d20e0eb08712fc50d6520c.jpg","keywords":["apie project","culture","divertissement"],"articleSection":["Culture","Divertissement"],"inLanguage":"fr-FR","potentialAction":[{"@type":"CommentAction","name":"Comment","target":["https:\/\/appsaf.apieproject.com\/news\/fr\/2022\/08\/04\/foix-ce-week-end-ne-vous-faites-pas-raconter-lafrique-vibrez-la\/#respond"]}]},{"@type":"WebPage","@id":"https:\/\/appsaf.apieproject.com\/news\/fr\/2022\/08\/04\/foix-ce-week-end-ne-vous-faites-pas-raconter-lafrique-vibrez-la\/","url":"https:\/\/appsaf.apieproject.com\/news\/fr\/2022\/08\/04\/foix-ce-week-end-ne-vous-faites-pas-raconter-lafrique-vibrez-la\/","name":"Foix : ce week-end, ne vous faites pas raconter l\u2019Afrique, vibrez-la ! - APIE NEWS","isPartOf":{"@id":"https:\/\/appsaf.apieproject.com\/news\/#website"},"primaryImageOfPage":{"@id":"https:\/\/appsaf.apieproject.com\/news\/fr\/2022\/08\/04\/foix-ce-week-end-ne-vous-faites-pas-raconter-lafrique-vibrez-la\/#primaryimage"},"image":{"@id":"https:\/\/appsaf.apieproject.com\/news\/fr\/2022\/08\/04\/foix-ce-week-end-ne-vous-faites-pas-raconter-lafrique-vibrez-la\/#primaryimage"},"thumbnailUrl":"https:\/\/appsaf.apieproject.com\/news\/wp-content\/uploads\/sites\/29\/2022\/08\/image-05d4854cb4d20e0eb08712fc50d6520c.jpg","datePublished":"2022-08-04T07:18:21+00:00","dateModified":"2022-08-04T07:18:23+00:00","breadcrumb":{"@id":"https:\/\/appsaf.apieproject.com\/news\/fr\/2022\/08\/04\/foix-ce-week-end-ne-vous-faites-pas-raconter-lafrique-vibrez-la\/#breadcrumb"},"inLanguage":"fr-FR","potentialAction":[{"@type":"ReadAction","target":["https:\/\/appsaf.apieproject.com\/news\/fr\/2022\/08\/04\/foix-ce-week-end-ne-vous-faites-pas-raconter-lafrique-vibrez-la\/"]}]},{"@type":"ImageObject","inLanguage":"fr-FR","@id":"https:\/\/appsaf.apieproject.com\/news\/fr\/2022\/08\/04\/foix-ce-week-end-ne-vous-faites-pas-raconter-lafrique-vibrez-la\/#primaryimage","url":"https:\/\/appsaf.apieproject.com\/news\/wp-content\/uploads\/sites\/29\/2022\/08\/image-05d4854cb4d20e0eb08712fc50d6520c.jpg","contentUrl":"https:\/\/appsaf.apieproject.com\/news\/wp-content\/uploads\/sites\/29\/2022\/08\/image-05d4854cb4d20e0eb08712fc50d6520c.jpg","width":885,"height":500},{"@type":"BreadcrumbList","@id":"https:\/\/appsaf.apieproject.com\/news\/fr\/2022\/08\/04\/foix-ce-week-end-ne-vous-faites-pas-raconter-lafrique-vibrez-la\/#breadcrumb","itemListElement":[{"@type":"ListItem","position":1,"name":"Home","item":"https:\/\/appsaf.apieproject.com\/news\/fr\/home\/"},{"@type":"ListItem","position":2,"name":"Foix : ce week-end, ne vous faites pas raconter l\u2019Afrique, vibrez-la !"}]},{"@type":"WebSite","@id":"https:\/\/appsaf.apieproject.com\/news\/#website","url":"https:\/\/appsaf.apieproject.com\/news\/","name":"APIE NEWS","description":"PANAFRICANISM NEWS PORTAL","publisher":{"@id":"https:\/\/appsaf.apieproject.com\/news\/#organization"},"potentialAction":[{"@type":"SearchAction","target":{"@type":"EntryPoint","urlTemplate":"https:\/\/appsaf.apieproject.com\/news\/?s={search_term_string}"},"query-input":{"@type":"PropertyValueSpecification","valueRequired":true,"valueName":"search_term_string"}}],"inLanguage":"fr-FR"},{"@type":"Organization","@id":"https:\/\/appsaf.apieproject.com\/news\/#organization","name":"APIE PROJECT","url":"https:\/\/appsaf.apieproject.com\/news\/","logo":{"@type":"ImageObject","inLanguage":"fr-FR","@id":"https:\/\/appsaf.apieproject.com\/news\/#\/schema\/logo\/image\/","url":"https:\/\/appsaf.apieproject.com\/news\/wp-content\/uploads\/sites\/29\/2022\/07\/logo-R-TransparentBackground.png","contentUrl":"https:\/\/appsaf.apieproject.com\/news\/wp-content\/uploads\/sites\/29\/2022\/07\/logo-R-TransparentBackground.png","width":512,"height":512,"caption":"APIE PROJECT"},"image":{"@id":"https:\/\/appsaf.apieproject.com\/news\/#\/schema\/logo\/image\/"},"sameAs":["https:\/\/facebook.com\/apieproject","https:\/\/x.com\/apieproject"]},{"@type":"Person","@id":"https:\/\/appsaf.apieproject.com\/news\/#\/schema\/person\/399517cac378948cd7b39086f9ddc2a7","name":"staff","image":{"@type":"ImageObject","inLanguage":"fr-FR","@id":"https:\/\/appsaf.apieproject.com\/news\/#\/schema\/person\/image\/","url":"https:\/\/secure.gravatar.com\/avatar\/5386283c5db150efe261184bd59f072a?s=96&d=mm&r=g","contentUrl":"https:\/\/secure.gravatar.com\/avatar\/5386283c5db150efe261184bd59f072a?s=96&d=mm&r=g","caption":"staff"},"url":"https:\/\/appsaf.apieproject.com\/news\/fr\/author\/staff\/"}]}},"_links":{"self":[{"href":"https:\/\/appsaf.apieproject.com\/news\/fr\/wp-json\/wp\/v2\/posts\/13673","targetHints":{"allow":["GET"]}}],"collection":[{"href":"https:\/\/appsaf.apieproject.com\/news\/fr\/wp-json\/wp\/v2\/posts"}],"about":[{"href":"https:\/\/appsaf.apieproject.com\/news\/fr\/wp-json\/wp\/v2\/types\/post"}],"author":[{"embeddable":true,"href":"https:\/\/appsaf.apieproject.com\/news\/fr\/wp-json\/wp\/v2\/users\/12963"}],"replies":[{"embeddable":true,"href":"https:\/\/appsaf.apieproject.com\/news\/fr\/wp-json\/wp\/v2\/comments?post=13673"}],"version-history":[{"count":1,"href":"https:\/\/appsaf.apieproject.com\/news\/fr\/wp-json\/wp\/v2\/posts\/13673\/revisions"}],"predecessor-version":[{"id":13721,"href":"https:\/\/appsaf.apieproject.com\/news\/fr\/wp-json\/wp\/v2\/posts\/13673\/revisions\/13721"}],"wp:featuredmedia":[{"embeddable":true,"href":"https:\/\/appsaf.apieproject.com\/news\/fr\/wp-json\/wp\/v2\/media\/13670"}],"wp:attachment":[{"href":"https:\/\/appsaf.apieproject.com\/news\/fr\/wp-json\/wp\/v2\/media?parent=13673"}],"wp:term":[{"taxonomy":"category","embeddable":true,"href":"https:\/\/appsaf.apieproject.com\/news\/fr\/wp-json\/wp\/v2\/categories?post=13673"},{"taxonomy":"post_tag","embeddable":true,"href":"https:\/\/appsaf.apieproject.com\/news\/fr\/wp-json\/wp\/v2\/tags?post=13673"}],"curies":[{"name":"wp","href":"https:\/\/api.w.org\/{rel}","templated":true}]}}