{"id":13689,"date":"2022-08-04T07:13:21","date_gmt":"2022-08-04T07:13:21","guid":{"rendered":"https:\/\/appsaf.apieproject.com\/news\/?p=13689"},"modified":"2022-08-04T07:13:23","modified_gmt":"2022-08-04T07:13:23","slug":"le-richard-bona-et-alfredo-rodriguez-band-au-crest-jazz-festival","status":"publish","type":"post","link":"https:\/\/appsaf.apieproject.com\/news\/fr\/2022\/08\/04\/le-richard-bona-et-alfredo-rodriguez-band-au-crest-jazz-festival\/","title":{"rendered":"Le Richard Bona et Alfredo Rodriguez Band au Crest Jazz festival"},"content":{"rendered":"<p>C\u2019est ce qu\u2019on appelle une claque. Il fallait s\u2019y attendre : la liste des collaborations de Richard Bona, nomin\u00e9 aux Grammy Awards et aux Victoires du Jazz, est impressionnante. Harry Belafonte, Joe Zawinul, Bobby McFerrin\u2026<\/p>\n<p>\u00ab Ici, c\u2019est Crest donc. Quand j\u2019ai regard\u00e9 la liste des endroits o\u00f9 on allait jouer, j\u2019ai vu New York, Londres, Los Angeles, et puis\u2026 Crest \u00bb, dit-il avec humour. Cette commune de 8270 habitants abrite en effet depuis presque 50 ans, chaque premi\u00e8re semaine d\u2019ao\u00fbt, le Crest jazz festival, o\u00f9 les plus grands noms se sont produits : Nina Simone, Cesaria Evora, Ray Charles, Claude Nougaro, Ya\u00ebl Na\u00efm\u2026 \u00ab Du coup, les habitants de Crest, on les appelle comment ? Les Crestiens (chr\u00e9tiens)\u2026 ? \u00bb.<\/p>\n<p>Les Crestois, donc, ont pu assister \u00e0 la rencontre des deux stars, rencontre qui donne un subtil m\u00e9lange de musique cubaine et africaine, avec des touches de funk et de classique. Nous avons ainsi pu appr\u00e9cier, dans la partie num\u00e9ro 4 de la suite espagnole \u00ab Andalucia \u00bb d\u2019Ernesto Lecuona, \u00ab Gitanerias \u00bb, le jeu pr\u00e9cis, perl\u00e9 et virtuose d\u2019Alfredo Rodriguez. Form\u00e9 dans les rigoureux conservatoires classiques de La Havane, le pianiste est autant inspir\u00e9 par Bach que par Piazzolla. \u00ab Et tout ce qu\u2019il joue l\u00e0, c\u2019est moi qui lui ai appris \u00bb, plaisante Richard Bona apr\u00e8s un solo de piano des plus impressionnants. Quant \u00e0 celui-ci, c\u2019est apr\u00e8s avoir \u00e9cout\u00e9 Jaco Pastorius qu\u2019il choisit la basse comme instrument. Mais il est un instrument \u00e0 lui tout seul, ses propres cordes vocales suffisent \u00e0 nous charmer.<\/p>\n<p>Apr\u00e8s nous avoir fait danser et chanter sur \u00ab O sen sen sen \u00bb (\u00ab comme c\u2019\u00e9tait dimanche hier\u2026 \u00bb dit-il pendant le morceau, en nous b\u00e9nissant avec l\u2019eau de sa petite bouteille) ou bien \u00ab Ay, mama In\u00e9s \u00bb, le concert finit par un rappel tout en douceur et m\u00e9lancolie avec un duo piano-voix sur \u00ab Alfonsina y el mar \u00bb, une chanson poignante mise en musique par Ariel Ramirez et \u00e9crite par l\u2019auteur argentin F\u00e9lix Luna en hommage \u00e0 la po\u00e9tesse Alfonsina Storni, qui s\u2019est suicid\u00e9e dans la mer \u00e0 46 ans.<\/p>\n<p>Avant cela, Richard Bona fait son num\u00e9ro : \u00ab ah oui, s\u2019ils disaient deux mots en fran\u00e7ais \u2013 tous ses musiciens sont cubains \u2013 moi je devais chanter en espagnol, c\u2019est vrai que j\u2019avais dit \u00e7a dans le bus. Bon, alors la chanson espagnole c\u2019est un \u00e9tat d\u2019esprit, il faut que je me mette dans la peau d\u2019un Espagnol. \u00bb Et le voil\u00e0 qui prend des poses inspir\u00e9es.<\/p>\n<p>Des artistes \u00e0 suivre, faisant preuve \u00e0 la fois d\u2019une grande virtuosit\u00e9, d\u2019une grande musicalit\u00e9 et de beaucoup d\u2019auto-d\u00e9rision.<\/p>\n","protected":false},"excerpt":{"rendered":"<p>Le chanteur et bassiste Richard Bona \u00e9tait en concert lundi soir au Crest jazz festival avec son ami le pianiste Alfredo Rodriguez, prot\u00e9g\u00e9 de Quincy Jones, le percussionniste Michael Olivera et Carlos Sarduy \u00e0 la trompette.<\/p>\n","protected":false},"author":12963,"featured_media":13686,"comment_status":"open","ping_status":"open","sticky":false,"template":"","format":"standard","meta":{"footnotes":""},"categories":[55,65],"tags":[78,88,91],"class_list":{"0":"post-13689","1":"post","2":"type-post","3":"status-publish","4":"format-standard","5":"has-post-thumbnail","7":"category-divertissement","8":"category-musique","9":"tag-apie-project-2","10":"tag-divertissement","11":"tag-musique"},"yoast_head":"<!-- This site is optimized with the Yoast SEO plugin v24.4 - https:\/\/yoast.com\/wordpress\/plugins\/seo\/ -->\n<title>Le Richard Bona et Alfredo Rodriguez Band au Crest Jazz festival - APIE NEWS<\/title>\n<meta name=\"robots\" content=\"index, follow, max-snippet:-1, max-image-preview:large, max-video-preview:-1\" \/>\n<link rel=\"canonical\" href=\"https:\/\/appsaf.apieproject.com\/news\/fr\/2022\/08\/04\/le-richard-bona-et-alfredo-rodriguez-band-au-crest-jazz-festival\/\" \/>\n<meta property=\"og:locale\" content=\"fr_FR\" \/>\n<meta property=\"og:type\" content=\"article\" \/>\n<meta property=\"og:title\" content=\"Le Richard Bona et Alfredo Rodriguez Band au Crest Jazz festival - APIE NEWS\" \/>\n<meta property=\"og:description\" content=\"Le chanteur et bassiste Richard Bona \u00e9tait en concert lundi soir au Crest jazz festival avec son ami le pianiste Alfredo Rodriguez, prot\u00e9g\u00e9 de Quincy Jones, le percussionniste Michael Olivera et Carlos Sarduy \u00e0 la trompette.\" \/>\n<meta property=\"og:url\" content=\"https:\/\/appsaf.apieproject.com\/news\/fr\/2022\/08\/04\/le-richard-bona-et-alfredo-rodriguez-band-au-crest-jazz-festival\/\" \/>\n<meta property=\"og:site_name\" content=\"APIE NEWS\" \/>\n<meta property=\"article:publisher\" content=\"https:\/\/facebook.com\/apieproject\" \/>\n<meta property=\"article:published_time\" content=\"2022-08-04T07:13:21+00:00\" \/>\n<meta property=\"article:modified_time\" content=\"2022-08-04T07:13:23+00:00\" \/>\n<meta property=\"og:image\" content=\"https:\/\/appsaf.apieproject.com\/news\/wp-content\/uploads\/sites\/29\/2022\/08\/296331547_1247011769401464_1479777341037207420_n-275x206-5c0591b9ac8f582a0631441c7a9b8ec8.jpg\" \/>\n\t<meta property=\"og:image:width\" content=\"275\" \/>\n\t<meta property=\"og:image:height\" content=\"206\" \/>\n\t<meta property=\"og:image:type\" content=\"image\/jpeg\" \/>\n<meta name=\"author\" content=\"staff\" \/>\n<meta name=\"twitter:card\" content=\"summary_large_image\" \/>\n<meta name=\"twitter:creator\" content=\"@apieproject\" \/>\n<meta name=\"twitter:site\" content=\"@apieproject\" \/>\n<meta name=\"twitter:label1\" content=\"\u00c9crit par\" \/>\n\t<meta name=\"twitter:data1\" content=\"staff\" \/>\n\t<meta name=\"twitter:label2\" content=\"Dur\u00e9e de lecture estim\u00e9e\" \/>\n\t<meta name=\"twitter:data2\" content=\"3 minutes\" \/>\n<script type=\"application\/ld+json\" class=\"yoast-schema-graph\">{\"@context\":\"https:\/\/schema.org\",\"@graph\":[{\"@type\":\"Article\",\"@id\":\"https:\/\/appsaf.apieproject.com\/news\/fr\/2022\/08\/04\/le-richard-bona-et-alfredo-rodriguez-band-au-crest-jazz-festival\/#article\",\"isPartOf\":{\"@id\":\"https:\/\/appsaf.apieproject.com\/news\/fr\/2022\/08\/04\/le-richard-bona-et-alfredo-rodriguez-band-au-crest-jazz-festival\/\"},\"author\":{\"name\":\"staff\",\"@id\":\"https:\/\/appsaf.apieproject.com\/news\/#\/schema\/person\/399517cac378948cd7b39086f9ddc2a7\"},\"headline\":\"Le Richard Bona et Alfredo Rodriguez Band au Crest Jazz festival\",\"datePublished\":\"2022-08-04T07:13:21+00:00\",\"dateModified\":\"2022-08-04T07:13:23+00:00\",\"mainEntityOfPage\":{\"@id\":\"https:\/\/appsaf.apieproject.com\/news\/fr\/2022\/08\/04\/le-richard-bona-et-alfredo-rodriguez-band-au-crest-jazz-festival\/\"},\"wordCount\":459,\"commentCount\":0,\"publisher\":{\"@id\":\"https:\/\/appsaf.apieproject.com\/news\/#organization\"},\"image\":{\"@id\":\"https:\/\/appsaf.apieproject.com\/news\/fr\/2022\/08\/04\/le-richard-bona-et-alfredo-rodriguez-band-au-crest-jazz-festival\/#primaryimage\"},\"thumbnailUrl\":\"https:\/\/appsaf.apieproject.com\/news\/wp-content\/uploads\/sites\/29\/2022\/08\/296331547_1247011769401464_1479777341037207420_n-275x206-5c0591b9ac8f582a0631441c7a9b8ec8.jpg\",\"keywords\":[\"apie project\",\"divertissement\",\"musique\"],\"articleSection\":[\"Divertissement\",\"Musique\"],\"inLanguage\":\"fr-FR\",\"potentialAction\":[{\"@type\":\"CommentAction\",\"name\":\"Comment\",\"target\":[\"https:\/\/appsaf.apieproject.com\/news\/fr\/2022\/08\/04\/le-richard-bona-et-alfredo-rodriguez-band-au-crest-jazz-festival\/#respond\"]}]},{\"@type\":\"WebPage\",\"@id\":\"https:\/\/appsaf.apieproject.com\/news\/fr\/2022\/08\/04\/le-richard-bona-et-alfredo-rodriguez-band-au-crest-jazz-festival\/\",\"url\":\"https:\/\/appsaf.apieproject.com\/news\/fr\/2022\/08\/04\/le-richard-bona-et-alfredo-rodriguez-band-au-crest-jazz-festival\/\",\"name\":\"Le Richard Bona et Alfredo Rodriguez Band au Crest Jazz festival - APIE NEWS\",\"isPartOf\":{\"@id\":\"https:\/\/appsaf.apieproject.com\/news\/#website\"},\"primaryImageOfPage\":{\"@id\":\"https:\/\/appsaf.apieproject.com\/news\/fr\/2022\/08\/04\/le-richard-bona-et-alfredo-rodriguez-band-au-crest-jazz-festival\/#primaryimage\"},\"image\":{\"@id\":\"https:\/\/appsaf.apieproject.com\/news\/fr\/2022\/08\/04\/le-richard-bona-et-alfredo-rodriguez-band-au-crest-jazz-festival\/#primaryimage\"},\"thumbnailUrl\":\"https:\/\/appsaf.apieproject.com\/news\/wp-content\/uploads\/sites\/29\/2022\/08\/296331547_1247011769401464_1479777341037207420_n-275x206-5c0591b9ac8f582a0631441c7a9b8ec8.jpg\",\"datePublished\":\"2022-08-04T07:13:21+00:00\",\"dateModified\":\"2022-08-04T07:13:23+00:00\",\"breadcrumb\":{\"@id\":\"https:\/\/appsaf.apieproject.com\/news\/fr\/2022\/08\/04\/le-richard-bona-et-alfredo-rodriguez-band-au-crest-jazz-festival\/#breadcrumb\"},\"inLanguage\":\"fr-FR\",\"potentialAction\":[{\"@type\":\"ReadAction\",\"target\":[\"https:\/\/appsaf.apieproject.com\/news\/fr\/2022\/08\/04\/le-richard-bona-et-alfredo-rodriguez-band-au-crest-jazz-festival\/\"]}]},{\"@type\":\"ImageObject\",\"inLanguage\":\"fr-FR\",\"@id\":\"https:\/\/appsaf.apieproject.com\/news\/fr\/2022\/08\/04\/le-richard-bona-et-alfredo-rodriguez-band-au-crest-jazz-festival\/#primaryimage\",\"url\":\"https:\/\/appsaf.apieproject.com\/news\/wp-content\/uploads\/sites\/29\/2022\/08\/296331547_1247011769401464_1479777341037207420_n-275x206-5c0591b9ac8f582a0631441c7a9b8ec8.jpg\",\"contentUrl\":\"https:\/\/appsaf.apieproject.com\/news\/wp-content\/uploads\/sites\/29\/2022\/08\/296331547_1247011769401464_1479777341037207420_n-275x206-5c0591b9ac8f582a0631441c7a9b8ec8.jpg\",\"width\":275,\"height\":206},{\"@type\":\"BreadcrumbList\",\"@id\":\"https:\/\/appsaf.apieproject.com\/news\/fr\/2022\/08\/04\/le-richard-bona-et-alfredo-rodriguez-band-au-crest-jazz-festival\/#breadcrumb\",\"itemListElement\":[{\"@type\":\"ListItem\",\"position\":1,\"name\":\"Home\",\"item\":\"https:\/\/appsaf.apieproject.com\/news\/fr\/home\/\"},{\"@type\":\"ListItem\",\"position\":2,\"name\":\"Le Richard Bona et Alfredo Rodriguez Band au Crest Jazz festival\"}]},{\"@type\":\"WebSite\",\"@id\":\"https:\/\/appsaf.apieproject.com\/news\/#website\",\"url\":\"https:\/\/appsaf.apieproject.com\/news\/\",\"name\":\"APIE NEWS\",\"description\":\"PANAFRICANISM NEWS PORTAL\",\"publisher\":{\"@id\":\"https:\/\/appsaf.apieproject.com\/news\/#organization\"},\"potentialAction\":[{\"@type\":\"SearchAction\",\"target\":{\"@type\":\"EntryPoint\",\"urlTemplate\":\"https:\/\/appsaf.apieproject.com\/news\/?s={search_term_string}\"},\"query-input\":{\"@type\":\"PropertyValueSpecification\",\"valueRequired\":true,\"valueName\":\"search_term_string\"}}],\"inLanguage\":\"fr-FR\"},{\"@type\":\"Organization\",\"@id\":\"https:\/\/appsaf.apieproject.com\/news\/#organization\",\"name\":\"APIE PROJECT\",\"url\":\"https:\/\/appsaf.apieproject.com\/news\/\",\"logo\":{\"@type\":\"ImageObject\",\"inLanguage\":\"fr-FR\",\"@id\":\"https:\/\/appsaf.apieproject.com\/news\/#\/schema\/logo\/image\/\",\"url\":\"https:\/\/appsaf.apieproject.com\/news\/wp-content\/uploads\/sites\/29\/2022\/07\/logo-R-TransparentBackground.png\",\"contentUrl\":\"https:\/\/appsaf.apieproject.com\/news\/wp-content\/uploads\/sites\/29\/2022\/07\/logo-R-TransparentBackground.png\",\"width\":512,\"height\":512,\"caption\":\"APIE PROJECT\"},\"image\":{\"@id\":\"https:\/\/appsaf.apieproject.com\/news\/#\/schema\/logo\/image\/\"},\"sameAs\":[\"https:\/\/facebook.com\/apieproject\",\"https:\/\/x.com\/apieproject\"]},{\"@type\":\"Person\",\"@id\":\"https:\/\/appsaf.apieproject.com\/news\/#\/schema\/person\/399517cac378948cd7b39086f9ddc2a7\",\"name\":\"staff\",\"image\":{\"@type\":\"ImageObject\",\"inLanguage\":\"fr-FR\",\"@id\":\"https:\/\/appsaf.apieproject.com\/news\/#\/schema\/person\/image\/\",\"url\":\"https:\/\/secure.gravatar.com\/avatar\/5386283c5db150efe261184bd59f072a?s=96&d=mm&r=g\",\"contentUrl\":\"https:\/\/secure.gravatar.com\/avatar\/5386283c5db150efe261184bd59f072a?s=96&d=mm&r=g\",\"caption\":\"staff\"},\"url\":\"https:\/\/appsaf.apieproject.com\/news\/fr\/author\/staff\/\"}]}<\/script>\n<!-- \/ Yoast SEO plugin. -->","yoast_head_json":{"title":"Le Richard Bona et Alfredo Rodriguez Band au Crest Jazz festival - APIE NEWS","robots":{"index":"index","follow":"follow","max-snippet":"max-snippet:-1","max-image-preview":"max-image-preview:large","max-video-preview":"max-video-preview:-1"},"canonical":"https:\/\/appsaf.apieproject.com\/news\/fr\/2022\/08\/04\/le-richard-bona-et-alfredo-rodriguez-band-au-crest-jazz-festival\/","og_locale":"fr_FR","og_type":"article","og_title":"Le Richard Bona et Alfredo Rodriguez Band au Crest Jazz festival - APIE NEWS","og_description":"Le chanteur et bassiste Richard Bona \u00e9tait en concert lundi soir au Crest jazz festival avec son ami le pianiste Alfredo Rodriguez, prot\u00e9g\u00e9 de Quincy Jones, le percussionniste Michael Olivera et Carlos Sarduy \u00e0 la trompette.","og_url":"https:\/\/appsaf.apieproject.com\/news\/fr\/2022\/08\/04\/le-richard-bona-et-alfredo-rodriguez-band-au-crest-jazz-festival\/","og_site_name":"APIE NEWS","article_publisher":"https:\/\/facebook.com\/apieproject","article_published_time":"2022-08-04T07:13:21+00:00","article_modified_time":"2022-08-04T07:13:23+00:00","og_image":[{"width":275,"height":206,"url":"https:\/\/appsaf.apieproject.com\/news\/wp-content\/uploads\/sites\/29\/2022\/08\/296331547_1247011769401464_1479777341037207420_n-275x206-5c0591b9ac8f582a0631441c7a9b8ec8.jpg","type":"image\/jpeg"}],"author":"staff","twitter_card":"summary_large_image","twitter_creator":"@apieproject","twitter_site":"@apieproject","twitter_misc":{"\u00c9crit par":"staff","Dur\u00e9e de lecture estim\u00e9e":"3 minutes"},"schema":{"@context":"https:\/\/schema.org","@graph":[{"@type":"Article","@id":"https:\/\/appsaf.apieproject.com\/news\/fr\/2022\/08\/04\/le-richard-bona-et-alfredo-rodriguez-band-au-crest-jazz-festival\/#article","isPartOf":{"@id":"https:\/\/appsaf.apieproject.com\/news\/fr\/2022\/08\/04\/le-richard-bona-et-alfredo-rodriguez-band-au-crest-jazz-festival\/"},"author":{"name":"staff","@id":"https:\/\/appsaf.apieproject.com\/news\/#\/schema\/person\/399517cac378948cd7b39086f9ddc2a7"},"headline":"Le Richard Bona et Alfredo Rodriguez Band au Crest Jazz festival","datePublished":"2022-08-04T07:13:21+00:00","dateModified":"2022-08-04T07:13:23+00:00","mainEntityOfPage":{"@id":"https:\/\/appsaf.apieproject.com\/news\/fr\/2022\/08\/04\/le-richard-bona-et-alfredo-rodriguez-band-au-crest-jazz-festival\/"},"wordCount":459,"commentCount":0,"publisher":{"@id":"https:\/\/appsaf.apieproject.com\/news\/#organization"},"image":{"@id":"https:\/\/appsaf.apieproject.com\/news\/fr\/2022\/08\/04\/le-richard-bona-et-alfredo-rodriguez-band-au-crest-jazz-festival\/#primaryimage"},"thumbnailUrl":"https:\/\/appsaf.apieproject.com\/news\/wp-content\/uploads\/sites\/29\/2022\/08\/296331547_1247011769401464_1479777341037207420_n-275x206-5c0591b9ac8f582a0631441c7a9b8ec8.jpg","keywords":["apie project","divertissement","musique"],"articleSection":["Divertissement","Musique"],"inLanguage":"fr-FR","potentialAction":[{"@type":"CommentAction","name":"Comment","target":["https:\/\/appsaf.apieproject.com\/news\/fr\/2022\/08\/04\/le-richard-bona-et-alfredo-rodriguez-band-au-crest-jazz-festival\/#respond"]}]},{"@type":"WebPage","@id":"https:\/\/appsaf.apieproject.com\/news\/fr\/2022\/08\/04\/le-richard-bona-et-alfredo-rodriguez-band-au-crest-jazz-festival\/","url":"https:\/\/appsaf.apieproject.com\/news\/fr\/2022\/08\/04\/le-richard-bona-et-alfredo-rodriguez-band-au-crest-jazz-festival\/","name":"Le Richard Bona et Alfredo Rodriguez Band au Crest Jazz festival - APIE NEWS","isPartOf":{"@id":"https:\/\/appsaf.apieproject.com\/news\/#website"},"primaryImageOfPage":{"@id":"https:\/\/appsaf.apieproject.com\/news\/fr\/2022\/08\/04\/le-richard-bona-et-alfredo-rodriguez-band-au-crest-jazz-festival\/#primaryimage"},"image":{"@id":"https:\/\/appsaf.apieproject.com\/news\/fr\/2022\/08\/04\/le-richard-bona-et-alfredo-rodriguez-band-au-crest-jazz-festival\/#primaryimage"},"thumbnailUrl":"https:\/\/appsaf.apieproject.com\/news\/wp-content\/uploads\/sites\/29\/2022\/08\/296331547_1247011769401464_1479777341037207420_n-275x206-5c0591b9ac8f582a0631441c7a9b8ec8.jpg","datePublished":"2022-08-04T07:13:21+00:00","dateModified":"2022-08-04T07:13:23+00:00","breadcrumb":{"@id":"https:\/\/appsaf.apieproject.com\/news\/fr\/2022\/08\/04\/le-richard-bona-et-alfredo-rodriguez-band-au-crest-jazz-festival\/#breadcrumb"},"inLanguage":"fr-FR","potentialAction":[{"@type":"ReadAction","target":["https:\/\/appsaf.apieproject.com\/news\/fr\/2022\/08\/04\/le-richard-bona-et-alfredo-rodriguez-band-au-crest-jazz-festival\/"]}]},{"@type":"ImageObject","inLanguage":"fr-FR","@id":"https:\/\/appsaf.apieproject.com\/news\/fr\/2022\/08\/04\/le-richard-bona-et-alfredo-rodriguez-band-au-crest-jazz-festival\/#primaryimage","url":"https:\/\/appsaf.apieproject.com\/news\/wp-content\/uploads\/sites\/29\/2022\/08\/296331547_1247011769401464_1479777341037207420_n-275x206-5c0591b9ac8f582a0631441c7a9b8ec8.jpg","contentUrl":"https:\/\/appsaf.apieproject.com\/news\/wp-content\/uploads\/sites\/29\/2022\/08\/296331547_1247011769401464_1479777341037207420_n-275x206-5c0591b9ac8f582a0631441c7a9b8ec8.jpg","width":275,"height":206},{"@type":"BreadcrumbList","@id":"https:\/\/appsaf.apieproject.com\/news\/fr\/2022\/08\/04\/le-richard-bona-et-alfredo-rodriguez-band-au-crest-jazz-festival\/#breadcrumb","itemListElement":[{"@type":"ListItem","position":1,"name":"Home","item":"https:\/\/appsaf.apieproject.com\/news\/fr\/home\/"},{"@type":"ListItem","position":2,"name":"Le Richard Bona et Alfredo Rodriguez Band au Crest Jazz festival"}]},{"@type":"WebSite","@id":"https:\/\/appsaf.apieproject.com\/news\/#website","url":"https:\/\/appsaf.apieproject.com\/news\/","name":"APIE NEWS","description":"PANAFRICANISM NEWS PORTAL","publisher":{"@id":"https:\/\/appsaf.apieproject.com\/news\/#organization"},"potentialAction":[{"@type":"SearchAction","target":{"@type":"EntryPoint","urlTemplate":"https:\/\/appsaf.apieproject.com\/news\/?s={search_term_string}"},"query-input":{"@type":"PropertyValueSpecification","valueRequired":true,"valueName":"search_term_string"}}],"inLanguage":"fr-FR"},{"@type":"Organization","@id":"https:\/\/appsaf.apieproject.com\/news\/#organization","name":"APIE PROJECT","url":"https:\/\/appsaf.apieproject.com\/news\/","logo":{"@type":"ImageObject","inLanguage":"fr-FR","@id":"https:\/\/appsaf.apieproject.com\/news\/#\/schema\/logo\/image\/","url":"https:\/\/appsaf.apieproject.com\/news\/wp-content\/uploads\/sites\/29\/2022\/07\/logo-R-TransparentBackground.png","contentUrl":"https:\/\/appsaf.apieproject.com\/news\/wp-content\/uploads\/sites\/29\/2022\/07\/logo-R-TransparentBackground.png","width":512,"height":512,"caption":"APIE PROJECT"},"image":{"@id":"https:\/\/appsaf.apieproject.com\/news\/#\/schema\/logo\/image\/"},"sameAs":["https:\/\/facebook.com\/apieproject","https:\/\/x.com\/apieproject"]},{"@type":"Person","@id":"https:\/\/appsaf.apieproject.com\/news\/#\/schema\/person\/399517cac378948cd7b39086f9ddc2a7","name":"staff","image":{"@type":"ImageObject","inLanguage":"fr-FR","@id":"https:\/\/appsaf.apieproject.com\/news\/#\/schema\/person\/image\/","url":"https:\/\/secure.gravatar.com\/avatar\/5386283c5db150efe261184bd59f072a?s=96&d=mm&r=g","contentUrl":"https:\/\/secure.gravatar.com\/avatar\/5386283c5db150efe261184bd59f072a?s=96&d=mm&r=g","caption":"staff"},"url":"https:\/\/appsaf.apieproject.com\/news\/fr\/author\/staff\/"}]}},"_links":{"self":[{"href":"https:\/\/appsaf.apieproject.com\/news\/fr\/wp-json\/wp\/v2\/posts\/13689","targetHints":{"allow":["GET"]}}],"collection":[{"href":"https:\/\/appsaf.apieproject.com\/news\/fr\/wp-json\/wp\/v2\/posts"}],"about":[{"href":"https:\/\/appsaf.apieproject.com\/news\/fr\/wp-json\/wp\/v2\/types\/post"}],"author":[{"embeddable":true,"href":"https:\/\/appsaf.apieproject.com\/news\/fr\/wp-json\/wp\/v2\/users\/12963"}],"replies":[{"embeddable":true,"href":"https:\/\/appsaf.apieproject.com\/news\/fr\/wp-json\/wp\/v2\/comments?post=13689"}],"version-history":[{"count":1,"href":"https:\/\/appsaf.apieproject.com\/news\/fr\/wp-json\/wp\/v2\/posts\/13689\/revisions"}],"predecessor-version":[{"id":13716,"href":"https:\/\/appsaf.apieproject.com\/news\/fr\/wp-json\/wp\/v2\/posts\/13689\/revisions\/13716"}],"wp:featuredmedia":[{"embeddable":true,"href":"https:\/\/appsaf.apieproject.com\/news\/fr\/wp-json\/wp\/v2\/media\/13686"}],"wp:attachment":[{"href":"https:\/\/appsaf.apieproject.com\/news\/fr\/wp-json\/wp\/v2\/media?parent=13689"}],"wp:term":[{"taxonomy":"category","embeddable":true,"href":"https:\/\/appsaf.apieproject.com\/news\/fr\/wp-json\/wp\/v2\/categories?post=13689"},{"taxonomy":"post_tag","embeddable":true,"href":"https:\/\/appsaf.apieproject.com\/news\/fr\/wp-json\/wp\/v2\/tags?post=13689"}],"curies":[{"name":"wp","href":"https:\/\/api.w.org\/{rel}","templated":true}]}}