{"id":13893,"date":"2022-08-07T05:09:54","date_gmt":"2022-08-07T05:09:54","guid":{"rendered":"https:\/\/appsaf.apieproject.com\/news\/?p=13893"},"modified":"2022-08-07T05:09:56","modified_gmt":"2022-08-07T05:09:56","slug":"mode-les-tissus-africains-valorises-a-cocody","status":"publish","type":"post","link":"https:\/\/appsaf.apieproject.com\/news\/fr\/2022\/08\/07\/mode-les-tissus-africains-valorises-a-cocody\/","title":{"rendered":"Mode: Les tissus africains valoris\u00e9s \u00e0 Cocody"},"content":{"rendered":"<p>Elle a r\u00e9uni, pendant deux jours, du beau monde pour une exposition-vente, un panel et un d\u00e9fil\u00e9 de mode coupl\u00e9 \u00e0 une c\u00e9r\u00e9monie de distinction.<\/p>\n<p>Organis\u00e9e le 1er juillet \u00e0 la salle des f\u00eates du Sofitel Abidjan H\u00f4tel Ivoire, la soir\u00e9e-gala du Fibta a donn\u00e9 toute sa place \u00e0 la valorisation du bazin et du textile africain.<\/p>\n<p>Les tenues qui ont \u00e9mu le public bien endimanch\u00e9 \u00e9taient r\u00e9alis\u00e9es par Lamp Fall, Ange Daddy, Anicet Tanoh, Mika\u00ebl Tra, Awa Djaminatou, Ouattara Rokia, Marie Kaba (du Mali), Abiba\u2019O et Bamba Ma\u00efmouna.<\/p>\n<p>La soir\u00e9e a aussi vu l\u2019attribution du prix du meilleur jeune cr\u00e9ateur \u00e9mergent au styliste Hermann Konan. Il a partag\u00e9 le podium avec Touvoly Amany et Soufiane Mohamed Ch\u00e9rif, arriv\u00e9s respectivement 2e et 3e, \u00e0 l\u2019issue des d\u00e9lib\u00e9rations pr\u00e9sid\u00e9es par Ciss St Mo\u00efse. Comme r\u00e9compenses, les laur\u00e9ats ont re\u00e7u des dipl\u00f4mes de participation et des ch\u00e8ques d\u2019un million de FCfa pour le vainqueur, 500 000 pour le 2e et 300 000 pour le 3e. C\u2019est l\u2019heureuse conclusion de cette comp\u00e9tition qui a oppos\u00e9 cinq finalistes au grand d\u00e9fil\u00e9 du Festival international du bazin et du textile africain (Fibta), le1er juillet dernier. Pour arriver \u00e0 ce r\u00e9sultat, il faut remonter des mois en arri\u00e8re. Fatou Diaby, directrice g\u00e9n\u00e9rale de Fij-Communication, l\u2019initiatrice de l\u2019\u00e9v\u00e8nement, a re\u00e7u 100 dossiers de candidature. 15 candidatures ont \u00e9t\u00e9 retenues \u00e0 l\u2019issue du tri. Cette 2e \u00e9dition du Festival a \u00e9t\u00e9 parrain\u00e9e par le mannequin international Fatim Sidim\u00e9.<\/p>\n","protected":false},"excerpt":{"rendered":"<p>La deuxi\u00e8me \u00e9dition du Festival international du bazin et du textile africain (Fibta) s\u2019est tenue les 1er et 2 juillet, au Sofitel Abidjan H\u00f4tel Ivoire.<\/p>\n","protected":false},"author":12963,"featured_media":13890,"comment_status":"open","ping_status":"open","sticky":false,"template":"","format":"standard","meta":{"footnotes":""},"categories":[57,63],"tags":[78,95,94],"class_list":{"0":"post-13893","1":"post","2":"type-post","3":"status-publish","4":"format-standard","5":"has-post-thumbnail","7":"category-mode","8":"category-mode-de-vie","9":"tag-apie-project-2","10":"tag-mode","11":"tag-mode-de-vie"},"yoast_head":"<!-- This site is optimized with the Yoast SEO plugin v24.4 - https:\/\/yoast.com\/wordpress\/plugins\/seo\/ -->\n<title>Mode: Les tissus africains valoris\u00e9s \u00e0 Cocody - APIE NEWS<\/title>\n<meta name=\"robots\" content=\"index, follow, max-snippet:-1, max-image-preview:large, max-video-preview:-1\" \/>\n<link rel=\"canonical\" href=\"https:\/\/appsaf.apieproject.com\/news\/fr\/2022\/08\/07\/mode-les-tissus-africains-valorises-a-cocody\/\" \/>\n<meta property=\"og:locale\" content=\"fr_FR\" \/>\n<meta property=\"og:type\" content=\"article\" \/>\n<meta property=\"og:title\" content=\"Mode: Les tissus africains valoris\u00e9s \u00e0 Cocody - APIE NEWS\" \/>\n<meta property=\"og:description\" content=\"La deuxi\u00e8me \u00e9dition du Festival international du bazin et du textile africain (Fibta) s\u2019est tenue les 1er et 2 juillet, au Sofitel Abidjan H\u00f4tel Ivoire.\" \/>\n<meta property=\"og:url\" content=\"https:\/\/appsaf.apieproject.com\/news\/fr\/2022\/08\/07\/mode-les-tissus-africains-valorises-a-cocody\/\" \/>\n<meta property=\"og:site_name\" content=\"APIE NEWS\" \/>\n<meta property=\"article:publisher\" content=\"https:\/\/facebook.com\/apieproject\" \/>\n<meta property=\"article:published_time\" content=\"2022-08-07T05:09:54+00:00\" \/>\n<meta property=\"article:modified_time\" content=\"2022-08-07T05:09:56+00:00\" \/>\n<meta property=\"og:image\" content=\"https:\/\/appsaf.apieproject.com\/news\/wp-content\/uploads\/sites\/29\/2022\/08\/116512-cfcae913d178f7562a238e8a398baade.jpeg\" \/>\n\t<meta property=\"og:image:width\" content=\"797\" \/>\n\t<meta property=\"og:image:height\" content=\"400\" \/>\n\t<meta property=\"og:image:type\" content=\"image\/jpeg\" \/>\n<meta name=\"author\" content=\"staff\" \/>\n<meta name=\"twitter:card\" content=\"summary_large_image\" \/>\n<meta name=\"twitter:creator\" content=\"@apieproject\" \/>\n<meta name=\"twitter:site\" content=\"@apieproject\" \/>\n<meta name=\"twitter:label1\" content=\"\u00c9crit par\" \/>\n\t<meta name=\"twitter:data1\" content=\"staff\" \/>\n\t<meta name=\"twitter:label2\" content=\"Dur\u00e9e de lecture estim\u00e9e\" \/>\n\t<meta name=\"twitter:data2\" content=\"2 minutes\" \/>\n<script type=\"application\/ld+json\" class=\"yoast-schema-graph\">{\"@context\":\"https:\/\/schema.org\",\"@graph\":[{\"@type\":\"Article\",\"@id\":\"https:\/\/appsaf.apieproject.com\/news\/fr\/2022\/08\/07\/mode-les-tissus-africains-valorises-a-cocody\/#article\",\"isPartOf\":{\"@id\":\"https:\/\/appsaf.apieproject.com\/news\/fr\/2022\/08\/07\/mode-les-tissus-africains-valorises-a-cocody\/\"},\"author\":{\"name\":\"staff\",\"@id\":\"https:\/\/appsaf.apieproject.com\/news\/#\/schema\/person\/399517cac378948cd7b39086f9ddc2a7\"},\"headline\":\"Mode: Les tissus africains valoris\u00e9s \u00e0 Cocody\",\"datePublished\":\"2022-08-07T05:09:54+00:00\",\"dateModified\":\"2022-08-07T05:09:56+00:00\",\"mainEntityOfPage\":{\"@id\":\"https:\/\/appsaf.apieproject.com\/news\/fr\/2022\/08\/07\/mode-les-tissus-africains-valorises-a-cocody\/\"},\"wordCount\":280,\"commentCount\":0,\"publisher\":{\"@id\":\"https:\/\/appsaf.apieproject.com\/news\/#organization\"},\"image\":{\"@id\":\"https:\/\/appsaf.apieproject.com\/news\/fr\/2022\/08\/07\/mode-les-tissus-africains-valorises-a-cocody\/#primaryimage\"},\"thumbnailUrl\":\"https:\/\/appsaf.apieproject.com\/news\/wp-content\/uploads\/sites\/29\/2022\/08\/116512-cfcae913d178f7562a238e8a398baade.jpeg\",\"keywords\":[\"apie project\",\"mode\",\"mode de vie\"],\"articleSection\":[\"Mode\",\"Mode de Vie\"],\"inLanguage\":\"fr-FR\",\"potentialAction\":[{\"@type\":\"CommentAction\",\"name\":\"Comment\",\"target\":[\"https:\/\/appsaf.apieproject.com\/news\/fr\/2022\/08\/07\/mode-les-tissus-africains-valorises-a-cocody\/#respond\"]}]},{\"@type\":\"WebPage\",\"@id\":\"https:\/\/appsaf.apieproject.com\/news\/fr\/2022\/08\/07\/mode-les-tissus-africains-valorises-a-cocody\/\",\"url\":\"https:\/\/appsaf.apieproject.com\/news\/fr\/2022\/08\/07\/mode-les-tissus-africains-valorises-a-cocody\/\",\"name\":\"Mode: Les tissus africains valoris\u00e9s \u00e0 Cocody - APIE NEWS\",\"isPartOf\":{\"@id\":\"https:\/\/appsaf.apieproject.com\/news\/#website\"},\"primaryImageOfPage\":{\"@id\":\"https:\/\/appsaf.apieproject.com\/news\/fr\/2022\/08\/07\/mode-les-tissus-africains-valorises-a-cocody\/#primaryimage\"},\"image\":{\"@id\":\"https:\/\/appsaf.apieproject.com\/news\/fr\/2022\/08\/07\/mode-les-tissus-africains-valorises-a-cocody\/#primaryimage\"},\"thumbnailUrl\":\"https:\/\/appsaf.apieproject.com\/news\/wp-content\/uploads\/sites\/29\/2022\/08\/116512-cfcae913d178f7562a238e8a398baade.jpeg\",\"datePublished\":\"2022-08-07T05:09:54+00:00\",\"dateModified\":\"2022-08-07T05:09:56+00:00\",\"breadcrumb\":{\"@id\":\"https:\/\/appsaf.apieproject.com\/news\/fr\/2022\/08\/07\/mode-les-tissus-africains-valorises-a-cocody\/#breadcrumb\"},\"inLanguage\":\"fr-FR\",\"potentialAction\":[{\"@type\":\"ReadAction\",\"target\":[\"https:\/\/appsaf.apieproject.com\/news\/fr\/2022\/08\/07\/mode-les-tissus-africains-valorises-a-cocody\/\"]}]},{\"@type\":\"ImageObject\",\"inLanguage\":\"fr-FR\",\"@id\":\"https:\/\/appsaf.apieproject.com\/news\/fr\/2022\/08\/07\/mode-les-tissus-africains-valorises-a-cocody\/#primaryimage\",\"url\":\"https:\/\/appsaf.apieproject.com\/news\/wp-content\/uploads\/sites\/29\/2022\/08\/116512-cfcae913d178f7562a238e8a398baade.jpeg\",\"contentUrl\":\"https:\/\/appsaf.apieproject.com\/news\/wp-content\/uploads\/sites\/29\/2022\/08\/116512-cfcae913d178f7562a238e8a398baade.jpeg\",\"width\":797,\"height\":400},{\"@type\":\"BreadcrumbList\",\"@id\":\"https:\/\/appsaf.apieproject.com\/news\/fr\/2022\/08\/07\/mode-les-tissus-africains-valorises-a-cocody\/#breadcrumb\",\"itemListElement\":[{\"@type\":\"ListItem\",\"position\":1,\"name\":\"Home\",\"item\":\"https:\/\/appsaf.apieproject.com\/news\/fr\/home\/\"},{\"@type\":\"ListItem\",\"position\":2,\"name\":\"Mode: Les tissus africains valoris\u00e9s \u00e0 Cocody\"}]},{\"@type\":\"WebSite\",\"@id\":\"https:\/\/appsaf.apieproject.com\/news\/#website\",\"url\":\"https:\/\/appsaf.apieproject.com\/news\/\",\"name\":\"APIE NEWS\",\"description\":\"PANAFRICANISM NEWS PORTAL\",\"publisher\":{\"@id\":\"https:\/\/appsaf.apieproject.com\/news\/#organization\"},\"potentialAction\":[{\"@type\":\"SearchAction\",\"target\":{\"@type\":\"EntryPoint\",\"urlTemplate\":\"https:\/\/appsaf.apieproject.com\/news\/?s={search_term_string}\"},\"query-input\":{\"@type\":\"PropertyValueSpecification\",\"valueRequired\":true,\"valueName\":\"search_term_string\"}}],\"inLanguage\":\"fr-FR\"},{\"@type\":\"Organization\",\"@id\":\"https:\/\/appsaf.apieproject.com\/news\/#organization\",\"name\":\"APIE PROJECT\",\"url\":\"https:\/\/appsaf.apieproject.com\/news\/\",\"logo\":{\"@type\":\"ImageObject\",\"inLanguage\":\"fr-FR\",\"@id\":\"https:\/\/appsaf.apieproject.com\/news\/#\/schema\/logo\/image\/\",\"url\":\"https:\/\/appsaf.apieproject.com\/news\/wp-content\/uploads\/sites\/29\/2022\/07\/logo-R-TransparentBackground.png\",\"contentUrl\":\"https:\/\/appsaf.apieproject.com\/news\/wp-content\/uploads\/sites\/29\/2022\/07\/logo-R-TransparentBackground.png\",\"width\":512,\"height\":512,\"caption\":\"APIE PROJECT\"},\"image\":{\"@id\":\"https:\/\/appsaf.apieproject.com\/news\/#\/schema\/logo\/image\/\"},\"sameAs\":[\"https:\/\/facebook.com\/apieproject\",\"https:\/\/x.com\/apieproject\"]},{\"@type\":\"Person\",\"@id\":\"https:\/\/appsaf.apieproject.com\/news\/#\/schema\/person\/399517cac378948cd7b39086f9ddc2a7\",\"name\":\"staff\",\"image\":{\"@type\":\"ImageObject\",\"inLanguage\":\"fr-FR\",\"@id\":\"https:\/\/appsaf.apieproject.com\/news\/#\/schema\/person\/image\/\",\"url\":\"https:\/\/secure.gravatar.com\/avatar\/5386283c5db150efe261184bd59f072a?s=96&d=mm&r=g\",\"contentUrl\":\"https:\/\/secure.gravatar.com\/avatar\/5386283c5db150efe261184bd59f072a?s=96&d=mm&r=g\",\"caption\":\"staff\"},\"url\":\"https:\/\/appsaf.apieproject.com\/news\/fr\/author\/staff\/\"}]}<\/script>\n<!-- \/ Yoast SEO plugin. -->","yoast_head_json":{"title":"Mode: Les tissus africains valoris\u00e9s \u00e0 Cocody - APIE NEWS","robots":{"index":"index","follow":"follow","max-snippet":"max-snippet:-1","max-image-preview":"max-image-preview:large","max-video-preview":"max-video-preview:-1"},"canonical":"https:\/\/appsaf.apieproject.com\/news\/fr\/2022\/08\/07\/mode-les-tissus-africains-valorises-a-cocody\/","og_locale":"fr_FR","og_type":"article","og_title":"Mode: Les tissus africains valoris\u00e9s \u00e0 Cocody - APIE NEWS","og_description":"La deuxi\u00e8me \u00e9dition du Festival international du bazin et du textile africain (Fibta) s\u2019est tenue les 1er et 2 juillet, au Sofitel Abidjan H\u00f4tel Ivoire.","og_url":"https:\/\/appsaf.apieproject.com\/news\/fr\/2022\/08\/07\/mode-les-tissus-africains-valorises-a-cocody\/","og_site_name":"APIE NEWS","article_publisher":"https:\/\/facebook.com\/apieproject","article_published_time":"2022-08-07T05:09:54+00:00","article_modified_time":"2022-08-07T05:09:56+00:00","og_image":[{"width":797,"height":400,"url":"https:\/\/appsaf.apieproject.com\/news\/wp-content\/uploads\/sites\/29\/2022\/08\/116512-cfcae913d178f7562a238e8a398baade.jpeg","type":"image\/jpeg"}],"author":"staff","twitter_card":"summary_large_image","twitter_creator":"@apieproject","twitter_site":"@apieproject","twitter_misc":{"\u00c9crit par":"staff","Dur\u00e9e de lecture estim\u00e9e":"2 minutes"},"schema":{"@context":"https:\/\/schema.org","@graph":[{"@type":"Article","@id":"https:\/\/appsaf.apieproject.com\/news\/fr\/2022\/08\/07\/mode-les-tissus-africains-valorises-a-cocody\/#article","isPartOf":{"@id":"https:\/\/appsaf.apieproject.com\/news\/fr\/2022\/08\/07\/mode-les-tissus-africains-valorises-a-cocody\/"},"author":{"name":"staff","@id":"https:\/\/appsaf.apieproject.com\/news\/#\/schema\/person\/399517cac378948cd7b39086f9ddc2a7"},"headline":"Mode: Les tissus africains valoris\u00e9s \u00e0 Cocody","datePublished":"2022-08-07T05:09:54+00:00","dateModified":"2022-08-07T05:09:56+00:00","mainEntityOfPage":{"@id":"https:\/\/appsaf.apieproject.com\/news\/fr\/2022\/08\/07\/mode-les-tissus-africains-valorises-a-cocody\/"},"wordCount":280,"commentCount":0,"publisher":{"@id":"https:\/\/appsaf.apieproject.com\/news\/#organization"},"image":{"@id":"https:\/\/appsaf.apieproject.com\/news\/fr\/2022\/08\/07\/mode-les-tissus-africains-valorises-a-cocody\/#primaryimage"},"thumbnailUrl":"https:\/\/appsaf.apieproject.com\/news\/wp-content\/uploads\/sites\/29\/2022\/08\/116512-cfcae913d178f7562a238e8a398baade.jpeg","keywords":["apie project","mode","mode de vie"],"articleSection":["Mode","Mode de Vie"],"inLanguage":"fr-FR","potentialAction":[{"@type":"CommentAction","name":"Comment","target":["https:\/\/appsaf.apieproject.com\/news\/fr\/2022\/08\/07\/mode-les-tissus-africains-valorises-a-cocody\/#respond"]}]},{"@type":"WebPage","@id":"https:\/\/appsaf.apieproject.com\/news\/fr\/2022\/08\/07\/mode-les-tissus-africains-valorises-a-cocody\/","url":"https:\/\/appsaf.apieproject.com\/news\/fr\/2022\/08\/07\/mode-les-tissus-africains-valorises-a-cocody\/","name":"Mode: Les tissus africains valoris\u00e9s \u00e0 Cocody - APIE NEWS","isPartOf":{"@id":"https:\/\/appsaf.apieproject.com\/news\/#website"},"primaryImageOfPage":{"@id":"https:\/\/appsaf.apieproject.com\/news\/fr\/2022\/08\/07\/mode-les-tissus-africains-valorises-a-cocody\/#primaryimage"},"image":{"@id":"https:\/\/appsaf.apieproject.com\/news\/fr\/2022\/08\/07\/mode-les-tissus-africains-valorises-a-cocody\/#primaryimage"},"thumbnailUrl":"https:\/\/appsaf.apieproject.com\/news\/wp-content\/uploads\/sites\/29\/2022\/08\/116512-cfcae913d178f7562a238e8a398baade.jpeg","datePublished":"2022-08-07T05:09:54+00:00","dateModified":"2022-08-07T05:09:56+00:00","breadcrumb":{"@id":"https:\/\/appsaf.apieproject.com\/news\/fr\/2022\/08\/07\/mode-les-tissus-africains-valorises-a-cocody\/#breadcrumb"},"inLanguage":"fr-FR","potentialAction":[{"@type":"ReadAction","target":["https:\/\/appsaf.apieproject.com\/news\/fr\/2022\/08\/07\/mode-les-tissus-africains-valorises-a-cocody\/"]}]},{"@type":"ImageObject","inLanguage":"fr-FR","@id":"https:\/\/appsaf.apieproject.com\/news\/fr\/2022\/08\/07\/mode-les-tissus-africains-valorises-a-cocody\/#primaryimage","url":"https:\/\/appsaf.apieproject.com\/news\/wp-content\/uploads\/sites\/29\/2022\/08\/116512-cfcae913d178f7562a238e8a398baade.jpeg","contentUrl":"https:\/\/appsaf.apieproject.com\/news\/wp-content\/uploads\/sites\/29\/2022\/08\/116512-cfcae913d178f7562a238e8a398baade.jpeg","width":797,"height":400},{"@type":"BreadcrumbList","@id":"https:\/\/appsaf.apieproject.com\/news\/fr\/2022\/08\/07\/mode-les-tissus-africains-valorises-a-cocody\/#breadcrumb","itemListElement":[{"@type":"ListItem","position":1,"name":"Home","item":"https:\/\/appsaf.apieproject.com\/news\/fr\/home\/"},{"@type":"ListItem","position":2,"name":"Mode: Les tissus africains valoris\u00e9s \u00e0 Cocody"}]},{"@type":"WebSite","@id":"https:\/\/appsaf.apieproject.com\/news\/#website","url":"https:\/\/appsaf.apieproject.com\/news\/","name":"APIE NEWS","description":"PANAFRICANISM NEWS PORTAL","publisher":{"@id":"https:\/\/appsaf.apieproject.com\/news\/#organization"},"potentialAction":[{"@type":"SearchAction","target":{"@type":"EntryPoint","urlTemplate":"https:\/\/appsaf.apieproject.com\/news\/?s={search_term_string}"},"query-input":{"@type":"PropertyValueSpecification","valueRequired":true,"valueName":"search_term_string"}}],"inLanguage":"fr-FR"},{"@type":"Organization","@id":"https:\/\/appsaf.apieproject.com\/news\/#organization","name":"APIE PROJECT","url":"https:\/\/appsaf.apieproject.com\/news\/","logo":{"@type":"ImageObject","inLanguage":"fr-FR","@id":"https:\/\/appsaf.apieproject.com\/news\/#\/schema\/logo\/image\/","url":"https:\/\/appsaf.apieproject.com\/news\/wp-content\/uploads\/sites\/29\/2022\/07\/logo-R-TransparentBackground.png","contentUrl":"https:\/\/appsaf.apieproject.com\/news\/wp-content\/uploads\/sites\/29\/2022\/07\/logo-R-TransparentBackground.png","width":512,"height":512,"caption":"APIE PROJECT"},"image":{"@id":"https:\/\/appsaf.apieproject.com\/news\/#\/schema\/logo\/image\/"},"sameAs":["https:\/\/facebook.com\/apieproject","https:\/\/x.com\/apieproject"]},{"@type":"Person","@id":"https:\/\/appsaf.apieproject.com\/news\/#\/schema\/person\/399517cac378948cd7b39086f9ddc2a7","name":"staff","image":{"@type":"ImageObject","inLanguage":"fr-FR","@id":"https:\/\/appsaf.apieproject.com\/news\/#\/schema\/person\/image\/","url":"https:\/\/secure.gravatar.com\/avatar\/5386283c5db150efe261184bd59f072a?s=96&d=mm&r=g","contentUrl":"https:\/\/secure.gravatar.com\/avatar\/5386283c5db150efe261184bd59f072a?s=96&d=mm&r=g","caption":"staff"},"url":"https:\/\/appsaf.apieproject.com\/news\/fr\/author\/staff\/"}]}},"_links":{"self":[{"href":"https:\/\/appsaf.apieproject.com\/news\/fr\/wp-json\/wp\/v2\/posts\/13893","targetHints":{"allow":["GET"]}}],"collection":[{"href":"https:\/\/appsaf.apieproject.com\/news\/fr\/wp-json\/wp\/v2\/posts"}],"about":[{"href":"https:\/\/appsaf.apieproject.com\/news\/fr\/wp-json\/wp\/v2\/types\/post"}],"author":[{"embeddable":true,"href":"https:\/\/appsaf.apieproject.com\/news\/fr\/wp-json\/wp\/v2\/users\/12963"}],"replies":[{"embeddable":true,"href":"https:\/\/appsaf.apieproject.com\/news\/fr\/wp-json\/wp\/v2\/comments?post=13893"}],"version-history":[{"count":1,"href":"https:\/\/appsaf.apieproject.com\/news\/fr\/wp-json\/wp\/v2\/posts\/13893\/revisions"}],"predecessor-version":[{"id":14153,"href":"https:\/\/appsaf.apieproject.com\/news\/fr\/wp-json\/wp\/v2\/posts\/13893\/revisions\/14153"}],"wp:featuredmedia":[{"embeddable":true,"href":"https:\/\/appsaf.apieproject.com\/news\/fr\/wp-json\/wp\/v2\/media\/13890"}],"wp:attachment":[{"href":"https:\/\/appsaf.apieproject.com\/news\/fr\/wp-json\/wp\/v2\/media?parent=13893"}],"wp:term":[{"taxonomy":"category","embeddable":true,"href":"https:\/\/appsaf.apieproject.com\/news\/fr\/wp-json\/wp\/v2\/categories?post=13893"},{"taxonomy":"post_tag","embeddable":true,"href":"https:\/\/appsaf.apieproject.com\/news\/fr\/wp-json\/wp\/v2\/tags?post=13893"}],"curies":[{"name":"wp","href":"https:\/\/api.w.org\/{rel}","templated":true}]}}