{"id":13897,"date":"2022-08-07T05:07:10","date_gmt":"2022-08-07T05:07:10","guid":{"rendered":"https:\/\/appsaf.apieproject.com\/news\/?p=13897"},"modified":"2022-08-07T05:07:11","modified_gmt":"2022-08-07T05:07:11","slug":"adidas-signe-une-collab-inclusive-avec-le-jeune-createur-thebe-magugu","status":"publish","type":"post","link":"https:\/\/appsaf.apieproject.com\/news\/fr\/2022\/08\/07\/adidas-signe-une-collab-inclusive-avec-le-jeune-createur-thebe-magugu\/","title":{"rendered":"Adidas signe une collab\u2019 inclusive avec le jeune cr\u00e9ateur Thebe Magugu"},"content":{"rendered":"<p>Dans la petite sc\u00e8ne mode, Thebe Magugu devient de plus en plus connu. Ce jeune cr\u00e9ateur sud-africain et queer a remport\u00e9 le prix LVMH (prestigieux concours de mode) en 2019 avec son style qui interroge les genres et les notions m\u00eame d\u2019identit\u00e9, de r\u00e9silience et de r\u00e9sistance. Depuis son studio install\u00e9 \u00e0 Johannesburg, il signe une nouvelle collab\u2019 avec adidas, qui sortira le 15 ao\u00fbt 2022. Cela devrait contribuer \u00e0 le faire conna\u00eetre \u00e0 un plus large public et pour un prix plus accessible.<\/p>\n<p>Thebe Magugu x adidas signent des v\u00eatements de sport inclusifs<br \/>\nEn r\u00e9sultent des v\u00eatements de sport haute performance, principalement inspir\u00e9s par le tennis pour le premier volet de sortie. Ils seront m\u00eame port\u00e9s par des joueurs professionnels comme Stefanos Tsitsipas, Felix Auger Aliassime et Daria Kasatkina (qui vient r\u00e9cemment de faire son coming-out), ainsi que la championne de tennis en fauteuil roulant Dana Mathewson.<\/p>\n<p>Outre des v\u00eatements de style aux mati\u00e8res techniques, en partie recycl\u00e9s, des motifs color\u00e9s, graphiques et hypnotiques, la collab\u2019 Thebe Magugu x adidas comportent \u00e9galement des maillots de bain couvrants, allant jusqu\u2019\u00e0 la taille 4XL. De quoi plaire \u00e0 de nombreuses personnes, y compris les partisanes d\u2019une mode modeste.<\/p>\n<p>Comme si cela ne suffisait pas, cette collab\u2019 sportive et mode comprend aussi des v\u00eatements taill\u00e9s pour la course \u00e0 pied, le football, le cyclisme, la gym, qu\u2019on peut \u00e9videmment d\u00e9tourner \u00e0 sa sauce, ne serait-ce que pour chiller \u00e0 la maison. Il s\u2019agira d\u2019un deuxi\u00e8me volet de cette sortie (ou drop, comme on dit dans le jargon mode), pr\u00e9vu pour octobre 2022.<\/p>\n<p>Le tout se veut r\u00e9solument gender-free, et a \u00e9t\u00e9 con\u00e7u avec Unitefit, un syst\u00e8me d\u2019ajustement cr\u00e9\u00e9 avec un \u00e9ventail de tailles, de sexes et de formes \u00e0 l\u2019esprit.<\/p>\n","protected":false},"excerpt":{"rendered":"<p>Le jeune cr\u00e9ateur de mode sud-africain Thebe Magugu (laur\u00e9at du prix LVMH 2019) signe une collab\u2019 avec l\u2019\u00e9quipementier sportif adidas. En mati\u00e8res recycl\u00e9es, les v\u00eatements non genr\u00e9s d\u2019inspiration tennis vont jusqu\u2019au 4XL.<\/p>\n","protected":false},"author":12963,"featured_media":13894,"comment_status":"open","ping_status":"open","sticky":false,"template":"","format":"standard","meta":{"footnotes":""},"categories":[57,63],"tags":[78,95,94],"class_list":{"0":"post-13897","1":"post","2":"type-post","3":"status-publish","4":"format-standard","5":"has-post-thumbnail","7":"category-mode","8":"category-mode-de-vie","9":"tag-apie-project-2","10":"tag-mode","11":"tag-mode-de-vie"},"yoast_head":"<!-- This site is optimized with the Yoast SEO plugin v24.4 - https:\/\/yoast.com\/wordpress\/plugins\/seo\/ -->\n<title>Adidas signe une collab\u2019 inclusive avec le jeune cr\u00e9ateur Thebe Magugu - APIE NEWS<\/title>\n<meta name=\"robots\" content=\"index, follow, max-snippet:-1, max-image-preview:large, max-video-preview:-1\" \/>\n<link rel=\"canonical\" href=\"https:\/\/appsaf.apieproject.com\/news\/fr\/2022\/08\/07\/adidas-signe-une-collab-inclusive-avec-le-jeune-createur-thebe-magugu\/\" \/>\n<meta property=\"og:locale\" content=\"fr_FR\" \/>\n<meta property=\"og:type\" content=\"article\" \/>\n<meta property=\"og:title\" content=\"Adidas signe une collab\u2019 inclusive avec le jeune cr\u00e9ateur Thebe Magugu - APIE NEWS\" \/>\n<meta property=\"og:description\" content=\"Le jeune cr\u00e9ateur de mode sud-africain Thebe Magugu (laur\u00e9at du prix LVMH 2019) signe une collab\u2019 avec l\u2019\u00e9quipementier sportif adidas. En mati\u00e8res recycl\u00e9es, les v\u00eatements non genr\u00e9s d\u2019inspiration tennis vont jusqu\u2019au 4XL.\" \/>\n<meta property=\"og:url\" content=\"https:\/\/appsaf.apieproject.com\/news\/fr\/2022\/08\/07\/adidas-signe-une-collab-inclusive-avec-le-jeune-createur-thebe-magugu\/\" \/>\n<meta property=\"og:site_name\" content=\"APIE NEWS\" \/>\n<meta property=\"article:publisher\" content=\"https:\/\/facebook.com\/apieproject\" \/>\n<meta property=\"article:published_time\" content=\"2022-08-07T05:07:10+00:00\" \/>\n<meta property=\"article:modified_time\" content=\"2022-08-07T05:07:11+00:00\" \/>\n<meta property=\"og:image\" content=\"https:\/\/appsaf.apieproject.com\/news\/wp-content\/uploads\/sites\/29\/2022\/08\/adidas-thebe-magugu-apparel-footwear-collaboration-release-date-14-733ca8f647d269b784a4e4160546d13b.jpeg\" \/>\n\t<meta property=\"og:image:width\" content=\"1104\" \/>\n\t<meta property=\"og:image:height\" content=\"1104\" \/>\n\t<meta property=\"og:image:type\" content=\"image\/jpeg\" \/>\n<meta name=\"author\" content=\"staff\" \/>\n<meta name=\"twitter:card\" content=\"summary_large_image\" \/>\n<meta name=\"twitter:creator\" content=\"@apieproject\" \/>\n<meta name=\"twitter:site\" content=\"@apieproject\" \/>\n<meta name=\"twitter:label1\" content=\"\u00c9crit par\" \/>\n\t<meta name=\"twitter:data1\" content=\"staff\" \/>\n\t<meta name=\"twitter:label2\" content=\"Dur\u00e9e de lecture estim\u00e9e\" \/>\n\t<meta name=\"twitter:data2\" content=\"2 minutes\" \/>\n<script type=\"application\/ld+json\" class=\"yoast-schema-graph\">{\"@context\":\"https:\/\/schema.org\",\"@graph\":[{\"@type\":\"Article\",\"@id\":\"https:\/\/appsaf.apieproject.com\/news\/fr\/2022\/08\/07\/adidas-signe-une-collab-inclusive-avec-le-jeune-createur-thebe-magugu\/#article\",\"isPartOf\":{\"@id\":\"https:\/\/appsaf.apieproject.com\/news\/fr\/2022\/08\/07\/adidas-signe-une-collab-inclusive-avec-le-jeune-createur-thebe-magugu\/\"},\"author\":{\"name\":\"staff\",\"@id\":\"https:\/\/appsaf.apieproject.com\/news\/#\/schema\/person\/399517cac378948cd7b39086f9ddc2a7\"},\"headline\":\"Adidas signe une collab\u2019 inclusive avec le jeune cr\u00e9ateur Thebe Magugu\",\"datePublished\":\"2022-08-07T05:07:10+00:00\",\"dateModified\":\"2022-08-07T05:07:11+00:00\",\"mainEntityOfPage\":{\"@id\":\"https:\/\/appsaf.apieproject.com\/news\/fr\/2022\/08\/07\/adidas-signe-une-collab-inclusive-avec-le-jeune-createur-thebe-magugu\/\"},\"wordCount\":321,\"commentCount\":0,\"publisher\":{\"@id\":\"https:\/\/appsaf.apieproject.com\/news\/#organization\"},\"image\":{\"@id\":\"https:\/\/appsaf.apieproject.com\/news\/fr\/2022\/08\/07\/adidas-signe-une-collab-inclusive-avec-le-jeune-createur-thebe-magugu\/#primaryimage\"},\"thumbnailUrl\":\"https:\/\/appsaf.apieproject.com\/news\/wp-content\/uploads\/sites\/29\/2022\/08\/adidas-thebe-magugu-apparel-footwear-collaboration-release-date-14-733ca8f647d269b784a4e4160546d13b.jpeg\",\"keywords\":[\"apie project\",\"mode\",\"mode de vie\"],\"articleSection\":[\"Mode\",\"Mode de Vie\"],\"inLanguage\":\"fr-FR\",\"potentialAction\":[{\"@type\":\"CommentAction\",\"name\":\"Comment\",\"target\":[\"https:\/\/appsaf.apieproject.com\/news\/fr\/2022\/08\/07\/adidas-signe-une-collab-inclusive-avec-le-jeune-createur-thebe-magugu\/#respond\"]}]},{\"@type\":\"WebPage\",\"@id\":\"https:\/\/appsaf.apieproject.com\/news\/fr\/2022\/08\/07\/adidas-signe-une-collab-inclusive-avec-le-jeune-createur-thebe-magugu\/\",\"url\":\"https:\/\/appsaf.apieproject.com\/news\/fr\/2022\/08\/07\/adidas-signe-une-collab-inclusive-avec-le-jeune-createur-thebe-magugu\/\",\"name\":\"Adidas signe une collab\u2019 inclusive avec le jeune cr\u00e9ateur Thebe Magugu - APIE NEWS\",\"isPartOf\":{\"@id\":\"https:\/\/appsaf.apieproject.com\/news\/#website\"},\"primaryImageOfPage\":{\"@id\":\"https:\/\/appsaf.apieproject.com\/news\/fr\/2022\/08\/07\/adidas-signe-une-collab-inclusive-avec-le-jeune-createur-thebe-magugu\/#primaryimage\"},\"image\":{\"@id\":\"https:\/\/appsaf.apieproject.com\/news\/fr\/2022\/08\/07\/adidas-signe-une-collab-inclusive-avec-le-jeune-createur-thebe-magugu\/#primaryimage\"},\"thumbnailUrl\":\"https:\/\/appsaf.apieproject.com\/news\/wp-content\/uploads\/sites\/29\/2022\/08\/adidas-thebe-magugu-apparel-footwear-collaboration-release-date-14-733ca8f647d269b784a4e4160546d13b.jpeg\",\"datePublished\":\"2022-08-07T05:07:10+00:00\",\"dateModified\":\"2022-08-07T05:07:11+00:00\",\"breadcrumb\":{\"@id\":\"https:\/\/appsaf.apieproject.com\/news\/fr\/2022\/08\/07\/adidas-signe-une-collab-inclusive-avec-le-jeune-createur-thebe-magugu\/#breadcrumb\"},\"inLanguage\":\"fr-FR\",\"potentialAction\":[{\"@type\":\"ReadAction\",\"target\":[\"https:\/\/appsaf.apieproject.com\/news\/fr\/2022\/08\/07\/adidas-signe-une-collab-inclusive-avec-le-jeune-createur-thebe-magugu\/\"]}]},{\"@type\":\"ImageObject\",\"inLanguage\":\"fr-FR\",\"@id\":\"https:\/\/appsaf.apieproject.com\/news\/fr\/2022\/08\/07\/adidas-signe-une-collab-inclusive-avec-le-jeune-createur-thebe-magugu\/#primaryimage\",\"url\":\"https:\/\/appsaf.apieproject.com\/news\/wp-content\/uploads\/sites\/29\/2022\/08\/adidas-thebe-magugu-apparel-footwear-collaboration-release-date-14-733ca8f647d269b784a4e4160546d13b.jpeg\",\"contentUrl\":\"https:\/\/appsaf.apieproject.com\/news\/wp-content\/uploads\/sites\/29\/2022\/08\/adidas-thebe-magugu-apparel-footwear-collaboration-release-date-14-733ca8f647d269b784a4e4160546d13b.jpeg\",\"width\":1104,\"height\":1104},{\"@type\":\"BreadcrumbList\",\"@id\":\"https:\/\/appsaf.apieproject.com\/news\/fr\/2022\/08\/07\/adidas-signe-une-collab-inclusive-avec-le-jeune-createur-thebe-magugu\/#breadcrumb\",\"itemListElement\":[{\"@type\":\"ListItem\",\"position\":1,\"name\":\"Home\",\"item\":\"https:\/\/appsaf.apieproject.com\/news\/fr\/home\/\"},{\"@type\":\"ListItem\",\"position\":2,\"name\":\"Adidas signe une collab\u2019 inclusive avec le jeune cr\u00e9ateur Thebe Magugu\"}]},{\"@type\":\"WebSite\",\"@id\":\"https:\/\/appsaf.apieproject.com\/news\/#website\",\"url\":\"https:\/\/appsaf.apieproject.com\/news\/\",\"name\":\"APIE NEWS\",\"description\":\"PANAFRICANISM NEWS PORTAL\",\"publisher\":{\"@id\":\"https:\/\/appsaf.apieproject.com\/news\/#organization\"},\"potentialAction\":[{\"@type\":\"SearchAction\",\"target\":{\"@type\":\"EntryPoint\",\"urlTemplate\":\"https:\/\/appsaf.apieproject.com\/news\/?s={search_term_string}\"},\"query-input\":{\"@type\":\"PropertyValueSpecification\",\"valueRequired\":true,\"valueName\":\"search_term_string\"}}],\"inLanguage\":\"fr-FR\"},{\"@type\":\"Organization\",\"@id\":\"https:\/\/appsaf.apieproject.com\/news\/#organization\",\"name\":\"APIE PROJECT\",\"url\":\"https:\/\/appsaf.apieproject.com\/news\/\",\"logo\":{\"@type\":\"ImageObject\",\"inLanguage\":\"fr-FR\",\"@id\":\"https:\/\/appsaf.apieproject.com\/news\/#\/schema\/logo\/image\/\",\"url\":\"https:\/\/appsaf.apieproject.com\/news\/wp-content\/uploads\/sites\/29\/2022\/07\/logo-R-TransparentBackground.png\",\"contentUrl\":\"https:\/\/appsaf.apieproject.com\/news\/wp-content\/uploads\/sites\/29\/2022\/07\/logo-R-TransparentBackground.png\",\"width\":512,\"height\":512,\"caption\":\"APIE PROJECT\"},\"image\":{\"@id\":\"https:\/\/appsaf.apieproject.com\/news\/#\/schema\/logo\/image\/\"},\"sameAs\":[\"https:\/\/facebook.com\/apieproject\",\"https:\/\/x.com\/apieproject\"]},{\"@type\":\"Person\",\"@id\":\"https:\/\/appsaf.apieproject.com\/news\/#\/schema\/person\/399517cac378948cd7b39086f9ddc2a7\",\"name\":\"staff\",\"image\":{\"@type\":\"ImageObject\",\"inLanguage\":\"fr-FR\",\"@id\":\"https:\/\/appsaf.apieproject.com\/news\/#\/schema\/person\/image\/\",\"url\":\"https:\/\/secure.gravatar.com\/avatar\/5386283c5db150efe261184bd59f072a?s=96&d=mm&r=g\",\"contentUrl\":\"https:\/\/secure.gravatar.com\/avatar\/5386283c5db150efe261184bd59f072a?s=96&d=mm&r=g\",\"caption\":\"staff\"},\"url\":\"https:\/\/appsaf.apieproject.com\/news\/fr\/author\/staff\/\"}]}<\/script>\n<!-- \/ Yoast SEO plugin. -->","yoast_head_json":{"title":"Adidas signe une collab\u2019 inclusive avec le jeune cr\u00e9ateur Thebe Magugu - APIE NEWS","robots":{"index":"index","follow":"follow","max-snippet":"max-snippet:-1","max-image-preview":"max-image-preview:large","max-video-preview":"max-video-preview:-1"},"canonical":"https:\/\/appsaf.apieproject.com\/news\/fr\/2022\/08\/07\/adidas-signe-une-collab-inclusive-avec-le-jeune-createur-thebe-magugu\/","og_locale":"fr_FR","og_type":"article","og_title":"Adidas signe une collab\u2019 inclusive avec le jeune cr\u00e9ateur Thebe Magugu - APIE NEWS","og_description":"Le jeune cr\u00e9ateur de mode sud-africain Thebe Magugu (laur\u00e9at du prix LVMH 2019) signe une collab\u2019 avec l\u2019\u00e9quipementier sportif adidas. En mati\u00e8res recycl\u00e9es, les v\u00eatements non genr\u00e9s d\u2019inspiration tennis vont jusqu\u2019au 4XL.","og_url":"https:\/\/appsaf.apieproject.com\/news\/fr\/2022\/08\/07\/adidas-signe-une-collab-inclusive-avec-le-jeune-createur-thebe-magugu\/","og_site_name":"APIE NEWS","article_publisher":"https:\/\/facebook.com\/apieproject","article_published_time":"2022-08-07T05:07:10+00:00","article_modified_time":"2022-08-07T05:07:11+00:00","og_image":[{"width":1104,"height":1104,"url":"https:\/\/appsaf.apieproject.com\/news\/wp-content\/uploads\/sites\/29\/2022\/08\/adidas-thebe-magugu-apparel-footwear-collaboration-release-date-14-733ca8f647d269b784a4e4160546d13b.jpeg","type":"image\/jpeg"}],"author":"staff","twitter_card":"summary_large_image","twitter_creator":"@apieproject","twitter_site":"@apieproject","twitter_misc":{"\u00c9crit par":"staff","Dur\u00e9e de lecture estim\u00e9e":"2 minutes"},"schema":{"@context":"https:\/\/schema.org","@graph":[{"@type":"Article","@id":"https:\/\/appsaf.apieproject.com\/news\/fr\/2022\/08\/07\/adidas-signe-une-collab-inclusive-avec-le-jeune-createur-thebe-magugu\/#article","isPartOf":{"@id":"https:\/\/appsaf.apieproject.com\/news\/fr\/2022\/08\/07\/adidas-signe-une-collab-inclusive-avec-le-jeune-createur-thebe-magugu\/"},"author":{"name":"staff","@id":"https:\/\/appsaf.apieproject.com\/news\/#\/schema\/person\/399517cac378948cd7b39086f9ddc2a7"},"headline":"Adidas signe une collab\u2019 inclusive avec le jeune cr\u00e9ateur Thebe Magugu","datePublished":"2022-08-07T05:07:10+00:00","dateModified":"2022-08-07T05:07:11+00:00","mainEntityOfPage":{"@id":"https:\/\/appsaf.apieproject.com\/news\/fr\/2022\/08\/07\/adidas-signe-une-collab-inclusive-avec-le-jeune-createur-thebe-magugu\/"},"wordCount":321,"commentCount":0,"publisher":{"@id":"https:\/\/appsaf.apieproject.com\/news\/#organization"},"image":{"@id":"https:\/\/appsaf.apieproject.com\/news\/fr\/2022\/08\/07\/adidas-signe-une-collab-inclusive-avec-le-jeune-createur-thebe-magugu\/#primaryimage"},"thumbnailUrl":"https:\/\/appsaf.apieproject.com\/news\/wp-content\/uploads\/sites\/29\/2022\/08\/adidas-thebe-magugu-apparel-footwear-collaboration-release-date-14-733ca8f647d269b784a4e4160546d13b.jpeg","keywords":["apie project","mode","mode de vie"],"articleSection":["Mode","Mode de Vie"],"inLanguage":"fr-FR","potentialAction":[{"@type":"CommentAction","name":"Comment","target":["https:\/\/appsaf.apieproject.com\/news\/fr\/2022\/08\/07\/adidas-signe-une-collab-inclusive-avec-le-jeune-createur-thebe-magugu\/#respond"]}]},{"@type":"WebPage","@id":"https:\/\/appsaf.apieproject.com\/news\/fr\/2022\/08\/07\/adidas-signe-une-collab-inclusive-avec-le-jeune-createur-thebe-magugu\/","url":"https:\/\/appsaf.apieproject.com\/news\/fr\/2022\/08\/07\/adidas-signe-une-collab-inclusive-avec-le-jeune-createur-thebe-magugu\/","name":"Adidas signe une collab\u2019 inclusive avec le jeune cr\u00e9ateur Thebe Magugu - APIE NEWS","isPartOf":{"@id":"https:\/\/appsaf.apieproject.com\/news\/#website"},"primaryImageOfPage":{"@id":"https:\/\/appsaf.apieproject.com\/news\/fr\/2022\/08\/07\/adidas-signe-une-collab-inclusive-avec-le-jeune-createur-thebe-magugu\/#primaryimage"},"image":{"@id":"https:\/\/appsaf.apieproject.com\/news\/fr\/2022\/08\/07\/adidas-signe-une-collab-inclusive-avec-le-jeune-createur-thebe-magugu\/#primaryimage"},"thumbnailUrl":"https:\/\/appsaf.apieproject.com\/news\/wp-content\/uploads\/sites\/29\/2022\/08\/adidas-thebe-magugu-apparel-footwear-collaboration-release-date-14-733ca8f647d269b784a4e4160546d13b.jpeg","datePublished":"2022-08-07T05:07:10+00:00","dateModified":"2022-08-07T05:07:11+00:00","breadcrumb":{"@id":"https:\/\/appsaf.apieproject.com\/news\/fr\/2022\/08\/07\/adidas-signe-une-collab-inclusive-avec-le-jeune-createur-thebe-magugu\/#breadcrumb"},"inLanguage":"fr-FR","potentialAction":[{"@type":"ReadAction","target":["https:\/\/appsaf.apieproject.com\/news\/fr\/2022\/08\/07\/adidas-signe-une-collab-inclusive-avec-le-jeune-createur-thebe-magugu\/"]}]},{"@type":"ImageObject","inLanguage":"fr-FR","@id":"https:\/\/appsaf.apieproject.com\/news\/fr\/2022\/08\/07\/adidas-signe-une-collab-inclusive-avec-le-jeune-createur-thebe-magugu\/#primaryimage","url":"https:\/\/appsaf.apieproject.com\/news\/wp-content\/uploads\/sites\/29\/2022\/08\/adidas-thebe-magugu-apparel-footwear-collaboration-release-date-14-733ca8f647d269b784a4e4160546d13b.jpeg","contentUrl":"https:\/\/appsaf.apieproject.com\/news\/wp-content\/uploads\/sites\/29\/2022\/08\/adidas-thebe-magugu-apparel-footwear-collaboration-release-date-14-733ca8f647d269b784a4e4160546d13b.jpeg","width":1104,"height":1104},{"@type":"BreadcrumbList","@id":"https:\/\/appsaf.apieproject.com\/news\/fr\/2022\/08\/07\/adidas-signe-une-collab-inclusive-avec-le-jeune-createur-thebe-magugu\/#breadcrumb","itemListElement":[{"@type":"ListItem","position":1,"name":"Home","item":"https:\/\/appsaf.apieproject.com\/news\/fr\/home\/"},{"@type":"ListItem","position":2,"name":"Adidas signe une collab\u2019 inclusive avec le jeune cr\u00e9ateur Thebe Magugu"}]},{"@type":"WebSite","@id":"https:\/\/appsaf.apieproject.com\/news\/#website","url":"https:\/\/appsaf.apieproject.com\/news\/","name":"APIE NEWS","description":"PANAFRICANISM NEWS PORTAL","publisher":{"@id":"https:\/\/appsaf.apieproject.com\/news\/#organization"},"potentialAction":[{"@type":"SearchAction","target":{"@type":"EntryPoint","urlTemplate":"https:\/\/appsaf.apieproject.com\/news\/?s={search_term_string}"},"query-input":{"@type":"PropertyValueSpecification","valueRequired":true,"valueName":"search_term_string"}}],"inLanguage":"fr-FR"},{"@type":"Organization","@id":"https:\/\/appsaf.apieproject.com\/news\/#organization","name":"APIE PROJECT","url":"https:\/\/appsaf.apieproject.com\/news\/","logo":{"@type":"ImageObject","inLanguage":"fr-FR","@id":"https:\/\/appsaf.apieproject.com\/news\/#\/schema\/logo\/image\/","url":"https:\/\/appsaf.apieproject.com\/news\/wp-content\/uploads\/sites\/29\/2022\/07\/logo-R-TransparentBackground.png","contentUrl":"https:\/\/appsaf.apieproject.com\/news\/wp-content\/uploads\/sites\/29\/2022\/07\/logo-R-TransparentBackground.png","width":512,"height":512,"caption":"APIE PROJECT"},"image":{"@id":"https:\/\/appsaf.apieproject.com\/news\/#\/schema\/logo\/image\/"},"sameAs":["https:\/\/facebook.com\/apieproject","https:\/\/x.com\/apieproject"]},{"@type":"Person","@id":"https:\/\/appsaf.apieproject.com\/news\/#\/schema\/person\/399517cac378948cd7b39086f9ddc2a7","name":"staff","image":{"@type":"ImageObject","inLanguage":"fr-FR","@id":"https:\/\/appsaf.apieproject.com\/news\/#\/schema\/person\/image\/","url":"https:\/\/secure.gravatar.com\/avatar\/5386283c5db150efe261184bd59f072a?s=96&d=mm&r=g","contentUrl":"https:\/\/secure.gravatar.com\/avatar\/5386283c5db150efe261184bd59f072a?s=96&d=mm&r=g","caption":"staff"},"url":"https:\/\/appsaf.apieproject.com\/news\/fr\/author\/staff\/"}]}},"_links":{"self":[{"href":"https:\/\/appsaf.apieproject.com\/news\/fr\/wp-json\/wp\/v2\/posts\/13897","targetHints":{"allow":["GET"]}}],"collection":[{"href":"https:\/\/appsaf.apieproject.com\/news\/fr\/wp-json\/wp\/v2\/posts"}],"about":[{"href":"https:\/\/appsaf.apieproject.com\/news\/fr\/wp-json\/wp\/v2\/types\/post"}],"author":[{"embeddable":true,"href":"https:\/\/appsaf.apieproject.com\/news\/fr\/wp-json\/wp\/v2\/users\/12963"}],"replies":[{"embeddable":true,"href":"https:\/\/appsaf.apieproject.com\/news\/fr\/wp-json\/wp\/v2\/comments?post=13897"}],"version-history":[{"count":1,"href":"https:\/\/appsaf.apieproject.com\/news\/fr\/wp-json\/wp\/v2\/posts\/13897\/revisions"}],"predecessor-version":[{"id":14152,"href":"https:\/\/appsaf.apieproject.com\/news\/fr\/wp-json\/wp\/v2\/posts\/13897\/revisions\/14152"}],"wp:featuredmedia":[{"embeddable":true,"href":"https:\/\/appsaf.apieproject.com\/news\/fr\/wp-json\/wp\/v2\/media\/13894"}],"wp:attachment":[{"href":"https:\/\/appsaf.apieproject.com\/news\/fr\/wp-json\/wp\/v2\/media?parent=13897"}],"wp:term":[{"taxonomy":"category","embeddable":true,"href":"https:\/\/appsaf.apieproject.com\/news\/fr\/wp-json\/wp\/v2\/categories?post=13897"},{"taxonomy":"post_tag","embeddable":true,"href":"https:\/\/appsaf.apieproject.com\/news\/fr\/wp-json\/wp\/v2\/tags?post=13897"}],"curies":[{"name":"wp","href":"https:\/\/api.w.org\/{rel}","templated":true}]}}