{"id":14317,"date":"2022-08-10T05:57:54","date_gmt":"2022-08-10T05:57:54","guid":{"rendered":"https:\/\/appsaf.apieproject.com\/news\/?p=14317"},"modified":"2022-08-10T05:57:56","modified_gmt":"2022-08-10T05:57:56","slug":"renwa-yassin-un-pont-entre-la-cote-divoire-et-le-liban","status":"publish","type":"post","link":"https:\/\/appsaf.apieproject.com\/news\/fr\/2022\/08\/10\/renwa-yassin-un-pont-entre-la-cote-divoire-et-le-liban\/","title":{"rendered":"Renwa Yassin, un pont entre la C\u00f4te d\u2019Ivoire et le Liban"},"content":{"rendered":"<p>Renwa Yassin est une jeune cr\u00e9atrice libanaise qui a grandi en C\u00f4te d\u2019Ivoire. Sa double culture et ses incessants allers-retours entre ses deux pays irriguent ses cr\u00e9ations d\u2019une touche particuli\u00e8re. Mais c\u2019est sans doute dans Racines que cette hybridation est la plus aboutie. \u00ab La collection Roots est l\u2019expression de la gratitude que nous avons pour la terre africaine. Nous puisons nos racines, notre inspiration et notre force dans ce beau continent qui nous a vus na\u00eetre et grandir \u00bb, explique la cr\u00e9atrice.<\/p>\n<p>\u00ab C\u2019est le respect de la nature, c\u2019est l\u2019alliance entre ces grands amis que sont le Liban et la C\u00f4te d\u2019Ivoire \u00bb, ajoute-t-elle. Du c\u00f4t\u00e9 de l\u2019Afrique, celle qui officie sous le label Renwa explique que cette collection est aussi une c\u00e9l\u00e9bration des textiles. Un clin d\u2019\u0153il au raphia, en passant par le coton biologique et la l\u00e9g\u00e8ret\u00e9 du lin qui participent \u00e0 la valorisation du patrimoine culturel africain \u00e0 travers, aussi, l\u2019utilisation de coquillages en contrepoints ornementaux. \u00c0 travers cette ode \u00e0 l\u2019Afrique, elle s\u2019engage \u00e0 \u00eatre une entreprise de mode responsable, soucieuse de l\u2019\u00e9coconception. \u00ab Nous consid\u00e9rons le d\u00e9veloppement durable comme un processus continu et nous nous effor\u00e7ons d\u2019inclure de plus en plus de pi\u00e8ces durables dans nos prochaines collections \u00bb, pr\u00e9cise Renwa Yassin qui, pour ce faire, s\u2019attache \u00e0 \u00e9tablir des relations solides et durables avec des fabricants et des fournisseurs qui traitent leurs travailleurs de mani\u00e8re \u00e9quitable.<\/p>\n<p>\u00ab Nous visitons r\u00e9guli\u00e8rement nos usines en Europe et au Royaume-Uni pour nous assurer que leurs pratiques de travail et la qualit\u00e9 de leur fabrication sont conformes \u00e0 nos normes \u00bb, affirme-t-elle.<\/p>\n<p>Et comme la souffrance inflig\u00e9e aux animaux est un des premiers crimes attribu\u00e9s \u00e0 la mode, en plus de la pollution plan\u00e9taire qu\u2019elle g\u00e9n\u00e8re, Renwa Yassin s\u2019engage aussi \u00e0 ne jamais utiliser de fourrure, de peau exotique, de duvet angora ou de plumes dans ses collections.<\/p>\n<p>\u00ab Pour des raisons de qualit\u00e9 et de long\u00e9vit\u00e9, nous pr\u00e9f\u00e9rons des mat\u00e9riaux comme le coton, la laine et le faux cuir v\u00e9g\u00e9talien provenant de notre fournisseur \u00e9cologique de longue date Coronet. Ce cuir v\u00e9g\u00e9talien est utilis\u00e9 pour cr\u00e9er la majorit\u00e9 de nos sacs et de nombreux v\u00eatements dans chaque collection \u00bb, confie-t-elle. Mais cette difficile reconversion de la mode entreprise par la nouvelle g\u00e9n\u00e9ration de cr\u00e9ateurs, dont Renwa fait partie, ne s\u2019arr\u00eate pas \u00e0 ces gestes fondamentaux.<\/p>\n<p>S\u2019y ajoute la prise en compte de l\u2019esth\u00e9tique, la fonctionnalit\u00e9, la qualit\u00e9 et l\u2019impact du produit tout au long de son cycle de vie. \u00ab Dans nos collections, nous pr\u00e9f\u00e9rons utiliser des mat\u00e9riaux comme le coton et le lin biologiques certifi\u00e9s GOTS, le tencel et le polyester recycl\u00e9. Afin de r\u00e9duire le gaspillage de tissu, nous r\u00e9utilisons les textiles des collections pr\u00e9c\u00e9dentes dans l\u2019\u00e9chantillonnage et la production de nouvelles collections \u00bb, explique la cr\u00e9atrice. Quant aux emballages, ils sont \u00e9videmment r\u00e9duits au minimum afin de limiter les d\u00e9chets et recycl\u00e9s dans la mesure du possible.<\/p>\n<p>Depuis sa pr\u00e9c\u00e9dente collection sous le th\u00e8me du Patrimoine, Renwa Yassin explore le v\u00eatement comme culture et appartenance, jetant d\u00e9j\u00e0 un pont entre ses deux pays, deux amours \u00e0 travers des d\u00e9tails emprunt\u00e9s aux deux environnements, mais aussi la valorisation des artisanats et le savoir-faire de part et d\u2019autre de l\u2019Afrique et de la M\u00e9diterran\u00e9e.<\/p>\n","protected":false},"excerpt":{"rendered":"<p>Elle a intitul\u00e9 sa nouvelle collection Racines.<\/p>\n","protected":false},"author":12963,"featured_media":14314,"comment_status":"open","ping_status":"open","sticky":false,"template":"","format":"standard","meta":{"footnotes":""},"categories":[57,63],"tags":[78,95,94],"class_list":{"0":"post-14317","1":"post","2":"type-post","3":"status-publish","4":"format-standard","5":"has-post-thumbnail","7":"category-mode","8":"category-mode-de-vie","9":"tag-apie-project-2","10":"tag-mode","11":"tag-mode-de-vie"},"yoast_head":"<!-- This site is optimized with the Yoast SEO plugin v24.4 - https:\/\/yoast.com\/wordpress\/plugins\/seo\/ -->\n<title>Renwa Yassin, un pont entre la C\u00f4te d\u2019Ivoire et le Liban - APIE NEWS<\/title>\n<meta name=\"robots\" content=\"index, follow, max-snippet:-1, max-image-preview:large, max-video-preview:-1\" \/>\n<link rel=\"canonical\" href=\"https:\/\/appsaf.apieproject.com\/news\/fr\/2022\/08\/10\/renwa-yassin-un-pont-entre-la-cote-divoire-et-le-liban\/\" \/>\n<meta property=\"og:locale\" content=\"fr_FR\" \/>\n<meta property=\"og:type\" content=\"article\" \/>\n<meta property=\"og:title\" content=\"Renwa Yassin, un pont entre la C\u00f4te d\u2019Ivoire et le Liban - APIE NEWS\" \/>\n<meta property=\"og:description\" content=\"Elle a intitul\u00e9 sa nouvelle collection Racines.\" \/>\n<meta property=\"og:url\" content=\"https:\/\/appsaf.apieproject.com\/news\/fr\/2022\/08\/10\/renwa-yassin-un-pont-entre-la-cote-divoire-et-le-liban\/\" \/>\n<meta property=\"og:site_name\" content=\"APIE NEWS\" \/>\n<meta property=\"article:publisher\" content=\"https:\/\/facebook.com\/apieproject\" \/>\n<meta property=\"article:published_time\" content=\"2022-08-10T05:57:54+00:00\" \/>\n<meta property=\"article:modified_time\" content=\"2022-08-10T05:57:56+00:00\" \/>\n<meta property=\"og:image\" content=\"https:\/\/appsaf.apieproject.com\/news\/wp-content\/uploads\/sites\/29\/2022\/08\/life1-4a73e746afa3bd0f8212780230543513.jpg\" \/>\n\t<meta property=\"og:image:width\" content=\"693\" \/>\n\t<meta property=\"og:image:height\" content=\"599\" \/>\n\t<meta property=\"og:image:type\" content=\"image\/jpeg\" \/>\n<meta name=\"author\" content=\"staff\" \/>\n<meta name=\"twitter:card\" content=\"summary_large_image\" \/>\n<meta name=\"twitter:creator\" content=\"@apieproject\" \/>\n<meta name=\"twitter:site\" content=\"@apieproject\" \/>\n<meta name=\"twitter:label1\" content=\"\u00c9crit par\" \/>\n\t<meta name=\"twitter:data1\" content=\"staff\" \/>\n\t<meta name=\"twitter:label2\" content=\"Dur\u00e9e de lecture estim\u00e9e\" \/>\n\t<meta name=\"twitter:data2\" content=\"3 minutes\" \/>\n<script type=\"application\/ld+json\" class=\"yoast-schema-graph\">{\"@context\":\"https:\/\/schema.org\",\"@graph\":[{\"@type\":\"Article\",\"@id\":\"https:\/\/appsaf.apieproject.com\/news\/fr\/2022\/08\/10\/renwa-yassin-un-pont-entre-la-cote-divoire-et-le-liban\/#article\",\"isPartOf\":{\"@id\":\"https:\/\/appsaf.apieproject.com\/news\/fr\/2022\/08\/10\/renwa-yassin-un-pont-entre-la-cote-divoire-et-le-liban\/\"},\"author\":{\"name\":\"staff\",\"@id\":\"https:\/\/appsaf.apieproject.com\/news\/#\/schema\/person\/399517cac378948cd7b39086f9ddc2a7\"},\"headline\":\"Renwa Yassin, un pont entre la C\u00f4te d\u2019Ivoire et le Liban\",\"datePublished\":\"2022-08-10T05:57:54+00:00\",\"dateModified\":\"2022-08-10T05:57:56+00:00\",\"mainEntityOfPage\":{\"@id\":\"https:\/\/appsaf.apieproject.com\/news\/fr\/2022\/08\/10\/renwa-yassin-un-pont-entre-la-cote-divoire-et-le-liban\/\"},\"wordCount\":616,\"commentCount\":0,\"publisher\":{\"@id\":\"https:\/\/appsaf.apieproject.com\/news\/#organization\"},\"image\":{\"@id\":\"https:\/\/appsaf.apieproject.com\/news\/fr\/2022\/08\/10\/renwa-yassin-un-pont-entre-la-cote-divoire-et-le-liban\/#primaryimage\"},\"thumbnailUrl\":\"https:\/\/appsaf.apieproject.com\/news\/wp-content\/uploads\/sites\/29\/2022\/08\/life1-4a73e746afa3bd0f8212780230543513.jpg\",\"keywords\":[\"apie project\",\"mode\",\"mode de vie\"],\"articleSection\":[\"Mode\",\"Mode de Vie\"],\"inLanguage\":\"fr-FR\",\"potentialAction\":[{\"@type\":\"CommentAction\",\"name\":\"Comment\",\"target\":[\"https:\/\/appsaf.apieproject.com\/news\/fr\/2022\/08\/10\/renwa-yassin-un-pont-entre-la-cote-divoire-et-le-liban\/#respond\"]}]},{\"@type\":\"WebPage\",\"@id\":\"https:\/\/appsaf.apieproject.com\/news\/fr\/2022\/08\/10\/renwa-yassin-un-pont-entre-la-cote-divoire-et-le-liban\/\",\"url\":\"https:\/\/appsaf.apieproject.com\/news\/fr\/2022\/08\/10\/renwa-yassin-un-pont-entre-la-cote-divoire-et-le-liban\/\",\"name\":\"Renwa Yassin, un pont entre la C\u00f4te d\u2019Ivoire et le Liban - APIE NEWS\",\"isPartOf\":{\"@id\":\"https:\/\/appsaf.apieproject.com\/news\/#website\"},\"primaryImageOfPage\":{\"@id\":\"https:\/\/appsaf.apieproject.com\/news\/fr\/2022\/08\/10\/renwa-yassin-un-pont-entre-la-cote-divoire-et-le-liban\/#primaryimage\"},\"image\":{\"@id\":\"https:\/\/appsaf.apieproject.com\/news\/fr\/2022\/08\/10\/renwa-yassin-un-pont-entre-la-cote-divoire-et-le-liban\/#primaryimage\"},\"thumbnailUrl\":\"https:\/\/appsaf.apieproject.com\/news\/wp-content\/uploads\/sites\/29\/2022\/08\/life1-4a73e746afa3bd0f8212780230543513.jpg\",\"datePublished\":\"2022-08-10T05:57:54+00:00\",\"dateModified\":\"2022-08-10T05:57:56+00:00\",\"breadcrumb\":{\"@id\":\"https:\/\/appsaf.apieproject.com\/news\/fr\/2022\/08\/10\/renwa-yassin-un-pont-entre-la-cote-divoire-et-le-liban\/#breadcrumb\"},\"inLanguage\":\"fr-FR\",\"potentialAction\":[{\"@type\":\"ReadAction\",\"target\":[\"https:\/\/appsaf.apieproject.com\/news\/fr\/2022\/08\/10\/renwa-yassin-un-pont-entre-la-cote-divoire-et-le-liban\/\"]}]},{\"@type\":\"ImageObject\",\"inLanguage\":\"fr-FR\",\"@id\":\"https:\/\/appsaf.apieproject.com\/news\/fr\/2022\/08\/10\/renwa-yassin-un-pont-entre-la-cote-divoire-et-le-liban\/#primaryimage\",\"url\":\"https:\/\/appsaf.apieproject.com\/news\/wp-content\/uploads\/sites\/29\/2022\/08\/life1-4a73e746afa3bd0f8212780230543513.jpg\",\"contentUrl\":\"https:\/\/appsaf.apieproject.com\/news\/wp-content\/uploads\/sites\/29\/2022\/08\/life1-4a73e746afa3bd0f8212780230543513.jpg\",\"width\":693,\"height\":599},{\"@type\":\"BreadcrumbList\",\"@id\":\"https:\/\/appsaf.apieproject.com\/news\/fr\/2022\/08\/10\/renwa-yassin-un-pont-entre-la-cote-divoire-et-le-liban\/#breadcrumb\",\"itemListElement\":[{\"@type\":\"ListItem\",\"position\":1,\"name\":\"Home\",\"item\":\"https:\/\/appsaf.apieproject.com\/news\/fr\/home\/\"},{\"@type\":\"ListItem\",\"position\":2,\"name\":\"Renwa Yassin, un pont entre la C\u00f4te d\u2019Ivoire et le Liban\"}]},{\"@type\":\"WebSite\",\"@id\":\"https:\/\/appsaf.apieproject.com\/news\/#website\",\"url\":\"https:\/\/appsaf.apieproject.com\/news\/\",\"name\":\"APIE NEWS\",\"description\":\"PANAFRICANISM NEWS PORTAL\",\"publisher\":{\"@id\":\"https:\/\/appsaf.apieproject.com\/news\/#organization\"},\"potentialAction\":[{\"@type\":\"SearchAction\",\"target\":{\"@type\":\"EntryPoint\",\"urlTemplate\":\"https:\/\/appsaf.apieproject.com\/news\/?s={search_term_string}\"},\"query-input\":{\"@type\":\"PropertyValueSpecification\",\"valueRequired\":true,\"valueName\":\"search_term_string\"}}],\"inLanguage\":\"fr-FR\"},{\"@type\":\"Organization\",\"@id\":\"https:\/\/appsaf.apieproject.com\/news\/#organization\",\"name\":\"APIE PROJECT\",\"url\":\"https:\/\/appsaf.apieproject.com\/news\/\",\"logo\":{\"@type\":\"ImageObject\",\"inLanguage\":\"fr-FR\",\"@id\":\"https:\/\/appsaf.apieproject.com\/news\/#\/schema\/logo\/image\/\",\"url\":\"https:\/\/appsaf.apieproject.com\/news\/wp-content\/uploads\/sites\/29\/2022\/07\/logo-R-TransparentBackground.png\",\"contentUrl\":\"https:\/\/appsaf.apieproject.com\/news\/wp-content\/uploads\/sites\/29\/2022\/07\/logo-R-TransparentBackground.png\",\"width\":512,\"height\":512,\"caption\":\"APIE PROJECT\"},\"image\":{\"@id\":\"https:\/\/appsaf.apieproject.com\/news\/#\/schema\/logo\/image\/\"},\"sameAs\":[\"https:\/\/facebook.com\/apieproject\",\"https:\/\/x.com\/apieproject\"]},{\"@type\":\"Person\",\"@id\":\"https:\/\/appsaf.apieproject.com\/news\/#\/schema\/person\/399517cac378948cd7b39086f9ddc2a7\",\"name\":\"staff\",\"image\":{\"@type\":\"ImageObject\",\"inLanguage\":\"fr-FR\",\"@id\":\"https:\/\/appsaf.apieproject.com\/news\/#\/schema\/person\/image\/\",\"url\":\"https:\/\/secure.gravatar.com\/avatar\/5386283c5db150efe261184bd59f072a?s=96&d=mm&r=g\",\"contentUrl\":\"https:\/\/secure.gravatar.com\/avatar\/5386283c5db150efe261184bd59f072a?s=96&d=mm&r=g\",\"caption\":\"staff\"},\"url\":\"https:\/\/appsaf.apieproject.com\/news\/fr\/author\/staff\/\"}]}<\/script>\n<!-- \/ Yoast SEO plugin. -->","yoast_head_json":{"title":"Renwa Yassin, un pont entre la C\u00f4te d\u2019Ivoire et le Liban - APIE NEWS","robots":{"index":"index","follow":"follow","max-snippet":"max-snippet:-1","max-image-preview":"max-image-preview:large","max-video-preview":"max-video-preview:-1"},"canonical":"https:\/\/appsaf.apieproject.com\/news\/fr\/2022\/08\/10\/renwa-yassin-un-pont-entre-la-cote-divoire-et-le-liban\/","og_locale":"fr_FR","og_type":"article","og_title":"Renwa Yassin, un pont entre la C\u00f4te d\u2019Ivoire et le Liban - APIE NEWS","og_description":"Elle a intitul\u00e9 sa nouvelle collection Racines.","og_url":"https:\/\/appsaf.apieproject.com\/news\/fr\/2022\/08\/10\/renwa-yassin-un-pont-entre-la-cote-divoire-et-le-liban\/","og_site_name":"APIE NEWS","article_publisher":"https:\/\/facebook.com\/apieproject","article_published_time":"2022-08-10T05:57:54+00:00","article_modified_time":"2022-08-10T05:57:56+00:00","og_image":[{"width":693,"height":599,"url":"https:\/\/appsaf.apieproject.com\/news\/wp-content\/uploads\/sites\/29\/2022\/08\/life1-4a73e746afa3bd0f8212780230543513.jpg","type":"image\/jpeg"}],"author":"staff","twitter_card":"summary_large_image","twitter_creator":"@apieproject","twitter_site":"@apieproject","twitter_misc":{"\u00c9crit par":"staff","Dur\u00e9e de lecture estim\u00e9e":"3 minutes"},"schema":{"@context":"https:\/\/schema.org","@graph":[{"@type":"Article","@id":"https:\/\/appsaf.apieproject.com\/news\/fr\/2022\/08\/10\/renwa-yassin-un-pont-entre-la-cote-divoire-et-le-liban\/#article","isPartOf":{"@id":"https:\/\/appsaf.apieproject.com\/news\/fr\/2022\/08\/10\/renwa-yassin-un-pont-entre-la-cote-divoire-et-le-liban\/"},"author":{"name":"staff","@id":"https:\/\/appsaf.apieproject.com\/news\/#\/schema\/person\/399517cac378948cd7b39086f9ddc2a7"},"headline":"Renwa Yassin, un pont entre la C\u00f4te d\u2019Ivoire et le Liban","datePublished":"2022-08-10T05:57:54+00:00","dateModified":"2022-08-10T05:57:56+00:00","mainEntityOfPage":{"@id":"https:\/\/appsaf.apieproject.com\/news\/fr\/2022\/08\/10\/renwa-yassin-un-pont-entre-la-cote-divoire-et-le-liban\/"},"wordCount":616,"commentCount":0,"publisher":{"@id":"https:\/\/appsaf.apieproject.com\/news\/#organization"},"image":{"@id":"https:\/\/appsaf.apieproject.com\/news\/fr\/2022\/08\/10\/renwa-yassin-un-pont-entre-la-cote-divoire-et-le-liban\/#primaryimage"},"thumbnailUrl":"https:\/\/appsaf.apieproject.com\/news\/wp-content\/uploads\/sites\/29\/2022\/08\/life1-4a73e746afa3bd0f8212780230543513.jpg","keywords":["apie project","mode","mode de vie"],"articleSection":["Mode","Mode de Vie"],"inLanguage":"fr-FR","potentialAction":[{"@type":"CommentAction","name":"Comment","target":["https:\/\/appsaf.apieproject.com\/news\/fr\/2022\/08\/10\/renwa-yassin-un-pont-entre-la-cote-divoire-et-le-liban\/#respond"]}]},{"@type":"WebPage","@id":"https:\/\/appsaf.apieproject.com\/news\/fr\/2022\/08\/10\/renwa-yassin-un-pont-entre-la-cote-divoire-et-le-liban\/","url":"https:\/\/appsaf.apieproject.com\/news\/fr\/2022\/08\/10\/renwa-yassin-un-pont-entre-la-cote-divoire-et-le-liban\/","name":"Renwa Yassin, un pont entre la C\u00f4te d\u2019Ivoire et le Liban - APIE NEWS","isPartOf":{"@id":"https:\/\/appsaf.apieproject.com\/news\/#website"},"primaryImageOfPage":{"@id":"https:\/\/appsaf.apieproject.com\/news\/fr\/2022\/08\/10\/renwa-yassin-un-pont-entre-la-cote-divoire-et-le-liban\/#primaryimage"},"image":{"@id":"https:\/\/appsaf.apieproject.com\/news\/fr\/2022\/08\/10\/renwa-yassin-un-pont-entre-la-cote-divoire-et-le-liban\/#primaryimage"},"thumbnailUrl":"https:\/\/appsaf.apieproject.com\/news\/wp-content\/uploads\/sites\/29\/2022\/08\/life1-4a73e746afa3bd0f8212780230543513.jpg","datePublished":"2022-08-10T05:57:54+00:00","dateModified":"2022-08-10T05:57:56+00:00","breadcrumb":{"@id":"https:\/\/appsaf.apieproject.com\/news\/fr\/2022\/08\/10\/renwa-yassin-un-pont-entre-la-cote-divoire-et-le-liban\/#breadcrumb"},"inLanguage":"fr-FR","potentialAction":[{"@type":"ReadAction","target":["https:\/\/appsaf.apieproject.com\/news\/fr\/2022\/08\/10\/renwa-yassin-un-pont-entre-la-cote-divoire-et-le-liban\/"]}]},{"@type":"ImageObject","inLanguage":"fr-FR","@id":"https:\/\/appsaf.apieproject.com\/news\/fr\/2022\/08\/10\/renwa-yassin-un-pont-entre-la-cote-divoire-et-le-liban\/#primaryimage","url":"https:\/\/appsaf.apieproject.com\/news\/wp-content\/uploads\/sites\/29\/2022\/08\/life1-4a73e746afa3bd0f8212780230543513.jpg","contentUrl":"https:\/\/appsaf.apieproject.com\/news\/wp-content\/uploads\/sites\/29\/2022\/08\/life1-4a73e746afa3bd0f8212780230543513.jpg","width":693,"height":599},{"@type":"BreadcrumbList","@id":"https:\/\/appsaf.apieproject.com\/news\/fr\/2022\/08\/10\/renwa-yassin-un-pont-entre-la-cote-divoire-et-le-liban\/#breadcrumb","itemListElement":[{"@type":"ListItem","position":1,"name":"Home","item":"https:\/\/appsaf.apieproject.com\/news\/fr\/home\/"},{"@type":"ListItem","position":2,"name":"Renwa Yassin, un pont entre la C\u00f4te d\u2019Ivoire et le Liban"}]},{"@type":"WebSite","@id":"https:\/\/appsaf.apieproject.com\/news\/#website","url":"https:\/\/appsaf.apieproject.com\/news\/","name":"APIE NEWS","description":"PANAFRICANISM NEWS PORTAL","publisher":{"@id":"https:\/\/appsaf.apieproject.com\/news\/#organization"},"potentialAction":[{"@type":"SearchAction","target":{"@type":"EntryPoint","urlTemplate":"https:\/\/appsaf.apieproject.com\/news\/?s={search_term_string}"},"query-input":{"@type":"PropertyValueSpecification","valueRequired":true,"valueName":"search_term_string"}}],"inLanguage":"fr-FR"},{"@type":"Organization","@id":"https:\/\/appsaf.apieproject.com\/news\/#organization","name":"APIE PROJECT","url":"https:\/\/appsaf.apieproject.com\/news\/","logo":{"@type":"ImageObject","inLanguage":"fr-FR","@id":"https:\/\/appsaf.apieproject.com\/news\/#\/schema\/logo\/image\/","url":"https:\/\/appsaf.apieproject.com\/news\/wp-content\/uploads\/sites\/29\/2022\/07\/logo-R-TransparentBackground.png","contentUrl":"https:\/\/appsaf.apieproject.com\/news\/wp-content\/uploads\/sites\/29\/2022\/07\/logo-R-TransparentBackground.png","width":512,"height":512,"caption":"APIE PROJECT"},"image":{"@id":"https:\/\/appsaf.apieproject.com\/news\/#\/schema\/logo\/image\/"},"sameAs":["https:\/\/facebook.com\/apieproject","https:\/\/x.com\/apieproject"]},{"@type":"Person","@id":"https:\/\/appsaf.apieproject.com\/news\/#\/schema\/person\/399517cac378948cd7b39086f9ddc2a7","name":"staff","image":{"@type":"ImageObject","inLanguage":"fr-FR","@id":"https:\/\/appsaf.apieproject.com\/news\/#\/schema\/person\/image\/","url":"https:\/\/secure.gravatar.com\/avatar\/5386283c5db150efe261184bd59f072a?s=96&d=mm&r=g","contentUrl":"https:\/\/secure.gravatar.com\/avatar\/5386283c5db150efe261184bd59f072a?s=96&d=mm&r=g","caption":"staff"},"url":"https:\/\/appsaf.apieproject.com\/news\/fr\/author\/staff\/"}]}},"_links":{"self":[{"href":"https:\/\/appsaf.apieproject.com\/news\/fr\/wp-json\/wp\/v2\/posts\/14317","targetHints":{"allow":["GET"]}}],"collection":[{"href":"https:\/\/appsaf.apieproject.com\/news\/fr\/wp-json\/wp\/v2\/posts"}],"about":[{"href":"https:\/\/appsaf.apieproject.com\/news\/fr\/wp-json\/wp\/v2\/types\/post"}],"author":[{"embeddable":true,"href":"https:\/\/appsaf.apieproject.com\/news\/fr\/wp-json\/wp\/v2\/users\/12963"}],"replies":[{"embeddable":true,"href":"https:\/\/appsaf.apieproject.com\/news\/fr\/wp-json\/wp\/v2\/comments?post=14317"}],"version-history":[{"count":1,"href":"https:\/\/appsaf.apieproject.com\/news\/fr\/wp-json\/wp\/v2\/posts\/14317\/revisions"}],"predecessor-version":[{"id":14506,"href":"https:\/\/appsaf.apieproject.com\/news\/fr\/wp-json\/wp\/v2\/posts\/14317\/revisions\/14506"}],"wp:featuredmedia":[{"embeddable":true,"href":"https:\/\/appsaf.apieproject.com\/news\/fr\/wp-json\/wp\/v2\/media\/14314"}],"wp:attachment":[{"href":"https:\/\/appsaf.apieproject.com\/news\/fr\/wp-json\/wp\/v2\/media?parent=14317"}],"wp:term":[{"taxonomy":"category","embeddable":true,"href":"https:\/\/appsaf.apieproject.com\/news\/fr\/wp-json\/wp\/v2\/categories?post=14317"},{"taxonomy":"post_tag","embeddable":true,"href":"https:\/\/appsaf.apieproject.com\/news\/fr\/wp-json\/wp\/v2\/tags?post=14317"}],"curies":[{"name":"wp","href":"https:\/\/api.w.org\/{rel}","templated":true}]}}