{"id":14598,"date":"2022-08-28T20:44:42","date_gmt":"2022-08-28T20:44:42","guid":{"rendered":"https:\/\/appsaf.apieproject.com\/news\/?p=14598"},"modified":"2022-08-28T20:44:44","modified_gmt":"2022-08-28T20:44:44","slug":"avec-samafrica-la-culture-africaine-resonne-dans-le-gers","status":"publish","type":"post","link":"https:\/\/appsaf.apieproject.com\/news\/fr\/2022\/08\/28\/avec-samafrica-la-culture-africaine-resonne-dans-le-gers\/","title":{"rendered":"Avec Sam\u2019Africa, la culture africaine r\u00e9sonne dans le Gers"},"content":{"rendered":"<p>Depuis 1998, \u00e0 chaque premier week-end de septembre, Sam\u2019Africa, le festival enti\u00e8rement d\u00e9di\u00e9 aux cultures de l\u2019Afrique, investit Samatan dans le Gers. Chaque ann\u00e9e, entre 8 000 et 10 000 festivaliers y d\u00e9couvrent de la musique, des danses mais \u00e9galement de l\u2019artisanat d\u2019art, un village de la cr\u00e9ation, des projections de films, des animations\u2026 Le tout dans une ambiance conviviale et chamarr\u00e9e, aux couleurs \u00e9clatantes et aux senteurs exotiques.<\/p>\n<p>Rythmes et musiques sont au coeur du festival Sam&rsquo;Africa, notamment avec les stages de percussions.<br \/>\nRythmes et musiques sont au coeur du festival Sam\u2019Africa, notamment avec les stages de percussions.<\/p>\n<p>Cette ann\u00e9e, Sam\u2019Africa se tient du 2 au 4 septembre. Et, comme \u00e0 l\u2019accoutum\u00e9e, le festival pr\u00e9sente un programme vari\u00e9, riche en rythmes et musiques. Nkumba System, Bafang, Kady Diarra, Addict o Vinyles, Orange Blossom, Black Voice Combo, Dee Dee Daniel and the Gospel Walk s\u2019y produiront. Des stages de danse et de percussions sont \u00e9galement propos\u00e9s pour adultes et enfants.<\/p>\n<p>Les associations qui \u0153uvrent en faveur des peuples africains y sont re\u00e7ues, exposent et pr\u00e9sentent leurs actions. On peut notamment citer Les Amis de Saly Manga, dont la mission est d\u2019am\u00e9liorer la vie des villageois de Maliconda Bambara au S\u00e9n\u00e9gal ; L\u2019Autan et l\u2019Harmattan, une association au service de l\u2019amiti\u00e9 entre les peuples, de l\u2019\u00e9change culturel et du d\u00e9veloppement des soci\u00e9t\u00e9s ; ainsi que l\u2019\u00c9cole pour tous Ziniar\u00e9, dont le but principal est de scolariser des enfants de la province d\u2019Oubritenga au Burkina Faso.<\/p>\n<p>L\u2019aide aux peuples d\u2019Afrique et la culture pour tous<br \/>\nPour Adama 32, l\u2019association organisatrice, Sam\u2019Africa est donc un engagement. Ce festival est enti\u00e8rement d\u00e9di\u00e9 aux bonnes causes. D\u2019une part, \u00e0 l\u2019aide aux peuples d\u2019Afrique, car, lorsque son bilan financier le permet, l\u2019association finance des \u00e9quipements, des puits d\u2019eau potable ainsi que des \u00e9coles de brousse. Et, d\u2019autre part, \u00e0 la connaissance de l\u2019Afrique, par la promotion et la diffusion de ses cultures. L\u2019\u00e9ducation populaire et l\u2019acc\u00e8s \u00e0 la culture pour tous sont inscrits au fronton du festival depuis sa cr\u00e9ation, aussi, les concerts y sont gratuits.<\/p>\n<p>Emmen\u00e9e par Florence Ira\u00e7abal, sa pr\u00e9sidente, Delphine Ortega (vice-pr\u00e9sidente), Ghislaine Degatier (tr\u00e9sori\u00e8re), Marie-France Fabries (secr\u00e9taire) et Corinne Flourence (sa vice-secr\u00e9taire), l\u2019Adama 32 continue donc de creuser le sillon trac\u00e9 par les fondateurs. On pense notamment \u00e0 Guy Bordes, professeur de coll\u00e8ge, aujourd\u2019hui disparu, qui pr\u00e9sidait alors le foyer rural de Samatan et animait une compagnie th\u00e9\u00e2trale locale \u00e0 l\u2019origine des Th\u00e9\u00e2trales d\u2019\u00c9t\u00e9, l\u2019autre festival de la commune.<\/p>\n","protected":false},"excerpt":{"rendered":"<p>Ce festival gratuit qui \u0153uvre en faveur des peuples et des cultures de l\u2019Afrique, se d\u00e9roule \u00e0 Samatan (Gers) depuis plus de 20 ans ! Pr\u00e9sentation.<\/p>\n","protected":false},"author":12963,"featured_media":14595,"comment_status":"open","ping_status":"open","sticky":false,"template":"","format":"standard","meta":{"footnotes":""},"categories":[53,55],"tags":[78,87,88],"class_list":{"0":"post-14598","1":"post","2":"type-post","3":"status-publish","4":"format-standard","5":"has-post-thumbnail","7":"category-culture-fr","8":"category-divertissement","9":"tag-apie-project-2","10":"tag-culture-2","11":"tag-divertissement"},"yoast_head":"<!-- This site is optimized with the Yoast SEO plugin v24.4 - https:\/\/yoast.com\/wordpress\/plugins\/seo\/ -->\n<title>Avec Sam\u2019Africa, la culture africaine r\u00e9sonne dans le Gers - APIE NEWS<\/title>\n<meta name=\"robots\" content=\"index, follow, max-snippet:-1, max-image-preview:large, max-video-preview:-1\" \/>\n<link rel=\"canonical\" href=\"https:\/\/appsaf.apieproject.com\/news\/fr\/2022\/08\/28\/avec-samafrica-la-culture-africaine-resonne-dans-le-gers\/\" \/>\n<meta property=\"og:locale\" content=\"fr_FR\" \/>\n<meta property=\"og:type\" content=\"article\" \/>\n<meta property=\"og:title\" content=\"Avec Sam\u2019Africa, la culture africaine r\u00e9sonne dans le Gers - APIE NEWS\" \/>\n<meta property=\"og:description\" content=\"Ce festival gratuit qui \u0153uvre en faveur des peuples et des cultures de l\u2019Afrique, se d\u00e9roule \u00e0 Samatan (Gers) depuis plus de 20 ans ! Pr\u00e9sentation.\" \/>\n<meta property=\"og:url\" content=\"https:\/\/appsaf.apieproject.com\/news\/fr\/2022\/08\/28\/avec-samafrica-la-culture-africaine-resonne-dans-le-gers\/\" \/>\n<meta property=\"og:site_name\" content=\"APIE NEWS\" \/>\n<meta property=\"article:publisher\" content=\"https:\/\/facebook.com\/apieproject\" \/>\n<meta property=\"article:published_time\" content=\"2022-08-28T20:44:42+00:00\" \/>\n<meta property=\"article:modified_time\" content=\"2022-08-28T20:44:44+00:00\" \/>\n<meta property=\"og:image\" content=\"https:\/\/appsaf.apieproject.com\/news\/wp-content\/uploads\/sites\/29\/2022\/08\/samafrica1-186b1-9a34773e3ce65d031b25a06e0c8cd983.jpg\" \/>\n\t<meta property=\"og:image:width\" content=\"1000\" \/>\n\t<meta property=\"og:image:height\" content=\"746\" \/>\n\t<meta property=\"og:image:type\" content=\"image\/jpeg\" \/>\n<meta name=\"author\" content=\"staff\" \/>\n<meta name=\"twitter:card\" content=\"summary_large_image\" \/>\n<meta name=\"twitter:creator\" content=\"@apieproject\" \/>\n<meta name=\"twitter:site\" content=\"@apieproject\" \/>\n<meta name=\"twitter:label1\" content=\"\u00c9crit par\" \/>\n\t<meta name=\"twitter:data1\" content=\"staff\" \/>\n\t<meta name=\"twitter:label2\" content=\"Dur\u00e9e de lecture estim\u00e9e\" \/>\n\t<meta name=\"twitter:data2\" content=\"3 minutes\" \/>\n<script type=\"application\/ld+json\" class=\"yoast-schema-graph\">{\"@context\":\"https:\/\/schema.org\",\"@graph\":[{\"@type\":\"Article\",\"@id\":\"https:\/\/appsaf.apieproject.com\/news\/fr\/2022\/08\/28\/avec-samafrica-la-culture-africaine-resonne-dans-le-gers\/#article\",\"isPartOf\":{\"@id\":\"https:\/\/appsaf.apieproject.com\/news\/fr\/2022\/08\/28\/avec-samafrica-la-culture-africaine-resonne-dans-le-gers\/\"},\"author\":{\"name\":\"staff\",\"@id\":\"https:\/\/appsaf.apieproject.com\/news\/#\/schema\/person\/399517cac378948cd7b39086f9ddc2a7\"},\"headline\":\"Avec Sam\u2019Africa, la culture africaine r\u00e9sonne dans le Gers\",\"datePublished\":\"2022-08-28T20:44:42+00:00\",\"dateModified\":\"2022-08-28T20:44:44+00:00\",\"mainEntityOfPage\":{\"@id\":\"https:\/\/appsaf.apieproject.com\/news\/fr\/2022\/08\/28\/avec-samafrica-la-culture-africaine-resonne-dans-le-gers\/\"},\"wordCount\":468,\"commentCount\":0,\"publisher\":{\"@id\":\"https:\/\/appsaf.apieproject.com\/news\/#organization\"},\"image\":{\"@id\":\"https:\/\/appsaf.apieproject.com\/news\/fr\/2022\/08\/28\/avec-samafrica-la-culture-africaine-resonne-dans-le-gers\/#primaryimage\"},\"thumbnailUrl\":\"https:\/\/appsaf.apieproject.com\/news\/wp-content\/uploads\/sites\/29\/2022\/08\/samafrica1-186b1-9a34773e3ce65d031b25a06e0c8cd983.jpg\",\"keywords\":[\"apie project\",\"culture\",\"divertissement\"],\"articleSection\":[\"Culture\",\"Divertissement\"],\"inLanguage\":\"fr-FR\",\"potentialAction\":[{\"@type\":\"CommentAction\",\"name\":\"Comment\",\"target\":[\"https:\/\/appsaf.apieproject.com\/news\/fr\/2022\/08\/28\/avec-samafrica-la-culture-africaine-resonne-dans-le-gers\/#respond\"]}]},{\"@type\":\"WebPage\",\"@id\":\"https:\/\/appsaf.apieproject.com\/news\/fr\/2022\/08\/28\/avec-samafrica-la-culture-africaine-resonne-dans-le-gers\/\",\"url\":\"https:\/\/appsaf.apieproject.com\/news\/fr\/2022\/08\/28\/avec-samafrica-la-culture-africaine-resonne-dans-le-gers\/\",\"name\":\"Avec Sam\u2019Africa, la culture africaine r\u00e9sonne dans le Gers - APIE NEWS\",\"isPartOf\":{\"@id\":\"https:\/\/appsaf.apieproject.com\/news\/#website\"},\"primaryImageOfPage\":{\"@id\":\"https:\/\/appsaf.apieproject.com\/news\/fr\/2022\/08\/28\/avec-samafrica-la-culture-africaine-resonne-dans-le-gers\/#primaryimage\"},\"image\":{\"@id\":\"https:\/\/appsaf.apieproject.com\/news\/fr\/2022\/08\/28\/avec-samafrica-la-culture-africaine-resonne-dans-le-gers\/#primaryimage\"},\"thumbnailUrl\":\"https:\/\/appsaf.apieproject.com\/news\/wp-content\/uploads\/sites\/29\/2022\/08\/samafrica1-186b1-9a34773e3ce65d031b25a06e0c8cd983.jpg\",\"datePublished\":\"2022-08-28T20:44:42+00:00\",\"dateModified\":\"2022-08-28T20:44:44+00:00\",\"breadcrumb\":{\"@id\":\"https:\/\/appsaf.apieproject.com\/news\/fr\/2022\/08\/28\/avec-samafrica-la-culture-africaine-resonne-dans-le-gers\/#breadcrumb\"},\"inLanguage\":\"fr-FR\",\"potentialAction\":[{\"@type\":\"ReadAction\",\"target\":[\"https:\/\/appsaf.apieproject.com\/news\/fr\/2022\/08\/28\/avec-samafrica-la-culture-africaine-resonne-dans-le-gers\/\"]}]},{\"@type\":\"ImageObject\",\"inLanguage\":\"fr-FR\",\"@id\":\"https:\/\/appsaf.apieproject.com\/news\/fr\/2022\/08\/28\/avec-samafrica-la-culture-africaine-resonne-dans-le-gers\/#primaryimage\",\"url\":\"https:\/\/appsaf.apieproject.com\/news\/wp-content\/uploads\/sites\/29\/2022\/08\/samafrica1-186b1-9a34773e3ce65d031b25a06e0c8cd983.jpg\",\"contentUrl\":\"https:\/\/appsaf.apieproject.com\/news\/wp-content\/uploads\/sites\/29\/2022\/08\/samafrica1-186b1-9a34773e3ce65d031b25a06e0c8cd983.jpg\",\"width\":1000,\"height\":746},{\"@type\":\"BreadcrumbList\",\"@id\":\"https:\/\/appsaf.apieproject.com\/news\/fr\/2022\/08\/28\/avec-samafrica-la-culture-africaine-resonne-dans-le-gers\/#breadcrumb\",\"itemListElement\":[{\"@type\":\"ListItem\",\"position\":1,\"name\":\"Home\",\"item\":\"https:\/\/appsaf.apieproject.com\/news\/fr\/home\/\"},{\"@type\":\"ListItem\",\"position\":2,\"name\":\"Avec Sam\u2019Africa, la culture africaine r\u00e9sonne dans le Gers\"}]},{\"@type\":\"WebSite\",\"@id\":\"https:\/\/appsaf.apieproject.com\/news\/#website\",\"url\":\"https:\/\/appsaf.apieproject.com\/news\/\",\"name\":\"APIE NEWS\",\"description\":\"PANAFRICANISM NEWS PORTAL\",\"publisher\":{\"@id\":\"https:\/\/appsaf.apieproject.com\/news\/#organization\"},\"potentialAction\":[{\"@type\":\"SearchAction\",\"target\":{\"@type\":\"EntryPoint\",\"urlTemplate\":\"https:\/\/appsaf.apieproject.com\/news\/?s={search_term_string}\"},\"query-input\":{\"@type\":\"PropertyValueSpecification\",\"valueRequired\":true,\"valueName\":\"search_term_string\"}}],\"inLanguage\":\"fr-FR\"},{\"@type\":\"Organization\",\"@id\":\"https:\/\/appsaf.apieproject.com\/news\/#organization\",\"name\":\"APIE PROJECT\",\"url\":\"https:\/\/appsaf.apieproject.com\/news\/\",\"logo\":{\"@type\":\"ImageObject\",\"inLanguage\":\"fr-FR\",\"@id\":\"https:\/\/appsaf.apieproject.com\/news\/#\/schema\/logo\/image\/\",\"url\":\"https:\/\/appsaf.apieproject.com\/news\/wp-content\/uploads\/sites\/29\/2022\/07\/logo-R-TransparentBackground.png\",\"contentUrl\":\"https:\/\/appsaf.apieproject.com\/news\/wp-content\/uploads\/sites\/29\/2022\/07\/logo-R-TransparentBackground.png\",\"width\":512,\"height\":512,\"caption\":\"APIE PROJECT\"},\"image\":{\"@id\":\"https:\/\/appsaf.apieproject.com\/news\/#\/schema\/logo\/image\/\"},\"sameAs\":[\"https:\/\/facebook.com\/apieproject\",\"https:\/\/x.com\/apieproject\"]},{\"@type\":\"Person\",\"@id\":\"https:\/\/appsaf.apieproject.com\/news\/#\/schema\/person\/399517cac378948cd7b39086f9ddc2a7\",\"name\":\"staff\",\"image\":{\"@type\":\"ImageObject\",\"inLanguage\":\"fr-FR\",\"@id\":\"https:\/\/appsaf.apieproject.com\/news\/#\/schema\/person\/image\/\",\"url\":\"https:\/\/secure.gravatar.com\/avatar\/5386283c5db150efe261184bd59f072a?s=96&d=mm&r=g\",\"contentUrl\":\"https:\/\/secure.gravatar.com\/avatar\/5386283c5db150efe261184bd59f072a?s=96&d=mm&r=g\",\"caption\":\"staff\"},\"url\":\"https:\/\/appsaf.apieproject.com\/news\/fr\/author\/staff\/\"}]}<\/script>\n<!-- \/ Yoast SEO plugin. -->","yoast_head_json":{"title":"Avec Sam\u2019Africa, la culture africaine r\u00e9sonne dans le Gers - APIE NEWS","robots":{"index":"index","follow":"follow","max-snippet":"max-snippet:-1","max-image-preview":"max-image-preview:large","max-video-preview":"max-video-preview:-1"},"canonical":"https:\/\/appsaf.apieproject.com\/news\/fr\/2022\/08\/28\/avec-samafrica-la-culture-africaine-resonne-dans-le-gers\/","og_locale":"fr_FR","og_type":"article","og_title":"Avec Sam\u2019Africa, la culture africaine r\u00e9sonne dans le Gers - APIE NEWS","og_description":"Ce festival gratuit qui \u0153uvre en faveur des peuples et des cultures de l\u2019Afrique, se d\u00e9roule \u00e0 Samatan (Gers) depuis plus de 20 ans ! Pr\u00e9sentation.","og_url":"https:\/\/appsaf.apieproject.com\/news\/fr\/2022\/08\/28\/avec-samafrica-la-culture-africaine-resonne-dans-le-gers\/","og_site_name":"APIE NEWS","article_publisher":"https:\/\/facebook.com\/apieproject","article_published_time":"2022-08-28T20:44:42+00:00","article_modified_time":"2022-08-28T20:44:44+00:00","og_image":[{"width":1000,"height":746,"url":"https:\/\/appsaf.apieproject.com\/news\/wp-content\/uploads\/sites\/29\/2022\/08\/samafrica1-186b1-9a34773e3ce65d031b25a06e0c8cd983.jpg","type":"image\/jpeg"}],"author":"staff","twitter_card":"summary_large_image","twitter_creator":"@apieproject","twitter_site":"@apieproject","twitter_misc":{"\u00c9crit par":"staff","Dur\u00e9e de lecture estim\u00e9e":"3 minutes"},"schema":{"@context":"https:\/\/schema.org","@graph":[{"@type":"Article","@id":"https:\/\/appsaf.apieproject.com\/news\/fr\/2022\/08\/28\/avec-samafrica-la-culture-africaine-resonne-dans-le-gers\/#article","isPartOf":{"@id":"https:\/\/appsaf.apieproject.com\/news\/fr\/2022\/08\/28\/avec-samafrica-la-culture-africaine-resonne-dans-le-gers\/"},"author":{"name":"staff","@id":"https:\/\/appsaf.apieproject.com\/news\/#\/schema\/person\/399517cac378948cd7b39086f9ddc2a7"},"headline":"Avec Sam\u2019Africa, la culture africaine r\u00e9sonne dans le Gers","datePublished":"2022-08-28T20:44:42+00:00","dateModified":"2022-08-28T20:44:44+00:00","mainEntityOfPage":{"@id":"https:\/\/appsaf.apieproject.com\/news\/fr\/2022\/08\/28\/avec-samafrica-la-culture-africaine-resonne-dans-le-gers\/"},"wordCount":468,"commentCount":0,"publisher":{"@id":"https:\/\/appsaf.apieproject.com\/news\/#organization"},"image":{"@id":"https:\/\/appsaf.apieproject.com\/news\/fr\/2022\/08\/28\/avec-samafrica-la-culture-africaine-resonne-dans-le-gers\/#primaryimage"},"thumbnailUrl":"https:\/\/appsaf.apieproject.com\/news\/wp-content\/uploads\/sites\/29\/2022\/08\/samafrica1-186b1-9a34773e3ce65d031b25a06e0c8cd983.jpg","keywords":["apie project","culture","divertissement"],"articleSection":["Culture","Divertissement"],"inLanguage":"fr-FR","potentialAction":[{"@type":"CommentAction","name":"Comment","target":["https:\/\/appsaf.apieproject.com\/news\/fr\/2022\/08\/28\/avec-samafrica-la-culture-africaine-resonne-dans-le-gers\/#respond"]}]},{"@type":"WebPage","@id":"https:\/\/appsaf.apieproject.com\/news\/fr\/2022\/08\/28\/avec-samafrica-la-culture-africaine-resonne-dans-le-gers\/","url":"https:\/\/appsaf.apieproject.com\/news\/fr\/2022\/08\/28\/avec-samafrica-la-culture-africaine-resonne-dans-le-gers\/","name":"Avec Sam\u2019Africa, la culture africaine r\u00e9sonne dans le Gers - APIE NEWS","isPartOf":{"@id":"https:\/\/appsaf.apieproject.com\/news\/#website"},"primaryImageOfPage":{"@id":"https:\/\/appsaf.apieproject.com\/news\/fr\/2022\/08\/28\/avec-samafrica-la-culture-africaine-resonne-dans-le-gers\/#primaryimage"},"image":{"@id":"https:\/\/appsaf.apieproject.com\/news\/fr\/2022\/08\/28\/avec-samafrica-la-culture-africaine-resonne-dans-le-gers\/#primaryimage"},"thumbnailUrl":"https:\/\/appsaf.apieproject.com\/news\/wp-content\/uploads\/sites\/29\/2022\/08\/samafrica1-186b1-9a34773e3ce65d031b25a06e0c8cd983.jpg","datePublished":"2022-08-28T20:44:42+00:00","dateModified":"2022-08-28T20:44:44+00:00","breadcrumb":{"@id":"https:\/\/appsaf.apieproject.com\/news\/fr\/2022\/08\/28\/avec-samafrica-la-culture-africaine-resonne-dans-le-gers\/#breadcrumb"},"inLanguage":"fr-FR","potentialAction":[{"@type":"ReadAction","target":["https:\/\/appsaf.apieproject.com\/news\/fr\/2022\/08\/28\/avec-samafrica-la-culture-africaine-resonne-dans-le-gers\/"]}]},{"@type":"ImageObject","inLanguage":"fr-FR","@id":"https:\/\/appsaf.apieproject.com\/news\/fr\/2022\/08\/28\/avec-samafrica-la-culture-africaine-resonne-dans-le-gers\/#primaryimage","url":"https:\/\/appsaf.apieproject.com\/news\/wp-content\/uploads\/sites\/29\/2022\/08\/samafrica1-186b1-9a34773e3ce65d031b25a06e0c8cd983.jpg","contentUrl":"https:\/\/appsaf.apieproject.com\/news\/wp-content\/uploads\/sites\/29\/2022\/08\/samafrica1-186b1-9a34773e3ce65d031b25a06e0c8cd983.jpg","width":1000,"height":746},{"@type":"BreadcrumbList","@id":"https:\/\/appsaf.apieproject.com\/news\/fr\/2022\/08\/28\/avec-samafrica-la-culture-africaine-resonne-dans-le-gers\/#breadcrumb","itemListElement":[{"@type":"ListItem","position":1,"name":"Home","item":"https:\/\/appsaf.apieproject.com\/news\/fr\/home\/"},{"@type":"ListItem","position":2,"name":"Avec Sam\u2019Africa, la culture africaine r\u00e9sonne dans le Gers"}]},{"@type":"WebSite","@id":"https:\/\/appsaf.apieproject.com\/news\/#website","url":"https:\/\/appsaf.apieproject.com\/news\/","name":"APIE NEWS","description":"PANAFRICANISM NEWS PORTAL","publisher":{"@id":"https:\/\/appsaf.apieproject.com\/news\/#organization"},"potentialAction":[{"@type":"SearchAction","target":{"@type":"EntryPoint","urlTemplate":"https:\/\/appsaf.apieproject.com\/news\/?s={search_term_string}"},"query-input":{"@type":"PropertyValueSpecification","valueRequired":true,"valueName":"search_term_string"}}],"inLanguage":"fr-FR"},{"@type":"Organization","@id":"https:\/\/appsaf.apieproject.com\/news\/#organization","name":"APIE PROJECT","url":"https:\/\/appsaf.apieproject.com\/news\/","logo":{"@type":"ImageObject","inLanguage":"fr-FR","@id":"https:\/\/appsaf.apieproject.com\/news\/#\/schema\/logo\/image\/","url":"https:\/\/appsaf.apieproject.com\/news\/wp-content\/uploads\/sites\/29\/2022\/07\/logo-R-TransparentBackground.png","contentUrl":"https:\/\/appsaf.apieproject.com\/news\/wp-content\/uploads\/sites\/29\/2022\/07\/logo-R-TransparentBackground.png","width":512,"height":512,"caption":"APIE PROJECT"},"image":{"@id":"https:\/\/appsaf.apieproject.com\/news\/#\/schema\/logo\/image\/"},"sameAs":["https:\/\/facebook.com\/apieproject","https:\/\/x.com\/apieproject"]},{"@type":"Person","@id":"https:\/\/appsaf.apieproject.com\/news\/#\/schema\/person\/399517cac378948cd7b39086f9ddc2a7","name":"staff","image":{"@type":"ImageObject","inLanguage":"fr-FR","@id":"https:\/\/appsaf.apieproject.com\/news\/#\/schema\/person\/image\/","url":"https:\/\/secure.gravatar.com\/avatar\/5386283c5db150efe261184bd59f072a?s=96&d=mm&r=g","contentUrl":"https:\/\/secure.gravatar.com\/avatar\/5386283c5db150efe261184bd59f072a?s=96&d=mm&r=g","caption":"staff"},"url":"https:\/\/appsaf.apieproject.com\/news\/fr\/author\/staff\/"}]}},"_links":{"self":[{"href":"https:\/\/appsaf.apieproject.com\/news\/fr\/wp-json\/wp\/v2\/posts\/14598","targetHints":{"allow":["GET"]}}],"collection":[{"href":"https:\/\/appsaf.apieproject.com\/news\/fr\/wp-json\/wp\/v2\/posts"}],"about":[{"href":"https:\/\/appsaf.apieproject.com\/news\/fr\/wp-json\/wp\/v2\/types\/post"}],"author":[{"embeddable":true,"href":"https:\/\/appsaf.apieproject.com\/news\/fr\/wp-json\/wp\/v2\/users\/12963"}],"replies":[{"embeddable":true,"href":"https:\/\/appsaf.apieproject.com\/news\/fr\/wp-json\/wp\/v2\/comments?post=14598"}],"version-history":[{"count":1,"href":"https:\/\/appsaf.apieproject.com\/news\/fr\/wp-json\/wp\/v2\/posts\/14598\/revisions"}],"predecessor-version":[{"id":15239,"href":"https:\/\/appsaf.apieproject.com\/news\/fr\/wp-json\/wp\/v2\/posts\/14598\/revisions\/15239"}],"wp:featuredmedia":[{"embeddable":true,"href":"https:\/\/appsaf.apieproject.com\/news\/fr\/wp-json\/wp\/v2\/media\/14595"}],"wp:attachment":[{"href":"https:\/\/appsaf.apieproject.com\/news\/fr\/wp-json\/wp\/v2\/media?parent=14598"}],"wp:term":[{"taxonomy":"category","embeddable":true,"href":"https:\/\/appsaf.apieproject.com\/news\/fr\/wp-json\/wp\/v2\/categories?post=14598"},{"taxonomy":"post_tag","embeddable":true,"href":"https:\/\/appsaf.apieproject.com\/news\/fr\/wp-json\/wp\/v2\/tags?post=14598"}],"curies":[{"name":"wp","href":"https:\/\/api.w.org\/{rel}","templated":true}]}}