{"id":14630,"date":"2022-08-28T21:11:01","date_gmt":"2022-08-28T21:11:01","guid":{"rendered":"https:\/\/appsaf.apieproject.com\/news\/?p=14630"},"modified":"2022-08-28T21:11:02","modified_gmt":"2022-08-28T21:11:02","slug":"mode-fashion-victime-emmanuel-keita-recrutee-par-une-grande-maison-de-couture","status":"publish","type":"post","link":"https:\/\/appsaf.apieproject.com\/news\/fr\/2022\/08\/28\/mode-fashion-victime-emmanuel-keita-recrutee-par-une-grande-maison-de-couture\/","title":{"rendered":"Mode: \u2018\u2019 Fashion victime\u2019\u2019, Emmanuel Ke\u00efta recrut\u00e9e par une grande maison de couture"},"content":{"rendered":"<p>L\u2019influenceuse ivoirienne, Emmanuel Ke\u00efta a un nouveau job. Elle a \u00e9t\u00e9 recrut\u00e9e par une prestigieuse maison de couture. Connue pour son go\u00fbt de la mode lors de toutes ses apparitions publiques, \u00a0\u00bbEk\u00a0\u00bb est d\u00e9sormais directrice artistique de la maison de couture Coul Collection.<\/p>\n<p>un choix \u00e9vident<br \/>\nPassionn\u00e9e de mode, Emmanuel Keita est \u2002\u00e0 l\u2019aise dans tous les looks. \u2018\u2019 Reine\u2019\u2019, \u2018\u2019glamour\u2019\u2019, \u2018\u2019 urban style\u2019\u2019, \u2018\u2019 femme fatal\u2019\u2019, \u2018\u2019treet fashion\u2019\u2019, la blogueuse est tr\u00e8s polyvalente en mati\u00e8re de mode et cela lui va \u00e0 ravir.<\/p>\n<p>C\u2019est d\u2019ailleurs sans surprise majeure que les internautes ont accueilli l\u2019annonce de sa nomination en qualit\u00e9 de directrice artistique de cette maison de mode espagnole fortement empreinte de la culture africaine et bas\u00e9e sur les pr\u00e9ceptes de la nature. La soci\u00e9t\u00e9 est implant\u00e9e dans la mer M\u00e9diterran\u00e9e espagnole.<\/p>\n<p>Emmanuel Ke\u00efta a un nouveau job<\/p>\n<p>La nomination Emmanuel Keita a \u00e9t\u00e9 suivie par la remise d\u2019une luxueuse voiture qu\u2019elle pourra utiliser dans le cadre de son service. C\u2019est avec joie que la blogueuse a re\u00e7u le v\u00e9hicule, qu\u2019elle ne voudrait ab\u00eemer pour rien au monde, a-t-elle pr\u00e9cis\u00e9.<\/p>\n<p>Qui est Emmanuel Ke\u00efta?<br \/>\nEmmanuelle Ke\u00efta est une actrice, influenceuse, \u00e9g\u00e9rie, r\u00e9dactrice presse, animatrice TV et business woman d&rsquo;origine ivoirienne.<br \/>\nN\u00e9e le 06 janvier 1987, elle est titulaire d&rsquo;un BAC+5 en ressources humaines qui lui permet de manager efficacement ses diff\u00e9rents secteurs d&rsquo;activit\u00e9.<\/p>\n<p>Durant une p\u00e9riode de 2 ans, elle fut r\u00e9dactrice pour le compte du journal people ivoirien Life magazine .<br \/>\nSon entr\u00e9e dans l&rsquo;univers cin\u00e9matographique est marqu\u00e9e par la s\u00e9rie \u00e0 succ\u00e8s Classe A. Elle participe \u00e9galement au Gohou Show, Dr Boris, Vendeur d&rsquo;illusion qui l&rsquo;a positionn\u00e9e plus que jamais dans l&rsquo;univers de l&rsquo;art.<\/p>\n<p>Aujourd&rsquo;hui femme d&rsquo;affaires, conf\u00e9renci\u00e8re, animatrice TV sur Vox Africa, son entreprise EK EMPIRE gagne des parts de march\u00e9 dans le monde du business online.<br \/>\nEK est cit\u00e9e parmi les plus grandes influenceuses d\u2019 Afrique francophone et compte \u00e0 son actif plusieurs troph\u00e9es.<\/p>\n","protected":false},"excerpt":{"rendered":"<p>L\u2019influenceuse ivoirienne, Emmanuel Ke\u00efta, a \u00e9t\u00e9 recrut\u00e9e par une maison de couture en Espagne.<\/p>\n","protected":false},"author":12963,"featured_media":14627,"comment_status":"open","ping_status":"open","sticky":false,"template":"","format":"standard","meta":{"footnotes":""},"categories":[57,63],"tags":[78,95,94],"class_list":{"0":"post-14630","1":"post","2":"type-post","3":"status-publish","4":"format-standard","5":"has-post-thumbnail","7":"category-mode","8":"category-mode-de-vie","9":"tag-apie-project-2","10":"tag-mode","11":"tag-mode-de-vie"},"yoast_head":"<!-- This site is optimized with the Yoast SEO plugin v24.4 - https:\/\/yoast.com\/wordpress\/plugins\/seo\/ -->\n<title>Mode: \u2018\u2019 Fashion victime\u2019\u2019, Emmanuel Ke\u00efta recrut\u00e9e par une grande maison de couture - APIE NEWS<\/title>\n<meta name=\"robots\" content=\"index, follow, max-snippet:-1, max-image-preview:large, max-video-preview:-1\" \/>\n<link rel=\"canonical\" href=\"https:\/\/appsaf.apieproject.com\/news\/fr\/2022\/08\/28\/mode-fashion-victime-emmanuel-keita-recrutee-par-une-grande-maison-de-couture\/\" \/>\n<meta property=\"og:locale\" content=\"fr_FR\" \/>\n<meta property=\"og:type\" content=\"article\" \/>\n<meta property=\"og:title\" content=\"Mode: \u2018\u2019 Fashion victime\u2019\u2019, Emmanuel Ke\u00efta recrut\u00e9e par une grande maison de couture - APIE NEWS\" \/>\n<meta property=\"og:description\" content=\"L\u2019influenceuse ivoirienne, Emmanuel Ke\u00efta, a \u00e9t\u00e9 recrut\u00e9e par une maison de couture en Espagne.\" \/>\n<meta property=\"og:url\" content=\"https:\/\/appsaf.apieproject.com\/news\/fr\/2022\/08\/28\/mode-fashion-victime-emmanuel-keita-recrutee-par-une-grande-maison-de-couture\/\" \/>\n<meta property=\"og:site_name\" content=\"APIE NEWS\" \/>\n<meta property=\"article:publisher\" content=\"https:\/\/facebook.com\/apieproject\" \/>\n<meta property=\"article:published_time\" content=\"2022-08-28T21:11:01+00:00\" \/>\n<meta property=\"article:modified_time\" content=\"2022-08-28T21:11:02+00:00\" \/>\n<meta property=\"og:image\" content=\"https:\/\/appsaf.apieproject.com\/news\/wp-content\/uploads\/sites\/29\/2022\/08\/Capture-0f22452a98162e5c8b9d7ade2c2ae0ba.jpg\" \/>\n\t<meta property=\"og:image:width\" content=\"580\" \/>\n\t<meta property=\"og:image:height\" content=\"353\" \/>\n\t<meta property=\"og:image:type\" content=\"image\/jpeg\" \/>\n<meta name=\"author\" content=\"staff\" \/>\n<meta name=\"twitter:card\" content=\"summary_large_image\" \/>\n<meta name=\"twitter:creator\" content=\"@apieproject\" \/>\n<meta name=\"twitter:site\" content=\"@apieproject\" \/>\n<meta name=\"twitter:label1\" content=\"\u00c9crit par\" \/>\n\t<meta name=\"twitter:data1\" content=\"staff\" \/>\n\t<meta name=\"twitter:label2\" content=\"Dur\u00e9e de lecture estim\u00e9e\" \/>\n\t<meta name=\"twitter:data2\" content=\"2 minutes\" \/>\n<script type=\"application\/ld+json\" class=\"yoast-schema-graph\">{\"@context\":\"https:\/\/schema.org\",\"@graph\":[{\"@type\":\"Article\",\"@id\":\"https:\/\/appsaf.apieproject.com\/news\/fr\/2022\/08\/28\/mode-fashion-victime-emmanuel-keita-recrutee-par-une-grande-maison-de-couture\/#article\",\"isPartOf\":{\"@id\":\"https:\/\/appsaf.apieproject.com\/news\/fr\/2022\/08\/28\/mode-fashion-victime-emmanuel-keita-recrutee-par-une-grande-maison-de-couture\/\"},\"author\":{\"name\":\"staff\",\"@id\":\"https:\/\/appsaf.apieproject.com\/news\/#\/schema\/person\/399517cac378948cd7b39086f9ddc2a7\"},\"headline\":\"Mode: \u2018\u2019 Fashion victime\u2019\u2019, Emmanuel Ke\u00efta recrut\u00e9e par une grande maison de couture\",\"datePublished\":\"2022-08-28T21:11:01+00:00\",\"dateModified\":\"2022-08-28T21:11:02+00:00\",\"mainEntityOfPage\":{\"@id\":\"https:\/\/appsaf.apieproject.com\/news\/fr\/2022\/08\/28\/mode-fashion-victime-emmanuel-keita-recrutee-par-une-grande-maison-de-couture\/\"},\"wordCount\":376,\"commentCount\":0,\"publisher\":{\"@id\":\"https:\/\/appsaf.apieproject.com\/news\/#organization\"},\"image\":{\"@id\":\"https:\/\/appsaf.apieproject.com\/news\/fr\/2022\/08\/28\/mode-fashion-victime-emmanuel-keita-recrutee-par-une-grande-maison-de-couture\/#primaryimage\"},\"thumbnailUrl\":\"https:\/\/appsaf.apieproject.com\/news\/wp-content\/uploads\/sites\/29\/2022\/08\/Capture-0f22452a98162e5c8b9d7ade2c2ae0ba.jpg\",\"keywords\":[\"apie project\",\"mode\",\"mode de vie\"],\"articleSection\":[\"Mode\",\"Mode de Vie\"],\"inLanguage\":\"fr-FR\",\"potentialAction\":[{\"@type\":\"CommentAction\",\"name\":\"Comment\",\"target\":[\"https:\/\/appsaf.apieproject.com\/news\/fr\/2022\/08\/28\/mode-fashion-victime-emmanuel-keita-recrutee-par-une-grande-maison-de-couture\/#respond\"]}]},{\"@type\":\"WebPage\",\"@id\":\"https:\/\/appsaf.apieproject.com\/news\/fr\/2022\/08\/28\/mode-fashion-victime-emmanuel-keita-recrutee-par-une-grande-maison-de-couture\/\",\"url\":\"https:\/\/appsaf.apieproject.com\/news\/fr\/2022\/08\/28\/mode-fashion-victime-emmanuel-keita-recrutee-par-une-grande-maison-de-couture\/\",\"name\":\"Mode: \u2018\u2019 Fashion victime\u2019\u2019, Emmanuel Ke\u00efta recrut\u00e9e par une grande maison de couture - APIE NEWS\",\"isPartOf\":{\"@id\":\"https:\/\/appsaf.apieproject.com\/news\/#website\"},\"primaryImageOfPage\":{\"@id\":\"https:\/\/appsaf.apieproject.com\/news\/fr\/2022\/08\/28\/mode-fashion-victime-emmanuel-keita-recrutee-par-une-grande-maison-de-couture\/#primaryimage\"},\"image\":{\"@id\":\"https:\/\/appsaf.apieproject.com\/news\/fr\/2022\/08\/28\/mode-fashion-victime-emmanuel-keita-recrutee-par-une-grande-maison-de-couture\/#primaryimage\"},\"thumbnailUrl\":\"https:\/\/appsaf.apieproject.com\/news\/wp-content\/uploads\/sites\/29\/2022\/08\/Capture-0f22452a98162e5c8b9d7ade2c2ae0ba.jpg\",\"datePublished\":\"2022-08-28T21:11:01+00:00\",\"dateModified\":\"2022-08-28T21:11:02+00:00\",\"breadcrumb\":{\"@id\":\"https:\/\/appsaf.apieproject.com\/news\/fr\/2022\/08\/28\/mode-fashion-victime-emmanuel-keita-recrutee-par-une-grande-maison-de-couture\/#breadcrumb\"},\"inLanguage\":\"fr-FR\",\"potentialAction\":[{\"@type\":\"ReadAction\",\"target\":[\"https:\/\/appsaf.apieproject.com\/news\/fr\/2022\/08\/28\/mode-fashion-victime-emmanuel-keita-recrutee-par-une-grande-maison-de-couture\/\"]}]},{\"@type\":\"ImageObject\",\"inLanguage\":\"fr-FR\",\"@id\":\"https:\/\/appsaf.apieproject.com\/news\/fr\/2022\/08\/28\/mode-fashion-victime-emmanuel-keita-recrutee-par-une-grande-maison-de-couture\/#primaryimage\",\"url\":\"https:\/\/appsaf.apieproject.com\/news\/wp-content\/uploads\/sites\/29\/2022\/08\/Capture-0f22452a98162e5c8b9d7ade2c2ae0ba.jpg\",\"contentUrl\":\"https:\/\/appsaf.apieproject.com\/news\/wp-content\/uploads\/sites\/29\/2022\/08\/Capture-0f22452a98162e5c8b9d7ade2c2ae0ba.jpg\",\"width\":580,\"height\":353},{\"@type\":\"BreadcrumbList\",\"@id\":\"https:\/\/appsaf.apieproject.com\/news\/fr\/2022\/08\/28\/mode-fashion-victime-emmanuel-keita-recrutee-par-une-grande-maison-de-couture\/#breadcrumb\",\"itemListElement\":[{\"@type\":\"ListItem\",\"position\":1,\"name\":\"Home\",\"item\":\"https:\/\/appsaf.apieproject.com\/news\/fr\/home\/\"},{\"@type\":\"ListItem\",\"position\":2,\"name\":\"Mode: \u2018\u2019 Fashion victime\u2019\u2019, Emmanuel Ke\u00efta recrut\u00e9e par une grande maison de couture\"}]},{\"@type\":\"WebSite\",\"@id\":\"https:\/\/appsaf.apieproject.com\/news\/#website\",\"url\":\"https:\/\/appsaf.apieproject.com\/news\/\",\"name\":\"APIE NEWS\",\"description\":\"PANAFRICANISM NEWS PORTAL\",\"publisher\":{\"@id\":\"https:\/\/appsaf.apieproject.com\/news\/#organization\"},\"potentialAction\":[{\"@type\":\"SearchAction\",\"target\":{\"@type\":\"EntryPoint\",\"urlTemplate\":\"https:\/\/appsaf.apieproject.com\/news\/?s={search_term_string}\"},\"query-input\":{\"@type\":\"PropertyValueSpecification\",\"valueRequired\":true,\"valueName\":\"search_term_string\"}}],\"inLanguage\":\"fr-FR\"},{\"@type\":\"Organization\",\"@id\":\"https:\/\/appsaf.apieproject.com\/news\/#organization\",\"name\":\"APIE PROJECT\",\"url\":\"https:\/\/appsaf.apieproject.com\/news\/\",\"logo\":{\"@type\":\"ImageObject\",\"inLanguage\":\"fr-FR\",\"@id\":\"https:\/\/appsaf.apieproject.com\/news\/#\/schema\/logo\/image\/\",\"url\":\"https:\/\/appsaf.apieproject.com\/news\/wp-content\/uploads\/sites\/29\/2022\/07\/logo-R-TransparentBackground.png\",\"contentUrl\":\"https:\/\/appsaf.apieproject.com\/news\/wp-content\/uploads\/sites\/29\/2022\/07\/logo-R-TransparentBackground.png\",\"width\":512,\"height\":512,\"caption\":\"APIE PROJECT\"},\"image\":{\"@id\":\"https:\/\/appsaf.apieproject.com\/news\/#\/schema\/logo\/image\/\"},\"sameAs\":[\"https:\/\/facebook.com\/apieproject\",\"https:\/\/x.com\/apieproject\"]},{\"@type\":\"Person\",\"@id\":\"https:\/\/appsaf.apieproject.com\/news\/#\/schema\/person\/399517cac378948cd7b39086f9ddc2a7\",\"name\":\"staff\",\"image\":{\"@type\":\"ImageObject\",\"inLanguage\":\"fr-FR\",\"@id\":\"https:\/\/appsaf.apieproject.com\/news\/#\/schema\/person\/image\/\",\"url\":\"https:\/\/secure.gravatar.com\/avatar\/5386283c5db150efe261184bd59f072a?s=96&d=mm&r=g\",\"contentUrl\":\"https:\/\/secure.gravatar.com\/avatar\/5386283c5db150efe261184bd59f072a?s=96&d=mm&r=g\",\"caption\":\"staff\"},\"url\":\"https:\/\/appsaf.apieproject.com\/news\/fr\/author\/staff\/\"}]}<\/script>\n<!-- \/ Yoast SEO plugin. -->","yoast_head_json":{"title":"Mode: \u2018\u2019 Fashion victime\u2019\u2019, Emmanuel Ke\u00efta recrut\u00e9e par une grande maison de couture - APIE NEWS","robots":{"index":"index","follow":"follow","max-snippet":"max-snippet:-1","max-image-preview":"max-image-preview:large","max-video-preview":"max-video-preview:-1"},"canonical":"https:\/\/appsaf.apieproject.com\/news\/fr\/2022\/08\/28\/mode-fashion-victime-emmanuel-keita-recrutee-par-une-grande-maison-de-couture\/","og_locale":"fr_FR","og_type":"article","og_title":"Mode: \u2018\u2019 Fashion victime\u2019\u2019, Emmanuel Ke\u00efta recrut\u00e9e par une grande maison de couture - APIE NEWS","og_description":"L\u2019influenceuse ivoirienne, Emmanuel Ke\u00efta, a \u00e9t\u00e9 recrut\u00e9e par une maison de couture en Espagne.","og_url":"https:\/\/appsaf.apieproject.com\/news\/fr\/2022\/08\/28\/mode-fashion-victime-emmanuel-keita-recrutee-par-une-grande-maison-de-couture\/","og_site_name":"APIE NEWS","article_publisher":"https:\/\/facebook.com\/apieproject","article_published_time":"2022-08-28T21:11:01+00:00","article_modified_time":"2022-08-28T21:11:02+00:00","og_image":[{"width":580,"height":353,"url":"https:\/\/appsaf.apieproject.com\/news\/wp-content\/uploads\/sites\/29\/2022\/08\/Capture-0f22452a98162e5c8b9d7ade2c2ae0ba.jpg","type":"image\/jpeg"}],"author":"staff","twitter_card":"summary_large_image","twitter_creator":"@apieproject","twitter_site":"@apieproject","twitter_misc":{"\u00c9crit par":"staff","Dur\u00e9e de lecture estim\u00e9e":"2 minutes"},"schema":{"@context":"https:\/\/schema.org","@graph":[{"@type":"Article","@id":"https:\/\/appsaf.apieproject.com\/news\/fr\/2022\/08\/28\/mode-fashion-victime-emmanuel-keita-recrutee-par-une-grande-maison-de-couture\/#article","isPartOf":{"@id":"https:\/\/appsaf.apieproject.com\/news\/fr\/2022\/08\/28\/mode-fashion-victime-emmanuel-keita-recrutee-par-une-grande-maison-de-couture\/"},"author":{"name":"staff","@id":"https:\/\/appsaf.apieproject.com\/news\/#\/schema\/person\/399517cac378948cd7b39086f9ddc2a7"},"headline":"Mode: \u2018\u2019 Fashion victime\u2019\u2019, Emmanuel Ke\u00efta recrut\u00e9e par une grande maison de couture","datePublished":"2022-08-28T21:11:01+00:00","dateModified":"2022-08-28T21:11:02+00:00","mainEntityOfPage":{"@id":"https:\/\/appsaf.apieproject.com\/news\/fr\/2022\/08\/28\/mode-fashion-victime-emmanuel-keita-recrutee-par-une-grande-maison-de-couture\/"},"wordCount":376,"commentCount":0,"publisher":{"@id":"https:\/\/appsaf.apieproject.com\/news\/#organization"},"image":{"@id":"https:\/\/appsaf.apieproject.com\/news\/fr\/2022\/08\/28\/mode-fashion-victime-emmanuel-keita-recrutee-par-une-grande-maison-de-couture\/#primaryimage"},"thumbnailUrl":"https:\/\/appsaf.apieproject.com\/news\/wp-content\/uploads\/sites\/29\/2022\/08\/Capture-0f22452a98162e5c8b9d7ade2c2ae0ba.jpg","keywords":["apie project","mode","mode de vie"],"articleSection":["Mode","Mode de Vie"],"inLanguage":"fr-FR","potentialAction":[{"@type":"CommentAction","name":"Comment","target":["https:\/\/appsaf.apieproject.com\/news\/fr\/2022\/08\/28\/mode-fashion-victime-emmanuel-keita-recrutee-par-une-grande-maison-de-couture\/#respond"]}]},{"@type":"WebPage","@id":"https:\/\/appsaf.apieproject.com\/news\/fr\/2022\/08\/28\/mode-fashion-victime-emmanuel-keita-recrutee-par-une-grande-maison-de-couture\/","url":"https:\/\/appsaf.apieproject.com\/news\/fr\/2022\/08\/28\/mode-fashion-victime-emmanuel-keita-recrutee-par-une-grande-maison-de-couture\/","name":"Mode: \u2018\u2019 Fashion victime\u2019\u2019, Emmanuel Ke\u00efta recrut\u00e9e par une grande maison de couture - APIE NEWS","isPartOf":{"@id":"https:\/\/appsaf.apieproject.com\/news\/#website"},"primaryImageOfPage":{"@id":"https:\/\/appsaf.apieproject.com\/news\/fr\/2022\/08\/28\/mode-fashion-victime-emmanuel-keita-recrutee-par-une-grande-maison-de-couture\/#primaryimage"},"image":{"@id":"https:\/\/appsaf.apieproject.com\/news\/fr\/2022\/08\/28\/mode-fashion-victime-emmanuel-keita-recrutee-par-une-grande-maison-de-couture\/#primaryimage"},"thumbnailUrl":"https:\/\/appsaf.apieproject.com\/news\/wp-content\/uploads\/sites\/29\/2022\/08\/Capture-0f22452a98162e5c8b9d7ade2c2ae0ba.jpg","datePublished":"2022-08-28T21:11:01+00:00","dateModified":"2022-08-28T21:11:02+00:00","breadcrumb":{"@id":"https:\/\/appsaf.apieproject.com\/news\/fr\/2022\/08\/28\/mode-fashion-victime-emmanuel-keita-recrutee-par-une-grande-maison-de-couture\/#breadcrumb"},"inLanguage":"fr-FR","potentialAction":[{"@type":"ReadAction","target":["https:\/\/appsaf.apieproject.com\/news\/fr\/2022\/08\/28\/mode-fashion-victime-emmanuel-keita-recrutee-par-une-grande-maison-de-couture\/"]}]},{"@type":"ImageObject","inLanguage":"fr-FR","@id":"https:\/\/appsaf.apieproject.com\/news\/fr\/2022\/08\/28\/mode-fashion-victime-emmanuel-keita-recrutee-par-une-grande-maison-de-couture\/#primaryimage","url":"https:\/\/appsaf.apieproject.com\/news\/wp-content\/uploads\/sites\/29\/2022\/08\/Capture-0f22452a98162e5c8b9d7ade2c2ae0ba.jpg","contentUrl":"https:\/\/appsaf.apieproject.com\/news\/wp-content\/uploads\/sites\/29\/2022\/08\/Capture-0f22452a98162e5c8b9d7ade2c2ae0ba.jpg","width":580,"height":353},{"@type":"BreadcrumbList","@id":"https:\/\/appsaf.apieproject.com\/news\/fr\/2022\/08\/28\/mode-fashion-victime-emmanuel-keita-recrutee-par-une-grande-maison-de-couture\/#breadcrumb","itemListElement":[{"@type":"ListItem","position":1,"name":"Home","item":"https:\/\/appsaf.apieproject.com\/news\/fr\/home\/"},{"@type":"ListItem","position":2,"name":"Mode: \u2018\u2019 Fashion victime\u2019\u2019, Emmanuel Ke\u00efta recrut\u00e9e par une grande maison de couture"}]},{"@type":"WebSite","@id":"https:\/\/appsaf.apieproject.com\/news\/#website","url":"https:\/\/appsaf.apieproject.com\/news\/","name":"APIE NEWS","description":"PANAFRICANISM NEWS PORTAL","publisher":{"@id":"https:\/\/appsaf.apieproject.com\/news\/#organization"},"potentialAction":[{"@type":"SearchAction","target":{"@type":"EntryPoint","urlTemplate":"https:\/\/appsaf.apieproject.com\/news\/?s={search_term_string}"},"query-input":{"@type":"PropertyValueSpecification","valueRequired":true,"valueName":"search_term_string"}}],"inLanguage":"fr-FR"},{"@type":"Organization","@id":"https:\/\/appsaf.apieproject.com\/news\/#organization","name":"APIE PROJECT","url":"https:\/\/appsaf.apieproject.com\/news\/","logo":{"@type":"ImageObject","inLanguage":"fr-FR","@id":"https:\/\/appsaf.apieproject.com\/news\/#\/schema\/logo\/image\/","url":"https:\/\/appsaf.apieproject.com\/news\/wp-content\/uploads\/sites\/29\/2022\/07\/logo-R-TransparentBackground.png","contentUrl":"https:\/\/appsaf.apieproject.com\/news\/wp-content\/uploads\/sites\/29\/2022\/07\/logo-R-TransparentBackground.png","width":512,"height":512,"caption":"APIE PROJECT"},"image":{"@id":"https:\/\/appsaf.apieproject.com\/news\/#\/schema\/logo\/image\/"},"sameAs":["https:\/\/facebook.com\/apieproject","https:\/\/x.com\/apieproject"]},{"@type":"Person","@id":"https:\/\/appsaf.apieproject.com\/news\/#\/schema\/person\/399517cac378948cd7b39086f9ddc2a7","name":"staff","image":{"@type":"ImageObject","inLanguage":"fr-FR","@id":"https:\/\/appsaf.apieproject.com\/news\/#\/schema\/person\/image\/","url":"https:\/\/secure.gravatar.com\/avatar\/5386283c5db150efe261184bd59f072a?s=96&d=mm&r=g","contentUrl":"https:\/\/secure.gravatar.com\/avatar\/5386283c5db150efe261184bd59f072a?s=96&d=mm&r=g","caption":"staff"},"url":"https:\/\/appsaf.apieproject.com\/news\/fr\/author\/staff\/"}]}},"_links":{"self":[{"href":"https:\/\/appsaf.apieproject.com\/news\/fr\/wp-json\/wp\/v2\/posts\/14630","targetHints":{"allow":["GET"]}}],"collection":[{"href":"https:\/\/appsaf.apieproject.com\/news\/fr\/wp-json\/wp\/v2\/posts"}],"about":[{"href":"https:\/\/appsaf.apieproject.com\/news\/fr\/wp-json\/wp\/v2\/types\/post"}],"author":[{"embeddable":true,"href":"https:\/\/appsaf.apieproject.com\/news\/fr\/wp-json\/wp\/v2\/users\/12963"}],"replies":[{"embeddable":true,"href":"https:\/\/appsaf.apieproject.com\/news\/fr\/wp-json\/wp\/v2\/comments?post=14630"}],"version-history":[{"count":1,"href":"https:\/\/appsaf.apieproject.com\/news\/fr\/wp-json\/wp\/v2\/posts\/14630\/revisions"}],"predecessor-version":[{"id":15250,"href":"https:\/\/appsaf.apieproject.com\/news\/fr\/wp-json\/wp\/v2\/posts\/14630\/revisions\/15250"}],"wp:featuredmedia":[{"embeddable":true,"href":"https:\/\/appsaf.apieproject.com\/news\/fr\/wp-json\/wp\/v2\/media\/14627"}],"wp:attachment":[{"href":"https:\/\/appsaf.apieproject.com\/news\/fr\/wp-json\/wp\/v2\/media?parent=14630"}],"wp:term":[{"taxonomy":"category","embeddable":true,"href":"https:\/\/appsaf.apieproject.com\/news\/fr\/wp-json\/wp\/v2\/categories?post=14630"},{"taxonomy":"post_tag","embeddable":true,"href":"https:\/\/appsaf.apieproject.com\/news\/fr\/wp-json\/wp\/v2\/tags?post=14630"}],"curies":[{"name":"wp","href":"https:\/\/api.w.org\/{rel}","templated":true}]}}