{"id":14634,"date":"2022-08-28T21:12:31","date_gmt":"2022-08-28T21:12:31","guid":{"rendered":"https:\/\/appsaf.apieproject.com\/news\/?p=14634"},"modified":"2022-08-28T21:12:33","modified_gmt":"2022-08-28T21:12:33","slug":"marie-gomis-trezise-une-vie-a-lavant-garde","status":"publish","type":"post","link":"https:\/\/appsaf.apieproject.com\/news\/fr\/2022\/08\/28\/marie-gomis-trezise-une-vie-a-lavant-garde\/","title":{"rendered":"Marie Gomis-Trezise, une vie \u00e0 l\u2019avant-garde"},"content":{"rendered":"<p>Le travail de cette passionn\u00e9e de photographie commence \u00e0 se voir. Il figure en grand, \u00e0 Londres, pour annoncer l\u2019ouverture le 29 juin d\u2019Africa Fashion, une exposition sur la mode africaine au Victoria &amp; Albert Museum. Marie Gomis-Trezise, galeriste \u00e0 Bruxelles et directrice de cr\u00e9ation du magazine d\u2019art et de culture Nataal (\u00ab abondance \u00bb en peul), bas\u00e9 \u00e0 Londres, explique que la commissaire de l\u2019exposition, Christine Checinska, premi\u00e8re femme noire aux manettes d\u2019un \u00e9v\u00e9nement majeur dans ce grand mus\u00e9e, a demand\u00e9 \u00e0 sa publication une s\u00e9ance photo pour l\u2019expo \u2013 ainsi qu\u2019un petit film. Une marque de reconnaissance pour Nataal, lanc\u00e9 en 2015, qui fait la promotion d\u2019une nouvelle vague de talents africains et diasporiques. \u00ab Les images sont tellement bien qu\u2019elles ont \u00e9t\u00e9 utilis\u00e9es pour la campagne de publicit\u00e9 de l\u2019expo ! Quelle joie de les voir dans le m\u00e9tro \u00e0 Londres ! \u00bb.<\/p>\n<p>Cette fonceuse est n\u00e9e et a grandi \u00e0 Marseille. De la cit\u00e9 phoc\u00e9enne, qui reste l\u2019une de ses \u00ab bases \u00bb, elle a perdu l\u2019accent, sauf pour dire certains mots. \u00c0 la fin des ann\u00e9es 1980, elle devient fille au pair en Angleterre, puis d\u00e9croche un travail de vacances \u00e0 Monaco, o\u00f9 elle est engag\u00e9e comme secr\u00e9taire. En pleine explosion de la bande FM, une de ses coll\u00e8gues la pr\u00e9sente \u00e0 la radio o\u00f9 elle est animatrice. La voil\u00e0 qui \u00e9cume les concerts sur la c\u00f4te et interviewe des artistes, parmi lesquels Lenny Kravitz, en anglais. \u00ab Ce n\u2019\u00e9tait pas pay\u00e9, mais c\u2019\u00e9tait fun. Quand j\u2019ai perdu mon travail \u00e0 Monaco, je me suis dit : va \u00e0 Paris et travaille dans la musique. \u00bb<\/p>\n<p>Les \u00e9chelons gravis quatre par quatre<br \/>\nDont acte. Elle commence comme secr\u00e9taire chez BMG, une \u00ab major \u00bb, et gravit les \u00e9chelons rapidement pour devenir en quatre ans directrice artistique de Disques Vogue, un petit label des ann\u00e9es 1960 vieillissant. \u00ab On a ramen\u00e9 un catalogue de Drum &amp; Bass, personne n\u2019y connaissait rien en France \u00bb. Elle passe ensuite chez Columbia Records, signe des pointures comme DJ Cam et Stomy Bugsy, mais commence \u00e0 s\u2019ennuyer.<\/p>\n<p>Nouveau choix radical dans sa carri\u00e8re : retour \u00e0 la case d\u00e9part, en Angleterre. \u00ab J\u2019en avais marre des grands labels et de Paris. J\u2019avais envie d\u2019\u00eatre avec mon mari, qui est anglais. Tout ce qui m\u2019int\u00e9ressait se passait \u00e0 Londres \u00bb. Elle part en 2000, continue dans la musique jusqu\u2019en 2006 \u2013 et l\u00e2che ce secteur \u00e0 cause de son rythme, qui ne lui convient plus avec deux jeunes enfants. \u00ab Je suis devenue masseuse. On m\u2019a toujours dit que je faisais \u00e7a bien. Ma m\u00e8re est de Casamance et dans notre ethnie [les Diolas; Ndlr], nous avons ce savoir-faire \u00bb. Elle travaille en free Lance dans son quartier \u00ab bobo \u00bb de Crouch End, entre Finnsbury Park et Highgate. Le bouche-\u00e0-oreille fonctionne, elle va de studios en h\u00f4tels, ou chez \u00ab les gens \u00bb, souvent des c\u00e9l\u00e9brit\u00e9s de la musique et du cin\u00e9ma, avec sa table de massage.<\/p>\n<p>De la musique \u00e0 la photographie<br \/>\nEn 2008, en pleine crise financi\u00e8re, elle et son mari font le choix de s\u2019installer \u00e0 Bruxelles, pour y trouver une meilleure qualit\u00e9 de vie au c\u0153ur de l\u2019Europe. Elle remet un pied \u00e0 l\u2019\u00e9trier dans la musique, ce qui l\u2019am\u00e8ne assez vite \u00e0 la\u2026 photographie. \u00ab Mon exp\u00e9rience dans la production musicale et le d\u00e9veloppement d\u2019une image pour les artistes m\u2019a amen\u00e9 \u00e0 conna\u00eetre un bon r\u00e9seau de photographes et de r\u00e9alisateurs de clips. J\u2019adore la photo, j\u2019avais des followers sur Tumbler et Pinterest, tout le monde me disait que j\u2019avais un bon \u0153il \u00bb.<\/p>\n<p>Son compagnon l\u2019encourage \u00e0 monter une galerie, au point de lui prendre un billet d\u2019avion pour le S\u00e9n\u00e9gal, en 2015, en lui recommandant de passer \u00e0 l\u2019action. \u00ab Je n\u2019y \u00e9tais pas retourn\u00e9e depuis l\u2019enfance ! Je me suis \u00e9tonnamment sentie chez moi de mani\u00e8re instantan\u00e9e. Ce voyage m\u2019a ouvert les yeux sur ce que je voulais montrer : des gens issus de la diaspora qui partagent les m\u00eames exp\u00e9riences que moi, ce questionnement d\u2019identit\u00e9, d\u2019appartenance. Je voulais des conversations sur ce sujet \u00bb.<\/p>\n<p>Une galerie virtuelle \u00e0 Bruxelles<br \/>\nElle lance en 2019 la Galerie Number 8, virtuelle, qui vend sur le site Artsy, expose dans les foires d\u2019art contemporain en Europe et les festivals tels que Vogue Italia. D\u00e9termin\u00e9e \u00e0 montrer une esth\u00e9tique diff\u00e9rente, elle a notamment rep\u00e9r\u00e9 Campbell Addy, Londonien d\u2019origine ghan\u00e9enne de 30 ans, avant qu\u2019il ne se fasse un nom dans la photo de mode. Autre artiste qu\u2019elle a sign\u00e9, apr\u00e8s l\u2019avoir d\u00e9couvert en ligne sur Flickr : David Uzochukwu, Autrichien et Nig\u00e9rian, un g\u00e9nie de 24 ans dont elle admire \u00ab l\u2019imaginaire, la fantaisie et la capacit\u00e9 de r\u00eaver \u00bb. L\u2019une de ses photos, Wildfire, est le plus gros succ\u00e8s de la galerie.<\/p>\n<p>\u00ab Il y a une r\u00e9silience dans cette photo qui me touche, de la m\u00e9lancolie, explique Marie Gomis-Trezise. Cette guerri\u00e8re semble sortir d\u2019un champ de bataille, avec de la cendre sur ses v\u00eatements, ce que j\u2019interpr\u00e8te comme une victoire. Elle est en train de se relever et non de souffrir \u00bb. Autre image marquante pour elle, celle de Djeneba Aduayum, pr\u00e9sent\u00e9e dans un vernissage d\u2019anthologie \u00e0 la Maison Rouge dans le off de la Biennale de Dakar 2018. Elle lui a valu un compliment du grand plasticien ghan\u00e9en El Anatsui : \u00ab la plus belle chose \u00bb qu\u2019il ait vu \u00e0 Dak\u2019Art.<\/p>\n<p>\u00c0 la question de savoir pourquoi il importe encore, en 2022, de changer le narratif sur les \u00ab Afrop\u00e9ens \u00bb, elle r\u00e9pond pos\u00e9ment : \u00ab Avant toute la sc\u00e8ne post-coloniale d\u2019artistes en studio, nous avons surtout \u00e9t\u00e9 objectiv\u00e9s en tant que Noirs. Aujourd\u2019hui, notre propre regard pr\u00e9vaut pour dire qui nous sommes et ce que nous ressentons, avec une autre g\u00e9n\u00e9ration tr\u00e8s libre \u2013 sortie des diktats que pouvaient nous imposer nos parents \u2013 qui donne aussi une repr\u00e9sentation de son \u00e9poque. \u00bb<\/p>\n<p>Marie Gomis-Trezise, qui ne manque pas de flair, estime que \u00ab Paris est en plein \u00e9veil, avec une vraie sc\u00e8ne d\u2019artistes diasporiques, une mixit\u00e9 jusque dans les clubs, un peu plus cool qu\u2019\u00e0 mon \u00e9poque, et plus de diversit\u00e9 dans les industries cr\u00e9atives \u00bb. Une prochaine \u00e9tape, peut-\u00eatre.<\/p>\n","protected":false},"excerpt":{"rendered":"<p>Bas\u00e9e \u00e0 Bruxelles, cette ancienne directrice artistique pour des maisons de disque travaille \u00e0 la promotion des photographes noirs de \u00ab la nouvelle vague \u00bb. Des images l\u00e9ch\u00e9es qu\u2019elle pr\u00e9sente avec sa galerie virtuelle et le magazine Nataal, dont elle est la directrice cr\u00e9ative.<\/p>\n","protected":false},"author":12963,"featured_media":14631,"comment_status":"open","ping_status":"open","sticky":false,"template":"","format":"standard","meta":{"footnotes":""},"categories":[57,63],"tags":[78,95,94],"class_list":{"0":"post-14634","1":"post","2":"type-post","3":"status-publish","4":"format-standard","5":"has-post-thumbnail","7":"category-mode","8":"category-mode-de-vie","9":"tag-apie-project-2","10":"tag-mode","11":"tag-mode-de-vie"},"yoast_head":"<!-- This site is optimized with the Yoast SEO plugin v24.4 - https:\/\/yoast.com\/wordpress\/plugins\/seo\/ -->\n<title>Marie Gomis-Trezise, une vie \u00e0 l\u2019avant-garde - APIE NEWS<\/title>\n<meta name=\"robots\" content=\"index, follow, max-snippet:-1, max-image-preview:large, max-video-preview:-1\" \/>\n<link rel=\"canonical\" href=\"https:\/\/appsaf.apieproject.com\/news\/fr\/2022\/08\/28\/marie-gomis-trezise-une-vie-a-lavant-garde\/\" \/>\n<meta property=\"og:locale\" content=\"fr_FR\" \/>\n<meta property=\"og:type\" content=\"article\" \/>\n<meta property=\"og:title\" content=\"Marie Gomis-Trezise, une vie \u00e0 l\u2019avant-garde - APIE NEWS\" \/>\n<meta property=\"og:description\" content=\"Bas\u00e9e \u00e0 Bruxelles, cette ancienne directrice artistique pour des maisons de disque travaille \u00e0 la promotion des photographes noirs de \u00ab la nouvelle vague \u00bb. Des images l\u00e9ch\u00e9es qu\u2019elle pr\u00e9sente avec sa galerie virtuelle et le magazine Nataal, dont elle est la directrice cr\u00e9ative.\" \/>\n<meta property=\"og:url\" content=\"https:\/\/appsaf.apieproject.com\/news\/fr\/2022\/08\/28\/marie-gomis-trezise-une-vie-a-lavant-garde\/\" \/>\n<meta property=\"og:site_name\" content=\"APIE NEWS\" \/>\n<meta property=\"article:publisher\" content=\"https:\/\/facebook.com\/apieproject\" \/>\n<meta property=\"article:published_time\" content=\"2022-08-28T21:12:31+00:00\" \/>\n<meta property=\"article:modified_time\" content=\"2022-08-28T21:12:33+00:00\" \/>\n<meta property=\"og:image\" content=\"https:\/\/appsaf.apieproject.com\/news\/wp-content\/uploads\/sites\/29\/2022\/08\/Capture-9e03f0449733653c881c17194996a527.jpg\" \/>\n\t<meta property=\"og:image:width\" content=\"988\" \/>\n\t<meta property=\"og:image:height\" content=\"525\" \/>\n\t<meta property=\"og:image:type\" content=\"image\/jpeg\" \/>\n<meta name=\"author\" content=\"staff\" \/>\n<meta name=\"twitter:card\" content=\"summary_large_image\" \/>\n<meta name=\"twitter:creator\" content=\"@apieproject\" \/>\n<meta name=\"twitter:site\" content=\"@apieproject\" \/>\n<meta name=\"twitter:label1\" content=\"\u00c9crit par\" \/>\n\t<meta name=\"twitter:data1\" content=\"staff\" \/>\n\t<meta name=\"twitter:label2\" content=\"Dur\u00e9e de lecture estim\u00e9e\" \/>\n\t<meta name=\"twitter:data2\" content=\"6 minutes\" \/>\n<script type=\"application\/ld+json\" class=\"yoast-schema-graph\">{\"@context\":\"https:\/\/schema.org\",\"@graph\":[{\"@type\":\"Article\",\"@id\":\"https:\/\/appsaf.apieproject.com\/news\/fr\/2022\/08\/28\/marie-gomis-trezise-une-vie-a-lavant-garde\/#article\",\"isPartOf\":{\"@id\":\"https:\/\/appsaf.apieproject.com\/news\/fr\/2022\/08\/28\/marie-gomis-trezise-une-vie-a-lavant-garde\/\"},\"author\":{\"name\":\"staff\",\"@id\":\"https:\/\/appsaf.apieproject.com\/news\/#\/schema\/person\/399517cac378948cd7b39086f9ddc2a7\"},\"headline\":\"Marie Gomis-Trezise, une vie \u00e0 l\u2019avant-garde\",\"datePublished\":\"2022-08-28T21:12:31+00:00\",\"dateModified\":\"2022-08-28T21:12:33+00:00\",\"mainEntityOfPage\":{\"@id\":\"https:\/\/appsaf.apieproject.com\/news\/fr\/2022\/08\/28\/marie-gomis-trezise-une-vie-a-lavant-garde\/\"},\"wordCount\":1078,\"commentCount\":0,\"publisher\":{\"@id\":\"https:\/\/appsaf.apieproject.com\/news\/#organization\"},\"image\":{\"@id\":\"https:\/\/appsaf.apieproject.com\/news\/fr\/2022\/08\/28\/marie-gomis-trezise-une-vie-a-lavant-garde\/#primaryimage\"},\"thumbnailUrl\":\"https:\/\/appsaf.apieproject.com\/news\/wp-content\/uploads\/sites\/29\/2022\/08\/Capture-9e03f0449733653c881c17194996a527.jpg\",\"keywords\":[\"apie project\",\"mode\",\"mode de vie\"],\"articleSection\":[\"Mode\",\"Mode de Vie\"],\"inLanguage\":\"fr-FR\",\"potentialAction\":[{\"@type\":\"CommentAction\",\"name\":\"Comment\",\"target\":[\"https:\/\/appsaf.apieproject.com\/news\/fr\/2022\/08\/28\/marie-gomis-trezise-une-vie-a-lavant-garde\/#respond\"]}]},{\"@type\":\"WebPage\",\"@id\":\"https:\/\/appsaf.apieproject.com\/news\/fr\/2022\/08\/28\/marie-gomis-trezise-une-vie-a-lavant-garde\/\",\"url\":\"https:\/\/appsaf.apieproject.com\/news\/fr\/2022\/08\/28\/marie-gomis-trezise-une-vie-a-lavant-garde\/\",\"name\":\"Marie Gomis-Trezise, une vie \u00e0 l\u2019avant-garde - APIE NEWS\",\"isPartOf\":{\"@id\":\"https:\/\/appsaf.apieproject.com\/news\/#website\"},\"primaryImageOfPage\":{\"@id\":\"https:\/\/appsaf.apieproject.com\/news\/fr\/2022\/08\/28\/marie-gomis-trezise-une-vie-a-lavant-garde\/#primaryimage\"},\"image\":{\"@id\":\"https:\/\/appsaf.apieproject.com\/news\/fr\/2022\/08\/28\/marie-gomis-trezise-une-vie-a-lavant-garde\/#primaryimage\"},\"thumbnailUrl\":\"https:\/\/appsaf.apieproject.com\/news\/wp-content\/uploads\/sites\/29\/2022\/08\/Capture-9e03f0449733653c881c17194996a527.jpg\",\"datePublished\":\"2022-08-28T21:12:31+00:00\",\"dateModified\":\"2022-08-28T21:12:33+00:00\",\"breadcrumb\":{\"@id\":\"https:\/\/appsaf.apieproject.com\/news\/fr\/2022\/08\/28\/marie-gomis-trezise-une-vie-a-lavant-garde\/#breadcrumb\"},\"inLanguage\":\"fr-FR\",\"potentialAction\":[{\"@type\":\"ReadAction\",\"target\":[\"https:\/\/appsaf.apieproject.com\/news\/fr\/2022\/08\/28\/marie-gomis-trezise-une-vie-a-lavant-garde\/\"]}]},{\"@type\":\"ImageObject\",\"inLanguage\":\"fr-FR\",\"@id\":\"https:\/\/appsaf.apieproject.com\/news\/fr\/2022\/08\/28\/marie-gomis-trezise-une-vie-a-lavant-garde\/#primaryimage\",\"url\":\"https:\/\/appsaf.apieproject.com\/news\/wp-content\/uploads\/sites\/29\/2022\/08\/Capture-9e03f0449733653c881c17194996a527.jpg\",\"contentUrl\":\"https:\/\/appsaf.apieproject.com\/news\/wp-content\/uploads\/sites\/29\/2022\/08\/Capture-9e03f0449733653c881c17194996a527.jpg\",\"width\":988,\"height\":525},{\"@type\":\"BreadcrumbList\",\"@id\":\"https:\/\/appsaf.apieproject.com\/news\/fr\/2022\/08\/28\/marie-gomis-trezise-une-vie-a-lavant-garde\/#breadcrumb\",\"itemListElement\":[{\"@type\":\"ListItem\",\"position\":1,\"name\":\"Home\",\"item\":\"https:\/\/appsaf.apieproject.com\/news\/fr\/home\/\"},{\"@type\":\"ListItem\",\"position\":2,\"name\":\"Marie Gomis-Trezise, une vie \u00e0 l\u2019avant-garde\"}]},{\"@type\":\"WebSite\",\"@id\":\"https:\/\/appsaf.apieproject.com\/news\/#website\",\"url\":\"https:\/\/appsaf.apieproject.com\/news\/\",\"name\":\"APIE NEWS\",\"description\":\"PANAFRICANISM NEWS PORTAL\",\"publisher\":{\"@id\":\"https:\/\/appsaf.apieproject.com\/news\/#organization\"},\"potentialAction\":[{\"@type\":\"SearchAction\",\"target\":{\"@type\":\"EntryPoint\",\"urlTemplate\":\"https:\/\/appsaf.apieproject.com\/news\/?s={search_term_string}\"},\"query-input\":{\"@type\":\"PropertyValueSpecification\",\"valueRequired\":true,\"valueName\":\"search_term_string\"}}],\"inLanguage\":\"fr-FR\"},{\"@type\":\"Organization\",\"@id\":\"https:\/\/appsaf.apieproject.com\/news\/#organization\",\"name\":\"APIE PROJECT\",\"url\":\"https:\/\/appsaf.apieproject.com\/news\/\",\"logo\":{\"@type\":\"ImageObject\",\"inLanguage\":\"fr-FR\",\"@id\":\"https:\/\/appsaf.apieproject.com\/news\/#\/schema\/logo\/image\/\",\"url\":\"https:\/\/appsaf.apieproject.com\/news\/wp-content\/uploads\/sites\/29\/2022\/07\/logo-R-TransparentBackground.png\",\"contentUrl\":\"https:\/\/appsaf.apieproject.com\/news\/wp-content\/uploads\/sites\/29\/2022\/07\/logo-R-TransparentBackground.png\",\"width\":512,\"height\":512,\"caption\":\"APIE PROJECT\"},\"image\":{\"@id\":\"https:\/\/appsaf.apieproject.com\/news\/#\/schema\/logo\/image\/\"},\"sameAs\":[\"https:\/\/facebook.com\/apieproject\",\"https:\/\/x.com\/apieproject\"]},{\"@type\":\"Person\",\"@id\":\"https:\/\/appsaf.apieproject.com\/news\/#\/schema\/person\/399517cac378948cd7b39086f9ddc2a7\",\"name\":\"staff\",\"image\":{\"@type\":\"ImageObject\",\"inLanguage\":\"fr-FR\",\"@id\":\"https:\/\/appsaf.apieproject.com\/news\/#\/schema\/person\/image\/\",\"url\":\"https:\/\/secure.gravatar.com\/avatar\/5386283c5db150efe261184bd59f072a?s=96&d=mm&r=g\",\"contentUrl\":\"https:\/\/secure.gravatar.com\/avatar\/5386283c5db150efe261184bd59f072a?s=96&d=mm&r=g\",\"caption\":\"staff\"},\"url\":\"https:\/\/appsaf.apieproject.com\/news\/fr\/author\/staff\/\"}]}<\/script>\n<!-- \/ Yoast SEO plugin. -->","yoast_head_json":{"title":"Marie Gomis-Trezise, une vie \u00e0 l\u2019avant-garde - APIE NEWS","robots":{"index":"index","follow":"follow","max-snippet":"max-snippet:-1","max-image-preview":"max-image-preview:large","max-video-preview":"max-video-preview:-1"},"canonical":"https:\/\/appsaf.apieproject.com\/news\/fr\/2022\/08\/28\/marie-gomis-trezise-une-vie-a-lavant-garde\/","og_locale":"fr_FR","og_type":"article","og_title":"Marie Gomis-Trezise, une vie \u00e0 l\u2019avant-garde - APIE NEWS","og_description":"Bas\u00e9e \u00e0 Bruxelles, cette ancienne directrice artistique pour des maisons de disque travaille \u00e0 la promotion des photographes noirs de \u00ab la nouvelle vague \u00bb. Des images l\u00e9ch\u00e9es qu\u2019elle pr\u00e9sente avec sa galerie virtuelle et le magazine Nataal, dont elle est la directrice cr\u00e9ative.","og_url":"https:\/\/appsaf.apieproject.com\/news\/fr\/2022\/08\/28\/marie-gomis-trezise-une-vie-a-lavant-garde\/","og_site_name":"APIE NEWS","article_publisher":"https:\/\/facebook.com\/apieproject","article_published_time":"2022-08-28T21:12:31+00:00","article_modified_time":"2022-08-28T21:12:33+00:00","og_image":[{"width":988,"height":525,"url":"https:\/\/appsaf.apieproject.com\/news\/wp-content\/uploads\/sites\/29\/2022\/08\/Capture-9e03f0449733653c881c17194996a527.jpg","type":"image\/jpeg"}],"author":"staff","twitter_card":"summary_large_image","twitter_creator":"@apieproject","twitter_site":"@apieproject","twitter_misc":{"\u00c9crit par":"staff","Dur\u00e9e de lecture estim\u00e9e":"6 minutes"},"schema":{"@context":"https:\/\/schema.org","@graph":[{"@type":"Article","@id":"https:\/\/appsaf.apieproject.com\/news\/fr\/2022\/08\/28\/marie-gomis-trezise-une-vie-a-lavant-garde\/#article","isPartOf":{"@id":"https:\/\/appsaf.apieproject.com\/news\/fr\/2022\/08\/28\/marie-gomis-trezise-une-vie-a-lavant-garde\/"},"author":{"name":"staff","@id":"https:\/\/appsaf.apieproject.com\/news\/#\/schema\/person\/399517cac378948cd7b39086f9ddc2a7"},"headline":"Marie Gomis-Trezise, une vie \u00e0 l\u2019avant-garde","datePublished":"2022-08-28T21:12:31+00:00","dateModified":"2022-08-28T21:12:33+00:00","mainEntityOfPage":{"@id":"https:\/\/appsaf.apieproject.com\/news\/fr\/2022\/08\/28\/marie-gomis-trezise-une-vie-a-lavant-garde\/"},"wordCount":1078,"commentCount":0,"publisher":{"@id":"https:\/\/appsaf.apieproject.com\/news\/#organization"},"image":{"@id":"https:\/\/appsaf.apieproject.com\/news\/fr\/2022\/08\/28\/marie-gomis-trezise-une-vie-a-lavant-garde\/#primaryimage"},"thumbnailUrl":"https:\/\/appsaf.apieproject.com\/news\/wp-content\/uploads\/sites\/29\/2022\/08\/Capture-9e03f0449733653c881c17194996a527.jpg","keywords":["apie project","mode","mode de vie"],"articleSection":["Mode","Mode de Vie"],"inLanguage":"fr-FR","potentialAction":[{"@type":"CommentAction","name":"Comment","target":["https:\/\/appsaf.apieproject.com\/news\/fr\/2022\/08\/28\/marie-gomis-trezise-une-vie-a-lavant-garde\/#respond"]}]},{"@type":"WebPage","@id":"https:\/\/appsaf.apieproject.com\/news\/fr\/2022\/08\/28\/marie-gomis-trezise-une-vie-a-lavant-garde\/","url":"https:\/\/appsaf.apieproject.com\/news\/fr\/2022\/08\/28\/marie-gomis-trezise-une-vie-a-lavant-garde\/","name":"Marie Gomis-Trezise, une vie \u00e0 l\u2019avant-garde - APIE NEWS","isPartOf":{"@id":"https:\/\/appsaf.apieproject.com\/news\/#website"},"primaryImageOfPage":{"@id":"https:\/\/appsaf.apieproject.com\/news\/fr\/2022\/08\/28\/marie-gomis-trezise-une-vie-a-lavant-garde\/#primaryimage"},"image":{"@id":"https:\/\/appsaf.apieproject.com\/news\/fr\/2022\/08\/28\/marie-gomis-trezise-une-vie-a-lavant-garde\/#primaryimage"},"thumbnailUrl":"https:\/\/appsaf.apieproject.com\/news\/wp-content\/uploads\/sites\/29\/2022\/08\/Capture-9e03f0449733653c881c17194996a527.jpg","datePublished":"2022-08-28T21:12:31+00:00","dateModified":"2022-08-28T21:12:33+00:00","breadcrumb":{"@id":"https:\/\/appsaf.apieproject.com\/news\/fr\/2022\/08\/28\/marie-gomis-trezise-une-vie-a-lavant-garde\/#breadcrumb"},"inLanguage":"fr-FR","potentialAction":[{"@type":"ReadAction","target":["https:\/\/appsaf.apieproject.com\/news\/fr\/2022\/08\/28\/marie-gomis-trezise-une-vie-a-lavant-garde\/"]}]},{"@type":"ImageObject","inLanguage":"fr-FR","@id":"https:\/\/appsaf.apieproject.com\/news\/fr\/2022\/08\/28\/marie-gomis-trezise-une-vie-a-lavant-garde\/#primaryimage","url":"https:\/\/appsaf.apieproject.com\/news\/wp-content\/uploads\/sites\/29\/2022\/08\/Capture-9e03f0449733653c881c17194996a527.jpg","contentUrl":"https:\/\/appsaf.apieproject.com\/news\/wp-content\/uploads\/sites\/29\/2022\/08\/Capture-9e03f0449733653c881c17194996a527.jpg","width":988,"height":525},{"@type":"BreadcrumbList","@id":"https:\/\/appsaf.apieproject.com\/news\/fr\/2022\/08\/28\/marie-gomis-trezise-une-vie-a-lavant-garde\/#breadcrumb","itemListElement":[{"@type":"ListItem","position":1,"name":"Home","item":"https:\/\/appsaf.apieproject.com\/news\/fr\/home\/"},{"@type":"ListItem","position":2,"name":"Marie Gomis-Trezise, une vie \u00e0 l\u2019avant-garde"}]},{"@type":"WebSite","@id":"https:\/\/appsaf.apieproject.com\/news\/#website","url":"https:\/\/appsaf.apieproject.com\/news\/","name":"APIE NEWS","description":"PANAFRICANISM NEWS PORTAL","publisher":{"@id":"https:\/\/appsaf.apieproject.com\/news\/#organization"},"potentialAction":[{"@type":"SearchAction","target":{"@type":"EntryPoint","urlTemplate":"https:\/\/appsaf.apieproject.com\/news\/?s={search_term_string}"},"query-input":{"@type":"PropertyValueSpecification","valueRequired":true,"valueName":"search_term_string"}}],"inLanguage":"fr-FR"},{"@type":"Organization","@id":"https:\/\/appsaf.apieproject.com\/news\/#organization","name":"APIE PROJECT","url":"https:\/\/appsaf.apieproject.com\/news\/","logo":{"@type":"ImageObject","inLanguage":"fr-FR","@id":"https:\/\/appsaf.apieproject.com\/news\/#\/schema\/logo\/image\/","url":"https:\/\/appsaf.apieproject.com\/news\/wp-content\/uploads\/sites\/29\/2022\/07\/logo-R-TransparentBackground.png","contentUrl":"https:\/\/appsaf.apieproject.com\/news\/wp-content\/uploads\/sites\/29\/2022\/07\/logo-R-TransparentBackground.png","width":512,"height":512,"caption":"APIE PROJECT"},"image":{"@id":"https:\/\/appsaf.apieproject.com\/news\/#\/schema\/logo\/image\/"},"sameAs":["https:\/\/facebook.com\/apieproject","https:\/\/x.com\/apieproject"]},{"@type":"Person","@id":"https:\/\/appsaf.apieproject.com\/news\/#\/schema\/person\/399517cac378948cd7b39086f9ddc2a7","name":"staff","image":{"@type":"ImageObject","inLanguage":"fr-FR","@id":"https:\/\/appsaf.apieproject.com\/news\/#\/schema\/person\/image\/","url":"https:\/\/secure.gravatar.com\/avatar\/5386283c5db150efe261184bd59f072a?s=96&d=mm&r=g","contentUrl":"https:\/\/secure.gravatar.com\/avatar\/5386283c5db150efe261184bd59f072a?s=96&d=mm&r=g","caption":"staff"},"url":"https:\/\/appsaf.apieproject.com\/news\/fr\/author\/staff\/"}]}},"_links":{"self":[{"href":"https:\/\/appsaf.apieproject.com\/news\/fr\/wp-json\/wp\/v2\/posts\/14634","targetHints":{"allow":["GET"]}}],"collection":[{"href":"https:\/\/appsaf.apieproject.com\/news\/fr\/wp-json\/wp\/v2\/posts"}],"about":[{"href":"https:\/\/appsaf.apieproject.com\/news\/fr\/wp-json\/wp\/v2\/types\/post"}],"author":[{"embeddable":true,"href":"https:\/\/appsaf.apieproject.com\/news\/fr\/wp-json\/wp\/v2\/users\/12963"}],"replies":[{"embeddable":true,"href":"https:\/\/appsaf.apieproject.com\/news\/fr\/wp-json\/wp\/v2\/comments?post=14634"}],"version-history":[{"count":1,"href":"https:\/\/appsaf.apieproject.com\/news\/fr\/wp-json\/wp\/v2\/posts\/14634\/revisions"}],"predecessor-version":[{"id":15252,"href":"https:\/\/appsaf.apieproject.com\/news\/fr\/wp-json\/wp\/v2\/posts\/14634\/revisions\/15252"}],"wp:featuredmedia":[{"embeddable":true,"href":"https:\/\/appsaf.apieproject.com\/news\/fr\/wp-json\/wp\/v2\/media\/14631"}],"wp:attachment":[{"href":"https:\/\/appsaf.apieproject.com\/news\/fr\/wp-json\/wp\/v2\/media?parent=14634"}],"wp:term":[{"taxonomy":"category","embeddable":true,"href":"https:\/\/appsaf.apieproject.com\/news\/fr\/wp-json\/wp\/v2\/categories?post=14634"},{"taxonomy":"post_tag","embeddable":true,"href":"https:\/\/appsaf.apieproject.com\/news\/fr\/wp-json\/wp\/v2\/tags?post=14634"}],"curies":[{"name":"wp","href":"https:\/\/api.w.org\/{rel}","templated":true}]}}