{"id":14822,"date":"2022-08-28T22:00:55","date_gmt":"2022-08-28T22:00:55","guid":{"rendered":"https:\/\/appsaf.apieproject.com\/news\/?p=14822"},"modified":"2022-08-28T22:00:57","modified_gmt":"2022-08-28T22:00:57","slug":"production-lokua-kanza-signe-pamela-baketana-pour-trois-ans","status":"publish","type":"post","link":"https:\/\/appsaf.apieproject.com\/news\/fr\/2022\/08\/28\/production-lokua-kanza-signe-pamela-baketana-pour-trois-ans\/","title":{"rendered":"Production : Lokua Kanza signe Pamela Baketana pour trois ans"},"content":{"rendered":"<p>Lokua Kanza a partag\u00e9 sa pens\u00e9e sur le genre qu\u2019il voudrait voir son artiste d\u00e9velopper. Sa vision pour les trois ann\u00e9es \u00e0 venir, il l\u2019a \u00e9nonc\u00e9e de la sorte : \u00ab Pamela a, aime d\u00e9j\u00e0 un style, mais je souhaite sinc\u00e8rement, je le dis \u00e9galement \u00e0 tous les jeunes artistes qui vont nous \u00e9couter, c\u2019est facile de vouloir faire la musique am\u00e9ricaine, du ndombolo. Il est tr\u00e8s important de faire une musique qui touche d\u2019abord l\u2019artiste, moi je serai un accompagnateur, je vais l\u2019aider dans sa d\u00e9marche mais je mets un point d\u2019honneur, j\u2019y insiste et c\u2019est la seule chose \u00e0 laquelle je tiens souvent, c\u2019est de faire une musique qui est n\u00f4tre avec une coloration africaine \u00bb. La star a affirm\u00e9 croire que cette voie va forc\u00e9ment r\u00e9ussir \u00e0 la jeune chanteuse \u00e2g\u00e9e de 26 ans \u00e0 ce jour.<\/p>\n<p>\u00ab A court terme, je tiens \u00e0 ce que nous travaillons ensemble \u00e0 renforcer tout ce qu\u2019elle a et ensuite lancer un premier single pour voir. Nous pouvons avoir nos id\u00e9es en tant qu\u2019artistes, mais ne savons pas pr\u00e9voir la r\u00e9action du public en face \u00bb, est le process \u00e9nonc\u00e9 par l\u2019interpr\u00e8te de Plus vivant. Savoir aussi que les attentes de Lokua Kanza ne sont pas \u00e0 proprement parler de r\u00e9aliser des ventes record \u00e0 l\u2019entame. \u00ab Mon r\u00eave en tant que producteur de Pamela et des autres artistes que j\u2019aimerai avoir, c\u2019est de voir comment faire en sorte que nous ici au Congo, ou ailleurs, si je signe d\u2019autres artistes \u00e9trangers, nous ayons de grands artistes \u00bb, a-t-il plut\u00f4t affirm\u00e9 au Courrier de Kinshasa. De fil en aiguille, il a \u00e9voqu\u00e9 avec modestie son apport dans la carri\u00e8re d\u2019Ekumani, ce feu chanteur congolais jouissant d\u2019une r\u00e9putation incontest\u00e9e \u00e0 l\u2019\u00e9chelle plan\u00e9taire. \u00ab En l\u2019occurrence, j\u2019ai eu la chance, paix \u00e0 son \u00e2me, de participer \u00e0 l\u2019album de Papa Wemba qui est l\u2019une de nos stars mondialement connue. Du c\u00f4t\u00e9 des dames, il y a tr\u00e8s longtemps, nous avions Abeti. Mais aujourd\u2019hui, il n\u2019y en a aucune \u00bb, s\u2019est-il d\u00e9sol\u00e9. D\u2019o\u00f9 son v\u0153u de hisser sa prot\u00e9g\u00e9e dans ce cercle bien restreint comme il l\u2019a d\u00e9clar\u00e9 : \u00ab J\u2019aimerai beaucoup que Pamela en fasse partie \u00bb.Pamela montrant son contrat \u00e0 la presse entour\u00e9e de J. Bilari, Lokua et de son manager, B\u00e9ni Baketana (DR)<\/p>\n<p>Un diamant \u00e0 travailler<\/p>\n<p>Ne tarissant pas d\u2019\u00e9loges au sujet de son artiste, Lokua Kanza a soulign\u00e9 parlant d\u2019elle : \u00ab C\u2019est un vrai diamant qu\u2019il faut travailler, emmener tr\u00e8s loin. Et mon r\u00eave avec elle, si elle le veut bien, sinc\u00e8rement je pense qu\u2019il faut lui donner la chance, l\u2019encadrement n\u00e9cessaire car Pamela a ce potentiel qu\u2019ont toutes les grandes chanteuses du monde. Je vous demande \u00e0 tous de la soutenir. Il y a beaucoup de travail \u00e0 faire en amont, nous en avons parl\u00e9 ensemble et comment s\u2019organiser. Lorsqu\u2018on voit un artiste international, on pense que cela vient du coup, non il n\u2019en est rien de tel. Il faut beaucoup, beaucoup, beaucoup de travail \u00bb.<\/p>\n<p>Lokua Kanza et Pamela Baketana apr\u00e8s la signature de leur contrat (DR)C\u2019est de mani\u00e8re assez naturelle que, apr\u00e8s avoir accompagn\u00e9 l\u2019artiste pendant les cinq derni\u00e8res ann\u00e9es, usant de divers conseils, Lokua Kanza la prend officiellement sous son aile, lui ouvrant les portes de son label, Nzela Productions. Membre du groupe d\u2019accompagnement de la star lors de ses concerts \u00e0 Kinshasa, avec notamment La\u00ebtitia Lokua, sa ni\u00e8ce, Pamela Baketana a fait ses preuves aupr\u00e8s de son coach et mentor d\u2019autrefois. Avoir gard\u00e9 ces attaches avec lui, a permis \u00e0 ce dernier, a-t-il affirm\u00e9, de mieux la conna\u00eetre. C\u2019est donc le g\u00e9rant de Nzela poductions qui a pris l\u2019initiative de produire la jeune chanteuse. Il a dit au point de presse lui avoir fait sa proposition \u00e0 travers une demande formul\u00e9e en ces termes : \u00ab Mama, est-ce que cela te dirait que je te signe dans ma bo\u00eete ? \u00bb Ce \u00e0 quoi elle a r\u00e9pondu par l\u2019affirmative. Ainsi, Pamela a partag\u00e9 sa satisfaction d\u2019avoir sign\u00e9 avec l\u2019ic\u00f4ne de la musique congolaise affirmant : \u00ab Je suis contente que Lokua m\u2019ait choisi, qu\u2019il ait confiance en moi parce que c\u2019est une l\u00e9gende et quelqu\u2019un que je respecte beaucoup. Il a travaill\u00e9 avec des l\u00e9gendes du pays et d\u2019ailleurs. Je crois que j\u2019ai vraiment de la chance d\u2019\u00eatre compt\u00e9e parmi les personnes qui ont travaill\u00e9 avec lui. Je suis d\u2019avoir cette gr\u00e2ce aujourd\u2019hui, je le tiens pour une gr\u00e2ce de travailler avec Lokua Kanza parce que je vais beaucoup apprendre de lui, je le sais \u00bb.<\/p>\n<p>Coach de Pamela Baketana en 2017, lors de sa participation \u00e0 The Voice Afrique francophone, Lokua Kanza a port\u00e9 sa candidature comme l\u2019aurait fait un mentor et l\u2019est devenu \u00e0 force jusqu\u2019\u00e0 son sacre. Mentionnant cet \u00e9pisode o\u00f9 il fit sa connaissance, il a indiqu\u00e9 : \u00ab En tant que chanteur, j\u2019\u00e9tais tr\u00e8s touch\u00e9 parce qu\u2019il est tr\u00e8s rare de voir, malgr\u00e9 son jeune \u00e2ge, la dext\u00e9rit\u00e9 qu\u2019elle avait. Je sais de quoi je parle car tout le monde peut chanter mais il existe des paliers. Pamela fait partie de ces rares chanteurs et chanteuses que j\u2019ai rencontr\u00e9 dans ma vie dans lequel j\u2019ai vu un potentiel \u00e9norme \u00bb.<\/p>\n","protected":false},"excerpt":{"rendered":"<p>Sign\u00e9 en bonne et due forme le samedi 20 ao\u00fbt en pr\u00e9sence de son manager B\u00e9ni Baketana face \u00e0 la presse convi\u00e9e \u00e0 l\u2019\u00e9v\u00e9nement au Restaurant 19, le contrat liant d\u00e9sormais Nzela Productions \u00e0 la jeune chanteuse est le premier engagement du label en dehors de son artiste habituel, l\u2019interpr\u00e8te de Wapi yo ?, son g\u00e9rant et initiateur.<\/p>\n","protected":false},"author":12963,"featured_media":14819,"comment_status":"open","ping_status":"open","sticky":false,"template":"","format":"standard","meta":{"footnotes":""},"categories":[55,65],"tags":[78,88,91],"class_list":{"0":"post-14822","1":"post","2":"type-post","3":"status-publish","4":"format-standard","5":"has-post-thumbnail","7":"category-divertissement","8":"category-musique","9":"tag-apie-project-2","10":"tag-divertissement","11":"tag-musique"},"yoast_head":"<!-- This site is optimized with the Yoast SEO plugin v24.4 - https:\/\/yoast.com\/wordpress\/plugins\/seo\/ -->\n<title>Production : Lokua Kanza signe Pamela Baketana pour trois ans - APIE NEWS<\/title>\n<meta name=\"robots\" content=\"index, follow, max-snippet:-1, max-image-preview:large, max-video-preview:-1\" \/>\n<link rel=\"canonical\" href=\"https:\/\/appsaf.apieproject.com\/news\/fr\/2022\/08\/28\/production-lokua-kanza-signe-pamela-baketana-pour-trois-ans\/\" \/>\n<meta property=\"og:locale\" content=\"fr_FR\" \/>\n<meta property=\"og:type\" content=\"article\" \/>\n<meta property=\"og:title\" content=\"Production : Lokua Kanza signe Pamela Baketana pour trois ans - APIE NEWS\" \/>\n<meta property=\"og:description\" content=\"Sign\u00e9 en bonne et due forme le samedi 20 ao\u00fbt en pr\u00e9sence de son manager B\u00e9ni Baketana face \u00e0 la presse convi\u00e9e \u00e0 l\u2019\u00e9v\u00e9nement au Restaurant 19, le contrat liant d\u00e9sormais Nzela Productions \u00e0 la jeune chanteuse est le premier engagement du label en dehors de son artiste habituel, l\u2019interpr\u00e8te de Wapi yo ?, son g\u00e9rant et initiateur.\" \/>\n<meta property=\"og:url\" content=\"https:\/\/appsaf.apieproject.com\/news\/fr\/2022\/08\/28\/production-lokua-kanza-signe-pamela-baketana-pour-trois-ans\/\" \/>\n<meta property=\"og:site_name\" content=\"APIE NEWS\" \/>\n<meta property=\"article:publisher\" content=\"https:\/\/facebook.com\/apieproject\" \/>\n<meta property=\"article:published_time\" content=\"2022-08-28T22:00:55+00:00\" \/>\n<meta property=\"article:modified_time\" content=\"2022-08-28T22:00:57+00:00\" \/>\n<meta property=\"og:image\" content=\"https:\/\/appsaf.apieproject.com\/news\/wp-content\/uploads\/sites\/29\/2022\/08\/20220824-nim184-1de3-633989ab171b0690db00d870d0f594ed.jpg\" \/>\n\t<meta property=\"og:image:width\" content=\"1000\" \/>\n\t<meta property=\"og:image:height\" content=\"664\" \/>\n\t<meta property=\"og:image:type\" content=\"image\/jpeg\" \/>\n<meta name=\"author\" content=\"staff\" \/>\n<meta name=\"twitter:card\" content=\"summary_large_image\" \/>\n<meta name=\"twitter:creator\" content=\"@apieproject\" \/>\n<meta name=\"twitter:site\" content=\"@apieproject\" \/>\n<meta name=\"twitter:label1\" content=\"\u00c9crit par\" \/>\n\t<meta name=\"twitter:data1\" content=\"staff\" \/>\n\t<meta name=\"twitter:label2\" content=\"Dur\u00e9e de lecture estim\u00e9e\" \/>\n\t<meta name=\"twitter:data2\" content=\"5 minutes\" \/>\n<script type=\"application\/ld+json\" class=\"yoast-schema-graph\">{\"@context\":\"https:\/\/schema.org\",\"@graph\":[{\"@type\":\"Article\",\"@id\":\"https:\/\/appsaf.apieproject.com\/news\/fr\/2022\/08\/28\/production-lokua-kanza-signe-pamela-baketana-pour-trois-ans\/#article\",\"isPartOf\":{\"@id\":\"https:\/\/appsaf.apieproject.com\/news\/fr\/2022\/08\/28\/production-lokua-kanza-signe-pamela-baketana-pour-trois-ans\/\"},\"author\":{\"name\":\"staff\",\"@id\":\"https:\/\/appsaf.apieproject.com\/news\/#\/schema\/person\/399517cac378948cd7b39086f9ddc2a7\"},\"headline\":\"Production : Lokua Kanza signe Pamela Baketana pour trois ans\",\"datePublished\":\"2022-08-28T22:00:55+00:00\",\"dateModified\":\"2022-08-28T22:00:57+00:00\",\"mainEntityOfPage\":{\"@id\":\"https:\/\/appsaf.apieproject.com\/news\/fr\/2022\/08\/28\/production-lokua-kanza-signe-pamela-baketana-pour-trois-ans\/\"},\"wordCount\":949,\"commentCount\":0,\"publisher\":{\"@id\":\"https:\/\/appsaf.apieproject.com\/news\/#organization\"},\"image\":{\"@id\":\"https:\/\/appsaf.apieproject.com\/news\/fr\/2022\/08\/28\/production-lokua-kanza-signe-pamela-baketana-pour-trois-ans\/#primaryimage\"},\"thumbnailUrl\":\"https:\/\/appsaf.apieproject.com\/news\/wp-content\/uploads\/sites\/29\/2022\/08\/20220824-nim184-1de3-633989ab171b0690db00d870d0f594ed.jpg\",\"keywords\":[\"apie project\",\"divertissement\",\"musique\"],\"articleSection\":[\"Divertissement\",\"Musique\"],\"inLanguage\":\"fr-FR\",\"potentialAction\":[{\"@type\":\"CommentAction\",\"name\":\"Comment\",\"target\":[\"https:\/\/appsaf.apieproject.com\/news\/fr\/2022\/08\/28\/production-lokua-kanza-signe-pamela-baketana-pour-trois-ans\/#respond\"]}]},{\"@type\":\"WebPage\",\"@id\":\"https:\/\/appsaf.apieproject.com\/news\/fr\/2022\/08\/28\/production-lokua-kanza-signe-pamela-baketana-pour-trois-ans\/\",\"url\":\"https:\/\/appsaf.apieproject.com\/news\/fr\/2022\/08\/28\/production-lokua-kanza-signe-pamela-baketana-pour-trois-ans\/\",\"name\":\"Production : Lokua Kanza signe Pamela Baketana pour trois ans - APIE NEWS\",\"isPartOf\":{\"@id\":\"https:\/\/appsaf.apieproject.com\/news\/#website\"},\"primaryImageOfPage\":{\"@id\":\"https:\/\/appsaf.apieproject.com\/news\/fr\/2022\/08\/28\/production-lokua-kanza-signe-pamela-baketana-pour-trois-ans\/#primaryimage\"},\"image\":{\"@id\":\"https:\/\/appsaf.apieproject.com\/news\/fr\/2022\/08\/28\/production-lokua-kanza-signe-pamela-baketana-pour-trois-ans\/#primaryimage\"},\"thumbnailUrl\":\"https:\/\/appsaf.apieproject.com\/news\/wp-content\/uploads\/sites\/29\/2022\/08\/20220824-nim184-1de3-633989ab171b0690db00d870d0f594ed.jpg\",\"datePublished\":\"2022-08-28T22:00:55+00:00\",\"dateModified\":\"2022-08-28T22:00:57+00:00\",\"breadcrumb\":{\"@id\":\"https:\/\/appsaf.apieproject.com\/news\/fr\/2022\/08\/28\/production-lokua-kanza-signe-pamela-baketana-pour-trois-ans\/#breadcrumb\"},\"inLanguage\":\"fr-FR\",\"potentialAction\":[{\"@type\":\"ReadAction\",\"target\":[\"https:\/\/appsaf.apieproject.com\/news\/fr\/2022\/08\/28\/production-lokua-kanza-signe-pamela-baketana-pour-trois-ans\/\"]}]},{\"@type\":\"ImageObject\",\"inLanguage\":\"fr-FR\",\"@id\":\"https:\/\/appsaf.apieproject.com\/news\/fr\/2022\/08\/28\/production-lokua-kanza-signe-pamela-baketana-pour-trois-ans\/#primaryimage\",\"url\":\"https:\/\/appsaf.apieproject.com\/news\/wp-content\/uploads\/sites\/29\/2022\/08\/20220824-nim184-1de3-633989ab171b0690db00d870d0f594ed.jpg\",\"contentUrl\":\"https:\/\/appsaf.apieproject.com\/news\/wp-content\/uploads\/sites\/29\/2022\/08\/20220824-nim184-1de3-633989ab171b0690db00d870d0f594ed.jpg\",\"width\":1000,\"height\":664},{\"@type\":\"BreadcrumbList\",\"@id\":\"https:\/\/appsaf.apieproject.com\/news\/fr\/2022\/08\/28\/production-lokua-kanza-signe-pamela-baketana-pour-trois-ans\/#breadcrumb\",\"itemListElement\":[{\"@type\":\"ListItem\",\"position\":1,\"name\":\"Home\",\"item\":\"https:\/\/appsaf.apieproject.com\/news\/fr\/home\/\"},{\"@type\":\"ListItem\",\"position\":2,\"name\":\"Production : Lokua Kanza signe Pamela Baketana pour trois ans\"}]},{\"@type\":\"WebSite\",\"@id\":\"https:\/\/appsaf.apieproject.com\/news\/#website\",\"url\":\"https:\/\/appsaf.apieproject.com\/news\/\",\"name\":\"APIE NEWS\",\"description\":\"PANAFRICANISM NEWS PORTAL\",\"publisher\":{\"@id\":\"https:\/\/appsaf.apieproject.com\/news\/#organization\"},\"potentialAction\":[{\"@type\":\"SearchAction\",\"target\":{\"@type\":\"EntryPoint\",\"urlTemplate\":\"https:\/\/appsaf.apieproject.com\/news\/?s={search_term_string}\"},\"query-input\":{\"@type\":\"PropertyValueSpecification\",\"valueRequired\":true,\"valueName\":\"search_term_string\"}}],\"inLanguage\":\"fr-FR\"},{\"@type\":\"Organization\",\"@id\":\"https:\/\/appsaf.apieproject.com\/news\/#organization\",\"name\":\"APIE PROJECT\",\"url\":\"https:\/\/appsaf.apieproject.com\/news\/\",\"logo\":{\"@type\":\"ImageObject\",\"inLanguage\":\"fr-FR\",\"@id\":\"https:\/\/appsaf.apieproject.com\/news\/#\/schema\/logo\/image\/\",\"url\":\"https:\/\/appsaf.apieproject.com\/news\/wp-content\/uploads\/sites\/29\/2022\/07\/logo-R-TransparentBackground.png\",\"contentUrl\":\"https:\/\/appsaf.apieproject.com\/news\/wp-content\/uploads\/sites\/29\/2022\/07\/logo-R-TransparentBackground.png\",\"width\":512,\"height\":512,\"caption\":\"APIE PROJECT\"},\"image\":{\"@id\":\"https:\/\/appsaf.apieproject.com\/news\/#\/schema\/logo\/image\/\"},\"sameAs\":[\"https:\/\/facebook.com\/apieproject\",\"https:\/\/x.com\/apieproject\"]},{\"@type\":\"Person\",\"@id\":\"https:\/\/appsaf.apieproject.com\/news\/#\/schema\/person\/399517cac378948cd7b39086f9ddc2a7\",\"name\":\"staff\",\"image\":{\"@type\":\"ImageObject\",\"inLanguage\":\"fr-FR\",\"@id\":\"https:\/\/appsaf.apieproject.com\/news\/#\/schema\/person\/image\/\",\"url\":\"https:\/\/secure.gravatar.com\/avatar\/5386283c5db150efe261184bd59f072a?s=96&d=mm&r=g\",\"contentUrl\":\"https:\/\/secure.gravatar.com\/avatar\/5386283c5db150efe261184bd59f072a?s=96&d=mm&r=g\",\"caption\":\"staff\"},\"url\":\"https:\/\/appsaf.apieproject.com\/news\/fr\/author\/staff\/\"}]}<\/script>\n<!-- \/ Yoast SEO plugin. -->","yoast_head_json":{"title":"Production : Lokua Kanza signe Pamela Baketana pour trois ans - APIE NEWS","robots":{"index":"index","follow":"follow","max-snippet":"max-snippet:-1","max-image-preview":"max-image-preview:large","max-video-preview":"max-video-preview:-1"},"canonical":"https:\/\/appsaf.apieproject.com\/news\/fr\/2022\/08\/28\/production-lokua-kanza-signe-pamela-baketana-pour-trois-ans\/","og_locale":"fr_FR","og_type":"article","og_title":"Production : Lokua Kanza signe Pamela Baketana pour trois ans - APIE NEWS","og_description":"Sign\u00e9 en bonne et due forme le samedi 20 ao\u00fbt en pr\u00e9sence de son manager B\u00e9ni Baketana face \u00e0 la presse convi\u00e9e \u00e0 l\u2019\u00e9v\u00e9nement au Restaurant 19, le contrat liant d\u00e9sormais Nzela Productions \u00e0 la jeune chanteuse est le premier engagement du label en dehors de son artiste habituel, l\u2019interpr\u00e8te de Wapi yo ?, son g\u00e9rant et initiateur.","og_url":"https:\/\/appsaf.apieproject.com\/news\/fr\/2022\/08\/28\/production-lokua-kanza-signe-pamela-baketana-pour-trois-ans\/","og_site_name":"APIE NEWS","article_publisher":"https:\/\/facebook.com\/apieproject","article_published_time":"2022-08-28T22:00:55+00:00","article_modified_time":"2022-08-28T22:00:57+00:00","og_image":[{"width":1000,"height":664,"url":"https:\/\/appsaf.apieproject.com\/news\/wp-content\/uploads\/sites\/29\/2022\/08\/20220824-nim184-1de3-633989ab171b0690db00d870d0f594ed.jpg","type":"image\/jpeg"}],"author":"staff","twitter_card":"summary_large_image","twitter_creator":"@apieproject","twitter_site":"@apieproject","twitter_misc":{"\u00c9crit par":"staff","Dur\u00e9e de lecture estim\u00e9e":"5 minutes"},"schema":{"@context":"https:\/\/schema.org","@graph":[{"@type":"Article","@id":"https:\/\/appsaf.apieproject.com\/news\/fr\/2022\/08\/28\/production-lokua-kanza-signe-pamela-baketana-pour-trois-ans\/#article","isPartOf":{"@id":"https:\/\/appsaf.apieproject.com\/news\/fr\/2022\/08\/28\/production-lokua-kanza-signe-pamela-baketana-pour-trois-ans\/"},"author":{"name":"staff","@id":"https:\/\/appsaf.apieproject.com\/news\/#\/schema\/person\/399517cac378948cd7b39086f9ddc2a7"},"headline":"Production : Lokua Kanza signe Pamela Baketana pour trois ans","datePublished":"2022-08-28T22:00:55+00:00","dateModified":"2022-08-28T22:00:57+00:00","mainEntityOfPage":{"@id":"https:\/\/appsaf.apieproject.com\/news\/fr\/2022\/08\/28\/production-lokua-kanza-signe-pamela-baketana-pour-trois-ans\/"},"wordCount":949,"commentCount":0,"publisher":{"@id":"https:\/\/appsaf.apieproject.com\/news\/#organization"},"image":{"@id":"https:\/\/appsaf.apieproject.com\/news\/fr\/2022\/08\/28\/production-lokua-kanza-signe-pamela-baketana-pour-trois-ans\/#primaryimage"},"thumbnailUrl":"https:\/\/appsaf.apieproject.com\/news\/wp-content\/uploads\/sites\/29\/2022\/08\/20220824-nim184-1de3-633989ab171b0690db00d870d0f594ed.jpg","keywords":["apie project","divertissement","musique"],"articleSection":["Divertissement","Musique"],"inLanguage":"fr-FR","potentialAction":[{"@type":"CommentAction","name":"Comment","target":["https:\/\/appsaf.apieproject.com\/news\/fr\/2022\/08\/28\/production-lokua-kanza-signe-pamela-baketana-pour-trois-ans\/#respond"]}]},{"@type":"WebPage","@id":"https:\/\/appsaf.apieproject.com\/news\/fr\/2022\/08\/28\/production-lokua-kanza-signe-pamela-baketana-pour-trois-ans\/","url":"https:\/\/appsaf.apieproject.com\/news\/fr\/2022\/08\/28\/production-lokua-kanza-signe-pamela-baketana-pour-trois-ans\/","name":"Production : Lokua Kanza signe Pamela Baketana pour trois ans - APIE NEWS","isPartOf":{"@id":"https:\/\/appsaf.apieproject.com\/news\/#website"},"primaryImageOfPage":{"@id":"https:\/\/appsaf.apieproject.com\/news\/fr\/2022\/08\/28\/production-lokua-kanza-signe-pamela-baketana-pour-trois-ans\/#primaryimage"},"image":{"@id":"https:\/\/appsaf.apieproject.com\/news\/fr\/2022\/08\/28\/production-lokua-kanza-signe-pamela-baketana-pour-trois-ans\/#primaryimage"},"thumbnailUrl":"https:\/\/appsaf.apieproject.com\/news\/wp-content\/uploads\/sites\/29\/2022\/08\/20220824-nim184-1de3-633989ab171b0690db00d870d0f594ed.jpg","datePublished":"2022-08-28T22:00:55+00:00","dateModified":"2022-08-28T22:00:57+00:00","breadcrumb":{"@id":"https:\/\/appsaf.apieproject.com\/news\/fr\/2022\/08\/28\/production-lokua-kanza-signe-pamela-baketana-pour-trois-ans\/#breadcrumb"},"inLanguage":"fr-FR","potentialAction":[{"@type":"ReadAction","target":["https:\/\/appsaf.apieproject.com\/news\/fr\/2022\/08\/28\/production-lokua-kanza-signe-pamela-baketana-pour-trois-ans\/"]}]},{"@type":"ImageObject","inLanguage":"fr-FR","@id":"https:\/\/appsaf.apieproject.com\/news\/fr\/2022\/08\/28\/production-lokua-kanza-signe-pamela-baketana-pour-trois-ans\/#primaryimage","url":"https:\/\/appsaf.apieproject.com\/news\/wp-content\/uploads\/sites\/29\/2022\/08\/20220824-nim184-1de3-633989ab171b0690db00d870d0f594ed.jpg","contentUrl":"https:\/\/appsaf.apieproject.com\/news\/wp-content\/uploads\/sites\/29\/2022\/08\/20220824-nim184-1de3-633989ab171b0690db00d870d0f594ed.jpg","width":1000,"height":664},{"@type":"BreadcrumbList","@id":"https:\/\/appsaf.apieproject.com\/news\/fr\/2022\/08\/28\/production-lokua-kanza-signe-pamela-baketana-pour-trois-ans\/#breadcrumb","itemListElement":[{"@type":"ListItem","position":1,"name":"Home","item":"https:\/\/appsaf.apieproject.com\/news\/fr\/home\/"},{"@type":"ListItem","position":2,"name":"Production : Lokua Kanza signe Pamela Baketana pour trois ans"}]},{"@type":"WebSite","@id":"https:\/\/appsaf.apieproject.com\/news\/#website","url":"https:\/\/appsaf.apieproject.com\/news\/","name":"APIE NEWS","description":"PANAFRICANISM NEWS PORTAL","publisher":{"@id":"https:\/\/appsaf.apieproject.com\/news\/#organization"},"potentialAction":[{"@type":"SearchAction","target":{"@type":"EntryPoint","urlTemplate":"https:\/\/appsaf.apieproject.com\/news\/?s={search_term_string}"},"query-input":{"@type":"PropertyValueSpecification","valueRequired":true,"valueName":"search_term_string"}}],"inLanguage":"fr-FR"},{"@type":"Organization","@id":"https:\/\/appsaf.apieproject.com\/news\/#organization","name":"APIE PROJECT","url":"https:\/\/appsaf.apieproject.com\/news\/","logo":{"@type":"ImageObject","inLanguage":"fr-FR","@id":"https:\/\/appsaf.apieproject.com\/news\/#\/schema\/logo\/image\/","url":"https:\/\/appsaf.apieproject.com\/news\/wp-content\/uploads\/sites\/29\/2022\/07\/logo-R-TransparentBackground.png","contentUrl":"https:\/\/appsaf.apieproject.com\/news\/wp-content\/uploads\/sites\/29\/2022\/07\/logo-R-TransparentBackground.png","width":512,"height":512,"caption":"APIE PROJECT"},"image":{"@id":"https:\/\/appsaf.apieproject.com\/news\/#\/schema\/logo\/image\/"},"sameAs":["https:\/\/facebook.com\/apieproject","https:\/\/x.com\/apieproject"]},{"@type":"Person","@id":"https:\/\/appsaf.apieproject.com\/news\/#\/schema\/person\/399517cac378948cd7b39086f9ddc2a7","name":"staff","image":{"@type":"ImageObject","inLanguage":"fr-FR","@id":"https:\/\/appsaf.apieproject.com\/news\/#\/schema\/person\/image\/","url":"https:\/\/secure.gravatar.com\/avatar\/5386283c5db150efe261184bd59f072a?s=96&d=mm&r=g","contentUrl":"https:\/\/secure.gravatar.com\/avatar\/5386283c5db150efe261184bd59f072a?s=96&d=mm&r=g","caption":"staff"},"url":"https:\/\/appsaf.apieproject.com\/news\/fr\/author\/staff\/"}]}},"_links":{"self":[{"href":"https:\/\/appsaf.apieproject.com\/news\/fr\/wp-json\/wp\/v2\/posts\/14822","targetHints":{"allow":["GET"]}}],"collection":[{"href":"https:\/\/appsaf.apieproject.com\/news\/fr\/wp-json\/wp\/v2\/posts"}],"about":[{"href":"https:\/\/appsaf.apieproject.com\/news\/fr\/wp-json\/wp\/v2\/types\/post"}],"author":[{"embeddable":true,"href":"https:\/\/appsaf.apieproject.com\/news\/fr\/wp-json\/wp\/v2\/users\/12963"}],"replies":[{"embeddable":true,"href":"https:\/\/appsaf.apieproject.com\/news\/fr\/wp-json\/wp\/v2\/comments?post=14822"}],"version-history":[{"count":1,"href":"https:\/\/appsaf.apieproject.com\/news\/fr\/wp-json\/wp\/v2\/posts\/14822\/revisions"}],"predecessor-version":[{"id":15284,"href":"https:\/\/appsaf.apieproject.com\/news\/fr\/wp-json\/wp\/v2\/posts\/14822\/revisions\/15284"}],"wp:featuredmedia":[{"embeddable":true,"href":"https:\/\/appsaf.apieproject.com\/news\/fr\/wp-json\/wp\/v2\/media\/14819"}],"wp:attachment":[{"href":"https:\/\/appsaf.apieproject.com\/news\/fr\/wp-json\/wp\/v2\/media?parent=14822"}],"wp:term":[{"taxonomy":"category","embeddable":true,"href":"https:\/\/appsaf.apieproject.com\/news\/fr\/wp-json\/wp\/v2\/categories?post=14822"},{"taxonomy":"post_tag","embeddable":true,"href":"https:\/\/appsaf.apieproject.com\/news\/fr\/wp-json\/wp\/v2\/tags?post=14822"}],"curies":[{"name":"wp","href":"https:\/\/api.w.org\/{rel}","templated":true}]}}