{"id":14846,"date":"2022-08-28T22:16:02","date_gmt":"2022-08-28T22:16:02","guid":{"rendered":"https:\/\/appsaf.apieproject.com\/news\/?p=14846"},"modified":"2022-08-28T22:16:04","modified_gmt":"2022-08-28T22:16:04","slug":"louis-vuitton-en-mode-gastronomie-africaine","status":"publish","type":"post","link":"https:\/\/appsaf.apieproject.com\/news\/fr\/2022\/08\/28\/louis-vuitton-en-mode-gastronomie-africaine\/","title":{"rendered":"Louis Vuitton en mode gastronomie africaine"},"content":{"rendered":"<p>C\u2019est dans l\u2019enceinte du White 1921 que le Chef officie depuis le d\u00e9but de l\u2019\u00e9t\u00e9, sous la direction de la maison Vuitton. De hauts cadres de la marque avaient jet\u00e9 leur d\u00e9volu sur ce jeune roi des fourneaux apr\u00e8s avoir d\u00e9couvert sa cuisine \u00e0 Paris et n\u2019ont pas h\u00e9sit\u00e9 \u00e0 lui proposer une collaboration saisonni\u00e8re.<\/p>\n<p>Propri\u00e9taire du tr\u00e8s appr\u00e9ci\u00e9 Mosuke au 14\u00e8me arrondissement, Mory Sacko a saisi l\u2019occasion unique de se faire conna\u00eetre du \u00ab gratin trop\u00e9zien \u00bb. Des id\u00e9es plein la t\u00eate, il a compos\u00e9 une carte d\u00e9couverte puisant dans ses origines, bien entendu, mais \u00e9galement dans la gastronomie fran\u00e7aise et japonaise. Un voyage \u00e9pic\u00e9 et color\u00e9 allant de pair avec l\u2019esprit de l\u2019enseigne.<\/p>\n<p>Que l\u2019on soit amateur de viande ou v\u00e9g\u00e9tarien convaincu, les sp\u00e9cialit\u00e9s rendent justice \u00e0 toutes les tendances et sont relev\u00e9es \u00e0 l\u2019aide d\u2019ingr\u00e9dients rares. \u00ab On d\u00e9guste ainsi des petits morceaux du monde entier \u00bb a-t-il d\u00e9clar\u00e9 lors d\u2019une interview. Trois continents se c\u00f4toient dans ses assiettes ; avec une distinction \u00e9gale et une cr\u00e9ativit\u00e9 qui lui ont r\u00e9cemment valu une \u00e9toile dans le Guide Michelin.<\/p>\n<p>En pleine ascension, celui qui se destinait initialement \u00e0 l\u2019h\u00f4tellerie de luxe, s\u2019est amus\u00e9 \u00e0 apprendre puis \u00e0 s\u00e9duire les palais des amateurs de sensations fortes. Cela lui a plut\u00f4t bien r\u00e9ussi&#8230;<\/p>\n","protected":false},"excerpt":{"rendered":"<p>La marque de luxe a fait appel au Chef s\u00e9n\u00e9galo-malien Mory Sacko pour animer son restaurant \u00e9ph\u00e9m\u00e8re \u00e0 Saint Tropez. Une exp\u00e9rience \u00ab fashfood \u00bb dont les clients se montrent tr\u00e8s friands.<\/p>\n","protected":false},"author":12963,"featured_media":14843,"comment_status":"open","ping_status":"open","sticky":false,"template":"","format":"standard","meta":{"footnotes":""},"categories":[67,63],"tags":[81,78,94],"class_list":{"0":"post-14846","1":"post","2":"type-post","3":"status-publish","4":"format-standard","5":"has-post-thumbnail","7":"category-actualites","8":"category-mode-de-vie","9":"tag-actualites","10":"tag-apie-project-2","11":"tag-mode-de-vie"},"yoast_head":"<!-- This site is optimized with the Yoast SEO plugin v24.4 - https:\/\/yoast.com\/wordpress\/plugins\/seo\/ -->\n<title>Louis Vuitton en mode gastronomie africaine - APIE NEWS<\/title>\n<meta name=\"robots\" content=\"index, follow, max-snippet:-1, max-image-preview:large, max-video-preview:-1\" \/>\n<link rel=\"canonical\" href=\"https:\/\/appsaf.apieproject.com\/news\/fr\/2022\/08\/28\/louis-vuitton-en-mode-gastronomie-africaine\/\" \/>\n<meta property=\"og:locale\" content=\"fr_FR\" \/>\n<meta property=\"og:type\" content=\"article\" \/>\n<meta property=\"og:title\" content=\"Louis Vuitton en mode gastronomie africaine - APIE NEWS\" \/>\n<meta property=\"og:description\" content=\"La marque de luxe a fait appel au Chef s\u00e9n\u00e9galo-malien Mory Sacko pour animer son restaurant \u00e9ph\u00e9m\u00e8re \u00e0 Saint Tropez. Une exp\u00e9rience \u00ab fashfood \u00bb dont les clients se montrent tr\u00e8s friands.\" \/>\n<meta property=\"og:url\" content=\"https:\/\/appsaf.apieproject.com\/news\/fr\/2022\/08\/28\/louis-vuitton-en-mode-gastronomie-africaine\/\" \/>\n<meta property=\"og:site_name\" content=\"APIE NEWS\" \/>\n<meta property=\"article:publisher\" content=\"https:\/\/facebook.com\/apieproject\" \/>\n<meta property=\"article:published_time\" content=\"2022-08-28T22:16:02+00:00\" \/>\n<meta property=\"article:modified_time\" content=\"2022-08-28T22:16:04+00:00\" \/>\n<meta property=\"og:image\" content=\"https:\/\/appsaf.apieproject.com\/news\/wp-content\/uploads\/sites\/29\/2022\/08\/lfs3-4782013ec8c6d1d07e0cfd303ada0c01.jpg\" \/>\n\t<meta property=\"og:image:width\" content=\"655\" \/>\n\t<meta property=\"og:image:height\" content=\"444\" \/>\n\t<meta property=\"og:image:type\" content=\"image\/jpeg\" \/>\n<meta name=\"author\" content=\"staff\" \/>\n<meta name=\"twitter:card\" content=\"summary_large_image\" \/>\n<meta name=\"twitter:creator\" content=\"@apieproject\" \/>\n<meta name=\"twitter:site\" content=\"@apieproject\" \/>\n<meta name=\"twitter:label1\" content=\"\u00c9crit par\" \/>\n\t<meta name=\"twitter:data1\" content=\"staff\" \/>\n\t<meta name=\"twitter:label2\" content=\"Dur\u00e9e de lecture estim\u00e9e\" \/>\n\t<meta name=\"twitter:data2\" content=\"2 minutes\" \/>\n<script type=\"application\/ld+json\" class=\"yoast-schema-graph\">{\"@context\":\"https:\/\/schema.org\",\"@graph\":[{\"@type\":\"Article\",\"@id\":\"https:\/\/appsaf.apieproject.com\/news\/fr\/2022\/08\/28\/louis-vuitton-en-mode-gastronomie-africaine\/#article\",\"isPartOf\":{\"@id\":\"https:\/\/appsaf.apieproject.com\/news\/fr\/2022\/08\/28\/louis-vuitton-en-mode-gastronomie-africaine\/\"},\"author\":{\"name\":\"staff\",\"@id\":\"https:\/\/appsaf.apieproject.com\/news\/#\/schema\/person\/399517cac378948cd7b39086f9ddc2a7\"},\"headline\":\"Louis Vuitton en mode gastronomie africaine\",\"datePublished\":\"2022-08-28T22:16:02+00:00\",\"dateModified\":\"2022-08-28T22:16:04+00:00\",\"mainEntityOfPage\":{\"@id\":\"https:\/\/appsaf.apieproject.com\/news\/fr\/2022\/08\/28\/louis-vuitton-en-mode-gastronomie-africaine\/\"},\"wordCount\":249,\"commentCount\":0,\"publisher\":{\"@id\":\"https:\/\/appsaf.apieproject.com\/news\/#organization\"},\"image\":{\"@id\":\"https:\/\/appsaf.apieproject.com\/news\/fr\/2022\/08\/28\/louis-vuitton-en-mode-gastronomie-africaine\/#primaryimage\"},\"thumbnailUrl\":\"https:\/\/appsaf.apieproject.com\/news\/wp-content\/uploads\/sites\/29\/2022\/08\/lfs3-4782013ec8c6d1d07e0cfd303ada0c01.jpg\",\"keywords\":[\"actualites\",\"apie project\",\"mode de vie\"],\"articleSection\":[\"Actualit\u00e9s\",\"Mode de Vie\"],\"inLanguage\":\"fr-FR\",\"potentialAction\":[{\"@type\":\"CommentAction\",\"name\":\"Comment\",\"target\":[\"https:\/\/appsaf.apieproject.com\/news\/fr\/2022\/08\/28\/louis-vuitton-en-mode-gastronomie-africaine\/#respond\"]}]},{\"@type\":\"WebPage\",\"@id\":\"https:\/\/appsaf.apieproject.com\/news\/fr\/2022\/08\/28\/louis-vuitton-en-mode-gastronomie-africaine\/\",\"url\":\"https:\/\/appsaf.apieproject.com\/news\/fr\/2022\/08\/28\/louis-vuitton-en-mode-gastronomie-africaine\/\",\"name\":\"Louis Vuitton en mode gastronomie africaine - APIE NEWS\",\"isPartOf\":{\"@id\":\"https:\/\/appsaf.apieproject.com\/news\/#website\"},\"primaryImageOfPage\":{\"@id\":\"https:\/\/appsaf.apieproject.com\/news\/fr\/2022\/08\/28\/louis-vuitton-en-mode-gastronomie-africaine\/#primaryimage\"},\"image\":{\"@id\":\"https:\/\/appsaf.apieproject.com\/news\/fr\/2022\/08\/28\/louis-vuitton-en-mode-gastronomie-africaine\/#primaryimage\"},\"thumbnailUrl\":\"https:\/\/appsaf.apieproject.com\/news\/wp-content\/uploads\/sites\/29\/2022\/08\/lfs3-4782013ec8c6d1d07e0cfd303ada0c01.jpg\",\"datePublished\":\"2022-08-28T22:16:02+00:00\",\"dateModified\":\"2022-08-28T22:16:04+00:00\",\"breadcrumb\":{\"@id\":\"https:\/\/appsaf.apieproject.com\/news\/fr\/2022\/08\/28\/louis-vuitton-en-mode-gastronomie-africaine\/#breadcrumb\"},\"inLanguage\":\"fr-FR\",\"potentialAction\":[{\"@type\":\"ReadAction\",\"target\":[\"https:\/\/appsaf.apieproject.com\/news\/fr\/2022\/08\/28\/louis-vuitton-en-mode-gastronomie-africaine\/\"]}]},{\"@type\":\"ImageObject\",\"inLanguage\":\"fr-FR\",\"@id\":\"https:\/\/appsaf.apieproject.com\/news\/fr\/2022\/08\/28\/louis-vuitton-en-mode-gastronomie-africaine\/#primaryimage\",\"url\":\"https:\/\/appsaf.apieproject.com\/news\/wp-content\/uploads\/sites\/29\/2022\/08\/lfs3-4782013ec8c6d1d07e0cfd303ada0c01.jpg\",\"contentUrl\":\"https:\/\/appsaf.apieproject.com\/news\/wp-content\/uploads\/sites\/29\/2022\/08\/lfs3-4782013ec8c6d1d07e0cfd303ada0c01.jpg\",\"width\":655,\"height\":444},{\"@type\":\"BreadcrumbList\",\"@id\":\"https:\/\/appsaf.apieproject.com\/news\/fr\/2022\/08\/28\/louis-vuitton-en-mode-gastronomie-africaine\/#breadcrumb\",\"itemListElement\":[{\"@type\":\"ListItem\",\"position\":1,\"name\":\"Home\",\"item\":\"https:\/\/appsaf.apieproject.com\/news\/fr\/home\/\"},{\"@type\":\"ListItem\",\"position\":2,\"name\":\"Louis Vuitton en mode gastronomie africaine\"}]},{\"@type\":\"WebSite\",\"@id\":\"https:\/\/appsaf.apieproject.com\/news\/#website\",\"url\":\"https:\/\/appsaf.apieproject.com\/news\/\",\"name\":\"APIE NEWS\",\"description\":\"PANAFRICANISM NEWS PORTAL\",\"publisher\":{\"@id\":\"https:\/\/appsaf.apieproject.com\/news\/#organization\"},\"potentialAction\":[{\"@type\":\"SearchAction\",\"target\":{\"@type\":\"EntryPoint\",\"urlTemplate\":\"https:\/\/appsaf.apieproject.com\/news\/?s={search_term_string}\"},\"query-input\":{\"@type\":\"PropertyValueSpecification\",\"valueRequired\":true,\"valueName\":\"search_term_string\"}}],\"inLanguage\":\"fr-FR\"},{\"@type\":\"Organization\",\"@id\":\"https:\/\/appsaf.apieproject.com\/news\/#organization\",\"name\":\"APIE PROJECT\",\"url\":\"https:\/\/appsaf.apieproject.com\/news\/\",\"logo\":{\"@type\":\"ImageObject\",\"inLanguage\":\"fr-FR\",\"@id\":\"https:\/\/appsaf.apieproject.com\/news\/#\/schema\/logo\/image\/\",\"url\":\"https:\/\/appsaf.apieproject.com\/news\/wp-content\/uploads\/sites\/29\/2022\/07\/logo-R-TransparentBackground.png\",\"contentUrl\":\"https:\/\/appsaf.apieproject.com\/news\/wp-content\/uploads\/sites\/29\/2022\/07\/logo-R-TransparentBackground.png\",\"width\":512,\"height\":512,\"caption\":\"APIE PROJECT\"},\"image\":{\"@id\":\"https:\/\/appsaf.apieproject.com\/news\/#\/schema\/logo\/image\/\"},\"sameAs\":[\"https:\/\/facebook.com\/apieproject\",\"https:\/\/x.com\/apieproject\"]},{\"@type\":\"Person\",\"@id\":\"https:\/\/appsaf.apieproject.com\/news\/#\/schema\/person\/399517cac378948cd7b39086f9ddc2a7\",\"name\":\"staff\",\"image\":{\"@type\":\"ImageObject\",\"inLanguage\":\"fr-FR\",\"@id\":\"https:\/\/appsaf.apieproject.com\/news\/#\/schema\/person\/image\/\",\"url\":\"https:\/\/secure.gravatar.com\/avatar\/5386283c5db150efe261184bd59f072a?s=96&d=mm&r=g\",\"contentUrl\":\"https:\/\/secure.gravatar.com\/avatar\/5386283c5db150efe261184bd59f072a?s=96&d=mm&r=g\",\"caption\":\"staff\"},\"url\":\"https:\/\/appsaf.apieproject.com\/news\/fr\/author\/staff\/\"}]}<\/script>\n<!-- \/ Yoast SEO plugin. -->","yoast_head_json":{"title":"Louis Vuitton en mode gastronomie africaine - APIE NEWS","robots":{"index":"index","follow":"follow","max-snippet":"max-snippet:-1","max-image-preview":"max-image-preview:large","max-video-preview":"max-video-preview:-1"},"canonical":"https:\/\/appsaf.apieproject.com\/news\/fr\/2022\/08\/28\/louis-vuitton-en-mode-gastronomie-africaine\/","og_locale":"fr_FR","og_type":"article","og_title":"Louis Vuitton en mode gastronomie africaine - APIE NEWS","og_description":"La marque de luxe a fait appel au Chef s\u00e9n\u00e9galo-malien Mory Sacko pour animer son restaurant \u00e9ph\u00e9m\u00e8re \u00e0 Saint Tropez. Une exp\u00e9rience \u00ab fashfood \u00bb dont les clients se montrent tr\u00e8s friands.","og_url":"https:\/\/appsaf.apieproject.com\/news\/fr\/2022\/08\/28\/louis-vuitton-en-mode-gastronomie-africaine\/","og_site_name":"APIE NEWS","article_publisher":"https:\/\/facebook.com\/apieproject","article_published_time":"2022-08-28T22:16:02+00:00","article_modified_time":"2022-08-28T22:16:04+00:00","og_image":[{"width":655,"height":444,"url":"https:\/\/appsaf.apieproject.com\/news\/wp-content\/uploads\/sites\/29\/2022\/08\/lfs3-4782013ec8c6d1d07e0cfd303ada0c01.jpg","type":"image\/jpeg"}],"author":"staff","twitter_card":"summary_large_image","twitter_creator":"@apieproject","twitter_site":"@apieproject","twitter_misc":{"\u00c9crit par":"staff","Dur\u00e9e de lecture estim\u00e9e":"2 minutes"},"schema":{"@context":"https:\/\/schema.org","@graph":[{"@type":"Article","@id":"https:\/\/appsaf.apieproject.com\/news\/fr\/2022\/08\/28\/louis-vuitton-en-mode-gastronomie-africaine\/#article","isPartOf":{"@id":"https:\/\/appsaf.apieproject.com\/news\/fr\/2022\/08\/28\/louis-vuitton-en-mode-gastronomie-africaine\/"},"author":{"name":"staff","@id":"https:\/\/appsaf.apieproject.com\/news\/#\/schema\/person\/399517cac378948cd7b39086f9ddc2a7"},"headline":"Louis Vuitton en mode gastronomie africaine","datePublished":"2022-08-28T22:16:02+00:00","dateModified":"2022-08-28T22:16:04+00:00","mainEntityOfPage":{"@id":"https:\/\/appsaf.apieproject.com\/news\/fr\/2022\/08\/28\/louis-vuitton-en-mode-gastronomie-africaine\/"},"wordCount":249,"commentCount":0,"publisher":{"@id":"https:\/\/appsaf.apieproject.com\/news\/#organization"},"image":{"@id":"https:\/\/appsaf.apieproject.com\/news\/fr\/2022\/08\/28\/louis-vuitton-en-mode-gastronomie-africaine\/#primaryimage"},"thumbnailUrl":"https:\/\/appsaf.apieproject.com\/news\/wp-content\/uploads\/sites\/29\/2022\/08\/lfs3-4782013ec8c6d1d07e0cfd303ada0c01.jpg","keywords":["actualites","apie project","mode de vie"],"articleSection":["Actualit\u00e9s","Mode de Vie"],"inLanguage":"fr-FR","potentialAction":[{"@type":"CommentAction","name":"Comment","target":["https:\/\/appsaf.apieproject.com\/news\/fr\/2022\/08\/28\/louis-vuitton-en-mode-gastronomie-africaine\/#respond"]}]},{"@type":"WebPage","@id":"https:\/\/appsaf.apieproject.com\/news\/fr\/2022\/08\/28\/louis-vuitton-en-mode-gastronomie-africaine\/","url":"https:\/\/appsaf.apieproject.com\/news\/fr\/2022\/08\/28\/louis-vuitton-en-mode-gastronomie-africaine\/","name":"Louis Vuitton en mode gastronomie africaine - APIE NEWS","isPartOf":{"@id":"https:\/\/appsaf.apieproject.com\/news\/#website"},"primaryImageOfPage":{"@id":"https:\/\/appsaf.apieproject.com\/news\/fr\/2022\/08\/28\/louis-vuitton-en-mode-gastronomie-africaine\/#primaryimage"},"image":{"@id":"https:\/\/appsaf.apieproject.com\/news\/fr\/2022\/08\/28\/louis-vuitton-en-mode-gastronomie-africaine\/#primaryimage"},"thumbnailUrl":"https:\/\/appsaf.apieproject.com\/news\/wp-content\/uploads\/sites\/29\/2022\/08\/lfs3-4782013ec8c6d1d07e0cfd303ada0c01.jpg","datePublished":"2022-08-28T22:16:02+00:00","dateModified":"2022-08-28T22:16:04+00:00","breadcrumb":{"@id":"https:\/\/appsaf.apieproject.com\/news\/fr\/2022\/08\/28\/louis-vuitton-en-mode-gastronomie-africaine\/#breadcrumb"},"inLanguage":"fr-FR","potentialAction":[{"@type":"ReadAction","target":["https:\/\/appsaf.apieproject.com\/news\/fr\/2022\/08\/28\/louis-vuitton-en-mode-gastronomie-africaine\/"]}]},{"@type":"ImageObject","inLanguage":"fr-FR","@id":"https:\/\/appsaf.apieproject.com\/news\/fr\/2022\/08\/28\/louis-vuitton-en-mode-gastronomie-africaine\/#primaryimage","url":"https:\/\/appsaf.apieproject.com\/news\/wp-content\/uploads\/sites\/29\/2022\/08\/lfs3-4782013ec8c6d1d07e0cfd303ada0c01.jpg","contentUrl":"https:\/\/appsaf.apieproject.com\/news\/wp-content\/uploads\/sites\/29\/2022\/08\/lfs3-4782013ec8c6d1d07e0cfd303ada0c01.jpg","width":655,"height":444},{"@type":"BreadcrumbList","@id":"https:\/\/appsaf.apieproject.com\/news\/fr\/2022\/08\/28\/louis-vuitton-en-mode-gastronomie-africaine\/#breadcrumb","itemListElement":[{"@type":"ListItem","position":1,"name":"Home","item":"https:\/\/appsaf.apieproject.com\/news\/fr\/home\/"},{"@type":"ListItem","position":2,"name":"Louis Vuitton en mode gastronomie africaine"}]},{"@type":"WebSite","@id":"https:\/\/appsaf.apieproject.com\/news\/#website","url":"https:\/\/appsaf.apieproject.com\/news\/","name":"APIE NEWS","description":"PANAFRICANISM NEWS PORTAL","publisher":{"@id":"https:\/\/appsaf.apieproject.com\/news\/#organization"},"potentialAction":[{"@type":"SearchAction","target":{"@type":"EntryPoint","urlTemplate":"https:\/\/appsaf.apieproject.com\/news\/?s={search_term_string}"},"query-input":{"@type":"PropertyValueSpecification","valueRequired":true,"valueName":"search_term_string"}}],"inLanguage":"fr-FR"},{"@type":"Organization","@id":"https:\/\/appsaf.apieproject.com\/news\/#organization","name":"APIE PROJECT","url":"https:\/\/appsaf.apieproject.com\/news\/","logo":{"@type":"ImageObject","inLanguage":"fr-FR","@id":"https:\/\/appsaf.apieproject.com\/news\/#\/schema\/logo\/image\/","url":"https:\/\/appsaf.apieproject.com\/news\/wp-content\/uploads\/sites\/29\/2022\/07\/logo-R-TransparentBackground.png","contentUrl":"https:\/\/appsaf.apieproject.com\/news\/wp-content\/uploads\/sites\/29\/2022\/07\/logo-R-TransparentBackground.png","width":512,"height":512,"caption":"APIE PROJECT"},"image":{"@id":"https:\/\/appsaf.apieproject.com\/news\/#\/schema\/logo\/image\/"},"sameAs":["https:\/\/facebook.com\/apieproject","https:\/\/x.com\/apieproject"]},{"@type":"Person","@id":"https:\/\/appsaf.apieproject.com\/news\/#\/schema\/person\/399517cac378948cd7b39086f9ddc2a7","name":"staff","image":{"@type":"ImageObject","inLanguage":"fr-FR","@id":"https:\/\/appsaf.apieproject.com\/news\/#\/schema\/person\/image\/","url":"https:\/\/secure.gravatar.com\/avatar\/5386283c5db150efe261184bd59f072a?s=96&d=mm&r=g","contentUrl":"https:\/\/secure.gravatar.com\/avatar\/5386283c5db150efe261184bd59f072a?s=96&d=mm&r=g","caption":"staff"},"url":"https:\/\/appsaf.apieproject.com\/news\/fr\/author\/staff\/"}]}},"_links":{"self":[{"href":"https:\/\/appsaf.apieproject.com\/news\/fr\/wp-json\/wp\/v2\/posts\/14846","targetHints":{"allow":["GET"]}}],"collection":[{"href":"https:\/\/appsaf.apieproject.com\/news\/fr\/wp-json\/wp\/v2\/posts"}],"about":[{"href":"https:\/\/appsaf.apieproject.com\/news\/fr\/wp-json\/wp\/v2\/types\/post"}],"author":[{"embeddable":true,"href":"https:\/\/appsaf.apieproject.com\/news\/fr\/wp-json\/wp\/v2\/users\/12963"}],"replies":[{"embeddable":true,"href":"https:\/\/appsaf.apieproject.com\/news\/fr\/wp-json\/wp\/v2\/comments?post=14846"}],"version-history":[{"count":1,"href":"https:\/\/appsaf.apieproject.com\/news\/fr\/wp-json\/wp\/v2\/posts\/14846\/revisions"}],"predecessor-version":[{"id":15293,"href":"https:\/\/appsaf.apieproject.com\/news\/fr\/wp-json\/wp\/v2\/posts\/14846\/revisions\/15293"}],"wp:featuredmedia":[{"embeddable":true,"href":"https:\/\/appsaf.apieproject.com\/news\/fr\/wp-json\/wp\/v2\/media\/14843"}],"wp:attachment":[{"href":"https:\/\/appsaf.apieproject.com\/news\/fr\/wp-json\/wp\/v2\/media?parent=14846"}],"wp:term":[{"taxonomy":"category","embeddable":true,"href":"https:\/\/appsaf.apieproject.com\/news\/fr\/wp-json\/wp\/v2\/categories?post=14846"},{"taxonomy":"post_tag","embeddable":true,"href":"https:\/\/appsaf.apieproject.com\/news\/fr\/wp-json\/wp\/v2\/tags?post=14846"}],"curies":[{"name":"wp","href":"https:\/\/api.w.org\/{rel}","templated":true}]}}