{"id":1505,"date":"2022-02-24T03:36:20","date_gmt":"2022-02-24T03:36:20","guid":{"rendered":"https:\/\/appsaf.apieproject.com\/news\/?p=1505"},"modified":"2022-02-24T03:48:45","modified_gmt":"2022-02-24T03:48:45","slug":"mali-larmee-libere-en-3-heures-une-zone-armee-que-la-france-na-pas-pu-liberer-en-9-ans","status":"publish","type":"post","link":"https:\/\/appsaf.apieproject.com\/news\/fr\/2022\/02\/24\/mali-larmee-libere-en-3-heures-une-zone-armee-que-la-france-na-pas-pu-liberer-en-9-ans\/","title":{"rendered":"Mali\u00a0: l\u2019arm\u00e9e lib\u00e8re en 3 heures une zone arm\u00e9e que la France n\u2019a pas pu lib\u00e9rer en 9 ans"},"content":{"rendered":"\n<p><strong><em>Le vendredi 18 f\u00e9vrier dernier, l\u2019arm\u00e9e de l\u2019air malienne a men\u00e9 un raid dans la r\u00e9gion de Gao. Ce raid s\u2019est sold\u00e9 par la destruction d\u2019une base terroriste et la neutralisation de pr\u00e8s de 60 terroristes. &nbsp;<\/em><\/strong><\/p>\n\n\n\n<p>Malgr\u00e9 la mort de 8 soldats maliens, c\u2019est une grande victoire que vient d\u2019enregistrer la Junte au pouvoir au Mali, dans une localit\u00e9&nbsp;situ\u00e9e \u00e0 quelques encablures des fronti\u00e8res avec le Burkina Faso et le Niger. L\u2019annonce a \u00e9t\u00e9 faite samedi \u00e0 travers un communiqu\u00e9 par l\u2019\u00e9tat-major de l\u2019arm\u00e9e.<\/p>\n\n\n\n<p>Selon le communiqu\u00e9, l\u2019arm\u00e9e \u00e9tait&nbsp;\u00e0 la recherche de sanctuaires terroristes pour destruction dans la localit\u00e9 d\u2019Archam \u00e0 l\u2019ouest de Tessit lorsqu\u2019elle a \u00e9t\u00e9 prise \u00e0 partie par des individus arm\u00e9s et non identifi\u00e9s. Ce qui a n\u00e9cessit\u00e9 l\u2019intervention de l\u2019arm\u00e9e de l\u2019air qui a \u00ab&nbsp;<em>trait\u00e9 et neutralis\u00e9 des colonnes de motocyclistes qui tentaient de submerger l\u2019unit\u00e9 accroch\u00e9e \u00bb.<\/em><\/p>\n\n\n\n<p>Cette op\u00e9ration visait aussi la protection des populations civiles victimes d\u2019exactions extr\u00eames des groupes terroristes ayant provoqu\u00e9s leurs d\u00e9placements forc\u00e9s du Mali vers les zones proches du Burkina Faso et du Niger, pr\u00e9cise le communiqu\u00e9.<\/p>\n\n\n\n<p><strong>La France, 9 ans d\u2019\u00e9chec<\/strong><\/p>\n\n\n\n<p>Il faut rappeler ici que cette zone est depuis longtemps en proie \u00e0 de violents affrontements. Au cours des semaines \u00e9coul\u00e9es, 40 civils y ont perdu la vie. Les groupes terroristes tels que l\u2019Etat Islamique au Grand Sahara (EIGS), le Groupe de Soutient \u00e0 l\u2019Islam et aux Musulmans (GSIM) et l\u2019alliance des forces arm\u00e9es appartenant \u00e0 Al-Qaeda y ont \u00e9lu domicile depuis plusieurs ann\u00e9es d\u00e9j\u00e0. Depuis 2013, les soldats fran\u00e7ais de la force Barkhane et les forces europ\u00e9ennes Takuba combattent les terroristes sans r\u00e9els succ\u00e8s. Au pic de la crise entre Paris et Bamako, la junte a instruit le retrait imm\u00e9diat des troupes fran\u00e7aises au Mali.<\/p>\n\n\n\n<p>Jeudi, 17 f\u00e9vrier, la France a finalement annonc\u00e9 le retrait de la force Barkhane dans un d\u00e9lai de six mois. Au lendemain de cette annonce, l\u2019arm\u00e9e malienne en seulement 3 heures, a r\u00e9cup\u00e9r\u00e9 une zone dans laquelle les Fran\u00e7ais n\u2019ont pas pu maintenir le calme en 9 ans.<\/p>\n\n\n\n<p><strong>Paris \u2013 Bamako, le pont d\u00e9finitivement coup\u00e9<\/strong><\/p>\n\n\n\n<p>24 heures seulement apr\u00e8s l\u2019annonce par le pr\u00e9sident fran\u00e7ais Emmanuel Macron de la force Barkhane dans un d\u00e9lai de six mois, la junte a r\u00e9agit en demandant le retrait de ladite force \u00ab&nbsp;sans d\u00e9lai&nbsp;\u00bb. C\u2019est en direct de la t\u00e9l\u00e9vision nationale que le porte-parole de la junte a somm\u00e9 la France de retirer ses troupes sans d\u00e9lai.<\/p>\n\n\n\n<p>Le colonel Abdoulaye Ma\u00efga a martel\u00e9 \u00e0 trois reprises la phrase suivante&nbsp;: \u00ab Au regard de ces manquements r\u00e9p\u00e9t\u00e9s (aux) accords de d\u00e9fense, le gouvernement invite les autorit\u00e9s fran\u00e7aises \u00e0 retirer sans d\u00e9lai les forces Barkhane et Takuba du territoire national, sous la supervision des autorit\u00e9s maliennes&nbsp;\u00bb.<\/p>\n\n\n\n<p>Avec ce retrait de la France, les autorit\u00e9s maliennes ont d\u00e9sormais le champ libre pour n\u00e9gocier avec les groupes terroristes. Une id\u00e9e contre laquelle s\u2019\u00e9tait farouchement oppos\u00e9e Paris.<\/p>\n","protected":false},"excerpt":{"rendered":"<p>Le vendredi 18 f\u00e9vrier dernier, l\u2019arm\u00e9e de l\u2019air malienne a men\u00e9 un raid dans la r\u00e9gion de Gao. Ce raid s\u2019est sold\u00e9 par la destruction d\u2019une base terroriste et la neutralisation de pr\u00e8s de 60 terroristes. &nbsp; Malgr\u00e9 la mort de 8 soldats maliens, c\u2019est une grande victoire que vient d\u2019enregistrer la Junte au pouvoir [&hellip;]<\/p>\n","protected":false},"author":13112,"featured_media":1715,"comment_status":"open","ping_status":"open","sticky":false,"template":"","format":"standard","meta":{"footnotes":""},"categories":[28,2,16,15,59],"tags":[81,7,78,30,84,11,25,82],"class_list":{"0":"post-1505","1":"post","2":"type-post","3":"status-publish","4":"format-standard","5":"has-post-thumbnail","7":"category-culture","8":"category-featured","9":"category-news","10":"category-politics","11":"category-speciaux","12":"tag-actualites","13":"tag-apie-project","14":"tag-apie-project-2","15":"tag-culture","16":"tag-mali","17":"tag-panafricanism","18":"tag-politics","19":"tag-politique"},"yoast_head":"<!-- This site is optimized with the Yoast SEO plugin v24.4 - https:\/\/yoast.com\/wordpress\/plugins\/seo\/ -->\n<title>Mali\u00a0: l\u2019arm\u00e9e lib\u00e8re en 3 heures une zone arm\u00e9e que la France n\u2019a pas pu lib\u00e9rer en 9 ans - APIE NEWS<\/title>\n<meta name=\"robots\" content=\"index, follow, max-snippet:-1, max-image-preview:large, max-video-preview:-1\" \/>\n<link rel=\"canonical\" href=\"https:\/\/appsaf.apieproject.com\/news\/fr\/2022\/02\/24\/mali-larmee-libere-en-3-heures-une-zone-armee-que-la-france-na-pas-pu-liberer-en-9-ans\/\" \/>\n<meta property=\"og:locale\" content=\"fr_FR\" \/>\n<meta property=\"og:type\" content=\"article\" \/>\n<meta property=\"og:title\" content=\"Mali\u00a0: l\u2019arm\u00e9e lib\u00e8re en 3 heures une zone arm\u00e9e que la France n\u2019a pas pu lib\u00e9rer en 9 ans - APIE NEWS\" \/>\n<meta property=\"og:description\" content=\"Le vendredi 18 f\u00e9vrier dernier, l\u2019arm\u00e9e de l\u2019air malienne a men\u00e9 un raid dans la r\u00e9gion de Gao. Ce raid s\u2019est sold\u00e9 par la destruction d\u2019une base terroriste et la neutralisation de pr\u00e8s de 60 terroristes. &nbsp; Malgr\u00e9 la mort de 8 soldats maliens, c\u2019est une grande victoire que vient d\u2019enregistrer la Junte au pouvoir [&hellip;]\" \/>\n<meta property=\"og:url\" content=\"https:\/\/appsaf.apieproject.com\/news\/fr\/2022\/02\/24\/mali-larmee-libere-en-3-heures-une-zone-armee-que-la-france-na-pas-pu-liberer-en-9-ans\/\" \/>\n<meta property=\"og:site_name\" content=\"APIE NEWS\" \/>\n<meta property=\"article:publisher\" content=\"https:\/\/facebook.com\/apieproject\" \/>\n<meta property=\"article:published_time\" content=\"2022-02-24T03:36:20+00:00\" \/>\n<meta property=\"article:modified_time\" content=\"2022-02-24T03:48:45+00:00\" \/>\n<meta property=\"og:image\" content=\"https:\/\/appsaf.apieproject.com\/news\/wp-content\/uploads\/sites\/29\/2022\/02\/armeemalienne.jpg\" \/>\n\t<meta property=\"og:image:width\" content=\"592\" \/>\n\t<meta property=\"og:image:height\" content=\"296\" \/>\n\t<meta property=\"og:image:type\" content=\"image\/jpeg\" \/>\n<meta name=\"author\" content=\"guyetom\" \/>\n<meta name=\"twitter:card\" content=\"summary_large_image\" \/>\n<meta name=\"twitter:creator\" content=\"@apieproject\" \/>\n<meta name=\"twitter:site\" content=\"@apieproject\" \/>\n<meta name=\"twitter:label1\" content=\"\u00c9crit par\" \/>\n\t<meta name=\"twitter:data1\" content=\"guyetom\" \/>\n\t<meta name=\"twitter:label2\" content=\"Dur\u00e9e de lecture estim\u00e9e\" \/>\n\t<meta name=\"twitter:data2\" content=\"3 minutes\" \/>\n<script type=\"application\/ld+json\" class=\"yoast-schema-graph\">{\"@context\":\"https:\/\/schema.org\",\"@graph\":[{\"@type\":\"Article\",\"@id\":\"https:\/\/appsaf.apieproject.com\/news\/fr\/2022\/02\/24\/mali-larmee-libere-en-3-heures-une-zone-armee-que-la-france-na-pas-pu-liberer-en-9-ans\/#article\",\"isPartOf\":{\"@id\":\"https:\/\/appsaf.apieproject.com\/news\/fr\/2022\/02\/24\/mali-larmee-libere-en-3-heures-une-zone-armee-que-la-france-na-pas-pu-liberer-en-9-ans\/\"},\"author\":{\"name\":\"guyetom\",\"@id\":\"https:\/\/appsaf.apieproject.com\/news\/#\/schema\/person\/94d8f4e561b283d434da551498c8cb39\"},\"headline\":\"Mali\u00a0: l\u2019arm\u00e9e lib\u00e8re en 3 heures une zone arm\u00e9e que la France n\u2019a pas pu lib\u00e9rer en 9 ans\",\"datePublished\":\"2022-02-24T03:36:20+00:00\",\"dateModified\":\"2022-02-24T03:48:45+00:00\",\"mainEntityOfPage\":{\"@id\":\"https:\/\/appsaf.apieproject.com\/news\/fr\/2022\/02\/24\/mali-larmee-libere-en-3-heures-une-zone-armee-que-la-france-na-pas-pu-liberer-en-9-ans\/\"},\"wordCount\":571,\"commentCount\":0,\"publisher\":{\"@id\":\"https:\/\/appsaf.apieproject.com\/news\/#organization\"},\"image\":{\"@id\":\"https:\/\/appsaf.apieproject.com\/news\/fr\/2022\/02\/24\/mali-larmee-libere-en-3-heures-une-zone-armee-que-la-france-na-pas-pu-liberer-en-9-ans\/#primaryimage\"},\"thumbnailUrl\":\"https:\/\/appsaf.apieproject.com\/news\/wp-content\/uploads\/sites\/29\/2022\/02\/armeemalienne.jpg\",\"keywords\":[\"actualites\",\"apie project\",\"apie project\",\"culture\",\"mali\",\"panafricanism\",\"politics\",\"politique\"],\"articleSection\":[\"Culture\",\"Featured\",\"News\",\"Politics\",\"Sp\u00e9ciaux\"],\"inLanguage\":\"fr-FR\",\"potentialAction\":[{\"@type\":\"CommentAction\",\"name\":\"Comment\",\"target\":[\"https:\/\/appsaf.apieproject.com\/news\/fr\/2022\/02\/24\/mali-larmee-libere-en-3-heures-une-zone-armee-que-la-france-na-pas-pu-liberer-en-9-ans\/#respond\"]}]},{\"@type\":\"WebPage\",\"@id\":\"https:\/\/appsaf.apieproject.com\/news\/fr\/2022\/02\/24\/mali-larmee-libere-en-3-heures-une-zone-armee-que-la-france-na-pas-pu-liberer-en-9-ans\/\",\"url\":\"https:\/\/appsaf.apieproject.com\/news\/fr\/2022\/02\/24\/mali-larmee-libere-en-3-heures-une-zone-armee-que-la-france-na-pas-pu-liberer-en-9-ans\/\",\"name\":\"Mali\u00a0: l\u2019arm\u00e9e lib\u00e8re en 3 heures une zone arm\u00e9e que la France n\u2019a pas pu lib\u00e9rer en 9 ans - APIE NEWS\",\"isPartOf\":{\"@id\":\"https:\/\/appsaf.apieproject.com\/news\/#website\"},\"primaryImageOfPage\":{\"@id\":\"https:\/\/appsaf.apieproject.com\/news\/fr\/2022\/02\/24\/mali-larmee-libere-en-3-heures-une-zone-armee-que-la-france-na-pas-pu-liberer-en-9-ans\/#primaryimage\"},\"image\":{\"@id\":\"https:\/\/appsaf.apieproject.com\/news\/fr\/2022\/02\/24\/mali-larmee-libere-en-3-heures-une-zone-armee-que-la-france-na-pas-pu-liberer-en-9-ans\/#primaryimage\"},\"thumbnailUrl\":\"https:\/\/appsaf.apieproject.com\/news\/wp-content\/uploads\/sites\/29\/2022\/02\/armeemalienne.jpg\",\"datePublished\":\"2022-02-24T03:36:20+00:00\",\"dateModified\":\"2022-02-24T03:48:45+00:00\",\"breadcrumb\":{\"@id\":\"https:\/\/appsaf.apieproject.com\/news\/fr\/2022\/02\/24\/mali-larmee-libere-en-3-heures-une-zone-armee-que-la-france-na-pas-pu-liberer-en-9-ans\/#breadcrumb\"},\"inLanguage\":\"fr-FR\",\"potentialAction\":[{\"@type\":\"ReadAction\",\"target\":[\"https:\/\/appsaf.apieproject.com\/news\/fr\/2022\/02\/24\/mali-larmee-libere-en-3-heures-une-zone-armee-que-la-france-na-pas-pu-liberer-en-9-ans\/\"]}]},{\"@type\":\"ImageObject\",\"inLanguage\":\"fr-FR\",\"@id\":\"https:\/\/appsaf.apieproject.com\/news\/fr\/2022\/02\/24\/mali-larmee-libere-en-3-heures-une-zone-armee-que-la-france-na-pas-pu-liberer-en-9-ans\/#primaryimage\",\"url\":\"https:\/\/appsaf.apieproject.com\/news\/wp-content\/uploads\/sites\/29\/2022\/02\/armeemalienne.jpg\",\"contentUrl\":\"https:\/\/appsaf.apieproject.com\/news\/wp-content\/uploads\/sites\/29\/2022\/02\/armeemalienne.jpg\",\"width\":592,\"height\":296},{\"@type\":\"BreadcrumbList\",\"@id\":\"https:\/\/appsaf.apieproject.com\/news\/fr\/2022\/02\/24\/mali-larmee-libere-en-3-heures-une-zone-armee-que-la-france-na-pas-pu-liberer-en-9-ans\/#breadcrumb\",\"itemListElement\":[{\"@type\":\"ListItem\",\"position\":1,\"name\":\"Home\",\"item\":\"https:\/\/appsaf.apieproject.com\/news\/fr\/home\/\"},{\"@type\":\"ListItem\",\"position\":2,\"name\":\"Mali\u00a0: l\u2019arm\u00e9e lib\u00e8re en 3 heures une zone arm\u00e9e que la France n\u2019a pas pu lib\u00e9rer en 9 ans\"}]},{\"@type\":\"WebSite\",\"@id\":\"https:\/\/appsaf.apieproject.com\/news\/#website\",\"url\":\"https:\/\/appsaf.apieproject.com\/news\/\",\"name\":\"APIE NEWS\",\"description\":\"PANAFRICANISM NEWS PORTAL\",\"publisher\":{\"@id\":\"https:\/\/appsaf.apieproject.com\/news\/#organization\"},\"potentialAction\":[{\"@type\":\"SearchAction\",\"target\":{\"@type\":\"EntryPoint\",\"urlTemplate\":\"https:\/\/appsaf.apieproject.com\/news\/?s={search_term_string}\"},\"query-input\":{\"@type\":\"PropertyValueSpecification\",\"valueRequired\":true,\"valueName\":\"search_term_string\"}}],\"inLanguage\":\"fr-FR\"},{\"@type\":\"Organization\",\"@id\":\"https:\/\/appsaf.apieproject.com\/news\/#organization\",\"name\":\"APIE PROJECT\",\"url\":\"https:\/\/appsaf.apieproject.com\/news\/\",\"logo\":{\"@type\":\"ImageObject\",\"inLanguage\":\"fr-FR\",\"@id\":\"https:\/\/appsaf.apieproject.com\/news\/#\/schema\/logo\/image\/\",\"url\":\"https:\/\/appsaf.apieproject.com\/news\/wp-content\/uploads\/sites\/29\/2022\/07\/logo-R-TransparentBackground.png\",\"contentUrl\":\"https:\/\/appsaf.apieproject.com\/news\/wp-content\/uploads\/sites\/29\/2022\/07\/logo-R-TransparentBackground.png\",\"width\":512,\"height\":512,\"caption\":\"APIE PROJECT\"},\"image\":{\"@id\":\"https:\/\/appsaf.apieproject.com\/news\/#\/schema\/logo\/image\/\"},\"sameAs\":[\"https:\/\/facebook.com\/apieproject\",\"https:\/\/x.com\/apieproject\"]},{\"@type\":\"Person\",\"@id\":\"https:\/\/appsaf.apieproject.com\/news\/#\/schema\/person\/94d8f4e561b283d434da551498c8cb39\",\"name\":\"guyetom\",\"image\":{\"@type\":\"ImageObject\",\"inLanguage\":\"fr-FR\",\"@id\":\"https:\/\/appsaf.apieproject.com\/news\/#\/schema\/person\/image\/\",\"url\":\"https:\/\/secure.gravatar.com\/avatar\/f36d884530ee45302c1f7eadb3f86562?s=96&d=mm&r=g\",\"contentUrl\":\"https:\/\/secure.gravatar.com\/avatar\/f36d884530ee45302c1f7eadb3f86562?s=96&d=mm&r=g\",\"caption\":\"guyetom\"},\"url\":\"https:\/\/appsaf.apieproject.com\/news\/fr\/author\/guyetom\/\"}]}<\/script>\n<!-- \/ Yoast SEO plugin. -->","yoast_head_json":{"title":"Mali\u00a0: l\u2019arm\u00e9e lib\u00e8re en 3 heures une zone arm\u00e9e que la France n\u2019a pas pu lib\u00e9rer en 9 ans - APIE NEWS","robots":{"index":"index","follow":"follow","max-snippet":"max-snippet:-1","max-image-preview":"max-image-preview:large","max-video-preview":"max-video-preview:-1"},"canonical":"https:\/\/appsaf.apieproject.com\/news\/fr\/2022\/02\/24\/mali-larmee-libere-en-3-heures-une-zone-armee-que-la-france-na-pas-pu-liberer-en-9-ans\/","og_locale":"fr_FR","og_type":"article","og_title":"Mali\u00a0: l\u2019arm\u00e9e lib\u00e8re en 3 heures une zone arm\u00e9e que la France n\u2019a pas pu lib\u00e9rer en 9 ans - APIE NEWS","og_description":"Le vendredi 18 f\u00e9vrier dernier, l\u2019arm\u00e9e de l\u2019air malienne a men\u00e9 un raid dans la r\u00e9gion de Gao. Ce raid s\u2019est sold\u00e9 par la destruction d\u2019une base terroriste et la neutralisation de pr\u00e8s de 60 terroristes. &nbsp; Malgr\u00e9 la mort de 8 soldats maliens, c\u2019est une grande victoire que vient d\u2019enregistrer la Junte au pouvoir [&hellip;]","og_url":"https:\/\/appsaf.apieproject.com\/news\/fr\/2022\/02\/24\/mali-larmee-libere-en-3-heures-une-zone-armee-que-la-france-na-pas-pu-liberer-en-9-ans\/","og_site_name":"APIE NEWS","article_publisher":"https:\/\/facebook.com\/apieproject","article_published_time":"2022-02-24T03:36:20+00:00","article_modified_time":"2022-02-24T03:48:45+00:00","og_image":[{"width":592,"height":296,"url":"https:\/\/appsaf.apieproject.com\/news\/wp-content\/uploads\/sites\/29\/2022\/02\/armeemalienne.jpg","type":"image\/jpeg"}],"author":"guyetom","twitter_card":"summary_large_image","twitter_creator":"@apieproject","twitter_site":"@apieproject","twitter_misc":{"\u00c9crit par":"guyetom","Dur\u00e9e de lecture estim\u00e9e":"3 minutes"},"schema":{"@context":"https:\/\/schema.org","@graph":[{"@type":"Article","@id":"https:\/\/appsaf.apieproject.com\/news\/fr\/2022\/02\/24\/mali-larmee-libere-en-3-heures-une-zone-armee-que-la-france-na-pas-pu-liberer-en-9-ans\/#article","isPartOf":{"@id":"https:\/\/appsaf.apieproject.com\/news\/fr\/2022\/02\/24\/mali-larmee-libere-en-3-heures-une-zone-armee-que-la-france-na-pas-pu-liberer-en-9-ans\/"},"author":{"name":"guyetom","@id":"https:\/\/appsaf.apieproject.com\/news\/#\/schema\/person\/94d8f4e561b283d434da551498c8cb39"},"headline":"Mali\u00a0: l\u2019arm\u00e9e lib\u00e8re en 3 heures une zone arm\u00e9e que la France n\u2019a pas pu lib\u00e9rer en 9 ans","datePublished":"2022-02-24T03:36:20+00:00","dateModified":"2022-02-24T03:48:45+00:00","mainEntityOfPage":{"@id":"https:\/\/appsaf.apieproject.com\/news\/fr\/2022\/02\/24\/mali-larmee-libere-en-3-heures-une-zone-armee-que-la-france-na-pas-pu-liberer-en-9-ans\/"},"wordCount":571,"commentCount":0,"publisher":{"@id":"https:\/\/appsaf.apieproject.com\/news\/#organization"},"image":{"@id":"https:\/\/appsaf.apieproject.com\/news\/fr\/2022\/02\/24\/mali-larmee-libere-en-3-heures-une-zone-armee-que-la-france-na-pas-pu-liberer-en-9-ans\/#primaryimage"},"thumbnailUrl":"https:\/\/appsaf.apieproject.com\/news\/wp-content\/uploads\/sites\/29\/2022\/02\/armeemalienne.jpg","keywords":["actualites","apie project","apie project","culture","mali","panafricanism","politics","politique"],"articleSection":["Culture","Featured","News","Politics","Sp\u00e9ciaux"],"inLanguage":"fr-FR","potentialAction":[{"@type":"CommentAction","name":"Comment","target":["https:\/\/appsaf.apieproject.com\/news\/fr\/2022\/02\/24\/mali-larmee-libere-en-3-heures-une-zone-armee-que-la-france-na-pas-pu-liberer-en-9-ans\/#respond"]}]},{"@type":"WebPage","@id":"https:\/\/appsaf.apieproject.com\/news\/fr\/2022\/02\/24\/mali-larmee-libere-en-3-heures-une-zone-armee-que-la-france-na-pas-pu-liberer-en-9-ans\/","url":"https:\/\/appsaf.apieproject.com\/news\/fr\/2022\/02\/24\/mali-larmee-libere-en-3-heures-une-zone-armee-que-la-france-na-pas-pu-liberer-en-9-ans\/","name":"Mali\u00a0: l\u2019arm\u00e9e lib\u00e8re en 3 heures une zone arm\u00e9e que la France n\u2019a pas pu lib\u00e9rer en 9 ans - APIE NEWS","isPartOf":{"@id":"https:\/\/appsaf.apieproject.com\/news\/#website"},"primaryImageOfPage":{"@id":"https:\/\/appsaf.apieproject.com\/news\/fr\/2022\/02\/24\/mali-larmee-libere-en-3-heures-une-zone-armee-que-la-france-na-pas-pu-liberer-en-9-ans\/#primaryimage"},"image":{"@id":"https:\/\/appsaf.apieproject.com\/news\/fr\/2022\/02\/24\/mali-larmee-libere-en-3-heures-une-zone-armee-que-la-france-na-pas-pu-liberer-en-9-ans\/#primaryimage"},"thumbnailUrl":"https:\/\/appsaf.apieproject.com\/news\/wp-content\/uploads\/sites\/29\/2022\/02\/armeemalienne.jpg","datePublished":"2022-02-24T03:36:20+00:00","dateModified":"2022-02-24T03:48:45+00:00","breadcrumb":{"@id":"https:\/\/appsaf.apieproject.com\/news\/fr\/2022\/02\/24\/mali-larmee-libere-en-3-heures-une-zone-armee-que-la-france-na-pas-pu-liberer-en-9-ans\/#breadcrumb"},"inLanguage":"fr-FR","potentialAction":[{"@type":"ReadAction","target":["https:\/\/appsaf.apieproject.com\/news\/fr\/2022\/02\/24\/mali-larmee-libere-en-3-heures-une-zone-armee-que-la-france-na-pas-pu-liberer-en-9-ans\/"]}]},{"@type":"ImageObject","inLanguage":"fr-FR","@id":"https:\/\/appsaf.apieproject.com\/news\/fr\/2022\/02\/24\/mali-larmee-libere-en-3-heures-une-zone-armee-que-la-france-na-pas-pu-liberer-en-9-ans\/#primaryimage","url":"https:\/\/appsaf.apieproject.com\/news\/wp-content\/uploads\/sites\/29\/2022\/02\/armeemalienne.jpg","contentUrl":"https:\/\/appsaf.apieproject.com\/news\/wp-content\/uploads\/sites\/29\/2022\/02\/armeemalienne.jpg","width":592,"height":296},{"@type":"BreadcrumbList","@id":"https:\/\/appsaf.apieproject.com\/news\/fr\/2022\/02\/24\/mali-larmee-libere-en-3-heures-une-zone-armee-que-la-france-na-pas-pu-liberer-en-9-ans\/#breadcrumb","itemListElement":[{"@type":"ListItem","position":1,"name":"Home","item":"https:\/\/appsaf.apieproject.com\/news\/fr\/home\/"},{"@type":"ListItem","position":2,"name":"Mali\u00a0: l\u2019arm\u00e9e lib\u00e8re en 3 heures une zone arm\u00e9e que la France n\u2019a pas pu lib\u00e9rer en 9 ans"}]},{"@type":"WebSite","@id":"https:\/\/appsaf.apieproject.com\/news\/#website","url":"https:\/\/appsaf.apieproject.com\/news\/","name":"APIE NEWS","description":"PANAFRICANISM NEWS PORTAL","publisher":{"@id":"https:\/\/appsaf.apieproject.com\/news\/#organization"},"potentialAction":[{"@type":"SearchAction","target":{"@type":"EntryPoint","urlTemplate":"https:\/\/appsaf.apieproject.com\/news\/?s={search_term_string}"},"query-input":{"@type":"PropertyValueSpecification","valueRequired":true,"valueName":"search_term_string"}}],"inLanguage":"fr-FR"},{"@type":"Organization","@id":"https:\/\/appsaf.apieproject.com\/news\/#organization","name":"APIE PROJECT","url":"https:\/\/appsaf.apieproject.com\/news\/","logo":{"@type":"ImageObject","inLanguage":"fr-FR","@id":"https:\/\/appsaf.apieproject.com\/news\/#\/schema\/logo\/image\/","url":"https:\/\/appsaf.apieproject.com\/news\/wp-content\/uploads\/sites\/29\/2022\/07\/logo-R-TransparentBackground.png","contentUrl":"https:\/\/appsaf.apieproject.com\/news\/wp-content\/uploads\/sites\/29\/2022\/07\/logo-R-TransparentBackground.png","width":512,"height":512,"caption":"APIE PROJECT"},"image":{"@id":"https:\/\/appsaf.apieproject.com\/news\/#\/schema\/logo\/image\/"},"sameAs":["https:\/\/facebook.com\/apieproject","https:\/\/x.com\/apieproject"]},{"@type":"Person","@id":"https:\/\/appsaf.apieproject.com\/news\/#\/schema\/person\/94d8f4e561b283d434da551498c8cb39","name":"guyetom","image":{"@type":"ImageObject","inLanguage":"fr-FR","@id":"https:\/\/appsaf.apieproject.com\/news\/#\/schema\/person\/image\/","url":"https:\/\/secure.gravatar.com\/avatar\/f36d884530ee45302c1f7eadb3f86562?s=96&d=mm&r=g","contentUrl":"https:\/\/secure.gravatar.com\/avatar\/f36d884530ee45302c1f7eadb3f86562?s=96&d=mm&r=g","caption":"guyetom"},"url":"https:\/\/appsaf.apieproject.com\/news\/fr\/author\/guyetom\/"}]}},"_links":{"self":[{"href":"https:\/\/appsaf.apieproject.com\/news\/fr\/wp-json\/wp\/v2\/posts\/1505","targetHints":{"allow":["GET"]}}],"collection":[{"href":"https:\/\/appsaf.apieproject.com\/news\/fr\/wp-json\/wp\/v2\/posts"}],"about":[{"href":"https:\/\/appsaf.apieproject.com\/news\/fr\/wp-json\/wp\/v2\/types\/post"}],"author":[{"embeddable":true,"href":"https:\/\/appsaf.apieproject.com\/news\/fr\/wp-json\/wp\/v2\/users\/13112"}],"replies":[{"embeddable":true,"href":"https:\/\/appsaf.apieproject.com\/news\/fr\/wp-json\/wp\/v2\/comments?post=1505"}],"version-history":[{"count":1,"href":"https:\/\/appsaf.apieproject.com\/news\/fr\/wp-json\/wp\/v2\/posts\/1505\/revisions"}],"predecessor-version":[{"id":1506,"href":"https:\/\/appsaf.apieproject.com\/news\/fr\/wp-json\/wp\/v2\/posts\/1505\/revisions\/1506"}],"wp:featuredmedia":[{"embeddable":true,"href":"https:\/\/appsaf.apieproject.com\/news\/fr\/wp-json\/wp\/v2\/media\/1715"}],"wp:attachment":[{"href":"https:\/\/appsaf.apieproject.com\/news\/fr\/wp-json\/wp\/v2\/media?parent=1505"}],"wp:term":[{"taxonomy":"category","embeddable":true,"href":"https:\/\/appsaf.apieproject.com\/news\/fr\/wp-json\/wp\/v2\/categories?post=1505"},{"taxonomy":"post_tag","embeddable":true,"href":"https:\/\/appsaf.apieproject.com\/news\/fr\/wp-json\/wp\/v2\/tags?post=1505"}],"curies":[{"name":"wp","href":"https:\/\/api.w.org\/{rel}","templated":true}]}}