{"id":15050,"date":"2022-08-28T19:59:33","date_gmt":"2022-08-28T19:59:33","guid":{"rendered":"https:\/\/appsaf.apieproject.com\/news\/?p=15050"},"modified":"2022-08-28T19:59:34","modified_gmt":"2022-08-28T19:59:34","slug":"comment-faire-une-tresse-africaine-a-son-enfant","status":"publish","type":"post","link":"https:\/\/appsaf.apieproject.com\/news\/fr\/2022\/08\/28\/comment-faire-une-tresse-africaine-a-son-enfant\/","title":{"rendered":"Comment faire une tresse africaine \u00e0 son enfant ?"},"content":{"rendered":"<p>\u00ab\u00a0Tu peux me faire une tresse africaine s&rsquo;il te pla\u00eet ?\u00a0\u00bb Cette demande vous donne des sueurs froides ? Vous \u00eates \u00e0 bout d&rsquo;arguments pour \u00e9viter da faire cette tresse en racine ? Vous avez d\u00e9j\u00e0 tout donn\u00e9 c\u00f4t\u00e9 chignon ? Tenez bon, la tresse africaine est \u00e0 port\u00e9e de main. Malgr\u00e9 les apparences, elle n&rsquo;est pas si difficile \u00e0 r\u00e9aliser que cela. Il suffit simplement de comprendre la technique, de la visualiser et&#8230; De passer l&rsquo;action !<\/p>\n<p>Tuto tresse africaine : les \u00e9tapes<br \/>\nComme vous pouvez le constater dans la vid\u00e9o ci-dessus, faire une tresse africaine est plut\u00f4t simple. Avec un peu d&rsquo;entra\u00eenement, vous allez vite acqu\u00e9rir le coup de main ! D&rsquo;autant que les \u00e9tapes \u00e0 suivre sont r\u00e9p\u00e9titives, donc m\u00e9morisables ais\u00e9ment. Voyez un peu :<\/p>\n<p>D\u00e9m\u00ealez les longueurs.<br \/>\nR\u00e9alisez une section frontale<br \/>\nPrenez la m\u00e8che la plus courte et divisez-la en trois parties \u00e9gales.<br \/>\nRabattez la m\u00e8che de droite, sur la m\u00e8che du milieu, puis celle de gauche sur celle du milieu.<br \/>\nA chaque fois croisement, r\u00e9cup\u00e9rez des m\u00e8ches de bordure et ajoutez les aux m\u00e8ches lat\u00e9rales.<br \/>\nUne fois l&rsquo;ensemble des cheveux natt\u00e9s en racines, terminez en tressant les longueurs de fa\u00e7on traditionnelle.<br \/>\nPimper la tresse africaine de sa fille (ou de son fils)<br \/>\nUne fois le coup de main pris et le r\u00e9sultat \u00e0 la hauteur de vos attentes, n&rsquo;h\u00e9sitez pas \u00e0 tester des variantes.<\/p>\n<p>Ainsi, pourquoi ne pas r\u00e9aliser non pas une, mais deux tresses africaines ? Il suffit pour cela de diviser les cheveux en deux parties \u00e9gales de fa\u00e7on verticales, puis de suivre les \u00e9tapes de tressage indiqu\u00e9es ci-avant.<\/p>\n<p>Pensez aussi, au moment du tressage, \u00e0 vous positionner sur un c\u00f4t\u00e9 afin de donner un sens \u00e0 la coiffure. L&rsquo;occasion parfaite de r\u00e9aliser une jolie tresse sur le c\u00f4t\u00e9 sans m\u00eame sans apercevoir (ou presque).<\/p>\n<p>Vous pouvez \u00e9galement stopper le tressage en racine \u00e0 mi-hauteur et poursuivre les tresses de fa\u00e7on classique, ou choisir de terminer par de simples couettes.<\/p>\n","protected":false},"excerpt":{"rendered":"<p>Faire une tresse africaine vous semble compliqu\u00e9 ? D\u00e9couvrez sans attendre notre tuto coiffure d\u00e9di\u00e9, r\u00e9alis\u00e9 avec la complicit\u00e9 de Gianni Coppa, coiffeur fondateur du salon R&rsquo;Factory.<\/p>\n","protected":false},"author":12963,"featured_media":15047,"comment_status":"open","ping_status":"open","sticky":false,"template":"","format":"standard","meta":{"footnotes":""},"categories":[57,63],"tags":[78,95,94],"class_list":{"0":"post-15050","1":"post","2":"type-post","3":"status-publish","4":"format-standard","5":"has-post-thumbnail","7":"category-mode","8":"category-mode-de-vie","9":"tag-apie-project-2","10":"tag-mode","11":"tag-mode-de-vie"},"yoast_head":"<!-- This site is optimized with the Yoast SEO plugin v24.4 - https:\/\/yoast.com\/wordpress\/plugins\/seo\/ -->\n<title>Comment faire une tresse africaine \u00e0 son enfant ? - APIE NEWS<\/title>\n<meta name=\"robots\" content=\"index, follow, max-snippet:-1, max-image-preview:large, max-video-preview:-1\" \/>\n<link rel=\"canonical\" href=\"https:\/\/appsaf.apieproject.com\/news\/fr\/2022\/08\/28\/comment-faire-une-tresse-africaine-a-son-enfant\/\" \/>\n<meta property=\"og:locale\" content=\"fr_FR\" \/>\n<meta property=\"og:type\" content=\"article\" \/>\n<meta property=\"og:title\" content=\"Comment faire une tresse africaine \u00e0 son enfant ? - APIE NEWS\" \/>\n<meta property=\"og:description\" content=\"Faire une tresse africaine vous semble compliqu\u00e9 ? D\u00e9couvrez sans attendre notre tuto coiffure d\u00e9di\u00e9, r\u00e9alis\u00e9 avec la complicit\u00e9 de Gianni Coppa, coiffeur fondateur du salon R&#039;Factory.\" \/>\n<meta property=\"og:url\" content=\"https:\/\/appsaf.apieproject.com\/news\/fr\/2022\/08\/28\/comment-faire-une-tresse-africaine-a-son-enfant\/\" \/>\n<meta property=\"og:site_name\" content=\"APIE NEWS\" \/>\n<meta property=\"article:publisher\" content=\"https:\/\/facebook.com\/apieproject\" \/>\n<meta property=\"article:published_time\" content=\"2022-08-28T19:59:33+00:00\" \/>\n<meta property=\"article:modified_time\" content=\"2022-08-28T19:59:34+00:00\" \/>\n<meta property=\"og:image\" content=\"https:\/\/appsaf.apieproject.com\/news\/wp-content\/uploads\/sites\/29\/2022\/08\/lff2-ccd0d2ac892c4e6c73f2275d2fb7915f.jpg\" \/>\n\t<meta property=\"og:image:width\" content=\"687\" \/>\n\t<meta property=\"og:image:height\" content=\"387\" \/>\n\t<meta property=\"og:image:type\" content=\"image\/jpeg\" \/>\n<meta name=\"author\" content=\"staff\" \/>\n<meta name=\"twitter:card\" content=\"summary_large_image\" \/>\n<meta name=\"twitter:creator\" content=\"@apieproject\" \/>\n<meta name=\"twitter:site\" content=\"@apieproject\" \/>\n<meta name=\"twitter:label1\" content=\"\u00c9crit par\" \/>\n\t<meta name=\"twitter:data1\" content=\"staff\" \/>\n\t<meta name=\"twitter:label2\" content=\"Dur\u00e9e de lecture estim\u00e9e\" \/>\n\t<meta name=\"twitter:data2\" content=\"2 minutes\" \/>\n<script type=\"application\/ld+json\" class=\"yoast-schema-graph\">{\"@context\":\"https:\/\/schema.org\",\"@graph\":[{\"@type\":\"Article\",\"@id\":\"https:\/\/appsaf.apieproject.com\/news\/fr\/2022\/08\/28\/comment-faire-une-tresse-africaine-a-son-enfant\/#article\",\"isPartOf\":{\"@id\":\"https:\/\/appsaf.apieproject.com\/news\/fr\/2022\/08\/28\/comment-faire-une-tresse-africaine-a-son-enfant\/\"},\"author\":{\"name\":\"staff\",\"@id\":\"https:\/\/appsaf.apieproject.com\/news\/#\/schema\/person\/399517cac378948cd7b39086f9ddc2a7\"},\"headline\":\"Comment faire une tresse africaine \u00e0 son enfant ?\",\"datePublished\":\"2022-08-28T19:59:33+00:00\",\"dateModified\":\"2022-08-28T19:59:34+00:00\",\"mainEntityOfPage\":{\"@id\":\"https:\/\/appsaf.apieproject.com\/news\/fr\/2022\/08\/28\/comment-faire-une-tresse-africaine-a-son-enfant\/\"},\"wordCount\":361,\"commentCount\":0,\"publisher\":{\"@id\":\"https:\/\/appsaf.apieproject.com\/news\/#organization\"},\"image\":{\"@id\":\"https:\/\/appsaf.apieproject.com\/news\/fr\/2022\/08\/28\/comment-faire-une-tresse-africaine-a-son-enfant\/#primaryimage\"},\"thumbnailUrl\":\"https:\/\/appsaf.apieproject.com\/news\/wp-content\/uploads\/sites\/29\/2022\/08\/lff2-ccd0d2ac892c4e6c73f2275d2fb7915f.jpg\",\"keywords\":[\"apie project\",\"mode\",\"mode de vie\"],\"articleSection\":[\"Mode\",\"Mode de Vie\"],\"inLanguage\":\"fr-FR\",\"potentialAction\":[{\"@type\":\"CommentAction\",\"name\":\"Comment\",\"target\":[\"https:\/\/appsaf.apieproject.com\/news\/fr\/2022\/08\/28\/comment-faire-une-tresse-africaine-a-son-enfant\/#respond\"]}]},{\"@type\":\"WebPage\",\"@id\":\"https:\/\/appsaf.apieproject.com\/news\/fr\/2022\/08\/28\/comment-faire-une-tresse-africaine-a-son-enfant\/\",\"url\":\"https:\/\/appsaf.apieproject.com\/news\/fr\/2022\/08\/28\/comment-faire-une-tresse-africaine-a-son-enfant\/\",\"name\":\"Comment faire une tresse africaine \u00e0 son enfant ? - APIE NEWS\",\"isPartOf\":{\"@id\":\"https:\/\/appsaf.apieproject.com\/news\/#website\"},\"primaryImageOfPage\":{\"@id\":\"https:\/\/appsaf.apieproject.com\/news\/fr\/2022\/08\/28\/comment-faire-une-tresse-africaine-a-son-enfant\/#primaryimage\"},\"image\":{\"@id\":\"https:\/\/appsaf.apieproject.com\/news\/fr\/2022\/08\/28\/comment-faire-une-tresse-africaine-a-son-enfant\/#primaryimage\"},\"thumbnailUrl\":\"https:\/\/appsaf.apieproject.com\/news\/wp-content\/uploads\/sites\/29\/2022\/08\/lff2-ccd0d2ac892c4e6c73f2275d2fb7915f.jpg\",\"datePublished\":\"2022-08-28T19:59:33+00:00\",\"dateModified\":\"2022-08-28T19:59:34+00:00\",\"breadcrumb\":{\"@id\":\"https:\/\/appsaf.apieproject.com\/news\/fr\/2022\/08\/28\/comment-faire-une-tresse-africaine-a-son-enfant\/#breadcrumb\"},\"inLanguage\":\"fr-FR\",\"potentialAction\":[{\"@type\":\"ReadAction\",\"target\":[\"https:\/\/appsaf.apieproject.com\/news\/fr\/2022\/08\/28\/comment-faire-une-tresse-africaine-a-son-enfant\/\"]}]},{\"@type\":\"ImageObject\",\"inLanguage\":\"fr-FR\",\"@id\":\"https:\/\/appsaf.apieproject.com\/news\/fr\/2022\/08\/28\/comment-faire-une-tresse-africaine-a-son-enfant\/#primaryimage\",\"url\":\"https:\/\/appsaf.apieproject.com\/news\/wp-content\/uploads\/sites\/29\/2022\/08\/lff2-ccd0d2ac892c4e6c73f2275d2fb7915f.jpg\",\"contentUrl\":\"https:\/\/appsaf.apieproject.com\/news\/wp-content\/uploads\/sites\/29\/2022\/08\/lff2-ccd0d2ac892c4e6c73f2275d2fb7915f.jpg\",\"width\":687,\"height\":387},{\"@type\":\"BreadcrumbList\",\"@id\":\"https:\/\/appsaf.apieproject.com\/news\/fr\/2022\/08\/28\/comment-faire-une-tresse-africaine-a-son-enfant\/#breadcrumb\",\"itemListElement\":[{\"@type\":\"ListItem\",\"position\":1,\"name\":\"Home\",\"item\":\"https:\/\/appsaf.apieproject.com\/news\/fr\/home\/\"},{\"@type\":\"ListItem\",\"position\":2,\"name\":\"Comment faire une tresse africaine \u00e0 son enfant ?\"}]},{\"@type\":\"WebSite\",\"@id\":\"https:\/\/appsaf.apieproject.com\/news\/#website\",\"url\":\"https:\/\/appsaf.apieproject.com\/news\/\",\"name\":\"APIE NEWS\",\"description\":\"PANAFRICANISM NEWS PORTAL\",\"publisher\":{\"@id\":\"https:\/\/appsaf.apieproject.com\/news\/#organization\"},\"potentialAction\":[{\"@type\":\"SearchAction\",\"target\":{\"@type\":\"EntryPoint\",\"urlTemplate\":\"https:\/\/appsaf.apieproject.com\/news\/?s={search_term_string}\"},\"query-input\":{\"@type\":\"PropertyValueSpecification\",\"valueRequired\":true,\"valueName\":\"search_term_string\"}}],\"inLanguage\":\"fr-FR\"},{\"@type\":\"Organization\",\"@id\":\"https:\/\/appsaf.apieproject.com\/news\/#organization\",\"name\":\"APIE PROJECT\",\"url\":\"https:\/\/appsaf.apieproject.com\/news\/\",\"logo\":{\"@type\":\"ImageObject\",\"inLanguage\":\"fr-FR\",\"@id\":\"https:\/\/appsaf.apieproject.com\/news\/#\/schema\/logo\/image\/\",\"url\":\"https:\/\/appsaf.apieproject.com\/news\/wp-content\/uploads\/sites\/29\/2022\/07\/logo-R-TransparentBackground.png\",\"contentUrl\":\"https:\/\/appsaf.apieproject.com\/news\/wp-content\/uploads\/sites\/29\/2022\/07\/logo-R-TransparentBackground.png\",\"width\":512,\"height\":512,\"caption\":\"APIE PROJECT\"},\"image\":{\"@id\":\"https:\/\/appsaf.apieproject.com\/news\/#\/schema\/logo\/image\/\"},\"sameAs\":[\"https:\/\/facebook.com\/apieproject\",\"https:\/\/x.com\/apieproject\"]},{\"@type\":\"Person\",\"@id\":\"https:\/\/appsaf.apieproject.com\/news\/#\/schema\/person\/399517cac378948cd7b39086f9ddc2a7\",\"name\":\"staff\",\"image\":{\"@type\":\"ImageObject\",\"inLanguage\":\"fr-FR\",\"@id\":\"https:\/\/appsaf.apieproject.com\/news\/#\/schema\/person\/image\/\",\"url\":\"https:\/\/secure.gravatar.com\/avatar\/5386283c5db150efe261184bd59f072a?s=96&d=mm&r=g\",\"contentUrl\":\"https:\/\/secure.gravatar.com\/avatar\/5386283c5db150efe261184bd59f072a?s=96&d=mm&r=g\",\"caption\":\"staff\"},\"url\":\"https:\/\/appsaf.apieproject.com\/news\/fr\/author\/staff\/\"}]}<\/script>\n<!-- \/ Yoast SEO plugin. -->","yoast_head_json":{"title":"Comment faire une tresse africaine \u00e0 son enfant ? - APIE NEWS","robots":{"index":"index","follow":"follow","max-snippet":"max-snippet:-1","max-image-preview":"max-image-preview:large","max-video-preview":"max-video-preview:-1"},"canonical":"https:\/\/appsaf.apieproject.com\/news\/fr\/2022\/08\/28\/comment-faire-une-tresse-africaine-a-son-enfant\/","og_locale":"fr_FR","og_type":"article","og_title":"Comment faire une tresse africaine \u00e0 son enfant ? - APIE NEWS","og_description":"Faire une tresse africaine vous semble compliqu\u00e9 ? D\u00e9couvrez sans attendre notre tuto coiffure d\u00e9di\u00e9, r\u00e9alis\u00e9 avec la complicit\u00e9 de Gianni Coppa, coiffeur fondateur du salon R'Factory.","og_url":"https:\/\/appsaf.apieproject.com\/news\/fr\/2022\/08\/28\/comment-faire-une-tresse-africaine-a-son-enfant\/","og_site_name":"APIE NEWS","article_publisher":"https:\/\/facebook.com\/apieproject","article_published_time":"2022-08-28T19:59:33+00:00","article_modified_time":"2022-08-28T19:59:34+00:00","og_image":[{"width":687,"height":387,"url":"https:\/\/appsaf.apieproject.com\/news\/wp-content\/uploads\/sites\/29\/2022\/08\/lff2-ccd0d2ac892c4e6c73f2275d2fb7915f.jpg","type":"image\/jpeg"}],"author":"staff","twitter_card":"summary_large_image","twitter_creator":"@apieproject","twitter_site":"@apieproject","twitter_misc":{"\u00c9crit par":"staff","Dur\u00e9e de lecture estim\u00e9e":"2 minutes"},"schema":{"@context":"https:\/\/schema.org","@graph":[{"@type":"Article","@id":"https:\/\/appsaf.apieproject.com\/news\/fr\/2022\/08\/28\/comment-faire-une-tresse-africaine-a-son-enfant\/#article","isPartOf":{"@id":"https:\/\/appsaf.apieproject.com\/news\/fr\/2022\/08\/28\/comment-faire-une-tresse-africaine-a-son-enfant\/"},"author":{"name":"staff","@id":"https:\/\/appsaf.apieproject.com\/news\/#\/schema\/person\/399517cac378948cd7b39086f9ddc2a7"},"headline":"Comment faire une tresse africaine \u00e0 son enfant ?","datePublished":"2022-08-28T19:59:33+00:00","dateModified":"2022-08-28T19:59:34+00:00","mainEntityOfPage":{"@id":"https:\/\/appsaf.apieproject.com\/news\/fr\/2022\/08\/28\/comment-faire-une-tresse-africaine-a-son-enfant\/"},"wordCount":361,"commentCount":0,"publisher":{"@id":"https:\/\/appsaf.apieproject.com\/news\/#organization"},"image":{"@id":"https:\/\/appsaf.apieproject.com\/news\/fr\/2022\/08\/28\/comment-faire-une-tresse-africaine-a-son-enfant\/#primaryimage"},"thumbnailUrl":"https:\/\/appsaf.apieproject.com\/news\/wp-content\/uploads\/sites\/29\/2022\/08\/lff2-ccd0d2ac892c4e6c73f2275d2fb7915f.jpg","keywords":["apie project","mode","mode de vie"],"articleSection":["Mode","Mode de Vie"],"inLanguage":"fr-FR","potentialAction":[{"@type":"CommentAction","name":"Comment","target":["https:\/\/appsaf.apieproject.com\/news\/fr\/2022\/08\/28\/comment-faire-une-tresse-africaine-a-son-enfant\/#respond"]}]},{"@type":"WebPage","@id":"https:\/\/appsaf.apieproject.com\/news\/fr\/2022\/08\/28\/comment-faire-une-tresse-africaine-a-son-enfant\/","url":"https:\/\/appsaf.apieproject.com\/news\/fr\/2022\/08\/28\/comment-faire-une-tresse-africaine-a-son-enfant\/","name":"Comment faire une tresse africaine \u00e0 son enfant ? - APIE NEWS","isPartOf":{"@id":"https:\/\/appsaf.apieproject.com\/news\/#website"},"primaryImageOfPage":{"@id":"https:\/\/appsaf.apieproject.com\/news\/fr\/2022\/08\/28\/comment-faire-une-tresse-africaine-a-son-enfant\/#primaryimage"},"image":{"@id":"https:\/\/appsaf.apieproject.com\/news\/fr\/2022\/08\/28\/comment-faire-une-tresse-africaine-a-son-enfant\/#primaryimage"},"thumbnailUrl":"https:\/\/appsaf.apieproject.com\/news\/wp-content\/uploads\/sites\/29\/2022\/08\/lff2-ccd0d2ac892c4e6c73f2275d2fb7915f.jpg","datePublished":"2022-08-28T19:59:33+00:00","dateModified":"2022-08-28T19:59:34+00:00","breadcrumb":{"@id":"https:\/\/appsaf.apieproject.com\/news\/fr\/2022\/08\/28\/comment-faire-une-tresse-africaine-a-son-enfant\/#breadcrumb"},"inLanguage":"fr-FR","potentialAction":[{"@type":"ReadAction","target":["https:\/\/appsaf.apieproject.com\/news\/fr\/2022\/08\/28\/comment-faire-une-tresse-africaine-a-son-enfant\/"]}]},{"@type":"ImageObject","inLanguage":"fr-FR","@id":"https:\/\/appsaf.apieproject.com\/news\/fr\/2022\/08\/28\/comment-faire-une-tresse-africaine-a-son-enfant\/#primaryimage","url":"https:\/\/appsaf.apieproject.com\/news\/wp-content\/uploads\/sites\/29\/2022\/08\/lff2-ccd0d2ac892c4e6c73f2275d2fb7915f.jpg","contentUrl":"https:\/\/appsaf.apieproject.com\/news\/wp-content\/uploads\/sites\/29\/2022\/08\/lff2-ccd0d2ac892c4e6c73f2275d2fb7915f.jpg","width":687,"height":387},{"@type":"BreadcrumbList","@id":"https:\/\/appsaf.apieproject.com\/news\/fr\/2022\/08\/28\/comment-faire-une-tresse-africaine-a-son-enfant\/#breadcrumb","itemListElement":[{"@type":"ListItem","position":1,"name":"Home","item":"https:\/\/appsaf.apieproject.com\/news\/fr\/home\/"},{"@type":"ListItem","position":2,"name":"Comment faire une tresse africaine \u00e0 son enfant ?"}]},{"@type":"WebSite","@id":"https:\/\/appsaf.apieproject.com\/news\/#website","url":"https:\/\/appsaf.apieproject.com\/news\/","name":"APIE NEWS","description":"PANAFRICANISM NEWS PORTAL","publisher":{"@id":"https:\/\/appsaf.apieproject.com\/news\/#organization"},"potentialAction":[{"@type":"SearchAction","target":{"@type":"EntryPoint","urlTemplate":"https:\/\/appsaf.apieproject.com\/news\/?s={search_term_string}"},"query-input":{"@type":"PropertyValueSpecification","valueRequired":true,"valueName":"search_term_string"}}],"inLanguage":"fr-FR"},{"@type":"Organization","@id":"https:\/\/appsaf.apieproject.com\/news\/#organization","name":"APIE PROJECT","url":"https:\/\/appsaf.apieproject.com\/news\/","logo":{"@type":"ImageObject","inLanguage":"fr-FR","@id":"https:\/\/appsaf.apieproject.com\/news\/#\/schema\/logo\/image\/","url":"https:\/\/appsaf.apieproject.com\/news\/wp-content\/uploads\/sites\/29\/2022\/07\/logo-R-TransparentBackground.png","contentUrl":"https:\/\/appsaf.apieproject.com\/news\/wp-content\/uploads\/sites\/29\/2022\/07\/logo-R-TransparentBackground.png","width":512,"height":512,"caption":"APIE PROJECT"},"image":{"@id":"https:\/\/appsaf.apieproject.com\/news\/#\/schema\/logo\/image\/"},"sameAs":["https:\/\/facebook.com\/apieproject","https:\/\/x.com\/apieproject"]},{"@type":"Person","@id":"https:\/\/appsaf.apieproject.com\/news\/#\/schema\/person\/399517cac378948cd7b39086f9ddc2a7","name":"staff","image":{"@type":"ImageObject","inLanguage":"fr-FR","@id":"https:\/\/appsaf.apieproject.com\/news\/#\/schema\/person\/image\/","url":"https:\/\/secure.gravatar.com\/avatar\/5386283c5db150efe261184bd59f072a?s=96&d=mm&r=g","contentUrl":"https:\/\/secure.gravatar.com\/avatar\/5386283c5db150efe261184bd59f072a?s=96&d=mm&r=g","caption":"staff"},"url":"https:\/\/appsaf.apieproject.com\/news\/fr\/author\/staff\/"}]}},"_links":{"self":[{"href":"https:\/\/appsaf.apieproject.com\/news\/fr\/wp-json\/wp\/v2\/posts\/15050","targetHints":{"allow":["GET"]}}],"collection":[{"href":"https:\/\/appsaf.apieproject.com\/news\/fr\/wp-json\/wp\/v2\/posts"}],"about":[{"href":"https:\/\/appsaf.apieproject.com\/news\/fr\/wp-json\/wp\/v2\/types\/post"}],"author":[{"embeddable":true,"href":"https:\/\/appsaf.apieproject.com\/news\/fr\/wp-json\/wp\/v2\/users\/12963"}],"replies":[{"embeddable":true,"href":"https:\/\/appsaf.apieproject.com\/news\/fr\/wp-json\/wp\/v2\/comments?post=15050"}],"version-history":[{"count":1,"href":"https:\/\/appsaf.apieproject.com\/news\/fr\/wp-json\/wp\/v2\/posts\/15050\/revisions"}],"predecessor-version":[{"id":15206,"href":"https:\/\/appsaf.apieproject.com\/news\/fr\/wp-json\/wp\/v2\/posts\/15050\/revisions\/15206"}],"wp:featuredmedia":[{"embeddable":true,"href":"https:\/\/appsaf.apieproject.com\/news\/fr\/wp-json\/wp\/v2\/media\/15047"}],"wp:attachment":[{"href":"https:\/\/appsaf.apieproject.com\/news\/fr\/wp-json\/wp\/v2\/media?parent=15050"}],"wp:term":[{"taxonomy":"category","embeddable":true,"href":"https:\/\/appsaf.apieproject.com\/news\/fr\/wp-json\/wp\/v2\/categories?post=15050"},{"taxonomy":"post_tag","embeddable":true,"href":"https:\/\/appsaf.apieproject.com\/news\/fr\/wp-json\/wp\/v2\/tags?post=15050"}],"curies":[{"name":"wp","href":"https:\/\/api.w.org\/{rel}","templated":true}]}}