{"id":15469,"date":"2022-09-05T03:52:51","date_gmt":"2022-09-05T03:52:51","guid":{"rendered":"https:\/\/appsaf.apieproject.com\/news\/?p=15469"},"modified":"2022-09-05T03:52:52","modified_gmt":"2022-09-05T03:52:52","slug":"une-jeune-creatrice-met-en-avant-la-mode-africaine","status":"publish","type":"post","link":"https:\/\/appsaf.apieproject.com\/news\/fr\/2022\/09\/05\/une-jeune-creatrice-met-en-avant-la-mode-africaine\/","title":{"rendered":"Une jeune cr\u00e9atrice met en avant la mode africaine"},"content":{"rendered":"<p>Des robes et tuniques aux motifs vari\u00e9s, des sacs orn\u00e9s de coquillages et broderies colorent sa boutique de leurs teintes chatoyantes. Fyfee Kariat vient d\u2019ouvrir sa boutique de mode africaine dans laquelle elle diffuse sa propre marque, Kariat Cr\u00e9ations, lanc\u00e9e \u00e0 Abidjan voil\u00e0 dix ans.<\/p>\n<p>\u00ab\u2009\u00c0 5 ans, j\u2019ai commenc\u00e9 \u00e0 broder des pagnes\u2009\u00bb<br \/>\n\u00ab\u2009Avec notre \u00e9quipe de couturiers, nous cr\u00e9ons des mod\u00e8les \u00e0 partir de tissus artisanaux africains pour faire conna\u00eetre notre culture et nos traditions\u2009\u00bb, explique la jeune femme qui s\u2019est passionn\u00e9e tr\u00e8s jeune pour la couture. \u00ab\u2009\u00c0 5 ans, j\u2019ai commenc\u00e9 \u00e0 broder des pagnes, et petit \u00e0 petit, j\u2019ai appris \u00e0 confectionner des v\u00eatements.\u2009\u00bb<\/p>\n<p>Parall\u00e8lement, Fyfee Kariat a \u00e9t\u00e9 mod\u00e8le photo et actrice dans des s\u00e9ries en C\u00f4te d\u2019Ivoire, au B\u00e9nin et au Burkina Faso. Mais sa passion pour la mode africaine a finalement pris le dessus. Elle dessine et con\u00e7oit des v\u00eatements en cotonnade ou en soie pour femmes, hommes, b\u00e9b\u00e9s, mais aussi des articles de d\u00e9coration pour la maison, des sacs et pochettes, des bijoux.<\/p>\n<p>L\u2019am\u00e9nagement de sa boutique qui a succ\u00e9d\u00e9 le 2 juillet \u00e0 une entreprise de services \u00e0 la personne, refl\u00e8te sa cr\u00e9ativit\u00e9 sans limite.<\/p>\n<p>En provenance de son atelier d\u2019Abidjan<br \/>\n\u00ab\u2009Ma marque est un clin d\u2019\u0153il \u00e0 ma grand-m\u00e8re Kariatou qui m\u2019a encourag\u00e9e dans mes projets\u2009\u00bb, confie la jeune femme qui a d\u00e9j\u00e0 organis\u00e9 des expositions dans de nombreux pays. Tous les articles proviennent de son atelier d\u2019Abidjan qui mixe des tissus traditionnels comme le wax, le pagne tiss\u00e9, le bogolan et imprime ses propres batiks et indigos. Sacs et pochettes sont parfois orn\u00e9s de cauris et pois baoul\u00e9s, petites figurines de bronze ou laiton typiques de la C\u00f4te d\u2019Ivoire. Mais la jeune femme en r\u00e9alise aussi elle-m\u00eame.<\/p>\n<p>En plus de sa boutique qui re\u00e7oit de nouveaux arrivages chaque semaine, Fyfee Kariat expose ses cr\u00e9ations sur des march\u00e9s artisanaux et son site internet avec possibilit\u00e9 de commandes et livraisons sur Saint-\u00c9tienne. La cr\u00e9atrice pr\u00e9pare activement la collection automne-hiver et esp\u00e8re pouvoir par la suite ouvrir d\u2019autres boutiques \u00e0 Paris et aux \u00c9tats-Unis.<\/p>\n","protected":false},"excerpt":{"rendered":"<p>Fyfee Kariat, styliste d\u2019origine ivoirienne, vit \u00e0 Saint-\u00c9tienne. Elle vient d\u2019ouvrir une boutique pour diffuser ses cr\u00e9ations, con\u00e7ues avec des textiles et mat\u00e9riaux africains.<\/p>\n","protected":false},"author":12963,"featured_media":15466,"comment_status":"open","ping_status":"open","sticky":false,"template":"","format":"standard","meta":{"footnotes":""},"categories":[57,63],"tags":[78,95,94],"class_list":{"0":"post-15469","1":"post","2":"type-post","3":"status-publish","4":"format-standard","5":"has-post-thumbnail","7":"category-mode","8":"category-mode-de-vie","9":"tag-apie-project-2","10":"tag-mode","11":"tag-mode-de-vie"},"yoast_head":"<!-- This site is optimized with the Yoast SEO plugin v24.4 - https:\/\/yoast.com\/wordpress\/plugins\/seo\/ -->\n<title>Une jeune cr\u00e9atrice met en avant la mode africaine - APIE NEWS<\/title>\n<meta name=\"robots\" content=\"index, follow, max-snippet:-1, max-image-preview:large, max-video-preview:-1\" \/>\n<link rel=\"canonical\" href=\"https:\/\/appsaf.apieproject.com\/news\/fr\/2022\/09\/05\/une-jeune-creatrice-met-en-avant-la-mode-africaine\/\" \/>\n<meta property=\"og:locale\" content=\"fr_FR\" \/>\n<meta property=\"og:type\" content=\"article\" \/>\n<meta property=\"og:title\" content=\"Une jeune cr\u00e9atrice met en avant la mode africaine - APIE NEWS\" \/>\n<meta property=\"og:description\" content=\"Fyfee Kariat, styliste d\u2019origine ivoirienne, vit \u00e0 Saint-\u00c9tienne. Elle vient d\u2019ouvrir une boutique pour diffuser ses cr\u00e9ations, con\u00e7ues avec des textiles et mat\u00e9riaux africains.\" \/>\n<meta property=\"og:url\" content=\"https:\/\/appsaf.apieproject.com\/news\/fr\/2022\/09\/05\/une-jeune-creatrice-met-en-avant-la-mode-africaine\/\" \/>\n<meta property=\"og:site_name\" content=\"APIE NEWS\" \/>\n<meta property=\"article:publisher\" content=\"https:\/\/facebook.com\/apieproject\" \/>\n<meta property=\"article:published_time\" content=\"2022-09-05T03:52:51+00:00\" \/>\n<meta property=\"article:modified_time\" content=\"2022-09-05T03:52:52+00:00\" \/>\n<meta property=\"og:image\" content=\"https:\/\/appsaf.apieproject.com\/news\/wp-content\/uploads\/sites\/29\/2022\/08\/title-1661689628-01bd1a0da53ae2506824d9312952208a.jpg\" \/>\n\t<meta property=\"og:image:width\" content=\"1000\" \/>\n\t<meta property=\"og:image:height\" content=\"500\" \/>\n\t<meta property=\"og:image:type\" content=\"image\/jpeg\" \/>\n<meta name=\"author\" content=\"staff\" \/>\n<meta name=\"twitter:card\" content=\"summary_large_image\" \/>\n<meta name=\"twitter:creator\" content=\"@apieproject\" \/>\n<meta name=\"twitter:site\" content=\"@apieproject\" \/>\n<meta name=\"twitter:label1\" content=\"\u00c9crit par\" \/>\n\t<meta name=\"twitter:data1\" content=\"staff\" \/>\n\t<meta name=\"twitter:label2\" content=\"Dur\u00e9e de lecture estim\u00e9e\" \/>\n\t<meta name=\"twitter:data2\" content=\"2 minutes\" \/>\n<script type=\"application\/ld+json\" class=\"yoast-schema-graph\">{\"@context\":\"https:\/\/schema.org\",\"@graph\":[{\"@type\":\"Article\",\"@id\":\"https:\/\/appsaf.apieproject.com\/news\/fr\/2022\/09\/05\/une-jeune-creatrice-met-en-avant-la-mode-africaine\/#article\",\"isPartOf\":{\"@id\":\"https:\/\/appsaf.apieproject.com\/news\/fr\/2022\/09\/05\/une-jeune-creatrice-met-en-avant-la-mode-africaine\/\"},\"author\":{\"name\":\"staff\",\"@id\":\"https:\/\/appsaf.apieproject.com\/news\/#\/schema\/person\/399517cac378948cd7b39086f9ddc2a7\"},\"headline\":\"Une jeune cr\u00e9atrice met en avant la mode africaine\",\"datePublished\":\"2022-09-05T03:52:51+00:00\",\"dateModified\":\"2022-09-05T03:52:52+00:00\",\"mainEntityOfPage\":{\"@id\":\"https:\/\/appsaf.apieproject.com\/news\/fr\/2022\/09\/05\/une-jeune-creatrice-met-en-avant-la-mode-africaine\/\"},\"wordCount\":389,\"commentCount\":0,\"publisher\":{\"@id\":\"https:\/\/appsaf.apieproject.com\/news\/#organization\"},\"image\":{\"@id\":\"https:\/\/appsaf.apieproject.com\/news\/fr\/2022\/09\/05\/une-jeune-creatrice-met-en-avant-la-mode-africaine\/#primaryimage\"},\"thumbnailUrl\":\"https:\/\/appsaf.apieproject.com\/news\/wp-content\/uploads\/sites\/29\/2022\/08\/title-1661689628-01bd1a0da53ae2506824d9312952208a.jpg\",\"keywords\":[\"apie project\",\"mode\",\"mode de vie\"],\"articleSection\":[\"Mode\",\"Mode de Vie\"],\"inLanguage\":\"fr-FR\",\"potentialAction\":[{\"@type\":\"CommentAction\",\"name\":\"Comment\",\"target\":[\"https:\/\/appsaf.apieproject.com\/news\/fr\/2022\/09\/05\/une-jeune-creatrice-met-en-avant-la-mode-africaine\/#respond\"]}]},{\"@type\":\"WebPage\",\"@id\":\"https:\/\/appsaf.apieproject.com\/news\/fr\/2022\/09\/05\/une-jeune-creatrice-met-en-avant-la-mode-africaine\/\",\"url\":\"https:\/\/appsaf.apieproject.com\/news\/fr\/2022\/09\/05\/une-jeune-creatrice-met-en-avant-la-mode-africaine\/\",\"name\":\"Une jeune cr\u00e9atrice met en avant la mode africaine - APIE NEWS\",\"isPartOf\":{\"@id\":\"https:\/\/appsaf.apieproject.com\/news\/#website\"},\"primaryImageOfPage\":{\"@id\":\"https:\/\/appsaf.apieproject.com\/news\/fr\/2022\/09\/05\/une-jeune-creatrice-met-en-avant-la-mode-africaine\/#primaryimage\"},\"image\":{\"@id\":\"https:\/\/appsaf.apieproject.com\/news\/fr\/2022\/09\/05\/une-jeune-creatrice-met-en-avant-la-mode-africaine\/#primaryimage\"},\"thumbnailUrl\":\"https:\/\/appsaf.apieproject.com\/news\/wp-content\/uploads\/sites\/29\/2022\/08\/title-1661689628-01bd1a0da53ae2506824d9312952208a.jpg\",\"datePublished\":\"2022-09-05T03:52:51+00:00\",\"dateModified\":\"2022-09-05T03:52:52+00:00\",\"breadcrumb\":{\"@id\":\"https:\/\/appsaf.apieproject.com\/news\/fr\/2022\/09\/05\/une-jeune-creatrice-met-en-avant-la-mode-africaine\/#breadcrumb\"},\"inLanguage\":\"fr-FR\",\"potentialAction\":[{\"@type\":\"ReadAction\",\"target\":[\"https:\/\/appsaf.apieproject.com\/news\/fr\/2022\/09\/05\/une-jeune-creatrice-met-en-avant-la-mode-africaine\/\"]}]},{\"@type\":\"ImageObject\",\"inLanguage\":\"fr-FR\",\"@id\":\"https:\/\/appsaf.apieproject.com\/news\/fr\/2022\/09\/05\/une-jeune-creatrice-met-en-avant-la-mode-africaine\/#primaryimage\",\"url\":\"https:\/\/appsaf.apieproject.com\/news\/wp-content\/uploads\/sites\/29\/2022\/08\/title-1661689628-01bd1a0da53ae2506824d9312952208a.jpg\",\"contentUrl\":\"https:\/\/appsaf.apieproject.com\/news\/wp-content\/uploads\/sites\/29\/2022\/08\/title-1661689628-01bd1a0da53ae2506824d9312952208a.jpg\",\"width\":1000,\"height\":500},{\"@type\":\"BreadcrumbList\",\"@id\":\"https:\/\/appsaf.apieproject.com\/news\/fr\/2022\/09\/05\/une-jeune-creatrice-met-en-avant-la-mode-africaine\/#breadcrumb\",\"itemListElement\":[{\"@type\":\"ListItem\",\"position\":1,\"name\":\"Home\",\"item\":\"https:\/\/appsaf.apieproject.com\/news\/fr\/home\/\"},{\"@type\":\"ListItem\",\"position\":2,\"name\":\"Une jeune cr\u00e9atrice met en avant la mode africaine\"}]},{\"@type\":\"WebSite\",\"@id\":\"https:\/\/appsaf.apieproject.com\/news\/#website\",\"url\":\"https:\/\/appsaf.apieproject.com\/news\/\",\"name\":\"APIE NEWS\",\"description\":\"PANAFRICANISM NEWS PORTAL\",\"publisher\":{\"@id\":\"https:\/\/appsaf.apieproject.com\/news\/#organization\"},\"potentialAction\":[{\"@type\":\"SearchAction\",\"target\":{\"@type\":\"EntryPoint\",\"urlTemplate\":\"https:\/\/appsaf.apieproject.com\/news\/?s={search_term_string}\"},\"query-input\":{\"@type\":\"PropertyValueSpecification\",\"valueRequired\":true,\"valueName\":\"search_term_string\"}}],\"inLanguage\":\"fr-FR\"},{\"@type\":\"Organization\",\"@id\":\"https:\/\/appsaf.apieproject.com\/news\/#organization\",\"name\":\"APIE PROJECT\",\"url\":\"https:\/\/appsaf.apieproject.com\/news\/\",\"logo\":{\"@type\":\"ImageObject\",\"inLanguage\":\"fr-FR\",\"@id\":\"https:\/\/appsaf.apieproject.com\/news\/#\/schema\/logo\/image\/\",\"url\":\"https:\/\/appsaf.apieproject.com\/news\/wp-content\/uploads\/sites\/29\/2022\/07\/logo-R-TransparentBackground.png\",\"contentUrl\":\"https:\/\/appsaf.apieproject.com\/news\/wp-content\/uploads\/sites\/29\/2022\/07\/logo-R-TransparentBackground.png\",\"width\":512,\"height\":512,\"caption\":\"APIE PROJECT\"},\"image\":{\"@id\":\"https:\/\/appsaf.apieproject.com\/news\/#\/schema\/logo\/image\/\"},\"sameAs\":[\"https:\/\/facebook.com\/apieproject\",\"https:\/\/x.com\/apieproject\"]},{\"@type\":\"Person\",\"@id\":\"https:\/\/appsaf.apieproject.com\/news\/#\/schema\/person\/399517cac378948cd7b39086f9ddc2a7\",\"name\":\"staff\",\"image\":{\"@type\":\"ImageObject\",\"inLanguage\":\"fr-FR\",\"@id\":\"https:\/\/appsaf.apieproject.com\/news\/#\/schema\/person\/image\/\",\"url\":\"https:\/\/secure.gravatar.com\/avatar\/5386283c5db150efe261184bd59f072a?s=96&d=mm&r=g\",\"contentUrl\":\"https:\/\/secure.gravatar.com\/avatar\/5386283c5db150efe261184bd59f072a?s=96&d=mm&r=g\",\"caption\":\"staff\"},\"url\":\"https:\/\/appsaf.apieproject.com\/news\/fr\/author\/staff\/\"}]}<\/script>\n<!-- \/ Yoast SEO plugin. -->","yoast_head_json":{"title":"Une jeune cr\u00e9atrice met en avant la mode africaine - APIE NEWS","robots":{"index":"index","follow":"follow","max-snippet":"max-snippet:-1","max-image-preview":"max-image-preview:large","max-video-preview":"max-video-preview:-1"},"canonical":"https:\/\/appsaf.apieproject.com\/news\/fr\/2022\/09\/05\/une-jeune-creatrice-met-en-avant-la-mode-africaine\/","og_locale":"fr_FR","og_type":"article","og_title":"Une jeune cr\u00e9atrice met en avant la mode africaine - APIE NEWS","og_description":"Fyfee Kariat, styliste d\u2019origine ivoirienne, vit \u00e0 Saint-\u00c9tienne. Elle vient d\u2019ouvrir une boutique pour diffuser ses cr\u00e9ations, con\u00e7ues avec des textiles et mat\u00e9riaux africains.","og_url":"https:\/\/appsaf.apieproject.com\/news\/fr\/2022\/09\/05\/une-jeune-creatrice-met-en-avant-la-mode-africaine\/","og_site_name":"APIE NEWS","article_publisher":"https:\/\/facebook.com\/apieproject","article_published_time":"2022-09-05T03:52:51+00:00","article_modified_time":"2022-09-05T03:52:52+00:00","og_image":[{"width":1000,"height":500,"url":"https:\/\/appsaf.apieproject.com\/news\/wp-content\/uploads\/sites\/29\/2022\/08\/title-1661689628-01bd1a0da53ae2506824d9312952208a.jpg","type":"image\/jpeg"}],"author":"staff","twitter_card":"summary_large_image","twitter_creator":"@apieproject","twitter_site":"@apieproject","twitter_misc":{"\u00c9crit par":"staff","Dur\u00e9e de lecture estim\u00e9e":"2 minutes"},"schema":{"@context":"https:\/\/schema.org","@graph":[{"@type":"Article","@id":"https:\/\/appsaf.apieproject.com\/news\/fr\/2022\/09\/05\/une-jeune-creatrice-met-en-avant-la-mode-africaine\/#article","isPartOf":{"@id":"https:\/\/appsaf.apieproject.com\/news\/fr\/2022\/09\/05\/une-jeune-creatrice-met-en-avant-la-mode-africaine\/"},"author":{"name":"staff","@id":"https:\/\/appsaf.apieproject.com\/news\/#\/schema\/person\/399517cac378948cd7b39086f9ddc2a7"},"headline":"Une jeune cr\u00e9atrice met en avant la mode africaine","datePublished":"2022-09-05T03:52:51+00:00","dateModified":"2022-09-05T03:52:52+00:00","mainEntityOfPage":{"@id":"https:\/\/appsaf.apieproject.com\/news\/fr\/2022\/09\/05\/une-jeune-creatrice-met-en-avant-la-mode-africaine\/"},"wordCount":389,"commentCount":0,"publisher":{"@id":"https:\/\/appsaf.apieproject.com\/news\/#organization"},"image":{"@id":"https:\/\/appsaf.apieproject.com\/news\/fr\/2022\/09\/05\/une-jeune-creatrice-met-en-avant-la-mode-africaine\/#primaryimage"},"thumbnailUrl":"https:\/\/appsaf.apieproject.com\/news\/wp-content\/uploads\/sites\/29\/2022\/08\/title-1661689628-01bd1a0da53ae2506824d9312952208a.jpg","keywords":["apie project","mode","mode de vie"],"articleSection":["Mode","Mode de Vie"],"inLanguage":"fr-FR","potentialAction":[{"@type":"CommentAction","name":"Comment","target":["https:\/\/appsaf.apieproject.com\/news\/fr\/2022\/09\/05\/une-jeune-creatrice-met-en-avant-la-mode-africaine\/#respond"]}]},{"@type":"WebPage","@id":"https:\/\/appsaf.apieproject.com\/news\/fr\/2022\/09\/05\/une-jeune-creatrice-met-en-avant-la-mode-africaine\/","url":"https:\/\/appsaf.apieproject.com\/news\/fr\/2022\/09\/05\/une-jeune-creatrice-met-en-avant-la-mode-africaine\/","name":"Une jeune cr\u00e9atrice met en avant la mode africaine - APIE NEWS","isPartOf":{"@id":"https:\/\/appsaf.apieproject.com\/news\/#website"},"primaryImageOfPage":{"@id":"https:\/\/appsaf.apieproject.com\/news\/fr\/2022\/09\/05\/une-jeune-creatrice-met-en-avant-la-mode-africaine\/#primaryimage"},"image":{"@id":"https:\/\/appsaf.apieproject.com\/news\/fr\/2022\/09\/05\/une-jeune-creatrice-met-en-avant-la-mode-africaine\/#primaryimage"},"thumbnailUrl":"https:\/\/appsaf.apieproject.com\/news\/wp-content\/uploads\/sites\/29\/2022\/08\/title-1661689628-01bd1a0da53ae2506824d9312952208a.jpg","datePublished":"2022-09-05T03:52:51+00:00","dateModified":"2022-09-05T03:52:52+00:00","breadcrumb":{"@id":"https:\/\/appsaf.apieproject.com\/news\/fr\/2022\/09\/05\/une-jeune-creatrice-met-en-avant-la-mode-africaine\/#breadcrumb"},"inLanguage":"fr-FR","potentialAction":[{"@type":"ReadAction","target":["https:\/\/appsaf.apieproject.com\/news\/fr\/2022\/09\/05\/une-jeune-creatrice-met-en-avant-la-mode-africaine\/"]}]},{"@type":"ImageObject","inLanguage":"fr-FR","@id":"https:\/\/appsaf.apieproject.com\/news\/fr\/2022\/09\/05\/une-jeune-creatrice-met-en-avant-la-mode-africaine\/#primaryimage","url":"https:\/\/appsaf.apieproject.com\/news\/wp-content\/uploads\/sites\/29\/2022\/08\/title-1661689628-01bd1a0da53ae2506824d9312952208a.jpg","contentUrl":"https:\/\/appsaf.apieproject.com\/news\/wp-content\/uploads\/sites\/29\/2022\/08\/title-1661689628-01bd1a0da53ae2506824d9312952208a.jpg","width":1000,"height":500},{"@type":"BreadcrumbList","@id":"https:\/\/appsaf.apieproject.com\/news\/fr\/2022\/09\/05\/une-jeune-creatrice-met-en-avant-la-mode-africaine\/#breadcrumb","itemListElement":[{"@type":"ListItem","position":1,"name":"Home","item":"https:\/\/appsaf.apieproject.com\/news\/fr\/home\/"},{"@type":"ListItem","position":2,"name":"Une jeune cr\u00e9atrice met en avant la mode africaine"}]},{"@type":"WebSite","@id":"https:\/\/appsaf.apieproject.com\/news\/#website","url":"https:\/\/appsaf.apieproject.com\/news\/","name":"APIE NEWS","description":"PANAFRICANISM NEWS PORTAL","publisher":{"@id":"https:\/\/appsaf.apieproject.com\/news\/#organization"},"potentialAction":[{"@type":"SearchAction","target":{"@type":"EntryPoint","urlTemplate":"https:\/\/appsaf.apieproject.com\/news\/?s={search_term_string}"},"query-input":{"@type":"PropertyValueSpecification","valueRequired":true,"valueName":"search_term_string"}}],"inLanguage":"fr-FR"},{"@type":"Organization","@id":"https:\/\/appsaf.apieproject.com\/news\/#organization","name":"APIE PROJECT","url":"https:\/\/appsaf.apieproject.com\/news\/","logo":{"@type":"ImageObject","inLanguage":"fr-FR","@id":"https:\/\/appsaf.apieproject.com\/news\/#\/schema\/logo\/image\/","url":"https:\/\/appsaf.apieproject.com\/news\/wp-content\/uploads\/sites\/29\/2022\/07\/logo-R-TransparentBackground.png","contentUrl":"https:\/\/appsaf.apieproject.com\/news\/wp-content\/uploads\/sites\/29\/2022\/07\/logo-R-TransparentBackground.png","width":512,"height":512,"caption":"APIE PROJECT"},"image":{"@id":"https:\/\/appsaf.apieproject.com\/news\/#\/schema\/logo\/image\/"},"sameAs":["https:\/\/facebook.com\/apieproject","https:\/\/x.com\/apieproject"]},{"@type":"Person","@id":"https:\/\/appsaf.apieproject.com\/news\/#\/schema\/person\/399517cac378948cd7b39086f9ddc2a7","name":"staff","image":{"@type":"ImageObject","inLanguage":"fr-FR","@id":"https:\/\/appsaf.apieproject.com\/news\/#\/schema\/person\/image\/","url":"https:\/\/secure.gravatar.com\/avatar\/5386283c5db150efe261184bd59f072a?s=96&d=mm&r=g","contentUrl":"https:\/\/secure.gravatar.com\/avatar\/5386283c5db150efe261184bd59f072a?s=96&d=mm&r=g","caption":"staff"},"url":"https:\/\/appsaf.apieproject.com\/news\/fr\/author\/staff\/"}]}},"_links":{"self":[{"href":"https:\/\/appsaf.apieproject.com\/news\/fr\/wp-json\/wp\/v2\/posts\/15469","targetHints":{"allow":["GET"]}}],"collection":[{"href":"https:\/\/appsaf.apieproject.com\/news\/fr\/wp-json\/wp\/v2\/posts"}],"about":[{"href":"https:\/\/appsaf.apieproject.com\/news\/fr\/wp-json\/wp\/v2\/types\/post"}],"author":[{"embeddable":true,"href":"https:\/\/appsaf.apieproject.com\/news\/fr\/wp-json\/wp\/v2\/users\/12963"}],"replies":[{"embeddable":true,"href":"https:\/\/appsaf.apieproject.com\/news\/fr\/wp-json\/wp\/v2\/comments?post=15469"}],"version-history":[{"count":1,"href":"https:\/\/appsaf.apieproject.com\/news\/fr\/wp-json\/wp\/v2\/posts\/15469\/revisions"}],"predecessor-version":[{"id":16116,"href":"https:\/\/appsaf.apieproject.com\/news\/fr\/wp-json\/wp\/v2\/posts\/15469\/revisions\/16116"}],"wp:featuredmedia":[{"embeddable":true,"href":"https:\/\/appsaf.apieproject.com\/news\/fr\/wp-json\/wp\/v2\/media\/15466"}],"wp:attachment":[{"href":"https:\/\/appsaf.apieproject.com\/news\/fr\/wp-json\/wp\/v2\/media?parent=15469"}],"wp:term":[{"taxonomy":"category","embeddable":true,"href":"https:\/\/appsaf.apieproject.com\/news\/fr\/wp-json\/wp\/v2\/categories?post=15469"},{"taxonomy":"post_tag","embeddable":true,"href":"https:\/\/appsaf.apieproject.com\/news\/fr\/wp-json\/wp\/v2\/tags?post=15469"}],"curies":[{"name":"wp","href":"https:\/\/api.w.org\/{rel}","templated":true}]}}