{"id":15477,"date":"2022-09-05T03:55:59","date_gmt":"2022-09-05T03:55:59","guid":{"rendered":"https:\/\/appsaf.apieproject.com\/news\/?p=15477"},"modified":"2022-09-05T03:56:01","modified_gmt":"2022-09-05T03:56:01","slug":"5eme-edition-des-rema-des-reflexions-sur-un-nouvel-ecosysteme-pour-le-developpement-de-lindustrie-musicale-africaine","status":"publish","type":"post","link":"https:\/\/appsaf.apieproject.com\/news\/fr\/2022\/09\/05\/5eme-edition-des-rema-des-reflexions-sur-un-nouvel-ecosysteme-pour-le-developpement-de-lindustrie-musicale-africaine\/","title":{"rendered":"5\u00e8me \u00e9dition des REMA: des r\u00e9flexions sur un nouvel \u00e9cosyst\u00e8me pour le d\u00e9veloppement de l&rsquo;industrie musicale africaine"},"content":{"rendered":"<p>Cet \u00e9v\u00e8nement majeur pour le d\u00e9veloppement de l&rsquo;industrie musicale sur le continent, se tiendra les 13, 14 et 15 octrobre 2022 \u00e0 Ouagadougou, la capitale du Burkina Faso sous le th\u00e8me \u00ab\u00a0Musique africaine, un nouvel \u00e9cosyst\u00e8me : Acteurs ; m\u00e9tiers, outils\u00a0\u00bb , a annonc\u00e9, Alif Naaba, promoteur de cet \u00e9v\u00e8nement. Il a par ailleurs, d\u00e9clin\u00e9 l&rsquo;objet de l&rsquo;\u00e9v\u00e9nement au cours de cette rencontre avec la presse. \u00ab L\u2019objectif du REMA, qui dure 3 jours, est de mettre en place un r\u00e9seau de professionnels de la musique africaine qui se rencontrent r\u00e9guli\u00e8rement autour des questions li\u00e9es au d\u00e9veloppement du Business de la Musique, d\u00e9couvrir et diffuser des artistes \u00e9mergents du continent et partager les bonnes pratiques autour du Business actuel de la musique \u00bb, a-t-il indiqu\u00e9.<\/p>\n<p>Toujours selon le promoteur, cette 5e \u00e9dition qui attend pr\u00e8s de 10 000 participants, sera meubl\u00e9e par des conf\u00e9rences, des panels, des workshops et un concert g\u00e9ant.<\/p>\n<p>Initi\u00e9es en 2018 par la Cour de NAABA, les REMA est un \u00e9v\u00e9nement annuel qui r\u00e9unit \u00e0 Ouaga (au Burkina Faso) les professionnels de la musique venant d\u2019Afrique et d\u2019ailleurs pour \u00e9changer sur des th\u00e8mes li\u00e9s \u00e0 l\u2019\u00e9conomie de ma musique.<\/p>\n<p>La grande conf\u00e9rence de presse de lancement de ce rendez-vous est pr\u00e9vue le 16 septembre prochain \u00e0 Ouaga.<\/p>\n","protected":false},"excerpt":{"rendered":"<p>La 5e \u00e9dition des Rencontres musicales africaines ( REMA), a \u00e9t\u00e9 lanc\u00e9e le vendredi 26 ao\u00fbt 2022 au cours d&rsquo;une conf\u00e9rence de presse \u00e0 Abidjan.<\/p>\n","protected":false},"author":12963,"featured_media":15474,"comment_status":"open","ping_status":"open","sticky":false,"template":"","format":"standard","meta":{"footnotes":""},"categories":[55,65],"tags":[78,88,91],"class_list":{"0":"post-15477","1":"post","2":"type-post","3":"status-publish","4":"format-standard","5":"has-post-thumbnail","7":"category-divertissement","8":"category-musique","9":"tag-apie-project-2","10":"tag-divertissement","11":"tag-musique"},"yoast_head":"<!-- This site is optimized with the Yoast SEO plugin v24.4 - https:\/\/yoast.com\/wordpress\/plugins\/seo\/ -->\n<title>5\u00e8me \u00e9dition des REMA: des r\u00e9flexions sur un nouvel \u00e9cosyst\u00e8me pour le d\u00e9veloppement de l&#039;industrie musicale africaine - APIE NEWS<\/title>\n<meta name=\"robots\" content=\"index, follow, max-snippet:-1, max-image-preview:large, max-video-preview:-1\" \/>\n<link rel=\"canonical\" href=\"https:\/\/appsaf.apieproject.com\/news\/fr\/2022\/09\/05\/5eme-edition-des-rema-des-reflexions-sur-un-nouvel-ecosysteme-pour-le-developpement-de-lindustrie-musicale-africaine\/\" \/>\n<meta property=\"og:locale\" content=\"fr_FR\" \/>\n<meta property=\"og:type\" content=\"article\" \/>\n<meta property=\"og:title\" content=\"5\u00e8me \u00e9dition des REMA: des r\u00e9flexions sur un nouvel \u00e9cosyst\u00e8me pour le d\u00e9veloppement de l&#039;industrie musicale africaine - APIE NEWS\" \/>\n<meta property=\"og:description\" content=\"La 5e \u00e9dition des Rencontres musicales africaines ( REMA), a \u00e9t\u00e9 lanc\u00e9e le vendredi 26 ao\u00fbt 2022 au cours d&#039;une conf\u00e9rence de presse \u00e0 Abidjan.\" \/>\n<meta property=\"og:url\" content=\"https:\/\/appsaf.apieproject.com\/news\/fr\/2022\/09\/05\/5eme-edition-des-rema-des-reflexions-sur-un-nouvel-ecosysteme-pour-le-developpement-de-lindustrie-musicale-africaine\/\" \/>\n<meta property=\"og:site_name\" content=\"APIE NEWS\" \/>\n<meta property=\"article:publisher\" content=\"https:\/\/facebook.com\/apieproject\" \/>\n<meta property=\"article:published_time\" content=\"2022-09-05T03:55:59+00:00\" \/>\n<meta property=\"article:modified_time\" content=\"2022-09-05T03:56:01+00:00\" \/>\n<meta property=\"og:image\" content=\"https:\/\/appsaf.apieproject.com\/news\/wp-content\/uploads\/sites\/29\/2022\/08\/promotion-de-la-musique-africaine-conference-de-presse-de-presentation-de-l_wfylcx2q3z-2c1137b61bc32de37dc278d0c55b17ff.jpg\" \/>\n\t<meta property=\"og:image:width\" content=\"900\" \/>\n\t<meta property=\"og:image:height\" content=\"600\" \/>\n\t<meta property=\"og:image:type\" content=\"image\/jpeg\" \/>\n<meta name=\"author\" content=\"staff\" \/>\n<meta name=\"twitter:card\" content=\"summary_large_image\" \/>\n<meta name=\"twitter:creator\" content=\"@apieproject\" \/>\n<meta name=\"twitter:site\" content=\"@apieproject\" \/>\n<meta name=\"twitter:label1\" content=\"\u00c9crit par\" \/>\n\t<meta name=\"twitter:data1\" content=\"staff\" \/>\n\t<meta name=\"twitter:label2\" content=\"Dur\u00e9e de lecture estim\u00e9e\" \/>\n\t<meta name=\"twitter:data2\" content=\"2 minutes\" \/>\n<script type=\"application\/ld+json\" class=\"yoast-schema-graph\">{\"@context\":\"https:\/\/schema.org\",\"@graph\":[{\"@type\":\"Article\",\"@id\":\"https:\/\/appsaf.apieproject.com\/news\/fr\/2022\/09\/05\/5eme-edition-des-rema-des-reflexions-sur-un-nouvel-ecosysteme-pour-le-developpement-de-lindustrie-musicale-africaine\/#article\",\"isPartOf\":{\"@id\":\"https:\/\/appsaf.apieproject.com\/news\/fr\/2022\/09\/05\/5eme-edition-des-rema-des-reflexions-sur-un-nouvel-ecosysteme-pour-le-developpement-de-lindustrie-musicale-africaine\/\"},\"author\":{\"name\":\"staff\",\"@id\":\"https:\/\/appsaf.apieproject.com\/news\/#\/schema\/person\/399517cac378948cd7b39086f9ddc2a7\"},\"headline\":\"5\u00e8me \u00e9dition des REMA: des r\u00e9flexions sur un nouvel \u00e9cosyst\u00e8me pour le d\u00e9veloppement de l&rsquo;industrie musicale africaine\",\"datePublished\":\"2022-09-05T03:55:59+00:00\",\"dateModified\":\"2022-09-05T03:56:01+00:00\",\"mainEntityOfPage\":{\"@id\":\"https:\/\/appsaf.apieproject.com\/news\/fr\/2022\/09\/05\/5eme-edition-des-rema-des-reflexions-sur-un-nouvel-ecosysteme-pour-le-developpement-de-lindustrie-musicale-africaine\/\"},\"wordCount\":246,\"commentCount\":0,\"publisher\":{\"@id\":\"https:\/\/appsaf.apieproject.com\/news\/#organization\"},\"image\":{\"@id\":\"https:\/\/appsaf.apieproject.com\/news\/fr\/2022\/09\/05\/5eme-edition-des-rema-des-reflexions-sur-un-nouvel-ecosysteme-pour-le-developpement-de-lindustrie-musicale-africaine\/#primaryimage\"},\"thumbnailUrl\":\"https:\/\/appsaf.apieproject.com\/news\/wp-content\/uploads\/sites\/29\/2022\/08\/promotion-de-la-musique-africaine-conference-de-presse-de-presentation-de-l_wfylcx2q3z-2c1137b61bc32de37dc278d0c55b17ff.jpg\",\"keywords\":[\"apie project\",\"divertissement\",\"musique\"],\"articleSection\":[\"Divertissement\",\"Musique\"],\"inLanguage\":\"fr-FR\",\"potentialAction\":[{\"@type\":\"CommentAction\",\"name\":\"Comment\",\"target\":[\"https:\/\/appsaf.apieproject.com\/news\/fr\/2022\/09\/05\/5eme-edition-des-rema-des-reflexions-sur-un-nouvel-ecosysteme-pour-le-developpement-de-lindustrie-musicale-africaine\/#respond\"]}]},{\"@type\":\"WebPage\",\"@id\":\"https:\/\/appsaf.apieproject.com\/news\/fr\/2022\/09\/05\/5eme-edition-des-rema-des-reflexions-sur-un-nouvel-ecosysteme-pour-le-developpement-de-lindustrie-musicale-africaine\/\",\"url\":\"https:\/\/appsaf.apieproject.com\/news\/fr\/2022\/09\/05\/5eme-edition-des-rema-des-reflexions-sur-un-nouvel-ecosysteme-pour-le-developpement-de-lindustrie-musicale-africaine\/\",\"name\":\"5\u00e8me \u00e9dition des REMA: des r\u00e9flexions sur un nouvel \u00e9cosyst\u00e8me pour le d\u00e9veloppement de l'industrie musicale africaine - APIE NEWS\",\"isPartOf\":{\"@id\":\"https:\/\/appsaf.apieproject.com\/news\/#website\"},\"primaryImageOfPage\":{\"@id\":\"https:\/\/appsaf.apieproject.com\/news\/fr\/2022\/09\/05\/5eme-edition-des-rema-des-reflexions-sur-un-nouvel-ecosysteme-pour-le-developpement-de-lindustrie-musicale-africaine\/#primaryimage\"},\"image\":{\"@id\":\"https:\/\/appsaf.apieproject.com\/news\/fr\/2022\/09\/05\/5eme-edition-des-rema-des-reflexions-sur-un-nouvel-ecosysteme-pour-le-developpement-de-lindustrie-musicale-africaine\/#primaryimage\"},\"thumbnailUrl\":\"https:\/\/appsaf.apieproject.com\/news\/wp-content\/uploads\/sites\/29\/2022\/08\/promotion-de-la-musique-africaine-conference-de-presse-de-presentation-de-l_wfylcx2q3z-2c1137b61bc32de37dc278d0c55b17ff.jpg\",\"datePublished\":\"2022-09-05T03:55:59+00:00\",\"dateModified\":\"2022-09-05T03:56:01+00:00\",\"breadcrumb\":{\"@id\":\"https:\/\/appsaf.apieproject.com\/news\/fr\/2022\/09\/05\/5eme-edition-des-rema-des-reflexions-sur-un-nouvel-ecosysteme-pour-le-developpement-de-lindustrie-musicale-africaine\/#breadcrumb\"},\"inLanguage\":\"fr-FR\",\"potentialAction\":[{\"@type\":\"ReadAction\",\"target\":[\"https:\/\/appsaf.apieproject.com\/news\/fr\/2022\/09\/05\/5eme-edition-des-rema-des-reflexions-sur-un-nouvel-ecosysteme-pour-le-developpement-de-lindustrie-musicale-africaine\/\"]}]},{\"@type\":\"ImageObject\",\"inLanguage\":\"fr-FR\",\"@id\":\"https:\/\/appsaf.apieproject.com\/news\/fr\/2022\/09\/05\/5eme-edition-des-rema-des-reflexions-sur-un-nouvel-ecosysteme-pour-le-developpement-de-lindustrie-musicale-africaine\/#primaryimage\",\"url\":\"https:\/\/appsaf.apieproject.com\/news\/wp-content\/uploads\/sites\/29\/2022\/08\/promotion-de-la-musique-africaine-conference-de-presse-de-presentation-de-l_wfylcx2q3z-2c1137b61bc32de37dc278d0c55b17ff.jpg\",\"contentUrl\":\"https:\/\/appsaf.apieproject.com\/news\/wp-content\/uploads\/sites\/29\/2022\/08\/promotion-de-la-musique-africaine-conference-de-presse-de-presentation-de-l_wfylcx2q3z-2c1137b61bc32de37dc278d0c55b17ff.jpg\",\"width\":900,\"height\":600},{\"@type\":\"BreadcrumbList\",\"@id\":\"https:\/\/appsaf.apieproject.com\/news\/fr\/2022\/09\/05\/5eme-edition-des-rema-des-reflexions-sur-un-nouvel-ecosysteme-pour-le-developpement-de-lindustrie-musicale-africaine\/#breadcrumb\",\"itemListElement\":[{\"@type\":\"ListItem\",\"position\":1,\"name\":\"Home\",\"item\":\"https:\/\/appsaf.apieproject.com\/news\/fr\/home\/\"},{\"@type\":\"ListItem\",\"position\":2,\"name\":\"5\u00e8me \u00e9dition des REMA: des r\u00e9flexions sur un nouvel \u00e9cosyst\u00e8me pour le d\u00e9veloppement de l&#8217;industrie musicale africaine\"}]},{\"@type\":\"WebSite\",\"@id\":\"https:\/\/appsaf.apieproject.com\/news\/#website\",\"url\":\"https:\/\/appsaf.apieproject.com\/news\/\",\"name\":\"APIE NEWS\",\"description\":\"PANAFRICANISM NEWS PORTAL\",\"publisher\":{\"@id\":\"https:\/\/appsaf.apieproject.com\/news\/#organization\"},\"potentialAction\":[{\"@type\":\"SearchAction\",\"target\":{\"@type\":\"EntryPoint\",\"urlTemplate\":\"https:\/\/appsaf.apieproject.com\/news\/?s={search_term_string}\"},\"query-input\":{\"@type\":\"PropertyValueSpecification\",\"valueRequired\":true,\"valueName\":\"search_term_string\"}}],\"inLanguage\":\"fr-FR\"},{\"@type\":\"Organization\",\"@id\":\"https:\/\/appsaf.apieproject.com\/news\/#organization\",\"name\":\"APIE PROJECT\",\"url\":\"https:\/\/appsaf.apieproject.com\/news\/\",\"logo\":{\"@type\":\"ImageObject\",\"inLanguage\":\"fr-FR\",\"@id\":\"https:\/\/appsaf.apieproject.com\/news\/#\/schema\/logo\/image\/\",\"url\":\"https:\/\/appsaf.apieproject.com\/news\/wp-content\/uploads\/sites\/29\/2022\/07\/logo-R-TransparentBackground.png\",\"contentUrl\":\"https:\/\/appsaf.apieproject.com\/news\/wp-content\/uploads\/sites\/29\/2022\/07\/logo-R-TransparentBackground.png\",\"width\":512,\"height\":512,\"caption\":\"APIE PROJECT\"},\"image\":{\"@id\":\"https:\/\/appsaf.apieproject.com\/news\/#\/schema\/logo\/image\/\"},\"sameAs\":[\"https:\/\/facebook.com\/apieproject\",\"https:\/\/x.com\/apieproject\"]},{\"@type\":\"Person\",\"@id\":\"https:\/\/appsaf.apieproject.com\/news\/#\/schema\/person\/399517cac378948cd7b39086f9ddc2a7\",\"name\":\"staff\",\"image\":{\"@type\":\"ImageObject\",\"inLanguage\":\"fr-FR\",\"@id\":\"https:\/\/appsaf.apieproject.com\/news\/#\/schema\/person\/image\/\",\"url\":\"https:\/\/secure.gravatar.com\/avatar\/5386283c5db150efe261184bd59f072a?s=96&d=mm&r=g\",\"contentUrl\":\"https:\/\/secure.gravatar.com\/avatar\/5386283c5db150efe261184bd59f072a?s=96&d=mm&r=g\",\"caption\":\"staff\"},\"url\":\"https:\/\/appsaf.apieproject.com\/news\/fr\/author\/staff\/\"}]}<\/script>\n<!-- \/ Yoast SEO plugin. -->","yoast_head_json":{"title":"5\u00e8me \u00e9dition des REMA: des r\u00e9flexions sur un nouvel \u00e9cosyst\u00e8me pour le d\u00e9veloppement de l'industrie musicale africaine - APIE NEWS","robots":{"index":"index","follow":"follow","max-snippet":"max-snippet:-1","max-image-preview":"max-image-preview:large","max-video-preview":"max-video-preview:-1"},"canonical":"https:\/\/appsaf.apieproject.com\/news\/fr\/2022\/09\/05\/5eme-edition-des-rema-des-reflexions-sur-un-nouvel-ecosysteme-pour-le-developpement-de-lindustrie-musicale-africaine\/","og_locale":"fr_FR","og_type":"article","og_title":"5\u00e8me \u00e9dition des REMA: des r\u00e9flexions sur un nouvel \u00e9cosyst\u00e8me pour le d\u00e9veloppement de l'industrie musicale africaine - APIE NEWS","og_description":"La 5e \u00e9dition des Rencontres musicales africaines ( REMA), a \u00e9t\u00e9 lanc\u00e9e le vendredi 26 ao\u00fbt 2022 au cours d'une conf\u00e9rence de presse \u00e0 Abidjan.","og_url":"https:\/\/appsaf.apieproject.com\/news\/fr\/2022\/09\/05\/5eme-edition-des-rema-des-reflexions-sur-un-nouvel-ecosysteme-pour-le-developpement-de-lindustrie-musicale-africaine\/","og_site_name":"APIE NEWS","article_publisher":"https:\/\/facebook.com\/apieproject","article_published_time":"2022-09-05T03:55:59+00:00","article_modified_time":"2022-09-05T03:56:01+00:00","og_image":[{"width":900,"height":600,"url":"https:\/\/appsaf.apieproject.com\/news\/wp-content\/uploads\/sites\/29\/2022\/08\/promotion-de-la-musique-africaine-conference-de-presse-de-presentation-de-l_wfylcx2q3z-2c1137b61bc32de37dc278d0c55b17ff.jpg","type":"image\/jpeg"}],"author":"staff","twitter_card":"summary_large_image","twitter_creator":"@apieproject","twitter_site":"@apieproject","twitter_misc":{"\u00c9crit par":"staff","Dur\u00e9e de lecture estim\u00e9e":"2 minutes"},"schema":{"@context":"https:\/\/schema.org","@graph":[{"@type":"Article","@id":"https:\/\/appsaf.apieproject.com\/news\/fr\/2022\/09\/05\/5eme-edition-des-rema-des-reflexions-sur-un-nouvel-ecosysteme-pour-le-developpement-de-lindustrie-musicale-africaine\/#article","isPartOf":{"@id":"https:\/\/appsaf.apieproject.com\/news\/fr\/2022\/09\/05\/5eme-edition-des-rema-des-reflexions-sur-un-nouvel-ecosysteme-pour-le-developpement-de-lindustrie-musicale-africaine\/"},"author":{"name":"staff","@id":"https:\/\/appsaf.apieproject.com\/news\/#\/schema\/person\/399517cac378948cd7b39086f9ddc2a7"},"headline":"5\u00e8me \u00e9dition des REMA: des r\u00e9flexions sur un nouvel \u00e9cosyst\u00e8me pour le d\u00e9veloppement de l&rsquo;industrie musicale africaine","datePublished":"2022-09-05T03:55:59+00:00","dateModified":"2022-09-05T03:56:01+00:00","mainEntityOfPage":{"@id":"https:\/\/appsaf.apieproject.com\/news\/fr\/2022\/09\/05\/5eme-edition-des-rema-des-reflexions-sur-un-nouvel-ecosysteme-pour-le-developpement-de-lindustrie-musicale-africaine\/"},"wordCount":246,"commentCount":0,"publisher":{"@id":"https:\/\/appsaf.apieproject.com\/news\/#organization"},"image":{"@id":"https:\/\/appsaf.apieproject.com\/news\/fr\/2022\/09\/05\/5eme-edition-des-rema-des-reflexions-sur-un-nouvel-ecosysteme-pour-le-developpement-de-lindustrie-musicale-africaine\/#primaryimage"},"thumbnailUrl":"https:\/\/appsaf.apieproject.com\/news\/wp-content\/uploads\/sites\/29\/2022\/08\/promotion-de-la-musique-africaine-conference-de-presse-de-presentation-de-l_wfylcx2q3z-2c1137b61bc32de37dc278d0c55b17ff.jpg","keywords":["apie project","divertissement","musique"],"articleSection":["Divertissement","Musique"],"inLanguage":"fr-FR","potentialAction":[{"@type":"CommentAction","name":"Comment","target":["https:\/\/appsaf.apieproject.com\/news\/fr\/2022\/09\/05\/5eme-edition-des-rema-des-reflexions-sur-un-nouvel-ecosysteme-pour-le-developpement-de-lindustrie-musicale-africaine\/#respond"]}]},{"@type":"WebPage","@id":"https:\/\/appsaf.apieproject.com\/news\/fr\/2022\/09\/05\/5eme-edition-des-rema-des-reflexions-sur-un-nouvel-ecosysteme-pour-le-developpement-de-lindustrie-musicale-africaine\/","url":"https:\/\/appsaf.apieproject.com\/news\/fr\/2022\/09\/05\/5eme-edition-des-rema-des-reflexions-sur-un-nouvel-ecosysteme-pour-le-developpement-de-lindustrie-musicale-africaine\/","name":"5\u00e8me \u00e9dition des REMA: des r\u00e9flexions sur un nouvel \u00e9cosyst\u00e8me pour le d\u00e9veloppement de l'industrie musicale africaine - APIE NEWS","isPartOf":{"@id":"https:\/\/appsaf.apieproject.com\/news\/#website"},"primaryImageOfPage":{"@id":"https:\/\/appsaf.apieproject.com\/news\/fr\/2022\/09\/05\/5eme-edition-des-rema-des-reflexions-sur-un-nouvel-ecosysteme-pour-le-developpement-de-lindustrie-musicale-africaine\/#primaryimage"},"image":{"@id":"https:\/\/appsaf.apieproject.com\/news\/fr\/2022\/09\/05\/5eme-edition-des-rema-des-reflexions-sur-un-nouvel-ecosysteme-pour-le-developpement-de-lindustrie-musicale-africaine\/#primaryimage"},"thumbnailUrl":"https:\/\/appsaf.apieproject.com\/news\/wp-content\/uploads\/sites\/29\/2022\/08\/promotion-de-la-musique-africaine-conference-de-presse-de-presentation-de-l_wfylcx2q3z-2c1137b61bc32de37dc278d0c55b17ff.jpg","datePublished":"2022-09-05T03:55:59+00:00","dateModified":"2022-09-05T03:56:01+00:00","breadcrumb":{"@id":"https:\/\/appsaf.apieproject.com\/news\/fr\/2022\/09\/05\/5eme-edition-des-rema-des-reflexions-sur-un-nouvel-ecosysteme-pour-le-developpement-de-lindustrie-musicale-africaine\/#breadcrumb"},"inLanguage":"fr-FR","potentialAction":[{"@type":"ReadAction","target":["https:\/\/appsaf.apieproject.com\/news\/fr\/2022\/09\/05\/5eme-edition-des-rema-des-reflexions-sur-un-nouvel-ecosysteme-pour-le-developpement-de-lindustrie-musicale-africaine\/"]}]},{"@type":"ImageObject","inLanguage":"fr-FR","@id":"https:\/\/appsaf.apieproject.com\/news\/fr\/2022\/09\/05\/5eme-edition-des-rema-des-reflexions-sur-un-nouvel-ecosysteme-pour-le-developpement-de-lindustrie-musicale-africaine\/#primaryimage","url":"https:\/\/appsaf.apieproject.com\/news\/wp-content\/uploads\/sites\/29\/2022\/08\/promotion-de-la-musique-africaine-conference-de-presse-de-presentation-de-l_wfylcx2q3z-2c1137b61bc32de37dc278d0c55b17ff.jpg","contentUrl":"https:\/\/appsaf.apieproject.com\/news\/wp-content\/uploads\/sites\/29\/2022\/08\/promotion-de-la-musique-africaine-conference-de-presse-de-presentation-de-l_wfylcx2q3z-2c1137b61bc32de37dc278d0c55b17ff.jpg","width":900,"height":600},{"@type":"BreadcrumbList","@id":"https:\/\/appsaf.apieproject.com\/news\/fr\/2022\/09\/05\/5eme-edition-des-rema-des-reflexions-sur-un-nouvel-ecosysteme-pour-le-developpement-de-lindustrie-musicale-africaine\/#breadcrumb","itemListElement":[{"@type":"ListItem","position":1,"name":"Home","item":"https:\/\/appsaf.apieproject.com\/news\/fr\/home\/"},{"@type":"ListItem","position":2,"name":"5\u00e8me \u00e9dition des REMA: des r\u00e9flexions sur un nouvel \u00e9cosyst\u00e8me pour le d\u00e9veloppement de l&#8217;industrie musicale africaine"}]},{"@type":"WebSite","@id":"https:\/\/appsaf.apieproject.com\/news\/#website","url":"https:\/\/appsaf.apieproject.com\/news\/","name":"APIE NEWS","description":"PANAFRICANISM NEWS PORTAL","publisher":{"@id":"https:\/\/appsaf.apieproject.com\/news\/#organization"},"potentialAction":[{"@type":"SearchAction","target":{"@type":"EntryPoint","urlTemplate":"https:\/\/appsaf.apieproject.com\/news\/?s={search_term_string}"},"query-input":{"@type":"PropertyValueSpecification","valueRequired":true,"valueName":"search_term_string"}}],"inLanguage":"fr-FR"},{"@type":"Organization","@id":"https:\/\/appsaf.apieproject.com\/news\/#organization","name":"APIE PROJECT","url":"https:\/\/appsaf.apieproject.com\/news\/","logo":{"@type":"ImageObject","inLanguage":"fr-FR","@id":"https:\/\/appsaf.apieproject.com\/news\/#\/schema\/logo\/image\/","url":"https:\/\/appsaf.apieproject.com\/news\/wp-content\/uploads\/sites\/29\/2022\/07\/logo-R-TransparentBackground.png","contentUrl":"https:\/\/appsaf.apieproject.com\/news\/wp-content\/uploads\/sites\/29\/2022\/07\/logo-R-TransparentBackground.png","width":512,"height":512,"caption":"APIE PROJECT"},"image":{"@id":"https:\/\/appsaf.apieproject.com\/news\/#\/schema\/logo\/image\/"},"sameAs":["https:\/\/facebook.com\/apieproject","https:\/\/x.com\/apieproject"]},{"@type":"Person","@id":"https:\/\/appsaf.apieproject.com\/news\/#\/schema\/person\/399517cac378948cd7b39086f9ddc2a7","name":"staff","image":{"@type":"ImageObject","inLanguage":"fr-FR","@id":"https:\/\/appsaf.apieproject.com\/news\/#\/schema\/person\/image\/","url":"https:\/\/secure.gravatar.com\/avatar\/5386283c5db150efe261184bd59f072a?s=96&d=mm&r=g","contentUrl":"https:\/\/secure.gravatar.com\/avatar\/5386283c5db150efe261184bd59f072a?s=96&d=mm&r=g","caption":"staff"},"url":"https:\/\/appsaf.apieproject.com\/news\/fr\/author\/staff\/"}]}},"_links":{"self":[{"href":"https:\/\/appsaf.apieproject.com\/news\/fr\/wp-json\/wp\/v2\/posts\/15477","targetHints":{"allow":["GET"]}}],"collection":[{"href":"https:\/\/appsaf.apieproject.com\/news\/fr\/wp-json\/wp\/v2\/posts"}],"about":[{"href":"https:\/\/appsaf.apieproject.com\/news\/fr\/wp-json\/wp\/v2\/types\/post"}],"author":[{"embeddable":true,"href":"https:\/\/appsaf.apieproject.com\/news\/fr\/wp-json\/wp\/v2\/users\/12963"}],"replies":[{"embeddable":true,"href":"https:\/\/appsaf.apieproject.com\/news\/fr\/wp-json\/wp\/v2\/comments?post=15477"}],"version-history":[{"count":1,"href":"https:\/\/appsaf.apieproject.com\/news\/fr\/wp-json\/wp\/v2\/posts\/15477\/revisions"}],"predecessor-version":[{"id":16120,"href":"https:\/\/appsaf.apieproject.com\/news\/fr\/wp-json\/wp\/v2\/posts\/15477\/revisions\/16120"}],"wp:featuredmedia":[{"embeddable":true,"href":"https:\/\/appsaf.apieproject.com\/news\/fr\/wp-json\/wp\/v2\/media\/15474"}],"wp:attachment":[{"href":"https:\/\/appsaf.apieproject.com\/news\/fr\/wp-json\/wp\/v2\/media?parent=15477"}],"wp:term":[{"taxonomy":"category","embeddable":true,"href":"https:\/\/appsaf.apieproject.com\/news\/fr\/wp-json\/wp\/v2\/categories?post=15477"},{"taxonomy":"post_tag","embeddable":true,"href":"https:\/\/appsaf.apieproject.com\/news\/fr\/wp-json\/wp\/v2\/tags?post=15477"}],"curies":[{"name":"wp","href":"https:\/\/api.w.org\/{rel}","templated":true}]}}