{"id":15497,"date":"2022-09-05T04:02:36","date_gmt":"2022-09-05T04:02:36","guid":{"rendered":"https:\/\/appsaf.apieproject.com\/news\/?p=15497"},"modified":"2022-09-05T04:02:37","modified_gmt":"2022-09-05T04:02:37","slug":"mode-kinshasa-mboka-masano-allie-rumba-et-style-avec-la-nature","status":"publish","type":"post","link":"https:\/\/appsaf.apieproject.com\/news\/fr\/2022\/09\/05\/mode-kinshasa-mboka-masano-allie-rumba-et-style-avec-la-nature\/","title":{"rendered":"Mode : Kinshasa mboka masano allie rumba et style avec la nature"},"content":{"rendered":"<p>Organis\u00e9 sur le th\u00e8me \u00ab Rumba et style dans la nature \u00bb, Kinshasa mboka ya masano (KMM) 4 a choisi de \u00ab faire le lien entre le v\u00eatement et la musique \u00bb, a soulign\u00e9 l\u2019initiatrice de l\u2019\u00e9v\u00e9nement, la styliste Lydia Nsambayi le 25 ao\u00fbt face \u00e0 la presse. La rumba servira de fond sonore aux d\u00e9fil\u00e9s pr\u00e9vus pour les trois soir\u00e9es du 1er au 3 septembre \u00e0 l\u2019Inpess. KMM va pr\u00e9senter \u00ab le v\u00eatement comme vecteur de la rumba. Les stylistes vont r\u00e9interpr\u00e9ter la rumba \u00e0 travers les diff\u00e9rents mod\u00e8les qui d\u00e9fileront sur le catwalk \u00bb, a soulign\u00e9 la cr\u00e9atrice de mode.<\/p>\n<p>En amont du fashion show qui, en plus des d\u00e9fil\u00e9s, va s\u2019articuler aussi autour d\u2019une expovente, des panels scientifiques et une soir\u00e9e de gala, vingt jeunes ont \u00e9t\u00e9 initi\u00e9s au m\u00e9tier du styliste de mode \u00e0 l\u2019occasion d\u2019une formation lanc\u00e9e le 16 juin. Par ailleurs, l\u2019\u00e9v\u00e8nement a \u00e9galement pr\u00e9vu un concours \u00e0 destination des jeunes stylistes. Organis\u00e9 la premi\u00e8re fois \u00e0 l\u2019\u00e9dition pr\u00e9c\u00e9dente, il a pour but d\u2019encourager la pratique de la profession en offrant des prix aux jeunes laur\u00e9ats en vue de \u00ab les autonomiser, leur donner un moyen de commencer un business dans le secteur de la mode \u00bb, a affirm\u00e9 Lydia Nsambayi. Et d\u2019ajouter : \u00ab L\u2019ann\u00e9e pass\u00e9e le premier prix avait re\u00e7u une machine de sorte qu\u2019il est autonome \u00e0 pr\u00e9sent. Les autres gagnants avaient obtenu des trousseaux de couture. En tant que fondation, c\u2019est l\u00e0 notre contribution pour aider les jeunes \u00e0 s\u2019ouvrir aux m\u00e9tiers de la mode. Au-del\u00e0 de la formation, nous ajoutons des instruments de travail \u00bb.<\/p>\n<p>Initialement pr\u00e9vu en deux \u00e9tapes cette ann\u00e9e, \u00e0 savoir que la seconde qui devait se tenir \u00e0 Bukavu ce mois de septembre est repouss\u00e9e en d\u00e9cembre, KMM a l\u2019ambition de faire le tour des provinces de la RDC gr\u00e2ce \u00e0 son partenariat avec l\u2019Office national du tourisme (ONT). Alli\u00e9 incontournable de KMM dans sa perspective de devenir un festival itin\u00e9rant, a n\u00e9anmoins d\u00e9j\u00e0 pr\u00e9vu d\u2019int\u00e9grer une dimension touristique \u00e0 ce stade de l\u2019\u00e9v\u00e9nement. Directeur marketing adjoint de l\u2019ONT, Alan Lofoli a d\u00e8s lors annonc\u00e9 la mise en \u0153uvre d\u2019un circuit touristique comme activit\u00e9 annexe \u00e0 KMM. Et des guides touristiques et des bus sont mis \u00e0 disposition des festivaliers pour faciliter leur d\u00e9placement dans la ville. Lydia Nsambayi a rench\u00e9ri pr\u00e9cisant : \u00ab L\u2019ONT a cru en notre vision de sorte qu\u2019avec son appui, nous allons sillonner les sites touristiques de Kinshasa avec les quelques stylistes du S\u00e9n\u00e9gal invit\u00e9s \u00bb. Et de conclure : \u00ab Dans notre vision, il n\u2019est pas juste question de s\u2019arr\u00eater \u00e0 faire conna\u00eetre Kinshasa. Nous envisageons d\u2019aller partout en RDC, montrer et voir ce que la mode congolaise tire de chaque province \u00bb.Lydia Nsambayi et les principaux partenaires de KMM 4 (Adiac)<\/p>\n<p>R\u00e9v\u00e9ler son identit\u00e9 vestimentaire<\/p>\n<p>La styliste a fait savoir que \u00ab l\u2019art vestimentaire attach\u00e9 \u00e0 sa culture est un tr\u00e9sor \u00bb. D\u00e8s lors, elle a pr\u00e9conis\u00e9 l\u2019obligation de \u00ab mettre en avant cet aspect pour r\u00e9v\u00e9ler son identit\u00e9 vestimentaire \u00bb. Prenant pour exemple les cas du Ghana et du Nig\u00e9ria, elle a soulign\u00e9 : \u00ab Ce n\u2019est pas la mode occidentale qui fait leur fiert\u00e9 aujourd\u2019hui. Ce sont leurs tissus traditionnels et leur mani\u00e8re traditionnelle de se v\u00eatir qui fait leur particularit\u00e9 \u00bb. De s\u2019insurger que \u00ab plusieurs visions ont court-circuit\u00e9 l\u2019art vestimentaire en RDC \u00bb, elle est d\u2019avis que \u00ab la sape n\u2019est pas une mauvaise chose en soi mais elle a un peu d\u00e9shabill\u00e9 la mode vestimentaire en RDC \u00bb. Ajoutant : \u00ab Nous voulons bien des sapeurs mais nous n\u2019approuvons pas qu\u2019ils imposent la mode occidentale. C\u2019est tout un combat \u00e0 mener pour faire appr\u00e9cier et aimer notre culture \u00bb.<\/p>\n<p>Rappelons que KMM entend devenir une r\u00e9f\u00e9rence comme \u00e9v\u00e9nement de mode quitte \u00e0 s\u2019\u00e9riger en un espace de promotion qui contribue aux efforts de ses acteurs \u00e0 lui octroyer une place de choix dans la sph\u00e8re culturelle de la RDC. Ainsi, en sus du stylisme mod\u00e9lisme, il offre une vitrine aux activit\u00e9s et m\u00e9tiers connexes qui font vivre le secteur de la mode, notamment la couture, la coiffure, le mannequinat, la maroquinerie et la cordonnerie.<\/p>\n","protected":false},"excerpt":{"rendered":"<p>L\u2019\u00e9v\u00e8nement tiendra sa 4e \u00e9dition du 1er au 3 septembre dans le jardin de l\u2019Institut national pilote d\u2019enseignement des sciences de sant\u00e9 (Inpess) autour d\u2019une vingtaine d\u2019acteurs de l\u2019univers de la mode dont des stylistes du S\u00e9n\u00e9gal.<\/p>\n","protected":false},"author":12963,"featured_media":15494,"comment_status":"open","ping_status":"open","sticky":false,"template":"","format":"standard","meta":{"footnotes":""},"categories":[57,63],"tags":[78,95,94],"class_list":{"0":"post-15497","1":"post","2":"type-post","3":"status-publish","4":"format-standard","5":"has-post-thumbnail","7":"category-mode","8":"category-mode-de-vie","9":"tag-apie-project-2","10":"tag-mode","11":"tag-mode-de-vie"},"yoast_head":"<!-- This site is optimized with the Yoast SEO plugin v24.4 - https:\/\/yoast.com\/wordpress\/plugins\/seo\/ -->\n<title>Mode : Kinshasa mboka masano allie rumba et style avec la nature - APIE NEWS<\/title>\n<meta name=\"robots\" content=\"index, follow, max-snippet:-1, max-image-preview:large, max-video-preview:-1\" \/>\n<link rel=\"canonical\" href=\"https:\/\/appsaf.apieproject.com\/news\/fr\/2022\/09\/05\/mode-kinshasa-mboka-masano-allie-rumba-et-style-avec-la-nature\/\" \/>\n<meta property=\"og:locale\" content=\"fr_FR\" \/>\n<meta property=\"og:type\" content=\"article\" \/>\n<meta property=\"og:title\" content=\"Mode : Kinshasa mboka masano allie rumba et style avec la nature - APIE NEWS\" \/>\n<meta property=\"og:description\" content=\"L\u2019\u00e9v\u00e8nement tiendra sa 4e \u00e9dition du 1er au 3 septembre dans le jardin de l\u2019Institut national pilote d\u2019enseignement des sciences de sant\u00e9 (Inpess) autour d\u2019une vingtaine d\u2019acteurs de l\u2019univers de la mode dont des stylistes du S\u00e9n\u00e9gal.\" \/>\n<meta property=\"og:url\" content=\"https:\/\/appsaf.apieproject.com\/news\/fr\/2022\/09\/05\/mode-kinshasa-mboka-masano-allie-rumba-et-style-avec-la-nature\/\" \/>\n<meta property=\"og:site_name\" content=\"APIE NEWS\" \/>\n<meta property=\"article:publisher\" content=\"https:\/\/facebook.com\/apieproject\" \/>\n<meta property=\"article:published_time\" content=\"2022-09-05T04:02:36+00:00\" \/>\n<meta property=\"article:modified_time\" content=\"2022-09-05T04:02:37+00:00\" \/>\n<meta property=\"og:image\" content=\"https:\/\/appsaf.apieproject.com\/news\/wp-content\/uploads\/sites\/29\/2022\/08\/20220827-nim186-1de2_1-fc0438a70dc544a81e7d2f7f3fe24374.jpg\" \/>\n\t<meta property=\"og:image:width\" content=\"526\" \/>\n\t<meta property=\"og:image:height\" content=\"678\" \/>\n\t<meta property=\"og:image:type\" content=\"image\/jpeg\" \/>\n<meta name=\"author\" content=\"staff\" \/>\n<meta name=\"twitter:card\" content=\"summary_large_image\" \/>\n<meta name=\"twitter:creator\" content=\"@apieproject\" \/>\n<meta name=\"twitter:site\" content=\"@apieproject\" \/>\n<meta name=\"twitter:label1\" content=\"\u00c9crit par\" \/>\n\t<meta name=\"twitter:data1\" content=\"staff\" \/>\n\t<meta name=\"twitter:label2\" content=\"Dur\u00e9e de lecture estim\u00e9e\" \/>\n\t<meta name=\"twitter:data2\" content=\"4 minutes\" \/>\n<script type=\"application\/ld+json\" class=\"yoast-schema-graph\">{\"@context\":\"https:\/\/schema.org\",\"@graph\":[{\"@type\":\"Article\",\"@id\":\"https:\/\/appsaf.apieproject.com\/news\/fr\/2022\/09\/05\/mode-kinshasa-mboka-masano-allie-rumba-et-style-avec-la-nature\/#article\",\"isPartOf\":{\"@id\":\"https:\/\/appsaf.apieproject.com\/news\/fr\/2022\/09\/05\/mode-kinshasa-mboka-masano-allie-rumba-et-style-avec-la-nature\/\"},\"author\":{\"name\":\"staff\",\"@id\":\"https:\/\/appsaf.apieproject.com\/news\/#\/schema\/person\/399517cac378948cd7b39086f9ddc2a7\"},\"headline\":\"Mode : Kinshasa mboka masano allie rumba et style avec la nature\",\"datePublished\":\"2022-09-05T04:02:36+00:00\",\"dateModified\":\"2022-09-05T04:02:37+00:00\",\"mainEntityOfPage\":{\"@id\":\"https:\/\/appsaf.apieproject.com\/news\/fr\/2022\/09\/05\/mode-kinshasa-mboka-masano-allie-rumba-et-style-avec-la-nature\/\"},\"wordCount\":758,\"commentCount\":0,\"publisher\":{\"@id\":\"https:\/\/appsaf.apieproject.com\/news\/#organization\"},\"image\":{\"@id\":\"https:\/\/appsaf.apieproject.com\/news\/fr\/2022\/09\/05\/mode-kinshasa-mboka-masano-allie-rumba-et-style-avec-la-nature\/#primaryimage\"},\"thumbnailUrl\":\"https:\/\/appsaf.apieproject.com\/news\/wp-content\/uploads\/sites\/29\/2022\/08\/20220827-nim186-1de2_1-fc0438a70dc544a81e7d2f7f3fe24374.jpg\",\"keywords\":[\"apie project\",\"mode\",\"mode de vie\"],\"articleSection\":[\"Mode\",\"Mode de Vie\"],\"inLanguage\":\"fr-FR\",\"potentialAction\":[{\"@type\":\"CommentAction\",\"name\":\"Comment\",\"target\":[\"https:\/\/appsaf.apieproject.com\/news\/fr\/2022\/09\/05\/mode-kinshasa-mboka-masano-allie-rumba-et-style-avec-la-nature\/#respond\"]}]},{\"@type\":\"WebPage\",\"@id\":\"https:\/\/appsaf.apieproject.com\/news\/fr\/2022\/09\/05\/mode-kinshasa-mboka-masano-allie-rumba-et-style-avec-la-nature\/\",\"url\":\"https:\/\/appsaf.apieproject.com\/news\/fr\/2022\/09\/05\/mode-kinshasa-mboka-masano-allie-rumba-et-style-avec-la-nature\/\",\"name\":\"Mode : Kinshasa mboka masano allie rumba et style avec la nature - APIE NEWS\",\"isPartOf\":{\"@id\":\"https:\/\/appsaf.apieproject.com\/news\/#website\"},\"primaryImageOfPage\":{\"@id\":\"https:\/\/appsaf.apieproject.com\/news\/fr\/2022\/09\/05\/mode-kinshasa-mboka-masano-allie-rumba-et-style-avec-la-nature\/#primaryimage\"},\"image\":{\"@id\":\"https:\/\/appsaf.apieproject.com\/news\/fr\/2022\/09\/05\/mode-kinshasa-mboka-masano-allie-rumba-et-style-avec-la-nature\/#primaryimage\"},\"thumbnailUrl\":\"https:\/\/appsaf.apieproject.com\/news\/wp-content\/uploads\/sites\/29\/2022\/08\/20220827-nim186-1de2_1-fc0438a70dc544a81e7d2f7f3fe24374.jpg\",\"datePublished\":\"2022-09-05T04:02:36+00:00\",\"dateModified\":\"2022-09-05T04:02:37+00:00\",\"breadcrumb\":{\"@id\":\"https:\/\/appsaf.apieproject.com\/news\/fr\/2022\/09\/05\/mode-kinshasa-mboka-masano-allie-rumba-et-style-avec-la-nature\/#breadcrumb\"},\"inLanguage\":\"fr-FR\",\"potentialAction\":[{\"@type\":\"ReadAction\",\"target\":[\"https:\/\/appsaf.apieproject.com\/news\/fr\/2022\/09\/05\/mode-kinshasa-mboka-masano-allie-rumba-et-style-avec-la-nature\/\"]}]},{\"@type\":\"ImageObject\",\"inLanguage\":\"fr-FR\",\"@id\":\"https:\/\/appsaf.apieproject.com\/news\/fr\/2022\/09\/05\/mode-kinshasa-mboka-masano-allie-rumba-et-style-avec-la-nature\/#primaryimage\",\"url\":\"https:\/\/appsaf.apieproject.com\/news\/wp-content\/uploads\/sites\/29\/2022\/08\/20220827-nim186-1de2_1-fc0438a70dc544a81e7d2f7f3fe24374.jpg\",\"contentUrl\":\"https:\/\/appsaf.apieproject.com\/news\/wp-content\/uploads\/sites\/29\/2022\/08\/20220827-nim186-1de2_1-fc0438a70dc544a81e7d2f7f3fe24374.jpg\",\"width\":526,\"height\":678},{\"@type\":\"BreadcrumbList\",\"@id\":\"https:\/\/appsaf.apieproject.com\/news\/fr\/2022\/09\/05\/mode-kinshasa-mboka-masano-allie-rumba-et-style-avec-la-nature\/#breadcrumb\",\"itemListElement\":[{\"@type\":\"ListItem\",\"position\":1,\"name\":\"Home\",\"item\":\"https:\/\/appsaf.apieproject.com\/news\/fr\/home\/\"},{\"@type\":\"ListItem\",\"position\":2,\"name\":\"Mode : Kinshasa mboka masano allie rumba et style avec la nature\"}]},{\"@type\":\"WebSite\",\"@id\":\"https:\/\/appsaf.apieproject.com\/news\/#website\",\"url\":\"https:\/\/appsaf.apieproject.com\/news\/\",\"name\":\"APIE NEWS\",\"description\":\"PANAFRICANISM NEWS PORTAL\",\"publisher\":{\"@id\":\"https:\/\/appsaf.apieproject.com\/news\/#organization\"},\"potentialAction\":[{\"@type\":\"SearchAction\",\"target\":{\"@type\":\"EntryPoint\",\"urlTemplate\":\"https:\/\/appsaf.apieproject.com\/news\/?s={search_term_string}\"},\"query-input\":{\"@type\":\"PropertyValueSpecification\",\"valueRequired\":true,\"valueName\":\"search_term_string\"}}],\"inLanguage\":\"fr-FR\"},{\"@type\":\"Organization\",\"@id\":\"https:\/\/appsaf.apieproject.com\/news\/#organization\",\"name\":\"APIE PROJECT\",\"url\":\"https:\/\/appsaf.apieproject.com\/news\/\",\"logo\":{\"@type\":\"ImageObject\",\"inLanguage\":\"fr-FR\",\"@id\":\"https:\/\/appsaf.apieproject.com\/news\/#\/schema\/logo\/image\/\",\"url\":\"https:\/\/appsaf.apieproject.com\/news\/wp-content\/uploads\/sites\/29\/2022\/07\/logo-R-TransparentBackground.png\",\"contentUrl\":\"https:\/\/appsaf.apieproject.com\/news\/wp-content\/uploads\/sites\/29\/2022\/07\/logo-R-TransparentBackground.png\",\"width\":512,\"height\":512,\"caption\":\"APIE PROJECT\"},\"image\":{\"@id\":\"https:\/\/appsaf.apieproject.com\/news\/#\/schema\/logo\/image\/\"},\"sameAs\":[\"https:\/\/facebook.com\/apieproject\",\"https:\/\/x.com\/apieproject\"]},{\"@type\":\"Person\",\"@id\":\"https:\/\/appsaf.apieproject.com\/news\/#\/schema\/person\/399517cac378948cd7b39086f9ddc2a7\",\"name\":\"staff\",\"image\":{\"@type\":\"ImageObject\",\"inLanguage\":\"fr-FR\",\"@id\":\"https:\/\/appsaf.apieproject.com\/news\/#\/schema\/person\/image\/\",\"url\":\"https:\/\/secure.gravatar.com\/avatar\/5386283c5db150efe261184bd59f072a?s=96&d=mm&r=g\",\"contentUrl\":\"https:\/\/secure.gravatar.com\/avatar\/5386283c5db150efe261184bd59f072a?s=96&d=mm&r=g\",\"caption\":\"staff\"},\"url\":\"https:\/\/appsaf.apieproject.com\/news\/fr\/author\/staff\/\"}]}<\/script>\n<!-- \/ Yoast SEO plugin. -->","yoast_head_json":{"title":"Mode : Kinshasa mboka masano allie rumba et style avec la nature - APIE NEWS","robots":{"index":"index","follow":"follow","max-snippet":"max-snippet:-1","max-image-preview":"max-image-preview:large","max-video-preview":"max-video-preview:-1"},"canonical":"https:\/\/appsaf.apieproject.com\/news\/fr\/2022\/09\/05\/mode-kinshasa-mboka-masano-allie-rumba-et-style-avec-la-nature\/","og_locale":"fr_FR","og_type":"article","og_title":"Mode : Kinshasa mboka masano allie rumba et style avec la nature - APIE NEWS","og_description":"L\u2019\u00e9v\u00e8nement tiendra sa 4e \u00e9dition du 1er au 3 septembre dans le jardin de l\u2019Institut national pilote d\u2019enseignement des sciences de sant\u00e9 (Inpess) autour d\u2019une vingtaine d\u2019acteurs de l\u2019univers de la mode dont des stylistes du S\u00e9n\u00e9gal.","og_url":"https:\/\/appsaf.apieproject.com\/news\/fr\/2022\/09\/05\/mode-kinshasa-mboka-masano-allie-rumba-et-style-avec-la-nature\/","og_site_name":"APIE NEWS","article_publisher":"https:\/\/facebook.com\/apieproject","article_published_time":"2022-09-05T04:02:36+00:00","article_modified_time":"2022-09-05T04:02:37+00:00","og_image":[{"width":526,"height":678,"url":"https:\/\/appsaf.apieproject.com\/news\/wp-content\/uploads\/sites\/29\/2022\/08\/20220827-nim186-1de2_1-fc0438a70dc544a81e7d2f7f3fe24374.jpg","type":"image\/jpeg"}],"author":"staff","twitter_card":"summary_large_image","twitter_creator":"@apieproject","twitter_site":"@apieproject","twitter_misc":{"\u00c9crit par":"staff","Dur\u00e9e de lecture estim\u00e9e":"4 minutes"},"schema":{"@context":"https:\/\/schema.org","@graph":[{"@type":"Article","@id":"https:\/\/appsaf.apieproject.com\/news\/fr\/2022\/09\/05\/mode-kinshasa-mboka-masano-allie-rumba-et-style-avec-la-nature\/#article","isPartOf":{"@id":"https:\/\/appsaf.apieproject.com\/news\/fr\/2022\/09\/05\/mode-kinshasa-mboka-masano-allie-rumba-et-style-avec-la-nature\/"},"author":{"name":"staff","@id":"https:\/\/appsaf.apieproject.com\/news\/#\/schema\/person\/399517cac378948cd7b39086f9ddc2a7"},"headline":"Mode : Kinshasa mboka masano allie rumba et style avec la nature","datePublished":"2022-09-05T04:02:36+00:00","dateModified":"2022-09-05T04:02:37+00:00","mainEntityOfPage":{"@id":"https:\/\/appsaf.apieproject.com\/news\/fr\/2022\/09\/05\/mode-kinshasa-mboka-masano-allie-rumba-et-style-avec-la-nature\/"},"wordCount":758,"commentCount":0,"publisher":{"@id":"https:\/\/appsaf.apieproject.com\/news\/#organization"},"image":{"@id":"https:\/\/appsaf.apieproject.com\/news\/fr\/2022\/09\/05\/mode-kinshasa-mboka-masano-allie-rumba-et-style-avec-la-nature\/#primaryimage"},"thumbnailUrl":"https:\/\/appsaf.apieproject.com\/news\/wp-content\/uploads\/sites\/29\/2022\/08\/20220827-nim186-1de2_1-fc0438a70dc544a81e7d2f7f3fe24374.jpg","keywords":["apie project","mode","mode de vie"],"articleSection":["Mode","Mode de Vie"],"inLanguage":"fr-FR","potentialAction":[{"@type":"CommentAction","name":"Comment","target":["https:\/\/appsaf.apieproject.com\/news\/fr\/2022\/09\/05\/mode-kinshasa-mboka-masano-allie-rumba-et-style-avec-la-nature\/#respond"]}]},{"@type":"WebPage","@id":"https:\/\/appsaf.apieproject.com\/news\/fr\/2022\/09\/05\/mode-kinshasa-mboka-masano-allie-rumba-et-style-avec-la-nature\/","url":"https:\/\/appsaf.apieproject.com\/news\/fr\/2022\/09\/05\/mode-kinshasa-mboka-masano-allie-rumba-et-style-avec-la-nature\/","name":"Mode : Kinshasa mboka masano allie rumba et style avec la nature - APIE NEWS","isPartOf":{"@id":"https:\/\/appsaf.apieproject.com\/news\/#website"},"primaryImageOfPage":{"@id":"https:\/\/appsaf.apieproject.com\/news\/fr\/2022\/09\/05\/mode-kinshasa-mboka-masano-allie-rumba-et-style-avec-la-nature\/#primaryimage"},"image":{"@id":"https:\/\/appsaf.apieproject.com\/news\/fr\/2022\/09\/05\/mode-kinshasa-mboka-masano-allie-rumba-et-style-avec-la-nature\/#primaryimage"},"thumbnailUrl":"https:\/\/appsaf.apieproject.com\/news\/wp-content\/uploads\/sites\/29\/2022\/08\/20220827-nim186-1de2_1-fc0438a70dc544a81e7d2f7f3fe24374.jpg","datePublished":"2022-09-05T04:02:36+00:00","dateModified":"2022-09-05T04:02:37+00:00","breadcrumb":{"@id":"https:\/\/appsaf.apieproject.com\/news\/fr\/2022\/09\/05\/mode-kinshasa-mboka-masano-allie-rumba-et-style-avec-la-nature\/#breadcrumb"},"inLanguage":"fr-FR","potentialAction":[{"@type":"ReadAction","target":["https:\/\/appsaf.apieproject.com\/news\/fr\/2022\/09\/05\/mode-kinshasa-mboka-masano-allie-rumba-et-style-avec-la-nature\/"]}]},{"@type":"ImageObject","inLanguage":"fr-FR","@id":"https:\/\/appsaf.apieproject.com\/news\/fr\/2022\/09\/05\/mode-kinshasa-mboka-masano-allie-rumba-et-style-avec-la-nature\/#primaryimage","url":"https:\/\/appsaf.apieproject.com\/news\/wp-content\/uploads\/sites\/29\/2022\/08\/20220827-nim186-1de2_1-fc0438a70dc544a81e7d2f7f3fe24374.jpg","contentUrl":"https:\/\/appsaf.apieproject.com\/news\/wp-content\/uploads\/sites\/29\/2022\/08\/20220827-nim186-1de2_1-fc0438a70dc544a81e7d2f7f3fe24374.jpg","width":526,"height":678},{"@type":"BreadcrumbList","@id":"https:\/\/appsaf.apieproject.com\/news\/fr\/2022\/09\/05\/mode-kinshasa-mboka-masano-allie-rumba-et-style-avec-la-nature\/#breadcrumb","itemListElement":[{"@type":"ListItem","position":1,"name":"Home","item":"https:\/\/appsaf.apieproject.com\/news\/fr\/home\/"},{"@type":"ListItem","position":2,"name":"Mode : Kinshasa mboka masano allie rumba et style avec la nature"}]},{"@type":"WebSite","@id":"https:\/\/appsaf.apieproject.com\/news\/#website","url":"https:\/\/appsaf.apieproject.com\/news\/","name":"APIE NEWS","description":"PANAFRICANISM NEWS PORTAL","publisher":{"@id":"https:\/\/appsaf.apieproject.com\/news\/#organization"},"potentialAction":[{"@type":"SearchAction","target":{"@type":"EntryPoint","urlTemplate":"https:\/\/appsaf.apieproject.com\/news\/?s={search_term_string}"},"query-input":{"@type":"PropertyValueSpecification","valueRequired":true,"valueName":"search_term_string"}}],"inLanguage":"fr-FR"},{"@type":"Organization","@id":"https:\/\/appsaf.apieproject.com\/news\/#organization","name":"APIE PROJECT","url":"https:\/\/appsaf.apieproject.com\/news\/","logo":{"@type":"ImageObject","inLanguage":"fr-FR","@id":"https:\/\/appsaf.apieproject.com\/news\/#\/schema\/logo\/image\/","url":"https:\/\/appsaf.apieproject.com\/news\/wp-content\/uploads\/sites\/29\/2022\/07\/logo-R-TransparentBackground.png","contentUrl":"https:\/\/appsaf.apieproject.com\/news\/wp-content\/uploads\/sites\/29\/2022\/07\/logo-R-TransparentBackground.png","width":512,"height":512,"caption":"APIE PROJECT"},"image":{"@id":"https:\/\/appsaf.apieproject.com\/news\/#\/schema\/logo\/image\/"},"sameAs":["https:\/\/facebook.com\/apieproject","https:\/\/x.com\/apieproject"]},{"@type":"Person","@id":"https:\/\/appsaf.apieproject.com\/news\/#\/schema\/person\/399517cac378948cd7b39086f9ddc2a7","name":"staff","image":{"@type":"ImageObject","inLanguage":"fr-FR","@id":"https:\/\/appsaf.apieproject.com\/news\/#\/schema\/person\/image\/","url":"https:\/\/secure.gravatar.com\/avatar\/5386283c5db150efe261184bd59f072a?s=96&d=mm&r=g","contentUrl":"https:\/\/secure.gravatar.com\/avatar\/5386283c5db150efe261184bd59f072a?s=96&d=mm&r=g","caption":"staff"},"url":"https:\/\/appsaf.apieproject.com\/news\/fr\/author\/staff\/"}]}},"_links":{"self":[{"href":"https:\/\/appsaf.apieproject.com\/news\/fr\/wp-json\/wp\/v2\/posts\/15497","targetHints":{"allow":["GET"]}}],"collection":[{"href":"https:\/\/appsaf.apieproject.com\/news\/fr\/wp-json\/wp\/v2\/posts"}],"about":[{"href":"https:\/\/appsaf.apieproject.com\/news\/fr\/wp-json\/wp\/v2\/types\/post"}],"author":[{"embeddable":true,"href":"https:\/\/appsaf.apieproject.com\/news\/fr\/wp-json\/wp\/v2\/users\/12963"}],"replies":[{"embeddable":true,"href":"https:\/\/appsaf.apieproject.com\/news\/fr\/wp-json\/wp\/v2\/comments?post=15497"}],"version-history":[{"count":1,"href":"https:\/\/appsaf.apieproject.com\/news\/fr\/wp-json\/wp\/v2\/posts\/15497\/revisions"}],"predecessor-version":[{"id":16128,"href":"https:\/\/appsaf.apieproject.com\/news\/fr\/wp-json\/wp\/v2\/posts\/15497\/revisions\/16128"}],"wp:featuredmedia":[{"embeddable":true,"href":"https:\/\/appsaf.apieproject.com\/news\/fr\/wp-json\/wp\/v2\/media\/15494"}],"wp:attachment":[{"href":"https:\/\/appsaf.apieproject.com\/news\/fr\/wp-json\/wp\/v2\/media?parent=15497"}],"wp:term":[{"taxonomy":"category","embeddable":true,"href":"https:\/\/appsaf.apieproject.com\/news\/fr\/wp-json\/wp\/v2\/categories?post=15497"},{"taxonomy":"post_tag","embeddable":true,"href":"https:\/\/appsaf.apieproject.com\/news\/fr\/wp-json\/wp\/v2\/tags?post=15497"}],"curies":[{"name":"wp","href":"https:\/\/api.w.org\/{rel}","templated":true}]}}