{"id":15638,"date":"2022-09-05T04:17:23","date_gmt":"2022-09-05T04:17:23","guid":{"rendered":"https:\/\/appsaf.apieproject.com\/news\/?p=15638"},"modified":"2022-09-05T04:17:24","modified_gmt":"2022-09-05T04:17:24","slug":"karl-toriola-de-mtn-lance-les-tests-de-la-5g","status":"publish","type":"post","link":"https:\/\/appsaf.apieproject.com\/news\/fr\/2022\/09\/05\/karl-toriola-de-mtn-lance-les-tests-de-la-5g\/","title":{"rendered":"Karl Toriola de MTN lance les tests de la 5G"},"content":{"rendered":"<p>Seuls les clients nantis d\u2019appareils compatibles peuvent se connecter et essayer le nouveau service l\u00e0 o\u00f9 la couverture est disponible. MTN a d\u2019ailleurs commenc\u00e9 \u00e0 proposer ces appareils en pr\u00e9commande, avec la possibilit\u00e9 de les retirer dans ses magasins ou de les faire livrer \u00e0 domicile. Mais, selon Karl Toriola, PDG de MTN Nigeria, le d\u00e9ploiement sera un processus graduel et progressif.<\/p>\n<p>\u00ab La plupart des pays avanc\u00e9s dans le monde n\u2019ont pas plus de 11 \u00e0 20 % de couverture de la 5G \u00bb, a-t-il d\u00e9clar\u00e9 lors d\u2019un chat organis\u00e9 le 25 ao\u00fbt 2022 par Endeavor Nigeria, une organisation de soutien \u00e0 l\u2019entrepreneuriat.<\/p>\n<p>\u00ab Notre lancement complet aura une couverture limit\u00e9e, mais nous serons toujours \u00e0 la pointe en mati\u00e8re de capacit\u00e9 pour la 5G. Nous allons profiter de cette p\u00e9riode o\u00f9 nous sommes les seuls \u00e0 fournir cette capacit\u00e9 pour acc\u00e9l\u00e9rer aussi agressivement que possible \u00bb, a-t-il d\u00e9clar\u00e9<br \/>\nS\u2019exprimant sur le test pilote, la directrice du marketing de MTN Nigeria, Adia Sowho, a affirm\u00e9 :<\/p>\n<p>\u00ab MTN Nigeria a \u00e9t\u00e9 \u00e0 l\u2019avant-garde de chaque saut dans les t\u00e9l\u00e9communications : du GSM \u00e0 la 2G, la 3G et la 4G. La 5G a le potentiel de tout changer. Cela nous permettra de nous connecter, de cr\u00e9er, de collaborer et de rivaliser d\u2019une mani\u00e8re que nous n\u2019avons m\u00eame pas commenc\u00e9 \u00e0 imaginer \u00bb. La directrice du marketing de MTN Nigeria, Adia Sowho, a tenu \u00e0 placer quelques mots de reconnaissance \u00e0 l\u2019endroit du gouvernement nig\u00e9rian.<\/p>\n<p>\u00ab Nous appr\u00e9cions le soutien et le leadership ind\u00e9fectibles de l\u2019honorable ministre des Communications et de l\u2019\u00c9conomie num\u00e9rique et de la Commission nig\u00e9riane des communications dans la mise en \u0153uvre de la politique nationale sur les r\u00e9seaux 5G pour l\u2019\u00e9conomie num\u00e9rique du Nig\u00e9ria, qui a conduit \u00e0 la mise en \u0153uvre de la 5G dans le pays. Nous sommes honor\u00e9s de faire partie de cette r\u00e9volution et \u00e9tant les premiers \u00e0 apporter la 5G au Nigeria, nous sommes vraiment enthousiasm\u00e9s parToriolaMusbahu toutes les possibilit\u00e9s pour la nation \u00bb, s\u2019est-elle r\u00e9jouie.<\/p>\n<p>La vitesse de connexion de la 5G peut atteindre jusqu\u2019\u00e0 1 Gb\/seconde. C\u2019est en d\u00e9cembre 2021 que la Nigerian Communications Commission, NCC, va octroyer \u00e0 MTN une licence pour d\u00e9ploiement de la 5G. Cela lui a co\u00fbt\u00e9 pr\u00e8s de 274 millions de dollars soit 158 milliards FCFA. Mafab T\u00e9l\u00e9com quant \u00e0 lui a relev\u00e9 une incongruit\u00e9.<br \/>\nLa licence d\u2019exploitation fait d\u00e9bat chez Mafab T\u00e9l\u00e9com<\/p>\n<p>MTN Nigeria Plc et Mafab Communications ltd, ont re\u00e7u l\u2019autorisation de d\u00e9ploiement des services de cinqui\u00e8me g\u00e9n\u00e9ration (5G), depuis d\u00e9cembre 2021.Mais Mafab a ajourn\u00e9 le lancement de la technologie en 2023. En raison des retards dans la d\u00e9livrance \u00e0 la compagnie de t\u00e9l\u00e9phone d\u2019une licence de service d\u2019acc\u00e8s unifi\u00e9 et d\u2019un plan de num\u00e9rotation. Le pr\u00e9sident de Mafab, Musbahu Bashir a d\u00e9clar\u00e9 \u00e0 cet effet :<\/p>\n<p>\u00ab La licence 5G est livr\u00e9e avec une licence de fr\u00e9quence et non une licence d\u2019exploitation. Ainsi, Mafab n\u2019a qu\u2019une licence de fr\u00e9quence et n\u2019a pas de licence d\u2019exploitation et doit demander une licence d\u2019exploitation de t\u00e9l\u00e9communications pour lui permettre de d\u00e9ployer des services 5G et d\u2019autres services de t\u00e9l\u00e9communications \u00bb.<\/p>\n<p>Cette prolongation d\u00e9roge pourtant aux recommandations de la Nigerian Communications Commission, NCC, de d\u00e9cembre 2021, qui consid\u00e9raient que MTN et Mafab devaient lancer la technologie 5G au plus tard ce 24 ao\u00fbt 2022.<\/p>\n<p>Une fois le r\u00e9seau 5G install\u00e9 au Nig\u00e9ria, le pays deviendra le premier en Afrique de l\u2019Ouest et du centre \u00e0 d\u00e9ployer cette technologie. Le Nig\u00e9ria emboitera ainsi le pas au Kenya, \u00e0 l\u2019Afrique du Sud et au Lesotho. Au Cameroun et en C\u00f4te d\u2019Ivoire, MTN \u00e0 d\u00e9j\u00e0 adress\u00e9 des demandes aux r\u00e9gulateurs.<\/p>\n","protected":false},"excerpt":{"rendered":"<p>Surfer en 5G au Nigeria n\u2019est plus qu\u2019une question de temps. Le temps pour que MTN et son homologue Mafab T\u00e9l\u00e9com d\u00e9ploient effectivement la 5G au Nigeria. La 5G est la norme technologique de cinqui\u00e8me g\u00e9n\u00e9ration pour les r\u00e9seaux cellulaires \u00e0 large bande. Le 24 ao\u00fbt 2022, l\u2019op\u00e9rateur des T\u00e9l\u00e9communications a proc\u00e9d\u00e9 au lancement de la phase pilote de la 5G. Sept villes \u00e9taient concern\u00e9es, dont Lagos, Abuja, Port Harcourt, Ibadan, Kano, Owerri et Maiduguri.<\/p>\n","protected":false},"author":12963,"featured_media":15635,"comment_status":"open","ping_status":"open","sticky":false,"template":"","format":"standard","meta":{"footnotes":""},"categories":[67,59,73],"tags":[81,78,77],"class_list":{"0":"post-15638","1":"post","2":"type-post","3":"status-publish","4":"format-standard","5":"has-post-thumbnail","7":"category-actualites","8":"category-speciaux","9":"category-technologie","10":"tag-actualites","11":"tag-apie-project-2","12":"tag-technologie"},"yoast_head":"<!-- This site is optimized with the Yoast SEO plugin v24.4 - https:\/\/yoast.com\/wordpress\/plugins\/seo\/ -->\n<title>Karl Toriola de MTN lance les tests de la 5G - APIE NEWS<\/title>\n<meta name=\"robots\" content=\"index, follow, max-snippet:-1, max-image-preview:large, max-video-preview:-1\" \/>\n<link rel=\"canonical\" href=\"https:\/\/appsaf.apieproject.com\/news\/fr\/2022\/09\/05\/karl-toriola-de-mtn-lance-les-tests-de-la-5g\/\" \/>\n<meta property=\"og:locale\" content=\"fr_FR\" \/>\n<meta property=\"og:type\" content=\"article\" \/>\n<meta property=\"og:title\" content=\"Karl Toriola de MTN lance les tests de la 5G - APIE NEWS\" \/>\n<meta property=\"og:description\" content=\"Surfer en 5G au Nigeria n\u2019est plus qu\u2019une question de temps. Le temps pour que MTN et son homologue Mafab T\u00e9l\u00e9com d\u00e9ploient effectivement la 5G au Nigeria. La 5G est la norme technologique de cinqui\u00e8me g\u00e9n\u00e9ration pour les r\u00e9seaux cellulaires \u00e0 large bande. Le 24 ao\u00fbt 2022, l\u2019op\u00e9rateur des T\u00e9l\u00e9communications a proc\u00e9d\u00e9 au lancement de la phase pilote de la 5G. Sept villes \u00e9taient concern\u00e9es, dont Lagos, Abuja, Port Harcourt, Ibadan, Kano, Owerri et Maiduguri.\" \/>\n<meta property=\"og:url\" content=\"https:\/\/appsaf.apieproject.com\/news\/fr\/2022\/09\/05\/karl-toriola-de-mtn-lance-les-tests-de-la-5g\/\" \/>\n<meta property=\"og:site_name\" content=\"APIE NEWS\" \/>\n<meta property=\"article:publisher\" content=\"https:\/\/facebook.com\/apieproject\" \/>\n<meta property=\"article:published_time\" content=\"2022-09-05T04:17:23+00:00\" \/>\n<meta property=\"article:modified_time\" content=\"2022-09-05T04:17:24+00:00\" \/>\n<meta property=\"og:image\" content=\"https:\/\/appsaf.apieproject.com\/news\/wp-content\/uploads\/sites\/29\/2022\/08\/Karl-Toriola-PDG-MTN-Nigeria-8aac1922744f71c3b81d053d03f91f0e.png\" \/>\n\t<meta property=\"og:image:width\" content=\"700\" \/>\n\t<meta property=\"og:image:height\" content=\"400\" \/>\n\t<meta property=\"og:image:type\" content=\"image\/png\" \/>\n<meta name=\"author\" content=\"staff\" \/>\n<meta name=\"twitter:card\" content=\"summary_large_image\" \/>\n<meta name=\"twitter:creator\" content=\"@apieproject\" \/>\n<meta name=\"twitter:site\" content=\"@apieproject\" \/>\n<meta name=\"twitter:label1\" content=\"\u00c9crit par\" \/>\n\t<meta name=\"twitter:data1\" content=\"staff\" \/>\n\t<meta name=\"twitter:label2\" content=\"Dur\u00e9e de lecture estim\u00e9e\" \/>\n\t<meta name=\"twitter:data2\" content=\"4 minutes\" \/>\n<script type=\"application\/ld+json\" class=\"yoast-schema-graph\">{\"@context\":\"https:\/\/schema.org\",\"@graph\":[{\"@type\":\"Article\",\"@id\":\"https:\/\/appsaf.apieproject.com\/news\/fr\/2022\/09\/05\/karl-toriola-de-mtn-lance-les-tests-de-la-5g\/#article\",\"isPartOf\":{\"@id\":\"https:\/\/appsaf.apieproject.com\/news\/fr\/2022\/09\/05\/karl-toriola-de-mtn-lance-les-tests-de-la-5g\/\"},\"author\":{\"name\":\"staff\",\"@id\":\"https:\/\/appsaf.apieproject.com\/news\/#\/schema\/person\/399517cac378948cd7b39086f9ddc2a7\"},\"headline\":\"Karl Toriola de MTN lance les tests de la 5G\",\"datePublished\":\"2022-09-05T04:17:23+00:00\",\"dateModified\":\"2022-09-05T04:17:24+00:00\",\"mainEntityOfPage\":{\"@id\":\"https:\/\/appsaf.apieproject.com\/news\/fr\/2022\/09\/05\/karl-toriola-de-mtn-lance-les-tests-de-la-5g\/\"},\"wordCount\":667,\"commentCount\":0,\"publisher\":{\"@id\":\"https:\/\/appsaf.apieproject.com\/news\/#organization\"},\"image\":{\"@id\":\"https:\/\/appsaf.apieproject.com\/news\/fr\/2022\/09\/05\/karl-toriola-de-mtn-lance-les-tests-de-la-5g\/#primaryimage\"},\"thumbnailUrl\":\"https:\/\/appsaf.apieproject.com\/news\/wp-content\/uploads\/sites\/29\/2022\/08\/Karl-Toriola-PDG-MTN-Nigeria-8aac1922744f71c3b81d053d03f91f0e.png\",\"keywords\":[\"actualites\",\"apie project\",\"technologie\"],\"articleSection\":[\"Actualit\u00e9s\",\"Sp\u00e9ciaux\",\"Technologie\"],\"inLanguage\":\"fr-FR\",\"potentialAction\":[{\"@type\":\"CommentAction\",\"name\":\"Comment\",\"target\":[\"https:\/\/appsaf.apieproject.com\/news\/fr\/2022\/09\/05\/karl-toriola-de-mtn-lance-les-tests-de-la-5g\/#respond\"]}]},{\"@type\":\"WebPage\",\"@id\":\"https:\/\/appsaf.apieproject.com\/news\/fr\/2022\/09\/05\/karl-toriola-de-mtn-lance-les-tests-de-la-5g\/\",\"url\":\"https:\/\/appsaf.apieproject.com\/news\/fr\/2022\/09\/05\/karl-toriola-de-mtn-lance-les-tests-de-la-5g\/\",\"name\":\"Karl Toriola de MTN lance les tests de la 5G - APIE NEWS\",\"isPartOf\":{\"@id\":\"https:\/\/appsaf.apieproject.com\/news\/#website\"},\"primaryImageOfPage\":{\"@id\":\"https:\/\/appsaf.apieproject.com\/news\/fr\/2022\/09\/05\/karl-toriola-de-mtn-lance-les-tests-de-la-5g\/#primaryimage\"},\"image\":{\"@id\":\"https:\/\/appsaf.apieproject.com\/news\/fr\/2022\/09\/05\/karl-toriola-de-mtn-lance-les-tests-de-la-5g\/#primaryimage\"},\"thumbnailUrl\":\"https:\/\/appsaf.apieproject.com\/news\/wp-content\/uploads\/sites\/29\/2022\/08\/Karl-Toriola-PDG-MTN-Nigeria-8aac1922744f71c3b81d053d03f91f0e.png\",\"datePublished\":\"2022-09-05T04:17:23+00:00\",\"dateModified\":\"2022-09-05T04:17:24+00:00\",\"breadcrumb\":{\"@id\":\"https:\/\/appsaf.apieproject.com\/news\/fr\/2022\/09\/05\/karl-toriola-de-mtn-lance-les-tests-de-la-5g\/#breadcrumb\"},\"inLanguage\":\"fr-FR\",\"potentialAction\":[{\"@type\":\"ReadAction\",\"target\":[\"https:\/\/appsaf.apieproject.com\/news\/fr\/2022\/09\/05\/karl-toriola-de-mtn-lance-les-tests-de-la-5g\/\"]}]},{\"@type\":\"ImageObject\",\"inLanguage\":\"fr-FR\",\"@id\":\"https:\/\/appsaf.apieproject.com\/news\/fr\/2022\/09\/05\/karl-toriola-de-mtn-lance-les-tests-de-la-5g\/#primaryimage\",\"url\":\"https:\/\/appsaf.apieproject.com\/news\/wp-content\/uploads\/sites\/29\/2022\/08\/Karl-Toriola-PDG-MTN-Nigeria-8aac1922744f71c3b81d053d03f91f0e.png\",\"contentUrl\":\"https:\/\/appsaf.apieproject.com\/news\/wp-content\/uploads\/sites\/29\/2022\/08\/Karl-Toriola-PDG-MTN-Nigeria-8aac1922744f71c3b81d053d03f91f0e.png\",\"width\":700,\"height\":400},{\"@type\":\"BreadcrumbList\",\"@id\":\"https:\/\/appsaf.apieproject.com\/news\/fr\/2022\/09\/05\/karl-toriola-de-mtn-lance-les-tests-de-la-5g\/#breadcrumb\",\"itemListElement\":[{\"@type\":\"ListItem\",\"position\":1,\"name\":\"Home\",\"item\":\"https:\/\/appsaf.apieproject.com\/news\/fr\/home\/\"},{\"@type\":\"ListItem\",\"position\":2,\"name\":\"Karl Toriola de MTN lance les tests de la 5G\"}]},{\"@type\":\"WebSite\",\"@id\":\"https:\/\/appsaf.apieproject.com\/news\/#website\",\"url\":\"https:\/\/appsaf.apieproject.com\/news\/\",\"name\":\"APIE NEWS\",\"description\":\"PANAFRICANISM NEWS PORTAL\",\"publisher\":{\"@id\":\"https:\/\/appsaf.apieproject.com\/news\/#organization\"},\"potentialAction\":[{\"@type\":\"SearchAction\",\"target\":{\"@type\":\"EntryPoint\",\"urlTemplate\":\"https:\/\/appsaf.apieproject.com\/news\/?s={search_term_string}\"},\"query-input\":{\"@type\":\"PropertyValueSpecification\",\"valueRequired\":true,\"valueName\":\"search_term_string\"}}],\"inLanguage\":\"fr-FR\"},{\"@type\":\"Organization\",\"@id\":\"https:\/\/appsaf.apieproject.com\/news\/#organization\",\"name\":\"APIE PROJECT\",\"url\":\"https:\/\/appsaf.apieproject.com\/news\/\",\"logo\":{\"@type\":\"ImageObject\",\"inLanguage\":\"fr-FR\",\"@id\":\"https:\/\/appsaf.apieproject.com\/news\/#\/schema\/logo\/image\/\",\"url\":\"https:\/\/appsaf.apieproject.com\/news\/wp-content\/uploads\/sites\/29\/2022\/07\/logo-R-TransparentBackground.png\",\"contentUrl\":\"https:\/\/appsaf.apieproject.com\/news\/wp-content\/uploads\/sites\/29\/2022\/07\/logo-R-TransparentBackground.png\",\"width\":512,\"height\":512,\"caption\":\"APIE PROJECT\"},\"image\":{\"@id\":\"https:\/\/appsaf.apieproject.com\/news\/#\/schema\/logo\/image\/\"},\"sameAs\":[\"https:\/\/facebook.com\/apieproject\",\"https:\/\/x.com\/apieproject\"]},{\"@type\":\"Person\",\"@id\":\"https:\/\/appsaf.apieproject.com\/news\/#\/schema\/person\/399517cac378948cd7b39086f9ddc2a7\",\"name\":\"staff\",\"image\":{\"@type\":\"ImageObject\",\"inLanguage\":\"fr-FR\",\"@id\":\"https:\/\/appsaf.apieproject.com\/news\/#\/schema\/person\/image\/\",\"url\":\"https:\/\/secure.gravatar.com\/avatar\/5386283c5db150efe261184bd59f072a?s=96&d=mm&r=g\",\"contentUrl\":\"https:\/\/secure.gravatar.com\/avatar\/5386283c5db150efe261184bd59f072a?s=96&d=mm&r=g\",\"caption\":\"staff\"},\"url\":\"https:\/\/appsaf.apieproject.com\/news\/fr\/author\/staff\/\"}]}<\/script>\n<!-- \/ Yoast SEO plugin. -->","yoast_head_json":{"title":"Karl Toriola de MTN lance les tests de la 5G - APIE NEWS","robots":{"index":"index","follow":"follow","max-snippet":"max-snippet:-1","max-image-preview":"max-image-preview:large","max-video-preview":"max-video-preview:-1"},"canonical":"https:\/\/appsaf.apieproject.com\/news\/fr\/2022\/09\/05\/karl-toriola-de-mtn-lance-les-tests-de-la-5g\/","og_locale":"fr_FR","og_type":"article","og_title":"Karl Toriola de MTN lance les tests de la 5G - APIE NEWS","og_description":"Surfer en 5G au Nigeria n\u2019est plus qu\u2019une question de temps. Le temps pour que MTN et son homologue Mafab T\u00e9l\u00e9com d\u00e9ploient effectivement la 5G au Nigeria. La 5G est la norme technologique de cinqui\u00e8me g\u00e9n\u00e9ration pour les r\u00e9seaux cellulaires \u00e0 large bande. Le 24 ao\u00fbt 2022, l\u2019op\u00e9rateur des T\u00e9l\u00e9communications a proc\u00e9d\u00e9 au lancement de la phase pilote de la 5G. Sept villes \u00e9taient concern\u00e9es, dont Lagos, Abuja, Port Harcourt, Ibadan, Kano, Owerri et Maiduguri.","og_url":"https:\/\/appsaf.apieproject.com\/news\/fr\/2022\/09\/05\/karl-toriola-de-mtn-lance-les-tests-de-la-5g\/","og_site_name":"APIE NEWS","article_publisher":"https:\/\/facebook.com\/apieproject","article_published_time":"2022-09-05T04:17:23+00:00","article_modified_time":"2022-09-05T04:17:24+00:00","og_image":[{"width":700,"height":400,"url":"https:\/\/appsaf.apieproject.com\/news\/wp-content\/uploads\/sites\/29\/2022\/08\/Karl-Toriola-PDG-MTN-Nigeria-8aac1922744f71c3b81d053d03f91f0e.png","type":"image\/png"}],"author":"staff","twitter_card":"summary_large_image","twitter_creator":"@apieproject","twitter_site":"@apieproject","twitter_misc":{"\u00c9crit par":"staff","Dur\u00e9e de lecture estim\u00e9e":"4 minutes"},"schema":{"@context":"https:\/\/schema.org","@graph":[{"@type":"Article","@id":"https:\/\/appsaf.apieproject.com\/news\/fr\/2022\/09\/05\/karl-toriola-de-mtn-lance-les-tests-de-la-5g\/#article","isPartOf":{"@id":"https:\/\/appsaf.apieproject.com\/news\/fr\/2022\/09\/05\/karl-toriola-de-mtn-lance-les-tests-de-la-5g\/"},"author":{"name":"staff","@id":"https:\/\/appsaf.apieproject.com\/news\/#\/schema\/person\/399517cac378948cd7b39086f9ddc2a7"},"headline":"Karl Toriola de MTN lance les tests de la 5G","datePublished":"2022-09-05T04:17:23+00:00","dateModified":"2022-09-05T04:17:24+00:00","mainEntityOfPage":{"@id":"https:\/\/appsaf.apieproject.com\/news\/fr\/2022\/09\/05\/karl-toriola-de-mtn-lance-les-tests-de-la-5g\/"},"wordCount":667,"commentCount":0,"publisher":{"@id":"https:\/\/appsaf.apieproject.com\/news\/#organization"},"image":{"@id":"https:\/\/appsaf.apieproject.com\/news\/fr\/2022\/09\/05\/karl-toriola-de-mtn-lance-les-tests-de-la-5g\/#primaryimage"},"thumbnailUrl":"https:\/\/appsaf.apieproject.com\/news\/wp-content\/uploads\/sites\/29\/2022\/08\/Karl-Toriola-PDG-MTN-Nigeria-8aac1922744f71c3b81d053d03f91f0e.png","keywords":["actualites","apie project","technologie"],"articleSection":["Actualit\u00e9s","Sp\u00e9ciaux","Technologie"],"inLanguage":"fr-FR","potentialAction":[{"@type":"CommentAction","name":"Comment","target":["https:\/\/appsaf.apieproject.com\/news\/fr\/2022\/09\/05\/karl-toriola-de-mtn-lance-les-tests-de-la-5g\/#respond"]}]},{"@type":"WebPage","@id":"https:\/\/appsaf.apieproject.com\/news\/fr\/2022\/09\/05\/karl-toriola-de-mtn-lance-les-tests-de-la-5g\/","url":"https:\/\/appsaf.apieproject.com\/news\/fr\/2022\/09\/05\/karl-toriola-de-mtn-lance-les-tests-de-la-5g\/","name":"Karl Toriola de MTN lance les tests de la 5G - APIE NEWS","isPartOf":{"@id":"https:\/\/appsaf.apieproject.com\/news\/#website"},"primaryImageOfPage":{"@id":"https:\/\/appsaf.apieproject.com\/news\/fr\/2022\/09\/05\/karl-toriola-de-mtn-lance-les-tests-de-la-5g\/#primaryimage"},"image":{"@id":"https:\/\/appsaf.apieproject.com\/news\/fr\/2022\/09\/05\/karl-toriola-de-mtn-lance-les-tests-de-la-5g\/#primaryimage"},"thumbnailUrl":"https:\/\/appsaf.apieproject.com\/news\/wp-content\/uploads\/sites\/29\/2022\/08\/Karl-Toriola-PDG-MTN-Nigeria-8aac1922744f71c3b81d053d03f91f0e.png","datePublished":"2022-09-05T04:17:23+00:00","dateModified":"2022-09-05T04:17:24+00:00","breadcrumb":{"@id":"https:\/\/appsaf.apieproject.com\/news\/fr\/2022\/09\/05\/karl-toriola-de-mtn-lance-les-tests-de-la-5g\/#breadcrumb"},"inLanguage":"fr-FR","potentialAction":[{"@type":"ReadAction","target":["https:\/\/appsaf.apieproject.com\/news\/fr\/2022\/09\/05\/karl-toriola-de-mtn-lance-les-tests-de-la-5g\/"]}]},{"@type":"ImageObject","inLanguage":"fr-FR","@id":"https:\/\/appsaf.apieproject.com\/news\/fr\/2022\/09\/05\/karl-toriola-de-mtn-lance-les-tests-de-la-5g\/#primaryimage","url":"https:\/\/appsaf.apieproject.com\/news\/wp-content\/uploads\/sites\/29\/2022\/08\/Karl-Toriola-PDG-MTN-Nigeria-8aac1922744f71c3b81d053d03f91f0e.png","contentUrl":"https:\/\/appsaf.apieproject.com\/news\/wp-content\/uploads\/sites\/29\/2022\/08\/Karl-Toriola-PDG-MTN-Nigeria-8aac1922744f71c3b81d053d03f91f0e.png","width":700,"height":400},{"@type":"BreadcrumbList","@id":"https:\/\/appsaf.apieproject.com\/news\/fr\/2022\/09\/05\/karl-toriola-de-mtn-lance-les-tests-de-la-5g\/#breadcrumb","itemListElement":[{"@type":"ListItem","position":1,"name":"Home","item":"https:\/\/appsaf.apieproject.com\/news\/fr\/home\/"},{"@type":"ListItem","position":2,"name":"Karl Toriola de MTN lance les tests de la 5G"}]},{"@type":"WebSite","@id":"https:\/\/appsaf.apieproject.com\/news\/#website","url":"https:\/\/appsaf.apieproject.com\/news\/","name":"APIE NEWS","description":"PANAFRICANISM NEWS PORTAL","publisher":{"@id":"https:\/\/appsaf.apieproject.com\/news\/#organization"},"potentialAction":[{"@type":"SearchAction","target":{"@type":"EntryPoint","urlTemplate":"https:\/\/appsaf.apieproject.com\/news\/?s={search_term_string}"},"query-input":{"@type":"PropertyValueSpecification","valueRequired":true,"valueName":"search_term_string"}}],"inLanguage":"fr-FR"},{"@type":"Organization","@id":"https:\/\/appsaf.apieproject.com\/news\/#organization","name":"APIE PROJECT","url":"https:\/\/appsaf.apieproject.com\/news\/","logo":{"@type":"ImageObject","inLanguage":"fr-FR","@id":"https:\/\/appsaf.apieproject.com\/news\/#\/schema\/logo\/image\/","url":"https:\/\/appsaf.apieproject.com\/news\/wp-content\/uploads\/sites\/29\/2022\/07\/logo-R-TransparentBackground.png","contentUrl":"https:\/\/appsaf.apieproject.com\/news\/wp-content\/uploads\/sites\/29\/2022\/07\/logo-R-TransparentBackground.png","width":512,"height":512,"caption":"APIE PROJECT"},"image":{"@id":"https:\/\/appsaf.apieproject.com\/news\/#\/schema\/logo\/image\/"},"sameAs":["https:\/\/facebook.com\/apieproject","https:\/\/x.com\/apieproject"]},{"@type":"Person","@id":"https:\/\/appsaf.apieproject.com\/news\/#\/schema\/person\/399517cac378948cd7b39086f9ddc2a7","name":"staff","image":{"@type":"ImageObject","inLanguage":"fr-FR","@id":"https:\/\/appsaf.apieproject.com\/news\/#\/schema\/person\/image\/","url":"https:\/\/secure.gravatar.com\/avatar\/5386283c5db150efe261184bd59f072a?s=96&d=mm&r=g","contentUrl":"https:\/\/secure.gravatar.com\/avatar\/5386283c5db150efe261184bd59f072a?s=96&d=mm&r=g","caption":"staff"},"url":"https:\/\/appsaf.apieproject.com\/news\/fr\/author\/staff\/"}]}},"_links":{"self":[{"href":"https:\/\/appsaf.apieproject.com\/news\/fr\/wp-json\/wp\/v2\/posts\/15638","targetHints":{"allow":["GET"]}}],"collection":[{"href":"https:\/\/appsaf.apieproject.com\/news\/fr\/wp-json\/wp\/v2\/posts"}],"about":[{"href":"https:\/\/appsaf.apieproject.com\/news\/fr\/wp-json\/wp\/v2\/types\/post"}],"author":[{"embeddable":true,"href":"https:\/\/appsaf.apieproject.com\/news\/fr\/wp-json\/wp\/v2\/users\/12963"}],"replies":[{"embeddable":true,"href":"https:\/\/appsaf.apieproject.com\/news\/fr\/wp-json\/wp\/v2\/comments?post=15638"}],"version-history":[{"count":1,"href":"https:\/\/appsaf.apieproject.com\/news\/fr\/wp-json\/wp\/v2\/posts\/15638\/revisions"}],"predecessor-version":[{"id":16141,"href":"https:\/\/appsaf.apieproject.com\/news\/fr\/wp-json\/wp\/v2\/posts\/15638\/revisions\/16141"}],"wp:featuredmedia":[{"embeddable":true,"href":"https:\/\/appsaf.apieproject.com\/news\/fr\/wp-json\/wp\/v2\/media\/15635"}],"wp:attachment":[{"href":"https:\/\/appsaf.apieproject.com\/news\/fr\/wp-json\/wp\/v2\/media?parent=15638"}],"wp:term":[{"taxonomy":"category","embeddable":true,"href":"https:\/\/appsaf.apieproject.com\/news\/fr\/wp-json\/wp\/v2\/categories?post=15638"},{"taxonomy":"post_tag","embeddable":true,"href":"https:\/\/appsaf.apieproject.com\/news\/fr\/wp-json\/wp\/v2\/tags?post=15638"}],"curies":[{"name":"wp","href":"https:\/\/api.w.org\/{rel}","templated":true}]}}