{"id":15678,"date":"2022-09-05T04:30:35","date_gmt":"2022-09-05T04:30:35","guid":{"rendered":"https:\/\/appsaf.apieproject.com\/news\/?p=15678"},"modified":"2022-09-05T04:30:36","modified_gmt":"2022-09-05T04:30:36","slug":"le-festival-des-films-de-la-diaspora-africaine-souvre-ce-vendredi-2-septembre-a-paris","status":"publish","type":"post","link":"https:\/\/appsaf.apieproject.com\/news\/fr\/2022\/09\/05\/le-festival-des-films-de-la-diaspora-africaine-souvre-ce-vendredi-2-septembre-a-paris\/","title":{"rendered":"Le Festival des films de la diaspora africaine s\u2019ouvre ce vendredi 2 septembre \u00e0 Paris"},"content":{"rendered":"<p>Le FIFDA s\u2019ouvre ce vendredi 2 septembre et permet de d\u00e9couvrir de nombreux films in\u00e9dits en France. Du Maghreb au Cameroun, en passant par la Nouvelle-Z\u00e9lande, la Guadeloupe et les USA : un cin\u00e9ma du monde pour notre monde ! On commence en fanfare avec le film d\u2019ouverture, Voodoo MacBeth ! (2021, 108 minutes, \u00c9tats-Unis, VOSF) qui revient sur un \u00e9v\u00e9nement qui marqua l\u2019histoire de la culture noire aux \u00c9tats-Unis : la pi\u00e8ce MacBeth de Shakespeare mont\u00e9e au Lafayette Theater pour la premi\u00e8re fois avec une distribution enti\u00e8rement noire en 1936. Sous la direction d\u2019Orson Welles, la pi\u00e8ce MacBeth est transplant\u00e9e d\u2019\u00c9cosse en Ha\u00efti. Le jeune animateur radio de 21 ans monta la pi\u00e8ce avec des com\u00e9diens amateurs. Ce projet est issu du Negro Theater Unit, le programme f\u00e9d\u00e9ral de th\u00e9\u00e2tre financ\u00e9 par le New Deal de Roosevelt durant la Grande d\u00e9pression pour rem\u00e9dier aux difficult\u00e9s des artistes. Le film est r\u00e9alis\u00e9 par Dagmawi Abebe. La projection du film sera accompagn\u00e9e d\u2019un d\u00e9bat avec actrice am\u00e9ricaine Inger Tudor et acteurs fran\u00e7ais invit\u00e9s.<\/p>\n<p>En cl\u00f4ture, on pourra visionner la reprise du premier long-m\u00e9trage de Jean-Claude Flamand Barny, Neg Maron (2005, 95 minutes, VOSF) qui se d\u00e9roule en Guadeloupe au d\u00e9but des ann\u00e9es 2000. Dans un quartier populaire, deux jeunes rude boys \u00e0 la d\u00e9rive, Josua et Silex, m\u00e8nent une existence insouciante. Mais, suite \u00e0 un cambriolage qui tourne mal, ils se retrouvent emport\u00e9s dans une dangereuse spirale. La projection sera accompagn\u00e9e d\u2019un d\u00e9bat avec le r\u00e9alisateur.<\/p>\n<p>Il ne faut pas rater La Rockeuse du d\u00e9sert de la r\u00e9alisatrice alg\u00e9rienne Sara Nacer (2019, 75 minutes, Alg\u00e9rie, VOSF). Portrait intime, plein d\u2019esprit et profond, de l\u2019extraordinaire Hasna El Becharia. Pionni\u00e8re des artistes Gnawas f\u00e9minines, l\u2019artiste sexag\u00e9naire analphab\u00e8te fut la premi\u00e8re musicienne \u00e0 briser les conventions. Elle raconte notamment dans le film combien elle \u00e9tait incomprise et rejet\u00e9e, on lui lan\u00e7ait des pierres, car elle osait jouer une musique d\u2019hommes. Issue d\u2019une famille pauvre, son p\u00e8re qui jouait pour faire la qu\u00eate, ne voulait pas qu\u2019elle joue du guembri, l\u2019instrument de musique \u00e0 cordes pinc\u00e9es des Gnaouas. Elle l\u2019apprendra en le regardant jouer et chantera plus tard: \u00ab Nous devons tout \u00e0 nos parents et \u00e0 la r\u00e9silience \u00bb ! La projection est accompagn\u00e9e d\u2019un d\u00e9bat avec Sara Nacer qui a travaill\u00e9 pendant cinq ans pour \u00e9tudier vingt ans d\u2019archives et suivre l\u2019artiste dans diff\u00e9rents pays : Canada, Alg\u00e9rie, Maroc et France. Elle a elle-m\u00eame produit musicalement Hasna El Becharia avant de pouvoir la filmer et d\u2019entrer dans l\u2019intimit\u00e9 de sa maison \u00e0 B\u00e9char, ville tr\u00e9pidante pr\u00e8s de Taghit, aux portes du d\u00e9sert alg\u00e9rien.<\/p>\n<p>Ghofrane et les promesses du printemps de la r\u00e9alisatrice tunisienne renomm\u00e9e Raja Amari (2019, 84 minutes, France\/ VOF) revient sur le parcours d\u2019une jeune femme noire tunisienne de 25 ans. Victime de discriminations raciales, elle d\u00e9cide de s\u2019engager en politique. Elle se pr\u00e9sente aux \u00e9lections l\u00e9gislatives au cours d\u2019une ann\u00e9e \u00e9lectorale cruciale pour la Tunisie. Accroc des r\u00e9seaux sociaux, Ghofrane publie pr\u00e8s de 2000 images sur Facebook ! Au coll\u00e8ge, un professeur l\u2019avait trait\u00e9e de \u00ab b\u00fbche br\u00fbl\u00e9e \u00bb. Sortie du cocon familial, elle \u00e9tait effectivement confront\u00e9e au racisme, dans un pays o\u00f9 les taxis refusent souvent les Noirs. En contact avec une association antiraciste, elle trouve ses marques et garde ses cheveux boucl\u00e9s d\u2019afro-tunisienne. Elle s\u2019engage en politique aux c\u00f4t\u00e9s de Youssef Chahed, candidat du parti d\u00e9mocratique Tahya Touns (\u00ab Vive la Tunisie \u00bb) en 2019. Elle est confront\u00e9e \u00e0 la d\u00e9faite de la famille d\u00e9mocratique : les gens n\u2019ont plus confiance dans les partis traditionnels et pr\u00e9f\u00e8rent voter pour des individus, indique Selma Baccar. La d\u00e9sillusion est difficile \u00e0 d\u00e9passer apr\u00e8s l\u2019effervescence r\u00e9volutionnaire, mais Ghofrane ne l\u00e2che pas, quitte \u00e0 se faire avocate du peuple\u2026 Ce film permet \u00e0 la r\u00e9alisatrice Raja Amari de documenter la d\u00e9ception qui envahit le pays alors que la col\u00e8re est encore l\u00e0. Elle dialoguera avec le public apr\u00e8s la projection.<\/p>\n<p>Habiba, un amour au confinement du r\u00e9alisateur marocain Hassan Benjelloun (2022, 90 minutes, Fiction, Maroc, VOSF) est n\u00e9 de la relation d\u2019amiti\u00e9 entre le r\u00e9alisateur et le c\u00e9l\u00e8bre musicien aveugle Fettah Ngadi qui joue le r\u00f4le principal. Ils ont \u00e9crit ensemble le sc\u00e9nario qui emprunte des \u00e9l\u00e9ments \u00e0 leur vie. Le film nous pr\u00e9sente Habiba qui, apr\u00e8s la fermeture de l\u2019h\u00f4tel o\u00f9 elle r\u00e9sidait \u00e0 cause du COVID, va vivre chez son professeur de musique. Une romance subtile na\u00eet du double confinement provoqu\u00e9 par le virus et la c\u00e9cit\u00e9.<\/p>\n<p>On aura l\u2019occasion de visionner dans cette douzi\u00e8me \u00e9dition de la FIFDA le documentaire Sortir de l\u2019ombre (2020, 79 minutes, Canada, VOF), Prix du public du meilleur film documentaire au festival Cin\u00e9mas d\u2019Afrique d\u2019Angers (France), de la r\u00e9alisatrice d\u2019origine togolaise Gentille M. Assih. Ce film est tr\u00e8s attendu apr\u00e8s les excellents Itchombi (2008) sur le rituel de la circoncision des adultes et Le Rite, la folle et moi (2012) o\u00f9 la r\u00e9alisatrice se demandait pourquoi son p\u00e8re l\u2019a toujours battue alors qu\u2019il \u00e9pargnait ses fr\u00e8res et s\u0153urs. Sortir de l\u2019ombre se d\u00e9roule au Qu\u00e9bec o\u00f9 elle r\u00e9side depuis 2009, et parle de la force de r\u00e9silience des femmes d\u2019origines africaines au Canada qui lib\u00e8rent leur parole, apr\u00e8s la peur.<\/p>\n<p>Fighting for respect est un documentaire de Joanne Burke (2021, 52 minutes, \u00c9tats-Unis, France, VOF) sur l\u2019histoire des afro-am\u00e9ricains en France, combattants pendant la Premi\u00e8re Guerre mondiale, puis d\u00e9cor\u00e9s de la Croix de Guerre de la France, alors qu\u2019ils devaient lutter contre la discrimination aux \u00c9tats Unis. La projection sera suivie d\u2019un d\u00e9bat avec le r\u00e9alisateur.<\/p>\n<p>Mary Lou Williams, the Lady who sings the band r\u00e9alis\u00e9 par Carol Bash (2015, 60 minutes, \u00c9tats-Unis, VOSF) est un film sur la pianiste et compositrice qui a contribu\u00e9 \u00e0 fa\u00e7onner le son de l\u2019Am\u00e9rique du XXe si\u00e8cle. On \u00e9voque souvent les voix des chanteuses, plus rarement les grandes interpr\u00e8tes f\u00e9minines. De 6 \u00e0 14 ans, elle joue partout dans Pittsburgh. Elle finit par quitter sa m\u00e8re alcoolique mais sera viol\u00e9e dans le train par le conducteur, ce qui donnera la magnifique composition Night Life, tentative musicale enjou\u00e9e de conjurer le traumatisme. Elle se marie \u00e0 16 ans au saxophoniste John Williams, qui rejoint en 1929 le groupe d\u2019Andy Kirk, que Mary Lou finira aussi par int\u00e9grer. C\u2019est alors le seul groupe avec une pianiste f\u00e9minine, o\u00f9 elle apporte une libert\u00e9 musicale que l\u2019on retrouve par exemple dans Walkin\u2019 &amp; Singin\u2019. Toujours \u00e0 improviser, elle \u00e9crit aussi des arrangements pour d\u2019autres groupes et finit par quitter Andy Kirk qui ne la payait pas \u00e0 \u00e9galit\u00e9 avec les hommes.<\/p>\n<p>Moto-Taxi (Bendskins) est le premier long-m\u00e9trage du r\u00e9alisateur Camerounais Narcisse Wandji (2021, 90 minutes, Cameroun, VOF) qui pr\u00e9sente la vie de trois jeunes \u00e0 Yaound\u00e9 : Sani, Marie et Franck. Sani doit affronter Charles, son employeur qui est le p\u00e8re de Samedi, sa copine, qui attend un enfant de lui. Marie, viol\u00e9e il y a cinq ans, essaie de retrouver Tom, son violeur, tandis que Frank doit se d\u00e9barrasser du corps sans vie d\u2019un enfant de 8 mois. Narcisse Wandji d\u00e9battra avec le public apr\u00e8s la projection. Signalons que le film d\u00e9bute avec une citation du cin\u00e9aste Djibril Diop Mambety, dont nous parlerons dans un prochain article de Mondafrique, et de son film Touki-Bouki (les cornes de vache sur une moto).<\/p>\n<p>Loimata : the swatest tears (Loimata, les larmes les plus douces) de la r\u00e9alisatrice Anna Marbrook (2021, 95 minutes, Nouvelle-Z\u00e9lande, VOSF) suit les derni\u00e8res ann\u00e9es de vie d\u2019une femme Maori qui construit des Wakas \u2013 une pirogue utilis\u00e9e pour voyager d\u2019\u00eele en \u00eele. Accompagn\u00e9e de sa famille, elle voyage \u00e0 Samoa sur les lieux d\u2019un trauma (un abus sexuel) pour lib\u00e9rer la parole et s\u2019affirmer dans cette soci\u00e9t\u00e9 contrari\u00e9e jadis par la colonisation, aujourd\u2019hui par le consum\u00e9risme actuel.<\/p>\n<p>Le FIFDA nous offre \u00e9galement la d\u00e9couverte de trois films d\u2019animation. Les trois v\u00e9rit\u00e9s de Djilali Beskri (2017, 14 minutes, B\u00e9nin, VOF) ; Malika et la sorci\u00e8re, r\u00e9alis\u00e9 par Djilali Beskri (2014, 15 minutes, Burkina-Faso, VOF) ; et Mofiala r\u00e9alis\u00e9 par Boris Kpadenou (2020, 26 minutes, Togo, VOSF).<\/p>\n<p>Le FIFDA nous pr\u00e9sente plusieurs portraits de femmes fortes qui bousculent les traditions et nous obligent \u00e0 regarder devant nous, quelque soit les malheurs qui surviennent. Comme le relate bien Olivier Barlet, \u00ab L\u2019enjeu des d\u00e9couvertes [dans le FIFDA] est le regard, c\u2019est-\u00e0-dire les diff\u00e9rentes fa\u00e7ons de penser le monde que proposent les diff\u00e9rents films. Si l\u2019enjeu est le regard, cela signifie que ces images doivent \u00eatre des couperets stimulant la conscience contre l\u2019assignation li\u00e9e \u00e0 l\u2019origine ou la couleur de peau (le regard des autres), mais aussi des remises en cause de son propre regard sur soi. Ces films sont \u00e0 voir comme des gestes contribuant \u00e0 la cr\u00e9ation du possible dans une joie partag\u00e9e. \u00bb[1]<\/p>\n","protected":false},"excerpt":{"rendered":"<p>Le FIFDA s\u2019ouvre ce vendredi 2 septembre et permet de d\u00e9couvrir de nombreux films in\u00e9dits en France. Du Maghreb au Cameroun, en passant par la Nouvelle-Z\u00e9lande, la Guadeloupe et les USA : un cin\u00e9ma du monde pour notre monde !<\/p>\n","protected":false},"author":12963,"featured_media":15675,"comment_status":"open","ping_status":"open","sticky":false,"template":"","format":"standard","meta":{"footnotes":""},"categories":[53,55],"tags":[78,87,88],"class_list":{"0":"post-15678","1":"post","2":"type-post","3":"status-publish","4":"format-standard","5":"has-post-thumbnail","7":"category-culture-fr","8":"category-divertissement","9":"tag-apie-project-2","10":"tag-culture-2","11":"tag-divertissement"},"yoast_head":"<!-- This site is optimized with the Yoast SEO plugin v24.4 - https:\/\/yoast.com\/wordpress\/plugins\/seo\/ -->\n<title>Le Festival des films de la diaspora africaine s\u2019ouvre ce vendredi 2 septembre \u00e0 Paris - APIE NEWS<\/title>\n<meta name=\"robots\" content=\"index, follow, max-snippet:-1, max-image-preview:large, max-video-preview:-1\" \/>\n<link rel=\"canonical\" href=\"https:\/\/appsaf.apieproject.com\/news\/fr\/2022\/09\/05\/le-festival-des-films-de-la-diaspora-africaine-souvre-ce-vendredi-2-septembre-a-paris\/\" \/>\n<meta property=\"og:locale\" content=\"fr_FR\" \/>\n<meta property=\"og:type\" content=\"article\" \/>\n<meta property=\"og:title\" content=\"Le Festival des films de la diaspora africaine s\u2019ouvre ce vendredi 2 septembre \u00e0 Paris - APIE NEWS\" \/>\n<meta property=\"og:description\" content=\"Le FIFDA s\u2019ouvre ce vendredi 2 septembre et permet de d\u00e9couvrir de nombreux films in\u00e9dits en France. Du Maghreb au Cameroun, en passant par la Nouvelle-Z\u00e9lande, la Guadeloupe et les USA : un cin\u00e9ma du monde pour notre monde !\" \/>\n<meta property=\"og:url\" content=\"https:\/\/appsaf.apieproject.com\/news\/fr\/2022\/09\/05\/le-festival-des-films-de-la-diaspora-africaine-souvre-ce-vendredi-2-septembre-a-paris\/\" \/>\n<meta property=\"og:site_name\" content=\"APIE NEWS\" \/>\n<meta property=\"article:publisher\" content=\"https:\/\/facebook.com\/apieproject\" \/>\n<meta property=\"article:published_time\" content=\"2022-09-05T04:30:35+00:00\" \/>\n<meta property=\"article:modified_time\" content=\"2022-09-05T04:30:36+00:00\" \/>\n<meta property=\"og:image\" content=\"https:\/\/appsaf.apieproject.com\/news\/wp-content\/uploads\/sites\/29\/2022\/08\/Ghofrane-et-les-promesses-du-printemps-696x441-558dd53953cd515b6cbcbcc905e68da1.jpg\" \/>\n\t<meta property=\"og:image:width\" content=\"696\" \/>\n\t<meta property=\"og:image:height\" content=\"441\" \/>\n\t<meta property=\"og:image:type\" content=\"image\/jpeg\" \/>\n<meta name=\"author\" content=\"staff\" \/>\n<meta name=\"twitter:card\" content=\"summary_large_image\" \/>\n<meta name=\"twitter:creator\" content=\"@apieproject\" \/>\n<meta name=\"twitter:site\" content=\"@apieproject\" \/>\n<meta name=\"twitter:label1\" content=\"\u00c9crit par\" \/>\n\t<meta name=\"twitter:data1\" content=\"staff\" \/>\n\t<meta name=\"twitter:label2\" content=\"Dur\u00e9e de lecture estim\u00e9e\" \/>\n\t<meta name=\"twitter:data2\" content=\"8 minutes\" \/>\n<script type=\"application\/ld+json\" class=\"yoast-schema-graph\">{\"@context\":\"https:\/\/schema.org\",\"@graph\":[{\"@type\":\"Article\",\"@id\":\"https:\/\/appsaf.apieproject.com\/news\/fr\/2022\/09\/05\/le-festival-des-films-de-la-diaspora-africaine-souvre-ce-vendredi-2-septembre-a-paris\/#article\",\"isPartOf\":{\"@id\":\"https:\/\/appsaf.apieproject.com\/news\/fr\/2022\/09\/05\/le-festival-des-films-de-la-diaspora-africaine-souvre-ce-vendredi-2-septembre-a-paris\/\"},\"author\":{\"name\":\"staff\",\"@id\":\"https:\/\/appsaf.apieproject.com\/news\/#\/schema\/person\/399517cac378948cd7b39086f9ddc2a7\"},\"headline\":\"Le Festival des films de la diaspora africaine s\u2019ouvre ce vendredi 2 septembre \u00e0 Paris\",\"datePublished\":\"2022-09-05T04:30:35+00:00\",\"dateModified\":\"2022-09-05T04:30:36+00:00\",\"mainEntityOfPage\":{\"@id\":\"https:\/\/appsaf.apieproject.com\/news\/fr\/2022\/09\/05\/le-festival-des-films-de-la-diaspora-africaine-souvre-ce-vendredi-2-septembre-a-paris\/\"},\"wordCount\":1606,\"commentCount\":0,\"publisher\":{\"@id\":\"https:\/\/appsaf.apieproject.com\/news\/#organization\"},\"image\":{\"@id\":\"https:\/\/appsaf.apieproject.com\/news\/fr\/2022\/09\/05\/le-festival-des-films-de-la-diaspora-africaine-souvre-ce-vendredi-2-septembre-a-paris\/#primaryimage\"},\"thumbnailUrl\":\"https:\/\/appsaf.apieproject.com\/news\/wp-content\/uploads\/sites\/29\/2022\/08\/Ghofrane-et-les-promesses-du-printemps-696x441-558dd53953cd515b6cbcbcc905e68da1.jpg\",\"keywords\":[\"apie project\",\"culture\",\"divertissement\"],\"articleSection\":[\"Culture\",\"Divertissement\"],\"inLanguage\":\"fr-FR\",\"potentialAction\":[{\"@type\":\"CommentAction\",\"name\":\"Comment\",\"target\":[\"https:\/\/appsaf.apieproject.com\/news\/fr\/2022\/09\/05\/le-festival-des-films-de-la-diaspora-africaine-souvre-ce-vendredi-2-septembre-a-paris\/#respond\"]}]},{\"@type\":\"WebPage\",\"@id\":\"https:\/\/appsaf.apieproject.com\/news\/fr\/2022\/09\/05\/le-festival-des-films-de-la-diaspora-africaine-souvre-ce-vendredi-2-septembre-a-paris\/\",\"url\":\"https:\/\/appsaf.apieproject.com\/news\/fr\/2022\/09\/05\/le-festival-des-films-de-la-diaspora-africaine-souvre-ce-vendredi-2-septembre-a-paris\/\",\"name\":\"Le Festival des films de la diaspora africaine s\u2019ouvre ce vendredi 2 septembre \u00e0 Paris - APIE NEWS\",\"isPartOf\":{\"@id\":\"https:\/\/appsaf.apieproject.com\/news\/#website\"},\"primaryImageOfPage\":{\"@id\":\"https:\/\/appsaf.apieproject.com\/news\/fr\/2022\/09\/05\/le-festival-des-films-de-la-diaspora-africaine-souvre-ce-vendredi-2-septembre-a-paris\/#primaryimage\"},\"image\":{\"@id\":\"https:\/\/appsaf.apieproject.com\/news\/fr\/2022\/09\/05\/le-festival-des-films-de-la-diaspora-africaine-souvre-ce-vendredi-2-septembre-a-paris\/#primaryimage\"},\"thumbnailUrl\":\"https:\/\/appsaf.apieproject.com\/news\/wp-content\/uploads\/sites\/29\/2022\/08\/Ghofrane-et-les-promesses-du-printemps-696x441-558dd53953cd515b6cbcbcc905e68da1.jpg\",\"datePublished\":\"2022-09-05T04:30:35+00:00\",\"dateModified\":\"2022-09-05T04:30:36+00:00\",\"breadcrumb\":{\"@id\":\"https:\/\/appsaf.apieproject.com\/news\/fr\/2022\/09\/05\/le-festival-des-films-de-la-diaspora-africaine-souvre-ce-vendredi-2-septembre-a-paris\/#breadcrumb\"},\"inLanguage\":\"fr-FR\",\"potentialAction\":[{\"@type\":\"ReadAction\",\"target\":[\"https:\/\/appsaf.apieproject.com\/news\/fr\/2022\/09\/05\/le-festival-des-films-de-la-diaspora-africaine-souvre-ce-vendredi-2-septembre-a-paris\/\"]}]},{\"@type\":\"ImageObject\",\"inLanguage\":\"fr-FR\",\"@id\":\"https:\/\/appsaf.apieproject.com\/news\/fr\/2022\/09\/05\/le-festival-des-films-de-la-diaspora-africaine-souvre-ce-vendredi-2-septembre-a-paris\/#primaryimage\",\"url\":\"https:\/\/appsaf.apieproject.com\/news\/wp-content\/uploads\/sites\/29\/2022\/08\/Ghofrane-et-les-promesses-du-printemps-696x441-558dd53953cd515b6cbcbcc905e68da1.jpg\",\"contentUrl\":\"https:\/\/appsaf.apieproject.com\/news\/wp-content\/uploads\/sites\/29\/2022\/08\/Ghofrane-et-les-promesses-du-printemps-696x441-558dd53953cd515b6cbcbcc905e68da1.jpg\",\"width\":696,\"height\":441},{\"@type\":\"BreadcrumbList\",\"@id\":\"https:\/\/appsaf.apieproject.com\/news\/fr\/2022\/09\/05\/le-festival-des-films-de-la-diaspora-africaine-souvre-ce-vendredi-2-septembre-a-paris\/#breadcrumb\",\"itemListElement\":[{\"@type\":\"ListItem\",\"position\":1,\"name\":\"Home\",\"item\":\"https:\/\/appsaf.apieproject.com\/news\/fr\/home\/\"},{\"@type\":\"ListItem\",\"position\":2,\"name\":\"Le Festival des films de la diaspora africaine s\u2019ouvre ce vendredi 2 septembre \u00e0 Paris\"}]},{\"@type\":\"WebSite\",\"@id\":\"https:\/\/appsaf.apieproject.com\/news\/#website\",\"url\":\"https:\/\/appsaf.apieproject.com\/news\/\",\"name\":\"APIE NEWS\",\"description\":\"PANAFRICANISM NEWS PORTAL\",\"publisher\":{\"@id\":\"https:\/\/appsaf.apieproject.com\/news\/#organization\"},\"potentialAction\":[{\"@type\":\"SearchAction\",\"target\":{\"@type\":\"EntryPoint\",\"urlTemplate\":\"https:\/\/appsaf.apieproject.com\/news\/?s={search_term_string}\"},\"query-input\":{\"@type\":\"PropertyValueSpecification\",\"valueRequired\":true,\"valueName\":\"search_term_string\"}}],\"inLanguage\":\"fr-FR\"},{\"@type\":\"Organization\",\"@id\":\"https:\/\/appsaf.apieproject.com\/news\/#organization\",\"name\":\"APIE PROJECT\",\"url\":\"https:\/\/appsaf.apieproject.com\/news\/\",\"logo\":{\"@type\":\"ImageObject\",\"inLanguage\":\"fr-FR\",\"@id\":\"https:\/\/appsaf.apieproject.com\/news\/#\/schema\/logo\/image\/\",\"url\":\"https:\/\/appsaf.apieproject.com\/news\/wp-content\/uploads\/sites\/29\/2022\/07\/logo-R-TransparentBackground.png\",\"contentUrl\":\"https:\/\/appsaf.apieproject.com\/news\/wp-content\/uploads\/sites\/29\/2022\/07\/logo-R-TransparentBackground.png\",\"width\":512,\"height\":512,\"caption\":\"APIE PROJECT\"},\"image\":{\"@id\":\"https:\/\/appsaf.apieproject.com\/news\/#\/schema\/logo\/image\/\"},\"sameAs\":[\"https:\/\/facebook.com\/apieproject\",\"https:\/\/x.com\/apieproject\"]},{\"@type\":\"Person\",\"@id\":\"https:\/\/appsaf.apieproject.com\/news\/#\/schema\/person\/399517cac378948cd7b39086f9ddc2a7\",\"name\":\"staff\",\"image\":{\"@type\":\"ImageObject\",\"inLanguage\":\"fr-FR\",\"@id\":\"https:\/\/appsaf.apieproject.com\/news\/#\/schema\/person\/image\/\",\"url\":\"https:\/\/secure.gravatar.com\/avatar\/5386283c5db150efe261184bd59f072a?s=96&d=mm&r=g\",\"contentUrl\":\"https:\/\/secure.gravatar.com\/avatar\/5386283c5db150efe261184bd59f072a?s=96&d=mm&r=g\",\"caption\":\"staff\"},\"url\":\"https:\/\/appsaf.apieproject.com\/news\/fr\/author\/staff\/\"}]}<\/script>\n<!-- \/ Yoast SEO plugin. -->","yoast_head_json":{"title":"Le Festival des films de la diaspora africaine s\u2019ouvre ce vendredi 2 septembre \u00e0 Paris - APIE NEWS","robots":{"index":"index","follow":"follow","max-snippet":"max-snippet:-1","max-image-preview":"max-image-preview:large","max-video-preview":"max-video-preview:-1"},"canonical":"https:\/\/appsaf.apieproject.com\/news\/fr\/2022\/09\/05\/le-festival-des-films-de-la-diaspora-africaine-souvre-ce-vendredi-2-septembre-a-paris\/","og_locale":"fr_FR","og_type":"article","og_title":"Le Festival des films de la diaspora africaine s\u2019ouvre ce vendredi 2 septembre \u00e0 Paris - APIE NEWS","og_description":"Le FIFDA s\u2019ouvre ce vendredi 2 septembre et permet de d\u00e9couvrir de nombreux films in\u00e9dits en France. Du Maghreb au Cameroun, en passant par la Nouvelle-Z\u00e9lande, la Guadeloupe et les USA : un cin\u00e9ma du monde pour notre monde !","og_url":"https:\/\/appsaf.apieproject.com\/news\/fr\/2022\/09\/05\/le-festival-des-films-de-la-diaspora-africaine-souvre-ce-vendredi-2-septembre-a-paris\/","og_site_name":"APIE NEWS","article_publisher":"https:\/\/facebook.com\/apieproject","article_published_time":"2022-09-05T04:30:35+00:00","article_modified_time":"2022-09-05T04:30:36+00:00","og_image":[{"width":696,"height":441,"url":"https:\/\/appsaf.apieproject.com\/news\/wp-content\/uploads\/sites\/29\/2022\/08\/Ghofrane-et-les-promesses-du-printemps-696x441-558dd53953cd515b6cbcbcc905e68da1.jpg","type":"image\/jpeg"}],"author":"staff","twitter_card":"summary_large_image","twitter_creator":"@apieproject","twitter_site":"@apieproject","twitter_misc":{"\u00c9crit par":"staff","Dur\u00e9e de lecture estim\u00e9e":"8 minutes"},"schema":{"@context":"https:\/\/schema.org","@graph":[{"@type":"Article","@id":"https:\/\/appsaf.apieproject.com\/news\/fr\/2022\/09\/05\/le-festival-des-films-de-la-diaspora-africaine-souvre-ce-vendredi-2-septembre-a-paris\/#article","isPartOf":{"@id":"https:\/\/appsaf.apieproject.com\/news\/fr\/2022\/09\/05\/le-festival-des-films-de-la-diaspora-africaine-souvre-ce-vendredi-2-septembre-a-paris\/"},"author":{"name":"staff","@id":"https:\/\/appsaf.apieproject.com\/news\/#\/schema\/person\/399517cac378948cd7b39086f9ddc2a7"},"headline":"Le Festival des films de la diaspora africaine s\u2019ouvre ce vendredi 2 septembre \u00e0 Paris","datePublished":"2022-09-05T04:30:35+00:00","dateModified":"2022-09-05T04:30:36+00:00","mainEntityOfPage":{"@id":"https:\/\/appsaf.apieproject.com\/news\/fr\/2022\/09\/05\/le-festival-des-films-de-la-diaspora-africaine-souvre-ce-vendredi-2-septembre-a-paris\/"},"wordCount":1606,"commentCount":0,"publisher":{"@id":"https:\/\/appsaf.apieproject.com\/news\/#organization"},"image":{"@id":"https:\/\/appsaf.apieproject.com\/news\/fr\/2022\/09\/05\/le-festival-des-films-de-la-diaspora-africaine-souvre-ce-vendredi-2-septembre-a-paris\/#primaryimage"},"thumbnailUrl":"https:\/\/appsaf.apieproject.com\/news\/wp-content\/uploads\/sites\/29\/2022\/08\/Ghofrane-et-les-promesses-du-printemps-696x441-558dd53953cd515b6cbcbcc905e68da1.jpg","keywords":["apie project","culture","divertissement"],"articleSection":["Culture","Divertissement"],"inLanguage":"fr-FR","potentialAction":[{"@type":"CommentAction","name":"Comment","target":["https:\/\/appsaf.apieproject.com\/news\/fr\/2022\/09\/05\/le-festival-des-films-de-la-diaspora-africaine-souvre-ce-vendredi-2-septembre-a-paris\/#respond"]}]},{"@type":"WebPage","@id":"https:\/\/appsaf.apieproject.com\/news\/fr\/2022\/09\/05\/le-festival-des-films-de-la-diaspora-africaine-souvre-ce-vendredi-2-septembre-a-paris\/","url":"https:\/\/appsaf.apieproject.com\/news\/fr\/2022\/09\/05\/le-festival-des-films-de-la-diaspora-africaine-souvre-ce-vendredi-2-septembre-a-paris\/","name":"Le Festival des films de la diaspora africaine s\u2019ouvre ce vendredi 2 septembre \u00e0 Paris - APIE NEWS","isPartOf":{"@id":"https:\/\/appsaf.apieproject.com\/news\/#website"},"primaryImageOfPage":{"@id":"https:\/\/appsaf.apieproject.com\/news\/fr\/2022\/09\/05\/le-festival-des-films-de-la-diaspora-africaine-souvre-ce-vendredi-2-septembre-a-paris\/#primaryimage"},"image":{"@id":"https:\/\/appsaf.apieproject.com\/news\/fr\/2022\/09\/05\/le-festival-des-films-de-la-diaspora-africaine-souvre-ce-vendredi-2-septembre-a-paris\/#primaryimage"},"thumbnailUrl":"https:\/\/appsaf.apieproject.com\/news\/wp-content\/uploads\/sites\/29\/2022\/08\/Ghofrane-et-les-promesses-du-printemps-696x441-558dd53953cd515b6cbcbcc905e68da1.jpg","datePublished":"2022-09-05T04:30:35+00:00","dateModified":"2022-09-05T04:30:36+00:00","breadcrumb":{"@id":"https:\/\/appsaf.apieproject.com\/news\/fr\/2022\/09\/05\/le-festival-des-films-de-la-diaspora-africaine-souvre-ce-vendredi-2-septembre-a-paris\/#breadcrumb"},"inLanguage":"fr-FR","potentialAction":[{"@type":"ReadAction","target":["https:\/\/appsaf.apieproject.com\/news\/fr\/2022\/09\/05\/le-festival-des-films-de-la-diaspora-africaine-souvre-ce-vendredi-2-septembre-a-paris\/"]}]},{"@type":"ImageObject","inLanguage":"fr-FR","@id":"https:\/\/appsaf.apieproject.com\/news\/fr\/2022\/09\/05\/le-festival-des-films-de-la-diaspora-africaine-souvre-ce-vendredi-2-septembre-a-paris\/#primaryimage","url":"https:\/\/appsaf.apieproject.com\/news\/wp-content\/uploads\/sites\/29\/2022\/08\/Ghofrane-et-les-promesses-du-printemps-696x441-558dd53953cd515b6cbcbcc905e68da1.jpg","contentUrl":"https:\/\/appsaf.apieproject.com\/news\/wp-content\/uploads\/sites\/29\/2022\/08\/Ghofrane-et-les-promesses-du-printemps-696x441-558dd53953cd515b6cbcbcc905e68da1.jpg","width":696,"height":441},{"@type":"BreadcrumbList","@id":"https:\/\/appsaf.apieproject.com\/news\/fr\/2022\/09\/05\/le-festival-des-films-de-la-diaspora-africaine-souvre-ce-vendredi-2-septembre-a-paris\/#breadcrumb","itemListElement":[{"@type":"ListItem","position":1,"name":"Home","item":"https:\/\/appsaf.apieproject.com\/news\/fr\/home\/"},{"@type":"ListItem","position":2,"name":"Le Festival des films de la diaspora africaine s\u2019ouvre ce vendredi 2 septembre \u00e0 Paris"}]},{"@type":"WebSite","@id":"https:\/\/appsaf.apieproject.com\/news\/#website","url":"https:\/\/appsaf.apieproject.com\/news\/","name":"APIE NEWS","description":"PANAFRICANISM NEWS PORTAL","publisher":{"@id":"https:\/\/appsaf.apieproject.com\/news\/#organization"},"potentialAction":[{"@type":"SearchAction","target":{"@type":"EntryPoint","urlTemplate":"https:\/\/appsaf.apieproject.com\/news\/?s={search_term_string}"},"query-input":{"@type":"PropertyValueSpecification","valueRequired":true,"valueName":"search_term_string"}}],"inLanguage":"fr-FR"},{"@type":"Organization","@id":"https:\/\/appsaf.apieproject.com\/news\/#organization","name":"APIE PROJECT","url":"https:\/\/appsaf.apieproject.com\/news\/","logo":{"@type":"ImageObject","inLanguage":"fr-FR","@id":"https:\/\/appsaf.apieproject.com\/news\/#\/schema\/logo\/image\/","url":"https:\/\/appsaf.apieproject.com\/news\/wp-content\/uploads\/sites\/29\/2022\/07\/logo-R-TransparentBackground.png","contentUrl":"https:\/\/appsaf.apieproject.com\/news\/wp-content\/uploads\/sites\/29\/2022\/07\/logo-R-TransparentBackground.png","width":512,"height":512,"caption":"APIE PROJECT"},"image":{"@id":"https:\/\/appsaf.apieproject.com\/news\/#\/schema\/logo\/image\/"},"sameAs":["https:\/\/facebook.com\/apieproject","https:\/\/x.com\/apieproject"]},{"@type":"Person","@id":"https:\/\/appsaf.apieproject.com\/news\/#\/schema\/person\/399517cac378948cd7b39086f9ddc2a7","name":"staff","image":{"@type":"ImageObject","inLanguage":"fr-FR","@id":"https:\/\/appsaf.apieproject.com\/news\/#\/schema\/person\/image\/","url":"https:\/\/secure.gravatar.com\/avatar\/5386283c5db150efe261184bd59f072a?s=96&d=mm&r=g","contentUrl":"https:\/\/secure.gravatar.com\/avatar\/5386283c5db150efe261184bd59f072a?s=96&d=mm&r=g","caption":"staff"},"url":"https:\/\/appsaf.apieproject.com\/news\/fr\/author\/staff\/"}]}},"_links":{"self":[{"href":"https:\/\/appsaf.apieproject.com\/news\/fr\/wp-json\/wp\/v2\/posts\/15678","targetHints":{"allow":["GET"]}}],"collection":[{"href":"https:\/\/appsaf.apieproject.com\/news\/fr\/wp-json\/wp\/v2\/posts"}],"about":[{"href":"https:\/\/appsaf.apieproject.com\/news\/fr\/wp-json\/wp\/v2\/types\/post"}],"author":[{"embeddable":true,"href":"https:\/\/appsaf.apieproject.com\/news\/fr\/wp-json\/wp\/v2\/users\/12963"}],"replies":[{"embeddable":true,"href":"https:\/\/appsaf.apieproject.com\/news\/fr\/wp-json\/wp\/v2\/comments?post=15678"}],"version-history":[{"count":1,"href":"https:\/\/appsaf.apieproject.com\/news\/fr\/wp-json\/wp\/v2\/posts\/15678\/revisions"}],"predecessor-version":[{"id":16155,"href":"https:\/\/appsaf.apieproject.com\/news\/fr\/wp-json\/wp\/v2\/posts\/15678\/revisions\/16155"}],"wp:featuredmedia":[{"embeddable":true,"href":"https:\/\/appsaf.apieproject.com\/news\/fr\/wp-json\/wp\/v2\/media\/15675"}],"wp:attachment":[{"href":"https:\/\/appsaf.apieproject.com\/news\/fr\/wp-json\/wp\/v2\/media?parent=15678"}],"wp:term":[{"taxonomy":"category","embeddable":true,"href":"https:\/\/appsaf.apieproject.com\/news\/fr\/wp-json\/wp\/v2\/categories?post=15678"},{"taxonomy":"post_tag","embeddable":true,"href":"https:\/\/appsaf.apieproject.com\/news\/fr\/wp-json\/wp\/v2\/tags?post=15678"}],"curies":[{"name":"wp","href":"https:\/\/api.w.org\/{rel}","templated":true}]}}