{"id":15686,"date":"2022-09-05T04:33:20","date_gmt":"2022-09-05T04:33:20","guid":{"rendered":"https:\/\/appsaf.apieproject.com\/news\/?p=15686"},"modified":"2022-09-05T04:33:21","modified_gmt":"2022-09-05T04:33:21","slug":"musique-urbaine-privat-kaporedji-lance-bala-bala","status":"publish","type":"post","link":"https:\/\/appsaf.apieproject.com\/news\/fr\/2022\/09\/05\/musique-urbaine-privat-kaporedji-lance-bala-bala\/","title":{"rendered":"Musique urbaine : Privat Kaporedji lance \u201cBala-Bala\u201d"},"content":{"rendered":"<p>Dans la chanson \u201cBala-Bala\u201d, une chanson de musique urbaine, Privat Kaporedji Mokolo Talanga\u00ef a d\u00e9cid\u00e9 de chanter pour les enfants de la rue qui n\u2019ont pas pu b\u00e9n\u00e9ficier de l\u2019\u00e9ducation des parents. Dans cette chanson, il y a une partie o\u00f9 l\u2019artiste dit : \u00ab Je veux aller \u00e0 l\u2019\u00e9cole, mais je n\u2019ai pas un p\u00e8re, une m\u00e8re mais comment je vais aller \u00e0 l\u2019\u00e9cole ? \u00bb Il y a une autre partie o\u00f9 il dit, \u00ab Malgr\u00e9 que la rue m\u2019a forg\u00e9, mais je veux vivre \u00bb. Avant d\u2019indiquer \u00ab qu\u2019il arrive aussi que nous qualifions les enfants de la rue de voleurs, de mendiants, sans savoir pourquoi ils le sont. \u00bb<\/p>\n<p>Outre le single \u201cBala-Bala\u201d, Privat Kaporedji Mokolo Talanga\u00ef a sur la plateforme de t\u00e9l\u00e9chargement un titre intitul\u00e9 \u201cElimin\u00e9\u201d qui date de deux mois et demi d\u00e9j\u00e0, ainsi que la chanson \u201cImmuable\u201d qui est diffus\u00e9e sur plusieurs cha\u00eenes de t\u00e9l\u00e9visions africaines. Cette chanson a atteint d\u00e9j\u00e0 plus de 28 000 vues. \u00ab Je r\u00eave de gagner beaucoup d\u2019argent pour me permettre de produire assez et d\u2019aider les gens qui sont dans des situations difficiles, \u00e0 travers une fondation que je vais cr\u00e9er \u00bb a-t-il \u00e9mis le v\u0153u, avant de d\u00e9plorer le fait que les jeunes n\u2019aiment pas beaucoup lire les journaux. \u00ab Int\u00e9ressons-nous \u00e0 la lecture, surtout des journaux \u00bb, a-t-il lanc\u00e9.<\/p>\n<p>N\u00e9 le 8 d\u00e9cembre 1991 \u00e0 Brazzaville, Privat Octave Ngats\u00e9, de son nom de sc\u00e8ne Kaporedji Mokolo Talangai, Leader ya Mboka, est un artiste musicien- compositeur de nationalit\u00e9 congolaise. Il a commenc\u00e9 par se faire un nom dans la sc\u00e8ne musicale de Brazzaville en 2017 avec son titre intitul\u00e9 \u201cPunda\u201d. Gr\u00e2ce \u00e0 ce single l\u2019artiste originaire du sixi\u00e8me arrondissement de la capitale devient influent et excelle plus vite dans la musique congolaise. Apr\u00e8s beaucoup d\u2019autres singles pr\u00e9c\u00e9dents, en 2020 il a lanc\u00e9 un single qui se hisse parmi les meilleurs titres les plus \u00e9cout\u00e9s dans son pays et qui traverse les fronti\u00e8res, intitul\u00e9 \u201cElombe\u201d qui signifie en fran\u00e7ais \u201cune personne forte ou courageuse\u201d. Dans cette chanson, l\u2019artiste parle d\u2019une force de vie morale et non physique. Cette chanson bien re\u00e7ue par le public s\u2019est propag\u00e9e au jour le jour.<\/p>\n<p>En 2021, Mokolo Talanga\u00ef Leader ya Mboka avait produit un nouveau titre sur le march\u00e9 intitul\u00e9 \u201cFimbo\u201d qui signifie en fran\u00e7ais \u00ab La chicote \u00bb. Dans cette chanson qui suscite un succ\u00e8s fou dans l\u2019industrie musicale du 242, l\u2019artiste fait comprendre au public que tout acte incivique est punissable. Il chante dans une partie de ce morceau musical : \u00ab Obomi libala oko suka mabe \u00bb en lingala, qui veut dire en fran\u00e7ais \u00ab Tu t\u2019es divorc\u00e9e, tu vas mal terminer ta vie \u00bb. A travers cet exemple, l\u2019artiste montre au public les principes justes de la vie.<\/p>\n<p>Privat Kaporedji Mokolo Talanga\u00ef est capable de faire de diff\u00e9rents genres de musique. Il a d\u00e9j\u00e0 fourni des concerts au Congo et plusieurs collaborations. A ce jour, il n\u2019a produit aucun album. \u00ab J\u2019ai commenc\u00e9 \u00e0 faire de la musique en m\u00eame temps que mes coll\u00e8gues DJ Firenze, DJ Otondo, et autres. Je me suis maintenu en m\u00e9langeant la musique urbaine et le coup\u00e9-d\u00e9cal\u00e9. Mon secret, c\u2019est le travail. J&rsquo;ai fait fi du succ\u00e8s, car le succ\u00e8s fait couler beaucoup d&rsquo;artistes si l&rsquo;on ne fait pas attention. Quant \u00e0 la transition de DJ \u00e0 l&rsquo;artiste musicien, nous, les DJ, avons la facilit\u00e9 de devenir artiste musicien parce que nous sommes au contact permanent de la musique et nous avons l\u2019oreille musicale, surtout si tu as la musique dans le sang. C\u2019est DJ H qui m\u2019a donn\u00e9 l\u2019envie de devenir DJ. Lorsque j\u2019ai eu le go\u00fbt de chanter, j\u2019ai commenc\u00e9 \u00e0 m\u2019int\u00e9resser \u00e0 Fally Ipupa, Ma\u00eetre Gim\u2019s, DJ Arafat \u00bb, a expliqu\u00e9 l\u2019artiste musicien Privat Kaporedji Leader ya Mboka.<\/p>\n","protected":false},"excerpt":{"rendered":"<p>Le single de Privat Kaporedji sera disponible sur le march\u00e9 du disque et sur toutes les plateformes de t\u00e9l\u00e9chargement, le 2 septembre, accompagn\u00e9 d\u2019un clip vid\u00e9o. Dans cette chanson, l\u2019artiste \u00e9voque la vie difficile des enfants dites de la rue.<\/p>\n","protected":false},"author":12963,"featured_media":15683,"comment_status":"open","ping_status":"open","sticky":false,"template":"","format":"standard","meta":{"footnotes":""},"categories":[55,65],"tags":[78,88,91],"class_list":{"0":"post-15686","1":"post","2":"type-post","3":"status-publish","4":"format-standard","5":"has-post-thumbnail","7":"category-divertissement","8":"category-musique","9":"tag-apie-project-2","10":"tag-divertissement","11":"tag-musique"},"yoast_head":"<!-- This site is optimized with the Yoast SEO plugin v24.4 - https:\/\/yoast.com\/wordpress\/plugins\/seo\/ -->\n<title>Musique urbaine : Privat Kaporedji lance \u201cBala-Bala\u201d - APIE NEWS<\/title>\n<meta name=\"robots\" content=\"index, follow, max-snippet:-1, max-image-preview:large, max-video-preview:-1\" \/>\n<link rel=\"canonical\" href=\"https:\/\/appsaf.apieproject.com\/news\/fr\/2022\/09\/05\/musique-urbaine-privat-kaporedji-lance-bala-bala\/\" \/>\n<meta property=\"og:locale\" content=\"fr_FR\" \/>\n<meta property=\"og:type\" content=\"article\" \/>\n<meta property=\"og:title\" content=\"Musique urbaine : Privat Kaporedji lance \u201cBala-Bala\u201d - APIE NEWS\" \/>\n<meta property=\"og:description\" content=\"Le single de Privat Kaporedji sera disponible sur le march\u00e9 du disque et sur toutes les plateformes de t\u00e9l\u00e9chargement, le 2 septembre, accompagn\u00e9 d\u2019un clip vid\u00e9o. Dans cette chanson, l\u2019artiste \u00e9voque la vie difficile des enfants dites de la rue.\" \/>\n<meta property=\"og:url\" content=\"https:\/\/appsaf.apieproject.com\/news\/fr\/2022\/09\/05\/musique-urbaine-privat-kaporedji-lance-bala-bala\/\" \/>\n<meta property=\"og:site_name\" content=\"APIE NEWS\" \/>\n<meta property=\"article:publisher\" content=\"https:\/\/facebook.com\/apieproject\" \/>\n<meta property=\"article:published_time\" content=\"2022-09-05T04:33:20+00:00\" \/>\n<meta property=\"article:modified_time\" content=\"2022-09-05T04:33:21+00:00\" \/>\n<meta property=\"og:image\" content=\"https:\/\/appsaf.apieproject.com\/news\/wp-content\/uploads\/sites\/29\/2022\/08\/lartiste_musicien_priva_kaporedji_-d5f44f95c0a849588c01511041cec993.jpg\" \/>\n\t<meta property=\"og:image:width\" content=\"639\" \/>\n\t<meta property=\"og:image:height\" content=\"747\" \/>\n\t<meta property=\"og:image:type\" content=\"image\/jpeg\" \/>\n<meta name=\"author\" content=\"staff\" \/>\n<meta name=\"twitter:card\" content=\"summary_large_image\" \/>\n<meta name=\"twitter:creator\" content=\"@apieproject\" \/>\n<meta name=\"twitter:site\" content=\"@apieproject\" \/>\n<meta name=\"twitter:label1\" content=\"\u00c9crit par\" \/>\n\t<meta name=\"twitter:data1\" content=\"staff\" \/>\n\t<meta name=\"twitter:label2\" content=\"Dur\u00e9e de lecture estim\u00e9e\" \/>\n\t<meta name=\"twitter:data2\" content=\"4 minutes\" \/>\n<script type=\"application\/ld+json\" class=\"yoast-schema-graph\">{\"@context\":\"https:\/\/schema.org\",\"@graph\":[{\"@type\":\"Article\",\"@id\":\"https:\/\/appsaf.apieproject.com\/news\/fr\/2022\/09\/05\/musique-urbaine-privat-kaporedji-lance-bala-bala\/#article\",\"isPartOf\":{\"@id\":\"https:\/\/appsaf.apieproject.com\/news\/fr\/2022\/09\/05\/musique-urbaine-privat-kaporedji-lance-bala-bala\/\"},\"author\":{\"name\":\"staff\",\"@id\":\"https:\/\/appsaf.apieproject.com\/news\/#\/schema\/person\/399517cac378948cd7b39086f9ddc2a7\"},\"headline\":\"Musique urbaine : Privat Kaporedji lance \u201cBala-Bala\u201d\",\"datePublished\":\"2022-09-05T04:33:20+00:00\",\"dateModified\":\"2022-09-05T04:33:21+00:00\",\"mainEntityOfPage\":{\"@id\":\"https:\/\/appsaf.apieproject.com\/news\/fr\/2022\/09\/05\/musique-urbaine-privat-kaporedji-lance-bala-bala\/\"},\"wordCount\":679,\"commentCount\":0,\"publisher\":{\"@id\":\"https:\/\/appsaf.apieproject.com\/news\/#organization\"},\"image\":{\"@id\":\"https:\/\/appsaf.apieproject.com\/news\/fr\/2022\/09\/05\/musique-urbaine-privat-kaporedji-lance-bala-bala\/#primaryimage\"},\"thumbnailUrl\":\"https:\/\/appsaf.apieproject.com\/news\/wp-content\/uploads\/sites\/29\/2022\/08\/lartiste_musicien_priva_kaporedji_-d5f44f95c0a849588c01511041cec993.jpg\",\"keywords\":[\"apie project\",\"divertissement\",\"musique\"],\"articleSection\":[\"Divertissement\",\"Musique\"],\"inLanguage\":\"fr-FR\",\"potentialAction\":[{\"@type\":\"CommentAction\",\"name\":\"Comment\",\"target\":[\"https:\/\/appsaf.apieproject.com\/news\/fr\/2022\/09\/05\/musique-urbaine-privat-kaporedji-lance-bala-bala\/#respond\"]}]},{\"@type\":\"WebPage\",\"@id\":\"https:\/\/appsaf.apieproject.com\/news\/fr\/2022\/09\/05\/musique-urbaine-privat-kaporedji-lance-bala-bala\/\",\"url\":\"https:\/\/appsaf.apieproject.com\/news\/fr\/2022\/09\/05\/musique-urbaine-privat-kaporedji-lance-bala-bala\/\",\"name\":\"Musique urbaine : Privat Kaporedji lance \u201cBala-Bala\u201d - APIE NEWS\",\"isPartOf\":{\"@id\":\"https:\/\/appsaf.apieproject.com\/news\/#website\"},\"primaryImageOfPage\":{\"@id\":\"https:\/\/appsaf.apieproject.com\/news\/fr\/2022\/09\/05\/musique-urbaine-privat-kaporedji-lance-bala-bala\/#primaryimage\"},\"image\":{\"@id\":\"https:\/\/appsaf.apieproject.com\/news\/fr\/2022\/09\/05\/musique-urbaine-privat-kaporedji-lance-bala-bala\/#primaryimage\"},\"thumbnailUrl\":\"https:\/\/appsaf.apieproject.com\/news\/wp-content\/uploads\/sites\/29\/2022\/08\/lartiste_musicien_priva_kaporedji_-d5f44f95c0a849588c01511041cec993.jpg\",\"datePublished\":\"2022-09-05T04:33:20+00:00\",\"dateModified\":\"2022-09-05T04:33:21+00:00\",\"breadcrumb\":{\"@id\":\"https:\/\/appsaf.apieproject.com\/news\/fr\/2022\/09\/05\/musique-urbaine-privat-kaporedji-lance-bala-bala\/#breadcrumb\"},\"inLanguage\":\"fr-FR\",\"potentialAction\":[{\"@type\":\"ReadAction\",\"target\":[\"https:\/\/appsaf.apieproject.com\/news\/fr\/2022\/09\/05\/musique-urbaine-privat-kaporedji-lance-bala-bala\/\"]}]},{\"@type\":\"ImageObject\",\"inLanguage\":\"fr-FR\",\"@id\":\"https:\/\/appsaf.apieproject.com\/news\/fr\/2022\/09\/05\/musique-urbaine-privat-kaporedji-lance-bala-bala\/#primaryimage\",\"url\":\"https:\/\/appsaf.apieproject.com\/news\/wp-content\/uploads\/sites\/29\/2022\/08\/lartiste_musicien_priva_kaporedji_-d5f44f95c0a849588c01511041cec993.jpg\",\"contentUrl\":\"https:\/\/appsaf.apieproject.com\/news\/wp-content\/uploads\/sites\/29\/2022\/08\/lartiste_musicien_priva_kaporedji_-d5f44f95c0a849588c01511041cec993.jpg\",\"width\":639,\"height\":747},{\"@type\":\"BreadcrumbList\",\"@id\":\"https:\/\/appsaf.apieproject.com\/news\/fr\/2022\/09\/05\/musique-urbaine-privat-kaporedji-lance-bala-bala\/#breadcrumb\",\"itemListElement\":[{\"@type\":\"ListItem\",\"position\":1,\"name\":\"Home\",\"item\":\"https:\/\/appsaf.apieproject.com\/news\/fr\/home\/\"},{\"@type\":\"ListItem\",\"position\":2,\"name\":\"Musique urbaine : Privat Kaporedji lance \u201cBala-Bala\u201d\"}]},{\"@type\":\"WebSite\",\"@id\":\"https:\/\/appsaf.apieproject.com\/news\/#website\",\"url\":\"https:\/\/appsaf.apieproject.com\/news\/\",\"name\":\"APIE NEWS\",\"description\":\"PANAFRICANISM NEWS PORTAL\",\"publisher\":{\"@id\":\"https:\/\/appsaf.apieproject.com\/news\/#organization\"},\"potentialAction\":[{\"@type\":\"SearchAction\",\"target\":{\"@type\":\"EntryPoint\",\"urlTemplate\":\"https:\/\/appsaf.apieproject.com\/news\/?s={search_term_string}\"},\"query-input\":{\"@type\":\"PropertyValueSpecification\",\"valueRequired\":true,\"valueName\":\"search_term_string\"}}],\"inLanguage\":\"fr-FR\"},{\"@type\":\"Organization\",\"@id\":\"https:\/\/appsaf.apieproject.com\/news\/#organization\",\"name\":\"APIE PROJECT\",\"url\":\"https:\/\/appsaf.apieproject.com\/news\/\",\"logo\":{\"@type\":\"ImageObject\",\"inLanguage\":\"fr-FR\",\"@id\":\"https:\/\/appsaf.apieproject.com\/news\/#\/schema\/logo\/image\/\",\"url\":\"https:\/\/appsaf.apieproject.com\/news\/wp-content\/uploads\/sites\/29\/2022\/07\/logo-R-TransparentBackground.png\",\"contentUrl\":\"https:\/\/appsaf.apieproject.com\/news\/wp-content\/uploads\/sites\/29\/2022\/07\/logo-R-TransparentBackground.png\",\"width\":512,\"height\":512,\"caption\":\"APIE PROJECT\"},\"image\":{\"@id\":\"https:\/\/appsaf.apieproject.com\/news\/#\/schema\/logo\/image\/\"},\"sameAs\":[\"https:\/\/facebook.com\/apieproject\",\"https:\/\/x.com\/apieproject\"]},{\"@type\":\"Person\",\"@id\":\"https:\/\/appsaf.apieproject.com\/news\/#\/schema\/person\/399517cac378948cd7b39086f9ddc2a7\",\"name\":\"staff\",\"image\":{\"@type\":\"ImageObject\",\"inLanguage\":\"fr-FR\",\"@id\":\"https:\/\/appsaf.apieproject.com\/news\/#\/schema\/person\/image\/\",\"url\":\"https:\/\/secure.gravatar.com\/avatar\/5386283c5db150efe261184bd59f072a?s=96&d=mm&r=g\",\"contentUrl\":\"https:\/\/secure.gravatar.com\/avatar\/5386283c5db150efe261184bd59f072a?s=96&d=mm&r=g\",\"caption\":\"staff\"},\"url\":\"https:\/\/appsaf.apieproject.com\/news\/fr\/author\/staff\/\"}]}<\/script>\n<!-- \/ Yoast SEO plugin. -->","yoast_head_json":{"title":"Musique urbaine : Privat Kaporedji lance \u201cBala-Bala\u201d - APIE NEWS","robots":{"index":"index","follow":"follow","max-snippet":"max-snippet:-1","max-image-preview":"max-image-preview:large","max-video-preview":"max-video-preview:-1"},"canonical":"https:\/\/appsaf.apieproject.com\/news\/fr\/2022\/09\/05\/musique-urbaine-privat-kaporedji-lance-bala-bala\/","og_locale":"fr_FR","og_type":"article","og_title":"Musique urbaine : Privat Kaporedji lance \u201cBala-Bala\u201d - APIE NEWS","og_description":"Le single de Privat Kaporedji sera disponible sur le march\u00e9 du disque et sur toutes les plateformes de t\u00e9l\u00e9chargement, le 2 septembre, accompagn\u00e9 d\u2019un clip vid\u00e9o. Dans cette chanson, l\u2019artiste \u00e9voque la vie difficile des enfants dites de la rue.","og_url":"https:\/\/appsaf.apieproject.com\/news\/fr\/2022\/09\/05\/musique-urbaine-privat-kaporedji-lance-bala-bala\/","og_site_name":"APIE NEWS","article_publisher":"https:\/\/facebook.com\/apieproject","article_published_time":"2022-09-05T04:33:20+00:00","article_modified_time":"2022-09-05T04:33:21+00:00","og_image":[{"width":639,"height":747,"url":"https:\/\/appsaf.apieproject.com\/news\/wp-content\/uploads\/sites\/29\/2022\/08\/lartiste_musicien_priva_kaporedji_-d5f44f95c0a849588c01511041cec993.jpg","type":"image\/jpeg"}],"author":"staff","twitter_card":"summary_large_image","twitter_creator":"@apieproject","twitter_site":"@apieproject","twitter_misc":{"\u00c9crit par":"staff","Dur\u00e9e de lecture estim\u00e9e":"4 minutes"},"schema":{"@context":"https:\/\/schema.org","@graph":[{"@type":"Article","@id":"https:\/\/appsaf.apieproject.com\/news\/fr\/2022\/09\/05\/musique-urbaine-privat-kaporedji-lance-bala-bala\/#article","isPartOf":{"@id":"https:\/\/appsaf.apieproject.com\/news\/fr\/2022\/09\/05\/musique-urbaine-privat-kaporedji-lance-bala-bala\/"},"author":{"name":"staff","@id":"https:\/\/appsaf.apieproject.com\/news\/#\/schema\/person\/399517cac378948cd7b39086f9ddc2a7"},"headline":"Musique urbaine : Privat Kaporedji lance \u201cBala-Bala\u201d","datePublished":"2022-09-05T04:33:20+00:00","dateModified":"2022-09-05T04:33:21+00:00","mainEntityOfPage":{"@id":"https:\/\/appsaf.apieproject.com\/news\/fr\/2022\/09\/05\/musique-urbaine-privat-kaporedji-lance-bala-bala\/"},"wordCount":679,"commentCount":0,"publisher":{"@id":"https:\/\/appsaf.apieproject.com\/news\/#organization"},"image":{"@id":"https:\/\/appsaf.apieproject.com\/news\/fr\/2022\/09\/05\/musique-urbaine-privat-kaporedji-lance-bala-bala\/#primaryimage"},"thumbnailUrl":"https:\/\/appsaf.apieproject.com\/news\/wp-content\/uploads\/sites\/29\/2022\/08\/lartiste_musicien_priva_kaporedji_-d5f44f95c0a849588c01511041cec993.jpg","keywords":["apie project","divertissement","musique"],"articleSection":["Divertissement","Musique"],"inLanguage":"fr-FR","potentialAction":[{"@type":"CommentAction","name":"Comment","target":["https:\/\/appsaf.apieproject.com\/news\/fr\/2022\/09\/05\/musique-urbaine-privat-kaporedji-lance-bala-bala\/#respond"]}]},{"@type":"WebPage","@id":"https:\/\/appsaf.apieproject.com\/news\/fr\/2022\/09\/05\/musique-urbaine-privat-kaporedji-lance-bala-bala\/","url":"https:\/\/appsaf.apieproject.com\/news\/fr\/2022\/09\/05\/musique-urbaine-privat-kaporedji-lance-bala-bala\/","name":"Musique urbaine : Privat Kaporedji lance \u201cBala-Bala\u201d - APIE NEWS","isPartOf":{"@id":"https:\/\/appsaf.apieproject.com\/news\/#website"},"primaryImageOfPage":{"@id":"https:\/\/appsaf.apieproject.com\/news\/fr\/2022\/09\/05\/musique-urbaine-privat-kaporedji-lance-bala-bala\/#primaryimage"},"image":{"@id":"https:\/\/appsaf.apieproject.com\/news\/fr\/2022\/09\/05\/musique-urbaine-privat-kaporedji-lance-bala-bala\/#primaryimage"},"thumbnailUrl":"https:\/\/appsaf.apieproject.com\/news\/wp-content\/uploads\/sites\/29\/2022\/08\/lartiste_musicien_priva_kaporedji_-d5f44f95c0a849588c01511041cec993.jpg","datePublished":"2022-09-05T04:33:20+00:00","dateModified":"2022-09-05T04:33:21+00:00","breadcrumb":{"@id":"https:\/\/appsaf.apieproject.com\/news\/fr\/2022\/09\/05\/musique-urbaine-privat-kaporedji-lance-bala-bala\/#breadcrumb"},"inLanguage":"fr-FR","potentialAction":[{"@type":"ReadAction","target":["https:\/\/appsaf.apieproject.com\/news\/fr\/2022\/09\/05\/musique-urbaine-privat-kaporedji-lance-bala-bala\/"]}]},{"@type":"ImageObject","inLanguage":"fr-FR","@id":"https:\/\/appsaf.apieproject.com\/news\/fr\/2022\/09\/05\/musique-urbaine-privat-kaporedji-lance-bala-bala\/#primaryimage","url":"https:\/\/appsaf.apieproject.com\/news\/wp-content\/uploads\/sites\/29\/2022\/08\/lartiste_musicien_priva_kaporedji_-d5f44f95c0a849588c01511041cec993.jpg","contentUrl":"https:\/\/appsaf.apieproject.com\/news\/wp-content\/uploads\/sites\/29\/2022\/08\/lartiste_musicien_priva_kaporedji_-d5f44f95c0a849588c01511041cec993.jpg","width":639,"height":747},{"@type":"BreadcrumbList","@id":"https:\/\/appsaf.apieproject.com\/news\/fr\/2022\/09\/05\/musique-urbaine-privat-kaporedji-lance-bala-bala\/#breadcrumb","itemListElement":[{"@type":"ListItem","position":1,"name":"Home","item":"https:\/\/appsaf.apieproject.com\/news\/fr\/home\/"},{"@type":"ListItem","position":2,"name":"Musique urbaine : Privat Kaporedji lance \u201cBala-Bala\u201d"}]},{"@type":"WebSite","@id":"https:\/\/appsaf.apieproject.com\/news\/#website","url":"https:\/\/appsaf.apieproject.com\/news\/","name":"APIE NEWS","description":"PANAFRICANISM NEWS PORTAL","publisher":{"@id":"https:\/\/appsaf.apieproject.com\/news\/#organization"},"potentialAction":[{"@type":"SearchAction","target":{"@type":"EntryPoint","urlTemplate":"https:\/\/appsaf.apieproject.com\/news\/?s={search_term_string}"},"query-input":{"@type":"PropertyValueSpecification","valueRequired":true,"valueName":"search_term_string"}}],"inLanguage":"fr-FR"},{"@type":"Organization","@id":"https:\/\/appsaf.apieproject.com\/news\/#organization","name":"APIE PROJECT","url":"https:\/\/appsaf.apieproject.com\/news\/","logo":{"@type":"ImageObject","inLanguage":"fr-FR","@id":"https:\/\/appsaf.apieproject.com\/news\/#\/schema\/logo\/image\/","url":"https:\/\/appsaf.apieproject.com\/news\/wp-content\/uploads\/sites\/29\/2022\/07\/logo-R-TransparentBackground.png","contentUrl":"https:\/\/appsaf.apieproject.com\/news\/wp-content\/uploads\/sites\/29\/2022\/07\/logo-R-TransparentBackground.png","width":512,"height":512,"caption":"APIE PROJECT"},"image":{"@id":"https:\/\/appsaf.apieproject.com\/news\/#\/schema\/logo\/image\/"},"sameAs":["https:\/\/facebook.com\/apieproject","https:\/\/x.com\/apieproject"]},{"@type":"Person","@id":"https:\/\/appsaf.apieproject.com\/news\/#\/schema\/person\/399517cac378948cd7b39086f9ddc2a7","name":"staff","image":{"@type":"ImageObject","inLanguage":"fr-FR","@id":"https:\/\/appsaf.apieproject.com\/news\/#\/schema\/person\/image\/","url":"https:\/\/secure.gravatar.com\/avatar\/5386283c5db150efe261184bd59f072a?s=96&d=mm&r=g","contentUrl":"https:\/\/secure.gravatar.com\/avatar\/5386283c5db150efe261184bd59f072a?s=96&d=mm&r=g","caption":"staff"},"url":"https:\/\/appsaf.apieproject.com\/news\/fr\/author\/staff\/"}]}},"_links":{"self":[{"href":"https:\/\/appsaf.apieproject.com\/news\/fr\/wp-json\/wp\/v2\/posts\/15686","targetHints":{"allow":["GET"]}}],"collection":[{"href":"https:\/\/appsaf.apieproject.com\/news\/fr\/wp-json\/wp\/v2\/posts"}],"about":[{"href":"https:\/\/appsaf.apieproject.com\/news\/fr\/wp-json\/wp\/v2\/types\/post"}],"author":[{"embeddable":true,"href":"https:\/\/appsaf.apieproject.com\/news\/fr\/wp-json\/wp\/v2\/users\/12963"}],"replies":[{"embeddable":true,"href":"https:\/\/appsaf.apieproject.com\/news\/fr\/wp-json\/wp\/v2\/comments?post=15686"}],"version-history":[{"count":1,"href":"https:\/\/appsaf.apieproject.com\/news\/fr\/wp-json\/wp\/v2\/posts\/15686\/revisions"}],"predecessor-version":[{"id":16158,"href":"https:\/\/appsaf.apieproject.com\/news\/fr\/wp-json\/wp\/v2\/posts\/15686\/revisions\/16158"}],"wp:featuredmedia":[{"embeddable":true,"href":"https:\/\/appsaf.apieproject.com\/news\/fr\/wp-json\/wp\/v2\/media\/15683"}],"wp:attachment":[{"href":"https:\/\/appsaf.apieproject.com\/news\/fr\/wp-json\/wp\/v2\/media?parent=15686"}],"wp:term":[{"taxonomy":"category","embeddable":true,"href":"https:\/\/appsaf.apieproject.com\/news\/fr\/wp-json\/wp\/v2\/categories?post=15686"},{"taxonomy":"post_tag","embeddable":true,"href":"https:\/\/appsaf.apieproject.com\/news\/fr\/wp-json\/wp\/v2\/tags?post=15686"}],"curies":[{"name":"wp","href":"https:\/\/api.w.org\/{rel}","templated":true}]}}