{"id":15702,"date":"2022-09-05T04:38:36","date_gmt":"2022-09-05T04:38:36","guid":{"rendered":"https:\/\/appsaf.apieproject.com\/news\/?p=15702"},"modified":"2022-09-05T04:38:37","modified_gmt":"2022-09-05T04:38:37","slug":"une-cooperative-de-couturieres-africaines-francophone-voit-le-jour-a-edmonton","status":"publish","type":"post","link":"https:\/\/appsaf.apieproject.com\/news\/fr\/2022\/09\/05\/une-cooperative-de-couturieres-africaines-francophone-voit-le-jour-a-edmonton\/","title":{"rendered":"Une coop\u00e9rative de couturi\u00e8res africaines francophone voit le jour \u00e0 Edmonton"},"content":{"rendered":"<p>La Coop\u00e9rative de couture des travailleuses africaines francophones se r\u00e9unit r\u00e9guli\u00e8rement dans le gymnase de l&rsquo;\u00e9cole Micha\u00eblle-Jean.<\/p>\n<p>La coordonnatrice de la coop\u00e9rative, L\u00e9onie Ahodan, affirme que la couture permet de d\u00e9velopper des connaissances utiles pour la vie familiale de tous les jours et peut \u00e9ventuellement mener \u00e0 un emploi.<\/p>\n<p>[On veut] donner la chance aux mamans qui ont de petits probl\u00e8mes de v\u00eatements avec leurs enfants d\u2019apprendre juste le minimum pour \u00eatre tr\u00e8s ind\u00e9pendantes \u00e0 la maison. Apr\u00e8s \u00e7a c\u2019est de pouvoir donner la chance \u00e0 ces femmes-l\u00e0 de pouvoir se vendre sur le march\u00e9 du travail parce qu\u2019\u00e0 Edmonton, il y a vraiment beaucoup, beaucoup d\u2019emplois dans le domaine de la couture, dit-elle.<\/p>\n<p>Fatoumata Ouattara, qui se fait affectueusement appeler Maman Fatou, souligne \u00e9galement que de pouvoir porter des habits traditionnels confectionn\u00e9s sur mesure permet de rester en contact avec sa culture d&rsquo;origine. Les femmes aiment porter des v\u00eatements occidentaux dans la vie de tous les jours, mais veulent pouvoir porter des v\u00eatements traditionnels pour des \u00e9v\u00e9nements sp\u00e9ciaux comme des bapt\u00eames ou des mariages.<\/p>\n<p>L\u2019habillement fait partie de nos traditions et \u00e7a nous fait plaisir quand on vient dans ces pays-l\u00e0 de pouvoir garder, de pouvoir montrer aussi aux autres nos cultures parce qu\u2019il est beau le pagne, il est bien fait, dit-elle.<\/p>\n<p>Au-del\u00e0 des clients d&rsquo;origine africaine, la coop\u00e9rative vise les Albertains de toutes les origines qui veulent diversifier leur garde-robe, affirme L\u00e9onie Ahodan.<\/p>\n<p>C\u2019est de dire aux Albertains que la culture africaine n\u2019est pas juste pour les Africains. Il n&rsquo;y a pas de limites \u00e0 la culture. Peut-\u00eatre qu\u2019un Albertain ne va pas vouloir porter tout l\u2019ensemble comme moi, mais il peut juste avoir une petite touche africaine dans sa tenue et puis il vit la culture aussi, sugg\u00e8re-t-elle.<\/p>\n<p>Elisabeth Ngo Ndjock, une membre fondatrice de la coop\u00e9rative, voit \u00e9galement l&rsquo;initiative comme une mani\u00e8re de contribuer au d\u00e9veloppement de l&rsquo;\u00e9conomie et la culture canadienne.<\/p>\n<p>Quand nous arrivons ici, notre id\u00e9e c\u2019est de faire valoir notre position. C\u2019est de montrer \u00e0 nos soeurs les Canadiennes que les immigrants ne sont pas un probl\u00e8me pour le Canada. C\u2019est plut\u00f4t une solution. Parce que [quand] qu\u2019un pays ne s\u2019ouvre pas aux autres, il ne peut pas avoir le d\u00e9veloppement comme il le doit, croit-elle.<\/p>\n","protected":false},"excerpt":{"rendered":"<p>Des femmes francophones d&rsquo;origine africaine ont lanc\u00e9 une coop\u00e9rative de couture \u00e0 Edmonton pour faire rayonner leur culture et d\u00e9velopper une plus grande autonomie financi\u00e8re.<\/p>\n","protected":false},"author":12963,"featured_media":15699,"comment_status":"open","ping_status":"open","sticky":false,"template":"","format":"standard","meta":{"footnotes":""},"categories":[57,63],"tags":[78,95,94],"class_list":{"0":"post-15702","1":"post","2":"type-post","3":"status-publish","4":"format-standard","5":"has-post-thumbnail","7":"category-mode","8":"category-mode-de-vie","9":"tag-apie-project-2","10":"tag-mode","11":"tag-mode-de-vie"},"yoast_head":"<!-- This site is optimized with the Yoast SEO plugin v24.4 - https:\/\/yoast.com\/wordpress\/plugins\/seo\/ -->\n<title>Une coop\u00e9rative de couturi\u00e8res africaines francophone voit le jour \u00e0 Edmonton - APIE NEWS<\/title>\n<meta name=\"robots\" content=\"index, follow, max-snippet:-1, max-image-preview:large, max-video-preview:-1\" \/>\n<link rel=\"canonical\" href=\"https:\/\/appsaf.apieproject.com\/news\/fr\/2022\/09\/05\/une-cooperative-de-couturieres-africaines-francophone-voit-le-jour-a-edmonton\/\" \/>\n<meta property=\"og:locale\" content=\"fr_FR\" \/>\n<meta property=\"og:type\" content=\"article\" \/>\n<meta property=\"og:title\" content=\"Une coop\u00e9rative de couturi\u00e8res africaines francophone voit le jour \u00e0 Edmonton - APIE NEWS\" \/>\n<meta property=\"og:description\" content=\"Des femmes francophones d&#039;origine africaine ont lanc\u00e9 une coop\u00e9rative de couture \u00e0 Edmonton pour faire rayonner leur culture et d\u00e9velopper une plus grande autonomie financi\u00e8re.\" \/>\n<meta property=\"og:url\" content=\"https:\/\/appsaf.apieproject.com\/news\/fr\/2022\/09\/05\/une-cooperative-de-couturieres-africaines-francophone-voit-le-jour-a-edmonton\/\" \/>\n<meta property=\"og:site_name\" content=\"APIE NEWS\" \/>\n<meta property=\"article:publisher\" content=\"https:\/\/facebook.com\/apieproject\" \/>\n<meta property=\"article:published_time\" content=\"2022-09-05T04:38:36+00:00\" \/>\n<meta property=\"article:modified_time\" content=\"2022-09-05T04:38:37+00:00\" \/>\n<meta property=\"og:image\" content=\"https:\/\/appsaf.apieproject.com\/news\/wp-content\/uploads\/sites\/29\/2022\/08\/lff1-92db363ba884b58409bf64739fd3b38a.jpg\" \/>\n\t<meta property=\"og:image:width\" content=\"965\" \/>\n\t<meta property=\"og:image:height\" content=\"547\" \/>\n\t<meta property=\"og:image:type\" content=\"image\/jpeg\" \/>\n<meta name=\"author\" content=\"staff\" \/>\n<meta name=\"twitter:card\" content=\"summary_large_image\" \/>\n<meta name=\"twitter:creator\" content=\"@apieproject\" \/>\n<meta name=\"twitter:site\" content=\"@apieproject\" \/>\n<meta name=\"twitter:label1\" content=\"\u00c9crit par\" \/>\n\t<meta name=\"twitter:data1\" content=\"staff\" \/>\n\t<meta name=\"twitter:label2\" content=\"Dur\u00e9e de lecture estim\u00e9e\" \/>\n\t<meta name=\"twitter:data2\" content=\"2 minutes\" \/>\n<script type=\"application\/ld+json\" class=\"yoast-schema-graph\">{\"@context\":\"https:\/\/schema.org\",\"@graph\":[{\"@type\":\"Article\",\"@id\":\"https:\/\/appsaf.apieproject.com\/news\/fr\/2022\/09\/05\/une-cooperative-de-couturieres-africaines-francophone-voit-le-jour-a-edmonton\/#article\",\"isPartOf\":{\"@id\":\"https:\/\/appsaf.apieproject.com\/news\/fr\/2022\/09\/05\/une-cooperative-de-couturieres-africaines-francophone-voit-le-jour-a-edmonton\/\"},\"author\":{\"name\":\"staff\",\"@id\":\"https:\/\/appsaf.apieproject.com\/news\/#\/schema\/person\/399517cac378948cd7b39086f9ddc2a7\"},\"headline\":\"Une coop\u00e9rative de couturi\u00e8res africaines francophone voit le jour \u00e0 Edmonton\",\"datePublished\":\"2022-09-05T04:38:36+00:00\",\"dateModified\":\"2022-09-05T04:38:37+00:00\",\"mainEntityOfPage\":{\"@id\":\"https:\/\/appsaf.apieproject.com\/news\/fr\/2022\/09\/05\/une-cooperative-de-couturieres-africaines-francophone-voit-le-jour-a-edmonton\/\"},\"wordCount\":431,\"commentCount\":0,\"publisher\":{\"@id\":\"https:\/\/appsaf.apieproject.com\/news\/#organization\"},\"image\":{\"@id\":\"https:\/\/appsaf.apieproject.com\/news\/fr\/2022\/09\/05\/une-cooperative-de-couturieres-africaines-francophone-voit-le-jour-a-edmonton\/#primaryimage\"},\"thumbnailUrl\":\"https:\/\/appsaf.apieproject.com\/news\/wp-content\/uploads\/sites\/29\/2022\/08\/lff1-92db363ba884b58409bf64739fd3b38a.jpg\",\"keywords\":[\"apie project\",\"mode\",\"mode de vie\"],\"articleSection\":[\"Mode\",\"Mode de Vie\"],\"inLanguage\":\"fr-FR\",\"potentialAction\":[{\"@type\":\"CommentAction\",\"name\":\"Comment\",\"target\":[\"https:\/\/appsaf.apieproject.com\/news\/fr\/2022\/09\/05\/une-cooperative-de-couturieres-africaines-francophone-voit-le-jour-a-edmonton\/#respond\"]}]},{\"@type\":\"WebPage\",\"@id\":\"https:\/\/appsaf.apieproject.com\/news\/fr\/2022\/09\/05\/une-cooperative-de-couturieres-africaines-francophone-voit-le-jour-a-edmonton\/\",\"url\":\"https:\/\/appsaf.apieproject.com\/news\/fr\/2022\/09\/05\/une-cooperative-de-couturieres-africaines-francophone-voit-le-jour-a-edmonton\/\",\"name\":\"Une coop\u00e9rative de couturi\u00e8res africaines francophone voit le jour \u00e0 Edmonton - APIE NEWS\",\"isPartOf\":{\"@id\":\"https:\/\/appsaf.apieproject.com\/news\/#website\"},\"primaryImageOfPage\":{\"@id\":\"https:\/\/appsaf.apieproject.com\/news\/fr\/2022\/09\/05\/une-cooperative-de-couturieres-africaines-francophone-voit-le-jour-a-edmonton\/#primaryimage\"},\"image\":{\"@id\":\"https:\/\/appsaf.apieproject.com\/news\/fr\/2022\/09\/05\/une-cooperative-de-couturieres-africaines-francophone-voit-le-jour-a-edmonton\/#primaryimage\"},\"thumbnailUrl\":\"https:\/\/appsaf.apieproject.com\/news\/wp-content\/uploads\/sites\/29\/2022\/08\/lff1-92db363ba884b58409bf64739fd3b38a.jpg\",\"datePublished\":\"2022-09-05T04:38:36+00:00\",\"dateModified\":\"2022-09-05T04:38:37+00:00\",\"breadcrumb\":{\"@id\":\"https:\/\/appsaf.apieproject.com\/news\/fr\/2022\/09\/05\/une-cooperative-de-couturieres-africaines-francophone-voit-le-jour-a-edmonton\/#breadcrumb\"},\"inLanguage\":\"fr-FR\",\"potentialAction\":[{\"@type\":\"ReadAction\",\"target\":[\"https:\/\/appsaf.apieproject.com\/news\/fr\/2022\/09\/05\/une-cooperative-de-couturieres-africaines-francophone-voit-le-jour-a-edmonton\/\"]}]},{\"@type\":\"ImageObject\",\"inLanguage\":\"fr-FR\",\"@id\":\"https:\/\/appsaf.apieproject.com\/news\/fr\/2022\/09\/05\/une-cooperative-de-couturieres-africaines-francophone-voit-le-jour-a-edmonton\/#primaryimage\",\"url\":\"https:\/\/appsaf.apieproject.com\/news\/wp-content\/uploads\/sites\/29\/2022\/08\/lff1-92db363ba884b58409bf64739fd3b38a.jpg\",\"contentUrl\":\"https:\/\/appsaf.apieproject.com\/news\/wp-content\/uploads\/sites\/29\/2022\/08\/lff1-92db363ba884b58409bf64739fd3b38a.jpg\",\"width\":965,\"height\":547},{\"@type\":\"BreadcrumbList\",\"@id\":\"https:\/\/appsaf.apieproject.com\/news\/fr\/2022\/09\/05\/une-cooperative-de-couturieres-africaines-francophone-voit-le-jour-a-edmonton\/#breadcrumb\",\"itemListElement\":[{\"@type\":\"ListItem\",\"position\":1,\"name\":\"Home\",\"item\":\"https:\/\/appsaf.apieproject.com\/news\/fr\/home\/\"},{\"@type\":\"ListItem\",\"position\":2,\"name\":\"Une coop\u00e9rative de couturi\u00e8res africaines francophone voit le jour \u00e0 Edmonton\"}]},{\"@type\":\"WebSite\",\"@id\":\"https:\/\/appsaf.apieproject.com\/news\/#website\",\"url\":\"https:\/\/appsaf.apieproject.com\/news\/\",\"name\":\"APIE NEWS\",\"description\":\"PANAFRICANISM NEWS PORTAL\",\"publisher\":{\"@id\":\"https:\/\/appsaf.apieproject.com\/news\/#organization\"},\"potentialAction\":[{\"@type\":\"SearchAction\",\"target\":{\"@type\":\"EntryPoint\",\"urlTemplate\":\"https:\/\/appsaf.apieproject.com\/news\/?s={search_term_string}\"},\"query-input\":{\"@type\":\"PropertyValueSpecification\",\"valueRequired\":true,\"valueName\":\"search_term_string\"}}],\"inLanguage\":\"fr-FR\"},{\"@type\":\"Organization\",\"@id\":\"https:\/\/appsaf.apieproject.com\/news\/#organization\",\"name\":\"APIE PROJECT\",\"url\":\"https:\/\/appsaf.apieproject.com\/news\/\",\"logo\":{\"@type\":\"ImageObject\",\"inLanguage\":\"fr-FR\",\"@id\":\"https:\/\/appsaf.apieproject.com\/news\/#\/schema\/logo\/image\/\",\"url\":\"https:\/\/appsaf.apieproject.com\/news\/wp-content\/uploads\/sites\/29\/2022\/07\/logo-R-TransparentBackground.png\",\"contentUrl\":\"https:\/\/appsaf.apieproject.com\/news\/wp-content\/uploads\/sites\/29\/2022\/07\/logo-R-TransparentBackground.png\",\"width\":512,\"height\":512,\"caption\":\"APIE PROJECT\"},\"image\":{\"@id\":\"https:\/\/appsaf.apieproject.com\/news\/#\/schema\/logo\/image\/\"},\"sameAs\":[\"https:\/\/facebook.com\/apieproject\",\"https:\/\/x.com\/apieproject\"]},{\"@type\":\"Person\",\"@id\":\"https:\/\/appsaf.apieproject.com\/news\/#\/schema\/person\/399517cac378948cd7b39086f9ddc2a7\",\"name\":\"staff\",\"image\":{\"@type\":\"ImageObject\",\"inLanguage\":\"fr-FR\",\"@id\":\"https:\/\/appsaf.apieproject.com\/news\/#\/schema\/person\/image\/\",\"url\":\"https:\/\/secure.gravatar.com\/avatar\/5386283c5db150efe261184bd59f072a?s=96&d=mm&r=g\",\"contentUrl\":\"https:\/\/secure.gravatar.com\/avatar\/5386283c5db150efe261184bd59f072a?s=96&d=mm&r=g\",\"caption\":\"staff\"},\"url\":\"https:\/\/appsaf.apieproject.com\/news\/fr\/author\/staff\/\"}]}<\/script>\n<!-- \/ Yoast SEO plugin. -->","yoast_head_json":{"title":"Une coop\u00e9rative de couturi\u00e8res africaines francophone voit le jour \u00e0 Edmonton - APIE NEWS","robots":{"index":"index","follow":"follow","max-snippet":"max-snippet:-1","max-image-preview":"max-image-preview:large","max-video-preview":"max-video-preview:-1"},"canonical":"https:\/\/appsaf.apieproject.com\/news\/fr\/2022\/09\/05\/une-cooperative-de-couturieres-africaines-francophone-voit-le-jour-a-edmonton\/","og_locale":"fr_FR","og_type":"article","og_title":"Une coop\u00e9rative de couturi\u00e8res africaines francophone voit le jour \u00e0 Edmonton - APIE NEWS","og_description":"Des femmes francophones d'origine africaine ont lanc\u00e9 une coop\u00e9rative de couture \u00e0 Edmonton pour faire rayonner leur culture et d\u00e9velopper une plus grande autonomie financi\u00e8re.","og_url":"https:\/\/appsaf.apieproject.com\/news\/fr\/2022\/09\/05\/une-cooperative-de-couturieres-africaines-francophone-voit-le-jour-a-edmonton\/","og_site_name":"APIE NEWS","article_publisher":"https:\/\/facebook.com\/apieproject","article_published_time":"2022-09-05T04:38:36+00:00","article_modified_time":"2022-09-05T04:38:37+00:00","og_image":[{"width":965,"height":547,"url":"https:\/\/appsaf.apieproject.com\/news\/wp-content\/uploads\/sites\/29\/2022\/08\/lff1-92db363ba884b58409bf64739fd3b38a.jpg","type":"image\/jpeg"}],"author":"staff","twitter_card":"summary_large_image","twitter_creator":"@apieproject","twitter_site":"@apieproject","twitter_misc":{"\u00c9crit par":"staff","Dur\u00e9e de lecture estim\u00e9e":"2 minutes"},"schema":{"@context":"https:\/\/schema.org","@graph":[{"@type":"Article","@id":"https:\/\/appsaf.apieproject.com\/news\/fr\/2022\/09\/05\/une-cooperative-de-couturieres-africaines-francophone-voit-le-jour-a-edmonton\/#article","isPartOf":{"@id":"https:\/\/appsaf.apieproject.com\/news\/fr\/2022\/09\/05\/une-cooperative-de-couturieres-africaines-francophone-voit-le-jour-a-edmonton\/"},"author":{"name":"staff","@id":"https:\/\/appsaf.apieproject.com\/news\/#\/schema\/person\/399517cac378948cd7b39086f9ddc2a7"},"headline":"Une coop\u00e9rative de couturi\u00e8res africaines francophone voit le jour \u00e0 Edmonton","datePublished":"2022-09-05T04:38:36+00:00","dateModified":"2022-09-05T04:38:37+00:00","mainEntityOfPage":{"@id":"https:\/\/appsaf.apieproject.com\/news\/fr\/2022\/09\/05\/une-cooperative-de-couturieres-africaines-francophone-voit-le-jour-a-edmonton\/"},"wordCount":431,"commentCount":0,"publisher":{"@id":"https:\/\/appsaf.apieproject.com\/news\/#organization"},"image":{"@id":"https:\/\/appsaf.apieproject.com\/news\/fr\/2022\/09\/05\/une-cooperative-de-couturieres-africaines-francophone-voit-le-jour-a-edmonton\/#primaryimage"},"thumbnailUrl":"https:\/\/appsaf.apieproject.com\/news\/wp-content\/uploads\/sites\/29\/2022\/08\/lff1-92db363ba884b58409bf64739fd3b38a.jpg","keywords":["apie project","mode","mode de vie"],"articleSection":["Mode","Mode de Vie"],"inLanguage":"fr-FR","potentialAction":[{"@type":"CommentAction","name":"Comment","target":["https:\/\/appsaf.apieproject.com\/news\/fr\/2022\/09\/05\/une-cooperative-de-couturieres-africaines-francophone-voit-le-jour-a-edmonton\/#respond"]}]},{"@type":"WebPage","@id":"https:\/\/appsaf.apieproject.com\/news\/fr\/2022\/09\/05\/une-cooperative-de-couturieres-africaines-francophone-voit-le-jour-a-edmonton\/","url":"https:\/\/appsaf.apieproject.com\/news\/fr\/2022\/09\/05\/une-cooperative-de-couturieres-africaines-francophone-voit-le-jour-a-edmonton\/","name":"Une coop\u00e9rative de couturi\u00e8res africaines francophone voit le jour \u00e0 Edmonton - APIE NEWS","isPartOf":{"@id":"https:\/\/appsaf.apieproject.com\/news\/#website"},"primaryImageOfPage":{"@id":"https:\/\/appsaf.apieproject.com\/news\/fr\/2022\/09\/05\/une-cooperative-de-couturieres-africaines-francophone-voit-le-jour-a-edmonton\/#primaryimage"},"image":{"@id":"https:\/\/appsaf.apieproject.com\/news\/fr\/2022\/09\/05\/une-cooperative-de-couturieres-africaines-francophone-voit-le-jour-a-edmonton\/#primaryimage"},"thumbnailUrl":"https:\/\/appsaf.apieproject.com\/news\/wp-content\/uploads\/sites\/29\/2022\/08\/lff1-92db363ba884b58409bf64739fd3b38a.jpg","datePublished":"2022-09-05T04:38:36+00:00","dateModified":"2022-09-05T04:38:37+00:00","breadcrumb":{"@id":"https:\/\/appsaf.apieproject.com\/news\/fr\/2022\/09\/05\/une-cooperative-de-couturieres-africaines-francophone-voit-le-jour-a-edmonton\/#breadcrumb"},"inLanguage":"fr-FR","potentialAction":[{"@type":"ReadAction","target":["https:\/\/appsaf.apieproject.com\/news\/fr\/2022\/09\/05\/une-cooperative-de-couturieres-africaines-francophone-voit-le-jour-a-edmonton\/"]}]},{"@type":"ImageObject","inLanguage":"fr-FR","@id":"https:\/\/appsaf.apieproject.com\/news\/fr\/2022\/09\/05\/une-cooperative-de-couturieres-africaines-francophone-voit-le-jour-a-edmonton\/#primaryimage","url":"https:\/\/appsaf.apieproject.com\/news\/wp-content\/uploads\/sites\/29\/2022\/08\/lff1-92db363ba884b58409bf64739fd3b38a.jpg","contentUrl":"https:\/\/appsaf.apieproject.com\/news\/wp-content\/uploads\/sites\/29\/2022\/08\/lff1-92db363ba884b58409bf64739fd3b38a.jpg","width":965,"height":547},{"@type":"BreadcrumbList","@id":"https:\/\/appsaf.apieproject.com\/news\/fr\/2022\/09\/05\/une-cooperative-de-couturieres-africaines-francophone-voit-le-jour-a-edmonton\/#breadcrumb","itemListElement":[{"@type":"ListItem","position":1,"name":"Home","item":"https:\/\/appsaf.apieproject.com\/news\/fr\/home\/"},{"@type":"ListItem","position":2,"name":"Une coop\u00e9rative de couturi\u00e8res africaines francophone voit le jour \u00e0 Edmonton"}]},{"@type":"WebSite","@id":"https:\/\/appsaf.apieproject.com\/news\/#website","url":"https:\/\/appsaf.apieproject.com\/news\/","name":"APIE NEWS","description":"PANAFRICANISM NEWS PORTAL","publisher":{"@id":"https:\/\/appsaf.apieproject.com\/news\/#organization"},"potentialAction":[{"@type":"SearchAction","target":{"@type":"EntryPoint","urlTemplate":"https:\/\/appsaf.apieproject.com\/news\/?s={search_term_string}"},"query-input":{"@type":"PropertyValueSpecification","valueRequired":true,"valueName":"search_term_string"}}],"inLanguage":"fr-FR"},{"@type":"Organization","@id":"https:\/\/appsaf.apieproject.com\/news\/#organization","name":"APIE PROJECT","url":"https:\/\/appsaf.apieproject.com\/news\/","logo":{"@type":"ImageObject","inLanguage":"fr-FR","@id":"https:\/\/appsaf.apieproject.com\/news\/#\/schema\/logo\/image\/","url":"https:\/\/appsaf.apieproject.com\/news\/wp-content\/uploads\/sites\/29\/2022\/07\/logo-R-TransparentBackground.png","contentUrl":"https:\/\/appsaf.apieproject.com\/news\/wp-content\/uploads\/sites\/29\/2022\/07\/logo-R-TransparentBackground.png","width":512,"height":512,"caption":"APIE PROJECT"},"image":{"@id":"https:\/\/appsaf.apieproject.com\/news\/#\/schema\/logo\/image\/"},"sameAs":["https:\/\/facebook.com\/apieproject","https:\/\/x.com\/apieproject"]},{"@type":"Person","@id":"https:\/\/appsaf.apieproject.com\/news\/#\/schema\/person\/399517cac378948cd7b39086f9ddc2a7","name":"staff","image":{"@type":"ImageObject","inLanguage":"fr-FR","@id":"https:\/\/appsaf.apieproject.com\/news\/#\/schema\/person\/image\/","url":"https:\/\/secure.gravatar.com\/avatar\/5386283c5db150efe261184bd59f072a?s=96&d=mm&r=g","contentUrl":"https:\/\/secure.gravatar.com\/avatar\/5386283c5db150efe261184bd59f072a?s=96&d=mm&r=g","caption":"staff"},"url":"https:\/\/appsaf.apieproject.com\/news\/fr\/author\/staff\/"}]}},"_links":{"self":[{"href":"https:\/\/appsaf.apieproject.com\/news\/fr\/wp-json\/wp\/v2\/posts\/15702","targetHints":{"allow":["GET"]}}],"collection":[{"href":"https:\/\/appsaf.apieproject.com\/news\/fr\/wp-json\/wp\/v2\/posts"}],"about":[{"href":"https:\/\/appsaf.apieproject.com\/news\/fr\/wp-json\/wp\/v2\/types\/post"}],"author":[{"embeddable":true,"href":"https:\/\/appsaf.apieproject.com\/news\/fr\/wp-json\/wp\/v2\/users\/12963"}],"replies":[{"embeddable":true,"href":"https:\/\/appsaf.apieproject.com\/news\/fr\/wp-json\/wp\/v2\/comments?post=15702"}],"version-history":[{"count":1,"href":"https:\/\/appsaf.apieproject.com\/news\/fr\/wp-json\/wp\/v2\/posts\/15702\/revisions"}],"predecessor-version":[{"id":16163,"href":"https:\/\/appsaf.apieproject.com\/news\/fr\/wp-json\/wp\/v2\/posts\/15702\/revisions\/16163"}],"wp:featuredmedia":[{"embeddable":true,"href":"https:\/\/appsaf.apieproject.com\/news\/fr\/wp-json\/wp\/v2\/media\/15699"}],"wp:attachment":[{"href":"https:\/\/appsaf.apieproject.com\/news\/fr\/wp-json\/wp\/v2\/media?parent=15702"}],"wp:term":[{"taxonomy":"category","embeddable":true,"href":"https:\/\/appsaf.apieproject.com\/news\/fr\/wp-json\/wp\/v2\/categories?post=15702"},{"taxonomy":"post_tag","embeddable":true,"href":"https:\/\/appsaf.apieproject.com\/news\/fr\/wp-json\/wp\/v2\/tags?post=15702"}],"curies":[{"name":"wp","href":"https:\/\/api.w.org\/{rel}","templated":true}]}}