{"id":1586,"date":"2022-02-24T04:03:58","date_gmt":"2022-02-24T04:03:58","guid":{"rendered":"https:\/\/appsaf.apieproject.com\/news\/?p=1586"},"modified":"2022-02-24T04:03:59","modified_gmt":"2022-02-24T04:03:59","slug":"le-tchad-va-renforcer-au-mali-son-contingent-dans-la-minusma-apres-le-retrait-francais","status":"publish","type":"post","link":"https:\/\/appsaf.apieproject.com\/news\/fr\/2022\/02\/24\/le-tchad-va-renforcer-au-mali-son-contingent-dans-la-minusma-apres-le-retrait-francais\/","title":{"rendered":"Le Tchad va renforcer au Mali son contingent dans la Minusma apr\u00e8s le retrait fran\u00e7ais"},"content":{"rendered":"<p>Le jeune g\u00e9n\u00e9ral D\u00e9by n\u2019a pas annonc\u00e9 le nombre de ces soldats suppl\u00e9mentaires mais le porte-parole de l\u2019arm\u00e9e a parl\u00e9 \u00e0 l\u2019AFP d\u2019un millier d\u2019hommes.<\/p>\n<p>\u00abLe Mali est l\u2019\u00e9picentre du terrorisme au Sahel. Avec l\u2019accord des autorit\u00e9s maliennes et de la Minusma (la force de l\u2019Onu), nous allons renforcer nos effectifs \u00bb qui sont \u00absous l\u2019autorit\u00e9 de la Minusma\u00bb, a d\u00e9clar\u00e9 \u00e0 la radio-t\u00e9l\u00e9vision d\u2019Etat le g\u00e9n\u00e9ral Mahamat D\u00e9by, proclam\u00e9 Pr\u00e9sident de transition \u00e0 la t\u00eate d\u2019une junte militaire qui a pris le pouvoir il y a dix mois \u00e0 la mort de son p\u00e8re Idriss D\u00e9by Itno.<\/p>\n","protected":false},"excerpt":{"rendered":"<p>Le Tchad va renforcer au Mali ses effectifs au sein de la force de l\u2019Onu face aux djihadistes, a annonc\u00e9 lundi le pr\u00e9sident Mahamat Idriss D\u00e9by Itno trois jours apr\u00e8s l\u2019annonce par la France et ses partenaire europ\u00e9ens de leur retrait militaire de ce pays.<\/p>\n","protected":false},"author":12963,"featured_media":1583,"comment_status":"open","ping_status":"open","sticky":false,"template":"","format":"standard","meta":{"footnotes":""},"categories":[67,69],"tags":[81,78,82],"class_list":{"0":"post-1586","1":"post","2":"type-post","3":"status-publish","4":"format-standard","5":"has-post-thumbnail","7":"category-actualites","8":"category-politique","9":"tag-actualites","10":"tag-apie-project-2","11":"tag-politique"},"yoast_head":"<!-- This site is optimized with the Yoast SEO plugin v24.4 - https:\/\/yoast.com\/wordpress\/plugins\/seo\/ -->\n<title>Le Tchad va renforcer au Mali son contingent dans la Minusma apr\u00e8s le retrait fran\u00e7ais - APIE NEWS<\/title>\n<meta name=\"robots\" content=\"index, follow, max-snippet:-1, max-image-preview:large, max-video-preview:-1\" \/>\n<link rel=\"canonical\" href=\"https:\/\/appsaf.apieproject.com\/news\/fr\/2022\/02\/24\/le-tchad-va-renforcer-au-mali-son-contingent-dans-la-minusma-apres-le-retrait-francais\/\" \/>\n<meta property=\"og:locale\" content=\"fr_FR\" \/>\n<meta property=\"og:type\" content=\"article\" \/>\n<meta property=\"og:title\" content=\"Le Tchad va renforcer au Mali son contingent dans la Minusma apr\u00e8s le retrait fran\u00e7ais - APIE NEWS\" \/>\n<meta property=\"og:description\" content=\"Le Tchad va renforcer au Mali ses effectifs au sein de la force de l\u2019Onu face aux djihadistes, a annonc\u00e9 lundi le pr\u00e9sident Mahamat Idriss D\u00e9by Itno trois jours apr\u00e8s l\u2019annonce par la France et ses partenaire europ\u00e9ens de leur retrait militaire de ce pays.\" \/>\n<meta property=\"og:url\" content=\"https:\/\/appsaf.apieproject.com\/news\/fr\/2022\/02\/24\/le-tchad-va-renforcer-au-mali-son-contingent-dans-la-minusma-apres-le-retrait-francais\/\" \/>\n<meta property=\"og:site_name\" content=\"APIE NEWS\" \/>\n<meta property=\"article:publisher\" content=\"https:\/\/facebook.com\/apieproject\" \/>\n<meta property=\"article:published_time\" content=\"2022-02-24T04:03:58+00:00\" \/>\n<meta property=\"article:modified_time\" content=\"2022-02-24T04:03:59+00:00\" \/>\n<meta property=\"og:image\" content=\"https:\/\/appsaf.apieproject.com\/news\/wp-content\/uploads\/sites\/29\/2022\/02\/po-3-d5a633d2165dba371cbad45ad5a9f501.jpg\" \/>\n\t<meta property=\"og:image:width\" content=\"616\" \/>\n\t<meta property=\"og:image:height\" content=\"347\" \/>\n\t<meta property=\"og:image:type\" content=\"image\/jpeg\" \/>\n<meta name=\"author\" content=\"staff\" \/>\n<meta name=\"twitter:card\" content=\"summary_large_image\" \/>\n<meta name=\"twitter:creator\" content=\"@apieproject\" \/>\n<meta name=\"twitter:site\" content=\"@apieproject\" \/>\n<meta name=\"twitter:label1\" content=\"\u00c9crit par\" \/>\n\t<meta name=\"twitter:data1\" content=\"staff\" \/>\n\t<meta name=\"twitter:label2\" content=\"Dur\u00e9e de lecture estim\u00e9e\" \/>\n\t<meta name=\"twitter:data2\" content=\"1 minute\" \/>\n<script type=\"application\/ld+json\" class=\"yoast-schema-graph\">{\"@context\":\"https:\/\/schema.org\",\"@graph\":[{\"@type\":\"Article\",\"@id\":\"https:\/\/appsaf.apieproject.com\/news\/fr\/2022\/02\/24\/le-tchad-va-renforcer-au-mali-son-contingent-dans-la-minusma-apres-le-retrait-francais\/#article\",\"isPartOf\":{\"@id\":\"https:\/\/appsaf.apieproject.com\/news\/fr\/2022\/02\/24\/le-tchad-va-renforcer-au-mali-son-contingent-dans-la-minusma-apres-le-retrait-francais\/\"},\"author\":{\"name\":\"staff\",\"@id\":\"https:\/\/appsaf.apieproject.com\/news\/#\/schema\/person\/399517cac378948cd7b39086f9ddc2a7\"},\"headline\":\"Le Tchad va renforcer au Mali son contingent dans la Minusma apr\u00e8s le retrait fran\u00e7ais\",\"datePublished\":\"2022-02-24T04:03:58+00:00\",\"dateModified\":\"2022-02-24T04:03:59+00:00\",\"mainEntityOfPage\":{\"@id\":\"https:\/\/appsaf.apieproject.com\/news\/fr\/2022\/02\/24\/le-tchad-va-renforcer-au-mali-son-contingent-dans-la-minusma-apres-le-retrait-francais\/\"},\"wordCount\":137,\"commentCount\":0,\"publisher\":{\"@id\":\"https:\/\/appsaf.apieproject.com\/news\/#organization\"},\"image\":{\"@id\":\"https:\/\/appsaf.apieproject.com\/news\/fr\/2022\/02\/24\/le-tchad-va-renforcer-au-mali-son-contingent-dans-la-minusma-apres-le-retrait-francais\/#primaryimage\"},\"thumbnailUrl\":\"https:\/\/appsaf.apieproject.com\/news\/wp-content\/uploads\/sites\/29\/2022\/02\/po-3-d5a633d2165dba371cbad45ad5a9f501.jpg\",\"keywords\":[\"actualites\",\"apie project\",\"politique\"],\"articleSection\":[\"Actualit\u00e9s\",\"Politique\"],\"inLanguage\":\"fr-FR\",\"potentialAction\":[{\"@type\":\"CommentAction\",\"name\":\"Comment\",\"target\":[\"https:\/\/appsaf.apieproject.com\/news\/fr\/2022\/02\/24\/le-tchad-va-renforcer-au-mali-son-contingent-dans-la-minusma-apres-le-retrait-francais\/#respond\"]}]},{\"@type\":\"WebPage\",\"@id\":\"https:\/\/appsaf.apieproject.com\/news\/fr\/2022\/02\/24\/le-tchad-va-renforcer-au-mali-son-contingent-dans-la-minusma-apres-le-retrait-francais\/\",\"url\":\"https:\/\/appsaf.apieproject.com\/news\/fr\/2022\/02\/24\/le-tchad-va-renforcer-au-mali-son-contingent-dans-la-minusma-apres-le-retrait-francais\/\",\"name\":\"Le Tchad va renforcer au Mali son contingent dans la Minusma apr\u00e8s le retrait fran\u00e7ais - APIE NEWS\",\"isPartOf\":{\"@id\":\"https:\/\/appsaf.apieproject.com\/news\/#website\"},\"primaryImageOfPage\":{\"@id\":\"https:\/\/appsaf.apieproject.com\/news\/fr\/2022\/02\/24\/le-tchad-va-renforcer-au-mali-son-contingent-dans-la-minusma-apres-le-retrait-francais\/#primaryimage\"},\"image\":{\"@id\":\"https:\/\/appsaf.apieproject.com\/news\/fr\/2022\/02\/24\/le-tchad-va-renforcer-au-mali-son-contingent-dans-la-minusma-apres-le-retrait-francais\/#primaryimage\"},\"thumbnailUrl\":\"https:\/\/appsaf.apieproject.com\/news\/wp-content\/uploads\/sites\/29\/2022\/02\/po-3-d5a633d2165dba371cbad45ad5a9f501.jpg\",\"datePublished\":\"2022-02-24T04:03:58+00:00\",\"dateModified\":\"2022-02-24T04:03:59+00:00\",\"breadcrumb\":{\"@id\":\"https:\/\/appsaf.apieproject.com\/news\/fr\/2022\/02\/24\/le-tchad-va-renforcer-au-mali-son-contingent-dans-la-minusma-apres-le-retrait-francais\/#breadcrumb\"},\"inLanguage\":\"fr-FR\",\"potentialAction\":[{\"@type\":\"ReadAction\",\"target\":[\"https:\/\/appsaf.apieproject.com\/news\/fr\/2022\/02\/24\/le-tchad-va-renforcer-au-mali-son-contingent-dans-la-minusma-apres-le-retrait-francais\/\"]}]},{\"@type\":\"ImageObject\",\"inLanguage\":\"fr-FR\",\"@id\":\"https:\/\/appsaf.apieproject.com\/news\/fr\/2022\/02\/24\/le-tchad-va-renforcer-au-mali-son-contingent-dans-la-minusma-apres-le-retrait-francais\/#primaryimage\",\"url\":\"https:\/\/appsaf.apieproject.com\/news\/wp-content\/uploads\/sites\/29\/2022\/02\/po-3-d5a633d2165dba371cbad45ad5a9f501.jpg\",\"contentUrl\":\"https:\/\/appsaf.apieproject.com\/news\/wp-content\/uploads\/sites\/29\/2022\/02\/po-3-d5a633d2165dba371cbad45ad5a9f501.jpg\",\"width\":616,\"height\":347},{\"@type\":\"BreadcrumbList\",\"@id\":\"https:\/\/appsaf.apieproject.com\/news\/fr\/2022\/02\/24\/le-tchad-va-renforcer-au-mali-son-contingent-dans-la-minusma-apres-le-retrait-francais\/#breadcrumb\",\"itemListElement\":[{\"@type\":\"ListItem\",\"position\":1,\"name\":\"Home\",\"item\":\"https:\/\/appsaf.apieproject.com\/news\/fr\/home\/\"},{\"@type\":\"ListItem\",\"position\":2,\"name\":\"Le Tchad va renforcer au Mali son contingent dans la Minusma apr\u00e8s le retrait fran\u00e7ais\"}]},{\"@type\":\"WebSite\",\"@id\":\"https:\/\/appsaf.apieproject.com\/news\/#website\",\"url\":\"https:\/\/appsaf.apieproject.com\/news\/\",\"name\":\"APIE NEWS\",\"description\":\"PANAFRICANISM NEWS PORTAL\",\"publisher\":{\"@id\":\"https:\/\/appsaf.apieproject.com\/news\/#organization\"},\"potentialAction\":[{\"@type\":\"SearchAction\",\"target\":{\"@type\":\"EntryPoint\",\"urlTemplate\":\"https:\/\/appsaf.apieproject.com\/news\/?s={search_term_string}\"},\"query-input\":{\"@type\":\"PropertyValueSpecification\",\"valueRequired\":true,\"valueName\":\"search_term_string\"}}],\"inLanguage\":\"fr-FR\"},{\"@type\":\"Organization\",\"@id\":\"https:\/\/appsaf.apieproject.com\/news\/#organization\",\"name\":\"APIE PROJECT\",\"url\":\"https:\/\/appsaf.apieproject.com\/news\/\",\"logo\":{\"@type\":\"ImageObject\",\"inLanguage\":\"fr-FR\",\"@id\":\"https:\/\/appsaf.apieproject.com\/news\/#\/schema\/logo\/image\/\",\"url\":\"https:\/\/appsaf.apieproject.com\/news\/wp-content\/uploads\/sites\/29\/2022\/07\/logo-R-TransparentBackground.png\",\"contentUrl\":\"https:\/\/appsaf.apieproject.com\/news\/wp-content\/uploads\/sites\/29\/2022\/07\/logo-R-TransparentBackground.png\",\"width\":512,\"height\":512,\"caption\":\"APIE PROJECT\"},\"image\":{\"@id\":\"https:\/\/appsaf.apieproject.com\/news\/#\/schema\/logo\/image\/\"},\"sameAs\":[\"https:\/\/facebook.com\/apieproject\",\"https:\/\/x.com\/apieproject\"]},{\"@type\":\"Person\",\"@id\":\"https:\/\/appsaf.apieproject.com\/news\/#\/schema\/person\/399517cac378948cd7b39086f9ddc2a7\",\"name\":\"staff\",\"image\":{\"@type\":\"ImageObject\",\"inLanguage\":\"fr-FR\",\"@id\":\"https:\/\/appsaf.apieproject.com\/news\/#\/schema\/person\/image\/\",\"url\":\"https:\/\/secure.gravatar.com\/avatar\/5386283c5db150efe261184bd59f072a?s=96&d=mm&r=g\",\"contentUrl\":\"https:\/\/secure.gravatar.com\/avatar\/5386283c5db150efe261184bd59f072a?s=96&d=mm&r=g\",\"caption\":\"staff\"},\"url\":\"https:\/\/appsaf.apieproject.com\/news\/fr\/author\/staff\/\"}]}<\/script>\n<!-- \/ Yoast SEO plugin. -->","yoast_head_json":{"title":"Le Tchad va renforcer au Mali son contingent dans la Minusma apr\u00e8s le retrait fran\u00e7ais - APIE NEWS","robots":{"index":"index","follow":"follow","max-snippet":"max-snippet:-1","max-image-preview":"max-image-preview:large","max-video-preview":"max-video-preview:-1"},"canonical":"https:\/\/appsaf.apieproject.com\/news\/fr\/2022\/02\/24\/le-tchad-va-renforcer-au-mali-son-contingent-dans-la-minusma-apres-le-retrait-francais\/","og_locale":"fr_FR","og_type":"article","og_title":"Le Tchad va renforcer au Mali son contingent dans la Minusma apr\u00e8s le retrait fran\u00e7ais - APIE NEWS","og_description":"Le Tchad va renforcer au Mali ses effectifs au sein de la force de l\u2019Onu face aux djihadistes, a annonc\u00e9 lundi le pr\u00e9sident Mahamat Idriss D\u00e9by Itno trois jours apr\u00e8s l\u2019annonce par la France et ses partenaire europ\u00e9ens de leur retrait militaire de ce pays.","og_url":"https:\/\/appsaf.apieproject.com\/news\/fr\/2022\/02\/24\/le-tchad-va-renforcer-au-mali-son-contingent-dans-la-minusma-apres-le-retrait-francais\/","og_site_name":"APIE NEWS","article_publisher":"https:\/\/facebook.com\/apieproject","article_published_time":"2022-02-24T04:03:58+00:00","article_modified_time":"2022-02-24T04:03:59+00:00","og_image":[{"width":616,"height":347,"url":"https:\/\/appsaf.apieproject.com\/news\/wp-content\/uploads\/sites\/29\/2022\/02\/po-3-d5a633d2165dba371cbad45ad5a9f501.jpg","type":"image\/jpeg"}],"author":"staff","twitter_card":"summary_large_image","twitter_creator":"@apieproject","twitter_site":"@apieproject","twitter_misc":{"\u00c9crit par":"staff","Dur\u00e9e de lecture estim\u00e9e":"1 minute"},"schema":{"@context":"https:\/\/schema.org","@graph":[{"@type":"Article","@id":"https:\/\/appsaf.apieproject.com\/news\/fr\/2022\/02\/24\/le-tchad-va-renforcer-au-mali-son-contingent-dans-la-minusma-apres-le-retrait-francais\/#article","isPartOf":{"@id":"https:\/\/appsaf.apieproject.com\/news\/fr\/2022\/02\/24\/le-tchad-va-renforcer-au-mali-son-contingent-dans-la-minusma-apres-le-retrait-francais\/"},"author":{"name":"staff","@id":"https:\/\/appsaf.apieproject.com\/news\/#\/schema\/person\/399517cac378948cd7b39086f9ddc2a7"},"headline":"Le Tchad va renforcer au Mali son contingent dans la Minusma apr\u00e8s le retrait fran\u00e7ais","datePublished":"2022-02-24T04:03:58+00:00","dateModified":"2022-02-24T04:03:59+00:00","mainEntityOfPage":{"@id":"https:\/\/appsaf.apieproject.com\/news\/fr\/2022\/02\/24\/le-tchad-va-renforcer-au-mali-son-contingent-dans-la-minusma-apres-le-retrait-francais\/"},"wordCount":137,"commentCount":0,"publisher":{"@id":"https:\/\/appsaf.apieproject.com\/news\/#organization"},"image":{"@id":"https:\/\/appsaf.apieproject.com\/news\/fr\/2022\/02\/24\/le-tchad-va-renforcer-au-mali-son-contingent-dans-la-minusma-apres-le-retrait-francais\/#primaryimage"},"thumbnailUrl":"https:\/\/appsaf.apieproject.com\/news\/wp-content\/uploads\/sites\/29\/2022\/02\/po-3-d5a633d2165dba371cbad45ad5a9f501.jpg","keywords":["actualites","apie project","politique"],"articleSection":["Actualit\u00e9s","Politique"],"inLanguage":"fr-FR","potentialAction":[{"@type":"CommentAction","name":"Comment","target":["https:\/\/appsaf.apieproject.com\/news\/fr\/2022\/02\/24\/le-tchad-va-renforcer-au-mali-son-contingent-dans-la-minusma-apres-le-retrait-francais\/#respond"]}]},{"@type":"WebPage","@id":"https:\/\/appsaf.apieproject.com\/news\/fr\/2022\/02\/24\/le-tchad-va-renforcer-au-mali-son-contingent-dans-la-minusma-apres-le-retrait-francais\/","url":"https:\/\/appsaf.apieproject.com\/news\/fr\/2022\/02\/24\/le-tchad-va-renforcer-au-mali-son-contingent-dans-la-minusma-apres-le-retrait-francais\/","name":"Le Tchad va renforcer au Mali son contingent dans la Minusma apr\u00e8s le retrait fran\u00e7ais - APIE NEWS","isPartOf":{"@id":"https:\/\/appsaf.apieproject.com\/news\/#website"},"primaryImageOfPage":{"@id":"https:\/\/appsaf.apieproject.com\/news\/fr\/2022\/02\/24\/le-tchad-va-renforcer-au-mali-son-contingent-dans-la-minusma-apres-le-retrait-francais\/#primaryimage"},"image":{"@id":"https:\/\/appsaf.apieproject.com\/news\/fr\/2022\/02\/24\/le-tchad-va-renforcer-au-mali-son-contingent-dans-la-minusma-apres-le-retrait-francais\/#primaryimage"},"thumbnailUrl":"https:\/\/appsaf.apieproject.com\/news\/wp-content\/uploads\/sites\/29\/2022\/02\/po-3-d5a633d2165dba371cbad45ad5a9f501.jpg","datePublished":"2022-02-24T04:03:58+00:00","dateModified":"2022-02-24T04:03:59+00:00","breadcrumb":{"@id":"https:\/\/appsaf.apieproject.com\/news\/fr\/2022\/02\/24\/le-tchad-va-renforcer-au-mali-son-contingent-dans-la-minusma-apres-le-retrait-francais\/#breadcrumb"},"inLanguage":"fr-FR","potentialAction":[{"@type":"ReadAction","target":["https:\/\/appsaf.apieproject.com\/news\/fr\/2022\/02\/24\/le-tchad-va-renforcer-au-mali-son-contingent-dans-la-minusma-apres-le-retrait-francais\/"]}]},{"@type":"ImageObject","inLanguage":"fr-FR","@id":"https:\/\/appsaf.apieproject.com\/news\/fr\/2022\/02\/24\/le-tchad-va-renforcer-au-mali-son-contingent-dans-la-minusma-apres-le-retrait-francais\/#primaryimage","url":"https:\/\/appsaf.apieproject.com\/news\/wp-content\/uploads\/sites\/29\/2022\/02\/po-3-d5a633d2165dba371cbad45ad5a9f501.jpg","contentUrl":"https:\/\/appsaf.apieproject.com\/news\/wp-content\/uploads\/sites\/29\/2022\/02\/po-3-d5a633d2165dba371cbad45ad5a9f501.jpg","width":616,"height":347},{"@type":"BreadcrumbList","@id":"https:\/\/appsaf.apieproject.com\/news\/fr\/2022\/02\/24\/le-tchad-va-renforcer-au-mali-son-contingent-dans-la-minusma-apres-le-retrait-francais\/#breadcrumb","itemListElement":[{"@type":"ListItem","position":1,"name":"Home","item":"https:\/\/appsaf.apieproject.com\/news\/fr\/home\/"},{"@type":"ListItem","position":2,"name":"Le Tchad va renforcer au Mali son contingent dans la Minusma apr\u00e8s le retrait fran\u00e7ais"}]},{"@type":"WebSite","@id":"https:\/\/appsaf.apieproject.com\/news\/#website","url":"https:\/\/appsaf.apieproject.com\/news\/","name":"APIE NEWS","description":"PANAFRICANISM NEWS PORTAL","publisher":{"@id":"https:\/\/appsaf.apieproject.com\/news\/#organization"},"potentialAction":[{"@type":"SearchAction","target":{"@type":"EntryPoint","urlTemplate":"https:\/\/appsaf.apieproject.com\/news\/?s={search_term_string}"},"query-input":{"@type":"PropertyValueSpecification","valueRequired":true,"valueName":"search_term_string"}}],"inLanguage":"fr-FR"},{"@type":"Organization","@id":"https:\/\/appsaf.apieproject.com\/news\/#organization","name":"APIE PROJECT","url":"https:\/\/appsaf.apieproject.com\/news\/","logo":{"@type":"ImageObject","inLanguage":"fr-FR","@id":"https:\/\/appsaf.apieproject.com\/news\/#\/schema\/logo\/image\/","url":"https:\/\/appsaf.apieproject.com\/news\/wp-content\/uploads\/sites\/29\/2022\/07\/logo-R-TransparentBackground.png","contentUrl":"https:\/\/appsaf.apieproject.com\/news\/wp-content\/uploads\/sites\/29\/2022\/07\/logo-R-TransparentBackground.png","width":512,"height":512,"caption":"APIE PROJECT"},"image":{"@id":"https:\/\/appsaf.apieproject.com\/news\/#\/schema\/logo\/image\/"},"sameAs":["https:\/\/facebook.com\/apieproject","https:\/\/x.com\/apieproject"]},{"@type":"Person","@id":"https:\/\/appsaf.apieproject.com\/news\/#\/schema\/person\/399517cac378948cd7b39086f9ddc2a7","name":"staff","image":{"@type":"ImageObject","inLanguage":"fr-FR","@id":"https:\/\/appsaf.apieproject.com\/news\/#\/schema\/person\/image\/","url":"https:\/\/secure.gravatar.com\/avatar\/5386283c5db150efe261184bd59f072a?s=96&d=mm&r=g","contentUrl":"https:\/\/secure.gravatar.com\/avatar\/5386283c5db150efe261184bd59f072a?s=96&d=mm&r=g","caption":"staff"},"url":"https:\/\/appsaf.apieproject.com\/news\/fr\/author\/staff\/"}]}},"_links":{"self":[{"href":"https:\/\/appsaf.apieproject.com\/news\/fr\/wp-json\/wp\/v2\/posts\/1586","targetHints":{"allow":["GET"]}}],"collection":[{"href":"https:\/\/appsaf.apieproject.com\/news\/fr\/wp-json\/wp\/v2\/posts"}],"about":[{"href":"https:\/\/appsaf.apieproject.com\/news\/fr\/wp-json\/wp\/v2\/types\/post"}],"author":[{"embeddable":true,"href":"https:\/\/appsaf.apieproject.com\/news\/fr\/wp-json\/wp\/v2\/users\/12963"}],"replies":[{"embeddable":true,"href":"https:\/\/appsaf.apieproject.com\/news\/fr\/wp-json\/wp\/v2\/comments?post=1586"}],"version-history":[{"count":1,"href":"https:\/\/appsaf.apieproject.com\/news\/fr\/wp-json\/wp\/v2\/posts\/1586\/revisions"}],"predecessor-version":[{"id":1729,"href":"https:\/\/appsaf.apieproject.com\/news\/fr\/wp-json\/wp\/v2\/posts\/1586\/revisions\/1729"}],"wp:featuredmedia":[{"embeddable":true,"href":"https:\/\/appsaf.apieproject.com\/news\/fr\/wp-json\/wp\/v2\/media\/1583"}],"wp:attachment":[{"href":"https:\/\/appsaf.apieproject.com\/news\/fr\/wp-json\/wp\/v2\/media?parent=1586"}],"wp:term":[{"taxonomy":"category","embeddable":true,"href":"https:\/\/appsaf.apieproject.com\/news\/fr\/wp-json\/wp\/v2\/categories?post=1586"},{"taxonomy":"post_tag","embeddable":true,"href":"https:\/\/appsaf.apieproject.com\/news\/fr\/wp-json\/wp\/v2\/tags?post=1586"}],"curies":[{"name":"wp","href":"https:\/\/api.w.org\/{rel}","templated":true}]}}