{"id":1590,"date":"2022-02-24T04:02:34","date_gmt":"2022-02-24T04:02:34","guid":{"rendered":"https:\/\/appsaf.apieproject.com\/news\/?p=1590"},"modified":"2022-02-24T04:02:35","modified_gmt":"2022-02-24T04:02:35","slug":"recep-tayyip-erdogan-nous-continuerons-detre-aux-cotes-de-la-republique-democratique-du-congo-dans-ses-efforts-de-developpement","status":"publish","type":"post","link":"https:\/\/appsaf.apieproject.com\/news\/fr\/2022\/02\/24\/recep-tayyip-erdogan-nous-continuerons-detre-aux-cotes-de-la-republique-democratique-du-congo-dans-ses-efforts-de-developpement\/","title":{"rendered":"Recep Tayyip Erdogan: \u00ab Nous continuerons d\u2019\u00eatre aux c\u00f4t\u00e9s de la R\u00e9publique d\u00e9mocratique du Congo dans ses efforts de d\u00e9veloppement \u00bb"},"content":{"rendered":"<p>Lors de la conf\u00e9rence de presse conjointe avec le pr\u00e9sident de la RD Congo F\u00e9lix Tshisekedi, le pr\u00e9sident Erdo\u011fan a dit : \u00ab l\u2019agence turque de coop\u00e9ration et de coordination (tika) poursuit son soutien aux efforts de d\u00e9veloppement de la r\u00e9publique d\u00e9mocratique du Congo. Elle m\u00e8ne divers projets, de la formation professionnelle \u00e0 la sant\u00e9, du soutien aux infrastructures administratives et sociales \u00e0 la r\u00e9novation des \u00e9coles. Nous continuerons d\u2019\u00eatre aux c\u00f4t\u00e9s de la r\u00e9publique d\u00e9mocratique du Congo dans ses efforts de d\u00e9veloppement. \u00bb<\/p>\n","protected":false},"excerpt":{"rendered":"<p>Le pr\u00e9sident Recep Tayyip Erdo\u011fan et le pr\u00e9sident de la RD Congo F\u00e9lix Tshisekedi ont tenu une conf\u00e9rence de presse conjointe apr\u00e8s les entretiens en t\u00eate-\u00e0-t\u00eate et entre les d\u00e9l\u00e9gations.<\/p>\n","protected":false},"author":12963,"featured_media":1587,"comment_status":"open","ping_status":"open","sticky":false,"template":"","format":"standard","meta":{"footnotes":""},"categories":[67,69],"tags":[81,78,82],"class_list":{"0":"post-1590","1":"post","2":"type-post","3":"status-publish","4":"format-standard","5":"has-post-thumbnail","7":"category-actualites","8":"category-politique","9":"tag-actualites","10":"tag-apie-project-2","11":"tag-politique"},"yoast_head":"<!-- This site is optimized with the Yoast SEO plugin v24.4 - https:\/\/yoast.com\/wordpress\/plugins\/seo\/ -->\n<title>Recep Tayyip Erdogan: \u00ab Nous continuerons d\u2019\u00eatre aux c\u00f4t\u00e9s de la R\u00e9publique d\u00e9mocratique du Congo dans ses efforts de d\u00e9veloppement \u00bb - APIE NEWS<\/title>\n<meta name=\"robots\" content=\"index, follow, max-snippet:-1, max-image-preview:large, max-video-preview:-1\" \/>\n<link rel=\"canonical\" href=\"https:\/\/appsaf.apieproject.com\/news\/fr\/2022\/02\/24\/recep-tayyip-erdogan-nous-continuerons-detre-aux-cotes-de-la-republique-democratique-du-congo-dans-ses-efforts-de-developpement\/\" \/>\n<meta property=\"og:locale\" content=\"fr_FR\" \/>\n<meta property=\"og:type\" content=\"article\" \/>\n<meta property=\"og:title\" content=\"Recep Tayyip Erdogan: \u00ab Nous continuerons d\u2019\u00eatre aux c\u00f4t\u00e9s de la R\u00e9publique d\u00e9mocratique du Congo dans ses efforts de d\u00e9veloppement \u00bb - APIE NEWS\" \/>\n<meta property=\"og:description\" content=\"Le pr\u00e9sident Recep Tayyip Erdo\u011fan et le pr\u00e9sident de la RD Congo F\u00e9lix Tshisekedi ont tenu une conf\u00e9rence de presse conjointe apr\u00e8s les entretiens en t\u00eate-\u00e0-t\u00eate et entre les d\u00e9l\u00e9gations.\" \/>\n<meta property=\"og:url\" content=\"https:\/\/appsaf.apieproject.com\/news\/fr\/2022\/02\/24\/recep-tayyip-erdogan-nous-continuerons-detre-aux-cotes-de-la-republique-democratique-du-congo-dans-ses-efforts-de-developpement\/\" \/>\n<meta property=\"og:site_name\" content=\"APIE NEWS\" \/>\n<meta property=\"article:publisher\" content=\"https:\/\/facebook.com\/apieproject\" \/>\n<meta property=\"article:published_time\" content=\"2022-02-24T04:02:34+00:00\" \/>\n<meta property=\"article:modified_time\" content=\"2022-02-24T04:02:35+00:00\" \/>\n<meta property=\"og:image\" content=\"https:\/\/appsaf.apieproject.com\/news\/wp-content\/uploads\/sites\/29\/2022\/02\/po-4-1bcfe476d17d1a68e0709e7e9ff73443.jpeg\" \/>\n\t<meta property=\"og:image:width\" content=\"640\" \/>\n\t<meta property=\"og:image:height\" content=\"350\" \/>\n\t<meta property=\"og:image:type\" content=\"image\/jpeg\" \/>\n<meta name=\"author\" content=\"staff\" \/>\n<meta name=\"twitter:card\" content=\"summary_large_image\" \/>\n<meta name=\"twitter:creator\" content=\"@apieproject\" \/>\n<meta name=\"twitter:site\" content=\"@apieproject\" \/>\n<meta name=\"twitter:label1\" content=\"\u00c9crit par\" \/>\n\t<meta name=\"twitter:data1\" content=\"staff\" \/>\n<script type=\"application\/ld+json\" class=\"yoast-schema-graph\">{\"@context\":\"https:\/\/schema.org\",\"@graph\":[{\"@type\":\"Article\",\"@id\":\"https:\/\/appsaf.apieproject.com\/news\/fr\/2022\/02\/24\/recep-tayyip-erdogan-nous-continuerons-detre-aux-cotes-de-la-republique-democratique-du-congo-dans-ses-efforts-de-developpement\/#article\",\"isPartOf\":{\"@id\":\"https:\/\/appsaf.apieproject.com\/news\/fr\/2022\/02\/24\/recep-tayyip-erdogan-nous-continuerons-detre-aux-cotes-de-la-republique-democratique-du-congo-dans-ses-efforts-de-developpement\/\"},\"author\":{\"name\":\"staff\",\"@id\":\"https:\/\/appsaf.apieproject.com\/news\/#\/schema\/person\/399517cac378948cd7b39086f9ddc2a7\"},\"headline\":\"Recep Tayyip Erdogan: \u00ab Nous continuerons d\u2019\u00eatre aux c\u00f4t\u00e9s de la R\u00e9publique d\u00e9mocratique du Congo dans ses efforts de d\u00e9veloppement \u00bb\",\"datePublished\":\"2022-02-24T04:02:34+00:00\",\"dateModified\":\"2022-02-24T04:02:35+00:00\",\"mainEntityOfPage\":{\"@id\":\"https:\/\/appsaf.apieproject.com\/news\/fr\/2022\/02\/24\/recep-tayyip-erdogan-nous-continuerons-detre-aux-cotes-de-la-republique-democratique-du-congo-dans-ses-efforts-de-developpement\/\"},\"wordCount\":122,\"commentCount\":0,\"publisher\":{\"@id\":\"https:\/\/appsaf.apieproject.com\/news\/#organization\"},\"image\":{\"@id\":\"https:\/\/appsaf.apieproject.com\/news\/fr\/2022\/02\/24\/recep-tayyip-erdogan-nous-continuerons-detre-aux-cotes-de-la-republique-democratique-du-congo-dans-ses-efforts-de-developpement\/#primaryimage\"},\"thumbnailUrl\":\"https:\/\/appsaf.apieproject.com\/news\/wp-content\/uploads\/sites\/29\/2022\/02\/po-4-1bcfe476d17d1a68e0709e7e9ff73443.jpeg\",\"keywords\":[\"actualites\",\"apie project\",\"politique\"],\"articleSection\":[\"Actualit\u00e9s\",\"Politique\"],\"inLanguage\":\"fr-FR\",\"potentialAction\":[{\"@type\":\"CommentAction\",\"name\":\"Comment\",\"target\":[\"https:\/\/appsaf.apieproject.com\/news\/fr\/2022\/02\/24\/recep-tayyip-erdogan-nous-continuerons-detre-aux-cotes-de-la-republique-democratique-du-congo-dans-ses-efforts-de-developpement\/#respond\"]}]},{\"@type\":\"WebPage\",\"@id\":\"https:\/\/appsaf.apieproject.com\/news\/fr\/2022\/02\/24\/recep-tayyip-erdogan-nous-continuerons-detre-aux-cotes-de-la-republique-democratique-du-congo-dans-ses-efforts-de-developpement\/\",\"url\":\"https:\/\/appsaf.apieproject.com\/news\/fr\/2022\/02\/24\/recep-tayyip-erdogan-nous-continuerons-detre-aux-cotes-de-la-republique-democratique-du-congo-dans-ses-efforts-de-developpement\/\",\"name\":\"Recep Tayyip Erdogan: \u00ab Nous continuerons d\u2019\u00eatre aux c\u00f4t\u00e9s de la R\u00e9publique d\u00e9mocratique du Congo dans ses efforts de d\u00e9veloppement \u00bb - APIE NEWS\",\"isPartOf\":{\"@id\":\"https:\/\/appsaf.apieproject.com\/news\/#website\"},\"primaryImageOfPage\":{\"@id\":\"https:\/\/appsaf.apieproject.com\/news\/fr\/2022\/02\/24\/recep-tayyip-erdogan-nous-continuerons-detre-aux-cotes-de-la-republique-democratique-du-congo-dans-ses-efforts-de-developpement\/#primaryimage\"},\"image\":{\"@id\":\"https:\/\/appsaf.apieproject.com\/news\/fr\/2022\/02\/24\/recep-tayyip-erdogan-nous-continuerons-detre-aux-cotes-de-la-republique-democratique-du-congo-dans-ses-efforts-de-developpement\/#primaryimage\"},\"thumbnailUrl\":\"https:\/\/appsaf.apieproject.com\/news\/wp-content\/uploads\/sites\/29\/2022\/02\/po-4-1bcfe476d17d1a68e0709e7e9ff73443.jpeg\",\"datePublished\":\"2022-02-24T04:02:34+00:00\",\"dateModified\":\"2022-02-24T04:02:35+00:00\",\"breadcrumb\":{\"@id\":\"https:\/\/appsaf.apieproject.com\/news\/fr\/2022\/02\/24\/recep-tayyip-erdogan-nous-continuerons-detre-aux-cotes-de-la-republique-democratique-du-congo-dans-ses-efforts-de-developpement\/#breadcrumb\"},\"inLanguage\":\"fr-FR\",\"potentialAction\":[{\"@type\":\"ReadAction\",\"target\":[\"https:\/\/appsaf.apieproject.com\/news\/fr\/2022\/02\/24\/recep-tayyip-erdogan-nous-continuerons-detre-aux-cotes-de-la-republique-democratique-du-congo-dans-ses-efforts-de-developpement\/\"]}]},{\"@type\":\"ImageObject\",\"inLanguage\":\"fr-FR\",\"@id\":\"https:\/\/appsaf.apieproject.com\/news\/fr\/2022\/02\/24\/recep-tayyip-erdogan-nous-continuerons-detre-aux-cotes-de-la-republique-democratique-du-congo-dans-ses-efforts-de-developpement\/#primaryimage\",\"url\":\"https:\/\/appsaf.apieproject.com\/news\/wp-content\/uploads\/sites\/29\/2022\/02\/po-4-1bcfe476d17d1a68e0709e7e9ff73443.jpeg\",\"contentUrl\":\"https:\/\/appsaf.apieproject.com\/news\/wp-content\/uploads\/sites\/29\/2022\/02\/po-4-1bcfe476d17d1a68e0709e7e9ff73443.jpeg\",\"width\":640,\"height\":350},{\"@type\":\"BreadcrumbList\",\"@id\":\"https:\/\/appsaf.apieproject.com\/news\/fr\/2022\/02\/24\/recep-tayyip-erdogan-nous-continuerons-detre-aux-cotes-de-la-republique-democratique-du-congo-dans-ses-efforts-de-developpement\/#breadcrumb\",\"itemListElement\":[{\"@type\":\"ListItem\",\"position\":1,\"name\":\"Home\",\"item\":\"https:\/\/appsaf.apieproject.com\/news\/fr\/home\/\"},{\"@type\":\"ListItem\",\"position\":2,\"name\":\"Recep Tayyip Erdogan: \u00ab Nous continuerons d\u2019\u00eatre aux c\u00f4t\u00e9s de la R\u00e9publique d\u00e9mocratique du Congo dans ses efforts de d\u00e9veloppement \u00bb\"}]},{\"@type\":\"WebSite\",\"@id\":\"https:\/\/appsaf.apieproject.com\/news\/#website\",\"url\":\"https:\/\/appsaf.apieproject.com\/news\/\",\"name\":\"APIE NEWS\",\"description\":\"PANAFRICANISM NEWS PORTAL\",\"publisher\":{\"@id\":\"https:\/\/appsaf.apieproject.com\/news\/#organization\"},\"potentialAction\":[{\"@type\":\"SearchAction\",\"target\":{\"@type\":\"EntryPoint\",\"urlTemplate\":\"https:\/\/appsaf.apieproject.com\/news\/?s={search_term_string}\"},\"query-input\":{\"@type\":\"PropertyValueSpecification\",\"valueRequired\":true,\"valueName\":\"search_term_string\"}}],\"inLanguage\":\"fr-FR\"},{\"@type\":\"Organization\",\"@id\":\"https:\/\/appsaf.apieproject.com\/news\/#organization\",\"name\":\"APIE PROJECT\",\"url\":\"https:\/\/appsaf.apieproject.com\/news\/\",\"logo\":{\"@type\":\"ImageObject\",\"inLanguage\":\"fr-FR\",\"@id\":\"https:\/\/appsaf.apieproject.com\/news\/#\/schema\/logo\/image\/\",\"url\":\"https:\/\/appsaf.apieproject.com\/news\/wp-content\/uploads\/sites\/29\/2022\/07\/logo-R-TransparentBackground.png\",\"contentUrl\":\"https:\/\/appsaf.apieproject.com\/news\/wp-content\/uploads\/sites\/29\/2022\/07\/logo-R-TransparentBackground.png\",\"width\":512,\"height\":512,\"caption\":\"APIE PROJECT\"},\"image\":{\"@id\":\"https:\/\/appsaf.apieproject.com\/news\/#\/schema\/logo\/image\/\"},\"sameAs\":[\"https:\/\/facebook.com\/apieproject\",\"https:\/\/x.com\/apieproject\"]},{\"@type\":\"Person\",\"@id\":\"https:\/\/appsaf.apieproject.com\/news\/#\/schema\/person\/399517cac378948cd7b39086f9ddc2a7\",\"name\":\"staff\",\"image\":{\"@type\":\"ImageObject\",\"inLanguage\":\"fr-FR\",\"@id\":\"https:\/\/appsaf.apieproject.com\/news\/#\/schema\/person\/image\/\",\"url\":\"https:\/\/secure.gravatar.com\/avatar\/5386283c5db150efe261184bd59f072a?s=96&d=mm&r=g\",\"contentUrl\":\"https:\/\/secure.gravatar.com\/avatar\/5386283c5db150efe261184bd59f072a?s=96&d=mm&r=g\",\"caption\":\"staff\"},\"url\":\"https:\/\/appsaf.apieproject.com\/news\/fr\/author\/staff\/\"}]}<\/script>\n<!-- \/ Yoast SEO plugin. -->","yoast_head_json":{"title":"Recep Tayyip Erdogan: \u00ab Nous continuerons d\u2019\u00eatre aux c\u00f4t\u00e9s de la R\u00e9publique d\u00e9mocratique du Congo dans ses efforts de d\u00e9veloppement \u00bb - APIE NEWS","robots":{"index":"index","follow":"follow","max-snippet":"max-snippet:-1","max-image-preview":"max-image-preview:large","max-video-preview":"max-video-preview:-1"},"canonical":"https:\/\/appsaf.apieproject.com\/news\/fr\/2022\/02\/24\/recep-tayyip-erdogan-nous-continuerons-detre-aux-cotes-de-la-republique-democratique-du-congo-dans-ses-efforts-de-developpement\/","og_locale":"fr_FR","og_type":"article","og_title":"Recep Tayyip Erdogan: \u00ab Nous continuerons d\u2019\u00eatre aux c\u00f4t\u00e9s de la R\u00e9publique d\u00e9mocratique du Congo dans ses efforts de d\u00e9veloppement \u00bb - APIE NEWS","og_description":"Le pr\u00e9sident Recep Tayyip Erdo\u011fan et le pr\u00e9sident de la RD Congo F\u00e9lix Tshisekedi ont tenu une conf\u00e9rence de presse conjointe apr\u00e8s les entretiens en t\u00eate-\u00e0-t\u00eate et entre les d\u00e9l\u00e9gations.","og_url":"https:\/\/appsaf.apieproject.com\/news\/fr\/2022\/02\/24\/recep-tayyip-erdogan-nous-continuerons-detre-aux-cotes-de-la-republique-democratique-du-congo-dans-ses-efforts-de-developpement\/","og_site_name":"APIE NEWS","article_publisher":"https:\/\/facebook.com\/apieproject","article_published_time":"2022-02-24T04:02:34+00:00","article_modified_time":"2022-02-24T04:02:35+00:00","og_image":[{"width":640,"height":350,"url":"https:\/\/appsaf.apieproject.com\/news\/wp-content\/uploads\/sites\/29\/2022\/02\/po-4-1bcfe476d17d1a68e0709e7e9ff73443.jpeg","type":"image\/jpeg"}],"author":"staff","twitter_card":"summary_large_image","twitter_creator":"@apieproject","twitter_site":"@apieproject","twitter_misc":{"\u00c9crit par":"staff"},"schema":{"@context":"https:\/\/schema.org","@graph":[{"@type":"Article","@id":"https:\/\/appsaf.apieproject.com\/news\/fr\/2022\/02\/24\/recep-tayyip-erdogan-nous-continuerons-detre-aux-cotes-de-la-republique-democratique-du-congo-dans-ses-efforts-de-developpement\/#article","isPartOf":{"@id":"https:\/\/appsaf.apieproject.com\/news\/fr\/2022\/02\/24\/recep-tayyip-erdogan-nous-continuerons-detre-aux-cotes-de-la-republique-democratique-du-congo-dans-ses-efforts-de-developpement\/"},"author":{"name":"staff","@id":"https:\/\/appsaf.apieproject.com\/news\/#\/schema\/person\/399517cac378948cd7b39086f9ddc2a7"},"headline":"Recep Tayyip Erdogan: \u00ab Nous continuerons d\u2019\u00eatre aux c\u00f4t\u00e9s de la R\u00e9publique d\u00e9mocratique du Congo dans ses efforts de d\u00e9veloppement \u00bb","datePublished":"2022-02-24T04:02:34+00:00","dateModified":"2022-02-24T04:02:35+00:00","mainEntityOfPage":{"@id":"https:\/\/appsaf.apieproject.com\/news\/fr\/2022\/02\/24\/recep-tayyip-erdogan-nous-continuerons-detre-aux-cotes-de-la-republique-democratique-du-congo-dans-ses-efforts-de-developpement\/"},"wordCount":122,"commentCount":0,"publisher":{"@id":"https:\/\/appsaf.apieproject.com\/news\/#organization"},"image":{"@id":"https:\/\/appsaf.apieproject.com\/news\/fr\/2022\/02\/24\/recep-tayyip-erdogan-nous-continuerons-detre-aux-cotes-de-la-republique-democratique-du-congo-dans-ses-efforts-de-developpement\/#primaryimage"},"thumbnailUrl":"https:\/\/appsaf.apieproject.com\/news\/wp-content\/uploads\/sites\/29\/2022\/02\/po-4-1bcfe476d17d1a68e0709e7e9ff73443.jpeg","keywords":["actualites","apie project","politique"],"articleSection":["Actualit\u00e9s","Politique"],"inLanguage":"fr-FR","potentialAction":[{"@type":"CommentAction","name":"Comment","target":["https:\/\/appsaf.apieproject.com\/news\/fr\/2022\/02\/24\/recep-tayyip-erdogan-nous-continuerons-detre-aux-cotes-de-la-republique-democratique-du-congo-dans-ses-efforts-de-developpement\/#respond"]}]},{"@type":"WebPage","@id":"https:\/\/appsaf.apieproject.com\/news\/fr\/2022\/02\/24\/recep-tayyip-erdogan-nous-continuerons-detre-aux-cotes-de-la-republique-democratique-du-congo-dans-ses-efforts-de-developpement\/","url":"https:\/\/appsaf.apieproject.com\/news\/fr\/2022\/02\/24\/recep-tayyip-erdogan-nous-continuerons-detre-aux-cotes-de-la-republique-democratique-du-congo-dans-ses-efforts-de-developpement\/","name":"Recep Tayyip Erdogan: \u00ab Nous continuerons d\u2019\u00eatre aux c\u00f4t\u00e9s de la R\u00e9publique d\u00e9mocratique du Congo dans ses efforts de d\u00e9veloppement \u00bb - APIE NEWS","isPartOf":{"@id":"https:\/\/appsaf.apieproject.com\/news\/#website"},"primaryImageOfPage":{"@id":"https:\/\/appsaf.apieproject.com\/news\/fr\/2022\/02\/24\/recep-tayyip-erdogan-nous-continuerons-detre-aux-cotes-de-la-republique-democratique-du-congo-dans-ses-efforts-de-developpement\/#primaryimage"},"image":{"@id":"https:\/\/appsaf.apieproject.com\/news\/fr\/2022\/02\/24\/recep-tayyip-erdogan-nous-continuerons-detre-aux-cotes-de-la-republique-democratique-du-congo-dans-ses-efforts-de-developpement\/#primaryimage"},"thumbnailUrl":"https:\/\/appsaf.apieproject.com\/news\/wp-content\/uploads\/sites\/29\/2022\/02\/po-4-1bcfe476d17d1a68e0709e7e9ff73443.jpeg","datePublished":"2022-02-24T04:02:34+00:00","dateModified":"2022-02-24T04:02:35+00:00","breadcrumb":{"@id":"https:\/\/appsaf.apieproject.com\/news\/fr\/2022\/02\/24\/recep-tayyip-erdogan-nous-continuerons-detre-aux-cotes-de-la-republique-democratique-du-congo-dans-ses-efforts-de-developpement\/#breadcrumb"},"inLanguage":"fr-FR","potentialAction":[{"@type":"ReadAction","target":["https:\/\/appsaf.apieproject.com\/news\/fr\/2022\/02\/24\/recep-tayyip-erdogan-nous-continuerons-detre-aux-cotes-de-la-republique-democratique-du-congo-dans-ses-efforts-de-developpement\/"]}]},{"@type":"ImageObject","inLanguage":"fr-FR","@id":"https:\/\/appsaf.apieproject.com\/news\/fr\/2022\/02\/24\/recep-tayyip-erdogan-nous-continuerons-detre-aux-cotes-de-la-republique-democratique-du-congo-dans-ses-efforts-de-developpement\/#primaryimage","url":"https:\/\/appsaf.apieproject.com\/news\/wp-content\/uploads\/sites\/29\/2022\/02\/po-4-1bcfe476d17d1a68e0709e7e9ff73443.jpeg","contentUrl":"https:\/\/appsaf.apieproject.com\/news\/wp-content\/uploads\/sites\/29\/2022\/02\/po-4-1bcfe476d17d1a68e0709e7e9ff73443.jpeg","width":640,"height":350},{"@type":"BreadcrumbList","@id":"https:\/\/appsaf.apieproject.com\/news\/fr\/2022\/02\/24\/recep-tayyip-erdogan-nous-continuerons-detre-aux-cotes-de-la-republique-democratique-du-congo-dans-ses-efforts-de-developpement\/#breadcrumb","itemListElement":[{"@type":"ListItem","position":1,"name":"Home","item":"https:\/\/appsaf.apieproject.com\/news\/fr\/home\/"},{"@type":"ListItem","position":2,"name":"Recep Tayyip Erdogan: \u00ab Nous continuerons d\u2019\u00eatre aux c\u00f4t\u00e9s de la R\u00e9publique d\u00e9mocratique du Congo dans ses efforts de d\u00e9veloppement \u00bb"}]},{"@type":"WebSite","@id":"https:\/\/appsaf.apieproject.com\/news\/#website","url":"https:\/\/appsaf.apieproject.com\/news\/","name":"APIE NEWS","description":"PANAFRICANISM NEWS PORTAL","publisher":{"@id":"https:\/\/appsaf.apieproject.com\/news\/#organization"},"potentialAction":[{"@type":"SearchAction","target":{"@type":"EntryPoint","urlTemplate":"https:\/\/appsaf.apieproject.com\/news\/?s={search_term_string}"},"query-input":{"@type":"PropertyValueSpecification","valueRequired":true,"valueName":"search_term_string"}}],"inLanguage":"fr-FR"},{"@type":"Organization","@id":"https:\/\/appsaf.apieproject.com\/news\/#organization","name":"APIE PROJECT","url":"https:\/\/appsaf.apieproject.com\/news\/","logo":{"@type":"ImageObject","inLanguage":"fr-FR","@id":"https:\/\/appsaf.apieproject.com\/news\/#\/schema\/logo\/image\/","url":"https:\/\/appsaf.apieproject.com\/news\/wp-content\/uploads\/sites\/29\/2022\/07\/logo-R-TransparentBackground.png","contentUrl":"https:\/\/appsaf.apieproject.com\/news\/wp-content\/uploads\/sites\/29\/2022\/07\/logo-R-TransparentBackground.png","width":512,"height":512,"caption":"APIE PROJECT"},"image":{"@id":"https:\/\/appsaf.apieproject.com\/news\/#\/schema\/logo\/image\/"},"sameAs":["https:\/\/facebook.com\/apieproject","https:\/\/x.com\/apieproject"]},{"@type":"Person","@id":"https:\/\/appsaf.apieproject.com\/news\/#\/schema\/person\/399517cac378948cd7b39086f9ddc2a7","name":"staff","image":{"@type":"ImageObject","inLanguage":"fr-FR","@id":"https:\/\/appsaf.apieproject.com\/news\/#\/schema\/person\/image\/","url":"https:\/\/secure.gravatar.com\/avatar\/5386283c5db150efe261184bd59f072a?s=96&d=mm&r=g","contentUrl":"https:\/\/secure.gravatar.com\/avatar\/5386283c5db150efe261184bd59f072a?s=96&d=mm&r=g","caption":"staff"},"url":"https:\/\/appsaf.apieproject.com\/news\/fr\/author\/staff\/"}]}},"_links":{"self":[{"href":"https:\/\/appsaf.apieproject.com\/news\/fr\/wp-json\/wp\/v2\/posts\/1590","targetHints":{"allow":["GET"]}}],"collection":[{"href":"https:\/\/appsaf.apieproject.com\/news\/fr\/wp-json\/wp\/v2\/posts"}],"about":[{"href":"https:\/\/appsaf.apieproject.com\/news\/fr\/wp-json\/wp\/v2\/types\/post"}],"author":[{"embeddable":true,"href":"https:\/\/appsaf.apieproject.com\/news\/fr\/wp-json\/wp\/v2\/users\/12963"}],"replies":[{"embeddable":true,"href":"https:\/\/appsaf.apieproject.com\/news\/fr\/wp-json\/wp\/v2\/comments?post=1590"}],"version-history":[{"count":1,"href":"https:\/\/appsaf.apieproject.com\/news\/fr\/wp-json\/wp\/v2\/posts\/1590\/revisions"}],"predecessor-version":[{"id":1728,"href":"https:\/\/appsaf.apieproject.com\/news\/fr\/wp-json\/wp\/v2\/posts\/1590\/revisions\/1728"}],"wp:featuredmedia":[{"embeddable":true,"href":"https:\/\/appsaf.apieproject.com\/news\/fr\/wp-json\/wp\/v2\/media\/1587"}],"wp:attachment":[{"href":"https:\/\/appsaf.apieproject.com\/news\/fr\/wp-json\/wp\/v2\/media?parent=1590"}],"wp:term":[{"taxonomy":"category","embeddable":true,"href":"https:\/\/appsaf.apieproject.com\/news\/fr\/wp-json\/wp\/v2\/categories?post=1590"},{"taxonomy":"post_tag","embeddable":true,"href":"https:\/\/appsaf.apieproject.com\/news\/fr\/wp-json\/wp\/v2\/tags?post=1590"}],"curies":[{"name":"wp","href":"https:\/\/api.w.org\/{rel}","templated":true}]}}