{"id":15911,"date":"2022-09-05T03:17:19","date_gmt":"2022-09-05T03:17:19","guid":{"rendered":"https:\/\/appsaf.apieproject.com\/news\/?p=15911"},"modified":"2022-09-05T03:17:20","modified_gmt":"2022-09-05T03:17:20","slug":"camilla-george-celebre-ses-racines-nigerianes-sur-ibio-ibio","status":"publish","type":"post","link":"https:\/\/appsaf.apieproject.com\/news\/fr\/2022\/09\/05\/camilla-george-celebre-ses-racines-nigerianes-sur-ibio-ibio\/","title":{"rendered":"Camilla George c\u00e9l\u00e8bre ses racines nig\u00e9rianes sur \u00ab\u00a0Ibio-Ibio\u00a0\u00bb"},"content":{"rendered":"<p>Comme Nubya Garcia, Cassie Kinoshi, Zara McFarlane ou Sheila Maurice-Grey, la saxophoniste s&rsquo;est \u00e9panouie au sein de Tomorrow&rsquo;s Warriors, un programme londonien destin\u00e9 \u00e0 promouvoir la diversit\u00e9 dans les arts par le biais du jazz et \u00e0 aider les musiciens de la diaspora africaine et les artistes f\u00e9minines. N\u00e9e \u00e0 Eket et titulaire d&rsquo;un master en jazz du Trinity College of Music, Camilla George s&rsquo;est alors r\u00e9v\u00e9l\u00e9e comme l&rsquo;une des figures majeures de cette g\u00e9n\u00e9ration de surdou\u00e9s qui secouent la sc\u00e8ne jazz europ\u00e9enne depuis plus de dix ans. Apr\u00e8s son album The People Could Fly bas\u00e9 sur un livre de contes d&rsquo;esclaves africains, la compositrice poursuit son travail de m\u00e9moire en c\u00e9l\u00e9brant sur son troisi\u00e8me album sa tribu natale Ibibio de la c\u00f4te sud-est du Nig\u00e9ria.<\/p>\n<p>Polyrythmies africaines et afrobeat, swing d\u00e9tonant et groove puissant, Camilla George d\u00e9ploie ici tous ses talents de compositrice plaquant ses chorus charg\u00e9s d&rsquo;\u00e9motions et de blues au saxophone alto sur des orchestrations sublim\u00e9es par la cr\u00e8me des musiciens jazz londoniens et quelques invit\u00e9s comme le joueur de kora s\u00e9n\u00e9galais Kadialy Kouyate ou le batteur am\u00e9ricain Daru Jones (Jack White, Pete Rock, Talib Kweli). Pour la narration de son voyage spirituel et cr\u00e9atif, elle a fait appel \u00e0 la MC de Birmingham, Lady Sanity, comme sur le troisi\u00e8me extrait groovy aux rythmes syncop\u00e9s de l&rsquo;album, Creation &#8211; Abasi and Atai, l&rsquo;histoire d&rsquo;Abasi, le chef supr\u00eame\/dieu de l&rsquo;univers et sa femme, Atai, d\u00e9esse de la m\u00e9diation, qui ont cr\u00e9\u00e9 le peuple Ibibio \u00e0 leur propre image. Un peuple Ibibio consid\u00e9r\u00e9 comme le plus ancien de tous les groupes ethniques du Nigeria.<\/p>\n<p>\u00ab Cet album est une c\u00e9l\u00e9bration des racines, de la cr\u00e9ation et de la communaut\u00e9. Le peuple Ibibio, apparent\u00e9 aux Anang, repr\u00e9sente la communaut\u00e9 et la solidarit\u00e9, quelque chose qui, en ces temps de plus en plus \u00e9tranges, me guide, m&rsquo;apporte espoir et r\u00e9confort \u00bb. conclut Camilla George dont l&rsquo;album Ibio-Ibio sort le 30 septembre via Ever Records\/!K7 Music.<br \/>\nCamilla George est en concert les 23 et 24 septembre au Duc des Lombards \u00e0 Paris.<\/p>\n","protected":false},"excerpt":{"rendered":"<p>Entre jazz, afrobeat et hip hop, la saxophoniste et compositrice londonienne nous offre une odyss\u00e9e captivante dans les mythes de la cr\u00e9ation Ibibio.<\/p>\n","protected":false},"author":12963,"featured_media":15908,"comment_status":"open","ping_status":"open","sticky":false,"template":"","format":"standard","meta":{"footnotes":""},"categories":[55,65],"tags":[78,88,91],"class_list":{"0":"post-15911","1":"post","2":"type-post","3":"status-publish","4":"format-standard","5":"has-post-thumbnail","7":"category-divertissement","8":"category-musique","9":"tag-apie-project-2","10":"tag-divertissement","11":"tag-musique"},"yoast_head":"<!-- This site is optimized with the Yoast SEO plugin v24.4 - https:\/\/yoast.com\/wordpress\/plugins\/seo\/ -->\n<title>Camilla George c\u00e9l\u00e8bre ses racines nig\u00e9rianes sur &quot;Ibio-Ibio&quot; - APIE NEWS<\/title>\n<meta name=\"robots\" content=\"index, follow, max-snippet:-1, max-image-preview:large, max-video-preview:-1\" \/>\n<link rel=\"canonical\" href=\"https:\/\/appsaf.apieproject.com\/news\/fr\/2022\/09\/05\/camilla-george-celebre-ses-racines-nigerianes-sur-ibio-ibio\/\" \/>\n<meta property=\"og:locale\" content=\"fr_FR\" \/>\n<meta property=\"og:type\" content=\"article\" \/>\n<meta property=\"og:title\" content=\"Camilla George c\u00e9l\u00e8bre ses racines nig\u00e9rianes sur &quot;Ibio-Ibio&quot; - APIE NEWS\" \/>\n<meta property=\"og:description\" content=\"Entre jazz, afrobeat et hip hop, la saxophoniste et compositrice londonienne nous offre une odyss\u00e9e captivante dans les mythes de la cr\u00e9ation Ibibio.\" \/>\n<meta property=\"og:url\" content=\"https:\/\/appsaf.apieproject.com\/news\/fr\/2022\/09\/05\/camilla-george-celebre-ses-racines-nigerianes-sur-ibio-ibio\/\" \/>\n<meta property=\"og:site_name\" content=\"APIE NEWS\" \/>\n<meta property=\"article:publisher\" content=\"https:\/\/facebook.com\/apieproject\" \/>\n<meta property=\"article:published_time\" content=\"2022-09-05T03:17:19+00:00\" \/>\n<meta property=\"article:modified_time\" content=\"2022-09-05T03:17:20+00:00\" \/>\n<meta property=\"og:image\" content=\"https:\/\/appsaf.apieproject.com\/news\/wp-content\/uploads\/sites\/29\/2022\/09\/muf2-d724e5fec818eafdc334dcaa58aeeb1c.jpg\" \/>\n\t<meta property=\"og:image:width\" content=\"874\" \/>\n\t<meta property=\"og:image:height\" content=\"493\" \/>\n\t<meta property=\"og:image:type\" content=\"image\/jpeg\" \/>\n<meta name=\"author\" content=\"staff\" \/>\n<meta name=\"twitter:card\" content=\"summary_large_image\" \/>\n<meta name=\"twitter:creator\" content=\"@apieproject\" \/>\n<meta name=\"twitter:site\" content=\"@apieproject\" \/>\n<meta name=\"twitter:label1\" content=\"\u00c9crit par\" \/>\n\t<meta name=\"twitter:data1\" content=\"staff\" \/>\n\t<meta name=\"twitter:label2\" content=\"Dur\u00e9e de lecture estim\u00e9e\" \/>\n\t<meta name=\"twitter:data2\" content=\"2 minutes\" \/>\n<script type=\"application\/ld+json\" class=\"yoast-schema-graph\">{\"@context\":\"https:\/\/schema.org\",\"@graph\":[{\"@type\":\"Article\",\"@id\":\"https:\/\/appsaf.apieproject.com\/news\/fr\/2022\/09\/05\/camilla-george-celebre-ses-racines-nigerianes-sur-ibio-ibio\/#article\",\"isPartOf\":{\"@id\":\"https:\/\/appsaf.apieproject.com\/news\/fr\/2022\/09\/05\/camilla-george-celebre-ses-racines-nigerianes-sur-ibio-ibio\/\"},\"author\":{\"name\":\"staff\",\"@id\":\"https:\/\/appsaf.apieproject.com\/news\/#\/schema\/person\/399517cac378948cd7b39086f9ddc2a7\"},\"headline\":\"Camilla George c\u00e9l\u00e8bre ses racines nig\u00e9rianes sur \u00ab\u00a0Ibio-Ibio\u00a0\u00bb\",\"datePublished\":\"2022-09-05T03:17:19+00:00\",\"dateModified\":\"2022-09-05T03:17:20+00:00\",\"mainEntityOfPage\":{\"@id\":\"https:\/\/appsaf.apieproject.com\/news\/fr\/2022\/09\/05\/camilla-george-celebre-ses-racines-nigerianes-sur-ibio-ibio\/\"},\"wordCount\":393,\"commentCount\":0,\"publisher\":{\"@id\":\"https:\/\/appsaf.apieproject.com\/news\/#organization\"},\"image\":{\"@id\":\"https:\/\/appsaf.apieproject.com\/news\/fr\/2022\/09\/05\/camilla-george-celebre-ses-racines-nigerianes-sur-ibio-ibio\/#primaryimage\"},\"thumbnailUrl\":\"https:\/\/appsaf.apieproject.com\/news\/wp-content\/uploads\/sites\/29\/2022\/09\/muf2-d724e5fec818eafdc334dcaa58aeeb1c.jpg\",\"keywords\":[\"apie project\",\"divertissement\",\"musique\"],\"articleSection\":[\"Divertissement\",\"Musique\"],\"inLanguage\":\"fr-FR\",\"potentialAction\":[{\"@type\":\"CommentAction\",\"name\":\"Comment\",\"target\":[\"https:\/\/appsaf.apieproject.com\/news\/fr\/2022\/09\/05\/camilla-george-celebre-ses-racines-nigerianes-sur-ibio-ibio\/#respond\"]}]},{\"@type\":\"WebPage\",\"@id\":\"https:\/\/appsaf.apieproject.com\/news\/fr\/2022\/09\/05\/camilla-george-celebre-ses-racines-nigerianes-sur-ibio-ibio\/\",\"url\":\"https:\/\/appsaf.apieproject.com\/news\/fr\/2022\/09\/05\/camilla-george-celebre-ses-racines-nigerianes-sur-ibio-ibio\/\",\"name\":\"Camilla George c\u00e9l\u00e8bre ses racines nig\u00e9rianes sur \\\"Ibio-Ibio\\\" - APIE NEWS\",\"isPartOf\":{\"@id\":\"https:\/\/appsaf.apieproject.com\/news\/#website\"},\"primaryImageOfPage\":{\"@id\":\"https:\/\/appsaf.apieproject.com\/news\/fr\/2022\/09\/05\/camilla-george-celebre-ses-racines-nigerianes-sur-ibio-ibio\/#primaryimage\"},\"image\":{\"@id\":\"https:\/\/appsaf.apieproject.com\/news\/fr\/2022\/09\/05\/camilla-george-celebre-ses-racines-nigerianes-sur-ibio-ibio\/#primaryimage\"},\"thumbnailUrl\":\"https:\/\/appsaf.apieproject.com\/news\/wp-content\/uploads\/sites\/29\/2022\/09\/muf2-d724e5fec818eafdc334dcaa58aeeb1c.jpg\",\"datePublished\":\"2022-09-05T03:17:19+00:00\",\"dateModified\":\"2022-09-05T03:17:20+00:00\",\"breadcrumb\":{\"@id\":\"https:\/\/appsaf.apieproject.com\/news\/fr\/2022\/09\/05\/camilla-george-celebre-ses-racines-nigerianes-sur-ibio-ibio\/#breadcrumb\"},\"inLanguage\":\"fr-FR\",\"potentialAction\":[{\"@type\":\"ReadAction\",\"target\":[\"https:\/\/appsaf.apieproject.com\/news\/fr\/2022\/09\/05\/camilla-george-celebre-ses-racines-nigerianes-sur-ibio-ibio\/\"]}]},{\"@type\":\"ImageObject\",\"inLanguage\":\"fr-FR\",\"@id\":\"https:\/\/appsaf.apieproject.com\/news\/fr\/2022\/09\/05\/camilla-george-celebre-ses-racines-nigerianes-sur-ibio-ibio\/#primaryimage\",\"url\":\"https:\/\/appsaf.apieproject.com\/news\/wp-content\/uploads\/sites\/29\/2022\/09\/muf2-d724e5fec818eafdc334dcaa58aeeb1c.jpg\",\"contentUrl\":\"https:\/\/appsaf.apieproject.com\/news\/wp-content\/uploads\/sites\/29\/2022\/09\/muf2-d724e5fec818eafdc334dcaa58aeeb1c.jpg\",\"width\":874,\"height\":493},{\"@type\":\"BreadcrumbList\",\"@id\":\"https:\/\/appsaf.apieproject.com\/news\/fr\/2022\/09\/05\/camilla-george-celebre-ses-racines-nigerianes-sur-ibio-ibio\/#breadcrumb\",\"itemListElement\":[{\"@type\":\"ListItem\",\"position\":1,\"name\":\"Home\",\"item\":\"https:\/\/appsaf.apieproject.com\/news\/fr\/home\/\"},{\"@type\":\"ListItem\",\"position\":2,\"name\":\"Camilla George c\u00e9l\u00e8bre ses racines nig\u00e9rianes sur &#8220;Ibio-Ibio&#8221;\"}]},{\"@type\":\"WebSite\",\"@id\":\"https:\/\/appsaf.apieproject.com\/news\/#website\",\"url\":\"https:\/\/appsaf.apieproject.com\/news\/\",\"name\":\"APIE NEWS\",\"description\":\"PANAFRICANISM NEWS PORTAL\",\"publisher\":{\"@id\":\"https:\/\/appsaf.apieproject.com\/news\/#organization\"},\"potentialAction\":[{\"@type\":\"SearchAction\",\"target\":{\"@type\":\"EntryPoint\",\"urlTemplate\":\"https:\/\/appsaf.apieproject.com\/news\/?s={search_term_string}\"},\"query-input\":{\"@type\":\"PropertyValueSpecification\",\"valueRequired\":true,\"valueName\":\"search_term_string\"}}],\"inLanguage\":\"fr-FR\"},{\"@type\":\"Organization\",\"@id\":\"https:\/\/appsaf.apieproject.com\/news\/#organization\",\"name\":\"APIE PROJECT\",\"url\":\"https:\/\/appsaf.apieproject.com\/news\/\",\"logo\":{\"@type\":\"ImageObject\",\"inLanguage\":\"fr-FR\",\"@id\":\"https:\/\/appsaf.apieproject.com\/news\/#\/schema\/logo\/image\/\",\"url\":\"https:\/\/appsaf.apieproject.com\/news\/wp-content\/uploads\/sites\/29\/2022\/07\/logo-R-TransparentBackground.png\",\"contentUrl\":\"https:\/\/appsaf.apieproject.com\/news\/wp-content\/uploads\/sites\/29\/2022\/07\/logo-R-TransparentBackground.png\",\"width\":512,\"height\":512,\"caption\":\"APIE PROJECT\"},\"image\":{\"@id\":\"https:\/\/appsaf.apieproject.com\/news\/#\/schema\/logo\/image\/\"},\"sameAs\":[\"https:\/\/facebook.com\/apieproject\",\"https:\/\/x.com\/apieproject\"]},{\"@type\":\"Person\",\"@id\":\"https:\/\/appsaf.apieproject.com\/news\/#\/schema\/person\/399517cac378948cd7b39086f9ddc2a7\",\"name\":\"staff\",\"image\":{\"@type\":\"ImageObject\",\"inLanguage\":\"fr-FR\",\"@id\":\"https:\/\/appsaf.apieproject.com\/news\/#\/schema\/person\/image\/\",\"url\":\"https:\/\/secure.gravatar.com\/avatar\/5386283c5db150efe261184bd59f072a?s=96&d=mm&r=g\",\"contentUrl\":\"https:\/\/secure.gravatar.com\/avatar\/5386283c5db150efe261184bd59f072a?s=96&d=mm&r=g\",\"caption\":\"staff\"},\"url\":\"https:\/\/appsaf.apieproject.com\/news\/fr\/author\/staff\/\"}]}<\/script>\n<!-- \/ Yoast SEO plugin. -->","yoast_head_json":{"title":"Camilla George c\u00e9l\u00e8bre ses racines nig\u00e9rianes sur \"Ibio-Ibio\" - APIE NEWS","robots":{"index":"index","follow":"follow","max-snippet":"max-snippet:-1","max-image-preview":"max-image-preview:large","max-video-preview":"max-video-preview:-1"},"canonical":"https:\/\/appsaf.apieproject.com\/news\/fr\/2022\/09\/05\/camilla-george-celebre-ses-racines-nigerianes-sur-ibio-ibio\/","og_locale":"fr_FR","og_type":"article","og_title":"Camilla George c\u00e9l\u00e8bre ses racines nig\u00e9rianes sur \"Ibio-Ibio\" - APIE NEWS","og_description":"Entre jazz, afrobeat et hip hop, la saxophoniste et compositrice londonienne nous offre une odyss\u00e9e captivante dans les mythes de la cr\u00e9ation Ibibio.","og_url":"https:\/\/appsaf.apieproject.com\/news\/fr\/2022\/09\/05\/camilla-george-celebre-ses-racines-nigerianes-sur-ibio-ibio\/","og_site_name":"APIE NEWS","article_publisher":"https:\/\/facebook.com\/apieproject","article_published_time":"2022-09-05T03:17:19+00:00","article_modified_time":"2022-09-05T03:17:20+00:00","og_image":[{"width":874,"height":493,"url":"https:\/\/appsaf.apieproject.com\/news\/wp-content\/uploads\/sites\/29\/2022\/09\/muf2-d724e5fec818eafdc334dcaa58aeeb1c.jpg","type":"image\/jpeg"}],"author":"staff","twitter_card":"summary_large_image","twitter_creator":"@apieproject","twitter_site":"@apieproject","twitter_misc":{"\u00c9crit par":"staff","Dur\u00e9e de lecture estim\u00e9e":"2 minutes"},"schema":{"@context":"https:\/\/schema.org","@graph":[{"@type":"Article","@id":"https:\/\/appsaf.apieproject.com\/news\/fr\/2022\/09\/05\/camilla-george-celebre-ses-racines-nigerianes-sur-ibio-ibio\/#article","isPartOf":{"@id":"https:\/\/appsaf.apieproject.com\/news\/fr\/2022\/09\/05\/camilla-george-celebre-ses-racines-nigerianes-sur-ibio-ibio\/"},"author":{"name":"staff","@id":"https:\/\/appsaf.apieproject.com\/news\/#\/schema\/person\/399517cac378948cd7b39086f9ddc2a7"},"headline":"Camilla George c\u00e9l\u00e8bre ses racines nig\u00e9rianes sur \u00ab\u00a0Ibio-Ibio\u00a0\u00bb","datePublished":"2022-09-05T03:17:19+00:00","dateModified":"2022-09-05T03:17:20+00:00","mainEntityOfPage":{"@id":"https:\/\/appsaf.apieproject.com\/news\/fr\/2022\/09\/05\/camilla-george-celebre-ses-racines-nigerianes-sur-ibio-ibio\/"},"wordCount":393,"commentCount":0,"publisher":{"@id":"https:\/\/appsaf.apieproject.com\/news\/#organization"},"image":{"@id":"https:\/\/appsaf.apieproject.com\/news\/fr\/2022\/09\/05\/camilla-george-celebre-ses-racines-nigerianes-sur-ibio-ibio\/#primaryimage"},"thumbnailUrl":"https:\/\/appsaf.apieproject.com\/news\/wp-content\/uploads\/sites\/29\/2022\/09\/muf2-d724e5fec818eafdc334dcaa58aeeb1c.jpg","keywords":["apie project","divertissement","musique"],"articleSection":["Divertissement","Musique"],"inLanguage":"fr-FR","potentialAction":[{"@type":"CommentAction","name":"Comment","target":["https:\/\/appsaf.apieproject.com\/news\/fr\/2022\/09\/05\/camilla-george-celebre-ses-racines-nigerianes-sur-ibio-ibio\/#respond"]}]},{"@type":"WebPage","@id":"https:\/\/appsaf.apieproject.com\/news\/fr\/2022\/09\/05\/camilla-george-celebre-ses-racines-nigerianes-sur-ibio-ibio\/","url":"https:\/\/appsaf.apieproject.com\/news\/fr\/2022\/09\/05\/camilla-george-celebre-ses-racines-nigerianes-sur-ibio-ibio\/","name":"Camilla George c\u00e9l\u00e8bre ses racines nig\u00e9rianes sur \"Ibio-Ibio\" - APIE NEWS","isPartOf":{"@id":"https:\/\/appsaf.apieproject.com\/news\/#website"},"primaryImageOfPage":{"@id":"https:\/\/appsaf.apieproject.com\/news\/fr\/2022\/09\/05\/camilla-george-celebre-ses-racines-nigerianes-sur-ibio-ibio\/#primaryimage"},"image":{"@id":"https:\/\/appsaf.apieproject.com\/news\/fr\/2022\/09\/05\/camilla-george-celebre-ses-racines-nigerianes-sur-ibio-ibio\/#primaryimage"},"thumbnailUrl":"https:\/\/appsaf.apieproject.com\/news\/wp-content\/uploads\/sites\/29\/2022\/09\/muf2-d724e5fec818eafdc334dcaa58aeeb1c.jpg","datePublished":"2022-09-05T03:17:19+00:00","dateModified":"2022-09-05T03:17:20+00:00","breadcrumb":{"@id":"https:\/\/appsaf.apieproject.com\/news\/fr\/2022\/09\/05\/camilla-george-celebre-ses-racines-nigerianes-sur-ibio-ibio\/#breadcrumb"},"inLanguage":"fr-FR","potentialAction":[{"@type":"ReadAction","target":["https:\/\/appsaf.apieproject.com\/news\/fr\/2022\/09\/05\/camilla-george-celebre-ses-racines-nigerianes-sur-ibio-ibio\/"]}]},{"@type":"ImageObject","inLanguage":"fr-FR","@id":"https:\/\/appsaf.apieproject.com\/news\/fr\/2022\/09\/05\/camilla-george-celebre-ses-racines-nigerianes-sur-ibio-ibio\/#primaryimage","url":"https:\/\/appsaf.apieproject.com\/news\/wp-content\/uploads\/sites\/29\/2022\/09\/muf2-d724e5fec818eafdc334dcaa58aeeb1c.jpg","contentUrl":"https:\/\/appsaf.apieproject.com\/news\/wp-content\/uploads\/sites\/29\/2022\/09\/muf2-d724e5fec818eafdc334dcaa58aeeb1c.jpg","width":874,"height":493},{"@type":"BreadcrumbList","@id":"https:\/\/appsaf.apieproject.com\/news\/fr\/2022\/09\/05\/camilla-george-celebre-ses-racines-nigerianes-sur-ibio-ibio\/#breadcrumb","itemListElement":[{"@type":"ListItem","position":1,"name":"Home","item":"https:\/\/appsaf.apieproject.com\/news\/fr\/home\/"},{"@type":"ListItem","position":2,"name":"Camilla George c\u00e9l\u00e8bre ses racines nig\u00e9rianes sur &#8220;Ibio-Ibio&#8221;"}]},{"@type":"WebSite","@id":"https:\/\/appsaf.apieproject.com\/news\/#website","url":"https:\/\/appsaf.apieproject.com\/news\/","name":"APIE NEWS","description":"PANAFRICANISM NEWS PORTAL","publisher":{"@id":"https:\/\/appsaf.apieproject.com\/news\/#organization"},"potentialAction":[{"@type":"SearchAction","target":{"@type":"EntryPoint","urlTemplate":"https:\/\/appsaf.apieproject.com\/news\/?s={search_term_string}"},"query-input":{"@type":"PropertyValueSpecification","valueRequired":true,"valueName":"search_term_string"}}],"inLanguage":"fr-FR"},{"@type":"Organization","@id":"https:\/\/appsaf.apieproject.com\/news\/#organization","name":"APIE PROJECT","url":"https:\/\/appsaf.apieproject.com\/news\/","logo":{"@type":"ImageObject","inLanguage":"fr-FR","@id":"https:\/\/appsaf.apieproject.com\/news\/#\/schema\/logo\/image\/","url":"https:\/\/appsaf.apieproject.com\/news\/wp-content\/uploads\/sites\/29\/2022\/07\/logo-R-TransparentBackground.png","contentUrl":"https:\/\/appsaf.apieproject.com\/news\/wp-content\/uploads\/sites\/29\/2022\/07\/logo-R-TransparentBackground.png","width":512,"height":512,"caption":"APIE PROJECT"},"image":{"@id":"https:\/\/appsaf.apieproject.com\/news\/#\/schema\/logo\/image\/"},"sameAs":["https:\/\/facebook.com\/apieproject","https:\/\/x.com\/apieproject"]},{"@type":"Person","@id":"https:\/\/appsaf.apieproject.com\/news\/#\/schema\/person\/399517cac378948cd7b39086f9ddc2a7","name":"staff","image":{"@type":"ImageObject","inLanguage":"fr-FR","@id":"https:\/\/appsaf.apieproject.com\/news\/#\/schema\/person\/image\/","url":"https:\/\/secure.gravatar.com\/avatar\/5386283c5db150efe261184bd59f072a?s=96&d=mm&r=g","contentUrl":"https:\/\/secure.gravatar.com\/avatar\/5386283c5db150efe261184bd59f072a?s=96&d=mm&r=g","caption":"staff"},"url":"https:\/\/appsaf.apieproject.com\/news\/fr\/author\/staff\/"}]}},"_links":{"self":[{"href":"https:\/\/appsaf.apieproject.com\/news\/fr\/wp-json\/wp\/v2\/posts\/15911","targetHints":{"allow":["GET"]}}],"collection":[{"href":"https:\/\/appsaf.apieproject.com\/news\/fr\/wp-json\/wp\/v2\/posts"}],"about":[{"href":"https:\/\/appsaf.apieproject.com\/news\/fr\/wp-json\/wp\/v2\/types\/post"}],"author":[{"embeddable":true,"href":"https:\/\/appsaf.apieproject.com\/news\/fr\/wp-json\/wp\/v2\/users\/12963"}],"replies":[{"embeddable":true,"href":"https:\/\/appsaf.apieproject.com\/news\/fr\/wp-json\/wp\/v2\/comments?post=15911"}],"version-history":[{"count":1,"href":"https:\/\/appsaf.apieproject.com\/news\/fr\/wp-json\/wp\/v2\/posts\/15911\/revisions"}],"predecessor-version":[{"id":16081,"href":"https:\/\/appsaf.apieproject.com\/news\/fr\/wp-json\/wp\/v2\/posts\/15911\/revisions\/16081"}],"wp:featuredmedia":[{"embeddable":true,"href":"https:\/\/appsaf.apieproject.com\/news\/fr\/wp-json\/wp\/v2\/media\/15908"}],"wp:attachment":[{"href":"https:\/\/appsaf.apieproject.com\/news\/fr\/wp-json\/wp\/v2\/media?parent=15911"}],"wp:term":[{"taxonomy":"category","embeddable":true,"href":"https:\/\/appsaf.apieproject.com\/news\/fr\/wp-json\/wp\/v2\/categories?post=15911"},{"taxonomy":"post_tag","embeddable":true,"href":"https:\/\/appsaf.apieproject.com\/news\/fr\/wp-json\/wp\/v2\/tags?post=15911"}],"curies":[{"name":"wp","href":"https:\/\/api.w.org\/{rel}","templated":true}]}}