{"id":15915,"date":"2022-09-05T03:16:04","date_gmt":"2022-09-05T03:16:04","guid":{"rendered":"https:\/\/appsaf.apieproject.com\/news\/?p=15915"},"modified":"2022-09-05T03:16:06","modified_gmt":"2022-09-05T03:16:06","slug":"les-49-yode-siro-appellent-en-chanson-a-la-fraternite-entre-maliens-et-ivoirien","status":"publish","type":"post","link":"https:\/\/appsaf.apieproject.com\/news\/fr\/2022\/09\/05\/les-49-yode-siro-appellent-en-chanson-a-la-fraternite-entre-maliens-et-ivoirien\/","title":{"rendered":"\u00abLes 49\u00bb, Yod\u00e9 &amp; Siro appellent en chanson \u00e0 la fraternit\u00e9 entre Maliens et Ivoirien"},"content":{"rendered":"<p>Casquettes \u00e0 l\u2019envers, lunettes fum\u00e9es pos\u00e9es sur le nez, Yod\u00e9 et Siro affichent leur solidarit\u00e9 envers les 49 soldats arr\u00eat\u00e9s au Mali. Derri\u00e8re eux, les danseuses sont v\u00eatues de tenues militaires : l\u2019une d\u2019elle, est d\u2019ailleurs une proche de ces soldats. Ce clip, tourn\u00e9 en un week-end, vise \u00e0 leur remonter le moral. Car selon Siro, il faut croire en la diplomatie : \u00ab Il fallait faire un single pour calmer les esprits et encourager nos soldats pour dire qu&rsquo;ils ne sont pas seuls. Qu&rsquo;ils soient courageux, qu&rsquo;\u00e0 ce probl\u00e8me va \u00eatre trouv\u00e9 une solution. \u00bb<\/p>\n<p>\u00ab La politique ne peut pas nous diviser \u00bb<br \/>\nCette chanson interpelle \u00e9galement la jeunesse. Yod\u00e9 et Siro pr\u00f4nent l\u2019unit\u00e9 et rappellent que les peuples maliens et ivoiriens sont intimement li\u00e9s : \u00ab Il fallait rappeler \u00e0 nos jeunes surtout que le Mali, c&rsquo;est comme la C\u00f4te d&rsquo;Ivoire. Nos a\u00efeux ont des liens. Nous partageons tellement de choses ensemble que la politique ne peut pas nous diviser. En pareille situation, les gens essayent de monter les uns contre les autres. Mais c&rsquo;est une affaire de diplomatie. Que les gens se calment. \u00bb<\/p>\n<p>Sur un ton l\u00e9ger, ces deux ic\u00f4nes de la musique zouglou appellent donc \u00e0 la patience. Ils esp\u00e8rent que d\u2019autres artistes suivront leur d\u00e9marche.<\/p>\n","protected":false},"excerpt":{"rendered":"<p>Yod\u00e9 &amp; Siro, les stars de la musique zouglou, chantent en l\u2019honneur des 49 soldats ivoiriens d\u00e9tenus au Mali depuis le 10 juillet 2022 et inculp\u00e9s pour \u00ab atteinte \u00e0 la s\u00fbret\u00e9 de l\u2019\u00c9tat \u00bb. Ce single, diffus\u00e9 sur Youtube mardi 30 juillet dans la soir\u00e9e, s\u2019intitule \u00ab Les 49 \u00bb et appelle \u00e0 la fraternit\u00e9 entre peuples malien et ivoirien. Une mani\u00e8re pour ces artistes engag\u00e9s de calmer les esprits par rapport \u00e0 cette affaire sensible.<\/p>\n","protected":false},"author":12963,"featured_media":15912,"comment_status":"open","ping_status":"open","sticky":false,"template":"","format":"standard","meta":{"footnotes":""},"categories":[55,65],"tags":[78,88,91],"class_list":{"0":"post-15915","1":"post","2":"type-post","3":"status-publish","4":"format-standard","5":"has-post-thumbnail","7":"category-divertissement","8":"category-musique","9":"tag-apie-project-2","10":"tag-divertissement","11":"tag-musique"},"yoast_head":"<!-- This site is optimized with the Yoast SEO plugin v24.4 - https:\/\/yoast.com\/wordpress\/plugins\/seo\/ -->\n<title>\u00abLes 49\u00bb, Yod\u00e9 &amp; Siro appellent en chanson \u00e0 la fraternit\u00e9 entre Maliens et Ivoirien - APIE NEWS<\/title>\n<meta name=\"robots\" content=\"index, follow, max-snippet:-1, max-image-preview:large, max-video-preview:-1\" \/>\n<link rel=\"canonical\" href=\"https:\/\/appsaf.apieproject.com\/news\/fr\/2022\/09\/05\/les-49-yode-siro-appellent-en-chanson-a-la-fraternite-entre-maliens-et-ivoirien\/\" \/>\n<meta property=\"og:locale\" content=\"fr_FR\" \/>\n<meta property=\"og:type\" content=\"article\" \/>\n<meta property=\"og:title\" content=\"\u00abLes 49\u00bb, Yod\u00e9 &amp; Siro appellent en chanson \u00e0 la fraternit\u00e9 entre Maliens et Ivoirien - APIE NEWS\" \/>\n<meta property=\"og:description\" content=\"Yod\u00e9 &amp; Siro, les stars de la musique zouglou, chantent en l\u2019honneur des 49 soldats ivoiriens d\u00e9tenus au Mali depuis le 10 juillet 2022 et inculp\u00e9s pour \u00ab atteinte \u00e0 la s\u00fbret\u00e9 de l\u2019\u00c9tat \u00bb. Ce single, diffus\u00e9 sur Youtube mardi 30 juillet dans la soir\u00e9e, s\u2019intitule \u00ab Les 49 \u00bb et appelle \u00e0 la fraternit\u00e9 entre peuples malien et ivoirien. Une mani\u00e8re pour ces artistes engag\u00e9s de calmer les esprits par rapport \u00e0 cette affaire sensible.\" \/>\n<meta property=\"og:url\" content=\"https:\/\/appsaf.apieproject.com\/news\/fr\/2022\/09\/05\/les-49-yode-siro-appellent-en-chanson-a-la-fraternite-entre-maliens-et-ivoirien\/\" \/>\n<meta property=\"og:site_name\" content=\"APIE NEWS\" \/>\n<meta property=\"article:publisher\" content=\"https:\/\/facebook.com\/apieproject\" \/>\n<meta property=\"article:published_time\" content=\"2022-09-05T03:16:04+00:00\" \/>\n<meta property=\"article:modified_time\" content=\"2022-09-05T03:16:06+00:00\" \/>\n<meta property=\"og:image\" content=\"https:\/\/appsaf.apieproject.com\/news\/wp-content\/uploads\/sites\/29\/2022\/09\/muf3-a57a71ee2291509304adc57d70c8f8ed.jpg\" \/>\n\t<meta property=\"og:image:width\" content=\"1024\" \/>\n\t<meta property=\"og:image:height\" content=\"576\" \/>\n\t<meta property=\"og:image:type\" content=\"image\/jpeg\" \/>\n<meta name=\"author\" content=\"staff\" \/>\n<meta name=\"twitter:card\" content=\"summary_large_image\" \/>\n<meta name=\"twitter:creator\" content=\"@apieproject\" \/>\n<meta name=\"twitter:site\" content=\"@apieproject\" \/>\n<meta name=\"twitter:label1\" content=\"\u00c9crit par\" \/>\n\t<meta name=\"twitter:data1\" content=\"staff\" \/>\n\t<meta name=\"twitter:label2\" content=\"Dur\u00e9e de lecture estim\u00e9e\" \/>\n\t<meta name=\"twitter:data2\" content=\"2 minutes\" \/>\n<script type=\"application\/ld+json\" class=\"yoast-schema-graph\">{\"@context\":\"https:\/\/schema.org\",\"@graph\":[{\"@type\":\"Article\",\"@id\":\"https:\/\/appsaf.apieproject.com\/news\/fr\/2022\/09\/05\/les-49-yode-siro-appellent-en-chanson-a-la-fraternite-entre-maliens-et-ivoirien\/#article\",\"isPartOf\":{\"@id\":\"https:\/\/appsaf.apieproject.com\/news\/fr\/2022\/09\/05\/les-49-yode-siro-appellent-en-chanson-a-la-fraternite-entre-maliens-et-ivoirien\/\"},\"author\":{\"name\":\"staff\",\"@id\":\"https:\/\/appsaf.apieproject.com\/news\/#\/schema\/person\/399517cac378948cd7b39086f9ddc2a7\"},\"headline\":\"\u00abLes 49\u00bb, Yod\u00e9 &amp; Siro appellent en chanson \u00e0 la fraternit\u00e9 entre Maliens et Ivoirien\",\"datePublished\":\"2022-09-05T03:16:04+00:00\",\"dateModified\":\"2022-09-05T03:16:06+00:00\",\"mainEntityOfPage\":{\"@id\":\"https:\/\/appsaf.apieproject.com\/news\/fr\/2022\/09\/05\/les-49-yode-siro-appellent-en-chanson-a-la-fraternite-entre-maliens-et-ivoirien\/\"},\"wordCount\":237,\"commentCount\":0,\"publisher\":{\"@id\":\"https:\/\/appsaf.apieproject.com\/news\/#organization\"},\"image\":{\"@id\":\"https:\/\/appsaf.apieproject.com\/news\/fr\/2022\/09\/05\/les-49-yode-siro-appellent-en-chanson-a-la-fraternite-entre-maliens-et-ivoirien\/#primaryimage\"},\"thumbnailUrl\":\"https:\/\/appsaf.apieproject.com\/news\/wp-content\/uploads\/sites\/29\/2022\/09\/muf3-a57a71ee2291509304adc57d70c8f8ed.jpg\",\"keywords\":[\"apie project\",\"divertissement\",\"musique\"],\"articleSection\":[\"Divertissement\",\"Musique\"],\"inLanguage\":\"fr-FR\",\"potentialAction\":[{\"@type\":\"CommentAction\",\"name\":\"Comment\",\"target\":[\"https:\/\/appsaf.apieproject.com\/news\/fr\/2022\/09\/05\/les-49-yode-siro-appellent-en-chanson-a-la-fraternite-entre-maliens-et-ivoirien\/#respond\"]}]},{\"@type\":\"WebPage\",\"@id\":\"https:\/\/appsaf.apieproject.com\/news\/fr\/2022\/09\/05\/les-49-yode-siro-appellent-en-chanson-a-la-fraternite-entre-maliens-et-ivoirien\/\",\"url\":\"https:\/\/appsaf.apieproject.com\/news\/fr\/2022\/09\/05\/les-49-yode-siro-appellent-en-chanson-a-la-fraternite-entre-maliens-et-ivoirien\/\",\"name\":\"\u00abLes 49\u00bb, Yod\u00e9 &amp; Siro appellent en chanson \u00e0 la fraternit\u00e9 entre Maliens et Ivoirien - APIE NEWS\",\"isPartOf\":{\"@id\":\"https:\/\/appsaf.apieproject.com\/news\/#website\"},\"primaryImageOfPage\":{\"@id\":\"https:\/\/appsaf.apieproject.com\/news\/fr\/2022\/09\/05\/les-49-yode-siro-appellent-en-chanson-a-la-fraternite-entre-maliens-et-ivoirien\/#primaryimage\"},\"image\":{\"@id\":\"https:\/\/appsaf.apieproject.com\/news\/fr\/2022\/09\/05\/les-49-yode-siro-appellent-en-chanson-a-la-fraternite-entre-maliens-et-ivoirien\/#primaryimage\"},\"thumbnailUrl\":\"https:\/\/appsaf.apieproject.com\/news\/wp-content\/uploads\/sites\/29\/2022\/09\/muf3-a57a71ee2291509304adc57d70c8f8ed.jpg\",\"datePublished\":\"2022-09-05T03:16:04+00:00\",\"dateModified\":\"2022-09-05T03:16:06+00:00\",\"breadcrumb\":{\"@id\":\"https:\/\/appsaf.apieproject.com\/news\/fr\/2022\/09\/05\/les-49-yode-siro-appellent-en-chanson-a-la-fraternite-entre-maliens-et-ivoirien\/#breadcrumb\"},\"inLanguage\":\"fr-FR\",\"potentialAction\":[{\"@type\":\"ReadAction\",\"target\":[\"https:\/\/appsaf.apieproject.com\/news\/fr\/2022\/09\/05\/les-49-yode-siro-appellent-en-chanson-a-la-fraternite-entre-maliens-et-ivoirien\/\"]}]},{\"@type\":\"ImageObject\",\"inLanguage\":\"fr-FR\",\"@id\":\"https:\/\/appsaf.apieproject.com\/news\/fr\/2022\/09\/05\/les-49-yode-siro-appellent-en-chanson-a-la-fraternite-entre-maliens-et-ivoirien\/#primaryimage\",\"url\":\"https:\/\/appsaf.apieproject.com\/news\/wp-content\/uploads\/sites\/29\/2022\/09\/muf3-a57a71ee2291509304adc57d70c8f8ed.jpg\",\"contentUrl\":\"https:\/\/appsaf.apieproject.com\/news\/wp-content\/uploads\/sites\/29\/2022\/09\/muf3-a57a71ee2291509304adc57d70c8f8ed.jpg\",\"width\":1024,\"height\":576},{\"@type\":\"BreadcrumbList\",\"@id\":\"https:\/\/appsaf.apieproject.com\/news\/fr\/2022\/09\/05\/les-49-yode-siro-appellent-en-chanson-a-la-fraternite-entre-maliens-et-ivoirien\/#breadcrumb\",\"itemListElement\":[{\"@type\":\"ListItem\",\"position\":1,\"name\":\"Home\",\"item\":\"https:\/\/appsaf.apieproject.com\/news\/fr\/home\/\"},{\"@type\":\"ListItem\",\"position\":2,\"name\":\"\u00abLes 49\u00bb, Yod\u00e9 &amp; Siro appellent en chanson \u00e0 la fraternit\u00e9 entre Maliens et Ivoirien\"}]},{\"@type\":\"WebSite\",\"@id\":\"https:\/\/appsaf.apieproject.com\/news\/#website\",\"url\":\"https:\/\/appsaf.apieproject.com\/news\/\",\"name\":\"APIE NEWS\",\"description\":\"PANAFRICANISM NEWS PORTAL\",\"publisher\":{\"@id\":\"https:\/\/appsaf.apieproject.com\/news\/#organization\"},\"potentialAction\":[{\"@type\":\"SearchAction\",\"target\":{\"@type\":\"EntryPoint\",\"urlTemplate\":\"https:\/\/appsaf.apieproject.com\/news\/?s={search_term_string}\"},\"query-input\":{\"@type\":\"PropertyValueSpecification\",\"valueRequired\":true,\"valueName\":\"search_term_string\"}}],\"inLanguage\":\"fr-FR\"},{\"@type\":\"Organization\",\"@id\":\"https:\/\/appsaf.apieproject.com\/news\/#organization\",\"name\":\"APIE PROJECT\",\"url\":\"https:\/\/appsaf.apieproject.com\/news\/\",\"logo\":{\"@type\":\"ImageObject\",\"inLanguage\":\"fr-FR\",\"@id\":\"https:\/\/appsaf.apieproject.com\/news\/#\/schema\/logo\/image\/\",\"url\":\"https:\/\/appsaf.apieproject.com\/news\/wp-content\/uploads\/sites\/29\/2022\/07\/logo-R-TransparentBackground.png\",\"contentUrl\":\"https:\/\/appsaf.apieproject.com\/news\/wp-content\/uploads\/sites\/29\/2022\/07\/logo-R-TransparentBackground.png\",\"width\":512,\"height\":512,\"caption\":\"APIE PROJECT\"},\"image\":{\"@id\":\"https:\/\/appsaf.apieproject.com\/news\/#\/schema\/logo\/image\/\"},\"sameAs\":[\"https:\/\/facebook.com\/apieproject\",\"https:\/\/x.com\/apieproject\"]},{\"@type\":\"Person\",\"@id\":\"https:\/\/appsaf.apieproject.com\/news\/#\/schema\/person\/399517cac378948cd7b39086f9ddc2a7\",\"name\":\"staff\",\"image\":{\"@type\":\"ImageObject\",\"inLanguage\":\"fr-FR\",\"@id\":\"https:\/\/appsaf.apieproject.com\/news\/#\/schema\/person\/image\/\",\"url\":\"https:\/\/secure.gravatar.com\/avatar\/5386283c5db150efe261184bd59f072a?s=96&d=mm&r=g\",\"contentUrl\":\"https:\/\/secure.gravatar.com\/avatar\/5386283c5db150efe261184bd59f072a?s=96&d=mm&r=g\",\"caption\":\"staff\"},\"url\":\"https:\/\/appsaf.apieproject.com\/news\/fr\/author\/staff\/\"}]}<\/script>\n<!-- \/ Yoast SEO plugin. -->","yoast_head_json":{"title":"\u00abLes 49\u00bb, Yod\u00e9 &amp; Siro appellent en chanson \u00e0 la fraternit\u00e9 entre Maliens et Ivoirien - APIE NEWS","robots":{"index":"index","follow":"follow","max-snippet":"max-snippet:-1","max-image-preview":"max-image-preview:large","max-video-preview":"max-video-preview:-1"},"canonical":"https:\/\/appsaf.apieproject.com\/news\/fr\/2022\/09\/05\/les-49-yode-siro-appellent-en-chanson-a-la-fraternite-entre-maliens-et-ivoirien\/","og_locale":"fr_FR","og_type":"article","og_title":"\u00abLes 49\u00bb, Yod\u00e9 &amp; Siro appellent en chanson \u00e0 la fraternit\u00e9 entre Maliens et Ivoirien - APIE NEWS","og_description":"Yod\u00e9 &amp; Siro, les stars de la musique zouglou, chantent en l\u2019honneur des 49 soldats ivoiriens d\u00e9tenus au Mali depuis le 10 juillet 2022 et inculp\u00e9s pour \u00ab atteinte \u00e0 la s\u00fbret\u00e9 de l\u2019\u00c9tat \u00bb. Ce single, diffus\u00e9 sur Youtube mardi 30 juillet dans la soir\u00e9e, s\u2019intitule \u00ab Les 49 \u00bb et appelle \u00e0 la fraternit\u00e9 entre peuples malien et ivoirien. Une mani\u00e8re pour ces artistes engag\u00e9s de calmer les esprits par rapport \u00e0 cette affaire sensible.","og_url":"https:\/\/appsaf.apieproject.com\/news\/fr\/2022\/09\/05\/les-49-yode-siro-appellent-en-chanson-a-la-fraternite-entre-maliens-et-ivoirien\/","og_site_name":"APIE NEWS","article_publisher":"https:\/\/facebook.com\/apieproject","article_published_time":"2022-09-05T03:16:04+00:00","article_modified_time":"2022-09-05T03:16:06+00:00","og_image":[{"width":1024,"height":576,"url":"https:\/\/appsaf.apieproject.com\/news\/wp-content\/uploads\/sites\/29\/2022\/09\/muf3-a57a71ee2291509304adc57d70c8f8ed.jpg","type":"image\/jpeg"}],"author":"staff","twitter_card":"summary_large_image","twitter_creator":"@apieproject","twitter_site":"@apieproject","twitter_misc":{"\u00c9crit par":"staff","Dur\u00e9e de lecture estim\u00e9e":"2 minutes"},"schema":{"@context":"https:\/\/schema.org","@graph":[{"@type":"Article","@id":"https:\/\/appsaf.apieproject.com\/news\/fr\/2022\/09\/05\/les-49-yode-siro-appellent-en-chanson-a-la-fraternite-entre-maliens-et-ivoirien\/#article","isPartOf":{"@id":"https:\/\/appsaf.apieproject.com\/news\/fr\/2022\/09\/05\/les-49-yode-siro-appellent-en-chanson-a-la-fraternite-entre-maliens-et-ivoirien\/"},"author":{"name":"staff","@id":"https:\/\/appsaf.apieproject.com\/news\/#\/schema\/person\/399517cac378948cd7b39086f9ddc2a7"},"headline":"\u00abLes 49\u00bb, Yod\u00e9 &amp; Siro appellent en chanson \u00e0 la fraternit\u00e9 entre Maliens et Ivoirien","datePublished":"2022-09-05T03:16:04+00:00","dateModified":"2022-09-05T03:16:06+00:00","mainEntityOfPage":{"@id":"https:\/\/appsaf.apieproject.com\/news\/fr\/2022\/09\/05\/les-49-yode-siro-appellent-en-chanson-a-la-fraternite-entre-maliens-et-ivoirien\/"},"wordCount":237,"commentCount":0,"publisher":{"@id":"https:\/\/appsaf.apieproject.com\/news\/#organization"},"image":{"@id":"https:\/\/appsaf.apieproject.com\/news\/fr\/2022\/09\/05\/les-49-yode-siro-appellent-en-chanson-a-la-fraternite-entre-maliens-et-ivoirien\/#primaryimage"},"thumbnailUrl":"https:\/\/appsaf.apieproject.com\/news\/wp-content\/uploads\/sites\/29\/2022\/09\/muf3-a57a71ee2291509304adc57d70c8f8ed.jpg","keywords":["apie project","divertissement","musique"],"articleSection":["Divertissement","Musique"],"inLanguage":"fr-FR","potentialAction":[{"@type":"CommentAction","name":"Comment","target":["https:\/\/appsaf.apieproject.com\/news\/fr\/2022\/09\/05\/les-49-yode-siro-appellent-en-chanson-a-la-fraternite-entre-maliens-et-ivoirien\/#respond"]}]},{"@type":"WebPage","@id":"https:\/\/appsaf.apieproject.com\/news\/fr\/2022\/09\/05\/les-49-yode-siro-appellent-en-chanson-a-la-fraternite-entre-maliens-et-ivoirien\/","url":"https:\/\/appsaf.apieproject.com\/news\/fr\/2022\/09\/05\/les-49-yode-siro-appellent-en-chanson-a-la-fraternite-entre-maliens-et-ivoirien\/","name":"\u00abLes 49\u00bb, Yod\u00e9 &amp; Siro appellent en chanson \u00e0 la fraternit\u00e9 entre Maliens et Ivoirien - APIE NEWS","isPartOf":{"@id":"https:\/\/appsaf.apieproject.com\/news\/#website"},"primaryImageOfPage":{"@id":"https:\/\/appsaf.apieproject.com\/news\/fr\/2022\/09\/05\/les-49-yode-siro-appellent-en-chanson-a-la-fraternite-entre-maliens-et-ivoirien\/#primaryimage"},"image":{"@id":"https:\/\/appsaf.apieproject.com\/news\/fr\/2022\/09\/05\/les-49-yode-siro-appellent-en-chanson-a-la-fraternite-entre-maliens-et-ivoirien\/#primaryimage"},"thumbnailUrl":"https:\/\/appsaf.apieproject.com\/news\/wp-content\/uploads\/sites\/29\/2022\/09\/muf3-a57a71ee2291509304adc57d70c8f8ed.jpg","datePublished":"2022-09-05T03:16:04+00:00","dateModified":"2022-09-05T03:16:06+00:00","breadcrumb":{"@id":"https:\/\/appsaf.apieproject.com\/news\/fr\/2022\/09\/05\/les-49-yode-siro-appellent-en-chanson-a-la-fraternite-entre-maliens-et-ivoirien\/#breadcrumb"},"inLanguage":"fr-FR","potentialAction":[{"@type":"ReadAction","target":["https:\/\/appsaf.apieproject.com\/news\/fr\/2022\/09\/05\/les-49-yode-siro-appellent-en-chanson-a-la-fraternite-entre-maliens-et-ivoirien\/"]}]},{"@type":"ImageObject","inLanguage":"fr-FR","@id":"https:\/\/appsaf.apieproject.com\/news\/fr\/2022\/09\/05\/les-49-yode-siro-appellent-en-chanson-a-la-fraternite-entre-maliens-et-ivoirien\/#primaryimage","url":"https:\/\/appsaf.apieproject.com\/news\/wp-content\/uploads\/sites\/29\/2022\/09\/muf3-a57a71ee2291509304adc57d70c8f8ed.jpg","contentUrl":"https:\/\/appsaf.apieproject.com\/news\/wp-content\/uploads\/sites\/29\/2022\/09\/muf3-a57a71ee2291509304adc57d70c8f8ed.jpg","width":1024,"height":576},{"@type":"BreadcrumbList","@id":"https:\/\/appsaf.apieproject.com\/news\/fr\/2022\/09\/05\/les-49-yode-siro-appellent-en-chanson-a-la-fraternite-entre-maliens-et-ivoirien\/#breadcrumb","itemListElement":[{"@type":"ListItem","position":1,"name":"Home","item":"https:\/\/appsaf.apieproject.com\/news\/fr\/home\/"},{"@type":"ListItem","position":2,"name":"\u00abLes 49\u00bb, Yod\u00e9 &amp; Siro appellent en chanson \u00e0 la fraternit\u00e9 entre Maliens et Ivoirien"}]},{"@type":"WebSite","@id":"https:\/\/appsaf.apieproject.com\/news\/#website","url":"https:\/\/appsaf.apieproject.com\/news\/","name":"APIE NEWS","description":"PANAFRICANISM NEWS PORTAL","publisher":{"@id":"https:\/\/appsaf.apieproject.com\/news\/#organization"},"potentialAction":[{"@type":"SearchAction","target":{"@type":"EntryPoint","urlTemplate":"https:\/\/appsaf.apieproject.com\/news\/?s={search_term_string}"},"query-input":{"@type":"PropertyValueSpecification","valueRequired":true,"valueName":"search_term_string"}}],"inLanguage":"fr-FR"},{"@type":"Organization","@id":"https:\/\/appsaf.apieproject.com\/news\/#organization","name":"APIE PROJECT","url":"https:\/\/appsaf.apieproject.com\/news\/","logo":{"@type":"ImageObject","inLanguage":"fr-FR","@id":"https:\/\/appsaf.apieproject.com\/news\/#\/schema\/logo\/image\/","url":"https:\/\/appsaf.apieproject.com\/news\/wp-content\/uploads\/sites\/29\/2022\/07\/logo-R-TransparentBackground.png","contentUrl":"https:\/\/appsaf.apieproject.com\/news\/wp-content\/uploads\/sites\/29\/2022\/07\/logo-R-TransparentBackground.png","width":512,"height":512,"caption":"APIE PROJECT"},"image":{"@id":"https:\/\/appsaf.apieproject.com\/news\/#\/schema\/logo\/image\/"},"sameAs":["https:\/\/facebook.com\/apieproject","https:\/\/x.com\/apieproject"]},{"@type":"Person","@id":"https:\/\/appsaf.apieproject.com\/news\/#\/schema\/person\/399517cac378948cd7b39086f9ddc2a7","name":"staff","image":{"@type":"ImageObject","inLanguage":"fr-FR","@id":"https:\/\/appsaf.apieproject.com\/news\/#\/schema\/person\/image\/","url":"https:\/\/secure.gravatar.com\/avatar\/5386283c5db150efe261184bd59f072a?s=96&d=mm&r=g","contentUrl":"https:\/\/secure.gravatar.com\/avatar\/5386283c5db150efe261184bd59f072a?s=96&d=mm&r=g","caption":"staff"},"url":"https:\/\/appsaf.apieproject.com\/news\/fr\/author\/staff\/"}]}},"_links":{"self":[{"href":"https:\/\/appsaf.apieproject.com\/news\/fr\/wp-json\/wp\/v2\/posts\/15915","targetHints":{"allow":["GET"]}}],"collection":[{"href":"https:\/\/appsaf.apieproject.com\/news\/fr\/wp-json\/wp\/v2\/posts"}],"about":[{"href":"https:\/\/appsaf.apieproject.com\/news\/fr\/wp-json\/wp\/v2\/types\/post"}],"author":[{"embeddable":true,"href":"https:\/\/appsaf.apieproject.com\/news\/fr\/wp-json\/wp\/v2\/users\/12963"}],"replies":[{"embeddable":true,"href":"https:\/\/appsaf.apieproject.com\/news\/fr\/wp-json\/wp\/v2\/comments?post=15915"}],"version-history":[{"count":1,"href":"https:\/\/appsaf.apieproject.com\/news\/fr\/wp-json\/wp\/v2\/posts\/15915\/revisions"}],"predecessor-version":[{"id":16080,"href":"https:\/\/appsaf.apieproject.com\/news\/fr\/wp-json\/wp\/v2\/posts\/15915\/revisions\/16080"}],"wp:featuredmedia":[{"embeddable":true,"href":"https:\/\/appsaf.apieproject.com\/news\/fr\/wp-json\/wp\/v2\/media\/15912"}],"wp:attachment":[{"href":"https:\/\/appsaf.apieproject.com\/news\/fr\/wp-json\/wp\/v2\/media?parent=15915"}],"wp:term":[{"taxonomy":"category","embeddable":true,"href":"https:\/\/appsaf.apieproject.com\/news\/fr\/wp-json\/wp\/v2\/categories?post=15915"},{"taxonomy":"post_tag","embeddable":true,"href":"https:\/\/appsaf.apieproject.com\/news\/fr\/wp-json\/wp\/v2\/tags?post=15915"}],"curies":[{"name":"wp","href":"https:\/\/api.w.org\/{rel}","templated":true}]}}