{"id":16314,"date":"2022-09-14T05:19:15","date_gmt":"2022-09-14T05:19:15","guid":{"rendered":"https:\/\/appsaf.apieproject.com\/news\/?p=16314"},"modified":"2022-09-14T05:19:17","modified_gmt":"2022-09-14T05:19:17","slug":"lafrique-du-sud-entend-desactiver-la-2g-en-2024","status":"publish","type":"post","link":"https:\/\/appsaf.apieproject.com\/news\/fr\/2022\/09\/14\/lafrique-du-sud-entend-desactiver-la-2g-en-2024\/","title":{"rendered":"L&rsquo;Afrique du Sud entend d\u00e9sactiver la 2G en 2024"},"content":{"rendered":"<p>Le ministre des communications Khumbudzo Ntshavheni a, selon Mybroadband, pr\u00e9par\u00e9 un plan qui a \u00e9t\u00e9 approuv\u00e9 la semaine derni\u00e8re par le cabinet minist\u00e9riel et qui est \u00e0 pr\u00e9sent ouvert aux commentaires publics. Dans ce plan, les nouveaux appareils 2G n&rsquo;obtiendront plus de licence \u00e0 partir de juin 2023, soit dans moins d&rsquo;un an. Fin 2023, ils ne pourront plus \u00eatre activ\u00e9s et d&rsquo;ici le 30 juin 2024, le r\u00e9seau 2G sera d\u00e9sactiv\u00e9.<\/p>\n<p>3G<br \/>\nLe rythme sera similaire pour la 3G, mais un peu plus tard. Les nouveaux appareils 3G ne seront plus accept\u00e9s sur le r\u00e9seau \u00e0 dater du 30 septembre 2024. Il n&rsquo;y aura plus de signal 3G dans le pays pour le 30 mars 2025.<\/p>\n<p>Cet arr\u00eat n&rsquo;est pas vraiment une surprise. Le pays avait en effet pr\u00e9c\u00e9demment d\u00e9j\u00e0 annonc\u00e9 ce plan, qui devient \u00e0 pr\u00e9sent concret. L&rsquo;objectif est d&rsquo;utiliser \u00e0 d&rsquo;autres fins les spectres 2G et 3G, notamment pour le communication mobile, mais aussi pour la radiodiffusion, l&rsquo;aviation et la marine, la recherche et d&rsquo;autres projets encore.<\/p>\n<p>La 3G plus facile que la 2G<br \/>\nIl est \u00e9tonnant que la 2G soit d\u00e9sactiv\u00e9e la premi\u00e8re. Il s&rsquo;agit certes de la plus ancienne technologie, mais de nombreux pays et op\u00e9rateurs estiment qu&rsquo;il est plus facile de supprimer d&rsquo;abord la 3G.<\/p>\n<p>Nombre de GSM ordinaires, mais surtout de machines connect\u00e9es (M2M) fonctionnent surtout sur base de la 2G et contrairement aux GSM, ils ne sont pas remplac\u00e9s apr\u00e8s quelques ann\u00e9es d\u00e9j\u00e0. Dans une interview accord\u00e9e l&rsquo;ann\u00e9e derni\u00e8re \u00e0 Data News, le CTO de Telenet d\u00e9clarait encore \u00e0 ce propos qu&rsquo;il s&rsquo;attendait \u00e0 ce que la 3G soit plus facile \u00e0 supprimer progressivement que la 2G.<\/p>\n<p>Aux Pays-Bas, KPN a renonc\u00e9 \u00e0 la 3G en mars de cette ann\u00e9e d\u00e9j\u00e0. Quant \u00e0 Orange, elle a r\u00e9cemment annonc\u00e9 vouloir arr\u00eater la 3G d&rsquo;ici 2025, tout en maintenant le signal pour la 2G jusqu&rsquo;en 2030. En Grande-Bretagne, on souhaite en finir avec les deux technologiques d&rsquo;ici 2033 au plus tard.<\/p>\n","protected":false},"excerpt":{"rendered":"<p>L&rsquo;Afrique du Sud veut d\u00e9sactiver la 2G et la 3G dans les ann\u00e9es \u00e0 venir. Les deux technologies devraient dispara\u00eetre au plus tard en mars 2025, afin que le spectre puisse utilis\u00e9 \u00e0 d&rsquo;autres fins.<\/p>\n","protected":false},"author":12963,"featured_media":16311,"comment_status":"open","ping_status":"open","sticky":false,"template":"","format":"standard","meta":{"footnotes":""},"categories":[67,59,73],"tags":[81,78,77],"class_list":{"0":"post-16314","1":"post","2":"type-post","3":"status-publish","4":"format-standard","5":"has-post-thumbnail","7":"category-actualites","8":"category-speciaux","9":"category-technologie","10":"tag-actualites","11":"tag-apie-project-2","12":"tag-technologie"},"yoast_head":"<!-- This site is optimized with the Yoast SEO plugin v24.4 - https:\/\/yoast.com\/wordpress\/plugins\/seo\/ -->\n<title>L&#039;Afrique du Sud entend d\u00e9sactiver la 2G en 2024 - APIE NEWS<\/title>\n<meta name=\"robots\" content=\"index, follow, max-snippet:-1, max-image-preview:large, max-video-preview:-1\" \/>\n<link rel=\"canonical\" href=\"https:\/\/appsaf.apieproject.com\/news\/fr\/2022\/09\/14\/lafrique-du-sud-entend-desactiver-la-2g-en-2024\/\" \/>\n<meta property=\"og:locale\" content=\"fr_FR\" \/>\n<meta property=\"og:type\" content=\"article\" \/>\n<meta property=\"og:title\" content=\"L&#039;Afrique du Sud entend d\u00e9sactiver la 2G en 2024 - APIE NEWS\" \/>\n<meta property=\"og:description\" content=\"L&#039;Afrique du Sud veut d\u00e9sactiver la 2G et la 3G dans les ann\u00e9es \u00e0 venir. Les deux technologies devraient dispara\u00eetre au plus tard en mars 2025, afin que le spectre puisse utilis\u00e9 \u00e0 d&#039;autres fins.\" \/>\n<meta property=\"og:url\" content=\"https:\/\/appsaf.apieproject.com\/news\/fr\/2022\/09\/14\/lafrique-du-sud-entend-desactiver-la-2g-en-2024\/\" \/>\n<meta property=\"og:site_name\" content=\"APIE NEWS\" \/>\n<meta property=\"article:publisher\" content=\"https:\/\/facebook.com\/apieproject\" \/>\n<meta property=\"article:published_time\" content=\"2022-09-14T05:19:15+00:00\" \/>\n<meta property=\"article:modified_time\" content=\"2022-09-14T05:19:17+00:00\" \/>\n<meta property=\"og:image\" content=\"https:\/\/appsaf.apieproject.com\/news\/wp-content\/uploads\/sites\/29\/2022\/09\/f1b72aa3a33761c5417a48407d1ca5c5-c0b319754607f4812ebb8a1069ab07e3.jpg\" \/>\n\t<meta property=\"og:image:width\" content=\"619\" \/>\n\t<meta property=\"og:image:height\" content=\"412\" \/>\n\t<meta property=\"og:image:type\" content=\"image\/jpeg\" \/>\n<meta name=\"author\" content=\"staff\" \/>\n<meta name=\"twitter:card\" content=\"summary_large_image\" \/>\n<meta name=\"twitter:creator\" content=\"@apieproject\" \/>\n<meta name=\"twitter:site\" content=\"@apieproject\" \/>\n<meta name=\"twitter:label1\" content=\"\u00c9crit par\" \/>\n\t<meta name=\"twitter:data1\" content=\"staff\" \/>\n\t<meta name=\"twitter:label2\" content=\"Dur\u00e9e de lecture estim\u00e9e\" \/>\n\t<meta name=\"twitter:data2\" content=\"2 minutes\" \/>\n<script type=\"application\/ld+json\" class=\"yoast-schema-graph\">{\"@context\":\"https:\/\/schema.org\",\"@graph\":[{\"@type\":\"Article\",\"@id\":\"https:\/\/appsaf.apieproject.com\/news\/fr\/2022\/09\/14\/lafrique-du-sud-entend-desactiver-la-2g-en-2024\/#article\",\"isPartOf\":{\"@id\":\"https:\/\/appsaf.apieproject.com\/news\/fr\/2022\/09\/14\/lafrique-du-sud-entend-desactiver-la-2g-en-2024\/\"},\"author\":{\"name\":\"staff\",\"@id\":\"https:\/\/appsaf.apieproject.com\/news\/#\/schema\/person\/399517cac378948cd7b39086f9ddc2a7\"},\"headline\":\"L&rsquo;Afrique du Sud entend d\u00e9sactiver la 2G en 2024\",\"datePublished\":\"2022-09-14T05:19:15+00:00\",\"dateModified\":\"2022-09-14T05:19:17+00:00\",\"mainEntityOfPage\":{\"@id\":\"https:\/\/appsaf.apieproject.com\/news\/fr\/2022\/09\/14\/lafrique-du-sud-entend-desactiver-la-2g-en-2024\/\"},\"wordCount\":366,\"commentCount\":0,\"publisher\":{\"@id\":\"https:\/\/appsaf.apieproject.com\/news\/#organization\"},\"image\":{\"@id\":\"https:\/\/appsaf.apieproject.com\/news\/fr\/2022\/09\/14\/lafrique-du-sud-entend-desactiver-la-2g-en-2024\/#primaryimage\"},\"thumbnailUrl\":\"https:\/\/appsaf.apieproject.com\/news\/wp-content\/uploads\/sites\/29\/2022\/09\/f1b72aa3a33761c5417a48407d1ca5c5-c0b319754607f4812ebb8a1069ab07e3.jpg\",\"keywords\":[\"actualites\",\"apie project\",\"technologie\"],\"articleSection\":[\"Actualit\u00e9s\",\"Sp\u00e9ciaux\",\"Technologie\"],\"inLanguage\":\"fr-FR\",\"potentialAction\":[{\"@type\":\"CommentAction\",\"name\":\"Comment\",\"target\":[\"https:\/\/appsaf.apieproject.com\/news\/fr\/2022\/09\/14\/lafrique-du-sud-entend-desactiver-la-2g-en-2024\/#respond\"]}]},{\"@type\":\"WebPage\",\"@id\":\"https:\/\/appsaf.apieproject.com\/news\/fr\/2022\/09\/14\/lafrique-du-sud-entend-desactiver-la-2g-en-2024\/\",\"url\":\"https:\/\/appsaf.apieproject.com\/news\/fr\/2022\/09\/14\/lafrique-du-sud-entend-desactiver-la-2g-en-2024\/\",\"name\":\"L'Afrique du Sud entend d\u00e9sactiver la 2G en 2024 - APIE NEWS\",\"isPartOf\":{\"@id\":\"https:\/\/appsaf.apieproject.com\/news\/#website\"},\"primaryImageOfPage\":{\"@id\":\"https:\/\/appsaf.apieproject.com\/news\/fr\/2022\/09\/14\/lafrique-du-sud-entend-desactiver-la-2g-en-2024\/#primaryimage\"},\"image\":{\"@id\":\"https:\/\/appsaf.apieproject.com\/news\/fr\/2022\/09\/14\/lafrique-du-sud-entend-desactiver-la-2g-en-2024\/#primaryimage\"},\"thumbnailUrl\":\"https:\/\/appsaf.apieproject.com\/news\/wp-content\/uploads\/sites\/29\/2022\/09\/f1b72aa3a33761c5417a48407d1ca5c5-c0b319754607f4812ebb8a1069ab07e3.jpg\",\"datePublished\":\"2022-09-14T05:19:15+00:00\",\"dateModified\":\"2022-09-14T05:19:17+00:00\",\"breadcrumb\":{\"@id\":\"https:\/\/appsaf.apieproject.com\/news\/fr\/2022\/09\/14\/lafrique-du-sud-entend-desactiver-la-2g-en-2024\/#breadcrumb\"},\"inLanguage\":\"fr-FR\",\"potentialAction\":[{\"@type\":\"ReadAction\",\"target\":[\"https:\/\/appsaf.apieproject.com\/news\/fr\/2022\/09\/14\/lafrique-du-sud-entend-desactiver-la-2g-en-2024\/\"]}]},{\"@type\":\"ImageObject\",\"inLanguage\":\"fr-FR\",\"@id\":\"https:\/\/appsaf.apieproject.com\/news\/fr\/2022\/09\/14\/lafrique-du-sud-entend-desactiver-la-2g-en-2024\/#primaryimage\",\"url\":\"https:\/\/appsaf.apieproject.com\/news\/wp-content\/uploads\/sites\/29\/2022\/09\/f1b72aa3a33761c5417a48407d1ca5c5-c0b319754607f4812ebb8a1069ab07e3.jpg\",\"contentUrl\":\"https:\/\/appsaf.apieproject.com\/news\/wp-content\/uploads\/sites\/29\/2022\/09\/f1b72aa3a33761c5417a48407d1ca5c5-c0b319754607f4812ebb8a1069ab07e3.jpg\",\"width\":619,\"height\":412},{\"@type\":\"BreadcrumbList\",\"@id\":\"https:\/\/appsaf.apieproject.com\/news\/fr\/2022\/09\/14\/lafrique-du-sud-entend-desactiver-la-2g-en-2024\/#breadcrumb\",\"itemListElement\":[{\"@type\":\"ListItem\",\"position\":1,\"name\":\"Home\",\"item\":\"https:\/\/appsaf.apieproject.com\/news\/fr\/home\/\"},{\"@type\":\"ListItem\",\"position\":2,\"name\":\"L&#8217;Afrique du Sud entend d\u00e9sactiver la 2G en 2024\"}]},{\"@type\":\"WebSite\",\"@id\":\"https:\/\/appsaf.apieproject.com\/news\/#website\",\"url\":\"https:\/\/appsaf.apieproject.com\/news\/\",\"name\":\"APIE NEWS\",\"description\":\"PANAFRICANISM NEWS PORTAL\",\"publisher\":{\"@id\":\"https:\/\/appsaf.apieproject.com\/news\/#organization\"},\"potentialAction\":[{\"@type\":\"SearchAction\",\"target\":{\"@type\":\"EntryPoint\",\"urlTemplate\":\"https:\/\/appsaf.apieproject.com\/news\/?s={search_term_string}\"},\"query-input\":{\"@type\":\"PropertyValueSpecification\",\"valueRequired\":true,\"valueName\":\"search_term_string\"}}],\"inLanguage\":\"fr-FR\"},{\"@type\":\"Organization\",\"@id\":\"https:\/\/appsaf.apieproject.com\/news\/#organization\",\"name\":\"APIE PROJECT\",\"url\":\"https:\/\/appsaf.apieproject.com\/news\/\",\"logo\":{\"@type\":\"ImageObject\",\"inLanguage\":\"fr-FR\",\"@id\":\"https:\/\/appsaf.apieproject.com\/news\/#\/schema\/logo\/image\/\",\"url\":\"https:\/\/appsaf.apieproject.com\/news\/wp-content\/uploads\/sites\/29\/2022\/07\/logo-R-TransparentBackground.png\",\"contentUrl\":\"https:\/\/appsaf.apieproject.com\/news\/wp-content\/uploads\/sites\/29\/2022\/07\/logo-R-TransparentBackground.png\",\"width\":512,\"height\":512,\"caption\":\"APIE PROJECT\"},\"image\":{\"@id\":\"https:\/\/appsaf.apieproject.com\/news\/#\/schema\/logo\/image\/\"},\"sameAs\":[\"https:\/\/facebook.com\/apieproject\",\"https:\/\/x.com\/apieproject\"]},{\"@type\":\"Person\",\"@id\":\"https:\/\/appsaf.apieproject.com\/news\/#\/schema\/person\/399517cac378948cd7b39086f9ddc2a7\",\"name\":\"staff\",\"image\":{\"@type\":\"ImageObject\",\"inLanguage\":\"fr-FR\",\"@id\":\"https:\/\/appsaf.apieproject.com\/news\/#\/schema\/person\/image\/\",\"url\":\"https:\/\/secure.gravatar.com\/avatar\/5386283c5db150efe261184bd59f072a?s=96&d=mm&r=g\",\"contentUrl\":\"https:\/\/secure.gravatar.com\/avatar\/5386283c5db150efe261184bd59f072a?s=96&d=mm&r=g\",\"caption\":\"staff\"},\"url\":\"https:\/\/appsaf.apieproject.com\/news\/fr\/author\/staff\/\"}]}<\/script>\n<!-- \/ Yoast SEO plugin. -->","yoast_head_json":{"title":"L'Afrique du Sud entend d\u00e9sactiver la 2G en 2024 - APIE NEWS","robots":{"index":"index","follow":"follow","max-snippet":"max-snippet:-1","max-image-preview":"max-image-preview:large","max-video-preview":"max-video-preview:-1"},"canonical":"https:\/\/appsaf.apieproject.com\/news\/fr\/2022\/09\/14\/lafrique-du-sud-entend-desactiver-la-2g-en-2024\/","og_locale":"fr_FR","og_type":"article","og_title":"L'Afrique du Sud entend d\u00e9sactiver la 2G en 2024 - APIE NEWS","og_description":"L'Afrique du Sud veut d\u00e9sactiver la 2G et la 3G dans les ann\u00e9es \u00e0 venir. Les deux technologies devraient dispara\u00eetre au plus tard en mars 2025, afin que le spectre puisse utilis\u00e9 \u00e0 d'autres fins.","og_url":"https:\/\/appsaf.apieproject.com\/news\/fr\/2022\/09\/14\/lafrique-du-sud-entend-desactiver-la-2g-en-2024\/","og_site_name":"APIE NEWS","article_publisher":"https:\/\/facebook.com\/apieproject","article_published_time":"2022-09-14T05:19:15+00:00","article_modified_time":"2022-09-14T05:19:17+00:00","og_image":[{"width":619,"height":412,"url":"https:\/\/appsaf.apieproject.com\/news\/wp-content\/uploads\/sites\/29\/2022\/09\/f1b72aa3a33761c5417a48407d1ca5c5-c0b319754607f4812ebb8a1069ab07e3.jpg","type":"image\/jpeg"}],"author":"staff","twitter_card":"summary_large_image","twitter_creator":"@apieproject","twitter_site":"@apieproject","twitter_misc":{"\u00c9crit par":"staff","Dur\u00e9e de lecture estim\u00e9e":"2 minutes"},"schema":{"@context":"https:\/\/schema.org","@graph":[{"@type":"Article","@id":"https:\/\/appsaf.apieproject.com\/news\/fr\/2022\/09\/14\/lafrique-du-sud-entend-desactiver-la-2g-en-2024\/#article","isPartOf":{"@id":"https:\/\/appsaf.apieproject.com\/news\/fr\/2022\/09\/14\/lafrique-du-sud-entend-desactiver-la-2g-en-2024\/"},"author":{"name":"staff","@id":"https:\/\/appsaf.apieproject.com\/news\/#\/schema\/person\/399517cac378948cd7b39086f9ddc2a7"},"headline":"L&rsquo;Afrique du Sud entend d\u00e9sactiver la 2G en 2024","datePublished":"2022-09-14T05:19:15+00:00","dateModified":"2022-09-14T05:19:17+00:00","mainEntityOfPage":{"@id":"https:\/\/appsaf.apieproject.com\/news\/fr\/2022\/09\/14\/lafrique-du-sud-entend-desactiver-la-2g-en-2024\/"},"wordCount":366,"commentCount":0,"publisher":{"@id":"https:\/\/appsaf.apieproject.com\/news\/#organization"},"image":{"@id":"https:\/\/appsaf.apieproject.com\/news\/fr\/2022\/09\/14\/lafrique-du-sud-entend-desactiver-la-2g-en-2024\/#primaryimage"},"thumbnailUrl":"https:\/\/appsaf.apieproject.com\/news\/wp-content\/uploads\/sites\/29\/2022\/09\/f1b72aa3a33761c5417a48407d1ca5c5-c0b319754607f4812ebb8a1069ab07e3.jpg","keywords":["actualites","apie project","technologie"],"articleSection":["Actualit\u00e9s","Sp\u00e9ciaux","Technologie"],"inLanguage":"fr-FR","potentialAction":[{"@type":"CommentAction","name":"Comment","target":["https:\/\/appsaf.apieproject.com\/news\/fr\/2022\/09\/14\/lafrique-du-sud-entend-desactiver-la-2g-en-2024\/#respond"]}]},{"@type":"WebPage","@id":"https:\/\/appsaf.apieproject.com\/news\/fr\/2022\/09\/14\/lafrique-du-sud-entend-desactiver-la-2g-en-2024\/","url":"https:\/\/appsaf.apieproject.com\/news\/fr\/2022\/09\/14\/lafrique-du-sud-entend-desactiver-la-2g-en-2024\/","name":"L'Afrique du Sud entend d\u00e9sactiver la 2G en 2024 - APIE NEWS","isPartOf":{"@id":"https:\/\/appsaf.apieproject.com\/news\/#website"},"primaryImageOfPage":{"@id":"https:\/\/appsaf.apieproject.com\/news\/fr\/2022\/09\/14\/lafrique-du-sud-entend-desactiver-la-2g-en-2024\/#primaryimage"},"image":{"@id":"https:\/\/appsaf.apieproject.com\/news\/fr\/2022\/09\/14\/lafrique-du-sud-entend-desactiver-la-2g-en-2024\/#primaryimage"},"thumbnailUrl":"https:\/\/appsaf.apieproject.com\/news\/wp-content\/uploads\/sites\/29\/2022\/09\/f1b72aa3a33761c5417a48407d1ca5c5-c0b319754607f4812ebb8a1069ab07e3.jpg","datePublished":"2022-09-14T05:19:15+00:00","dateModified":"2022-09-14T05:19:17+00:00","breadcrumb":{"@id":"https:\/\/appsaf.apieproject.com\/news\/fr\/2022\/09\/14\/lafrique-du-sud-entend-desactiver-la-2g-en-2024\/#breadcrumb"},"inLanguage":"fr-FR","potentialAction":[{"@type":"ReadAction","target":["https:\/\/appsaf.apieproject.com\/news\/fr\/2022\/09\/14\/lafrique-du-sud-entend-desactiver-la-2g-en-2024\/"]}]},{"@type":"ImageObject","inLanguage":"fr-FR","@id":"https:\/\/appsaf.apieproject.com\/news\/fr\/2022\/09\/14\/lafrique-du-sud-entend-desactiver-la-2g-en-2024\/#primaryimage","url":"https:\/\/appsaf.apieproject.com\/news\/wp-content\/uploads\/sites\/29\/2022\/09\/f1b72aa3a33761c5417a48407d1ca5c5-c0b319754607f4812ebb8a1069ab07e3.jpg","contentUrl":"https:\/\/appsaf.apieproject.com\/news\/wp-content\/uploads\/sites\/29\/2022\/09\/f1b72aa3a33761c5417a48407d1ca5c5-c0b319754607f4812ebb8a1069ab07e3.jpg","width":619,"height":412},{"@type":"BreadcrumbList","@id":"https:\/\/appsaf.apieproject.com\/news\/fr\/2022\/09\/14\/lafrique-du-sud-entend-desactiver-la-2g-en-2024\/#breadcrumb","itemListElement":[{"@type":"ListItem","position":1,"name":"Home","item":"https:\/\/appsaf.apieproject.com\/news\/fr\/home\/"},{"@type":"ListItem","position":2,"name":"L&#8217;Afrique du Sud entend d\u00e9sactiver la 2G en 2024"}]},{"@type":"WebSite","@id":"https:\/\/appsaf.apieproject.com\/news\/#website","url":"https:\/\/appsaf.apieproject.com\/news\/","name":"APIE NEWS","description":"PANAFRICANISM NEWS PORTAL","publisher":{"@id":"https:\/\/appsaf.apieproject.com\/news\/#organization"},"potentialAction":[{"@type":"SearchAction","target":{"@type":"EntryPoint","urlTemplate":"https:\/\/appsaf.apieproject.com\/news\/?s={search_term_string}"},"query-input":{"@type":"PropertyValueSpecification","valueRequired":true,"valueName":"search_term_string"}}],"inLanguage":"fr-FR"},{"@type":"Organization","@id":"https:\/\/appsaf.apieproject.com\/news\/#organization","name":"APIE PROJECT","url":"https:\/\/appsaf.apieproject.com\/news\/","logo":{"@type":"ImageObject","inLanguage":"fr-FR","@id":"https:\/\/appsaf.apieproject.com\/news\/#\/schema\/logo\/image\/","url":"https:\/\/appsaf.apieproject.com\/news\/wp-content\/uploads\/sites\/29\/2022\/07\/logo-R-TransparentBackground.png","contentUrl":"https:\/\/appsaf.apieproject.com\/news\/wp-content\/uploads\/sites\/29\/2022\/07\/logo-R-TransparentBackground.png","width":512,"height":512,"caption":"APIE PROJECT"},"image":{"@id":"https:\/\/appsaf.apieproject.com\/news\/#\/schema\/logo\/image\/"},"sameAs":["https:\/\/facebook.com\/apieproject","https:\/\/x.com\/apieproject"]},{"@type":"Person","@id":"https:\/\/appsaf.apieproject.com\/news\/#\/schema\/person\/399517cac378948cd7b39086f9ddc2a7","name":"staff","image":{"@type":"ImageObject","inLanguage":"fr-FR","@id":"https:\/\/appsaf.apieproject.com\/news\/#\/schema\/person\/image\/","url":"https:\/\/secure.gravatar.com\/avatar\/5386283c5db150efe261184bd59f072a?s=96&d=mm&r=g","contentUrl":"https:\/\/secure.gravatar.com\/avatar\/5386283c5db150efe261184bd59f072a?s=96&d=mm&r=g","caption":"staff"},"url":"https:\/\/appsaf.apieproject.com\/news\/fr\/author\/staff\/"}]}},"_links":{"self":[{"href":"https:\/\/appsaf.apieproject.com\/news\/fr\/wp-json\/wp\/v2\/posts\/16314","targetHints":{"allow":["GET"]}}],"collection":[{"href":"https:\/\/appsaf.apieproject.com\/news\/fr\/wp-json\/wp\/v2\/posts"}],"about":[{"href":"https:\/\/appsaf.apieproject.com\/news\/fr\/wp-json\/wp\/v2\/types\/post"}],"author":[{"embeddable":true,"href":"https:\/\/appsaf.apieproject.com\/news\/fr\/wp-json\/wp\/v2\/users\/12963"}],"replies":[{"embeddable":true,"href":"https:\/\/appsaf.apieproject.com\/news\/fr\/wp-json\/wp\/v2\/comments?post=16314"}],"version-history":[{"count":1,"href":"https:\/\/appsaf.apieproject.com\/news\/fr\/wp-json\/wp\/v2\/posts\/16314\/revisions"}],"predecessor-version":[{"id":17030,"href":"https:\/\/appsaf.apieproject.com\/news\/fr\/wp-json\/wp\/v2\/posts\/16314\/revisions\/17030"}],"wp:featuredmedia":[{"embeddable":true,"href":"https:\/\/appsaf.apieproject.com\/news\/fr\/wp-json\/wp\/v2\/media\/16311"}],"wp:attachment":[{"href":"https:\/\/appsaf.apieproject.com\/news\/fr\/wp-json\/wp\/v2\/media?parent=16314"}],"wp:term":[{"taxonomy":"category","embeddable":true,"href":"https:\/\/appsaf.apieproject.com\/news\/fr\/wp-json\/wp\/v2\/categories?post=16314"},{"taxonomy":"post_tag","embeddable":true,"href":"https:\/\/appsaf.apieproject.com\/news\/fr\/wp-json\/wp\/v2\/tags?post=16314"}],"curies":[{"name":"wp","href":"https:\/\/api.w.org\/{rel}","templated":true}]}}