{"id":16410,"date":"2022-09-14T05:35:53","date_gmt":"2022-09-14T05:35:53","guid":{"rendered":"https:\/\/appsaf.apieproject.com\/news\/?p=16410"},"modified":"2022-09-14T05:35:55","modified_gmt":"2022-09-14T05:35:55","slug":"une-boutique-ephemere-de-mode-et-de-creations-inspirees-du-savoir-faire-africain","status":"publish","type":"post","link":"https:\/\/appsaf.apieproject.com\/news\/fr\/2022\/09\/14\/une-boutique-ephemere-de-mode-et-de-creations-inspirees-du-savoir-faire-africain\/","title":{"rendered":"Une boutique \u00e9ph\u00e9m\u00e8re de mode et de cr\u00e9ations inspir\u00e9es du savoir-faire africain"},"content":{"rendered":"<p>La boutique \u00e9ph\u00e9m\u00e8re n\u2019est pas une premi\u00e8re pour Jeanne-Am\u00e9lie Fairise, la passionn\u00e9e avait d\u00e9j\u00e0 essay\u00e9 une premi\u00e8re fois le concept , au 26, rue Georges-Genoux, en d\u00e9cembre dernier. Elle a voulu retenter l\u2019exp\u00e9rience apr\u00e8s de bons retours : \u00ab J\u2019\u00e9tais tr\u00e8s satisfaite de ce premier essai, surtout les deux derni\u00e8res semaines \u00bb. Il est donc possible de venir \u00e0 nouveau admirer ses cr\u00e9ations jusqu\u2019au 3 octobre, au sein de sa boutique \u00e9ph\u00e9m\u00e8re.<\/p>\n<p>Tissage traditionnel<br \/>\nC\u2019est apr\u00e8s la fermeture du pressing Aqualogia de Vesoul, dans lequel elle travaillait depuis deux ans, qu\u2019elle a eu l\u2019id\u00e9e de ce commerce. Apr\u00e8s s\u2019\u00eatre longuement questionn\u00e9e, Jeanne-Am\u00e9lie Fairise en a conclu que \u00ab si tu ne sais pas o\u00f9 tu vas, alors retournes d\u2019o\u00f9 tu viens \u00bb.<\/p>\n<p>Et c\u2019est sur la base de cette r\u00e9flexion qu\u2019elle a eu l\u2019id\u00e9e de retourner sur son continent d\u2019origine, pour en revenir avec pleins de textiles africains, dans le but de faire d\u00e9couvrir les techniques de tissage traditionnelles des pays de l\u2019Afrique de l\u2019Ouest.<\/p>\n<p>L\u2019objectif du concept \u00e9ph\u00e9m\u00e8re<br \/>\nJeanne-Am\u00e9lie Fairise s\u2019est lanc\u00e9 depuis peu dans la cr\u00e9ation de sa marque \u00ab Tilla &amp; Co \u00bb et elle voudrait commencer par se faire conna\u00eetre avec son concept de boutique \u00e9ph\u00e9m\u00e8re. Elle souhaite proc\u00e9der \u00e9tape par \u00e9tape, afin de faire d\u00e9couvrir ses v\u00eatements et d\u00e9corations produits avec des textiles africains traditionnels et selon les techniques ancestrales de l\u00e0-bas. \u00c0 terme, l\u2019objectif serait \u00ab d\u2019avoir ma propre boutique sur Vesoul, d\u2019ici la fin de l\u2019ann\u00e9e \u00bb.<\/p>\n<p>Des cr\u00e9ations \u00e9coresponsables<br \/>\nLe nom de sa boutique \u00ab Tilla &amp; Co \u00bb trouve son origine dans le mot tillage, qui est le processus par lequel \u00ab les plantes sont broy\u00e9es afin d\u2019obtenir la fibre textile \u00bb, d\u00e9taille Jeanne-Am\u00e9lie Fairise. Toutes ses cr\u00e9ations sont compos\u00e9es \u00e0 100 % de mati\u00e8res et de fibres v\u00e9g\u00e9tales : v\u00eatements, sacs, oreillers, d\u00e9corations d\u2019int\u00e9rieurs, linge de maison et m\u00eame cache-pot pour les plantes.<\/p>\n<p>Le tissage est minutieusement r\u00e9alis\u00e9 \u00e0 la main. La teinture, \u00e9galement appliqu\u00e9e \u00e0 la main, est \u00e0 base de plante comme \u00ab l\u2019indigotier dont les feuilles sont utilis\u00e9es pour r\u00e9aliser la couleur bleu indigo \u00bb.<\/p>\n<p>\u00ab Des produits authentiques et atypiques \u00bb<br \/>\nLes v\u00eatements et cr\u00e9ations de la boutique sont essentiellement produits \u00e0 base de coton, mais le lin ou la paille sont \u00e9galement utilis\u00e9s. Le savoir-faire vient du Burkina Faso, du Ghana, du Mali ou encore du B\u00e9nin. Chaque pi\u00e8ce con\u00e7ue \u00e0 la main est unique et Jeanne-Am\u00e9lie Fairise tient \u00e0 souligner que \u00ab la mati\u00e8re, tr\u00e8s r\u00e9sistante, vieillit tr\u00e8s bien et que les pi\u00e8ces deviennent encore plus belles avec le temps \u00bb.<\/p>\n","protected":false},"excerpt":{"rendered":"<p>Originaire du Cameroun, Jeanne-Am\u00e9lie Fairise souhaite partager le savoir-faire et les techniques de tissages issus des diff\u00e9rents pays de l\u2019Afrique de l\u2019Ouest. Depuis lundi 5 septembre, elle ouvre les portes de sa boutique \u00e9ph\u00e9m\u00e8re situ\u00e9e 7, rue du Breuil, au centre-ville de Vesoul.<\/p>\n","protected":false},"author":12963,"featured_media":16407,"comment_status":"open","ping_status":"open","sticky":false,"template":"","format":"standard","meta":{"footnotes":""},"categories":[57,63],"tags":[78,95,94],"class_list":{"0":"post-16410","1":"post","2":"type-post","3":"status-publish","4":"format-standard","5":"has-post-thumbnail","7":"category-mode","8":"category-mode-de-vie","9":"tag-apie-project-2","10":"tag-mode","11":"tag-mode-de-vie"},"yoast_head":"<!-- This site is optimized with the Yoast SEO plugin v24.4 - https:\/\/yoast.com\/wordpress\/plugins\/seo\/ -->\n<title>Une boutique \u00e9ph\u00e9m\u00e8re de mode et de cr\u00e9ations inspir\u00e9es du savoir-faire africain - APIE NEWS<\/title>\n<meta name=\"robots\" content=\"index, follow, max-snippet:-1, max-image-preview:large, max-video-preview:-1\" \/>\n<link rel=\"canonical\" href=\"https:\/\/appsaf.apieproject.com\/news\/fr\/2022\/09\/14\/une-boutique-ephemere-de-mode-et-de-creations-inspirees-du-savoir-faire-africain\/\" \/>\n<meta property=\"og:locale\" content=\"fr_FR\" \/>\n<meta property=\"og:type\" content=\"article\" \/>\n<meta property=\"og:title\" content=\"Une boutique \u00e9ph\u00e9m\u00e8re de mode et de cr\u00e9ations inspir\u00e9es du savoir-faire africain - APIE NEWS\" \/>\n<meta property=\"og:description\" content=\"Originaire du Cameroun, Jeanne-Am\u00e9lie Fairise souhaite partager le savoir-faire et les techniques de tissages issus des diff\u00e9rents pays de l\u2019Afrique de l\u2019Ouest. Depuis lundi 5 septembre, elle ouvre les portes de sa boutique \u00e9ph\u00e9m\u00e8re situ\u00e9e 7, rue du Breuil, au centre-ville de Vesoul.\" \/>\n<meta property=\"og:url\" content=\"https:\/\/appsaf.apieproject.com\/news\/fr\/2022\/09\/14\/une-boutique-ephemere-de-mode-et-de-creations-inspirees-du-savoir-faire-africain\/\" \/>\n<meta property=\"og:site_name\" content=\"APIE NEWS\" \/>\n<meta property=\"article:publisher\" content=\"https:\/\/facebook.com\/apieproject\" \/>\n<meta property=\"article:published_time\" content=\"2022-09-14T05:35:53+00:00\" \/>\n<meta property=\"article:modified_time\" content=\"2022-09-14T05:35:55+00:00\" \/>\n<meta property=\"og:image\" content=\"https:\/\/appsaf.apieproject.com\/news\/wp-content\/uploads\/sites\/29\/2022\/09\/la-boutique-ephemere-de-jeanne-amelie-fairise-ouvre-ses-portes-du-mardi-au-samedi-de-10-h-a-19-h-et-durant-quatre-semaines-photo-david-hanisch-photo-er-david-hanisch-1662392399-adabfd343e4ea22db2687fca2d7e6722.jpg\" \/>\n\t<meta property=\"og:image:width\" content=\"473\" \/>\n\t<meta property=\"og:image:height\" content=\"265\" \/>\n\t<meta property=\"og:image:type\" content=\"image\/jpeg\" \/>\n<meta name=\"author\" content=\"staff\" \/>\n<meta name=\"twitter:card\" content=\"summary_large_image\" \/>\n<meta name=\"twitter:creator\" content=\"@apieproject\" \/>\n<meta name=\"twitter:site\" content=\"@apieproject\" \/>\n<meta name=\"twitter:label1\" content=\"\u00c9crit par\" \/>\n\t<meta name=\"twitter:data1\" content=\"staff\" \/>\n\t<meta name=\"twitter:label2\" content=\"Dur\u00e9e de lecture estim\u00e9e\" \/>\n\t<meta name=\"twitter:data2\" content=\"3 minutes\" \/>\n<script type=\"application\/ld+json\" class=\"yoast-schema-graph\">{\"@context\":\"https:\/\/schema.org\",\"@graph\":[{\"@type\":\"Article\",\"@id\":\"https:\/\/appsaf.apieproject.com\/news\/fr\/2022\/09\/14\/une-boutique-ephemere-de-mode-et-de-creations-inspirees-du-savoir-faire-africain\/#article\",\"isPartOf\":{\"@id\":\"https:\/\/appsaf.apieproject.com\/news\/fr\/2022\/09\/14\/une-boutique-ephemere-de-mode-et-de-creations-inspirees-du-savoir-faire-africain\/\"},\"author\":{\"name\":\"staff\",\"@id\":\"https:\/\/appsaf.apieproject.com\/news\/#\/schema\/person\/399517cac378948cd7b39086f9ddc2a7\"},\"headline\":\"Une boutique \u00e9ph\u00e9m\u00e8re de mode et de cr\u00e9ations inspir\u00e9es du savoir-faire africain\",\"datePublished\":\"2022-09-14T05:35:53+00:00\",\"dateModified\":\"2022-09-14T05:35:55+00:00\",\"mainEntityOfPage\":{\"@id\":\"https:\/\/appsaf.apieproject.com\/news\/fr\/2022\/09\/14\/une-boutique-ephemere-de-mode-et-de-creations-inspirees-du-savoir-faire-africain\/\"},\"wordCount\":498,\"commentCount\":0,\"publisher\":{\"@id\":\"https:\/\/appsaf.apieproject.com\/news\/#organization\"},\"image\":{\"@id\":\"https:\/\/appsaf.apieproject.com\/news\/fr\/2022\/09\/14\/une-boutique-ephemere-de-mode-et-de-creations-inspirees-du-savoir-faire-africain\/#primaryimage\"},\"thumbnailUrl\":\"https:\/\/appsaf.apieproject.com\/news\/wp-content\/uploads\/sites\/29\/2022\/09\/la-boutique-ephemere-de-jeanne-amelie-fairise-ouvre-ses-portes-du-mardi-au-samedi-de-10-h-a-19-h-et-durant-quatre-semaines-photo-david-hanisch-photo-er-david-hanisch-1662392399-adabfd343e4ea22db2687fca2d7e6722.jpg\",\"keywords\":[\"apie project\",\"mode\",\"mode de vie\"],\"articleSection\":[\"Mode\",\"Mode de Vie\"],\"inLanguage\":\"fr-FR\",\"potentialAction\":[{\"@type\":\"CommentAction\",\"name\":\"Comment\",\"target\":[\"https:\/\/appsaf.apieproject.com\/news\/fr\/2022\/09\/14\/une-boutique-ephemere-de-mode-et-de-creations-inspirees-du-savoir-faire-africain\/#respond\"]}]},{\"@type\":\"WebPage\",\"@id\":\"https:\/\/appsaf.apieproject.com\/news\/fr\/2022\/09\/14\/une-boutique-ephemere-de-mode-et-de-creations-inspirees-du-savoir-faire-africain\/\",\"url\":\"https:\/\/appsaf.apieproject.com\/news\/fr\/2022\/09\/14\/une-boutique-ephemere-de-mode-et-de-creations-inspirees-du-savoir-faire-africain\/\",\"name\":\"Une boutique \u00e9ph\u00e9m\u00e8re de mode et de cr\u00e9ations inspir\u00e9es du savoir-faire africain - APIE NEWS\",\"isPartOf\":{\"@id\":\"https:\/\/appsaf.apieproject.com\/news\/#website\"},\"primaryImageOfPage\":{\"@id\":\"https:\/\/appsaf.apieproject.com\/news\/fr\/2022\/09\/14\/une-boutique-ephemere-de-mode-et-de-creations-inspirees-du-savoir-faire-africain\/#primaryimage\"},\"image\":{\"@id\":\"https:\/\/appsaf.apieproject.com\/news\/fr\/2022\/09\/14\/une-boutique-ephemere-de-mode-et-de-creations-inspirees-du-savoir-faire-africain\/#primaryimage\"},\"thumbnailUrl\":\"https:\/\/appsaf.apieproject.com\/news\/wp-content\/uploads\/sites\/29\/2022\/09\/la-boutique-ephemere-de-jeanne-amelie-fairise-ouvre-ses-portes-du-mardi-au-samedi-de-10-h-a-19-h-et-durant-quatre-semaines-photo-david-hanisch-photo-er-david-hanisch-1662392399-adabfd343e4ea22db2687fca2d7e6722.jpg\",\"datePublished\":\"2022-09-14T05:35:53+00:00\",\"dateModified\":\"2022-09-14T05:35:55+00:00\",\"breadcrumb\":{\"@id\":\"https:\/\/appsaf.apieproject.com\/news\/fr\/2022\/09\/14\/une-boutique-ephemere-de-mode-et-de-creations-inspirees-du-savoir-faire-africain\/#breadcrumb\"},\"inLanguage\":\"fr-FR\",\"potentialAction\":[{\"@type\":\"ReadAction\",\"target\":[\"https:\/\/appsaf.apieproject.com\/news\/fr\/2022\/09\/14\/une-boutique-ephemere-de-mode-et-de-creations-inspirees-du-savoir-faire-africain\/\"]}]},{\"@type\":\"ImageObject\",\"inLanguage\":\"fr-FR\",\"@id\":\"https:\/\/appsaf.apieproject.com\/news\/fr\/2022\/09\/14\/une-boutique-ephemere-de-mode-et-de-creations-inspirees-du-savoir-faire-africain\/#primaryimage\",\"url\":\"https:\/\/appsaf.apieproject.com\/news\/wp-content\/uploads\/sites\/29\/2022\/09\/la-boutique-ephemere-de-jeanne-amelie-fairise-ouvre-ses-portes-du-mardi-au-samedi-de-10-h-a-19-h-et-durant-quatre-semaines-photo-david-hanisch-photo-er-david-hanisch-1662392399-adabfd343e4ea22db2687fca2d7e6722.jpg\",\"contentUrl\":\"https:\/\/appsaf.apieproject.com\/news\/wp-content\/uploads\/sites\/29\/2022\/09\/la-boutique-ephemere-de-jeanne-amelie-fairise-ouvre-ses-portes-du-mardi-au-samedi-de-10-h-a-19-h-et-durant-quatre-semaines-photo-david-hanisch-photo-er-david-hanisch-1662392399-adabfd343e4ea22db2687fca2d7e6722.jpg\",\"width\":473,\"height\":265},{\"@type\":\"BreadcrumbList\",\"@id\":\"https:\/\/appsaf.apieproject.com\/news\/fr\/2022\/09\/14\/une-boutique-ephemere-de-mode-et-de-creations-inspirees-du-savoir-faire-africain\/#breadcrumb\",\"itemListElement\":[{\"@type\":\"ListItem\",\"position\":1,\"name\":\"Home\",\"item\":\"https:\/\/appsaf.apieproject.com\/news\/fr\/home\/\"},{\"@type\":\"ListItem\",\"position\":2,\"name\":\"Une boutique \u00e9ph\u00e9m\u00e8re de mode et de cr\u00e9ations inspir\u00e9es du savoir-faire africain\"}]},{\"@type\":\"WebSite\",\"@id\":\"https:\/\/appsaf.apieproject.com\/news\/#website\",\"url\":\"https:\/\/appsaf.apieproject.com\/news\/\",\"name\":\"APIE NEWS\",\"description\":\"PANAFRICANISM NEWS PORTAL\",\"publisher\":{\"@id\":\"https:\/\/appsaf.apieproject.com\/news\/#organization\"},\"potentialAction\":[{\"@type\":\"SearchAction\",\"target\":{\"@type\":\"EntryPoint\",\"urlTemplate\":\"https:\/\/appsaf.apieproject.com\/news\/?s={search_term_string}\"},\"query-input\":{\"@type\":\"PropertyValueSpecification\",\"valueRequired\":true,\"valueName\":\"search_term_string\"}}],\"inLanguage\":\"fr-FR\"},{\"@type\":\"Organization\",\"@id\":\"https:\/\/appsaf.apieproject.com\/news\/#organization\",\"name\":\"APIE PROJECT\",\"url\":\"https:\/\/appsaf.apieproject.com\/news\/\",\"logo\":{\"@type\":\"ImageObject\",\"inLanguage\":\"fr-FR\",\"@id\":\"https:\/\/appsaf.apieproject.com\/news\/#\/schema\/logo\/image\/\",\"url\":\"https:\/\/appsaf.apieproject.com\/news\/wp-content\/uploads\/sites\/29\/2022\/07\/logo-R-TransparentBackground.png\",\"contentUrl\":\"https:\/\/appsaf.apieproject.com\/news\/wp-content\/uploads\/sites\/29\/2022\/07\/logo-R-TransparentBackground.png\",\"width\":512,\"height\":512,\"caption\":\"APIE PROJECT\"},\"image\":{\"@id\":\"https:\/\/appsaf.apieproject.com\/news\/#\/schema\/logo\/image\/\"},\"sameAs\":[\"https:\/\/facebook.com\/apieproject\",\"https:\/\/x.com\/apieproject\"]},{\"@type\":\"Person\",\"@id\":\"https:\/\/appsaf.apieproject.com\/news\/#\/schema\/person\/399517cac378948cd7b39086f9ddc2a7\",\"name\":\"staff\",\"image\":{\"@type\":\"ImageObject\",\"inLanguage\":\"fr-FR\",\"@id\":\"https:\/\/appsaf.apieproject.com\/news\/#\/schema\/person\/image\/\",\"url\":\"https:\/\/secure.gravatar.com\/avatar\/5386283c5db150efe261184bd59f072a?s=96&d=mm&r=g\",\"contentUrl\":\"https:\/\/secure.gravatar.com\/avatar\/5386283c5db150efe261184bd59f072a?s=96&d=mm&r=g\",\"caption\":\"staff\"},\"url\":\"https:\/\/appsaf.apieproject.com\/news\/fr\/author\/staff\/\"}]}<\/script>\n<!-- \/ Yoast SEO plugin. -->","yoast_head_json":{"title":"Une boutique \u00e9ph\u00e9m\u00e8re de mode et de cr\u00e9ations inspir\u00e9es du savoir-faire africain - APIE NEWS","robots":{"index":"index","follow":"follow","max-snippet":"max-snippet:-1","max-image-preview":"max-image-preview:large","max-video-preview":"max-video-preview:-1"},"canonical":"https:\/\/appsaf.apieproject.com\/news\/fr\/2022\/09\/14\/une-boutique-ephemere-de-mode-et-de-creations-inspirees-du-savoir-faire-africain\/","og_locale":"fr_FR","og_type":"article","og_title":"Une boutique \u00e9ph\u00e9m\u00e8re de mode et de cr\u00e9ations inspir\u00e9es du savoir-faire africain - APIE NEWS","og_description":"Originaire du Cameroun, Jeanne-Am\u00e9lie Fairise souhaite partager le savoir-faire et les techniques de tissages issus des diff\u00e9rents pays de l\u2019Afrique de l\u2019Ouest. Depuis lundi 5 septembre, elle ouvre les portes de sa boutique \u00e9ph\u00e9m\u00e8re situ\u00e9e 7, rue du Breuil, au centre-ville de Vesoul.","og_url":"https:\/\/appsaf.apieproject.com\/news\/fr\/2022\/09\/14\/une-boutique-ephemere-de-mode-et-de-creations-inspirees-du-savoir-faire-africain\/","og_site_name":"APIE NEWS","article_publisher":"https:\/\/facebook.com\/apieproject","article_published_time":"2022-09-14T05:35:53+00:00","article_modified_time":"2022-09-14T05:35:55+00:00","og_image":[{"width":473,"height":265,"url":"https:\/\/appsaf.apieproject.com\/news\/wp-content\/uploads\/sites\/29\/2022\/09\/la-boutique-ephemere-de-jeanne-amelie-fairise-ouvre-ses-portes-du-mardi-au-samedi-de-10-h-a-19-h-et-durant-quatre-semaines-photo-david-hanisch-photo-er-david-hanisch-1662392399-adabfd343e4ea22db2687fca2d7e6722.jpg","type":"image\/jpeg"}],"author":"staff","twitter_card":"summary_large_image","twitter_creator":"@apieproject","twitter_site":"@apieproject","twitter_misc":{"\u00c9crit par":"staff","Dur\u00e9e de lecture estim\u00e9e":"3 minutes"},"schema":{"@context":"https:\/\/schema.org","@graph":[{"@type":"Article","@id":"https:\/\/appsaf.apieproject.com\/news\/fr\/2022\/09\/14\/une-boutique-ephemere-de-mode-et-de-creations-inspirees-du-savoir-faire-africain\/#article","isPartOf":{"@id":"https:\/\/appsaf.apieproject.com\/news\/fr\/2022\/09\/14\/une-boutique-ephemere-de-mode-et-de-creations-inspirees-du-savoir-faire-africain\/"},"author":{"name":"staff","@id":"https:\/\/appsaf.apieproject.com\/news\/#\/schema\/person\/399517cac378948cd7b39086f9ddc2a7"},"headline":"Une boutique \u00e9ph\u00e9m\u00e8re de mode et de cr\u00e9ations inspir\u00e9es du savoir-faire africain","datePublished":"2022-09-14T05:35:53+00:00","dateModified":"2022-09-14T05:35:55+00:00","mainEntityOfPage":{"@id":"https:\/\/appsaf.apieproject.com\/news\/fr\/2022\/09\/14\/une-boutique-ephemere-de-mode-et-de-creations-inspirees-du-savoir-faire-africain\/"},"wordCount":498,"commentCount":0,"publisher":{"@id":"https:\/\/appsaf.apieproject.com\/news\/#organization"},"image":{"@id":"https:\/\/appsaf.apieproject.com\/news\/fr\/2022\/09\/14\/une-boutique-ephemere-de-mode-et-de-creations-inspirees-du-savoir-faire-africain\/#primaryimage"},"thumbnailUrl":"https:\/\/appsaf.apieproject.com\/news\/wp-content\/uploads\/sites\/29\/2022\/09\/la-boutique-ephemere-de-jeanne-amelie-fairise-ouvre-ses-portes-du-mardi-au-samedi-de-10-h-a-19-h-et-durant-quatre-semaines-photo-david-hanisch-photo-er-david-hanisch-1662392399-adabfd343e4ea22db2687fca2d7e6722.jpg","keywords":["apie project","mode","mode de vie"],"articleSection":["Mode","Mode de Vie"],"inLanguage":"fr-FR","potentialAction":[{"@type":"CommentAction","name":"Comment","target":["https:\/\/appsaf.apieproject.com\/news\/fr\/2022\/09\/14\/une-boutique-ephemere-de-mode-et-de-creations-inspirees-du-savoir-faire-africain\/#respond"]}]},{"@type":"WebPage","@id":"https:\/\/appsaf.apieproject.com\/news\/fr\/2022\/09\/14\/une-boutique-ephemere-de-mode-et-de-creations-inspirees-du-savoir-faire-africain\/","url":"https:\/\/appsaf.apieproject.com\/news\/fr\/2022\/09\/14\/une-boutique-ephemere-de-mode-et-de-creations-inspirees-du-savoir-faire-africain\/","name":"Une boutique \u00e9ph\u00e9m\u00e8re de mode et de cr\u00e9ations inspir\u00e9es du savoir-faire africain - APIE NEWS","isPartOf":{"@id":"https:\/\/appsaf.apieproject.com\/news\/#website"},"primaryImageOfPage":{"@id":"https:\/\/appsaf.apieproject.com\/news\/fr\/2022\/09\/14\/une-boutique-ephemere-de-mode-et-de-creations-inspirees-du-savoir-faire-africain\/#primaryimage"},"image":{"@id":"https:\/\/appsaf.apieproject.com\/news\/fr\/2022\/09\/14\/une-boutique-ephemere-de-mode-et-de-creations-inspirees-du-savoir-faire-africain\/#primaryimage"},"thumbnailUrl":"https:\/\/appsaf.apieproject.com\/news\/wp-content\/uploads\/sites\/29\/2022\/09\/la-boutique-ephemere-de-jeanne-amelie-fairise-ouvre-ses-portes-du-mardi-au-samedi-de-10-h-a-19-h-et-durant-quatre-semaines-photo-david-hanisch-photo-er-david-hanisch-1662392399-adabfd343e4ea22db2687fca2d7e6722.jpg","datePublished":"2022-09-14T05:35:53+00:00","dateModified":"2022-09-14T05:35:55+00:00","breadcrumb":{"@id":"https:\/\/appsaf.apieproject.com\/news\/fr\/2022\/09\/14\/une-boutique-ephemere-de-mode-et-de-creations-inspirees-du-savoir-faire-africain\/#breadcrumb"},"inLanguage":"fr-FR","potentialAction":[{"@type":"ReadAction","target":["https:\/\/appsaf.apieproject.com\/news\/fr\/2022\/09\/14\/une-boutique-ephemere-de-mode-et-de-creations-inspirees-du-savoir-faire-africain\/"]}]},{"@type":"ImageObject","inLanguage":"fr-FR","@id":"https:\/\/appsaf.apieproject.com\/news\/fr\/2022\/09\/14\/une-boutique-ephemere-de-mode-et-de-creations-inspirees-du-savoir-faire-africain\/#primaryimage","url":"https:\/\/appsaf.apieproject.com\/news\/wp-content\/uploads\/sites\/29\/2022\/09\/la-boutique-ephemere-de-jeanne-amelie-fairise-ouvre-ses-portes-du-mardi-au-samedi-de-10-h-a-19-h-et-durant-quatre-semaines-photo-david-hanisch-photo-er-david-hanisch-1662392399-adabfd343e4ea22db2687fca2d7e6722.jpg","contentUrl":"https:\/\/appsaf.apieproject.com\/news\/wp-content\/uploads\/sites\/29\/2022\/09\/la-boutique-ephemere-de-jeanne-amelie-fairise-ouvre-ses-portes-du-mardi-au-samedi-de-10-h-a-19-h-et-durant-quatre-semaines-photo-david-hanisch-photo-er-david-hanisch-1662392399-adabfd343e4ea22db2687fca2d7e6722.jpg","width":473,"height":265},{"@type":"BreadcrumbList","@id":"https:\/\/appsaf.apieproject.com\/news\/fr\/2022\/09\/14\/une-boutique-ephemere-de-mode-et-de-creations-inspirees-du-savoir-faire-africain\/#breadcrumb","itemListElement":[{"@type":"ListItem","position":1,"name":"Home","item":"https:\/\/appsaf.apieproject.com\/news\/fr\/home\/"},{"@type":"ListItem","position":2,"name":"Une boutique \u00e9ph\u00e9m\u00e8re de mode et de cr\u00e9ations inspir\u00e9es du savoir-faire africain"}]},{"@type":"WebSite","@id":"https:\/\/appsaf.apieproject.com\/news\/#website","url":"https:\/\/appsaf.apieproject.com\/news\/","name":"APIE NEWS","description":"PANAFRICANISM NEWS PORTAL","publisher":{"@id":"https:\/\/appsaf.apieproject.com\/news\/#organization"},"potentialAction":[{"@type":"SearchAction","target":{"@type":"EntryPoint","urlTemplate":"https:\/\/appsaf.apieproject.com\/news\/?s={search_term_string}"},"query-input":{"@type":"PropertyValueSpecification","valueRequired":true,"valueName":"search_term_string"}}],"inLanguage":"fr-FR"},{"@type":"Organization","@id":"https:\/\/appsaf.apieproject.com\/news\/#organization","name":"APIE PROJECT","url":"https:\/\/appsaf.apieproject.com\/news\/","logo":{"@type":"ImageObject","inLanguage":"fr-FR","@id":"https:\/\/appsaf.apieproject.com\/news\/#\/schema\/logo\/image\/","url":"https:\/\/appsaf.apieproject.com\/news\/wp-content\/uploads\/sites\/29\/2022\/07\/logo-R-TransparentBackground.png","contentUrl":"https:\/\/appsaf.apieproject.com\/news\/wp-content\/uploads\/sites\/29\/2022\/07\/logo-R-TransparentBackground.png","width":512,"height":512,"caption":"APIE PROJECT"},"image":{"@id":"https:\/\/appsaf.apieproject.com\/news\/#\/schema\/logo\/image\/"},"sameAs":["https:\/\/facebook.com\/apieproject","https:\/\/x.com\/apieproject"]},{"@type":"Person","@id":"https:\/\/appsaf.apieproject.com\/news\/#\/schema\/person\/399517cac378948cd7b39086f9ddc2a7","name":"staff","image":{"@type":"ImageObject","inLanguage":"fr-FR","@id":"https:\/\/appsaf.apieproject.com\/news\/#\/schema\/person\/image\/","url":"https:\/\/secure.gravatar.com\/avatar\/5386283c5db150efe261184bd59f072a?s=96&d=mm&r=g","contentUrl":"https:\/\/secure.gravatar.com\/avatar\/5386283c5db150efe261184bd59f072a?s=96&d=mm&r=g","caption":"staff"},"url":"https:\/\/appsaf.apieproject.com\/news\/fr\/author\/staff\/"}]}},"_links":{"self":[{"href":"https:\/\/appsaf.apieproject.com\/news\/fr\/wp-json\/wp\/v2\/posts\/16410","targetHints":{"allow":["GET"]}}],"collection":[{"href":"https:\/\/appsaf.apieproject.com\/news\/fr\/wp-json\/wp\/v2\/posts"}],"about":[{"href":"https:\/\/appsaf.apieproject.com\/news\/fr\/wp-json\/wp\/v2\/types\/post"}],"author":[{"embeddable":true,"href":"https:\/\/appsaf.apieproject.com\/news\/fr\/wp-json\/wp\/v2\/users\/12963"}],"replies":[{"embeddable":true,"href":"https:\/\/appsaf.apieproject.com\/news\/fr\/wp-json\/wp\/v2\/comments?post=16410"}],"version-history":[{"count":1,"href":"https:\/\/appsaf.apieproject.com\/news\/fr\/wp-json\/wp\/v2\/posts\/16410\/revisions"}],"predecessor-version":[{"id":17046,"href":"https:\/\/appsaf.apieproject.com\/news\/fr\/wp-json\/wp\/v2\/posts\/16410\/revisions\/17046"}],"wp:featuredmedia":[{"embeddable":true,"href":"https:\/\/appsaf.apieproject.com\/news\/fr\/wp-json\/wp\/v2\/media\/16407"}],"wp:attachment":[{"href":"https:\/\/appsaf.apieproject.com\/news\/fr\/wp-json\/wp\/v2\/media?parent=16410"}],"wp:term":[{"taxonomy":"category","embeddable":true,"href":"https:\/\/appsaf.apieproject.com\/news\/fr\/wp-json\/wp\/v2\/categories?post=16410"},{"taxonomy":"post_tag","embeddable":true,"href":"https:\/\/appsaf.apieproject.com\/news\/fr\/wp-json\/wp\/v2\/tags?post=16410"}],"curies":[{"name":"wp","href":"https:\/\/api.w.org\/{rel}","templated":true}]}}