{"id":16446,"date":"2022-09-14T05:40:00","date_gmt":"2022-09-14T05:40:00","guid":{"rendered":"https:\/\/appsaf.apieproject.com\/news\/?p=16446"},"modified":"2022-09-14T05:40:01","modified_gmt":"2022-09-14T05:40:01","slug":"le-grand-defile-africa-fashion-up-se-tiendra-le-vendredi-16-septembre-2022-a-lhotel-salomon-de-rothschild","status":"publish","type":"post","link":"https:\/\/appsaf.apieproject.com\/news\/fr\/2022\/09\/14\/le-grand-defile-africa-fashion-up-se-tiendra-le-vendredi-16-septembre-2022-a-lhotel-salomon-de-rothschild\/","title":{"rendered":"Le grand d\u00e9fil\u00e9 Africa Fashion Up se tiendra le vendredi 16 septembre 2022 \u00e0 l\u2019H\u00f4tel Salomon de Rothschild"},"content":{"rendered":"<p>Encore m\u00e9connue du grand public, la mode africaine est de plus en plus dynamique. Son rayonnement croissant se refl\u00e8te \u00e0 travers l\u2019\u00e9mergence et le positionnement de plusieurs maisons africaines \u00e0 l\u2019\u00e9chelle internationale, ainsi qu\u2019\u00e0 travers la reprise de ses codes par des marques et des cr\u00e9ateurs \u00e0 travers le monde. Initiative port\u00e9e par l\u2019association Share Africa, Africa Fashion Up constitue la premi\u00e8re manifestation de mode africaine en France dont le but est de mettre en lumi\u00e8re la nouvelle g\u00e9n\u00e9ration de cr\u00e9ateurs du continent et d\u2019encourager une mode africaine en pleine effervescence, entre tradition et modernit\u00e9, entre h\u00e9ritage et ouverture internationale.<\/p>\n<p>Ce d\u00e9fil\u00e9 sera l&rsquo;occasion de mettre en avant les cr\u00e9ations des cinq jeunes laur\u00e9ats s\u00e9lectionn\u00e9s \u00e0 l\u2019issue de l&rsquo;appel \u00e0 candidatures Africa Fashion Up 2022. \u00c0 noter qu\u2019ils sont originaires de diff\u00e9rentes r\u00e9gions du continent :<\/p>\n<p>Muyishime Edi Patrick pour MUYISHIME, cr\u00e9ateur rwandais \u00e9tabli au Kenya ;<br \/>\nFernandez Ibrahim pour Ibrahim Fernandez,cr\u00e9ateur ivoirien ;<br \/>\nJean-C\u00e9dric Sow pour ALINA SOW,cr\u00e9ateur congolais \u00e9tabli en Allemagne ;<br \/>\nMina Binebine pour Mina Binebine, cr\u00e9atrice marocaine ;<br \/>\nJacques Bam pour The BAM Collective, cr\u00e9ateur sud-africain.<br \/>\nLa cr\u00e9atrice de haute couture Clarisse Hieraix et le Designer Africa Fashion Up 2021 Emmanuel Okoro pr\u00e9senteront \u00e9galement leurs collections et, \u00e0 l&rsquo;issue de l&rsquo;\u00e9v\u00e9nement, le nom du Grand Designer Africa Fashion UP 2022 sera d\u00e9voil\u00e9.<\/p>\n<p>Le d\u00e9fil\u00e9 repr\u00e9sente l\u2019aboutissement d\u2019un programme d\u2019accompagnement et de mentorat dont b\u00e9n\u00e9ficieront les cinq laur\u00e9ats. Ces derniers participeront \u00e0 des masterclasses dispens\u00e9es par Balenciaga, seront invit\u00e9s \u00e0 d\u00e9couvrir de grandes maisons de luxe telles que Sisley et Galeries Lafayette et \u00e0 participer \u00e0 une table ronde organis\u00e9e par le Master Marketing New Luxury et Art de vivre de Sciences Po Paris. Ils auront aussi la possibilit\u00e9 de suivre un module de formation sp\u00e9cialis\u00e9 en management d\u00e9livr\u00e9 par l\u2019\u00e9cole de commerce HEC Paris et recevront un accompagnement personnalis\u00e9 de la part de Balenciaga durant quatre mois dans le cadre d\u2019un programme de mentorat prolong\u00e9.<\/p>\n<p>\u00ab Le d\u00e9fil\u00e9 Africa Fashion Up repr\u00e9sente une opportunit\u00e9 unique pour les cinq laur\u00e9ats retenus de d\u00e9montrer leur savoir-faire tout en mettant \u00e0 l\u2019honneur la mode africaine contemporaine \u00bb, souligne Val\u00e9rie Ka, mannequin internationale et fondatrice de l\u2019association Share Africa, qui est \u00e0 l\u2019initiative du programme Africa Fashion Up. \u00ab C\u2019est un immense honneur pour Share Africa d\u2019avoir pu nouer des partenariats avec une maison de haute couture et des marques prestigieuses, afin d\u2019accompagner et de proposer des sessions de formation personnalis\u00e9es aux laur\u00e9ats. Ces derniers repr\u00e9sentent en effet un vivier de talents et de cr\u00e9ativit\u00e9. Et le grand d\u00e9fil\u00e9 du vendredi 16 septembre prochain, une s\u00e9quence finale qui entend conclure cette \u00e9dition 2022 avec audace et inventivit\u00e9. \u00bb<\/p>\n","protected":false},"excerpt":{"rendered":"<p>L\u2019association Share Africa a l\u2019honneur d\u2019annoncer la tenue du d\u00e9fil\u00e9 de cl\u00f4ture de la deuxi\u00e8me \u00e9dition du programme Africa Fashion Up, vendredi 16 septembre 2022 \u00e0 18h, \u00e0 l\u2019H\u00f4tel Salomon de Rothschild \u00e0 Paris. Le temps d\u2019une soir\u00e9e, ce lieu d\u2019exception abritera le grand d\u00e9fil\u00e9 permettant aux cinq jeunes cr\u00e9ateurs africains s\u00e9lectionn\u00e9s de pr\u00e9senter plusieurs pi\u00e8ces de leur collection. Parmi les partenaires de cette \u00e9dition 2022 figurent Balenciaga, Binance Charity, Galeries Lafayette, HEC Paris, Sisley et Karla Otto. Du c\u00f4t\u00e9 des m\u00e9dias, Trace, France M\u00e9dias Monde, Brut Afrique et 35\u00b0Nord accompagnent le projet. Le d\u00e9fil\u00e9 sera suivi d\u2019un d\u00eener de gala qui a re\u00e7u le soutien de l\u2019Africa Fashion Foundation, d\u2019Ank Impact Ventures et de Rainbow.<\/p>\n","protected":false},"author":12963,"featured_media":16443,"comment_status":"open","ping_status":"open","sticky":false,"template":"","format":"standard","meta":{"footnotes":""},"categories":[57,63],"tags":[78,95,94],"class_list":{"0":"post-16446","1":"post","2":"type-post","3":"status-publish","4":"format-standard","5":"has-post-thumbnail","7":"category-mode","8":"category-mode-de-vie","9":"tag-apie-project-2","10":"tag-mode","11":"tag-mode-de-vie"},"yoast_head":"<!-- This site is optimized with the Yoast SEO plugin v24.4 - https:\/\/yoast.com\/wordpress\/plugins\/seo\/ -->\n<title>Le grand d\u00e9fil\u00e9 Africa Fashion Up se tiendra le vendredi 16 septembre 2022 \u00e0 l\u2019H\u00f4tel Salomon de Rothschild - APIE NEWS<\/title>\n<meta name=\"robots\" content=\"index, follow, max-snippet:-1, max-image-preview:large, max-video-preview:-1\" \/>\n<link rel=\"canonical\" href=\"https:\/\/appsaf.apieproject.com\/news\/fr\/2022\/09\/14\/le-grand-defile-africa-fashion-up-se-tiendra-le-vendredi-16-septembre-2022-a-lhotel-salomon-de-rothschild\/\" \/>\n<meta property=\"og:locale\" content=\"fr_FR\" \/>\n<meta property=\"og:type\" content=\"article\" \/>\n<meta property=\"og:title\" content=\"Le grand d\u00e9fil\u00e9 Africa Fashion Up se tiendra le vendredi 16 septembre 2022 \u00e0 l\u2019H\u00f4tel Salomon de Rothschild - APIE NEWS\" \/>\n<meta property=\"og:description\" content=\"L\u2019association Share Africa a l\u2019honneur d\u2019annoncer la tenue du d\u00e9fil\u00e9 de cl\u00f4ture de la deuxi\u00e8me \u00e9dition du programme Africa Fashion Up, vendredi 16 septembre 2022 \u00e0 18h, \u00e0 l\u2019H\u00f4tel Salomon de Rothschild \u00e0 Paris. Le temps d\u2019une soir\u00e9e, ce lieu d\u2019exception abritera le grand d\u00e9fil\u00e9 permettant aux cinq jeunes cr\u00e9ateurs africains s\u00e9lectionn\u00e9s de pr\u00e9senter plusieurs pi\u00e8ces de leur collection. Parmi les partenaires de cette \u00e9dition 2022 figurent Balenciaga, Binance Charity, Galeries Lafayette, HEC Paris, Sisley et Karla Otto. Du c\u00f4t\u00e9 des m\u00e9dias, Trace, France M\u00e9dias Monde, Brut Afrique et 35\u00b0Nord accompagnent le projet. Le d\u00e9fil\u00e9 sera suivi d\u2019un d\u00eener de gala qui a re\u00e7u le soutien de l\u2019Africa Fashion Foundation, d\u2019Ank Impact Ventures et de Rainbow.\" \/>\n<meta property=\"og:url\" content=\"https:\/\/appsaf.apieproject.com\/news\/fr\/2022\/09\/14\/le-grand-defile-africa-fashion-up-se-tiendra-le-vendredi-16-septembre-2022-a-lhotel-salomon-de-rothschild\/\" \/>\n<meta property=\"og:site_name\" content=\"APIE NEWS\" \/>\n<meta property=\"article:publisher\" content=\"https:\/\/facebook.com\/apieproject\" \/>\n<meta property=\"article:published_time\" content=\"2022-09-14T05:40:00+00:00\" \/>\n<meta property=\"article:modified_time\" content=\"2022-09-14T05:40:01+00:00\" \/>\n<meta property=\"og:image\" content=\"https:\/\/appsaf.apieproject.com\/news\/wp-content\/uploads\/sites\/29\/2022\/09\/0709-100933-le-grand-defile-africa-fashion-up-se-tiendra-le-vendredi-16-septembre-2022-a-l-hotel-salomon-de-rothschild_M-aaa0c7d2eedc39acb6ad70c067c602e3.jpg\" \/>\n\t<meta property=\"og:image:width\" content=\"450\" \/>\n\t<meta property=\"og:image:height\" content=\"308\" \/>\n\t<meta property=\"og:image:type\" content=\"image\/jpeg\" \/>\n<meta name=\"author\" content=\"staff\" \/>\n<meta name=\"twitter:card\" content=\"summary_large_image\" \/>\n<meta name=\"twitter:creator\" content=\"@apieproject\" \/>\n<meta name=\"twitter:site\" content=\"@apieproject\" \/>\n<meta name=\"twitter:label1\" content=\"\u00c9crit par\" \/>\n\t<meta name=\"twitter:data1\" content=\"staff\" \/>\n\t<meta name=\"twitter:label2\" content=\"Dur\u00e9e de lecture estim\u00e9e\" \/>\n\t<meta name=\"twitter:data2\" content=\"3 minutes\" \/>\n<script type=\"application\/ld+json\" class=\"yoast-schema-graph\">{\"@context\":\"https:\/\/schema.org\",\"@graph\":[{\"@type\":\"Article\",\"@id\":\"https:\/\/appsaf.apieproject.com\/news\/fr\/2022\/09\/14\/le-grand-defile-africa-fashion-up-se-tiendra-le-vendredi-16-septembre-2022-a-lhotel-salomon-de-rothschild\/#article\",\"isPartOf\":{\"@id\":\"https:\/\/appsaf.apieproject.com\/news\/fr\/2022\/09\/14\/le-grand-defile-africa-fashion-up-se-tiendra-le-vendredi-16-septembre-2022-a-lhotel-salomon-de-rothschild\/\"},\"author\":{\"name\":\"staff\",\"@id\":\"https:\/\/appsaf.apieproject.com\/news\/#\/schema\/person\/399517cac378948cd7b39086f9ddc2a7\"},\"headline\":\"Le grand d\u00e9fil\u00e9 Africa Fashion Up se tiendra le vendredi 16 septembre 2022 \u00e0 l\u2019H\u00f4tel Salomon de Rothschild\",\"datePublished\":\"2022-09-14T05:40:00+00:00\",\"dateModified\":\"2022-09-14T05:40:01+00:00\",\"mainEntityOfPage\":{\"@id\":\"https:\/\/appsaf.apieproject.com\/news\/fr\/2022\/09\/14\/le-grand-defile-africa-fashion-up-se-tiendra-le-vendredi-16-septembre-2022-a-lhotel-salomon-de-rothschild\/\"},\"wordCount\":501,\"commentCount\":0,\"publisher\":{\"@id\":\"https:\/\/appsaf.apieproject.com\/news\/#organization\"},\"image\":{\"@id\":\"https:\/\/appsaf.apieproject.com\/news\/fr\/2022\/09\/14\/le-grand-defile-africa-fashion-up-se-tiendra-le-vendredi-16-septembre-2022-a-lhotel-salomon-de-rothschild\/#primaryimage\"},\"thumbnailUrl\":\"https:\/\/appsaf.apieproject.com\/news\/wp-content\/uploads\/sites\/29\/2022\/09\/0709-100933-le-grand-defile-africa-fashion-up-se-tiendra-le-vendredi-16-septembre-2022-a-l-hotel-salomon-de-rothschild_M-aaa0c7d2eedc39acb6ad70c067c602e3.jpg\",\"keywords\":[\"apie project\",\"mode\",\"mode de vie\"],\"articleSection\":[\"Mode\",\"Mode de Vie\"],\"inLanguage\":\"fr-FR\",\"potentialAction\":[{\"@type\":\"CommentAction\",\"name\":\"Comment\",\"target\":[\"https:\/\/appsaf.apieproject.com\/news\/fr\/2022\/09\/14\/le-grand-defile-africa-fashion-up-se-tiendra-le-vendredi-16-septembre-2022-a-lhotel-salomon-de-rothschild\/#respond\"]}]},{\"@type\":\"WebPage\",\"@id\":\"https:\/\/appsaf.apieproject.com\/news\/fr\/2022\/09\/14\/le-grand-defile-africa-fashion-up-se-tiendra-le-vendredi-16-septembre-2022-a-lhotel-salomon-de-rothschild\/\",\"url\":\"https:\/\/appsaf.apieproject.com\/news\/fr\/2022\/09\/14\/le-grand-defile-africa-fashion-up-se-tiendra-le-vendredi-16-septembre-2022-a-lhotel-salomon-de-rothschild\/\",\"name\":\"Le grand d\u00e9fil\u00e9 Africa Fashion Up se tiendra le vendredi 16 septembre 2022 \u00e0 l\u2019H\u00f4tel Salomon de Rothschild - APIE NEWS\",\"isPartOf\":{\"@id\":\"https:\/\/appsaf.apieproject.com\/news\/#website\"},\"primaryImageOfPage\":{\"@id\":\"https:\/\/appsaf.apieproject.com\/news\/fr\/2022\/09\/14\/le-grand-defile-africa-fashion-up-se-tiendra-le-vendredi-16-septembre-2022-a-lhotel-salomon-de-rothschild\/#primaryimage\"},\"image\":{\"@id\":\"https:\/\/appsaf.apieproject.com\/news\/fr\/2022\/09\/14\/le-grand-defile-africa-fashion-up-se-tiendra-le-vendredi-16-septembre-2022-a-lhotel-salomon-de-rothschild\/#primaryimage\"},\"thumbnailUrl\":\"https:\/\/appsaf.apieproject.com\/news\/wp-content\/uploads\/sites\/29\/2022\/09\/0709-100933-le-grand-defile-africa-fashion-up-se-tiendra-le-vendredi-16-septembre-2022-a-l-hotel-salomon-de-rothschild_M-aaa0c7d2eedc39acb6ad70c067c602e3.jpg\",\"datePublished\":\"2022-09-14T05:40:00+00:00\",\"dateModified\":\"2022-09-14T05:40:01+00:00\",\"breadcrumb\":{\"@id\":\"https:\/\/appsaf.apieproject.com\/news\/fr\/2022\/09\/14\/le-grand-defile-africa-fashion-up-se-tiendra-le-vendredi-16-septembre-2022-a-lhotel-salomon-de-rothschild\/#breadcrumb\"},\"inLanguage\":\"fr-FR\",\"potentialAction\":[{\"@type\":\"ReadAction\",\"target\":[\"https:\/\/appsaf.apieproject.com\/news\/fr\/2022\/09\/14\/le-grand-defile-africa-fashion-up-se-tiendra-le-vendredi-16-septembre-2022-a-lhotel-salomon-de-rothschild\/\"]}]},{\"@type\":\"ImageObject\",\"inLanguage\":\"fr-FR\",\"@id\":\"https:\/\/appsaf.apieproject.com\/news\/fr\/2022\/09\/14\/le-grand-defile-africa-fashion-up-se-tiendra-le-vendredi-16-septembre-2022-a-lhotel-salomon-de-rothschild\/#primaryimage\",\"url\":\"https:\/\/appsaf.apieproject.com\/news\/wp-content\/uploads\/sites\/29\/2022\/09\/0709-100933-le-grand-defile-africa-fashion-up-se-tiendra-le-vendredi-16-septembre-2022-a-l-hotel-salomon-de-rothschild_M-aaa0c7d2eedc39acb6ad70c067c602e3.jpg\",\"contentUrl\":\"https:\/\/appsaf.apieproject.com\/news\/wp-content\/uploads\/sites\/29\/2022\/09\/0709-100933-le-grand-defile-africa-fashion-up-se-tiendra-le-vendredi-16-septembre-2022-a-l-hotel-salomon-de-rothschild_M-aaa0c7d2eedc39acb6ad70c067c602e3.jpg\",\"width\":450,\"height\":308},{\"@type\":\"BreadcrumbList\",\"@id\":\"https:\/\/appsaf.apieproject.com\/news\/fr\/2022\/09\/14\/le-grand-defile-africa-fashion-up-se-tiendra-le-vendredi-16-septembre-2022-a-lhotel-salomon-de-rothschild\/#breadcrumb\",\"itemListElement\":[{\"@type\":\"ListItem\",\"position\":1,\"name\":\"Home\",\"item\":\"https:\/\/appsaf.apieproject.com\/news\/fr\/home\/\"},{\"@type\":\"ListItem\",\"position\":2,\"name\":\"Le grand d\u00e9fil\u00e9 Africa Fashion Up se tiendra le vendredi 16 septembre 2022 \u00e0 l\u2019H\u00f4tel Salomon de Rothschild\"}]},{\"@type\":\"WebSite\",\"@id\":\"https:\/\/appsaf.apieproject.com\/news\/#website\",\"url\":\"https:\/\/appsaf.apieproject.com\/news\/\",\"name\":\"APIE NEWS\",\"description\":\"PANAFRICANISM NEWS PORTAL\",\"publisher\":{\"@id\":\"https:\/\/appsaf.apieproject.com\/news\/#organization\"},\"potentialAction\":[{\"@type\":\"SearchAction\",\"target\":{\"@type\":\"EntryPoint\",\"urlTemplate\":\"https:\/\/appsaf.apieproject.com\/news\/?s={search_term_string}\"},\"query-input\":{\"@type\":\"PropertyValueSpecification\",\"valueRequired\":true,\"valueName\":\"search_term_string\"}}],\"inLanguage\":\"fr-FR\"},{\"@type\":\"Organization\",\"@id\":\"https:\/\/appsaf.apieproject.com\/news\/#organization\",\"name\":\"APIE PROJECT\",\"url\":\"https:\/\/appsaf.apieproject.com\/news\/\",\"logo\":{\"@type\":\"ImageObject\",\"inLanguage\":\"fr-FR\",\"@id\":\"https:\/\/appsaf.apieproject.com\/news\/#\/schema\/logo\/image\/\",\"url\":\"https:\/\/appsaf.apieproject.com\/news\/wp-content\/uploads\/sites\/29\/2022\/07\/logo-R-TransparentBackground.png\",\"contentUrl\":\"https:\/\/appsaf.apieproject.com\/news\/wp-content\/uploads\/sites\/29\/2022\/07\/logo-R-TransparentBackground.png\",\"width\":512,\"height\":512,\"caption\":\"APIE PROJECT\"},\"image\":{\"@id\":\"https:\/\/appsaf.apieproject.com\/news\/#\/schema\/logo\/image\/\"},\"sameAs\":[\"https:\/\/facebook.com\/apieproject\",\"https:\/\/x.com\/apieproject\"]},{\"@type\":\"Person\",\"@id\":\"https:\/\/appsaf.apieproject.com\/news\/#\/schema\/person\/399517cac378948cd7b39086f9ddc2a7\",\"name\":\"staff\",\"image\":{\"@type\":\"ImageObject\",\"inLanguage\":\"fr-FR\",\"@id\":\"https:\/\/appsaf.apieproject.com\/news\/#\/schema\/person\/image\/\",\"url\":\"https:\/\/secure.gravatar.com\/avatar\/5386283c5db150efe261184bd59f072a?s=96&d=mm&r=g\",\"contentUrl\":\"https:\/\/secure.gravatar.com\/avatar\/5386283c5db150efe261184bd59f072a?s=96&d=mm&r=g\",\"caption\":\"staff\"},\"url\":\"https:\/\/appsaf.apieproject.com\/news\/fr\/author\/staff\/\"}]}<\/script>\n<!-- \/ Yoast SEO plugin. -->","yoast_head_json":{"title":"Le grand d\u00e9fil\u00e9 Africa Fashion Up se tiendra le vendredi 16 septembre 2022 \u00e0 l\u2019H\u00f4tel Salomon de Rothschild - APIE NEWS","robots":{"index":"index","follow":"follow","max-snippet":"max-snippet:-1","max-image-preview":"max-image-preview:large","max-video-preview":"max-video-preview:-1"},"canonical":"https:\/\/appsaf.apieproject.com\/news\/fr\/2022\/09\/14\/le-grand-defile-africa-fashion-up-se-tiendra-le-vendredi-16-septembre-2022-a-lhotel-salomon-de-rothschild\/","og_locale":"fr_FR","og_type":"article","og_title":"Le grand d\u00e9fil\u00e9 Africa Fashion Up se tiendra le vendredi 16 septembre 2022 \u00e0 l\u2019H\u00f4tel Salomon de Rothschild - APIE NEWS","og_description":"L\u2019association Share Africa a l\u2019honneur d\u2019annoncer la tenue du d\u00e9fil\u00e9 de cl\u00f4ture de la deuxi\u00e8me \u00e9dition du programme Africa Fashion Up, vendredi 16 septembre 2022 \u00e0 18h, \u00e0 l\u2019H\u00f4tel Salomon de Rothschild \u00e0 Paris. Le temps d\u2019une soir\u00e9e, ce lieu d\u2019exception abritera le grand d\u00e9fil\u00e9 permettant aux cinq jeunes cr\u00e9ateurs africains s\u00e9lectionn\u00e9s de pr\u00e9senter plusieurs pi\u00e8ces de leur collection. Parmi les partenaires de cette \u00e9dition 2022 figurent Balenciaga, Binance Charity, Galeries Lafayette, HEC Paris, Sisley et Karla Otto. Du c\u00f4t\u00e9 des m\u00e9dias, Trace, France M\u00e9dias Monde, Brut Afrique et 35\u00b0Nord accompagnent le projet. Le d\u00e9fil\u00e9 sera suivi d\u2019un d\u00eener de gala qui a re\u00e7u le soutien de l\u2019Africa Fashion Foundation, d\u2019Ank Impact Ventures et de Rainbow.","og_url":"https:\/\/appsaf.apieproject.com\/news\/fr\/2022\/09\/14\/le-grand-defile-africa-fashion-up-se-tiendra-le-vendredi-16-septembre-2022-a-lhotel-salomon-de-rothschild\/","og_site_name":"APIE NEWS","article_publisher":"https:\/\/facebook.com\/apieproject","article_published_time":"2022-09-14T05:40:00+00:00","article_modified_time":"2022-09-14T05:40:01+00:00","og_image":[{"width":450,"height":308,"url":"https:\/\/appsaf.apieproject.com\/news\/wp-content\/uploads\/sites\/29\/2022\/09\/0709-100933-le-grand-defile-africa-fashion-up-se-tiendra-le-vendredi-16-septembre-2022-a-l-hotel-salomon-de-rothschild_M-aaa0c7d2eedc39acb6ad70c067c602e3.jpg","type":"image\/jpeg"}],"author":"staff","twitter_card":"summary_large_image","twitter_creator":"@apieproject","twitter_site":"@apieproject","twitter_misc":{"\u00c9crit par":"staff","Dur\u00e9e de lecture estim\u00e9e":"3 minutes"},"schema":{"@context":"https:\/\/schema.org","@graph":[{"@type":"Article","@id":"https:\/\/appsaf.apieproject.com\/news\/fr\/2022\/09\/14\/le-grand-defile-africa-fashion-up-se-tiendra-le-vendredi-16-septembre-2022-a-lhotel-salomon-de-rothschild\/#article","isPartOf":{"@id":"https:\/\/appsaf.apieproject.com\/news\/fr\/2022\/09\/14\/le-grand-defile-africa-fashion-up-se-tiendra-le-vendredi-16-septembre-2022-a-lhotel-salomon-de-rothschild\/"},"author":{"name":"staff","@id":"https:\/\/appsaf.apieproject.com\/news\/#\/schema\/person\/399517cac378948cd7b39086f9ddc2a7"},"headline":"Le grand d\u00e9fil\u00e9 Africa Fashion Up se tiendra le vendredi 16 septembre 2022 \u00e0 l\u2019H\u00f4tel Salomon de Rothschild","datePublished":"2022-09-14T05:40:00+00:00","dateModified":"2022-09-14T05:40:01+00:00","mainEntityOfPage":{"@id":"https:\/\/appsaf.apieproject.com\/news\/fr\/2022\/09\/14\/le-grand-defile-africa-fashion-up-se-tiendra-le-vendredi-16-septembre-2022-a-lhotel-salomon-de-rothschild\/"},"wordCount":501,"commentCount":0,"publisher":{"@id":"https:\/\/appsaf.apieproject.com\/news\/#organization"},"image":{"@id":"https:\/\/appsaf.apieproject.com\/news\/fr\/2022\/09\/14\/le-grand-defile-africa-fashion-up-se-tiendra-le-vendredi-16-septembre-2022-a-lhotel-salomon-de-rothschild\/#primaryimage"},"thumbnailUrl":"https:\/\/appsaf.apieproject.com\/news\/wp-content\/uploads\/sites\/29\/2022\/09\/0709-100933-le-grand-defile-africa-fashion-up-se-tiendra-le-vendredi-16-septembre-2022-a-l-hotel-salomon-de-rothschild_M-aaa0c7d2eedc39acb6ad70c067c602e3.jpg","keywords":["apie project","mode","mode de vie"],"articleSection":["Mode","Mode de Vie"],"inLanguage":"fr-FR","potentialAction":[{"@type":"CommentAction","name":"Comment","target":["https:\/\/appsaf.apieproject.com\/news\/fr\/2022\/09\/14\/le-grand-defile-africa-fashion-up-se-tiendra-le-vendredi-16-septembre-2022-a-lhotel-salomon-de-rothschild\/#respond"]}]},{"@type":"WebPage","@id":"https:\/\/appsaf.apieproject.com\/news\/fr\/2022\/09\/14\/le-grand-defile-africa-fashion-up-se-tiendra-le-vendredi-16-septembre-2022-a-lhotel-salomon-de-rothschild\/","url":"https:\/\/appsaf.apieproject.com\/news\/fr\/2022\/09\/14\/le-grand-defile-africa-fashion-up-se-tiendra-le-vendredi-16-septembre-2022-a-lhotel-salomon-de-rothschild\/","name":"Le grand d\u00e9fil\u00e9 Africa Fashion Up se tiendra le vendredi 16 septembre 2022 \u00e0 l\u2019H\u00f4tel Salomon de Rothschild - APIE NEWS","isPartOf":{"@id":"https:\/\/appsaf.apieproject.com\/news\/#website"},"primaryImageOfPage":{"@id":"https:\/\/appsaf.apieproject.com\/news\/fr\/2022\/09\/14\/le-grand-defile-africa-fashion-up-se-tiendra-le-vendredi-16-septembre-2022-a-lhotel-salomon-de-rothschild\/#primaryimage"},"image":{"@id":"https:\/\/appsaf.apieproject.com\/news\/fr\/2022\/09\/14\/le-grand-defile-africa-fashion-up-se-tiendra-le-vendredi-16-septembre-2022-a-lhotel-salomon-de-rothschild\/#primaryimage"},"thumbnailUrl":"https:\/\/appsaf.apieproject.com\/news\/wp-content\/uploads\/sites\/29\/2022\/09\/0709-100933-le-grand-defile-africa-fashion-up-se-tiendra-le-vendredi-16-septembre-2022-a-l-hotel-salomon-de-rothschild_M-aaa0c7d2eedc39acb6ad70c067c602e3.jpg","datePublished":"2022-09-14T05:40:00+00:00","dateModified":"2022-09-14T05:40:01+00:00","breadcrumb":{"@id":"https:\/\/appsaf.apieproject.com\/news\/fr\/2022\/09\/14\/le-grand-defile-africa-fashion-up-se-tiendra-le-vendredi-16-septembre-2022-a-lhotel-salomon-de-rothschild\/#breadcrumb"},"inLanguage":"fr-FR","potentialAction":[{"@type":"ReadAction","target":["https:\/\/appsaf.apieproject.com\/news\/fr\/2022\/09\/14\/le-grand-defile-africa-fashion-up-se-tiendra-le-vendredi-16-septembre-2022-a-lhotel-salomon-de-rothschild\/"]}]},{"@type":"ImageObject","inLanguage":"fr-FR","@id":"https:\/\/appsaf.apieproject.com\/news\/fr\/2022\/09\/14\/le-grand-defile-africa-fashion-up-se-tiendra-le-vendredi-16-septembre-2022-a-lhotel-salomon-de-rothschild\/#primaryimage","url":"https:\/\/appsaf.apieproject.com\/news\/wp-content\/uploads\/sites\/29\/2022\/09\/0709-100933-le-grand-defile-africa-fashion-up-se-tiendra-le-vendredi-16-septembre-2022-a-l-hotel-salomon-de-rothschild_M-aaa0c7d2eedc39acb6ad70c067c602e3.jpg","contentUrl":"https:\/\/appsaf.apieproject.com\/news\/wp-content\/uploads\/sites\/29\/2022\/09\/0709-100933-le-grand-defile-africa-fashion-up-se-tiendra-le-vendredi-16-septembre-2022-a-l-hotel-salomon-de-rothschild_M-aaa0c7d2eedc39acb6ad70c067c602e3.jpg","width":450,"height":308},{"@type":"BreadcrumbList","@id":"https:\/\/appsaf.apieproject.com\/news\/fr\/2022\/09\/14\/le-grand-defile-africa-fashion-up-se-tiendra-le-vendredi-16-septembre-2022-a-lhotel-salomon-de-rothschild\/#breadcrumb","itemListElement":[{"@type":"ListItem","position":1,"name":"Home","item":"https:\/\/appsaf.apieproject.com\/news\/fr\/home\/"},{"@type":"ListItem","position":2,"name":"Le grand d\u00e9fil\u00e9 Africa Fashion Up se tiendra le vendredi 16 septembre 2022 \u00e0 l\u2019H\u00f4tel Salomon de Rothschild"}]},{"@type":"WebSite","@id":"https:\/\/appsaf.apieproject.com\/news\/#website","url":"https:\/\/appsaf.apieproject.com\/news\/","name":"APIE NEWS","description":"PANAFRICANISM NEWS PORTAL","publisher":{"@id":"https:\/\/appsaf.apieproject.com\/news\/#organization"},"potentialAction":[{"@type":"SearchAction","target":{"@type":"EntryPoint","urlTemplate":"https:\/\/appsaf.apieproject.com\/news\/?s={search_term_string}"},"query-input":{"@type":"PropertyValueSpecification","valueRequired":true,"valueName":"search_term_string"}}],"inLanguage":"fr-FR"},{"@type":"Organization","@id":"https:\/\/appsaf.apieproject.com\/news\/#organization","name":"APIE PROJECT","url":"https:\/\/appsaf.apieproject.com\/news\/","logo":{"@type":"ImageObject","inLanguage":"fr-FR","@id":"https:\/\/appsaf.apieproject.com\/news\/#\/schema\/logo\/image\/","url":"https:\/\/appsaf.apieproject.com\/news\/wp-content\/uploads\/sites\/29\/2022\/07\/logo-R-TransparentBackground.png","contentUrl":"https:\/\/appsaf.apieproject.com\/news\/wp-content\/uploads\/sites\/29\/2022\/07\/logo-R-TransparentBackground.png","width":512,"height":512,"caption":"APIE PROJECT"},"image":{"@id":"https:\/\/appsaf.apieproject.com\/news\/#\/schema\/logo\/image\/"},"sameAs":["https:\/\/facebook.com\/apieproject","https:\/\/x.com\/apieproject"]},{"@type":"Person","@id":"https:\/\/appsaf.apieproject.com\/news\/#\/schema\/person\/399517cac378948cd7b39086f9ddc2a7","name":"staff","image":{"@type":"ImageObject","inLanguage":"fr-FR","@id":"https:\/\/appsaf.apieproject.com\/news\/#\/schema\/person\/image\/","url":"https:\/\/secure.gravatar.com\/avatar\/5386283c5db150efe261184bd59f072a?s=96&d=mm&r=g","contentUrl":"https:\/\/secure.gravatar.com\/avatar\/5386283c5db150efe261184bd59f072a?s=96&d=mm&r=g","caption":"staff"},"url":"https:\/\/appsaf.apieproject.com\/news\/fr\/author\/staff\/"}]}},"_links":{"self":[{"href":"https:\/\/appsaf.apieproject.com\/news\/fr\/wp-json\/wp\/v2\/posts\/16446","targetHints":{"allow":["GET"]}}],"collection":[{"href":"https:\/\/appsaf.apieproject.com\/news\/fr\/wp-json\/wp\/v2\/posts"}],"about":[{"href":"https:\/\/appsaf.apieproject.com\/news\/fr\/wp-json\/wp\/v2\/types\/post"}],"author":[{"embeddable":true,"href":"https:\/\/appsaf.apieproject.com\/news\/fr\/wp-json\/wp\/v2\/users\/12963"}],"replies":[{"embeddable":true,"href":"https:\/\/appsaf.apieproject.com\/news\/fr\/wp-json\/wp\/v2\/comments?post=16446"}],"version-history":[{"count":1,"href":"https:\/\/appsaf.apieproject.com\/news\/fr\/wp-json\/wp\/v2\/posts\/16446\/revisions"}],"predecessor-version":[{"id":17050,"href":"https:\/\/appsaf.apieproject.com\/news\/fr\/wp-json\/wp\/v2\/posts\/16446\/revisions\/17050"}],"wp:featuredmedia":[{"embeddable":true,"href":"https:\/\/appsaf.apieproject.com\/news\/fr\/wp-json\/wp\/v2\/media\/16443"}],"wp:attachment":[{"href":"https:\/\/appsaf.apieproject.com\/news\/fr\/wp-json\/wp\/v2\/media?parent=16446"}],"wp:term":[{"taxonomy":"category","embeddable":true,"href":"https:\/\/appsaf.apieproject.com\/news\/fr\/wp-json\/wp\/v2\/categories?post=16446"},{"taxonomy":"post_tag","embeddable":true,"href":"https:\/\/appsaf.apieproject.com\/news\/fr\/wp-json\/wp\/v2\/tags?post=16446"}],"curies":[{"name":"wp","href":"https:\/\/api.w.org\/{rel}","templated":true}]}}