{"id":16587,"date":"2022-09-14T06:07:33","date_gmt":"2022-09-14T06:07:33","guid":{"rendered":"https:\/\/appsaf.apieproject.com\/news\/?p=16587"},"modified":"2022-09-14T06:07:36","modified_gmt":"2022-09-14T06:07:36","slug":"les-patrons-envoient-le-zouglou-ivoirien-au-zenith-pour-leurs-vingt-ans","status":"publish","type":"post","link":"https:\/\/appsaf.apieproject.com\/news\/fr\/2022\/09\/14\/les-patrons-envoient-le-zouglou-ivoirien-au-zenith-pour-leurs-vingt-ans\/","title":{"rendered":"Les Patrons envoient le zouglou ivoirien au Z\u00e9nith pour leurs vingt ans"},"content":{"rendered":"<p>Le rendez-vous a \u00e9t\u00e9 pris de longue date. D\u00e8s novembre 2021, alors qu\u2019ils venaient de commercialiser leur album Tr\u00e9sor, Les Patrons annon\u00e7aient ce qui constitue un des points d\u2019orgue des c\u00e9l\u00e9brations de leur vingti\u00e8me ann\u00e9e d\u2019existence en 2022 : un concert au Z\u00e9nith de Paris. L\u2019\u00e9v\u00e9nement est loin d\u2019\u00eatre anodin aux yeux du duo abidjanais : jouer dans cette salle, \u00ab\u00a0pour quelqu\u2019un qui a des ambitions, quelqu\u2019un qui adore franchir des \u00e9tapes, c\u2019est toujours un challenge. M\u00eame quand on a trente ou quarante ans\u00a0\u00bb, estime \u00c9ric Yahou. Avec son complice Clem\u2019so, en compagnie duquel il explique \u00ab\u00a0avoir toujours aspir\u00e9 \u00e0 faire mieux\u00a0\u00bb, il n\u2019h\u00e9site pas \u00e0 parler de \u00ab\u00a0r\u00eave\u00a0\u00bb qui se r\u00e9alise.<\/p>\n<p>Fid\u00e8les \u00e0 cette \u00ab\u00a0philosophie zougloutique\u00a0\u00bb dont ils se r\u00e9clament, et qui leur fait endosser le r\u00f4le de \u00ab\u00a0voix des sans-voix\u00a0\u00bb, comme ils le disent eux-m\u00eames, ils ont voulu placer cette soir\u00e9e symbolique du 10 septembre sous un sceau qui d\u00e9passe leur seul anniversaire, aussi marquant soit-il. \u00ab\u00a0Nous sommes en qu\u00eate perp\u00e9tuelle de paix et de coh\u00e9sion sociale. Les Ivoiriens doivent pouvoir se retrouver au-del\u00e0 des crises que nous avons travers\u00e9es. On veut montrer \u00e0 l\u2019Afrique et au monde entier qu\u2019on peut aller vers la paix en passant par la culture qui est un moyen important de d\u00e9veloppement\u00a0\u00bb, assure le porte-parole des Patrons, qui rappelle que \u00ab\u00a0chacun a perdu quelqu\u2019un, chacun a eu mal\u00a0\u00bb dans cette guerre civile qui a oppos\u00e9 ses compatriotes pendant pr\u00e8s d\u2019une d\u00e9cennie et a pris fin en 2011.<\/p>\n<p>\u00ab\u00a0Ce ne sont pas les religions ni les partis politiques qui vont nous emp\u00eacher de festoyer ensemble. Et si nous arrivons \u00e0 le faire alors que nous venons de diff\u00e9rentes ethnies, avec diff\u00e9rentes croyances, c\u2019est aussi une forme de paix\u00a0\u00bb, poursuit-il. Illustration de cette dimension quasi politique sinon patriotique dans laquelle elle s\u2019inscrit, la soir\u00e9e a \u00e9t\u00e9 renomm\u00e9e \u00ab\u00a0Z\u00e9nith de la C\u00f4te-d\u2019Ivoire\u00a0\u00bb.<\/p>\n<p>Pour mettre en coh\u00e9rence paroles et actes, mais aussi parce qu\u2019il s\u2019agit de partager un moment fort de leur carri\u00e8re, les deux chanteurs ont tenu \u00e0 inviter des artistes qui leur sont chers, \u00e0 l\u2019image de Magic System. Les stars internationales du zouglou sont \u00ab\u00a0leurs parrains artistiques\u00a0\u00bb, soulignent-ils, mettant en avant le soutien constant et infaillible de la bande d\u2019A\u2019salfo depuis leurs d\u00e9buts. Ce sont eux qui leur avaient permis de jouer \u00e0 l\u2019Olympia, autre salle parisienne mythique, en premi\u00e8re partie de leur concert en 2014.<\/p>\n<p>\u00c0 leurs c\u00f4t\u00e9s, il y a aura aussi l\u2019ex-footballeur Gadji Celi, devenu chanteur \u00e0 succ\u00e8s apr\u00e8s avoir raccroch\u00e9 ses crampons, Roseline Layo aujourd\u2019hui tr\u00e8s en vue \u00e0 Abidjan, ou encore le tr\u00e8s populaire duo Yod\u00e9 et Siro, qui a contribu\u00e9 \u00e0 \u00e9crire l\u2019histoire du zouglou depuis pr\u00e8s de 25 ans, mais aussi Aboutou Roots, Espoirs 2000&#8230; La liste ne se limite pas aux Ivoiriens : le Burkinab\u00e9 Flobby devrait \u00e9galement \u00eatre pr\u00e9sent, tandis que le ma\u00eetre de la kora, le Malien Toumani Diabat\u00e9, a donn\u00e9 son accord de principe, lui qui est intervenu sur le r\u00e9cent titre Pas \u00e7a des Patrons.<\/p>\n<p>Accompagn\u00e9s par l\u2019orchestre La Magie, avec lequel ils se produisent depuis de nombreuses ann\u00e9es en live et qui participe aux enregistrements en studio, \u00c9ric et Clem\u2019so ont \u00ab\u00a0pris le temps de se pr\u00e9parer le mieux possible\u00a0\u00bb pour relever le d\u00e9fi du Z\u00e9nith. Outre le \u00ab\u00a0travail de fond, les r\u00e9p\u00e9titions \u00e0 n\u2019en point finir pour parvenir \u00e0 quelque chose de tr\u00e8s proche de ce qu\u2019il y a sur les albums\u00a0\u00bb, ils reconnaissent avoir fourni \u00ab\u00a0un gros boulot de mise en sc\u00e8ne\u00a0\u00bb pour l\u2019occasion. \u00c0 20 heures, ils monteront sur sc\u00e8ne pour \u00ab\u00a0deux heures non-stop\u00a0\u00bb, au cours desquelles se succ\u00e9deront tous les titres forts de leur r\u00e9pertoire, depuis l\u2019album N\u00e8gre noir, il y a vingt ans, jusqu\u2019\u00e0 Tr\u00e9sor, qui a rafl\u00e9 plusieurs troph\u00e9es en 2022 et consacr\u00e9 un peu plus le duo. D\u2019Abidjan \u00e0 Paris, Les Patrons veulent faire briller l\u2019\u00e9toile zouglou.<\/p>\n","protected":false},"excerpt":{"rendered":"<p>En guise de cadeau d\u2019anniversaire, le duo ivoirien Les Patrons s\u2019offre un concert au Z\u00e9nith de Paris ce 10 septembre, non seulement pour c\u00e9l\u00e9brer 20 ans de carri\u00e8re au rythme du zouglou mais aussi avec l\u2019intention de jouer la carte de la r\u00e9conciliation et de la paix. De nombreux invit\u00e9s, de Magic System \u00e0 Toumani Diabat\u00e9, sont annonc\u00e9s pour cette soir\u00e9e exceptionnelle.<\/p>\n","protected":false},"author":12963,"featured_media":16584,"comment_status":"open","ping_status":"open","sticky":false,"template":"","format":"standard","meta":{"footnotes":""},"categories":[55,65],"tags":[78,88,91],"class_list":{"0":"post-16587","1":"post","2":"type-post","3":"status-publish","4":"format-standard","5":"has-post-thumbnail","7":"category-divertissement","8":"category-musique","9":"tag-apie-project-2","10":"tag-divertissement","11":"tag-musique"},"yoast_head":"<!-- This site is optimized with the Yoast SEO plugin v24.4 - https:\/\/yoast.com\/wordpress\/plugins\/seo\/ -->\n<title>Les Patrons envoient le zouglou ivoirien au Z\u00e9nith pour leurs vingt ans - APIE NEWS<\/title>\n<meta name=\"robots\" content=\"index, follow, max-snippet:-1, max-image-preview:large, max-video-preview:-1\" \/>\n<link rel=\"canonical\" href=\"https:\/\/appsaf.apieproject.com\/news\/fr\/2022\/09\/14\/les-patrons-envoient-le-zouglou-ivoirien-au-zenith-pour-leurs-vingt-ans\/\" \/>\n<meta property=\"og:locale\" content=\"fr_FR\" \/>\n<meta property=\"og:type\" content=\"article\" \/>\n<meta property=\"og:title\" content=\"Les Patrons envoient le zouglou ivoirien au Z\u00e9nith pour leurs vingt ans - APIE NEWS\" \/>\n<meta property=\"og:description\" content=\"En guise de cadeau d\u2019anniversaire, le duo ivoirien Les Patrons s\u2019offre un concert au Z\u00e9nith de Paris ce 10 septembre, non seulement pour c\u00e9l\u00e9brer 20 ans de carri\u00e8re au rythme du zouglou mais aussi avec l\u2019intention de jouer la carte de la r\u00e9conciliation et de la paix. De nombreux invit\u00e9s, de Magic System \u00e0 Toumani Diabat\u00e9, sont annonc\u00e9s pour cette soir\u00e9e exceptionnelle.\" \/>\n<meta property=\"og:url\" content=\"https:\/\/appsaf.apieproject.com\/news\/fr\/2022\/09\/14\/les-patrons-envoient-le-zouglou-ivoirien-au-zenith-pour-leurs-vingt-ans\/\" \/>\n<meta property=\"og:site_name\" content=\"APIE NEWS\" \/>\n<meta property=\"article:publisher\" content=\"https:\/\/facebook.com\/apieproject\" \/>\n<meta property=\"article:published_time\" content=\"2022-09-14T06:07:33+00:00\" \/>\n<meta property=\"article:modified_time\" content=\"2022-09-14T06:07:36+00:00\" \/>\n<meta property=\"og:image\" content=\"https:\/\/appsaf.apieproject.com\/news\/wp-content\/uploads\/sites\/29\/2022\/09\/les_patrons_okok-ffdda659340633c4ce13c8df1dcae33f.png\" \/>\n\t<meta property=\"og:image:width\" content=\"982\" \/>\n\t<meta property=\"og:image:height\" content=\"552\" \/>\n\t<meta property=\"og:image:type\" content=\"image\/png\" \/>\n<meta name=\"author\" content=\"staff\" \/>\n<meta name=\"twitter:card\" content=\"summary_large_image\" \/>\n<meta name=\"twitter:creator\" content=\"@apieproject\" \/>\n<meta name=\"twitter:site\" content=\"@apieproject\" \/>\n<meta name=\"twitter:label1\" content=\"\u00c9crit par\" \/>\n\t<meta name=\"twitter:data1\" content=\"staff\" \/>\n\t<meta name=\"twitter:label2\" content=\"Dur\u00e9e de lecture estim\u00e9e\" \/>\n\t<meta name=\"twitter:data2\" content=\"4 minutes\" \/>\n<script type=\"application\/ld+json\" class=\"yoast-schema-graph\">{\"@context\":\"https:\/\/schema.org\",\"@graph\":[{\"@type\":\"Article\",\"@id\":\"https:\/\/appsaf.apieproject.com\/news\/fr\/2022\/09\/14\/les-patrons-envoient-le-zouglou-ivoirien-au-zenith-pour-leurs-vingt-ans\/#article\",\"isPartOf\":{\"@id\":\"https:\/\/appsaf.apieproject.com\/news\/fr\/2022\/09\/14\/les-patrons-envoient-le-zouglou-ivoirien-au-zenith-pour-leurs-vingt-ans\/\"},\"author\":{\"name\":\"staff\",\"@id\":\"https:\/\/appsaf.apieproject.com\/news\/#\/schema\/person\/399517cac378948cd7b39086f9ddc2a7\"},\"headline\":\"Les Patrons envoient le zouglou ivoirien au Z\u00e9nith pour leurs vingt ans\",\"datePublished\":\"2022-09-14T06:07:33+00:00\",\"dateModified\":\"2022-09-14T06:07:36+00:00\",\"mainEntityOfPage\":{\"@id\":\"https:\/\/appsaf.apieproject.com\/news\/fr\/2022\/09\/14\/les-patrons-envoient-le-zouglou-ivoirien-au-zenith-pour-leurs-vingt-ans\/\"},\"wordCount\":714,\"commentCount\":0,\"publisher\":{\"@id\":\"https:\/\/appsaf.apieproject.com\/news\/#organization\"},\"image\":{\"@id\":\"https:\/\/appsaf.apieproject.com\/news\/fr\/2022\/09\/14\/les-patrons-envoient-le-zouglou-ivoirien-au-zenith-pour-leurs-vingt-ans\/#primaryimage\"},\"thumbnailUrl\":\"https:\/\/appsaf.apieproject.com\/news\/wp-content\/uploads\/sites\/29\/2022\/09\/les_patrons_okok-ffdda659340633c4ce13c8df1dcae33f.png\",\"keywords\":[\"apie project\",\"divertissement\",\"musique\"],\"articleSection\":[\"Divertissement\",\"Musique\"],\"inLanguage\":\"fr-FR\",\"potentialAction\":[{\"@type\":\"CommentAction\",\"name\":\"Comment\",\"target\":[\"https:\/\/appsaf.apieproject.com\/news\/fr\/2022\/09\/14\/les-patrons-envoient-le-zouglou-ivoirien-au-zenith-pour-leurs-vingt-ans\/#respond\"]}]},{\"@type\":\"WebPage\",\"@id\":\"https:\/\/appsaf.apieproject.com\/news\/fr\/2022\/09\/14\/les-patrons-envoient-le-zouglou-ivoirien-au-zenith-pour-leurs-vingt-ans\/\",\"url\":\"https:\/\/appsaf.apieproject.com\/news\/fr\/2022\/09\/14\/les-patrons-envoient-le-zouglou-ivoirien-au-zenith-pour-leurs-vingt-ans\/\",\"name\":\"Les Patrons envoient le zouglou ivoirien au Z\u00e9nith pour leurs vingt ans - APIE NEWS\",\"isPartOf\":{\"@id\":\"https:\/\/appsaf.apieproject.com\/news\/#website\"},\"primaryImageOfPage\":{\"@id\":\"https:\/\/appsaf.apieproject.com\/news\/fr\/2022\/09\/14\/les-patrons-envoient-le-zouglou-ivoirien-au-zenith-pour-leurs-vingt-ans\/#primaryimage\"},\"image\":{\"@id\":\"https:\/\/appsaf.apieproject.com\/news\/fr\/2022\/09\/14\/les-patrons-envoient-le-zouglou-ivoirien-au-zenith-pour-leurs-vingt-ans\/#primaryimage\"},\"thumbnailUrl\":\"https:\/\/appsaf.apieproject.com\/news\/wp-content\/uploads\/sites\/29\/2022\/09\/les_patrons_okok-ffdda659340633c4ce13c8df1dcae33f.png\",\"datePublished\":\"2022-09-14T06:07:33+00:00\",\"dateModified\":\"2022-09-14T06:07:36+00:00\",\"breadcrumb\":{\"@id\":\"https:\/\/appsaf.apieproject.com\/news\/fr\/2022\/09\/14\/les-patrons-envoient-le-zouglou-ivoirien-au-zenith-pour-leurs-vingt-ans\/#breadcrumb\"},\"inLanguage\":\"fr-FR\",\"potentialAction\":[{\"@type\":\"ReadAction\",\"target\":[\"https:\/\/appsaf.apieproject.com\/news\/fr\/2022\/09\/14\/les-patrons-envoient-le-zouglou-ivoirien-au-zenith-pour-leurs-vingt-ans\/\"]}]},{\"@type\":\"ImageObject\",\"inLanguage\":\"fr-FR\",\"@id\":\"https:\/\/appsaf.apieproject.com\/news\/fr\/2022\/09\/14\/les-patrons-envoient-le-zouglou-ivoirien-au-zenith-pour-leurs-vingt-ans\/#primaryimage\",\"url\":\"https:\/\/appsaf.apieproject.com\/news\/wp-content\/uploads\/sites\/29\/2022\/09\/les_patrons_okok-ffdda659340633c4ce13c8df1dcae33f.png\",\"contentUrl\":\"https:\/\/appsaf.apieproject.com\/news\/wp-content\/uploads\/sites\/29\/2022\/09\/les_patrons_okok-ffdda659340633c4ce13c8df1dcae33f.png\",\"width\":982,\"height\":552},{\"@type\":\"BreadcrumbList\",\"@id\":\"https:\/\/appsaf.apieproject.com\/news\/fr\/2022\/09\/14\/les-patrons-envoient-le-zouglou-ivoirien-au-zenith-pour-leurs-vingt-ans\/#breadcrumb\",\"itemListElement\":[{\"@type\":\"ListItem\",\"position\":1,\"name\":\"Home\",\"item\":\"https:\/\/appsaf.apieproject.com\/news\/fr\/home\/\"},{\"@type\":\"ListItem\",\"position\":2,\"name\":\"Les Patrons envoient le zouglou ivoirien au Z\u00e9nith pour leurs vingt ans\"}]},{\"@type\":\"WebSite\",\"@id\":\"https:\/\/appsaf.apieproject.com\/news\/#website\",\"url\":\"https:\/\/appsaf.apieproject.com\/news\/\",\"name\":\"APIE NEWS\",\"description\":\"PANAFRICANISM NEWS PORTAL\",\"publisher\":{\"@id\":\"https:\/\/appsaf.apieproject.com\/news\/#organization\"},\"potentialAction\":[{\"@type\":\"SearchAction\",\"target\":{\"@type\":\"EntryPoint\",\"urlTemplate\":\"https:\/\/appsaf.apieproject.com\/news\/?s={search_term_string}\"},\"query-input\":{\"@type\":\"PropertyValueSpecification\",\"valueRequired\":true,\"valueName\":\"search_term_string\"}}],\"inLanguage\":\"fr-FR\"},{\"@type\":\"Organization\",\"@id\":\"https:\/\/appsaf.apieproject.com\/news\/#organization\",\"name\":\"APIE PROJECT\",\"url\":\"https:\/\/appsaf.apieproject.com\/news\/\",\"logo\":{\"@type\":\"ImageObject\",\"inLanguage\":\"fr-FR\",\"@id\":\"https:\/\/appsaf.apieproject.com\/news\/#\/schema\/logo\/image\/\",\"url\":\"https:\/\/appsaf.apieproject.com\/news\/wp-content\/uploads\/sites\/29\/2022\/07\/logo-R-TransparentBackground.png\",\"contentUrl\":\"https:\/\/appsaf.apieproject.com\/news\/wp-content\/uploads\/sites\/29\/2022\/07\/logo-R-TransparentBackground.png\",\"width\":512,\"height\":512,\"caption\":\"APIE PROJECT\"},\"image\":{\"@id\":\"https:\/\/appsaf.apieproject.com\/news\/#\/schema\/logo\/image\/\"},\"sameAs\":[\"https:\/\/facebook.com\/apieproject\",\"https:\/\/x.com\/apieproject\"]},{\"@type\":\"Person\",\"@id\":\"https:\/\/appsaf.apieproject.com\/news\/#\/schema\/person\/399517cac378948cd7b39086f9ddc2a7\",\"name\":\"staff\",\"image\":{\"@type\":\"ImageObject\",\"inLanguage\":\"fr-FR\",\"@id\":\"https:\/\/appsaf.apieproject.com\/news\/#\/schema\/person\/image\/\",\"url\":\"https:\/\/secure.gravatar.com\/avatar\/5386283c5db150efe261184bd59f072a?s=96&d=mm&r=g\",\"contentUrl\":\"https:\/\/secure.gravatar.com\/avatar\/5386283c5db150efe261184bd59f072a?s=96&d=mm&r=g\",\"caption\":\"staff\"},\"url\":\"https:\/\/appsaf.apieproject.com\/news\/fr\/author\/staff\/\"}]}<\/script>\n<!-- \/ Yoast SEO plugin. -->","yoast_head_json":{"title":"Les Patrons envoient le zouglou ivoirien au Z\u00e9nith pour leurs vingt ans - APIE NEWS","robots":{"index":"index","follow":"follow","max-snippet":"max-snippet:-1","max-image-preview":"max-image-preview:large","max-video-preview":"max-video-preview:-1"},"canonical":"https:\/\/appsaf.apieproject.com\/news\/fr\/2022\/09\/14\/les-patrons-envoient-le-zouglou-ivoirien-au-zenith-pour-leurs-vingt-ans\/","og_locale":"fr_FR","og_type":"article","og_title":"Les Patrons envoient le zouglou ivoirien au Z\u00e9nith pour leurs vingt ans - APIE NEWS","og_description":"En guise de cadeau d\u2019anniversaire, le duo ivoirien Les Patrons s\u2019offre un concert au Z\u00e9nith de Paris ce 10 septembre, non seulement pour c\u00e9l\u00e9brer 20 ans de carri\u00e8re au rythme du zouglou mais aussi avec l\u2019intention de jouer la carte de la r\u00e9conciliation et de la paix. De nombreux invit\u00e9s, de Magic System \u00e0 Toumani Diabat\u00e9, sont annonc\u00e9s pour cette soir\u00e9e exceptionnelle.","og_url":"https:\/\/appsaf.apieproject.com\/news\/fr\/2022\/09\/14\/les-patrons-envoient-le-zouglou-ivoirien-au-zenith-pour-leurs-vingt-ans\/","og_site_name":"APIE NEWS","article_publisher":"https:\/\/facebook.com\/apieproject","article_published_time":"2022-09-14T06:07:33+00:00","article_modified_time":"2022-09-14T06:07:36+00:00","og_image":[{"width":982,"height":552,"url":"https:\/\/appsaf.apieproject.com\/news\/wp-content\/uploads\/sites\/29\/2022\/09\/les_patrons_okok-ffdda659340633c4ce13c8df1dcae33f.png","type":"image\/png"}],"author":"staff","twitter_card":"summary_large_image","twitter_creator":"@apieproject","twitter_site":"@apieproject","twitter_misc":{"\u00c9crit par":"staff","Dur\u00e9e de lecture estim\u00e9e":"4 minutes"},"schema":{"@context":"https:\/\/schema.org","@graph":[{"@type":"Article","@id":"https:\/\/appsaf.apieproject.com\/news\/fr\/2022\/09\/14\/les-patrons-envoient-le-zouglou-ivoirien-au-zenith-pour-leurs-vingt-ans\/#article","isPartOf":{"@id":"https:\/\/appsaf.apieproject.com\/news\/fr\/2022\/09\/14\/les-patrons-envoient-le-zouglou-ivoirien-au-zenith-pour-leurs-vingt-ans\/"},"author":{"name":"staff","@id":"https:\/\/appsaf.apieproject.com\/news\/#\/schema\/person\/399517cac378948cd7b39086f9ddc2a7"},"headline":"Les Patrons envoient le zouglou ivoirien au Z\u00e9nith pour leurs vingt ans","datePublished":"2022-09-14T06:07:33+00:00","dateModified":"2022-09-14T06:07:36+00:00","mainEntityOfPage":{"@id":"https:\/\/appsaf.apieproject.com\/news\/fr\/2022\/09\/14\/les-patrons-envoient-le-zouglou-ivoirien-au-zenith-pour-leurs-vingt-ans\/"},"wordCount":714,"commentCount":0,"publisher":{"@id":"https:\/\/appsaf.apieproject.com\/news\/#organization"},"image":{"@id":"https:\/\/appsaf.apieproject.com\/news\/fr\/2022\/09\/14\/les-patrons-envoient-le-zouglou-ivoirien-au-zenith-pour-leurs-vingt-ans\/#primaryimage"},"thumbnailUrl":"https:\/\/appsaf.apieproject.com\/news\/wp-content\/uploads\/sites\/29\/2022\/09\/les_patrons_okok-ffdda659340633c4ce13c8df1dcae33f.png","keywords":["apie project","divertissement","musique"],"articleSection":["Divertissement","Musique"],"inLanguage":"fr-FR","potentialAction":[{"@type":"CommentAction","name":"Comment","target":["https:\/\/appsaf.apieproject.com\/news\/fr\/2022\/09\/14\/les-patrons-envoient-le-zouglou-ivoirien-au-zenith-pour-leurs-vingt-ans\/#respond"]}]},{"@type":"WebPage","@id":"https:\/\/appsaf.apieproject.com\/news\/fr\/2022\/09\/14\/les-patrons-envoient-le-zouglou-ivoirien-au-zenith-pour-leurs-vingt-ans\/","url":"https:\/\/appsaf.apieproject.com\/news\/fr\/2022\/09\/14\/les-patrons-envoient-le-zouglou-ivoirien-au-zenith-pour-leurs-vingt-ans\/","name":"Les Patrons envoient le zouglou ivoirien au Z\u00e9nith pour leurs vingt ans - APIE NEWS","isPartOf":{"@id":"https:\/\/appsaf.apieproject.com\/news\/#website"},"primaryImageOfPage":{"@id":"https:\/\/appsaf.apieproject.com\/news\/fr\/2022\/09\/14\/les-patrons-envoient-le-zouglou-ivoirien-au-zenith-pour-leurs-vingt-ans\/#primaryimage"},"image":{"@id":"https:\/\/appsaf.apieproject.com\/news\/fr\/2022\/09\/14\/les-patrons-envoient-le-zouglou-ivoirien-au-zenith-pour-leurs-vingt-ans\/#primaryimage"},"thumbnailUrl":"https:\/\/appsaf.apieproject.com\/news\/wp-content\/uploads\/sites\/29\/2022\/09\/les_patrons_okok-ffdda659340633c4ce13c8df1dcae33f.png","datePublished":"2022-09-14T06:07:33+00:00","dateModified":"2022-09-14T06:07:36+00:00","breadcrumb":{"@id":"https:\/\/appsaf.apieproject.com\/news\/fr\/2022\/09\/14\/les-patrons-envoient-le-zouglou-ivoirien-au-zenith-pour-leurs-vingt-ans\/#breadcrumb"},"inLanguage":"fr-FR","potentialAction":[{"@type":"ReadAction","target":["https:\/\/appsaf.apieproject.com\/news\/fr\/2022\/09\/14\/les-patrons-envoient-le-zouglou-ivoirien-au-zenith-pour-leurs-vingt-ans\/"]}]},{"@type":"ImageObject","inLanguage":"fr-FR","@id":"https:\/\/appsaf.apieproject.com\/news\/fr\/2022\/09\/14\/les-patrons-envoient-le-zouglou-ivoirien-au-zenith-pour-leurs-vingt-ans\/#primaryimage","url":"https:\/\/appsaf.apieproject.com\/news\/wp-content\/uploads\/sites\/29\/2022\/09\/les_patrons_okok-ffdda659340633c4ce13c8df1dcae33f.png","contentUrl":"https:\/\/appsaf.apieproject.com\/news\/wp-content\/uploads\/sites\/29\/2022\/09\/les_patrons_okok-ffdda659340633c4ce13c8df1dcae33f.png","width":982,"height":552},{"@type":"BreadcrumbList","@id":"https:\/\/appsaf.apieproject.com\/news\/fr\/2022\/09\/14\/les-patrons-envoient-le-zouglou-ivoirien-au-zenith-pour-leurs-vingt-ans\/#breadcrumb","itemListElement":[{"@type":"ListItem","position":1,"name":"Home","item":"https:\/\/appsaf.apieproject.com\/news\/fr\/home\/"},{"@type":"ListItem","position":2,"name":"Les Patrons envoient le zouglou ivoirien au Z\u00e9nith pour leurs vingt ans"}]},{"@type":"WebSite","@id":"https:\/\/appsaf.apieproject.com\/news\/#website","url":"https:\/\/appsaf.apieproject.com\/news\/","name":"APIE NEWS","description":"PANAFRICANISM NEWS PORTAL","publisher":{"@id":"https:\/\/appsaf.apieproject.com\/news\/#organization"},"potentialAction":[{"@type":"SearchAction","target":{"@type":"EntryPoint","urlTemplate":"https:\/\/appsaf.apieproject.com\/news\/?s={search_term_string}"},"query-input":{"@type":"PropertyValueSpecification","valueRequired":true,"valueName":"search_term_string"}}],"inLanguage":"fr-FR"},{"@type":"Organization","@id":"https:\/\/appsaf.apieproject.com\/news\/#organization","name":"APIE PROJECT","url":"https:\/\/appsaf.apieproject.com\/news\/","logo":{"@type":"ImageObject","inLanguage":"fr-FR","@id":"https:\/\/appsaf.apieproject.com\/news\/#\/schema\/logo\/image\/","url":"https:\/\/appsaf.apieproject.com\/news\/wp-content\/uploads\/sites\/29\/2022\/07\/logo-R-TransparentBackground.png","contentUrl":"https:\/\/appsaf.apieproject.com\/news\/wp-content\/uploads\/sites\/29\/2022\/07\/logo-R-TransparentBackground.png","width":512,"height":512,"caption":"APIE PROJECT"},"image":{"@id":"https:\/\/appsaf.apieproject.com\/news\/#\/schema\/logo\/image\/"},"sameAs":["https:\/\/facebook.com\/apieproject","https:\/\/x.com\/apieproject"]},{"@type":"Person","@id":"https:\/\/appsaf.apieproject.com\/news\/#\/schema\/person\/399517cac378948cd7b39086f9ddc2a7","name":"staff","image":{"@type":"ImageObject","inLanguage":"fr-FR","@id":"https:\/\/appsaf.apieproject.com\/news\/#\/schema\/person\/image\/","url":"https:\/\/secure.gravatar.com\/avatar\/5386283c5db150efe261184bd59f072a?s=96&d=mm&r=g","contentUrl":"https:\/\/secure.gravatar.com\/avatar\/5386283c5db150efe261184bd59f072a?s=96&d=mm&r=g","caption":"staff"},"url":"https:\/\/appsaf.apieproject.com\/news\/fr\/author\/staff\/"}]}},"_links":{"self":[{"href":"https:\/\/appsaf.apieproject.com\/news\/fr\/wp-json\/wp\/v2\/posts\/16587","targetHints":{"allow":["GET"]}}],"collection":[{"href":"https:\/\/appsaf.apieproject.com\/news\/fr\/wp-json\/wp\/v2\/posts"}],"about":[{"href":"https:\/\/appsaf.apieproject.com\/news\/fr\/wp-json\/wp\/v2\/types\/post"}],"author":[{"embeddable":true,"href":"https:\/\/appsaf.apieproject.com\/news\/fr\/wp-json\/wp\/v2\/users\/12963"}],"replies":[{"embeddable":true,"href":"https:\/\/appsaf.apieproject.com\/news\/fr\/wp-json\/wp\/v2\/comments?post=16587"}],"version-history":[{"count":1,"href":"https:\/\/appsaf.apieproject.com\/news\/fr\/wp-json\/wp\/v2\/posts\/16587\/revisions"}],"predecessor-version":[{"id":17077,"href":"https:\/\/appsaf.apieproject.com\/news\/fr\/wp-json\/wp\/v2\/posts\/16587\/revisions\/17077"}],"wp:featuredmedia":[{"embeddable":true,"href":"https:\/\/appsaf.apieproject.com\/news\/fr\/wp-json\/wp\/v2\/media\/16584"}],"wp:attachment":[{"href":"https:\/\/appsaf.apieproject.com\/news\/fr\/wp-json\/wp\/v2\/media?parent=16587"}],"wp:term":[{"taxonomy":"category","embeddable":true,"href":"https:\/\/appsaf.apieproject.com\/news\/fr\/wp-json\/wp\/v2\/categories?post=16587"},{"taxonomy":"post_tag","embeddable":true,"href":"https:\/\/appsaf.apieproject.com\/news\/fr\/wp-json\/wp\/v2\/tags?post=16587"}],"curies":[{"name":"wp","href":"https:\/\/api.w.org\/{rel}","templated":true}]}}