{"id":16599,"date":"2022-09-14T06:11:06","date_gmt":"2022-09-14T06:11:06","guid":{"rendered":"https:\/\/appsaf.apieproject.com\/news\/?p=16599"},"modified":"2022-09-14T06:11:07","modified_gmt":"2022-09-14T06:11:07","slug":"le-marche-africain-du-luxe-en-vitrine-aux-yeux-du-monde","status":"publish","type":"post","link":"https:\/\/appsaf.apieproject.com\/news\/fr\/2022\/09\/14\/le-marche-africain-du-luxe-en-vitrine-aux-yeux-du-monde\/","title":{"rendered":"Le march\u00e9 africain du luxe en vitrine aux yeux du monde"},"content":{"rendered":"<p>Faire conna\u00eetre des marques et produits de luxe \u00ab made in africa \u00bb pour des consommateurs africains, c\u2019est l\u2019un des objectifs que vise le forum du luxe en Afrique Francophone. Il s\u2019agit aussi de faire de cette initiative de la jeune femme d\u2019affaires franco-s\u00e9n\u00e9galaise, Hapsatou Doro, une plateforme de rencontre pour les entrepreneurs, patrons de concept stores, experts, acheteurs, porteurs de projets.<\/p>\n<p>Un nouveau march\u00e9 \u00e0 conqu\u00e9rir<\/p>\n<p>Si les professionnels du secteur du luxe africain s\u2019organisent c\u2019est que le terrain est propice \u00e0 une \u00e9mergence du secteur. La croissance \u00e9conomique de plusieurs pays ces derni\u00e8res ann\u00e9es et l\u2019essor d\u00e9mographique de l\u2019Afrique ont donn\u00e9 naissance \u00e0 une classe moyenne ais\u00e9e en expansion qui sous-tend la demande croissante de produits de luxe. L\u2019Afrique abrite aujourd\u2019hui au moins 130 000 millionnaires et 22 milliardaires en dollars am\u00e9ricains, selon l\u2019Africa Wealth Report 2021, de la banque mauricienne AfrAsia Bank.<\/p>\n<p>Le secteur du luxe africain \u00e9tait \u00e9valu\u00e9 \u00e0 6,1 milliards de dollars en 2018, et ce chiffre devrait augmenter de 30 % au cours des prochaines ann\u00e9es, pour atteindre 2 600 milliards de dollars d\u2019ici \u00e0 2030. Ce qui fait de l\u2019Afrique la deuxi\u00e8me r\u00e9gion du monde \u00e0 la croissance la plus rapide pour la consommation de produits de luxe, juste derri\u00e8re le Moyen-Orient.<\/p>\n<p>De grandes marques de luxe made in Africa ne sont pas encore connus mais \u00e7a ne saurait tarder pr\u00e9disent les acteurs du secteur.<\/p>\n<p>La R\u00e9daction (avec SB et CA)<\/p>\n<p>D\u00e9couvrez nos derni\u00e8res \u00e9tudes de march\u00e9 :<\/p>\n<p>BTP et l\u2019insustrie m\u00e9tallurgique en Afrique<br \/>\nLes banques en Afrique<br \/>\nLe d\u00e9veloppement personnel en Afrique<br \/>\nD\u00e9crypter le recrutement en Afrique<br \/>\nLa protection rapproch\u00e9e en Afrique<\/p>\n","protected":false},"excerpt":{"rendered":"<p>Le luxe africain veut se frayer un chemin dans l\u2019industrie du luxe mondial. Selon l\u2019Atelier des \u00e9tudes de march\u00e9 pas ch\u00e8res en Afrique, c\u2019est dans cette optique d\u2019un forum du Luxe s\u2019est tenu \u00e0 Abidjan en octobre 2021 pour mettre en synergie les acteurs du secteur en Afrique francophone.<\/p>\n","protected":false},"author":12963,"featured_media":16596,"comment_status":"open","ping_status":"open","sticky":false,"template":"","format":"standard","meta":{"footnotes":""},"categories":[57,63],"tags":[78,95,94],"class_list":{"0":"post-16599","1":"post","2":"type-post","3":"status-publish","4":"format-standard","5":"has-post-thumbnail","7":"category-mode","8":"category-mode-de-vie","9":"tag-apie-project-2","10":"tag-mode","11":"tag-mode-de-vie"},"yoast_head":"<!-- This site is optimized with the Yoast SEO plugin v24.4 - https:\/\/yoast.com\/wordpress\/plugins\/seo\/ -->\n<title>Le march\u00e9 africain du luxe en vitrine aux yeux du monde - APIE NEWS<\/title>\n<meta name=\"robots\" content=\"index, follow, max-snippet:-1, max-image-preview:large, max-video-preview:-1\" \/>\n<link rel=\"canonical\" href=\"https:\/\/appsaf.apieproject.com\/news\/fr\/2022\/09\/14\/le-marche-africain-du-luxe-en-vitrine-aux-yeux-du-monde\/\" \/>\n<meta property=\"og:locale\" content=\"fr_FR\" \/>\n<meta property=\"og:type\" content=\"article\" \/>\n<meta property=\"og:title\" content=\"Le march\u00e9 africain du luxe en vitrine aux yeux du monde - APIE NEWS\" \/>\n<meta property=\"og:description\" content=\"Le luxe africain veut se frayer un chemin dans l\u2019industrie du luxe mondial. Selon l\u2019Atelier des \u00e9tudes de march\u00e9 pas ch\u00e8res en Afrique, c\u2019est dans cette optique d\u2019un forum du Luxe s\u2019est tenu \u00e0 Abidjan en octobre 2021 pour mettre en synergie les acteurs du secteur en Afrique francophone.\" \/>\n<meta property=\"og:url\" content=\"https:\/\/appsaf.apieproject.com\/news\/fr\/2022\/09\/14\/le-marche-africain-du-luxe-en-vitrine-aux-yeux-du-monde\/\" \/>\n<meta property=\"og:site_name\" content=\"APIE NEWS\" \/>\n<meta property=\"article:publisher\" content=\"https:\/\/facebook.com\/apieproject\" \/>\n<meta property=\"article:published_time\" content=\"2022-09-14T06:11:06+00:00\" \/>\n<meta property=\"article:modified_time\" content=\"2022-09-14T06:11:07+00:00\" \/>\n<meta property=\"og:image\" content=\"https:\/\/appsaf.apieproject.com\/news\/wp-content\/uploads\/sites\/29\/2022\/09\/intelligence-economique_forum-du-Luxe-sest-tenu-a-Abidjan-en-octobre-2021-7799028d564ee1429816008aab1c1290.png\" \/>\n\t<meta property=\"og:image:width\" content=\"912\" \/>\n\t<meta property=\"og:image:height\" content=\"613\" \/>\n\t<meta property=\"og:image:type\" content=\"image\/png\" \/>\n<meta name=\"author\" content=\"staff\" \/>\n<meta name=\"twitter:card\" content=\"summary_large_image\" \/>\n<meta name=\"twitter:creator\" content=\"@apieproject\" \/>\n<meta name=\"twitter:site\" content=\"@apieproject\" \/>\n<meta name=\"twitter:label1\" content=\"\u00c9crit par\" \/>\n\t<meta name=\"twitter:data1\" content=\"staff\" \/>\n\t<meta name=\"twitter:label2\" content=\"Dur\u00e9e de lecture estim\u00e9e\" \/>\n\t<meta name=\"twitter:data2\" content=\"2 minutes\" \/>\n<script type=\"application\/ld+json\" class=\"yoast-schema-graph\">{\"@context\":\"https:\/\/schema.org\",\"@graph\":[{\"@type\":\"Article\",\"@id\":\"https:\/\/appsaf.apieproject.com\/news\/fr\/2022\/09\/14\/le-marche-africain-du-luxe-en-vitrine-aux-yeux-du-monde\/#article\",\"isPartOf\":{\"@id\":\"https:\/\/appsaf.apieproject.com\/news\/fr\/2022\/09\/14\/le-marche-africain-du-luxe-en-vitrine-aux-yeux-du-monde\/\"},\"author\":{\"name\":\"staff\",\"@id\":\"https:\/\/appsaf.apieproject.com\/news\/#\/schema\/person\/399517cac378948cd7b39086f9ddc2a7\"},\"headline\":\"Le march\u00e9 africain du luxe en vitrine aux yeux du monde\",\"datePublished\":\"2022-09-14T06:11:06+00:00\",\"dateModified\":\"2022-09-14T06:11:07+00:00\",\"mainEntityOfPage\":{\"@id\":\"https:\/\/appsaf.apieproject.com\/news\/fr\/2022\/09\/14\/le-marche-africain-du-luxe-en-vitrine-aux-yeux-du-monde\/\"},\"wordCount\":296,\"commentCount\":0,\"publisher\":{\"@id\":\"https:\/\/appsaf.apieproject.com\/news\/#organization\"},\"image\":{\"@id\":\"https:\/\/appsaf.apieproject.com\/news\/fr\/2022\/09\/14\/le-marche-africain-du-luxe-en-vitrine-aux-yeux-du-monde\/#primaryimage\"},\"thumbnailUrl\":\"https:\/\/appsaf.apieproject.com\/news\/wp-content\/uploads\/sites\/29\/2022\/09\/intelligence-economique_forum-du-Luxe-sest-tenu-a-Abidjan-en-octobre-2021-7799028d564ee1429816008aab1c1290.png\",\"keywords\":[\"apie project\",\"mode\",\"mode de vie\"],\"articleSection\":[\"Mode\",\"Mode de Vie\"],\"inLanguage\":\"fr-FR\",\"potentialAction\":[{\"@type\":\"CommentAction\",\"name\":\"Comment\",\"target\":[\"https:\/\/appsaf.apieproject.com\/news\/fr\/2022\/09\/14\/le-marche-africain-du-luxe-en-vitrine-aux-yeux-du-monde\/#respond\"]}]},{\"@type\":\"WebPage\",\"@id\":\"https:\/\/appsaf.apieproject.com\/news\/fr\/2022\/09\/14\/le-marche-africain-du-luxe-en-vitrine-aux-yeux-du-monde\/\",\"url\":\"https:\/\/appsaf.apieproject.com\/news\/fr\/2022\/09\/14\/le-marche-africain-du-luxe-en-vitrine-aux-yeux-du-monde\/\",\"name\":\"Le march\u00e9 africain du luxe en vitrine aux yeux du monde - APIE NEWS\",\"isPartOf\":{\"@id\":\"https:\/\/appsaf.apieproject.com\/news\/#website\"},\"primaryImageOfPage\":{\"@id\":\"https:\/\/appsaf.apieproject.com\/news\/fr\/2022\/09\/14\/le-marche-africain-du-luxe-en-vitrine-aux-yeux-du-monde\/#primaryimage\"},\"image\":{\"@id\":\"https:\/\/appsaf.apieproject.com\/news\/fr\/2022\/09\/14\/le-marche-africain-du-luxe-en-vitrine-aux-yeux-du-monde\/#primaryimage\"},\"thumbnailUrl\":\"https:\/\/appsaf.apieproject.com\/news\/wp-content\/uploads\/sites\/29\/2022\/09\/intelligence-economique_forum-du-Luxe-sest-tenu-a-Abidjan-en-octobre-2021-7799028d564ee1429816008aab1c1290.png\",\"datePublished\":\"2022-09-14T06:11:06+00:00\",\"dateModified\":\"2022-09-14T06:11:07+00:00\",\"breadcrumb\":{\"@id\":\"https:\/\/appsaf.apieproject.com\/news\/fr\/2022\/09\/14\/le-marche-africain-du-luxe-en-vitrine-aux-yeux-du-monde\/#breadcrumb\"},\"inLanguage\":\"fr-FR\",\"potentialAction\":[{\"@type\":\"ReadAction\",\"target\":[\"https:\/\/appsaf.apieproject.com\/news\/fr\/2022\/09\/14\/le-marche-africain-du-luxe-en-vitrine-aux-yeux-du-monde\/\"]}]},{\"@type\":\"ImageObject\",\"inLanguage\":\"fr-FR\",\"@id\":\"https:\/\/appsaf.apieproject.com\/news\/fr\/2022\/09\/14\/le-marche-africain-du-luxe-en-vitrine-aux-yeux-du-monde\/#primaryimage\",\"url\":\"https:\/\/appsaf.apieproject.com\/news\/wp-content\/uploads\/sites\/29\/2022\/09\/intelligence-economique_forum-du-Luxe-sest-tenu-a-Abidjan-en-octobre-2021-7799028d564ee1429816008aab1c1290.png\",\"contentUrl\":\"https:\/\/appsaf.apieproject.com\/news\/wp-content\/uploads\/sites\/29\/2022\/09\/intelligence-economique_forum-du-Luxe-sest-tenu-a-Abidjan-en-octobre-2021-7799028d564ee1429816008aab1c1290.png\",\"width\":912,\"height\":613},{\"@type\":\"BreadcrumbList\",\"@id\":\"https:\/\/appsaf.apieproject.com\/news\/fr\/2022\/09\/14\/le-marche-africain-du-luxe-en-vitrine-aux-yeux-du-monde\/#breadcrumb\",\"itemListElement\":[{\"@type\":\"ListItem\",\"position\":1,\"name\":\"Home\",\"item\":\"https:\/\/appsaf.apieproject.com\/news\/fr\/home\/\"},{\"@type\":\"ListItem\",\"position\":2,\"name\":\"Le march\u00e9 africain du luxe en vitrine aux yeux du monde\"}]},{\"@type\":\"WebSite\",\"@id\":\"https:\/\/appsaf.apieproject.com\/news\/#website\",\"url\":\"https:\/\/appsaf.apieproject.com\/news\/\",\"name\":\"APIE NEWS\",\"description\":\"PANAFRICANISM NEWS PORTAL\",\"publisher\":{\"@id\":\"https:\/\/appsaf.apieproject.com\/news\/#organization\"},\"potentialAction\":[{\"@type\":\"SearchAction\",\"target\":{\"@type\":\"EntryPoint\",\"urlTemplate\":\"https:\/\/appsaf.apieproject.com\/news\/?s={search_term_string}\"},\"query-input\":{\"@type\":\"PropertyValueSpecification\",\"valueRequired\":true,\"valueName\":\"search_term_string\"}}],\"inLanguage\":\"fr-FR\"},{\"@type\":\"Organization\",\"@id\":\"https:\/\/appsaf.apieproject.com\/news\/#organization\",\"name\":\"APIE PROJECT\",\"url\":\"https:\/\/appsaf.apieproject.com\/news\/\",\"logo\":{\"@type\":\"ImageObject\",\"inLanguage\":\"fr-FR\",\"@id\":\"https:\/\/appsaf.apieproject.com\/news\/#\/schema\/logo\/image\/\",\"url\":\"https:\/\/appsaf.apieproject.com\/news\/wp-content\/uploads\/sites\/29\/2022\/07\/logo-R-TransparentBackground.png\",\"contentUrl\":\"https:\/\/appsaf.apieproject.com\/news\/wp-content\/uploads\/sites\/29\/2022\/07\/logo-R-TransparentBackground.png\",\"width\":512,\"height\":512,\"caption\":\"APIE PROJECT\"},\"image\":{\"@id\":\"https:\/\/appsaf.apieproject.com\/news\/#\/schema\/logo\/image\/\"},\"sameAs\":[\"https:\/\/facebook.com\/apieproject\",\"https:\/\/x.com\/apieproject\"]},{\"@type\":\"Person\",\"@id\":\"https:\/\/appsaf.apieproject.com\/news\/#\/schema\/person\/399517cac378948cd7b39086f9ddc2a7\",\"name\":\"staff\",\"image\":{\"@type\":\"ImageObject\",\"inLanguage\":\"fr-FR\",\"@id\":\"https:\/\/appsaf.apieproject.com\/news\/#\/schema\/person\/image\/\",\"url\":\"https:\/\/secure.gravatar.com\/avatar\/5386283c5db150efe261184bd59f072a?s=96&d=mm&r=g\",\"contentUrl\":\"https:\/\/secure.gravatar.com\/avatar\/5386283c5db150efe261184bd59f072a?s=96&d=mm&r=g\",\"caption\":\"staff\"},\"url\":\"https:\/\/appsaf.apieproject.com\/news\/fr\/author\/staff\/\"}]}<\/script>\n<!-- \/ Yoast SEO plugin. -->","yoast_head_json":{"title":"Le march\u00e9 africain du luxe en vitrine aux yeux du monde - APIE NEWS","robots":{"index":"index","follow":"follow","max-snippet":"max-snippet:-1","max-image-preview":"max-image-preview:large","max-video-preview":"max-video-preview:-1"},"canonical":"https:\/\/appsaf.apieproject.com\/news\/fr\/2022\/09\/14\/le-marche-africain-du-luxe-en-vitrine-aux-yeux-du-monde\/","og_locale":"fr_FR","og_type":"article","og_title":"Le march\u00e9 africain du luxe en vitrine aux yeux du monde - APIE NEWS","og_description":"Le luxe africain veut se frayer un chemin dans l\u2019industrie du luxe mondial. Selon l\u2019Atelier des \u00e9tudes de march\u00e9 pas ch\u00e8res en Afrique, c\u2019est dans cette optique d\u2019un forum du Luxe s\u2019est tenu \u00e0 Abidjan en octobre 2021 pour mettre en synergie les acteurs du secteur en Afrique francophone.","og_url":"https:\/\/appsaf.apieproject.com\/news\/fr\/2022\/09\/14\/le-marche-africain-du-luxe-en-vitrine-aux-yeux-du-monde\/","og_site_name":"APIE NEWS","article_publisher":"https:\/\/facebook.com\/apieproject","article_published_time":"2022-09-14T06:11:06+00:00","article_modified_time":"2022-09-14T06:11:07+00:00","og_image":[{"width":912,"height":613,"url":"https:\/\/appsaf.apieproject.com\/news\/wp-content\/uploads\/sites\/29\/2022\/09\/intelligence-economique_forum-du-Luxe-sest-tenu-a-Abidjan-en-octobre-2021-7799028d564ee1429816008aab1c1290.png","type":"image\/png"}],"author":"staff","twitter_card":"summary_large_image","twitter_creator":"@apieproject","twitter_site":"@apieproject","twitter_misc":{"\u00c9crit par":"staff","Dur\u00e9e de lecture estim\u00e9e":"2 minutes"},"schema":{"@context":"https:\/\/schema.org","@graph":[{"@type":"Article","@id":"https:\/\/appsaf.apieproject.com\/news\/fr\/2022\/09\/14\/le-marche-africain-du-luxe-en-vitrine-aux-yeux-du-monde\/#article","isPartOf":{"@id":"https:\/\/appsaf.apieproject.com\/news\/fr\/2022\/09\/14\/le-marche-africain-du-luxe-en-vitrine-aux-yeux-du-monde\/"},"author":{"name":"staff","@id":"https:\/\/appsaf.apieproject.com\/news\/#\/schema\/person\/399517cac378948cd7b39086f9ddc2a7"},"headline":"Le march\u00e9 africain du luxe en vitrine aux yeux du monde","datePublished":"2022-09-14T06:11:06+00:00","dateModified":"2022-09-14T06:11:07+00:00","mainEntityOfPage":{"@id":"https:\/\/appsaf.apieproject.com\/news\/fr\/2022\/09\/14\/le-marche-africain-du-luxe-en-vitrine-aux-yeux-du-monde\/"},"wordCount":296,"commentCount":0,"publisher":{"@id":"https:\/\/appsaf.apieproject.com\/news\/#organization"},"image":{"@id":"https:\/\/appsaf.apieproject.com\/news\/fr\/2022\/09\/14\/le-marche-africain-du-luxe-en-vitrine-aux-yeux-du-monde\/#primaryimage"},"thumbnailUrl":"https:\/\/appsaf.apieproject.com\/news\/wp-content\/uploads\/sites\/29\/2022\/09\/intelligence-economique_forum-du-Luxe-sest-tenu-a-Abidjan-en-octobre-2021-7799028d564ee1429816008aab1c1290.png","keywords":["apie project","mode","mode de vie"],"articleSection":["Mode","Mode de Vie"],"inLanguage":"fr-FR","potentialAction":[{"@type":"CommentAction","name":"Comment","target":["https:\/\/appsaf.apieproject.com\/news\/fr\/2022\/09\/14\/le-marche-africain-du-luxe-en-vitrine-aux-yeux-du-monde\/#respond"]}]},{"@type":"WebPage","@id":"https:\/\/appsaf.apieproject.com\/news\/fr\/2022\/09\/14\/le-marche-africain-du-luxe-en-vitrine-aux-yeux-du-monde\/","url":"https:\/\/appsaf.apieproject.com\/news\/fr\/2022\/09\/14\/le-marche-africain-du-luxe-en-vitrine-aux-yeux-du-monde\/","name":"Le march\u00e9 africain du luxe en vitrine aux yeux du monde - APIE NEWS","isPartOf":{"@id":"https:\/\/appsaf.apieproject.com\/news\/#website"},"primaryImageOfPage":{"@id":"https:\/\/appsaf.apieproject.com\/news\/fr\/2022\/09\/14\/le-marche-africain-du-luxe-en-vitrine-aux-yeux-du-monde\/#primaryimage"},"image":{"@id":"https:\/\/appsaf.apieproject.com\/news\/fr\/2022\/09\/14\/le-marche-africain-du-luxe-en-vitrine-aux-yeux-du-monde\/#primaryimage"},"thumbnailUrl":"https:\/\/appsaf.apieproject.com\/news\/wp-content\/uploads\/sites\/29\/2022\/09\/intelligence-economique_forum-du-Luxe-sest-tenu-a-Abidjan-en-octobre-2021-7799028d564ee1429816008aab1c1290.png","datePublished":"2022-09-14T06:11:06+00:00","dateModified":"2022-09-14T06:11:07+00:00","breadcrumb":{"@id":"https:\/\/appsaf.apieproject.com\/news\/fr\/2022\/09\/14\/le-marche-africain-du-luxe-en-vitrine-aux-yeux-du-monde\/#breadcrumb"},"inLanguage":"fr-FR","potentialAction":[{"@type":"ReadAction","target":["https:\/\/appsaf.apieproject.com\/news\/fr\/2022\/09\/14\/le-marche-africain-du-luxe-en-vitrine-aux-yeux-du-monde\/"]}]},{"@type":"ImageObject","inLanguage":"fr-FR","@id":"https:\/\/appsaf.apieproject.com\/news\/fr\/2022\/09\/14\/le-marche-africain-du-luxe-en-vitrine-aux-yeux-du-monde\/#primaryimage","url":"https:\/\/appsaf.apieproject.com\/news\/wp-content\/uploads\/sites\/29\/2022\/09\/intelligence-economique_forum-du-Luxe-sest-tenu-a-Abidjan-en-octobre-2021-7799028d564ee1429816008aab1c1290.png","contentUrl":"https:\/\/appsaf.apieproject.com\/news\/wp-content\/uploads\/sites\/29\/2022\/09\/intelligence-economique_forum-du-Luxe-sest-tenu-a-Abidjan-en-octobre-2021-7799028d564ee1429816008aab1c1290.png","width":912,"height":613},{"@type":"BreadcrumbList","@id":"https:\/\/appsaf.apieproject.com\/news\/fr\/2022\/09\/14\/le-marche-africain-du-luxe-en-vitrine-aux-yeux-du-monde\/#breadcrumb","itemListElement":[{"@type":"ListItem","position":1,"name":"Home","item":"https:\/\/appsaf.apieproject.com\/news\/fr\/home\/"},{"@type":"ListItem","position":2,"name":"Le march\u00e9 africain du luxe en vitrine aux yeux du monde"}]},{"@type":"WebSite","@id":"https:\/\/appsaf.apieproject.com\/news\/#website","url":"https:\/\/appsaf.apieproject.com\/news\/","name":"APIE NEWS","description":"PANAFRICANISM NEWS PORTAL","publisher":{"@id":"https:\/\/appsaf.apieproject.com\/news\/#organization"},"potentialAction":[{"@type":"SearchAction","target":{"@type":"EntryPoint","urlTemplate":"https:\/\/appsaf.apieproject.com\/news\/?s={search_term_string}"},"query-input":{"@type":"PropertyValueSpecification","valueRequired":true,"valueName":"search_term_string"}}],"inLanguage":"fr-FR"},{"@type":"Organization","@id":"https:\/\/appsaf.apieproject.com\/news\/#organization","name":"APIE PROJECT","url":"https:\/\/appsaf.apieproject.com\/news\/","logo":{"@type":"ImageObject","inLanguage":"fr-FR","@id":"https:\/\/appsaf.apieproject.com\/news\/#\/schema\/logo\/image\/","url":"https:\/\/appsaf.apieproject.com\/news\/wp-content\/uploads\/sites\/29\/2022\/07\/logo-R-TransparentBackground.png","contentUrl":"https:\/\/appsaf.apieproject.com\/news\/wp-content\/uploads\/sites\/29\/2022\/07\/logo-R-TransparentBackground.png","width":512,"height":512,"caption":"APIE PROJECT"},"image":{"@id":"https:\/\/appsaf.apieproject.com\/news\/#\/schema\/logo\/image\/"},"sameAs":["https:\/\/facebook.com\/apieproject","https:\/\/x.com\/apieproject"]},{"@type":"Person","@id":"https:\/\/appsaf.apieproject.com\/news\/#\/schema\/person\/399517cac378948cd7b39086f9ddc2a7","name":"staff","image":{"@type":"ImageObject","inLanguage":"fr-FR","@id":"https:\/\/appsaf.apieproject.com\/news\/#\/schema\/person\/image\/","url":"https:\/\/secure.gravatar.com\/avatar\/5386283c5db150efe261184bd59f072a?s=96&d=mm&r=g","contentUrl":"https:\/\/secure.gravatar.com\/avatar\/5386283c5db150efe261184bd59f072a?s=96&d=mm&r=g","caption":"staff"},"url":"https:\/\/appsaf.apieproject.com\/news\/fr\/author\/staff\/"}]}},"_links":{"self":[{"href":"https:\/\/appsaf.apieproject.com\/news\/fr\/wp-json\/wp\/v2\/posts\/16599","targetHints":{"allow":["GET"]}}],"collection":[{"href":"https:\/\/appsaf.apieproject.com\/news\/fr\/wp-json\/wp\/v2\/posts"}],"about":[{"href":"https:\/\/appsaf.apieproject.com\/news\/fr\/wp-json\/wp\/v2\/types\/post"}],"author":[{"embeddable":true,"href":"https:\/\/appsaf.apieproject.com\/news\/fr\/wp-json\/wp\/v2\/users\/12963"}],"replies":[{"embeddable":true,"href":"https:\/\/appsaf.apieproject.com\/news\/fr\/wp-json\/wp\/v2\/comments?post=16599"}],"version-history":[{"count":1,"href":"https:\/\/appsaf.apieproject.com\/news\/fr\/wp-json\/wp\/v2\/posts\/16599\/revisions"}],"predecessor-version":[{"id":17081,"href":"https:\/\/appsaf.apieproject.com\/news\/fr\/wp-json\/wp\/v2\/posts\/16599\/revisions\/17081"}],"wp:featuredmedia":[{"embeddable":true,"href":"https:\/\/appsaf.apieproject.com\/news\/fr\/wp-json\/wp\/v2\/media\/16596"}],"wp:attachment":[{"href":"https:\/\/appsaf.apieproject.com\/news\/fr\/wp-json\/wp\/v2\/media?parent=16599"}],"wp:term":[{"taxonomy":"category","embeddable":true,"href":"https:\/\/appsaf.apieproject.com\/news\/fr\/wp-json\/wp\/v2\/categories?post=16599"},{"taxonomy":"post_tag","embeddable":true,"href":"https:\/\/appsaf.apieproject.com\/news\/fr\/wp-json\/wp\/v2\/tags?post=16599"}],"curies":[{"name":"wp","href":"https:\/\/api.w.org\/{rel}","templated":true}]}}