{"id":16774,"date":"2022-09-19T10:58:13","date_gmt":"2022-09-19T10:58:13","guid":{"rendered":"https:\/\/appsaf.apieproject.com\/news\/?p=16774"},"modified":"2022-09-19T10:58:15","modified_gmt":"2022-09-19T10:58:15","slug":"cote-divoire-un-superphone-a-commande-vocale-en-langues-africaines-pour-analphabetes","status":"publish","type":"post","link":"https:\/\/appsaf.apieproject.com\/news\/fr\/2022\/09\/19\/cote-divoire-un-superphone-a-commande-vocale-en-langues-africaines-pour-analphabetes\/","title":{"rendered":"C\u00f4te d&rsquo;Ivoire: un \u00ab\u00a0Superphone\u00a0\u00bb \u00e0 commande vocale en langues africaines pour analphab\u00e8tes"},"content":{"rendered":"<p>\u00ab\u00a0Je viens acheter ce t\u00e9l\u00e9phone pour mes parents qui sont au village et ne savent ni lire ni \u00e9crire\u00a0\u00bb, explique Floride Jogb\u00e9, s\u00e9duite par les campagnes de publicit\u00e9 relay\u00e9es sur les r\u00e9seaux sociaux.<\/p>\n<p>Pour 60.000 FCFA (environ 90 euros), la jeune femme s&rsquo;est laiss\u00e9e convaincre par la promesse d&rsquo;un smartphone plus simple d&rsquo;utilisation.<\/p>\n<p>Des op\u00e9rations de la vie quotidienne telles que consulter le solde de son compte, comprendre un document ou pouvoir correspondre avec les administrations, sont rendues possibles par la simple activation de l&rsquo;assistant vocal \u00ab\u00a0Kon\u00e9\u00a0\u00bb int\u00e9gr\u00e9 au \u00ab\u00a0Superphone\u00a0\u00bb.<\/p>\n<p>\u00c9quip\u00e9 d&rsquo;un syst\u00e8me d&rsquo;exploitation unique \u00e0 l&rsquo;entreprise, le t\u00e9l\u00e9phone intelligent de Cerco int\u00e8gre d\u00e9j\u00e0 17 langues ivoiriennes, comme le baoul\u00e9, le b\u00e9t\u00e9 ou le dioula, et 50 autres langues du continent africain.<\/p>\n<p>Le fran\u00e7ais reste largement parl\u00e9 en C\u00f4te d&rsquo;Ivoire, aux c\u00f4t\u00e9s des nombreuses langues locales, mais avec 40% de la population ivoirienne analphab\u00e8te selon les chiffres officiels, ce \u00ab\u00a0Superphone\u00a0\u00bb vient combler un besoin, assure le pr\u00e9sident du fabricant Cerco, le B\u00e9ninois Alain Capo-Chichi.<\/p>\n<p>Ce t\u00e9l\u00e9phone peut r\u00e9pondre \u00e0 la \u00ab\u00a0frustration\u00a0\u00bb que rencontrent les utilisateurs analphab\u00e8tes face \u00e0 l&rsquo;offre technologique actuelle, \u00ab\u00a0oblig\u00e9s de savoir lire pour utiliser un smartphone, une tablette ou un ordinateur\u00a0\u00bb, explique-t-il \u00e0 l&rsquo;AFP.<\/p>\n<p>\u00ab\u00a0Les diff\u00e9rentes institutions ont d&rsquo;abord voulu alphab\u00e9tiser les populations avant de mettre \u00e0 leur disposition les technologies\u00a0\u00bb, constate-t-il, ajoutant: \u00ab\u00a0On peut sauter la lecture et l&rsquo;\u00e9criture et aller directement vers l&rsquo;insertion dans la vie \u00e9conomique et sociale des personnes\u00a0\u00bb.<\/p>\n<p>Misant sur 3.000 b\u00e9n\u00e9voles mobilis\u00e9s \u00e0 travers l&rsquo;Afrique, Cerco ambitionne d&rsquo;inclure au total 1.000 langues africaines \u00e0 son fonctionnement. Objectif: pouvoir toucher pr\u00e8s d\u2019un milliard de personnes en Afrique, soit plus de la moiti\u00e9 de la population actuelle du continent, en croissance constante.<\/p>\n<p>&#8211; \u00ab\u00a0Des smartphones pas intelligents\u00a0\u00bb &#8211;<\/p>\n<p>\u00ab\u00a0L&rsquo;Afrique a rat\u00e9 plusieurs r\u00e9volutions technologiques en raison de la lecture et de l&rsquo;\u00e9criture qui ont \u00e9t\u00e9 des blocages importants\u00a0\u00bb, d\u00e9plore Alain Capo-Chichi, en affirmant que \u00ab\u00a0la parole est trois fois plus rapide que l\u2019\u00e9criture.\u00a0\u00bb<\/p>\n<p>Son entreprise entend donc percer dans la t\u00e9l\u00e9phonie mobile en proposant un produit \u00ab\u00a0qui facilite la vie des communaut\u00e9s compar\u00e9 \u00e0 d&rsquo;autres smartphones qui se disent intelligents mais qui ne le sont pas\u00a0\u00bb.<\/p>\n<p>\u00ab\u00a0On n&rsquo;a pas fait un smartphone, on a fait un Superphone, c&rsquo;est une r\u00e9volution\u00a0\u00bb, affirme Alain Capo-Chichi qui imagine d\u00e9j\u00e0 son invention d\u00e9passer les fronti\u00e8res de l\u2019Afrique.<\/p>\n<p>\u00ab\u00a0L&rsquo;offre actuelle arrive quand m\u00eame \u00e0 satisfaire les gens. Avec les services de messages vocaux propos\u00e9s par WhatsApp par exemple, une grande partie du probl\u00e8me est d\u00e9j\u00e0 r\u00e9solue\u00a0\u00bb, temp\u00e8re Jean-Marie Akepo, expert en t\u00e9l\u00e9communications.<\/p>\n<p>Lui plaide plut\u00f4t pour un \u00ab\u00a0logiciel avec des langues locales qu&rsquo;on pourrait installer sur n&rsquo;importe quel smartphone\u00a0\u00bb.<\/p>\n<p>Confectionn\u00e9 sur le site du Village des technologies de l&rsquo;information et de la biotechnologie (Vitib) de Grand-Bassam, une zone franche proche de la capitale ivoirienne, le d\u00e9veloppement de ce t\u00e9l\u00e9phone 100 % ivoirien fait l&rsquo;objet d&rsquo;une collaboration \u00e9troite avec le gouvernement.<\/p>\n<p>L&rsquo;entreprise ne paie ni imp\u00f4ts ni droits de douane. L&rsquo;implantation de l&rsquo;usine d&rsquo;assemblage a en outre b\u00e9n\u00e9fici\u00e9 d&rsquo;une subvention de deux milliards de francs CFA (plus de trois millions d&rsquo;euros).<\/p>\n<p>Des aides en \u00e9change desquelles Cerco s&rsquo;est engag\u00e9e \u00e0 verser 3,5% de ses revenus \u00e0 l&rsquo;Etat et \u00e0 former quelque 1.200 jeunes chaque ann\u00e9e.<\/p>\n<p>Depuis sa mise sur le march\u00e9 le 21 juillet, l&rsquo;entreprise n&rsquo;a pas communiqu\u00e9 les chiffres de ses ventes mais assure avoir re\u00e7u 200.000 commandes.<\/p>\n<p>Gr\u00e2ce \u00e0 un partenariat avec le g\u00e9ant fran\u00e7ais de la t\u00e9l\u00e9communication Orange, le \u00ab\u00a0Superphone\u00a0\u00bb sera distribu\u00e9 dans 200 boutiques sur l&rsquo;ensemble du territoire ivoirien.<\/p>\n","protected":false},"excerpt":{"rendered":"<p>Un t\u00e9l\u00e9phone portable con\u00e7u et assembl\u00e9 en C\u00f4te d&rsquo;Ivoire est d\u00e9sormais disponible pour les analphab\u00e8tes qui, gr\u00e2ce \u00e0 un syst\u00e8me de commande vocale, peuvent l&rsquo;utiliser dans 50 langues africaines \u00e0 un prix abordable.<\/p>\n","protected":false},"author":12963,"featured_media":16771,"comment_status":"open","ping_status":"open","sticky":false,"template":"","format":"standard","meta":{"footnotes":""},"categories":[67,73],"tags":[81,78,77],"class_list":{"0":"post-16774","1":"post","2":"type-post","3":"status-publish","4":"format-standard","5":"has-post-thumbnail","7":"category-actualites","8":"category-technologie","9":"tag-actualites","10":"tag-apie-project-2","11":"tag-technologie"},"yoast_head":"<!-- This site is optimized with the Yoast SEO plugin v24.4 - https:\/\/yoast.com\/wordpress\/plugins\/seo\/ -->\n<title>C\u00f4te d&#039;Ivoire: un &quot;Superphone&quot; \u00e0 commande vocale en langues africaines pour analphab\u00e8tes - APIE NEWS<\/title>\n<meta name=\"robots\" content=\"index, follow, max-snippet:-1, max-image-preview:large, max-video-preview:-1\" \/>\n<link rel=\"canonical\" href=\"https:\/\/appsaf.apieproject.com\/news\/fr\/2022\/09\/19\/cote-divoire-un-superphone-a-commande-vocale-en-langues-africaines-pour-analphabetes\/\" \/>\n<meta property=\"og:locale\" content=\"fr_FR\" \/>\n<meta property=\"og:type\" content=\"article\" \/>\n<meta property=\"og:title\" content=\"C\u00f4te d&#039;Ivoire: un &quot;Superphone&quot; \u00e0 commande vocale en langues africaines pour analphab\u00e8tes - APIE NEWS\" \/>\n<meta property=\"og:description\" content=\"Un t\u00e9l\u00e9phone portable con\u00e7u et assembl\u00e9 en C\u00f4te d&#039;Ivoire est d\u00e9sormais disponible pour les analphab\u00e8tes qui, gr\u00e2ce \u00e0 un syst\u00e8me de commande vocale, peuvent l&#039;utiliser dans 50 langues africaines \u00e0 un prix abordable.\" \/>\n<meta property=\"og:url\" content=\"https:\/\/appsaf.apieproject.com\/news\/fr\/2022\/09\/19\/cote-divoire-un-superphone-a-commande-vocale-en-langues-africaines-pour-analphabetes\/\" \/>\n<meta property=\"og:site_name\" content=\"APIE NEWS\" \/>\n<meta property=\"article:publisher\" content=\"https:\/\/facebook.com\/apieproject\" \/>\n<meta property=\"article:published_time\" content=\"2022-09-19T10:58:13+00:00\" \/>\n<meta property=\"article:modified_time\" content=\"2022-09-19T10:58:15+00:00\" \/>\n<meta property=\"og:image\" content=\"https:\/\/appsaf.apieproject.com\/news\/wp-content\/uploads\/sites\/29\/2022\/09\/45e3867a8f5f70261bfdff812542fb9b88b9dd48-a2554283fbda45e402e13c293b4bc90a.jpg\" \/>\n\t<meta property=\"og:image:width\" content=\"768\" \/>\n\t<meta property=\"og:image:height\" content=\"510\" \/>\n\t<meta property=\"og:image:type\" content=\"image\/jpeg\" \/>\n<meta name=\"author\" content=\"staff\" \/>\n<meta name=\"twitter:card\" content=\"summary_large_image\" \/>\n<meta name=\"twitter:creator\" content=\"@apieproject\" \/>\n<meta name=\"twitter:site\" content=\"@apieproject\" \/>\n<meta name=\"twitter:label1\" content=\"\u00c9crit par\" \/>\n\t<meta name=\"twitter:data1\" content=\"staff\" \/>\n\t<meta name=\"twitter:label2\" content=\"Dur\u00e9e de lecture estim\u00e9e\" \/>\n\t<meta name=\"twitter:data2\" content=\"3 minutes\" \/>\n<script type=\"application\/ld+json\" class=\"yoast-schema-graph\">{\"@context\":\"https:\/\/schema.org\",\"@graph\":[{\"@type\":\"Article\",\"@id\":\"https:\/\/appsaf.apieproject.com\/news\/fr\/2022\/09\/19\/cote-divoire-un-superphone-a-commande-vocale-en-langues-africaines-pour-analphabetes\/#article\",\"isPartOf\":{\"@id\":\"https:\/\/appsaf.apieproject.com\/news\/fr\/2022\/09\/19\/cote-divoire-un-superphone-a-commande-vocale-en-langues-africaines-pour-analphabetes\/\"},\"author\":{\"name\":\"staff\",\"@id\":\"https:\/\/appsaf.apieproject.com\/news\/#\/schema\/person\/399517cac378948cd7b39086f9ddc2a7\"},\"headline\":\"C\u00f4te d&rsquo;Ivoire: un \u00ab\u00a0Superphone\u00a0\u00bb \u00e0 commande vocale en langues africaines pour analphab\u00e8tes\",\"datePublished\":\"2022-09-19T10:58:13+00:00\",\"dateModified\":\"2022-09-19T10:58:15+00:00\",\"mainEntityOfPage\":{\"@id\":\"https:\/\/appsaf.apieproject.com\/news\/fr\/2022\/09\/19\/cote-divoire-un-superphone-a-commande-vocale-en-langues-africaines-pour-analphabetes\/\"},\"wordCount\":665,\"commentCount\":0,\"publisher\":{\"@id\":\"https:\/\/appsaf.apieproject.com\/news\/#organization\"},\"image\":{\"@id\":\"https:\/\/appsaf.apieproject.com\/news\/fr\/2022\/09\/19\/cote-divoire-un-superphone-a-commande-vocale-en-langues-africaines-pour-analphabetes\/#primaryimage\"},\"thumbnailUrl\":\"https:\/\/appsaf.apieproject.com\/news\/wp-content\/uploads\/sites\/29\/2022\/09\/45e3867a8f5f70261bfdff812542fb9b88b9dd48-a2554283fbda45e402e13c293b4bc90a.jpg\",\"keywords\":[\"actualites\",\"apie project\",\"technologie\"],\"articleSection\":[\"Actualit\u00e9s\",\"Technologie\"],\"inLanguage\":\"fr-FR\",\"potentialAction\":[{\"@type\":\"CommentAction\",\"name\":\"Comment\",\"target\":[\"https:\/\/appsaf.apieproject.com\/news\/fr\/2022\/09\/19\/cote-divoire-un-superphone-a-commande-vocale-en-langues-africaines-pour-analphabetes\/#respond\"]}]},{\"@type\":\"WebPage\",\"@id\":\"https:\/\/appsaf.apieproject.com\/news\/fr\/2022\/09\/19\/cote-divoire-un-superphone-a-commande-vocale-en-langues-africaines-pour-analphabetes\/\",\"url\":\"https:\/\/appsaf.apieproject.com\/news\/fr\/2022\/09\/19\/cote-divoire-un-superphone-a-commande-vocale-en-langues-africaines-pour-analphabetes\/\",\"name\":\"C\u00f4te d'Ivoire: un \\\"Superphone\\\" \u00e0 commande vocale en langues africaines pour analphab\u00e8tes - APIE NEWS\",\"isPartOf\":{\"@id\":\"https:\/\/appsaf.apieproject.com\/news\/#website\"},\"primaryImageOfPage\":{\"@id\":\"https:\/\/appsaf.apieproject.com\/news\/fr\/2022\/09\/19\/cote-divoire-un-superphone-a-commande-vocale-en-langues-africaines-pour-analphabetes\/#primaryimage\"},\"image\":{\"@id\":\"https:\/\/appsaf.apieproject.com\/news\/fr\/2022\/09\/19\/cote-divoire-un-superphone-a-commande-vocale-en-langues-africaines-pour-analphabetes\/#primaryimage\"},\"thumbnailUrl\":\"https:\/\/appsaf.apieproject.com\/news\/wp-content\/uploads\/sites\/29\/2022\/09\/45e3867a8f5f70261bfdff812542fb9b88b9dd48-a2554283fbda45e402e13c293b4bc90a.jpg\",\"datePublished\":\"2022-09-19T10:58:13+00:00\",\"dateModified\":\"2022-09-19T10:58:15+00:00\",\"breadcrumb\":{\"@id\":\"https:\/\/appsaf.apieproject.com\/news\/fr\/2022\/09\/19\/cote-divoire-un-superphone-a-commande-vocale-en-langues-africaines-pour-analphabetes\/#breadcrumb\"},\"inLanguage\":\"fr-FR\",\"potentialAction\":[{\"@type\":\"ReadAction\",\"target\":[\"https:\/\/appsaf.apieproject.com\/news\/fr\/2022\/09\/19\/cote-divoire-un-superphone-a-commande-vocale-en-langues-africaines-pour-analphabetes\/\"]}]},{\"@type\":\"ImageObject\",\"inLanguage\":\"fr-FR\",\"@id\":\"https:\/\/appsaf.apieproject.com\/news\/fr\/2022\/09\/19\/cote-divoire-un-superphone-a-commande-vocale-en-langues-africaines-pour-analphabetes\/#primaryimage\",\"url\":\"https:\/\/appsaf.apieproject.com\/news\/wp-content\/uploads\/sites\/29\/2022\/09\/45e3867a8f5f70261bfdff812542fb9b88b9dd48-a2554283fbda45e402e13c293b4bc90a.jpg\",\"contentUrl\":\"https:\/\/appsaf.apieproject.com\/news\/wp-content\/uploads\/sites\/29\/2022\/09\/45e3867a8f5f70261bfdff812542fb9b88b9dd48-a2554283fbda45e402e13c293b4bc90a.jpg\",\"width\":768,\"height\":510},{\"@type\":\"BreadcrumbList\",\"@id\":\"https:\/\/appsaf.apieproject.com\/news\/fr\/2022\/09\/19\/cote-divoire-un-superphone-a-commande-vocale-en-langues-africaines-pour-analphabetes\/#breadcrumb\",\"itemListElement\":[{\"@type\":\"ListItem\",\"position\":1,\"name\":\"Home\",\"item\":\"https:\/\/appsaf.apieproject.com\/news\/fr\/home\/\"},{\"@type\":\"ListItem\",\"position\":2,\"name\":\"C\u00f4te d&#8217;Ivoire: un &#8220;Superphone&#8221; \u00e0 commande vocale en langues africaines pour analphab\u00e8tes\"}]},{\"@type\":\"WebSite\",\"@id\":\"https:\/\/appsaf.apieproject.com\/news\/#website\",\"url\":\"https:\/\/appsaf.apieproject.com\/news\/\",\"name\":\"APIE NEWS\",\"description\":\"PANAFRICANISM NEWS PORTAL\",\"publisher\":{\"@id\":\"https:\/\/appsaf.apieproject.com\/news\/#organization\"},\"potentialAction\":[{\"@type\":\"SearchAction\",\"target\":{\"@type\":\"EntryPoint\",\"urlTemplate\":\"https:\/\/appsaf.apieproject.com\/news\/?s={search_term_string}\"},\"query-input\":{\"@type\":\"PropertyValueSpecification\",\"valueRequired\":true,\"valueName\":\"search_term_string\"}}],\"inLanguage\":\"fr-FR\"},{\"@type\":\"Organization\",\"@id\":\"https:\/\/appsaf.apieproject.com\/news\/#organization\",\"name\":\"APIE PROJECT\",\"url\":\"https:\/\/appsaf.apieproject.com\/news\/\",\"logo\":{\"@type\":\"ImageObject\",\"inLanguage\":\"fr-FR\",\"@id\":\"https:\/\/appsaf.apieproject.com\/news\/#\/schema\/logo\/image\/\",\"url\":\"https:\/\/appsaf.apieproject.com\/news\/wp-content\/uploads\/sites\/29\/2022\/07\/logo-R-TransparentBackground.png\",\"contentUrl\":\"https:\/\/appsaf.apieproject.com\/news\/wp-content\/uploads\/sites\/29\/2022\/07\/logo-R-TransparentBackground.png\",\"width\":512,\"height\":512,\"caption\":\"APIE PROJECT\"},\"image\":{\"@id\":\"https:\/\/appsaf.apieproject.com\/news\/#\/schema\/logo\/image\/\"},\"sameAs\":[\"https:\/\/facebook.com\/apieproject\",\"https:\/\/x.com\/apieproject\"]},{\"@type\":\"Person\",\"@id\":\"https:\/\/appsaf.apieproject.com\/news\/#\/schema\/person\/399517cac378948cd7b39086f9ddc2a7\",\"name\":\"staff\",\"image\":{\"@type\":\"ImageObject\",\"inLanguage\":\"fr-FR\",\"@id\":\"https:\/\/appsaf.apieproject.com\/news\/#\/schema\/person\/image\/\",\"url\":\"https:\/\/secure.gravatar.com\/avatar\/5386283c5db150efe261184bd59f072a?s=96&d=mm&r=g\",\"contentUrl\":\"https:\/\/secure.gravatar.com\/avatar\/5386283c5db150efe261184bd59f072a?s=96&d=mm&r=g\",\"caption\":\"staff\"},\"url\":\"https:\/\/appsaf.apieproject.com\/news\/fr\/author\/staff\/\"}]}<\/script>\n<!-- \/ Yoast SEO plugin. -->","yoast_head_json":{"title":"C\u00f4te d'Ivoire: un \"Superphone\" \u00e0 commande vocale en langues africaines pour analphab\u00e8tes - APIE NEWS","robots":{"index":"index","follow":"follow","max-snippet":"max-snippet:-1","max-image-preview":"max-image-preview:large","max-video-preview":"max-video-preview:-1"},"canonical":"https:\/\/appsaf.apieproject.com\/news\/fr\/2022\/09\/19\/cote-divoire-un-superphone-a-commande-vocale-en-langues-africaines-pour-analphabetes\/","og_locale":"fr_FR","og_type":"article","og_title":"C\u00f4te d'Ivoire: un \"Superphone\" \u00e0 commande vocale en langues africaines pour analphab\u00e8tes - APIE NEWS","og_description":"Un t\u00e9l\u00e9phone portable con\u00e7u et assembl\u00e9 en C\u00f4te d'Ivoire est d\u00e9sormais disponible pour les analphab\u00e8tes qui, gr\u00e2ce \u00e0 un syst\u00e8me de commande vocale, peuvent l'utiliser dans 50 langues africaines \u00e0 un prix abordable.","og_url":"https:\/\/appsaf.apieproject.com\/news\/fr\/2022\/09\/19\/cote-divoire-un-superphone-a-commande-vocale-en-langues-africaines-pour-analphabetes\/","og_site_name":"APIE NEWS","article_publisher":"https:\/\/facebook.com\/apieproject","article_published_time":"2022-09-19T10:58:13+00:00","article_modified_time":"2022-09-19T10:58:15+00:00","og_image":[{"width":768,"height":510,"url":"https:\/\/appsaf.apieproject.com\/news\/wp-content\/uploads\/sites\/29\/2022\/09\/45e3867a8f5f70261bfdff812542fb9b88b9dd48-a2554283fbda45e402e13c293b4bc90a.jpg","type":"image\/jpeg"}],"author":"staff","twitter_card":"summary_large_image","twitter_creator":"@apieproject","twitter_site":"@apieproject","twitter_misc":{"\u00c9crit par":"staff","Dur\u00e9e de lecture estim\u00e9e":"3 minutes"},"schema":{"@context":"https:\/\/schema.org","@graph":[{"@type":"Article","@id":"https:\/\/appsaf.apieproject.com\/news\/fr\/2022\/09\/19\/cote-divoire-un-superphone-a-commande-vocale-en-langues-africaines-pour-analphabetes\/#article","isPartOf":{"@id":"https:\/\/appsaf.apieproject.com\/news\/fr\/2022\/09\/19\/cote-divoire-un-superphone-a-commande-vocale-en-langues-africaines-pour-analphabetes\/"},"author":{"name":"staff","@id":"https:\/\/appsaf.apieproject.com\/news\/#\/schema\/person\/399517cac378948cd7b39086f9ddc2a7"},"headline":"C\u00f4te d&rsquo;Ivoire: un \u00ab\u00a0Superphone\u00a0\u00bb \u00e0 commande vocale en langues africaines pour analphab\u00e8tes","datePublished":"2022-09-19T10:58:13+00:00","dateModified":"2022-09-19T10:58:15+00:00","mainEntityOfPage":{"@id":"https:\/\/appsaf.apieproject.com\/news\/fr\/2022\/09\/19\/cote-divoire-un-superphone-a-commande-vocale-en-langues-africaines-pour-analphabetes\/"},"wordCount":665,"commentCount":0,"publisher":{"@id":"https:\/\/appsaf.apieproject.com\/news\/#organization"},"image":{"@id":"https:\/\/appsaf.apieproject.com\/news\/fr\/2022\/09\/19\/cote-divoire-un-superphone-a-commande-vocale-en-langues-africaines-pour-analphabetes\/#primaryimage"},"thumbnailUrl":"https:\/\/appsaf.apieproject.com\/news\/wp-content\/uploads\/sites\/29\/2022\/09\/45e3867a8f5f70261bfdff812542fb9b88b9dd48-a2554283fbda45e402e13c293b4bc90a.jpg","keywords":["actualites","apie project","technologie"],"articleSection":["Actualit\u00e9s","Technologie"],"inLanguage":"fr-FR","potentialAction":[{"@type":"CommentAction","name":"Comment","target":["https:\/\/appsaf.apieproject.com\/news\/fr\/2022\/09\/19\/cote-divoire-un-superphone-a-commande-vocale-en-langues-africaines-pour-analphabetes\/#respond"]}]},{"@type":"WebPage","@id":"https:\/\/appsaf.apieproject.com\/news\/fr\/2022\/09\/19\/cote-divoire-un-superphone-a-commande-vocale-en-langues-africaines-pour-analphabetes\/","url":"https:\/\/appsaf.apieproject.com\/news\/fr\/2022\/09\/19\/cote-divoire-un-superphone-a-commande-vocale-en-langues-africaines-pour-analphabetes\/","name":"C\u00f4te d'Ivoire: un \"Superphone\" \u00e0 commande vocale en langues africaines pour analphab\u00e8tes - APIE NEWS","isPartOf":{"@id":"https:\/\/appsaf.apieproject.com\/news\/#website"},"primaryImageOfPage":{"@id":"https:\/\/appsaf.apieproject.com\/news\/fr\/2022\/09\/19\/cote-divoire-un-superphone-a-commande-vocale-en-langues-africaines-pour-analphabetes\/#primaryimage"},"image":{"@id":"https:\/\/appsaf.apieproject.com\/news\/fr\/2022\/09\/19\/cote-divoire-un-superphone-a-commande-vocale-en-langues-africaines-pour-analphabetes\/#primaryimage"},"thumbnailUrl":"https:\/\/appsaf.apieproject.com\/news\/wp-content\/uploads\/sites\/29\/2022\/09\/45e3867a8f5f70261bfdff812542fb9b88b9dd48-a2554283fbda45e402e13c293b4bc90a.jpg","datePublished":"2022-09-19T10:58:13+00:00","dateModified":"2022-09-19T10:58:15+00:00","breadcrumb":{"@id":"https:\/\/appsaf.apieproject.com\/news\/fr\/2022\/09\/19\/cote-divoire-un-superphone-a-commande-vocale-en-langues-africaines-pour-analphabetes\/#breadcrumb"},"inLanguage":"fr-FR","potentialAction":[{"@type":"ReadAction","target":["https:\/\/appsaf.apieproject.com\/news\/fr\/2022\/09\/19\/cote-divoire-un-superphone-a-commande-vocale-en-langues-africaines-pour-analphabetes\/"]}]},{"@type":"ImageObject","inLanguage":"fr-FR","@id":"https:\/\/appsaf.apieproject.com\/news\/fr\/2022\/09\/19\/cote-divoire-un-superphone-a-commande-vocale-en-langues-africaines-pour-analphabetes\/#primaryimage","url":"https:\/\/appsaf.apieproject.com\/news\/wp-content\/uploads\/sites\/29\/2022\/09\/45e3867a8f5f70261bfdff812542fb9b88b9dd48-a2554283fbda45e402e13c293b4bc90a.jpg","contentUrl":"https:\/\/appsaf.apieproject.com\/news\/wp-content\/uploads\/sites\/29\/2022\/09\/45e3867a8f5f70261bfdff812542fb9b88b9dd48-a2554283fbda45e402e13c293b4bc90a.jpg","width":768,"height":510},{"@type":"BreadcrumbList","@id":"https:\/\/appsaf.apieproject.com\/news\/fr\/2022\/09\/19\/cote-divoire-un-superphone-a-commande-vocale-en-langues-africaines-pour-analphabetes\/#breadcrumb","itemListElement":[{"@type":"ListItem","position":1,"name":"Home","item":"https:\/\/appsaf.apieproject.com\/news\/fr\/home\/"},{"@type":"ListItem","position":2,"name":"C\u00f4te d&#8217;Ivoire: un &#8220;Superphone&#8221; \u00e0 commande vocale en langues africaines pour analphab\u00e8tes"}]},{"@type":"WebSite","@id":"https:\/\/appsaf.apieproject.com\/news\/#website","url":"https:\/\/appsaf.apieproject.com\/news\/","name":"APIE NEWS","description":"PANAFRICANISM NEWS PORTAL","publisher":{"@id":"https:\/\/appsaf.apieproject.com\/news\/#organization"},"potentialAction":[{"@type":"SearchAction","target":{"@type":"EntryPoint","urlTemplate":"https:\/\/appsaf.apieproject.com\/news\/?s={search_term_string}"},"query-input":{"@type":"PropertyValueSpecification","valueRequired":true,"valueName":"search_term_string"}}],"inLanguage":"fr-FR"},{"@type":"Organization","@id":"https:\/\/appsaf.apieproject.com\/news\/#organization","name":"APIE PROJECT","url":"https:\/\/appsaf.apieproject.com\/news\/","logo":{"@type":"ImageObject","inLanguage":"fr-FR","@id":"https:\/\/appsaf.apieproject.com\/news\/#\/schema\/logo\/image\/","url":"https:\/\/appsaf.apieproject.com\/news\/wp-content\/uploads\/sites\/29\/2022\/07\/logo-R-TransparentBackground.png","contentUrl":"https:\/\/appsaf.apieproject.com\/news\/wp-content\/uploads\/sites\/29\/2022\/07\/logo-R-TransparentBackground.png","width":512,"height":512,"caption":"APIE PROJECT"},"image":{"@id":"https:\/\/appsaf.apieproject.com\/news\/#\/schema\/logo\/image\/"},"sameAs":["https:\/\/facebook.com\/apieproject","https:\/\/x.com\/apieproject"]},{"@type":"Person","@id":"https:\/\/appsaf.apieproject.com\/news\/#\/schema\/person\/399517cac378948cd7b39086f9ddc2a7","name":"staff","image":{"@type":"ImageObject","inLanguage":"fr-FR","@id":"https:\/\/appsaf.apieproject.com\/news\/#\/schema\/person\/image\/","url":"https:\/\/secure.gravatar.com\/avatar\/5386283c5db150efe261184bd59f072a?s=96&d=mm&r=g","contentUrl":"https:\/\/secure.gravatar.com\/avatar\/5386283c5db150efe261184bd59f072a?s=96&d=mm&r=g","caption":"staff"},"url":"https:\/\/appsaf.apieproject.com\/news\/fr\/author\/staff\/"}]}},"_links":{"self":[{"href":"https:\/\/appsaf.apieproject.com\/news\/fr\/wp-json\/wp\/v2\/posts\/16774","targetHints":{"allow":["GET"]}}],"collection":[{"href":"https:\/\/appsaf.apieproject.com\/news\/fr\/wp-json\/wp\/v2\/posts"}],"about":[{"href":"https:\/\/appsaf.apieproject.com\/news\/fr\/wp-json\/wp\/v2\/types\/post"}],"author":[{"embeddable":true,"href":"https:\/\/appsaf.apieproject.com\/news\/fr\/wp-json\/wp\/v2\/users\/12963"}],"replies":[{"embeddable":true,"href":"https:\/\/appsaf.apieproject.com\/news\/fr\/wp-json\/wp\/v2\/comments?post=16774"}],"version-history":[{"count":1,"href":"https:\/\/appsaf.apieproject.com\/news\/fr\/wp-json\/wp\/v2\/posts\/16774\/revisions"}],"predecessor-version":[{"id":17670,"href":"https:\/\/appsaf.apieproject.com\/news\/fr\/wp-json\/wp\/v2\/posts\/16774\/revisions\/17670"}],"wp:featuredmedia":[{"embeddable":true,"href":"https:\/\/appsaf.apieproject.com\/news\/fr\/wp-json\/wp\/v2\/media\/16771"}],"wp:attachment":[{"href":"https:\/\/appsaf.apieproject.com\/news\/fr\/wp-json\/wp\/v2\/media?parent=16774"}],"wp:term":[{"taxonomy":"category","embeddable":true,"href":"https:\/\/appsaf.apieproject.com\/news\/fr\/wp-json\/wp\/v2\/categories?post=16774"},{"taxonomy":"post_tag","embeddable":true,"href":"https:\/\/appsaf.apieproject.com\/news\/fr\/wp-json\/wp\/v2\/tags?post=16774"}],"curies":[{"name":"wp","href":"https:\/\/api.w.org\/{rel}","templated":true}]}}