{"id":17169,"date":"2022-09-19T16:35:31","date_gmt":"2022-09-19T16:35:31","guid":{"rendered":"https:\/\/appsaf.apieproject.com\/news\/?p=17169"},"modified":"2022-09-19T16:35:32","modified_gmt":"2022-09-19T16:35:32","slug":"rabat-abrite-en-decembre-le-14eme-festival-international-de-la-mode-en-afrique","status":"publish","type":"post","link":"https:\/\/appsaf.apieproject.com\/news\/fr\/2022\/09\/19\/rabat-abrite-en-decembre-le-14eme-festival-international-de-la-mode-en-afrique\/","title":{"rendered":"Rabat abrite en d\u00e9cembre le 14\u00e8me Festival international de la mode en Afrique"},"content":{"rendered":"<p>Apr\u00e8s une \u00e9dition \u201dtr\u00e8s r\u00e9ussie\u2019\u2019 \u00e0 Dakhla en 2018, le FIMA transcende ainsi les fronti\u00e8res une fois de plus pour atterrir dans la capitale du Royaume en vue du renforcement des liens culturels qui unissent le continent.<\/p>\n<p>Cette 14\u00e8me \u00e9dition du FIMA se tiendra sous le th\u00e8me \u201cla synergie des cultures pour le d\u00e9veloppement de l\u2019Afrique\u201d, avec pour ambition de mettre \u00e0 l\u2019honneur le potentiel artistique africain, \u00e0 travers la mode notamment.<\/p>\n<p>Cette manifestation sera l\u2019occasion de mettre en exergue l\u2019identit\u00e9 culturelle du continent africain, ainsi que les potentialit\u00e9s \u00e9conomiques, qui seront au centre des d\u00e9bats des diff\u00e9rentes rencontres pr\u00e9vues au programme, affirmant son ambition de faire de la culture un \u00e9l\u00e9ment fondamental dans la construction de la paix, a assur\u00e9 l\u2019ambassadeur de bonne volont\u00e9 de l\u2019Unesco pour l\u2019innovation et la cr\u00e9ation africaine et pr\u00e9sident-fondateur du festival, Seidnaly Sidahmed Alphadi, lors d\u2019une conf\u00e9rence de presse, tenue au si\u00e8ge de l\u2019Unesco.<\/p>\n<p>Il a indiqu\u00e9 qu\u2019\u2019\u2019un \u00e9v\u00e9nement de taille, comme \u2018Rabat, capitale africaine de la culture\u2019, m\u00e9rite l\u2019adh\u00e9sion de nous tous, artistes hommes de lettres, acteurs culturels et d\u00e9cideurs politiques et m\u00e9dias, afin de nous inscrire dans la dynamique du th\u00e8me choisi pour cette \u00e9dition\u2019\u2019.<\/p>\n<p>\u201cLa pertinence du th\u00e8me choisi nous interpelle \u00e0 tout point de vue, car nous sommes d\u00e9tenteurs d\u2019un h\u00e9ritage dont la richesse est inestimable. Il nous appartient de l\u00e9guer aux g\u00e9n\u00e9rations futures ce pr\u00e9cieux tr\u00e9sor dans toute sa pl\u00e9nitude, car il est incontestablement un outil incontournable et fondamental pour le d\u00e9veloppement durable et une paix permanente\u2019\u2019, a-t-il encha\u00een\u00e9.<\/p>\n<p>De son c\u00f4t\u00e9, l\u2019ambassadeur, repr\u00e9sentant permanent du Maroc aupr\u00e8s de l\u2019Unesco, Samir Addahre, a indiqu\u00e9 que le FIMA d\u00e9passe le cadre d\u2019un \u201cfestival classique\u201d, relevant que celui-ci a une \u201cvision culturelle int\u00e9gr\u00e9e\u201d. \u201cIl s\u2019agit d\u2019un festival qui vise \u00e0 porter un v\u00e9ritable projet \u00e9conomique et social au profit de la jeunesse africaine\u201d, a-t-il fait observer.<\/p>\n<p>Il a \u00e9galement relev\u00e9 qu\u2019une nouvelle conscience \u00e9merge en Afrique, notamment de la part de la jeunesse et m\u00eame des responsables africains, affirmant que l\u2019Afrique doit s\u2019\u00e9manciper et se prendre en charge avec ses propres moyens.<\/p>\n<p>\u201cNous sommes pour une Afrique qui rayonne, qui s\u2019\u00e9mancipe, qui se prend en charge\u201d, a soulign\u00e9 M. Addahre, pr\u00e9cisant que SM le Roi Mohammed VI porte une \u201cv\u00e9ritable ambition\u201d pour le continent africain.<\/p>\n<p>De son c\u00f4t\u00e9, le repr\u00e9sentant de la directrice g\u00e9n\u00e9rale de l\u2019Unesco \u00e0 cette conf\u00e9rence a indiqu\u00e9 que, depuis sa cr\u00e9ation, l\u2019Unesco est fi\u00e8re de s\u2019associer aux \u00e9ditions du FIMA, soulignant que ce genre d\u2019initiatives est \u201cfondamental\u201d pour le d\u00e9veloppement de la cr\u00e9ativit\u00e9 africaine de fa\u00e7on g\u00e9n\u00e9rale, mais aussi dans le domaine de la mode.<\/p>\n<p>Il a aussi annonc\u00e9 le lancement par l\u2019Unesco d\u2019une \u00e9tude sur l\u2019industrie de la mode et du textile en Afrique, faisant savoir que celle-ci vise \u00e0 faire l\u2019\u00e9tat des lieux de ce secteur porteur, \u00e0 m\u00eame de conna\u00eetre ses tendances, mais aussi d\u00e9gager et identifier les opportunit\u00e9s de sa croissance.<\/p>\n<p>Pour sa part, le secr\u00e9taire ex\u00e9cutif des Cit\u00e9s et Gouvernements Locaux Unis d\u2019Afrique (CGLU Afrique), Jean Pierre Elong Mbassi, a rappel\u00e9 qu\u2019\u00e0 l\u2019occasion de l\u2019\u00e9v\u00e9nement panafricain phare du CGLU \u2013 Africit\u00e9s (2018), tenu \u00e0 Marrakech, les maires ont estim\u00e9 que la culture \u00e9tait \u201cle maillon manquant\u201d dans les politiques de d\u00e9veloppement local.<\/p>\n<p>\u201cLes maires ont ainsi d\u00e9cid\u00e9 qu\u2019il fallait absolument que la culture retrouve sa place pour le d\u00e9veloppement de nos continents et instituer la c\u00e9l\u00e9bration des capitales africaines de la culture\u201d, a-t-il soulev\u00e9, rappelant que c\u2019est dans ce cadre que Rabat \u00e9tait choisie pour \u00eatre la premi\u00e8re capitale africaine de la culture.<\/p>\n<p>M. Mbassi a \u00e9galement d\u00e9voil\u00e9 le programme des \u201cCapitales africaines de la culture\u201d, qui pr\u00e9voit l\u2019organisation d\u2019activit\u00e9s et d\u2019\u00e9v\u00e9nements dans les domaines notamment de la litt\u00e9rature, la musique, la danse, la photo, du design, outre des forums et des rencontres interculturelles.<\/p>\n<p>Cr\u00e9\u00e9 par Alphadi en 1998 au Niger, le FIMA vise \u00e0 promouvoir l\u2019\u00e9mergence d\u2019une industrie de la mode et des Arts au service du d\u00e9veloppement, \u00e0 capitaliser le savoir-faire artisanal traditionnel africain et de faire de l\u2019Afrique un hub de l\u2019industrie de la Mode, des Arts et de la Culture.<\/p>\n","protected":false},"excerpt":{"rendered":"<p>La ville de Rabat accueillera, du 7 au 10 d\u00e9cembre prochain, la 14\u00e8me \u00e9dition du Festival international de la mode en Afrique (FIMA 2022), \u00e0 l\u2019occasion des c\u00e9l\u00e9brations marquant les festivit\u00e9s de \u201cRabat, capitale africaine de la culture\u201d, ont annonc\u00e9 les organisateurs, mardi \u00e0 Paris.<\/p>\n","protected":false},"author":12963,"featured_media":17166,"comment_status":"open","ping_status":"open","sticky":false,"template":"","format":"standard","meta":{"footnotes":""},"categories":[57,63],"tags":[78,95,94],"class_list":{"0":"post-17169","1":"post","2":"type-post","3":"status-publish","4":"format-standard","5":"has-post-thumbnail","7":"category-mode","8":"category-mode-de-vie","9":"tag-apie-project-2","10":"tag-mode","11":"tag-mode-de-vie"},"yoast_head":"<!-- This site is optimized with the Yoast SEO plugin v24.4 - https:\/\/yoast.com\/wordpress\/plugins\/seo\/ -->\n<title>Rabat abrite en d\u00e9cembre le 14\u00e8me Festival international de la mode en Afrique - APIE NEWS<\/title>\n<meta name=\"robots\" content=\"index, follow, max-snippet:-1, max-image-preview:large, max-video-preview:-1\" \/>\n<link rel=\"canonical\" href=\"https:\/\/appsaf.apieproject.com\/news\/fr\/2022\/09\/19\/rabat-abrite-en-decembre-le-14eme-festival-international-de-la-mode-en-afrique\/\" \/>\n<meta property=\"og:locale\" content=\"fr_FR\" \/>\n<meta property=\"og:type\" content=\"article\" \/>\n<meta property=\"og:title\" content=\"Rabat abrite en d\u00e9cembre le 14\u00e8me Festival international de la mode en Afrique - APIE NEWS\" \/>\n<meta property=\"og:description\" content=\"La ville de Rabat accueillera, du 7 au 10 d\u00e9cembre prochain, la 14\u00e8me \u00e9dition du Festival international de la mode en Afrique (FIMA 2022), \u00e0 l\u2019occasion des c\u00e9l\u00e9brations marquant les festivit\u00e9s de \u201cRabat, capitale africaine de la culture\u201d, ont annonc\u00e9 les organisateurs, mardi \u00e0 Paris.\" \/>\n<meta property=\"og:url\" content=\"https:\/\/appsaf.apieproject.com\/news\/fr\/2022\/09\/19\/rabat-abrite-en-decembre-le-14eme-festival-international-de-la-mode-en-afrique\/\" \/>\n<meta property=\"og:site_name\" content=\"APIE NEWS\" \/>\n<meta property=\"article:publisher\" content=\"https:\/\/facebook.com\/apieproject\" \/>\n<meta property=\"article:published_time\" content=\"2022-09-19T16:35:31+00:00\" \/>\n<meta property=\"article:modified_time\" content=\"2022-09-19T16:35:32+00:00\" \/>\n<meta property=\"og:image\" content=\"https:\/\/appsaf.apieproject.com\/news\/wp-content\/uploads\/sites\/29\/2022\/09\/festival-de-la-mode-1663095608-750x418-612d144ae43eb3bb8bab69e65a9efe8f.jpg\" \/>\n\t<meta property=\"og:image:width\" content=\"750\" \/>\n\t<meta property=\"og:image:height\" content=\"418\" \/>\n\t<meta property=\"og:image:type\" content=\"image\/jpeg\" \/>\n<meta name=\"author\" content=\"staff\" \/>\n<meta name=\"twitter:card\" content=\"summary_large_image\" \/>\n<meta name=\"twitter:creator\" content=\"@apieproject\" \/>\n<meta name=\"twitter:site\" content=\"@apieproject\" \/>\n<meta name=\"twitter:label1\" content=\"\u00c9crit par\" \/>\n\t<meta name=\"twitter:data1\" content=\"staff\" \/>\n\t<meta name=\"twitter:label2\" content=\"Dur\u00e9e de lecture estim\u00e9e\" \/>\n\t<meta name=\"twitter:data2\" content=\"4 minutes\" \/>\n<script type=\"application\/ld+json\" class=\"yoast-schema-graph\">{\"@context\":\"https:\/\/schema.org\",\"@graph\":[{\"@type\":\"Article\",\"@id\":\"https:\/\/appsaf.apieproject.com\/news\/fr\/2022\/09\/19\/rabat-abrite-en-decembre-le-14eme-festival-international-de-la-mode-en-afrique\/#article\",\"isPartOf\":{\"@id\":\"https:\/\/appsaf.apieproject.com\/news\/fr\/2022\/09\/19\/rabat-abrite-en-decembre-le-14eme-festival-international-de-la-mode-en-afrique\/\"},\"author\":{\"name\":\"staff\",\"@id\":\"https:\/\/appsaf.apieproject.com\/news\/#\/schema\/person\/399517cac378948cd7b39086f9ddc2a7\"},\"headline\":\"Rabat abrite en d\u00e9cembre le 14\u00e8me Festival international de la mode en Afrique\",\"datePublished\":\"2022-09-19T16:35:31+00:00\",\"dateModified\":\"2022-09-19T16:35:32+00:00\",\"mainEntityOfPage\":{\"@id\":\"https:\/\/appsaf.apieproject.com\/news\/fr\/2022\/09\/19\/rabat-abrite-en-decembre-le-14eme-festival-international-de-la-mode-en-afrique\/\"},\"wordCount\":787,\"commentCount\":0,\"publisher\":{\"@id\":\"https:\/\/appsaf.apieproject.com\/news\/#organization\"},\"image\":{\"@id\":\"https:\/\/appsaf.apieproject.com\/news\/fr\/2022\/09\/19\/rabat-abrite-en-decembre-le-14eme-festival-international-de-la-mode-en-afrique\/#primaryimage\"},\"thumbnailUrl\":\"https:\/\/appsaf.apieproject.com\/news\/wp-content\/uploads\/sites\/29\/2022\/09\/festival-de-la-mode-1663095608-750x418-612d144ae43eb3bb8bab69e65a9efe8f.jpg\",\"keywords\":[\"apie project\",\"mode\",\"mode de vie\"],\"articleSection\":[\"Mode\",\"Mode de Vie\"],\"inLanguage\":\"fr-FR\",\"potentialAction\":[{\"@type\":\"CommentAction\",\"name\":\"Comment\",\"target\":[\"https:\/\/appsaf.apieproject.com\/news\/fr\/2022\/09\/19\/rabat-abrite-en-decembre-le-14eme-festival-international-de-la-mode-en-afrique\/#respond\"]}]},{\"@type\":\"WebPage\",\"@id\":\"https:\/\/appsaf.apieproject.com\/news\/fr\/2022\/09\/19\/rabat-abrite-en-decembre-le-14eme-festival-international-de-la-mode-en-afrique\/\",\"url\":\"https:\/\/appsaf.apieproject.com\/news\/fr\/2022\/09\/19\/rabat-abrite-en-decembre-le-14eme-festival-international-de-la-mode-en-afrique\/\",\"name\":\"Rabat abrite en d\u00e9cembre le 14\u00e8me Festival international de la mode en Afrique - APIE NEWS\",\"isPartOf\":{\"@id\":\"https:\/\/appsaf.apieproject.com\/news\/#website\"},\"primaryImageOfPage\":{\"@id\":\"https:\/\/appsaf.apieproject.com\/news\/fr\/2022\/09\/19\/rabat-abrite-en-decembre-le-14eme-festival-international-de-la-mode-en-afrique\/#primaryimage\"},\"image\":{\"@id\":\"https:\/\/appsaf.apieproject.com\/news\/fr\/2022\/09\/19\/rabat-abrite-en-decembre-le-14eme-festival-international-de-la-mode-en-afrique\/#primaryimage\"},\"thumbnailUrl\":\"https:\/\/appsaf.apieproject.com\/news\/wp-content\/uploads\/sites\/29\/2022\/09\/festival-de-la-mode-1663095608-750x418-612d144ae43eb3bb8bab69e65a9efe8f.jpg\",\"datePublished\":\"2022-09-19T16:35:31+00:00\",\"dateModified\":\"2022-09-19T16:35:32+00:00\",\"breadcrumb\":{\"@id\":\"https:\/\/appsaf.apieproject.com\/news\/fr\/2022\/09\/19\/rabat-abrite-en-decembre-le-14eme-festival-international-de-la-mode-en-afrique\/#breadcrumb\"},\"inLanguage\":\"fr-FR\",\"potentialAction\":[{\"@type\":\"ReadAction\",\"target\":[\"https:\/\/appsaf.apieproject.com\/news\/fr\/2022\/09\/19\/rabat-abrite-en-decembre-le-14eme-festival-international-de-la-mode-en-afrique\/\"]}]},{\"@type\":\"ImageObject\",\"inLanguage\":\"fr-FR\",\"@id\":\"https:\/\/appsaf.apieproject.com\/news\/fr\/2022\/09\/19\/rabat-abrite-en-decembre-le-14eme-festival-international-de-la-mode-en-afrique\/#primaryimage\",\"url\":\"https:\/\/appsaf.apieproject.com\/news\/wp-content\/uploads\/sites\/29\/2022\/09\/festival-de-la-mode-1663095608-750x418-612d144ae43eb3bb8bab69e65a9efe8f.jpg\",\"contentUrl\":\"https:\/\/appsaf.apieproject.com\/news\/wp-content\/uploads\/sites\/29\/2022\/09\/festival-de-la-mode-1663095608-750x418-612d144ae43eb3bb8bab69e65a9efe8f.jpg\",\"width\":750,\"height\":418},{\"@type\":\"BreadcrumbList\",\"@id\":\"https:\/\/appsaf.apieproject.com\/news\/fr\/2022\/09\/19\/rabat-abrite-en-decembre-le-14eme-festival-international-de-la-mode-en-afrique\/#breadcrumb\",\"itemListElement\":[{\"@type\":\"ListItem\",\"position\":1,\"name\":\"Home\",\"item\":\"https:\/\/appsaf.apieproject.com\/news\/fr\/home\/\"},{\"@type\":\"ListItem\",\"position\":2,\"name\":\"Rabat abrite en d\u00e9cembre le 14\u00e8me Festival international de la mode en Afrique\"}]},{\"@type\":\"WebSite\",\"@id\":\"https:\/\/appsaf.apieproject.com\/news\/#website\",\"url\":\"https:\/\/appsaf.apieproject.com\/news\/\",\"name\":\"APIE NEWS\",\"description\":\"PANAFRICANISM NEWS PORTAL\",\"publisher\":{\"@id\":\"https:\/\/appsaf.apieproject.com\/news\/#organization\"},\"potentialAction\":[{\"@type\":\"SearchAction\",\"target\":{\"@type\":\"EntryPoint\",\"urlTemplate\":\"https:\/\/appsaf.apieproject.com\/news\/?s={search_term_string}\"},\"query-input\":{\"@type\":\"PropertyValueSpecification\",\"valueRequired\":true,\"valueName\":\"search_term_string\"}}],\"inLanguage\":\"fr-FR\"},{\"@type\":\"Organization\",\"@id\":\"https:\/\/appsaf.apieproject.com\/news\/#organization\",\"name\":\"APIE PROJECT\",\"url\":\"https:\/\/appsaf.apieproject.com\/news\/\",\"logo\":{\"@type\":\"ImageObject\",\"inLanguage\":\"fr-FR\",\"@id\":\"https:\/\/appsaf.apieproject.com\/news\/#\/schema\/logo\/image\/\",\"url\":\"https:\/\/appsaf.apieproject.com\/news\/wp-content\/uploads\/sites\/29\/2022\/07\/logo-R-TransparentBackground.png\",\"contentUrl\":\"https:\/\/appsaf.apieproject.com\/news\/wp-content\/uploads\/sites\/29\/2022\/07\/logo-R-TransparentBackground.png\",\"width\":512,\"height\":512,\"caption\":\"APIE PROJECT\"},\"image\":{\"@id\":\"https:\/\/appsaf.apieproject.com\/news\/#\/schema\/logo\/image\/\"},\"sameAs\":[\"https:\/\/facebook.com\/apieproject\",\"https:\/\/x.com\/apieproject\"]},{\"@type\":\"Person\",\"@id\":\"https:\/\/appsaf.apieproject.com\/news\/#\/schema\/person\/399517cac378948cd7b39086f9ddc2a7\",\"name\":\"staff\",\"image\":{\"@type\":\"ImageObject\",\"inLanguage\":\"fr-FR\",\"@id\":\"https:\/\/appsaf.apieproject.com\/news\/#\/schema\/person\/image\/\",\"url\":\"https:\/\/secure.gravatar.com\/avatar\/5386283c5db150efe261184bd59f072a?s=96&d=mm&r=g\",\"contentUrl\":\"https:\/\/secure.gravatar.com\/avatar\/5386283c5db150efe261184bd59f072a?s=96&d=mm&r=g\",\"caption\":\"staff\"},\"url\":\"https:\/\/appsaf.apieproject.com\/news\/fr\/author\/staff\/\"}]}<\/script>\n<!-- \/ Yoast SEO plugin. -->","yoast_head_json":{"title":"Rabat abrite en d\u00e9cembre le 14\u00e8me Festival international de la mode en Afrique - APIE NEWS","robots":{"index":"index","follow":"follow","max-snippet":"max-snippet:-1","max-image-preview":"max-image-preview:large","max-video-preview":"max-video-preview:-1"},"canonical":"https:\/\/appsaf.apieproject.com\/news\/fr\/2022\/09\/19\/rabat-abrite-en-decembre-le-14eme-festival-international-de-la-mode-en-afrique\/","og_locale":"fr_FR","og_type":"article","og_title":"Rabat abrite en d\u00e9cembre le 14\u00e8me Festival international de la mode en Afrique - APIE NEWS","og_description":"La ville de Rabat accueillera, du 7 au 10 d\u00e9cembre prochain, la 14\u00e8me \u00e9dition du Festival international de la mode en Afrique (FIMA 2022), \u00e0 l\u2019occasion des c\u00e9l\u00e9brations marquant les festivit\u00e9s de \u201cRabat, capitale africaine de la culture\u201d, ont annonc\u00e9 les organisateurs, mardi \u00e0 Paris.","og_url":"https:\/\/appsaf.apieproject.com\/news\/fr\/2022\/09\/19\/rabat-abrite-en-decembre-le-14eme-festival-international-de-la-mode-en-afrique\/","og_site_name":"APIE NEWS","article_publisher":"https:\/\/facebook.com\/apieproject","article_published_time":"2022-09-19T16:35:31+00:00","article_modified_time":"2022-09-19T16:35:32+00:00","og_image":[{"width":750,"height":418,"url":"https:\/\/appsaf.apieproject.com\/news\/wp-content\/uploads\/sites\/29\/2022\/09\/festival-de-la-mode-1663095608-750x418-612d144ae43eb3bb8bab69e65a9efe8f.jpg","type":"image\/jpeg"}],"author":"staff","twitter_card":"summary_large_image","twitter_creator":"@apieproject","twitter_site":"@apieproject","twitter_misc":{"\u00c9crit par":"staff","Dur\u00e9e de lecture estim\u00e9e":"4 minutes"},"schema":{"@context":"https:\/\/schema.org","@graph":[{"@type":"Article","@id":"https:\/\/appsaf.apieproject.com\/news\/fr\/2022\/09\/19\/rabat-abrite-en-decembre-le-14eme-festival-international-de-la-mode-en-afrique\/#article","isPartOf":{"@id":"https:\/\/appsaf.apieproject.com\/news\/fr\/2022\/09\/19\/rabat-abrite-en-decembre-le-14eme-festival-international-de-la-mode-en-afrique\/"},"author":{"name":"staff","@id":"https:\/\/appsaf.apieproject.com\/news\/#\/schema\/person\/399517cac378948cd7b39086f9ddc2a7"},"headline":"Rabat abrite en d\u00e9cembre le 14\u00e8me Festival international de la mode en Afrique","datePublished":"2022-09-19T16:35:31+00:00","dateModified":"2022-09-19T16:35:32+00:00","mainEntityOfPage":{"@id":"https:\/\/appsaf.apieproject.com\/news\/fr\/2022\/09\/19\/rabat-abrite-en-decembre-le-14eme-festival-international-de-la-mode-en-afrique\/"},"wordCount":787,"commentCount":0,"publisher":{"@id":"https:\/\/appsaf.apieproject.com\/news\/#organization"},"image":{"@id":"https:\/\/appsaf.apieproject.com\/news\/fr\/2022\/09\/19\/rabat-abrite-en-decembre-le-14eme-festival-international-de-la-mode-en-afrique\/#primaryimage"},"thumbnailUrl":"https:\/\/appsaf.apieproject.com\/news\/wp-content\/uploads\/sites\/29\/2022\/09\/festival-de-la-mode-1663095608-750x418-612d144ae43eb3bb8bab69e65a9efe8f.jpg","keywords":["apie project","mode","mode de vie"],"articleSection":["Mode","Mode de Vie"],"inLanguage":"fr-FR","potentialAction":[{"@type":"CommentAction","name":"Comment","target":["https:\/\/appsaf.apieproject.com\/news\/fr\/2022\/09\/19\/rabat-abrite-en-decembre-le-14eme-festival-international-de-la-mode-en-afrique\/#respond"]}]},{"@type":"WebPage","@id":"https:\/\/appsaf.apieproject.com\/news\/fr\/2022\/09\/19\/rabat-abrite-en-decembre-le-14eme-festival-international-de-la-mode-en-afrique\/","url":"https:\/\/appsaf.apieproject.com\/news\/fr\/2022\/09\/19\/rabat-abrite-en-decembre-le-14eme-festival-international-de-la-mode-en-afrique\/","name":"Rabat abrite en d\u00e9cembre le 14\u00e8me Festival international de la mode en Afrique - APIE NEWS","isPartOf":{"@id":"https:\/\/appsaf.apieproject.com\/news\/#website"},"primaryImageOfPage":{"@id":"https:\/\/appsaf.apieproject.com\/news\/fr\/2022\/09\/19\/rabat-abrite-en-decembre-le-14eme-festival-international-de-la-mode-en-afrique\/#primaryimage"},"image":{"@id":"https:\/\/appsaf.apieproject.com\/news\/fr\/2022\/09\/19\/rabat-abrite-en-decembre-le-14eme-festival-international-de-la-mode-en-afrique\/#primaryimage"},"thumbnailUrl":"https:\/\/appsaf.apieproject.com\/news\/wp-content\/uploads\/sites\/29\/2022\/09\/festival-de-la-mode-1663095608-750x418-612d144ae43eb3bb8bab69e65a9efe8f.jpg","datePublished":"2022-09-19T16:35:31+00:00","dateModified":"2022-09-19T16:35:32+00:00","breadcrumb":{"@id":"https:\/\/appsaf.apieproject.com\/news\/fr\/2022\/09\/19\/rabat-abrite-en-decembre-le-14eme-festival-international-de-la-mode-en-afrique\/#breadcrumb"},"inLanguage":"fr-FR","potentialAction":[{"@type":"ReadAction","target":["https:\/\/appsaf.apieproject.com\/news\/fr\/2022\/09\/19\/rabat-abrite-en-decembre-le-14eme-festival-international-de-la-mode-en-afrique\/"]}]},{"@type":"ImageObject","inLanguage":"fr-FR","@id":"https:\/\/appsaf.apieproject.com\/news\/fr\/2022\/09\/19\/rabat-abrite-en-decembre-le-14eme-festival-international-de-la-mode-en-afrique\/#primaryimage","url":"https:\/\/appsaf.apieproject.com\/news\/wp-content\/uploads\/sites\/29\/2022\/09\/festival-de-la-mode-1663095608-750x418-612d144ae43eb3bb8bab69e65a9efe8f.jpg","contentUrl":"https:\/\/appsaf.apieproject.com\/news\/wp-content\/uploads\/sites\/29\/2022\/09\/festival-de-la-mode-1663095608-750x418-612d144ae43eb3bb8bab69e65a9efe8f.jpg","width":750,"height":418},{"@type":"BreadcrumbList","@id":"https:\/\/appsaf.apieproject.com\/news\/fr\/2022\/09\/19\/rabat-abrite-en-decembre-le-14eme-festival-international-de-la-mode-en-afrique\/#breadcrumb","itemListElement":[{"@type":"ListItem","position":1,"name":"Home","item":"https:\/\/appsaf.apieproject.com\/news\/fr\/home\/"},{"@type":"ListItem","position":2,"name":"Rabat abrite en d\u00e9cembre le 14\u00e8me Festival international de la mode en Afrique"}]},{"@type":"WebSite","@id":"https:\/\/appsaf.apieproject.com\/news\/#website","url":"https:\/\/appsaf.apieproject.com\/news\/","name":"APIE NEWS","description":"PANAFRICANISM NEWS PORTAL","publisher":{"@id":"https:\/\/appsaf.apieproject.com\/news\/#organization"},"potentialAction":[{"@type":"SearchAction","target":{"@type":"EntryPoint","urlTemplate":"https:\/\/appsaf.apieproject.com\/news\/?s={search_term_string}"},"query-input":{"@type":"PropertyValueSpecification","valueRequired":true,"valueName":"search_term_string"}}],"inLanguage":"fr-FR"},{"@type":"Organization","@id":"https:\/\/appsaf.apieproject.com\/news\/#organization","name":"APIE PROJECT","url":"https:\/\/appsaf.apieproject.com\/news\/","logo":{"@type":"ImageObject","inLanguage":"fr-FR","@id":"https:\/\/appsaf.apieproject.com\/news\/#\/schema\/logo\/image\/","url":"https:\/\/appsaf.apieproject.com\/news\/wp-content\/uploads\/sites\/29\/2022\/07\/logo-R-TransparentBackground.png","contentUrl":"https:\/\/appsaf.apieproject.com\/news\/wp-content\/uploads\/sites\/29\/2022\/07\/logo-R-TransparentBackground.png","width":512,"height":512,"caption":"APIE PROJECT"},"image":{"@id":"https:\/\/appsaf.apieproject.com\/news\/#\/schema\/logo\/image\/"},"sameAs":["https:\/\/facebook.com\/apieproject","https:\/\/x.com\/apieproject"]},{"@type":"Person","@id":"https:\/\/appsaf.apieproject.com\/news\/#\/schema\/person\/399517cac378948cd7b39086f9ddc2a7","name":"staff","image":{"@type":"ImageObject","inLanguage":"fr-FR","@id":"https:\/\/appsaf.apieproject.com\/news\/#\/schema\/person\/image\/","url":"https:\/\/secure.gravatar.com\/avatar\/5386283c5db150efe261184bd59f072a?s=96&d=mm&r=g","contentUrl":"https:\/\/secure.gravatar.com\/avatar\/5386283c5db150efe261184bd59f072a?s=96&d=mm&r=g","caption":"staff"},"url":"https:\/\/appsaf.apieproject.com\/news\/fr\/author\/staff\/"}]}},"_links":{"self":[{"href":"https:\/\/appsaf.apieproject.com\/news\/fr\/wp-json\/wp\/v2\/posts\/17169","targetHints":{"allow":["GET"]}}],"collection":[{"href":"https:\/\/appsaf.apieproject.com\/news\/fr\/wp-json\/wp\/v2\/posts"}],"about":[{"href":"https:\/\/appsaf.apieproject.com\/news\/fr\/wp-json\/wp\/v2\/types\/post"}],"author":[{"embeddable":true,"href":"https:\/\/appsaf.apieproject.com\/news\/fr\/wp-json\/wp\/v2\/users\/12963"}],"replies":[{"embeddable":true,"href":"https:\/\/appsaf.apieproject.com\/news\/fr\/wp-json\/wp\/v2\/comments?post=17169"}],"version-history":[{"count":1,"href":"https:\/\/appsaf.apieproject.com\/news\/fr\/wp-json\/wp\/v2\/posts\/17169\/revisions"}],"predecessor-version":[{"id":17726,"href":"https:\/\/appsaf.apieproject.com\/news\/fr\/wp-json\/wp\/v2\/posts\/17169\/revisions\/17726"}],"wp:featuredmedia":[{"embeddable":true,"href":"https:\/\/appsaf.apieproject.com\/news\/fr\/wp-json\/wp\/v2\/media\/17166"}],"wp:attachment":[{"href":"https:\/\/appsaf.apieproject.com\/news\/fr\/wp-json\/wp\/v2\/media?parent=17169"}],"wp:term":[{"taxonomy":"category","embeddable":true,"href":"https:\/\/appsaf.apieproject.com\/news\/fr\/wp-json\/wp\/v2\/categories?post=17169"},{"taxonomy":"post_tag","embeddable":true,"href":"https:\/\/appsaf.apieproject.com\/news\/fr\/wp-json\/wp\/v2\/tags?post=17169"}],"curies":[{"name":"wp","href":"https:\/\/api.w.org\/{rel}","templated":true}]}}