{"id":17177,"date":"2022-09-19T16:41:04","date_gmt":"2022-09-19T16:41:04","guid":{"rendered":"https:\/\/appsaf.apieproject.com\/news\/?p=17177"},"modified":"2022-09-19T16:41:06","modified_gmt":"2022-09-19T16:41:06","slug":"photographie-daniel-obasi-lagos-artillerie","status":"publish","type":"post","link":"https:\/\/appsaf.apieproject.com\/news\/fr\/2022\/09\/19\/photographie-daniel-obasi-lagos-artillerie\/","title":{"rendered":"Photographie: Daniel Obasi, Lagos artillerie"},"content":{"rendered":"<p>\u00abTranscender les merveilles et les al\u00e9as du pr\u00e9sent tout en imaginant un futur qui repose sur le r\u00eave et l\u2019activisme.\u00bb Voil\u00e0 ce \u00e0 quoi aspire le Nig\u00e9rian Daniel Obasi quand il saisit son objectif, nous dit-il au t\u00e9l\u00e9phone depuis Lagos, o\u00f9 il vit. Photographe de mode et styliste de 27 ans, Daniel Obasi s\u2019inscrit dans le courant photographique que le critique d\u2019art am\u00e9ricain Antwaun Sargent nomme \u00abThe New Black Vanguard\u00bb. La nouvelle avant-garde noire ? Un bataillon de photographes millenials (\u00e2g\u00e9s de 25 \u00e0 35 ans), qui, depuis quelques ann\u00e9es, placent leurs clich\u00e9s au sein des plus prestigieux magazines de papier glac\u00e9, de Vogue \u00e0 Harper\u2019s Bazaar. Leur point commun : ils revoient et resituent l\u2019image du corps noir dans la mode, avec une focale qui se veut autant artistique que militante. Parmi eux, l\u2019Afro-Am\u00e9ricain Tyler Mitchell (qui a photographi\u00e9 Beyonc\u00e9 pour Vogue en 2018, \u00e0 seulement 23 ans), la Nig\u00e9riano-Britannique Nadine Ijewere, la Suisso-Guin\u00e9enne Namsa Leuba et, donc, Daniel Obasi.<\/p>\n<p>Tourbillon urbain<br \/>\nLes \u00e9ditions Louis Vuitton ont fait appel \u00e0 lui pour un nouvel ouvrage (1), Lagos &#8211; Beautiful Resistance, consacr\u00e9 \u00e0 son travail dans cette tentaculaire m\u00e9galopole nig\u00e9riane. L\u2019ouvrage s\u2019inscrit dans la collection de livres de voyages Fashion Eye, o\u00f9 des photographes de mode \u2013 v\u00e9t\u00e9rans comme jeunes pousses \u2013 sont invit\u00e9s \u00e0 proposer leur regard sur un lieu. Ici, on plonge dans le tourbillon urbain de Lagos via la vision qu\u2019a Daniel Obasi de la mode. Elle repose sur l\u2019onirisme (tenues vaporeuses, mouvements a\u00e9riens, regards songeurs ou fuyants), le surr\u00e9alisme (maquillage insolite, perruques aux couleurs chatoyantes, masques, costumes traditionnels), la science-fiction (casques de cosmonautes, coiffures futuristes) le militantisme et la libert\u00e9 (le nu, le drapeau nig\u00e9rian, les embl\u00e8mes sociopolitiques, les armes \u00e0 feux). \u00abLa mode est l\u2019occasion de pouvoir dire qui l\u2019on est et qui l\u2019on veut \u00eatre sans aucune contrainte culturelle ou sociale\u00bb, s\u2019enthousiasme le photographe qui a d\u00e9j\u00e0 offici\u00e9 pour Vogue US, Vogue Portugal, Vogue Italie, Nataal ou Dazed comme photographe, et pour Marie-Claire Brazil en tant que styliste.<\/p>\n<p>Le Nigeria est la Mecque du divertissement ouest-africain, par son industrie cin\u00e9matographique (Nollywood), musicale (royaume de l\u2019afrobeats) mais aussi par son effervescence c\u00f4t\u00e9 pr\u00eat-\u00e0-porter \u2013 la Lagos Fashion Week est l\u2019un des \u00e9v\u00e8nements de mode les plus courus d\u2019Afrique subsaharienne. Lagos, poumon \u00e9conomique du pays, est un vivier de talents qui nourrissent une industrie en pleine \u00e9bullition. C\u2019est en 2014 que Daniel Obasi, n\u00e9 \u00e0 Aba, ville du sud-est du Nigeria, rencontre par hasard la styliste Funmi Fagbemi, sur le campus de l\u2019universit\u00e9 de Lagos, o\u00f9 il \u00e9tudie la litt\u00e9rature fran\u00e7aise. Il devient son assistant, multiplie les rencontres \u2013 des cr\u00e9ateurs aux c\u00e9l\u00e9brit\u00e9s \u2013 et finit par faire cavalier seul en tant que styliste, en 2017, avant de commencer \u00e0 jouer les photographes et signer quelques chroniques mode pour le site Fashion Business Africa.<\/p>\n<p>Bouillonnement ininterrompu<br \/>\nCinq ans plus tard, voil\u00e0 donc son travail compil\u00e9 dans un premier ouvrage. \u00abA travers les convictions qui animent et la po\u00e9sie qui infuse son travail, Daniel Obasi nous semblait plus qu\u2019ad hoc pour dresser un portrait aussi in\u00e9dit qu\u2019inattendu de cette ville nig\u00e9riane\u00bb, explique-t-on aux \u00e9ditions Louis Vuitton. \u00abJ\u2019essaie de connecter mes r\u00eaves aux r\u00e9alit\u00e9s de la soci\u00e9t\u00e9 nig\u00e9riane, aux probl\u00e9matiques et promesses de Lagos\u00bb, reprend le jeune photographe. Pour lui, Lagos est un bouillonnement sans interruption, un maelstr\u00f6m citadin \u2013 entre buildings, places de march\u00e9 et quartiers aux allures de ghettos. Lagos, c\u2019est aussi de la violence, une musique, une histoire, des arts, une \u00abtradi-modernit\u00e9\u00bb et une multitude de visages.<\/p>\n<p>L\u2019homme de Daniel Obasi fait autant joujou avec les kalachs qu\u2019avec le make-up, se pare de bijoux, de jupes d\u2019\u00e9coli\u00e8re, de tenues rose bonbon\u2026 \u00abJ\u2019aime t\u00e9moigner, \u00e0 travers mes mises en sc\u00e8nes et photos, de la beaut\u00e9 de toutes les sexualit\u00e9s. Pour moi, c\u2019est un vecteur de puissance, tout comme la spiritualit\u00e9\u00bb. La femme, elle, semble parfois hermaphrodite, venir d\u2019une autre galaxie\u2026 Elle \u00e0 la peau bleue ou violette, les l\u00e8vres fard\u00e9es d\u2019un rouge quasiment irr\u00e9el. Sur d\u2019autres clich\u00e9s, on croirait presque une d\u00e9esse \u00e0 la peau dor\u00e9e ou une sorte de cr\u00e9ature surnaturelle \u00e0 l\u2019aura christique. D\u2019autres fois, elle est la matriarche en boubou, impassible face aux affres du quotidien. Celui qui a, en mars dernier, photographi\u00e9 la star Burna Boy pour Rolling Stone UK conclut : \u00abLa mode devient un nouvel espace qui nous permet, \u00e0 nous, jeunes photographes noirs, africains ou autres, de nourrir ce moyen d\u2019expression d\u2019autres narrations et de capturer d\u2019autres v\u00e9cus.\u00bb<\/p>\n","protected":false},"excerpt":{"rendered":"<p>Le photographe nig\u00e9rian d\u00e9voile son premier livre, publi\u00e9 par Louis Vuitton dans la collection Fashion Eye, o\u00f9 surr\u00e9alisme et libert\u00e9 soufflent sur une mode \u00abnoire\u00bb qui, depuis quelques ann\u00e9es, s\u2019\u00e9mancipe et investit la fashion internationale.<\/p>\n","protected":false},"author":12963,"featured_media":17174,"comment_status":"open","ping_status":"open","sticky":false,"template":"","format":"standard","meta":{"footnotes":""},"categories":[55,63],"tags":[78,88,94],"class_list":{"0":"post-17177","1":"post","2":"type-post","3":"status-publish","4":"format-standard","5":"has-post-thumbnail","7":"category-divertissement","8":"category-mode-de-vie","9":"tag-apie-project-2","10":"tag-divertissement","11":"tag-mode-de-vie"},"yoast_head":"<!-- This site is optimized with the Yoast SEO plugin v24.4 - https:\/\/yoast.com\/wordpress\/plugins\/seo\/ -->\n<title>Photographie: Daniel Obasi, Lagos artillerie - APIE NEWS<\/title>\n<meta name=\"robots\" content=\"index, follow, max-snippet:-1, max-image-preview:large, max-video-preview:-1\" \/>\n<link rel=\"canonical\" href=\"https:\/\/appsaf.apieproject.com\/news\/fr\/2022\/09\/19\/photographie-daniel-obasi-lagos-artillerie\/\" \/>\n<meta property=\"og:locale\" content=\"fr_FR\" \/>\n<meta property=\"og:type\" content=\"article\" \/>\n<meta property=\"og:title\" content=\"Photographie: Daniel Obasi, Lagos artillerie - APIE NEWS\" \/>\n<meta property=\"og:description\" content=\"Le photographe nig\u00e9rian d\u00e9voile son premier livre, publi\u00e9 par Louis Vuitton dans la collection Fashion Eye, o\u00f9 surr\u00e9alisme et libert\u00e9 soufflent sur une mode \u00abnoire\u00bb qui, depuis quelques ann\u00e9es, s\u2019\u00e9mancipe et investit la fashion internationale.\" \/>\n<meta property=\"og:url\" content=\"https:\/\/appsaf.apieproject.com\/news\/fr\/2022\/09\/19\/photographie-daniel-obasi-lagos-artillerie\/\" \/>\n<meta property=\"og:site_name\" content=\"APIE NEWS\" \/>\n<meta property=\"article:publisher\" content=\"https:\/\/facebook.com\/apieproject\" \/>\n<meta property=\"article:published_time\" content=\"2022-09-19T16:41:04+00:00\" \/>\n<meta property=\"article:modified_time\" content=\"2022-09-19T16:41:06+00:00\" \/>\n<meta property=\"og:image\" content=\"https:\/\/appsaf.apieproject.com\/news\/wp-content\/uploads\/sites\/29\/2022\/09\/MZIFNRPMIFA2BE3JG7I6KV5NSI-5e5a2486e949e882cb70ee55917fdfdf.jpg\" \/>\n\t<meta property=\"og:image:width\" content=\"800\" \/>\n\t<meta property=\"og:image:height\" content=\"1200\" \/>\n\t<meta property=\"og:image:type\" content=\"image\/jpeg\" \/>\n<meta name=\"author\" content=\"staff\" \/>\n<meta name=\"twitter:card\" content=\"summary_large_image\" \/>\n<meta name=\"twitter:creator\" content=\"@apieproject\" \/>\n<meta name=\"twitter:site\" content=\"@apieproject\" \/>\n<meta name=\"twitter:label1\" content=\"\u00c9crit par\" \/>\n\t<meta name=\"twitter:data1\" content=\"staff\" \/>\n\t<meta name=\"twitter:label2\" content=\"Dur\u00e9e de lecture estim\u00e9e\" \/>\n\t<meta name=\"twitter:data2\" content=\"4 minutes\" \/>\n<script type=\"application\/ld+json\" class=\"yoast-schema-graph\">{\"@context\":\"https:\/\/schema.org\",\"@graph\":[{\"@type\":\"Article\",\"@id\":\"https:\/\/appsaf.apieproject.com\/news\/fr\/2022\/09\/19\/photographie-daniel-obasi-lagos-artillerie\/#article\",\"isPartOf\":{\"@id\":\"https:\/\/appsaf.apieproject.com\/news\/fr\/2022\/09\/19\/photographie-daniel-obasi-lagos-artillerie\/\"},\"author\":{\"name\":\"staff\",\"@id\":\"https:\/\/appsaf.apieproject.com\/news\/#\/schema\/person\/399517cac378948cd7b39086f9ddc2a7\"},\"headline\":\"Photographie: Daniel Obasi, Lagos artillerie\",\"datePublished\":\"2022-09-19T16:41:04+00:00\",\"dateModified\":\"2022-09-19T16:41:06+00:00\",\"mainEntityOfPage\":{\"@id\":\"https:\/\/appsaf.apieproject.com\/news\/fr\/2022\/09\/19\/photographie-daniel-obasi-lagos-artillerie\/\"},\"wordCount\":804,\"commentCount\":0,\"publisher\":{\"@id\":\"https:\/\/appsaf.apieproject.com\/news\/#organization\"},\"image\":{\"@id\":\"https:\/\/appsaf.apieproject.com\/news\/fr\/2022\/09\/19\/photographie-daniel-obasi-lagos-artillerie\/#primaryimage\"},\"thumbnailUrl\":\"https:\/\/appsaf.apieproject.com\/news\/wp-content\/uploads\/sites\/29\/2022\/09\/MZIFNRPMIFA2BE3JG7I6KV5NSI-5e5a2486e949e882cb70ee55917fdfdf.jpg\",\"keywords\":[\"apie project\",\"divertissement\",\"mode de vie\"],\"articleSection\":[\"Divertissement\",\"Mode de Vie\"],\"inLanguage\":\"fr-FR\",\"potentialAction\":[{\"@type\":\"CommentAction\",\"name\":\"Comment\",\"target\":[\"https:\/\/appsaf.apieproject.com\/news\/fr\/2022\/09\/19\/photographie-daniel-obasi-lagos-artillerie\/#respond\"]}]},{\"@type\":\"WebPage\",\"@id\":\"https:\/\/appsaf.apieproject.com\/news\/fr\/2022\/09\/19\/photographie-daniel-obasi-lagos-artillerie\/\",\"url\":\"https:\/\/appsaf.apieproject.com\/news\/fr\/2022\/09\/19\/photographie-daniel-obasi-lagos-artillerie\/\",\"name\":\"Photographie: Daniel Obasi, Lagos artillerie - APIE NEWS\",\"isPartOf\":{\"@id\":\"https:\/\/appsaf.apieproject.com\/news\/#website\"},\"primaryImageOfPage\":{\"@id\":\"https:\/\/appsaf.apieproject.com\/news\/fr\/2022\/09\/19\/photographie-daniel-obasi-lagos-artillerie\/#primaryimage\"},\"image\":{\"@id\":\"https:\/\/appsaf.apieproject.com\/news\/fr\/2022\/09\/19\/photographie-daniel-obasi-lagos-artillerie\/#primaryimage\"},\"thumbnailUrl\":\"https:\/\/appsaf.apieproject.com\/news\/wp-content\/uploads\/sites\/29\/2022\/09\/MZIFNRPMIFA2BE3JG7I6KV5NSI-5e5a2486e949e882cb70ee55917fdfdf.jpg\",\"datePublished\":\"2022-09-19T16:41:04+00:00\",\"dateModified\":\"2022-09-19T16:41:06+00:00\",\"breadcrumb\":{\"@id\":\"https:\/\/appsaf.apieproject.com\/news\/fr\/2022\/09\/19\/photographie-daniel-obasi-lagos-artillerie\/#breadcrumb\"},\"inLanguage\":\"fr-FR\",\"potentialAction\":[{\"@type\":\"ReadAction\",\"target\":[\"https:\/\/appsaf.apieproject.com\/news\/fr\/2022\/09\/19\/photographie-daniel-obasi-lagos-artillerie\/\"]}]},{\"@type\":\"ImageObject\",\"inLanguage\":\"fr-FR\",\"@id\":\"https:\/\/appsaf.apieproject.com\/news\/fr\/2022\/09\/19\/photographie-daniel-obasi-lagos-artillerie\/#primaryimage\",\"url\":\"https:\/\/appsaf.apieproject.com\/news\/wp-content\/uploads\/sites\/29\/2022\/09\/MZIFNRPMIFA2BE3JG7I6KV5NSI-5e5a2486e949e882cb70ee55917fdfdf.jpg\",\"contentUrl\":\"https:\/\/appsaf.apieproject.com\/news\/wp-content\/uploads\/sites\/29\/2022\/09\/MZIFNRPMIFA2BE3JG7I6KV5NSI-5e5a2486e949e882cb70ee55917fdfdf.jpg\",\"width\":800,\"height\":1200},{\"@type\":\"BreadcrumbList\",\"@id\":\"https:\/\/appsaf.apieproject.com\/news\/fr\/2022\/09\/19\/photographie-daniel-obasi-lagos-artillerie\/#breadcrumb\",\"itemListElement\":[{\"@type\":\"ListItem\",\"position\":1,\"name\":\"Home\",\"item\":\"https:\/\/appsaf.apieproject.com\/news\/fr\/home\/\"},{\"@type\":\"ListItem\",\"position\":2,\"name\":\"Photographie: Daniel Obasi, Lagos artillerie\"}]},{\"@type\":\"WebSite\",\"@id\":\"https:\/\/appsaf.apieproject.com\/news\/#website\",\"url\":\"https:\/\/appsaf.apieproject.com\/news\/\",\"name\":\"APIE NEWS\",\"description\":\"PANAFRICANISM NEWS PORTAL\",\"publisher\":{\"@id\":\"https:\/\/appsaf.apieproject.com\/news\/#organization\"},\"potentialAction\":[{\"@type\":\"SearchAction\",\"target\":{\"@type\":\"EntryPoint\",\"urlTemplate\":\"https:\/\/appsaf.apieproject.com\/news\/?s={search_term_string}\"},\"query-input\":{\"@type\":\"PropertyValueSpecification\",\"valueRequired\":true,\"valueName\":\"search_term_string\"}}],\"inLanguage\":\"fr-FR\"},{\"@type\":\"Organization\",\"@id\":\"https:\/\/appsaf.apieproject.com\/news\/#organization\",\"name\":\"APIE PROJECT\",\"url\":\"https:\/\/appsaf.apieproject.com\/news\/\",\"logo\":{\"@type\":\"ImageObject\",\"inLanguage\":\"fr-FR\",\"@id\":\"https:\/\/appsaf.apieproject.com\/news\/#\/schema\/logo\/image\/\",\"url\":\"https:\/\/appsaf.apieproject.com\/news\/wp-content\/uploads\/sites\/29\/2022\/07\/logo-R-TransparentBackground.png\",\"contentUrl\":\"https:\/\/appsaf.apieproject.com\/news\/wp-content\/uploads\/sites\/29\/2022\/07\/logo-R-TransparentBackground.png\",\"width\":512,\"height\":512,\"caption\":\"APIE PROJECT\"},\"image\":{\"@id\":\"https:\/\/appsaf.apieproject.com\/news\/#\/schema\/logo\/image\/\"},\"sameAs\":[\"https:\/\/facebook.com\/apieproject\",\"https:\/\/x.com\/apieproject\"]},{\"@type\":\"Person\",\"@id\":\"https:\/\/appsaf.apieproject.com\/news\/#\/schema\/person\/399517cac378948cd7b39086f9ddc2a7\",\"name\":\"staff\",\"image\":{\"@type\":\"ImageObject\",\"inLanguage\":\"fr-FR\",\"@id\":\"https:\/\/appsaf.apieproject.com\/news\/#\/schema\/person\/image\/\",\"url\":\"https:\/\/secure.gravatar.com\/avatar\/5386283c5db150efe261184bd59f072a?s=96&d=mm&r=g\",\"contentUrl\":\"https:\/\/secure.gravatar.com\/avatar\/5386283c5db150efe261184bd59f072a?s=96&d=mm&r=g\",\"caption\":\"staff\"},\"url\":\"https:\/\/appsaf.apieproject.com\/news\/fr\/author\/staff\/\"}]}<\/script>\n<!-- \/ Yoast SEO plugin. -->","yoast_head_json":{"title":"Photographie: Daniel Obasi, Lagos artillerie - APIE NEWS","robots":{"index":"index","follow":"follow","max-snippet":"max-snippet:-1","max-image-preview":"max-image-preview:large","max-video-preview":"max-video-preview:-1"},"canonical":"https:\/\/appsaf.apieproject.com\/news\/fr\/2022\/09\/19\/photographie-daniel-obasi-lagos-artillerie\/","og_locale":"fr_FR","og_type":"article","og_title":"Photographie: Daniel Obasi, Lagos artillerie - APIE NEWS","og_description":"Le photographe nig\u00e9rian d\u00e9voile son premier livre, publi\u00e9 par Louis Vuitton dans la collection Fashion Eye, o\u00f9 surr\u00e9alisme et libert\u00e9 soufflent sur une mode \u00abnoire\u00bb qui, depuis quelques ann\u00e9es, s\u2019\u00e9mancipe et investit la fashion internationale.","og_url":"https:\/\/appsaf.apieproject.com\/news\/fr\/2022\/09\/19\/photographie-daniel-obasi-lagos-artillerie\/","og_site_name":"APIE NEWS","article_publisher":"https:\/\/facebook.com\/apieproject","article_published_time":"2022-09-19T16:41:04+00:00","article_modified_time":"2022-09-19T16:41:06+00:00","og_image":[{"width":800,"height":1200,"url":"https:\/\/appsaf.apieproject.com\/news\/wp-content\/uploads\/sites\/29\/2022\/09\/MZIFNRPMIFA2BE3JG7I6KV5NSI-5e5a2486e949e882cb70ee55917fdfdf.jpg","type":"image\/jpeg"}],"author":"staff","twitter_card":"summary_large_image","twitter_creator":"@apieproject","twitter_site":"@apieproject","twitter_misc":{"\u00c9crit par":"staff","Dur\u00e9e de lecture estim\u00e9e":"4 minutes"},"schema":{"@context":"https:\/\/schema.org","@graph":[{"@type":"Article","@id":"https:\/\/appsaf.apieproject.com\/news\/fr\/2022\/09\/19\/photographie-daniel-obasi-lagos-artillerie\/#article","isPartOf":{"@id":"https:\/\/appsaf.apieproject.com\/news\/fr\/2022\/09\/19\/photographie-daniel-obasi-lagos-artillerie\/"},"author":{"name":"staff","@id":"https:\/\/appsaf.apieproject.com\/news\/#\/schema\/person\/399517cac378948cd7b39086f9ddc2a7"},"headline":"Photographie: Daniel Obasi, Lagos artillerie","datePublished":"2022-09-19T16:41:04+00:00","dateModified":"2022-09-19T16:41:06+00:00","mainEntityOfPage":{"@id":"https:\/\/appsaf.apieproject.com\/news\/fr\/2022\/09\/19\/photographie-daniel-obasi-lagos-artillerie\/"},"wordCount":804,"commentCount":0,"publisher":{"@id":"https:\/\/appsaf.apieproject.com\/news\/#organization"},"image":{"@id":"https:\/\/appsaf.apieproject.com\/news\/fr\/2022\/09\/19\/photographie-daniel-obasi-lagos-artillerie\/#primaryimage"},"thumbnailUrl":"https:\/\/appsaf.apieproject.com\/news\/wp-content\/uploads\/sites\/29\/2022\/09\/MZIFNRPMIFA2BE3JG7I6KV5NSI-5e5a2486e949e882cb70ee55917fdfdf.jpg","keywords":["apie project","divertissement","mode de vie"],"articleSection":["Divertissement","Mode de Vie"],"inLanguage":"fr-FR","potentialAction":[{"@type":"CommentAction","name":"Comment","target":["https:\/\/appsaf.apieproject.com\/news\/fr\/2022\/09\/19\/photographie-daniel-obasi-lagos-artillerie\/#respond"]}]},{"@type":"WebPage","@id":"https:\/\/appsaf.apieproject.com\/news\/fr\/2022\/09\/19\/photographie-daniel-obasi-lagos-artillerie\/","url":"https:\/\/appsaf.apieproject.com\/news\/fr\/2022\/09\/19\/photographie-daniel-obasi-lagos-artillerie\/","name":"Photographie: Daniel Obasi, Lagos artillerie - APIE NEWS","isPartOf":{"@id":"https:\/\/appsaf.apieproject.com\/news\/#website"},"primaryImageOfPage":{"@id":"https:\/\/appsaf.apieproject.com\/news\/fr\/2022\/09\/19\/photographie-daniel-obasi-lagos-artillerie\/#primaryimage"},"image":{"@id":"https:\/\/appsaf.apieproject.com\/news\/fr\/2022\/09\/19\/photographie-daniel-obasi-lagos-artillerie\/#primaryimage"},"thumbnailUrl":"https:\/\/appsaf.apieproject.com\/news\/wp-content\/uploads\/sites\/29\/2022\/09\/MZIFNRPMIFA2BE3JG7I6KV5NSI-5e5a2486e949e882cb70ee55917fdfdf.jpg","datePublished":"2022-09-19T16:41:04+00:00","dateModified":"2022-09-19T16:41:06+00:00","breadcrumb":{"@id":"https:\/\/appsaf.apieproject.com\/news\/fr\/2022\/09\/19\/photographie-daniel-obasi-lagos-artillerie\/#breadcrumb"},"inLanguage":"fr-FR","potentialAction":[{"@type":"ReadAction","target":["https:\/\/appsaf.apieproject.com\/news\/fr\/2022\/09\/19\/photographie-daniel-obasi-lagos-artillerie\/"]}]},{"@type":"ImageObject","inLanguage":"fr-FR","@id":"https:\/\/appsaf.apieproject.com\/news\/fr\/2022\/09\/19\/photographie-daniel-obasi-lagos-artillerie\/#primaryimage","url":"https:\/\/appsaf.apieproject.com\/news\/wp-content\/uploads\/sites\/29\/2022\/09\/MZIFNRPMIFA2BE3JG7I6KV5NSI-5e5a2486e949e882cb70ee55917fdfdf.jpg","contentUrl":"https:\/\/appsaf.apieproject.com\/news\/wp-content\/uploads\/sites\/29\/2022\/09\/MZIFNRPMIFA2BE3JG7I6KV5NSI-5e5a2486e949e882cb70ee55917fdfdf.jpg","width":800,"height":1200},{"@type":"BreadcrumbList","@id":"https:\/\/appsaf.apieproject.com\/news\/fr\/2022\/09\/19\/photographie-daniel-obasi-lagos-artillerie\/#breadcrumb","itemListElement":[{"@type":"ListItem","position":1,"name":"Home","item":"https:\/\/appsaf.apieproject.com\/news\/fr\/home\/"},{"@type":"ListItem","position":2,"name":"Photographie: Daniel Obasi, Lagos artillerie"}]},{"@type":"WebSite","@id":"https:\/\/appsaf.apieproject.com\/news\/#website","url":"https:\/\/appsaf.apieproject.com\/news\/","name":"APIE NEWS","description":"PANAFRICANISM NEWS PORTAL","publisher":{"@id":"https:\/\/appsaf.apieproject.com\/news\/#organization"},"potentialAction":[{"@type":"SearchAction","target":{"@type":"EntryPoint","urlTemplate":"https:\/\/appsaf.apieproject.com\/news\/?s={search_term_string}"},"query-input":{"@type":"PropertyValueSpecification","valueRequired":true,"valueName":"search_term_string"}}],"inLanguage":"fr-FR"},{"@type":"Organization","@id":"https:\/\/appsaf.apieproject.com\/news\/#organization","name":"APIE PROJECT","url":"https:\/\/appsaf.apieproject.com\/news\/","logo":{"@type":"ImageObject","inLanguage":"fr-FR","@id":"https:\/\/appsaf.apieproject.com\/news\/#\/schema\/logo\/image\/","url":"https:\/\/appsaf.apieproject.com\/news\/wp-content\/uploads\/sites\/29\/2022\/07\/logo-R-TransparentBackground.png","contentUrl":"https:\/\/appsaf.apieproject.com\/news\/wp-content\/uploads\/sites\/29\/2022\/07\/logo-R-TransparentBackground.png","width":512,"height":512,"caption":"APIE PROJECT"},"image":{"@id":"https:\/\/appsaf.apieproject.com\/news\/#\/schema\/logo\/image\/"},"sameAs":["https:\/\/facebook.com\/apieproject","https:\/\/x.com\/apieproject"]},{"@type":"Person","@id":"https:\/\/appsaf.apieproject.com\/news\/#\/schema\/person\/399517cac378948cd7b39086f9ddc2a7","name":"staff","image":{"@type":"ImageObject","inLanguage":"fr-FR","@id":"https:\/\/appsaf.apieproject.com\/news\/#\/schema\/person\/image\/","url":"https:\/\/secure.gravatar.com\/avatar\/5386283c5db150efe261184bd59f072a?s=96&d=mm&r=g","contentUrl":"https:\/\/secure.gravatar.com\/avatar\/5386283c5db150efe261184bd59f072a?s=96&d=mm&r=g","caption":"staff"},"url":"https:\/\/appsaf.apieproject.com\/news\/fr\/author\/staff\/"}]}},"_links":{"self":[{"href":"https:\/\/appsaf.apieproject.com\/news\/fr\/wp-json\/wp\/v2\/posts\/17177","targetHints":{"allow":["GET"]}}],"collection":[{"href":"https:\/\/appsaf.apieproject.com\/news\/fr\/wp-json\/wp\/v2\/posts"}],"about":[{"href":"https:\/\/appsaf.apieproject.com\/news\/fr\/wp-json\/wp\/v2\/types\/post"}],"author":[{"embeddable":true,"href":"https:\/\/appsaf.apieproject.com\/news\/fr\/wp-json\/wp\/v2\/users\/12963"}],"replies":[{"embeddable":true,"href":"https:\/\/appsaf.apieproject.com\/news\/fr\/wp-json\/wp\/v2\/comments?post=17177"}],"version-history":[{"count":1,"href":"https:\/\/appsaf.apieproject.com\/news\/fr\/wp-json\/wp\/v2\/posts\/17177\/revisions"}],"predecessor-version":[{"id":17729,"href":"https:\/\/appsaf.apieproject.com\/news\/fr\/wp-json\/wp\/v2\/posts\/17177\/revisions\/17729"}],"wp:featuredmedia":[{"embeddable":true,"href":"https:\/\/appsaf.apieproject.com\/news\/fr\/wp-json\/wp\/v2\/media\/17174"}],"wp:attachment":[{"href":"https:\/\/appsaf.apieproject.com\/news\/fr\/wp-json\/wp\/v2\/media?parent=17177"}],"wp:term":[{"taxonomy":"category","embeddable":true,"href":"https:\/\/appsaf.apieproject.com\/news\/fr\/wp-json\/wp\/v2\/categories?post=17177"},{"taxonomy":"post_tag","embeddable":true,"href":"https:\/\/appsaf.apieproject.com\/news\/fr\/wp-json\/wp\/v2\/tags?post=17177"}],"curies":[{"name":"wp","href":"https:\/\/api.w.org\/{rel}","templated":true}]}}