{"id":17332,"date":"2022-09-19T17:52:32","date_gmt":"2022-09-19T17:52:32","guid":{"rendered":"https:\/\/appsaf.apieproject.com\/news\/?p=17332"},"modified":"2022-09-19T17:52:34","modified_gmt":"2022-09-19T17:52:34","slug":"journee-africaine-de-la-technologie-et-de-la-propriete-intellectuelle-ou-en-sont-les-debuts-de-la-new-nature-economy","status":"publish","type":"post","link":"https:\/\/appsaf.apieproject.com\/news\/fr\/2022\/09\/19\/journee-africaine-de-la-technologie-et-de-la-propriete-intellectuelle-ou-en-sont-les-debuts-de-la-new-nature-economy\/","title":{"rendered":"Journ\u00e9e Africaine De La Technologie Et De La Propri\u00e9t\u00e9 Intellectuelle: O\u00f9 En Sont Les D\u00e9buts De La New Nature Economy ?"},"content":{"rendered":"<p>Int\u00e9grer la technologie et la propri\u00e9t\u00e9 intellectuelle comme un param\u00e8tre central contribue \u00e0 am\u00e9liorer la locomotive de l\u2019Afrique 2063, tant pour les rendements des industries d\u2019avenir que pour d\u00e9gager des exc\u00e9dents pour les g\u00e9n\u00e9rations \u00e0 venir. En continuant d\u2019am\u00e9liorer le maillage de voies de communication et de technologies endog\u00e8nes, ce changement de paradigme pourra acc\u00e9l\u00e9rer un rapprochement avec le chemin entrepris par les BRICS (Br\u00e9sil, Russie, Chine, Cor\u00e9e du sud, Afrique du sud). Ces pays importateurs de technologies sont devenus des producteurs de services et de biens manufacturiers de niveau mondial. L\u2019Afrique peut-elle entrer en rythme avec un autre r\u00eave, une exp\u00e9rience sans pr\u00e9c\u00e9dent pour nous tous et la partager aux autres ? Oui car la nature nous parle : \u00e9coutons ses bruits, admirons sa splendeur, un tr\u00e9sor y est cach\u00e9 : celui des produits forestiers nonligneux. La place que jouent les \u00e9changes transfrontaliers entre le Nig\u00e9ria et ses voisins, en mati\u00e8re de valorisation de produits forestiers non-ligneux est r\u00e9v\u00e9latrice. Les aspects cosm\u00e9tiques, alimentaires et m\u00e9dicinales de ces produits sont aujourd\u2019hui valoris\u00e9s par de nombreux acteurs Nig\u00e9rians, \u00e0 travers le champ de la \u00ab New Nature Economy \u00bb. Les donn\u00e9es sont largement inexistantes sur les flux transfrontaliers qui existent entre le Nig\u00e9ria et les autres pays qui composent l\u2019espace des for\u00eats du bassin du Congo. La communaut\u00e9 portuaire, des coop\u00e9ratives, des clusters portuaires peuvent jouer un r\u00f4le important d\u2019une meilleure \u00e9valuation quantitative, qualitative voire statistique de ce potentiel. Au m\u00eame titre que l\u2019huile de Djansang, le beurre de Moabi, ou l\u2019Iboga, le \u00ab bois sacr\u00e9 \u00bb du Gabon, les produits forestiers non-ligneux pourront demain stimuler l\u2019industrialisation et la diversification \u00e9conomique. Parmi eux, plusieurs instruments et leviers d\u2019initiatives afro-futuristes peuvent int\u00e9resser des universitaires, inventeurs et industriels africains en qu\u00eate de portefeuilles de produits innovants. L\u2019\u00e9levage, la transformation et la commercialisation d\u2019escargots Depuis l\u2019Egypte antique, l\u2019h\u00e9liciculture d\u00e9signe l\u2019\u00e9levage des escargots comestibles. Le terme d\u00e9rive de Helix, nom scientifique d\u2019un genre de gast\u00e9ropodes. Le mot escargoti\u00e8re d\u00e9signe l\u2019endroit o\u00f9 sont \u00e9lev\u00e9s les escargots, \u00e9levage effectu\u00e9 par un h\u00e9liciculteur ou une h\u00e9licicultrice. A l\u2019\u00e9poque antique, les \u00e9gyptiens avaient tr\u00e8s vite identifi\u00e9 l\u2019int\u00e9r\u00eat d\u2019\u00e9lever des escargots pour d\u00e9velopper des huiles et savons, voire m\u00eame des produits cosm\u00e9tiques. L\u2019escargot, de sa bave, aux propri\u00e9t\u00e9s hydratantes de sa coquille, parfaite arme anti caries en passant par sa chair, v\u00e9ritable vivier d\u2019\u00e9l\u00e9ments nutritives, cultive de nombreux bienfaits. Dans toute l\u2019Afrique, il est r\u00e9guli\u00e8rement consomm\u00e9 comme repas de f\u00eates. Fr\u00e9d\u00e9ric Cailliaud a \u00e9t\u00e9 un grand \u00e9gyptologue nantais, ayant entrepris un grand voyage d\u2019\u00e9tude pour retrouver les anciennes mines d\u2019\u00e9meraudes des pharaons \u00e0 Zabarah pr\u00e8s de la mer Rouge. ll copia une foule d\u2019inscriptions, rapporta des monuments de toute sorte, entre autres une momie couverte d\u2019inscriptions hi\u00e9roglyphiques avec traduction grecque, qui servit beaucoup aux \u00e9tudes de Champollion. Au retour d\u2019un autre p\u00e9riple pour p\u00e9n\u00e9trer en Haute-Nubie, Cailliaud eut la conviction que la religion des Egyptiens dont les dieux sont identifi\u00e9s \u00e0 des animaux, a \u00e9t\u00e9 fortement influenc\u00e9e par l\u2019Ethiopie qui poss\u00e8de une faune et une flore tr\u00e8s riches. Cette faune et cette flore si riches en Afrique et plus largement dans les for\u00eats du Bassin du Congo peuvent inspirer demain notre bio\u00e9conomie mondiale et une nouvelle g\u00e9n\u00e9ration d\u2019entrepreneurs et de porteurs de projets sensibles au biomim\u00e9tisme. Diamants alternatifs sans extraction foresti\u00e8re Sous le th\u00e8me \u00ab Smart Ukraine : Connecting Dots \u00bb, le pavillon de l\u2019Ukraine \u00e0 l\u2019Exposition universelle de Duba\u00ef formait un espace unique divis\u00e9 en trois groupes th\u00e9matiques : la vie intelligente, la pens\u00e9e intelligente, les sentiments intelligents. En outre, il cherchait \u00e0 \u00ab r\u00e9soudre les probl\u00e8mes de l\u2019humanit\u00e9 \u00bb avec cr\u00e9ativit\u00e9 et bon sens. Parmi les expositions du pavillon de l\u2019Ukraine figuraient un v\u00e9lo \u00e9lectrique pouvant parcourir 380 km apr\u00e8s une seule charge, ainsi qu\u2019une imprimante 3D pour la c\u00e9ramique et des stores solaires capables de g\u00e9n\u00e9rer de l\u2019\u00e9nergie, refl\u00e9tant ainsi le caract\u00e8re unique et l\u2019originalit\u00e9 du peuple ukrainien et de sa culture \u00e0 travers le prisme des technologies modernes. Le pavillon de l\u2019Ukraine a aussi pr\u00e9sent\u00e9 un \u00ab champ \u00bb cr\u00e9\u00e9 \u00e0 partir de vrais \u00e9pis de bl\u00e9, de \u00ab nanobl\u00e9\u00bb et de bl\u00e9 num\u00e9rique. Cette solution entendait d\u00e9montrer symboliquement le mouvement de l\u2019Ukraine vers l\u2019avenir en harmonie avec la nature et le progr\u00e8s technologique. Aussi, le pavillon a organis\u00e9 un programme de divertissement comprenant des d\u00e9fil\u00e9s de mode, des s\u00e9minaires th\u00e9matiques et des performances cr\u00e9atives. Au titre de la sauvegarde des for\u00eats du bassin du Congo, l\u2019Afrique pourrait-elle encourager des diamants alternatifs, des nano-diamants et des diamants num\u00e9riques ? L\u2019amidon de manioc La fili\u00e8re manioc et ses d\u00e9riv\u00e9s mobilisent de nombreux acteurs. Si la COP 26 \u00e0 Glasgow a \u00e9t\u00e9 tr\u00e8s engag\u00e9e dans la valorisation de mat\u00e9riaux biosourc\u00e9s, les dates du Salon du manioc et ses d\u00e9riv\u00e9s pr\u00e9vu du 22 au 24 Septembre 2022 \u00e0 Sa\u2019a et Yaound\u00e9 sont d\u00e9finitivement un rendez-vous \u00e0 mettre \u00e0 l\u2019agenda. Tous ces enjeux de diversification pour d\u00e9velopper des compl\u00e9ments alimentaires naturels peuvent \u00eatre largement nourris gr\u00e2ce aux archives et articles de recherche de Th\u00e9ophile Lognon\u00e9 lorsqu\u2019il a fond\u00e9 les industries Probiomer. Ce dernier importait r\u00e9guli\u00e8rement de la farine de manioc de Madagascar. De chercheurs et d\u2019inventeurs d\u00e9veloppent de nouvelles sph\u00e8res de r\u00e9flexion autour du manioc et sa transformation comme alternative aux sacs plastiques. Ce d\u00e9fi est largement universel pour la sauvegarde de nos oc\u00e9ans. Une technologie indon\u00e9sienne permet d\u2019ores-et-d\u00e9j\u00e0 de transformer le manioc en sachets biologiques. L\u2019Or\u00e9al ou encore la cha\u00eene k\u00e9nyane de supermarch\u00e9s, Uchumi, comptent parmi les clients directs ou indirects de la soci\u00e9t\u00e9 indon\u00e9sienne engag\u00e9e dans cette fili\u00e8re innovante. Tous ces d\u00e9fis industriels peuvent motiver celles et ceux pr\u00eat(e)s \u00e0 rompre avec un pass\u00e9 d\u2019Etats rentiers calqu\u00e9s sur les besoins de l\u2019imm\u00e9diat. Avec une dose de courage et des investissements \u00e0 long terme, ces m\u00eames acteurs, s\u2019ils ne baissent pas les bras, pourront faciliter et produire \u00e9conomiquement des investissements o\u00f9 la technologie reste le param\u00e8tre central.<\/p>\n","protected":false},"excerpt":{"rendered":"<p>L\u2019Organisation Africaine de la Propri\u00e9t\u00e9 Intellectuelle (OAPI), c\u00e9l\u00e8bre la Journ\u00e9e Africaine de la Technologie et de la Propri\u00e9t\u00e9 Intellectuelle le 13 septembre de chaque ann\u00e9e, date anniversaire de sa cr\u00e9ation.<\/p>\n","protected":false},"author":12963,"featured_media":17329,"comment_status":"open","ping_status":"open","sticky":false,"template":"","format":"standard","meta":{"footnotes":""},"categories":[67,73],"tags":[81,78,77],"class_list":{"0":"post-17332","1":"post","2":"type-post","3":"status-publish","4":"format-standard","5":"has-post-thumbnail","7":"category-actualites","8":"category-technologie","9":"tag-actualites","10":"tag-apie-project-2","11":"tag-technologie"},"yoast_head":"<!-- This site is optimized with the Yoast SEO plugin v24.4 - https:\/\/yoast.com\/wordpress\/plugins\/seo\/ -->\n<title>Journ\u00e9e Africaine De La Technologie Et De La Propri\u00e9t\u00e9 Intellectuelle: O\u00f9 En Sont Les D\u00e9buts De La New Nature Economy ? - APIE NEWS<\/title>\n<meta name=\"robots\" content=\"index, follow, max-snippet:-1, max-image-preview:large, max-video-preview:-1\" \/>\n<link rel=\"canonical\" href=\"https:\/\/appsaf.apieproject.com\/news\/fr\/2022\/09\/19\/journee-africaine-de-la-technologie-et-de-la-propriete-intellectuelle-ou-en-sont-les-debuts-de-la-new-nature-economy\/\" \/>\n<meta property=\"og:locale\" content=\"fr_FR\" \/>\n<meta property=\"og:type\" content=\"article\" \/>\n<meta property=\"og:title\" content=\"Journ\u00e9e Africaine De La Technologie Et De La Propri\u00e9t\u00e9 Intellectuelle: O\u00f9 En Sont Les D\u00e9buts De La New Nature Economy ? - APIE NEWS\" \/>\n<meta property=\"og:description\" content=\"L\u2019Organisation Africaine de la Propri\u00e9t\u00e9 Intellectuelle (OAPI), c\u00e9l\u00e8bre la Journ\u00e9e Africaine de la Technologie et de la Propri\u00e9t\u00e9 Intellectuelle le 13 septembre de chaque ann\u00e9e, date anniversaire de sa cr\u00e9ation.\" \/>\n<meta property=\"og:url\" content=\"https:\/\/appsaf.apieproject.com\/news\/fr\/2022\/09\/19\/journee-africaine-de-la-technologie-et-de-la-propriete-intellectuelle-ou-en-sont-les-debuts-de-la-new-nature-economy\/\" \/>\n<meta property=\"og:site_name\" content=\"APIE NEWS\" \/>\n<meta property=\"article:publisher\" content=\"https:\/\/facebook.com\/apieproject\" \/>\n<meta property=\"article:published_time\" content=\"2022-09-19T17:52:32+00:00\" \/>\n<meta property=\"article:modified_time\" content=\"2022-09-19T17:52:34+00:00\" \/>\n<meta property=\"og:image\" content=\"https:\/\/appsaf.apieproject.com\/news\/wp-content\/uploads\/sites\/29\/2022\/09\/20-1-750x430-88a555cccd8db950a8c3dbb5080eb7fa.jpg\" \/>\n\t<meta property=\"og:image:width\" content=\"750\" \/>\n\t<meta property=\"og:image:height\" content=\"430\" \/>\n\t<meta property=\"og:image:type\" content=\"image\/jpeg\" \/>\n<meta name=\"author\" content=\"staff\" \/>\n<meta name=\"twitter:card\" content=\"summary_large_image\" \/>\n<meta name=\"twitter:creator\" content=\"@apieproject\" \/>\n<meta name=\"twitter:site\" content=\"@apieproject\" \/>\n<meta name=\"twitter:label1\" content=\"\u00c9crit par\" \/>\n\t<meta name=\"twitter:data1\" content=\"staff\" \/>\n\t<meta name=\"twitter:label2\" content=\"Dur\u00e9e de lecture estim\u00e9e\" \/>\n\t<meta name=\"twitter:data2\" content=\"5 minutes\" \/>\n<script type=\"application\/ld+json\" class=\"yoast-schema-graph\">{\"@context\":\"https:\/\/schema.org\",\"@graph\":[{\"@type\":\"Article\",\"@id\":\"https:\/\/appsaf.apieproject.com\/news\/fr\/2022\/09\/19\/journee-africaine-de-la-technologie-et-de-la-propriete-intellectuelle-ou-en-sont-les-debuts-de-la-new-nature-economy\/#article\",\"isPartOf\":{\"@id\":\"https:\/\/appsaf.apieproject.com\/news\/fr\/2022\/09\/19\/journee-africaine-de-la-technologie-et-de-la-propriete-intellectuelle-ou-en-sont-les-debuts-de-la-new-nature-economy\/\"},\"author\":{\"name\":\"staff\",\"@id\":\"https:\/\/appsaf.apieproject.com\/news\/#\/schema\/person\/399517cac378948cd7b39086f9ddc2a7\"},\"headline\":\"Journ\u00e9e Africaine De La Technologie Et De La Propri\u00e9t\u00e9 Intellectuelle: O\u00f9 En Sont Les D\u00e9buts De La New Nature Economy ?\",\"datePublished\":\"2022-09-19T17:52:32+00:00\",\"dateModified\":\"2022-09-19T17:52:34+00:00\",\"mainEntityOfPage\":{\"@id\":\"https:\/\/appsaf.apieproject.com\/news\/fr\/2022\/09\/19\/journee-africaine-de-la-technologie-et-de-la-propriete-intellectuelle-ou-en-sont-les-debuts-de-la-new-nature-economy\/\"},\"wordCount\":1143,\"commentCount\":0,\"publisher\":{\"@id\":\"https:\/\/appsaf.apieproject.com\/news\/#organization\"},\"image\":{\"@id\":\"https:\/\/appsaf.apieproject.com\/news\/fr\/2022\/09\/19\/journee-africaine-de-la-technologie-et-de-la-propriete-intellectuelle-ou-en-sont-les-debuts-de-la-new-nature-economy\/#primaryimage\"},\"thumbnailUrl\":\"https:\/\/appsaf.apieproject.com\/news\/wp-content\/uploads\/sites\/29\/2022\/09\/20-1-750x430-88a555cccd8db950a8c3dbb5080eb7fa.jpg\",\"keywords\":[\"actualites\",\"apie project\",\"technologie\"],\"articleSection\":[\"Actualit\u00e9s\",\"Technologie\"],\"inLanguage\":\"fr-FR\",\"potentialAction\":[{\"@type\":\"CommentAction\",\"name\":\"Comment\",\"target\":[\"https:\/\/appsaf.apieproject.com\/news\/fr\/2022\/09\/19\/journee-africaine-de-la-technologie-et-de-la-propriete-intellectuelle-ou-en-sont-les-debuts-de-la-new-nature-economy\/#respond\"]}]},{\"@type\":\"WebPage\",\"@id\":\"https:\/\/appsaf.apieproject.com\/news\/fr\/2022\/09\/19\/journee-africaine-de-la-technologie-et-de-la-propriete-intellectuelle-ou-en-sont-les-debuts-de-la-new-nature-economy\/\",\"url\":\"https:\/\/appsaf.apieproject.com\/news\/fr\/2022\/09\/19\/journee-africaine-de-la-technologie-et-de-la-propriete-intellectuelle-ou-en-sont-les-debuts-de-la-new-nature-economy\/\",\"name\":\"Journ\u00e9e Africaine De La Technologie Et De La Propri\u00e9t\u00e9 Intellectuelle: O\u00f9 En Sont Les D\u00e9buts De La New Nature Economy ? - APIE NEWS\",\"isPartOf\":{\"@id\":\"https:\/\/appsaf.apieproject.com\/news\/#website\"},\"primaryImageOfPage\":{\"@id\":\"https:\/\/appsaf.apieproject.com\/news\/fr\/2022\/09\/19\/journee-africaine-de-la-technologie-et-de-la-propriete-intellectuelle-ou-en-sont-les-debuts-de-la-new-nature-economy\/#primaryimage\"},\"image\":{\"@id\":\"https:\/\/appsaf.apieproject.com\/news\/fr\/2022\/09\/19\/journee-africaine-de-la-technologie-et-de-la-propriete-intellectuelle-ou-en-sont-les-debuts-de-la-new-nature-economy\/#primaryimage\"},\"thumbnailUrl\":\"https:\/\/appsaf.apieproject.com\/news\/wp-content\/uploads\/sites\/29\/2022\/09\/20-1-750x430-88a555cccd8db950a8c3dbb5080eb7fa.jpg\",\"datePublished\":\"2022-09-19T17:52:32+00:00\",\"dateModified\":\"2022-09-19T17:52:34+00:00\",\"breadcrumb\":{\"@id\":\"https:\/\/appsaf.apieproject.com\/news\/fr\/2022\/09\/19\/journee-africaine-de-la-technologie-et-de-la-propriete-intellectuelle-ou-en-sont-les-debuts-de-la-new-nature-economy\/#breadcrumb\"},\"inLanguage\":\"fr-FR\",\"potentialAction\":[{\"@type\":\"ReadAction\",\"target\":[\"https:\/\/appsaf.apieproject.com\/news\/fr\/2022\/09\/19\/journee-africaine-de-la-technologie-et-de-la-propriete-intellectuelle-ou-en-sont-les-debuts-de-la-new-nature-economy\/\"]}]},{\"@type\":\"ImageObject\",\"inLanguage\":\"fr-FR\",\"@id\":\"https:\/\/appsaf.apieproject.com\/news\/fr\/2022\/09\/19\/journee-africaine-de-la-technologie-et-de-la-propriete-intellectuelle-ou-en-sont-les-debuts-de-la-new-nature-economy\/#primaryimage\",\"url\":\"https:\/\/appsaf.apieproject.com\/news\/wp-content\/uploads\/sites\/29\/2022\/09\/20-1-750x430-88a555cccd8db950a8c3dbb5080eb7fa.jpg\",\"contentUrl\":\"https:\/\/appsaf.apieproject.com\/news\/wp-content\/uploads\/sites\/29\/2022\/09\/20-1-750x430-88a555cccd8db950a8c3dbb5080eb7fa.jpg\",\"width\":750,\"height\":430},{\"@type\":\"BreadcrumbList\",\"@id\":\"https:\/\/appsaf.apieproject.com\/news\/fr\/2022\/09\/19\/journee-africaine-de-la-technologie-et-de-la-propriete-intellectuelle-ou-en-sont-les-debuts-de-la-new-nature-economy\/#breadcrumb\",\"itemListElement\":[{\"@type\":\"ListItem\",\"position\":1,\"name\":\"Home\",\"item\":\"https:\/\/appsaf.apieproject.com\/news\/fr\/home\/\"},{\"@type\":\"ListItem\",\"position\":2,\"name\":\"Journ\u00e9e Africaine De La Technologie Et De La Propri\u00e9t\u00e9 Intellectuelle: O\u00f9 En Sont Les D\u00e9buts De La New Nature Economy ?\"}]},{\"@type\":\"WebSite\",\"@id\":\"https:\/\/appsaf.apieproject.com\/news\/#website\",\"url\":\"https:\/\/appsaf.apieproject.com\/news\/\",\"name\":\"APIE NEWS\",\"description\":\"PANAFRICANISM NEWS PORTAL\",\"publisher\":{\"@id\":\"https:\/\/appsaf.apieproject.com\/news\/#organization\"},\"potentialAction\":[{\"@type\":\"SearchAction\",\"target\":{\"@type\":\"EntryPoint\",\"urlTemplate\":\"https:\/\/appsaf.apieproject.com\/news\/?s={search_term_string}\"},\"query-input\":{\"@type\":\"PropertyValueSpecification\",\"valueRequired\":true,\"valueName\":\"search_term_string\"}}],\"inLanguage\":\"fr-FR\"},{\"@type\":\"Organization\",\"@id\":\"https:\/\/appsaf.apieproject.com\/news\/#organization\",\"name\":\"APIE PROJECT\",\"url\":\"https:\/\/appsaf.apieproject.com\/news\/\",\"logo\":{\"@type\":\"ImageObject\",\"inLanguage\":\"fr-FR\",\"@id\":\"https:\/\/appsaf.apieproject.com\/news\/#\/schema\/logo\/image\/\",\"url\":\"https:\/\/appsaf.apieproject.com\/news\/wp-content\/uploads\/sites\/29\/2022\/07\/logo-R-TransparentBackground.png\",\"contentUrl\":\"https:\/\/appsaf.apieproject.com\/news\/wp-content\/uploads\/sites\/29\/2022\/07\/logo-R-TransparentBackground.png\",\"width\":512,\"height\":512,\"caption\":\"APIE PROJECT\"},\"image\":{\"@id\":\"https:\/\/appsaf.apieproject.com\/news\/#\/schema\/logo\/image\/\"},\"sameAs\":[\"https:\/\/facebook.com\/apieproject\",\"https:\/\/x.com\/apieproject\"]},{\"@type\":\"Person\",\"@id\":\"https:\/\/appsaf.apieproject.com\/news\/#\/schema\/person\/399517cac378948cd7b39086f9ddc2a7\",\"name\":\"staff\",\"image\":{\"@type\":\"ImageObject\",\"inLanguage\":\"fr-FR\",\"@id\":\"https:\/\/appsaf.apieproject.com\/news\/#\/schema\/person\/image\/\",\"url\":\"https:\/\/secure.gravatar.com\/avatar\/5386283c5db150efe261184bd59f072a?s=96&d=mm&r=g\",\"contentUrl\":\"https:\/\/secure.gravatar.com\/avatar\/5386283c5db150efe261184bd59f072a?s=96&d=mm&r=g\",\"caption\":\"staff\"},\"url\":\"https:\/\/appsaf.apieproject.com\/news\/fr\/author\/staff\/\"}]}<\/script>\n<!-- \/ Yoast SEO plugin. -->","yoast_head_json":{"title":"Journ\u00e9e Africaine De La Technologie Et De La Propri\u00e9t\u00e9 Intellectuelle: O\u00f9 En Sont Les D\u00e9buts De La New Nature Economy ? - APIE NEWS","robots":{"index":"index","follow":"follow","max-snippet":"max-snippet:-1","max-image-preview":"max-image-preview:large","max-video-preview":"max-video-preview:-1"},"canonical":"https:\/\/appsaf.apieproject.com\/news\/fr\/2022\/09\/19\/journee-africaine-de-la-technologie-et-de-la-propriete-intellectuelle-ou-en-sont-les-debuts-de-la-new-nature-economy\/","og_locale":"fr_FR","og_type":"article","og_title":"Journ\u00e9e Africaine De La Technologie Et De La Propri\u00e9t\u00e9 Intellectuelle: O\u00f9 En Sont Les D\u00e9buts De La New Nature Economy ? - APIE NEWS","og_description":"L\u2019Organisation Africaine de la Propri\u00e9t\u00e9 Intellectuelle (OAPI), c\u00e9l\u00e8bre la Journ\u00e9e Africaine de la Technologie et de la Propri\u00e9t\u00e9 Intellectuelle le 13 septembre de chaque ann\u00e9e, date anniversaire de sa cr\u00e9ation.","og_url":"https:\/\/appsaf.apieproject.com\/news\/fr\/2022\/09\/19\/journee-africaine-de-la-technologie-et-de-la-propriete-intellectuelle-ou-en-sont-les-debuts-de-la-new-nature-economy\/","og_site_name":"APIE NEWS","article_publisher":"https:\/\/facebook.com\/apieproject","article_published_time":"2022-09-19T17:52:32+00:00","article_modified_time":"2022-09-19T17:52:34+00:00","og_image":[{"width":750,"height":430,"url":"https:\/\/appsaf.apieproject.com\/news\/wp-content\/uploads\/sites\/29\/2022\/09\/20-1-750x430-88a555cccd8db950a8c3dbb5080eb7fa.jpg","type":"image\/jpeg"}],"author":"staff","twitter_card":"summary_large_image","twitter_creator":"@apieproject","twitter_site":"@apieproject","twitter_misc":{"\u00c9crit par":"staff","Dur\u00e9e de lecture estim\u00e9e":"5 minutes"},"schema":{"@context":"https:\/\/schema.org","@graph":[{"@type":"Article","@id":"https:\/\/appsaf.apieproject.com\/news\/fr\/2022\/09\/19\/journee-africaine-de-la-technologie-et-de-la-propriete-intellectuelle-ou-en-sont-les-debuts-de-la-new-nature-economy\/#article","isPartOf":{"@id":"https:\/\/appsaf.apieproject.com\/news\/fr\/2022\/09\/19\/journee-africaine-de-la-technologie-et-de-la-propriete-intellectuelle-ou-en-sont-les-debuts-de-la-new-nature-economy\/"},"author":{"name":"staff","@id":"https:\/\/appsaf.apieproject.com\/news\/#\/schema\/person\/399517cac378948cd7b39086f9ddc2a7"},"headline":"Journ\u00e9e Africaine De La Technologie Et De La Propri\u00e9t\u00e9 Intellectuelle: O\u00f9 En Sont Les D\u00e9buts De La New Nature Economy ?","datePublished":"2022-09-19T17:52:32+00:00","dateModified":"2022-09-19T17:52:34+00:00","mainEntityOfPage":{"@id":"https:\/\/appsaf.apieproject.com\/news\/fr\/2022\/09\/19\/journee-africaine-de-la-technologie-et-de-la-propriete-intellectuelle-ou-en-sont-les-debuts-de-la-new-nature-economy\/"},"wordCount":1143,"commentCount":0,"publisher":{"@id":"https:\/\/appsaf.apieproject.com\/news\/#organization"},"image":{"@id":"https:\/\/appsaf.apieproject.com\/news\/fr\/2022\/09\/19\/journee-africaine-de-la-technologie-et-de-la-propriete-intellectuelle-ou-en-sont-les-debuts-de-la-new-nature-economy\/#primaryimage"},"thumbnailUrl":"https:\/\/appsaf.apieproject.com\/news\/wp-content\/uploads\/sites\/29\/2022\/09\/20-1-750x430-88a555cccd8db950a8c3dbb5080eb7fa.jpg","keywords":["actualites","apie project","technologie"],"articleSection":["Actualit\u00e9s","Technologie"],"inLanguage":"fr-FR","potentialAction":[{"@type":"CommentAction","name":"Comment","target":["https:\/\/appsaf.apieproject.com\/news\/fr\/2022\/09\/19\/journee-africaine-de-la-technologie-et-de-la-propriete-intellectuelle-ou-en-sont-les-debuts-de-la-new-nature-economy\/#respond"]}]},{"@type":"WebPage","@id":"https:\/\/appsaf.apieproject.com\/news\/fr\/2022\/09\/19\/journee-africaine-de-la-technologie-et-de-la-propriete-intellectuelle-ou-en-sont-les-debuts-de-la-new-nature-economy\/","url":"https:\/\/appsaf.apieproject.com\/news\/fr\/2022\/09\/19\/journee-africaine-de-la-technologie-et-de-la-propriete-intellectuelle-ou-en-sont-les-debuts-de-la-new-nature-economy\/","name":"Journ\u00e9e Africaine De La Technologie Et De La Propri\u00e9t\u00e9 Intellectuelle: O\u00f9 En Sont Les D\u00e9buts De La New Nature Economy ? - APIE NEWS","isPartOf":{"@id":"https:\/\/appsaf.apieproject.com\/news\/#website"},"primaryImageOfPage":{"@id":"https:\/\/appsaf.apieproject.com\/news\/fr\/2022\/09\/19\/journee-africaine-de-la-technologie-et-de-la-propriete-intellectuelle-ou-en-sont-les-debuts-de-la-new-nature-economy\/#primaryimage"},"image":{"@id":"https:\/\/appsaf.apieproject.com\/news\/fr\/2022\/09\/19\/journee-africaine-de-la-technologie-et-de-la-propriete-intellectuelle-ou-en-sont-les-debuts-de-la-new-nature-economy\/#primaryimage"},"thumbnailUrl":"https:\/\/appsaf.apieproject.com\/news\/wp-content\/uploads\/sites\/29\/2022\/09\/20-1-750x430-88a555cccd8db950a8c3dbb5080eb7fa.jpg","datePublished":"2022-09-19T17:52:32+00:00","dateModified":"2022-09-19T17:52:34+00:00","breadcrumb":{"@id":"https:\/\/appsaf.apieproject.com\/news\/fr\/2022\/09\/19\/journee-africaine-de-la-technologie-et-de-la-propriete-intellectuelle-ou-en-sont-les-debuts-de-la-new-nature-economy\/#breadcrumb"},"inLanguage":"fr-FR","potentialAction":[{"@type":"ReadAction","target":["https:\/\/appsaf.apieproject.com\/news\/fr\/2022\/09\/19\/journee-africaine-de-la-technologie-et-de-la-propriete-intellectuelle-ou-en-sont-les-debuts-de-la-new-nature-economy\/"]}]},{"@type":"ImageObject","inLanguage":"fr-FR","@id":"https:\/\/appsaf.apieproject.com\/news\/fr\/2022\/09\/19\/journee-africaine-de-la-technologie-et-de-la-propriete-intellectuelle-ou-en-sont-les-debuts-de-la-new-nature-economy\/#primaryimage","url":"https:\/\/appsaf.apieproject.com\/news\/wp-content\/uploads\/sites\/29\/2022\/09\/20-1-750x430-88a555cccd8db950a8c3dbb5080eb7fa.jpg","contentUrl":"https:\/\/appsaf.apieproject.com\/news\/wp-content\/uploads\/sites\/29\/2022\/09\/20-1-750x430-88a555cccd8db950a8c3dbb5080eb7fa.jpg","width":750,"height":430},{"@type":"BreadcrumbList","@id":"https:\/\/appsaf.apieproject.com\/news\/fr\/2022\/09\/19\/journee-africaine-de-la-technologie-et-de-la-propriete-intellectuelle-ou-en-sont-les-debuts-de-la-new-nature-economy\/#breadcrumb","itemListElement":[{"@type":"ListItem","position":1,"name":"Home","item":"https:\/\/appsaf.apieproject.com\/news\/fr\/home\/"},{"@type":"ListItem","position":2,"name":"Journ\u00e9e Africaine De La Technologie Et De La Propri\u00e9t\u00e9 Intellectuelle: O\u00f9 En Sont Les D\u00e9buts De La New Nature Economy ?"}]},{"@type":"WebSite","@id":"https:\/\/appsaf.apieproject.com\/news\/#website","url":"https:\/\/appsaf.apieproject.com\/news\/","name":"APIE NEWS","description":"PANAFRICANISM NEWS PORTAL","publisher":{"@id":"https:\/\/appsaf.apieproject.com\/news\/#organization"},"potentialAction":[{"@type":"SearchAction","target":{"@type":"EntryPoint","urlTemplate":"https:\/\/appsaf.apieproject.com\/news\/?s={search_term_string}"},"query-input":{"@type":"PropertyValueSpecification","valueRequired":true,"valueName":"search_term_string"}}],"inLanguage":"fr-FR"},{"@type":"Organization","@id":"https:\/\/appsaf.apieproject.com\/news\/#organization","name":"APIE PROJECT","url":"https:\/\/appsaf.apieproject.com\/news\/","logo":{"@type":"ImageObject","inLanguage":"fr-FR","@id":"https:\/\/appsaf.apieproject.com\/news\/#\/schema\/logo\/image\/","url":"https:\/\/appsaf.apieproject.com\/news\/wp-content\/uploads\/sites\/29\/2022\/07\/logo-R-TransparentBackground.png","contentUrl":"https:\/\/appsaf.apieproject.com\/news\/wp-content\/uploads\/sites\/29\/2022\/07\/logo-R-TransparentBackground.png","width":512,"height":512,"caption":"APIE PROJECT"},"image":{"@id":"https:\/\/appsaf.apieproject.com\/news\/#\/schema\/logo\/image\/"},"sameAs":["https:\/\/facebook.com\/apieproject","https:\/\/x.com\/apieproject"]},{"@type":"Person","@id":"https:\/\/appsaf.apieproject.com\/news\/#\/schema\/person\/399517cac378948cd7b39086f9ddc2a7","name":"staff","image":{"@type":"ImageObject","inLanguage":"fr-FR","@id":"https:\/\/appsaf.apieproject.com\/news\/#\/schema\/person\/image\/","url":"https:\/\/secure.gravatar.com\/avatar\/5386283c5db150efe261184bd59f072a?s=96&d=mm&r=g","contentUrl":"https:\/\/secure.gravatar.com\/avatar\/5386283c5db150efe261184bd59f072a?s=96&d=mm&r=g","caption":"staff"},"url":"https:\/\/appsaf.apieproject.com\/news\/fr\/author\/staff\/"}]}},"_links":{"self":[{"href":"https:\/\/appsaf.apieproject.com\/news\/fr\/wp-json\/wp\/v2\/posts\/17332","targetHints":{"allow":["GET"]}}],"collection":[{"href":"https:\/\/appsaf.apieproject.com\/news\/fr\/wp-json\/wp\/v2\/posts"}],"about":[{"href":"https:\/\/appsaf.apieproject.com\/news\/fr\/wp-json\/wp\/v2\/types\/post"}],"author":[{"embeddable":true,"href":"https:\/\/appsaf.apieproject.com\/news\/fr\/wp-json\/wp\/v2\/users\/12963"}],"replies":[{"embeddable":true,"href":"https:\/\/appsaf.apieproject.com\/news\/fr\/wp-json\/wp\/v2\/comments?post=17332"}],"version-history":[{"count":1,"href":"https:\/\/appsaf.apieproject.com\/news\/fr\/wp-json\/wp\/v2\/posts\/17332\/revisions"}],"predecessor-version":[{"id":17743,"href":"https:\/\/appsaf.apieproject.com\/news\/fr\/wp-json\/wp\/v2\/posts\/17332\/revisions\/17743"}],"wp:featuredmedia":[{"embeddable":true,"href":"https:\/\/appsaf.apieproject.com\/news\/fr\/wp-json\/wp\/v2\/media\/17329"}],"wp:attachment":[{"href":"https:\/\/appsaf.apieproject.com\/news\/fr\/wp-json\/wp\/v2\/media?parent=17332"}],"wp:term":[{"taxonomy":"category","embeddable":true,"href":"https:\/\/appsaf.apieproject.com\/news\/fr\/wp-json\/wp\/v2\/categories?post=17332"},{"taxonomy":"post_tag","embeddable":true,"href":"https:\/\/appsaf.apieproject.com\/news\/fr\/wp-json\/wp\/v2\/tags?post=17332"}],"curies":[{"name":"wp","href":"https:\/\/api.w.org\/{rel}","templated":true}]}}