{"id":17404,"date":"2022-09-19T18:56:21","date_gmt":"2022-09-19T18:56:21","guid":{"rendered":"https:\/\/appsaf.apieproject.com\/news\/?p=17404"},"modified":"2022-09-19T18:56:23","modified_gmt":"2022-09-19T18:56:23","slug":"la-mode-africaine-defile-a-paris","status":"publish","type":"post","link":"https:\/\/appsaf.apieproject.com\/news\/fr\/2022\/09\/19\/la-mode-africaine-defile-a-paris\/","title":{"rendered":"La Mode Africaine D\u00e9file \u00c0 Paris"},"content":{"rendered":"<p>\u00ab On ne les voit pas, on ne les entend pas \u00bb, constate Val\u00e9rie Ka \u00e0 propos des cr\u00e9ateurs africains. La quadrag\u00e9naire franco-ivoirienne, ancien mannequin et fondatrice d\u2019une marque de pr\u00eat-\u00e0-porter \u00e0 son nom, a cr\u00e9\u00e9 Africa Fashion Up, un concours de mode \u00ab mettant sur le podium la cr\u00e9ativit\u00e9 africaine \u00bb. Apr\u00e8s une premi\u00e8re \u00e9dition l\u2019ann\u00e9e derni\u00e8re, qui a r\u00e9uni une s\u00e9lection de jeunes stylistes du continent africain et aussi de la diaspora, Val\u00e9rie Ka r\u00e9cidive \u00e0 l\u2019occasion d\u2019un d\u00e9fil\u00e9 qui se tiendra ce vendredi 16 septembre, \u00e0 l\u2019h\u00f4tel Salomon de Rothschild, \u00e0 Paris.<\/p>\n<p>\u00ab L\u2019\u00e9v\u00e9nement se fait de plus en plus conna\u00eetre \u00bb, se r\u00e9jouit l\u2019organisatrice. Pour preuve, le nombre de candidatures a plus que tripl\u00e9 depuis la premi\u00e8re \u00e9dition : 45 l\u2019ann\u00e9e derni\u00e8re, contre 166 cette ann\u00e9e. Seulement cinq d\u2019entre eux &#8211; Ibrahim Fernandez, Jean-C\u00e9dric Sow, Muyishime Edi Patrick, Nina Binebine, Jacques Bam- ont \u00e9t\u00e9 retenus et pr\u00e9senteront leurs cr\u00e9ations devant un public de 450 personnes \u2013 et un jury compos\u00e9 de professionnels issus de prestigieuses enseignes de mode (LVMH, Balenciaga, Galeries Lafayette\u2026).<\/p>\n<p>Lors de leur s\u00e9jour parisien, les laur\u00e9ats participeront aussi \u00e0 des masterclass tenues par l\u2019\u00e9cole de commerce HEC et la maison Balenciaga. \u00ab Le but est de les accompagner et de leur donner les outils n\u00e9cessaires pour les aider \u00e0 d\u00e9velopper leur marque et essayer d\u2019atteindre le march\u00e9 africain comme l\u2019international \u00bb, pr\u00e9cise la tr\u00e8s volubile Val\u00e9rie Ka.<\/p>\n<p>Un projet essentiel, estime la cr\u00e9atrice marocaine Mina Binebine, 27 ans :<\/p>\n<p>\u00ab La mode africaine est plus diversifi\u00e9e qu\u2019on ne le croit et ce d\u00e9fil\u00e9 permettra de le donner \u00e0 voir au public occidental. Beaucoup se rendront compte qu\u2019elle ne se r\u00e9sume pas au wax et aux djellabas ! \u00bb<br \/>\nElle y pr\u00e9sentera sa collection baptis\u00e9e \u00ab Eclosion \u00bb, faite de corsets brod\u00e9s \u00e0 la main, de couleurs vives et de boutons upcycl\u00e9s \u2013 toujours m\u00e2tin\u00e9s d\u2019une \u00ab touche marocaine \u00bb. Quelques jours avant que ne d\u00e9bute la fashion week parisienne, cet \u00e9v\u00e9nement d\u00e9di\u00e9 \u00e0 la mode africaine viendra offrir une belle vitrine \u00e0 des acteurs injustement m\u00e9connus du monde de la mode.<\/p>\n","protected":false},"excerpt":{"rendered":"<p>5 jeunes cr\u00e9ateurs, laur\u00e9ats du programme Africa Fashion UP, c\u00e9l\u00e8brent \u00e0 Paris ce vendredi 19 septembre toute la richesse et la diversit\u00e9 de la mode africaine.<\/p>\n","protected":false},"author":12963,"featured_media":17401,"comment_status":"open","ping_status":"open","sticky":false,"template":"","format":"standard","meta":{"footnotes":""},"categories":[57,63],"tags":[78,95,94],"class_list":{"0":"post-17404","1":"post","2":"type-post","3":"status-publish","4":"format-standard","5":"has-post-thumbnail","7":"category-mode","8":"category-mode-de-vie","9":"tag-apie-project-2","10":"tag-mode","11":"tag-mode-de-vie"},"yoast_head":"<!-- This site is optimized with the Yoast SEO plugin v24.4 - https:\/\/yoast.com\/wordpress\/plugins\/seo\/ -->\n<title>La Mode Africaine D\u00e9file \u00c0 Paris - APIE NEWS<\/title>\n<meta name=\"robots\" content=\"index, follow, max-snippet:-1, max-image-preview:large, max-video-preview:-1\" \/>\n<link rel=\"canonical\" href=\"https:\/\/appsaf.apieproject.com\/news\/fr\/2022\/09\/19\/la-mode-africaine-defile-a-paris\/\" \/>\n<meta property=\"og:locale\" content=\"fr_FR\" \/>\n<meta property=\"og:type\" content=\"article\" \/>\n<meta property=\"og:title\" content=\"La Mode Africaine D\u00e9file \u00c0 Paris - APIE NEWS\" \/>\n<meta property=\"og:description\" content=\"5 jeunes cr\u00e9ateurs, laur\u00e9ats du programme Africa Fashion UP, c\u00e9l\u00e8brent \u00e0 Paris ce vendredi 19 septembre toute la richesse et la diversit\u00e9 de la mode africaine.\" \/>\n<meta property=\"og:url\" content=\"https:\/\/appsaf.apieproject.com\/news\/fr\/2022\/09\/19\/la-mode-africaine-defile-a-paris\/\" \/>\n<meta property=\"og:site_name\" content=\"APIE NEWS\" \/>\n<meta property=\"article:publisher\" content=\"https:\/\/facebook.com\/apieproject\" \/>\n<meta property=\"article:published_time\" content=\"2022-09-19T18:56:21+00:00\" \/>\n<meta property=\"article:modified_time\" content=\"2022-09-19T18:56:23+00:00\" \/>\n<meta property=\"og:image\" content=\"https:\/\/appsaf.apieproject.com\/news\/wp-content\/uploads\/sites\/29\/2022\/09\/lffff-90c28029581899b0ba1eb03a5c748e71.jpg\" \/>\n\t<meta property=\"og:image:width\" content=\"674\" \/>\n\t<meta property=\"og:image:height\" content=\"339\" \/>\n\t<meta property=\"og:image:type\" content=\"image\/jpeg\" \/>\n<meta name=\"author\" content=\"staff\" \/>\n<meta name=\"twitter:card\" content=\"summary_large_image\" \/>\n<meta name=\"twitter:creator\" content=\"@apieproject\" \/>\n<meta name=\"twitter:site\" content=\"@apieproject\" \/>\n<meta name=\"twitter:label1\" content=\"\u00c9crit par\" \/>\n\t<meta name=\"twitter:data1\" content=\"staff\" \/>\n\t<meta name=\"twitter:label2\" content=\"Dur\u00e9e de lecture estim\u00e9e\" \/>\n\t<meta name=\"twitter:data2\" content=\"2 minutes\" \/>\n<script type=\"application\/ld+json\" class=\"yoast-schema-graph\">{\"@context\":\"https:\/\/schema.org\",\"@graph\":[{\"@type\":\"Article\",\"@id\":\"https:\/\/appsaf.apieproject.com\/news\/fr\/2022\/09\/19\/la-mode-africaine-defile-a-paris\/#article\",\"isPartOf\":{\"@id\":\"https:\/\/appsaf.apieproject.com\/news\/fr\/2022\/09\/19\/la-mode-africaine-defile-a-paris\/\"},\"author\":{\"name\":\"staff\",\"@id\":\"https:\/\/appsaf.apieproject.com\/news\/#\/schema\/person\/399517cac378948cd7b39086f9ddc2a7\"},\"headline\":\"La Mode Africaine D\u00e9file \u00c0 Paris\",\"datePublished\":\"2022-09-19T18:56:21+00:00\",\"dateModified\":\"2022-09-19T18:56:23+00:00\",\"mainEntityOfPage\":{\"@id\":\"https:\/\/appsaf.apieproject.com\/news\/fr\/2022\/09\/19\/la-mode-africaine-defile-a-paris\/\"},\"wordCount\":381,\"commentCount\":0,\"publisher\":{\"@id\":\"https:\/\/appsaf.apieproject.com\/news\/#organization\"},\"image\":{\"@id\":\"https:\/\/appsaf.apieproject.com\/news\/fr\/2022\/09\/19\/la-mode-africaine-defile-a-paris\/#primaryimage\"},\"thumbnailUrl\":\"https:\/\/appsaf.apieproject.com\/news\/wp-content\/uploads\/sites\/29\/2022\/09\/lffff-90c28029581899b0ba1eb03a5c748e71.jpg\",\"keywords\":[\"apie project\",\"mode\",\"mode de vie\"],\"articleSection\":[\"Mode\",\"Mode de Vie\"],\"inLanguage\":\"fr-FR\",\"potentialAction\":[{\"@type\":\"CommentAction\",\"name\":\"Comment\",\"target\":[\"https:\/\/appsaf.apieproject.com\/news\/fr\/2022\/09\/19\/la-mode-africaine-defile-a-paris\/#respond\"]}]},{\"@type\":\"WebPage\",\"@id\":\"https:\/\/appsaf.apieproject.com\/news\/fr\/2022\/09\/19\/la-mode-africaine-defile-a-paris\/\",\"url\":\"https:\/\/appsaf.apieproject.com\/news\/fr\/2022\/09\/19\/la-mode-africaine-defile-a-paris\/\",\"name\":\"La Mode Africaine D\u00e9file \u00c0 Paris - APIE NEWS\",\"isPartOf\":{\"@id\":\"https:\/\/appsaf.apieproject.com\/news\/#website\"},\"primaryImageOfPage\":{\"@id\":\"https:\/\/appsaf.apieproject.com\/news\/fr\/2022\/09\/19\/la-mode-africaine-defile-a-paris\/#primaryimage\"},\"image\":{\"@id\":\"https:\/\/appsaf.apieproject.com\/news\/fr\/2022\/09\/19\/la-mode-africaine-defile-a-paris\/#primaryimage\"},\"thumbnailUrl\":\"https:\/\/appsaf.apieproject.com\/news\/wp-content\/uploads\/sites\/29\/2022\/09\/lffff-90c28029581899b0ba1eb03a5c748e71.jpg\",\"datePublished\":\"2022-09-19T18:56:21+00:00\",\"dateModified\":\"2022-09-19T18:56:23+00:00\",\"breadcrumb\":{\"@id\":\"https:\/\/appsaf.apieproject.com\/news\/fr\/2022\/09\/19\/la-mode-africaine-defile-a-paris\/#breadcrumb\"},\"inLanguage\":\"fr-FR\",\"potentialAction\":[{\"@type\":\"ReadAction\",\"target\":[\"https:\/\/appsaf.apieproject.com\/news\/fr\/2022\/09\/19\/la-mode-africaine-defile-a-paris\/\"]}]},{\"@type\":\"ImageObject\",\"inLanguage\":\"fr-FR\",\"@id\":\"https:\/\/appsaf.apieproject.com\/news\/fr\/2022\/09\/19\/la-mode-africaine-defile-a-paris\/#primaryimage\",\"url\":\"https:\/\/appsaf.apieproject.com\/news\/wp-content\/uploads\/sites\/29\/2022\/09\/lffff-90c28029581899b0ba1eb03a5c748e71.jpg\",\"contentUrl\":\"https:\/\/appsaf.apieproject.com\/news\/wp-content\/uploads\/sites\/29\/2022\/09\/lffff-90c28029581899b0ba1eb03a5c748e71.jpg\",\"width\":674,\"height\":339},{\"@type\":\"BreadcrumbList\",\"@id\":\"https:\/\/appsaf.apieproject.com\/news\/fr\/2022\/09\/19\/la-mode-africaine-defile-a-paris\/#breadcrumb\",\"itemListElement\":[{\"@type\":\"ListItem\",\"position\":1,\"name\":\"Home\",\"item\":\"https:\/\/appsaf.apieproject.com\/news\/fr\/home\/\"},{\"@type\":\"ListItem\",\"position\":2,\"name\":\"La Mode Africaine D\u00e9file \u00c0 Paris\"}]},{\"@type\":\"WebSite\",\"@id\":\"https:\/\/appsaf.apieproject.com\/news\/#website\",\"url\":\"https:\/\/appsaf.apieproject.com\/news\/\",\"name\":\"APIE NEWS\",\"description\":\"PANAFRICANISM NEWS PORTAL\",\"publisher\":{\"@id\":\"https:\/\/appsaf.apieproject.com\/news\/#organization\"},\"potentialAction\":[{\"@type\":\"SearchAction\",\"target\":{\"@type\":\"EntryPoint\",\"urlTemplate\":\"https:\/\/appsaf.apieproject.com\/news\/?s={search_term_string}\"},\"query-input\":{\"@type\":\"PropertyValueSpecification\",\"valueRequired\":true,\"valueName\":\"search_term_string\"}}],\"inLanguage\":\"fr-FR\"},{\"@type\":\"Organization\",\"@id\":\"https:\/\/appsaf.apieproject.com\/news\/#organization\",\"name\":\"APIE PROJECT\",\"url\":\"https:\/\/appsaf.apieproject.com\/news\/\",\"logo\":{\"@type\":\"ImageObject\",\"inLanguage\":\"fr-FR\",\"@id\":\"https:\/\/appsaf.apieproject.com\/news\/#\/schema\/logo\/image\/\",\"url\":\"https:\/\/appsaf.apieproject.com\/news\/wp-content\/uploads\/sites\/29\/2022\/07\/logo-R-TransparentBackground.png\",\"contentUrl\":\"https:\/\/appsaf.apieproject.com\/news\/wp-content\/uploads\/sites\/29\/2022\/07\/logo-R-TransparentBackground.png\",\"width\":512,\"height\":512,\"caption\":\"APIE PROJECT\"},\"image\":{\"@id\":\"https:\/\/appsaf.apieproject.com\/news\/#\/schema\/logo\/image\/\"},\"sameAs\":[\"https:\/\/facebook.com\/apieproject\",\"https:\/\/x.com\/apieproject\"]},{\"@type\":\"Person\",\"@id\":\"https:\/\/appsaf.apieproject.com\/news\/#\/schema\/person\/399517cac378948cd7b39086f9ddc2a7\",\"name\":\"staff\",\"image\":{\"@type\":\"ImageObject\",\"inLanguage\":\"fr-FR\",\"@id\":\"https:\/\/appsaf.apieproject.com\/news\/#\/schema\/person\/image\/\",\"url\":\"https:\/\/secure.gravatar.com\/avatar\/5386283c5db150efe261184bd59f072a?s=96&d=mm&r=g\",\"contentUrl\":\"https:\/\/secure.gravatar.com\/avatar\/5386283c5db150efe261184bd59f072a?s=96&d=mm&r=g\",\"caption\":\"staff\"},\"url\":\"https:\/\/appsaf.apieproject.com\/news\/fr\/author\/staff\/\"}]}<\/script>\n<!-- \/ Yoast SEO plugin. -->","yoast_head_json":{"title":"La Mode Africaine D\u00e9file \u00c0 Paris - APIE NEWS","robots":{"index":"index","follow":"follow","max-snippet":"max-snippet:-1","max-image-preview":"max-image-preview:large","max-video-preview":"max-video-preview:-1"},"canonical":"https:\/\/appsaf.apieproject.com\/news\/fr\/2022\/09\/19\/la-mode-africaine-defile-a-paris\/","og_locale":"fr_FR","og_type":"article","og_title":"La Mode Africaine D\u00e9file \u00c0 Paris - APIE NEWS","og_description":"5 jeunes cr\u00e9ateurs, laur\u00e9ats du programme Africa Fashion UP, c\u00e9l\u00e8brent \u00e0 Paris ce vendredi 19 septembre toute la richesse et la diversit\u00e9 de la mode africaine.","og_url":"https:\/\/appsaf.apieproject.com\/news\/fr\/2022\/09\/19\/la-mode-africaine-defile-a-paris\/","og_site_name":"APIE NEWS","article_publisher":"https:\/\/facebook.com\/apieproject","article_published_time":"2022-09-19T18:56:21+00:00","article_modified_time":"2022-09-19T18:56:23+00:00","og_image":[{"width":674,"height":339,"url":"https:\/\/appsaf.apieproject.com\/news\/wp-content\/uploads\/sites\/29\/2022\/09\/lffff-90c28029581899b0ba1eb03a5c748e71.jpg","type":"image\/jpeg"}],"author":"staff","twitter_card":"summary_large_image","twitter_creator":"@apieproject","twitter_site":"@apieproject","twitter_misc":{"\u00c9crit par":"staff","Dur\u00e9e de lecture estim\u00e9e":"2 minutes"},"schema":{"@context":"https:\/\/schema.org","@graph":[{"@type":"Article","@id":"https:\/\/appsaf.apieproject.com\/news\/fr\/2022\/09\/19\/la-mode-africaine-defile-a-paris\/#article","isPartOf":{"@id":"https:\/\/appsaf.apieproject.com\/news\/fr\/2022\/09\/19\/la-mode-africaine-defile-a-paris\/"},"author":{"name":"staff","@id":"https:\/\/appsaf.apieproject.com\/news\/#\/schema\/person\/399517cac378948cd7b39086f9ddc2a7"},"headline":"La Mode Africaine D\u00e9file \u00c0 Paris","datePublished":"2022-09-19T18:56:21+00:00","dateModified":"2022-09-19T18:56:23+00:00","mainEntityOfPage":{"@id":"https:\/\/appsaf.apieproject.com\/news\/fr\/2022\/09\/19\/la-mode-africaine-defile-a-paris\/"},"wordCount":381,"commentCount":0,"publisher":{"@id":"https:\/\/appsaf.apieproject.com\/news\/#organization"},"image":{"@id":"https:\/\/appsaf.apieproject.com\/news\/fr\/2022\/09\/19\/la-mode-africaine-defile-a-paris\/#primaryimage"},"thumbnailUrl":"https:\/\/appsaf.apieproject.com\/news\/wp-content\/uploads\/sites\/29\/2022\/09\/lffff-90c28029581899b0ba1eb03a5c748e71.jpg","keywords":["apie project","mode","mode de vie"],"articleSection":["Mode","Mode de Vie"],"inLanguage":"fr-FR","potentialAction":[{"@type":"CommentAction","name":"Comment","target":["https:\/\/appsaf.apieproject.com\/news\/fr\/2022\/09\/19\/la-mode-africaine-defile-a-paris\/#respond"]}]},{"@type":"WebPage","@id":"https:\/\/appsaf.apieproject.com\/news\/fr\/2022\/09\/19\/la-mode-africaine-defile-a-paris\/","url":"https:\/\/appsaf.apieproject.com\/news\/fr\/2022\/09\/19\/la-mode-africaine-defile-a-paris\/","name":"La Mode Africaine D\u00e9file \u00c0 Paris - APIE NEWS","isPartOf":{"@id":"https:\/\/appsaf.apieproject.com\/news\/#website"},"primaryImageOfPage":{"@id":"https:\/\/appsaf.apieproject.com\/news\/fr\/2022\/09\/19\/la-mode-africaine-defile-a-paris\/#primaryimage"},"image":{"@id":"https:\/\/appsaf.apieproject.com\/news\/fr\/2022\/09\/19\/la-mode-africaine-defile-a-paris\/#primaryimage"},"thumbnailUrl":"https:\/\/appsaf.apieproject.com\/news\/wp-content\/uploads\/sites\/29\/2022\/09\/lffff-90c28029581899b0ba1eb03a5c748e71.jpg","datePublished":"2022-09-19T18:56:21+00:00","dateModified":"2022-09-19T18:56:23+00:00","breadcrumb":{"@id":"https:\/\/appsaf.apieproject.com\/news\/fr\/2022\/09\/19\/la-mode-africaine-defile-a-paris\/#breadcrumb"},"inLanguage":"fr-FR","potentialAction":[{"@type":"ReadAction","target":["https:\/\/appsaf.apieproject.com\/news\/fr\/2022\/09\/19\/la-mode-africaine-defile-a-paris\/"]}]},{"@type":"ImageObject","inLanguage":"fr-FR","@id":"https:\/\/appsaf.apieproject.com\/news\/fr\/2022\/09\/19\/la-mode-africaine-defile-a-paris\/#primaryimage","url":"https:\/\/appsaf.apieproject.com\/news\/wp-content\/uploads\/sites\/29\/2022\/09\/lffff-90c28029581899b0ba1eb03a5c748e71.jpg","contentUrl":"https:\/\/appsaf.apieproject.com\/news\/wp-content\/uploads\/sites\/29\/2022\/09\/lffff-90c28029581899b0ba1eb03a5c748e71.jpg","width":674,"height":339},{"@type":"BreadcrumbList","@id":"https:\/\/appsaf.apieproject.com\/news\/fr\/2022\/09\/19\/la-mode-africaine-defile-a-paris\/#breadcrumb","itemListElement":[{"@type":"ListItem","position":1,"name":"Home","item":"https:\/\/appsaf.apieproject.com\/news\/fr\/home\/"},{"@type":"ListItem","position":2,"name":"La Mode Africaine D\u00e9file \u00c0 Paris"}]},{"@type":"WebSite","@id":"https:\/\/appsaf.apieproject.com\/news\/#website","url":"https:\/\/appsaf.apieproject.com\/news\/","name":"APIE NEWS","description":"PANAFRICANISM NEWS PORTAL","publisher":{"@id":"https:\/\/appsaf.apieproject.com\/news\/#organization"},"potentialAction":[{"@type":"SearchAction","target":{"@type":"EntryPoint","urlTemplate":"https:\/\/appsaf.apieproject.com\/news\/?s={search_term_string}"},"query-input":{"@type":"PropertyValueSpecification","valueRequired":true,"valueName":"search_term_string"}}],"inLanguage":"fr-FR"},{"@type":"Organization","@id":"https:\/\/appsaf.apieproject.com\/news\/#organization","name":"APIE PROJECT","url":"https:\/\/appsaf.apieproject.com\/news\/","logo":{"@type":"ImageObject","inLanguage":"fr-FR","@id":"https:\/\/appsaf.apieproject.com\/news\/#\/schema\/logo\/image\/","url":"https:\/\/appsaf.apieproject.com\/news\/wp-content\/uploads\/sites\/29\/2022\/07\/logo-R-TransparentBackground.png","contentUrl":"https:\/\/appsaf.apieproject.com\/news\/wp-content\/uploads\/sites\/29\/2022\/07\/logo-R-TransparentBackground.png","width":512,"height":512,"caption":"APIE PROJECT"},"image":{"@id":"https:\/\/appsaf.apieproject.com\/news\/#\/schema\/logo\/image\/"},"sameAs":["https:\/\/facebook.com\/apieproject","https:\/\/x.com\/apieproject"]},{"@type":"Person","@id":"https:\/\/appsaf.apieproject.com\/news\/#\/schema\/person\/399517cac378948cd7b39086f9ddc2a7","name":"staff","image":{"@type":"ImageObject","inLanguage":"fr-FR","@id":"https:\/\/appsaf.apieproject.com\/news\/#\/schema\/person\/image\/","url":"https:\/\/secure.gravatar.com\/avatar\/5386283c5db150efe261184bd59f072a?s=96&d=mm&r=g","contentUrl":"https:\/\/secure.gravatar.com\/avatar\/5386283c5db150efe261184bd59f072a?s=96&d=mm&r=g","caption":"staff"},"url":"https:\/\/appsaf.apieproject.com\/news\/fr\/author\/staff\/"}]}},"_links":{"self":[{"href":"https:\/\/appsaf.apieproject.com\/news\/fr\/wp-json\/wp\/v2\/posts\/17404","targetHints":{"allow":["GET"]}}],"collection":[{"href":"https:\/\/appsaf.apieproject.com\/news\/fr\/wp-json\/wp\/v2\/posts"}],"about":[{"href":"https:\/\/appsaf.apieproject.com\/news\/fr\/wp-json\/wp\/v2\/types\/post"}],"author":[{"embeddable":true,"href":"https:\/\/appsaf.apieproject.com\/news\/fr\/wp-json\/wp\/v2\/users\/12963"}],"replies":[{"embeddable":true,"href":"https:\/\/appsaf.apieproject.com\/news\/fr\/wp-json\/wp\/v2\/comments?post=17404"}],"version-history":[{"count":1,"href":"https:\/\/appsaf.apieproject.com\/news\/fr\/wp-json\/wp\/v2\/posts\/17404\/revisions"}],"predecessor-version":[{"id":17771,"href":"https:\/\/appsaf.apieproject.com\/news\/fr\/wp-json\/wp\/v2\/posts\/17404\/revisions\/17771"}],"wp:featuredmedia":[{"embeddable":true,"href":"https:\/\/appsaf.apieproject.com\/news\/fr\/wp-json\/wp\/v2\/media\/17401"}],"wp:attachment":[{"href":"https:\/\/appsaf.apieproject.com\/news\/fr\/wp-json\/wp\/v2\/media?parent=17404"}],"wp:term":[{"taxonomy":"category","embeddable":true,"href":"https:\/\/appsaf.apieproject.com\/news\/fr\/wp-json\/wp\/v2\/categories?post=17404"},{"taxonomy":"post_tag","embeddable":true,"href":"https:\/\/appsaf.apieproject.com\/news\/fr\/wp-json\/wp\/v2\/tags?post=17404"}],"curies":[{"name":"wp","href":"https:\/\/api.w.org\/{rel}","templated":true}]}}