{"id":1777,"date":"2022-02-28T02:03:34","date_gmt":"2022-02-28T02:03:34","guid":{"rendered":"https:\/\/appsaf.apieproject.com\/news\/?p=1777"},"modified":"2022-02-28T02:03:35","modified_gmt":"2022-02-28T02:03:35","slug":"a-lassemblee-nationale-francaise-muzito-insiste-sur-les-reformes-avant-2023","status":"publish","type":"post","link":"https:\/\/appsaf.apieproject.com\/news\/fr\/2022\/02\/28\/a-lassemblee-nationale-francaise-muzito-insiste-sur-les-reformes-avant-2023\/","title":{"rendered":"A l\u2019Assembl\u00e9e nationale fran\u00e7aise, Muzito insiste sur les r\u00e9formes avant 2023"},"content":{"rendered":"<p>Re\u00e7u jeudi 24 f\u00e9vrier \u00e0 l\u2019Assembl\u00e9e nationale fran\u00e7aise par le d\u00e9put\u00e9 Jean-Paul Lecoq, membre du Parti communiste fran\u00e7ais, le leader de Nouvel Elan a soutenu la position selon laquelle \u00ab pour mettre fin \u00e0 la crise de l\u00e9gitimit\u00e9 actuelle en RDC, il faudrait des r\u00e9formes pour garantir la tenue des \u00e9lections libres, d\u00e9mocratiques et transparentes en 2023 \u00bb.<\/p>\n<p>Le Premier ministre honoraire a fait remarquer \u00e0 l\u2019\u00e9lu du Parti communiste fran\u00e7ais (PCF) que la stabilisation de l\u2019Afrique passe \u00e9galement par la RDC compte tenu de sa superficie car, souligne-t-il, la RDC \u00e0 elle seule, repr\u00e9sente la moiti\u00e9 de la CEDEAO.<\/p>\n<p>\u00ab\u00a0Au regard de la situation politique actuelle en RDC (le plus grand pays francophone du monde), une v\u00e9ritable collaboration doit se faire entre les organisations politiques de nos deux pays. Pr\u00e9sentement, les multinationales occidentales sont \u00e0 la base de l\u2019instabilit\u00e9 de la RDC. Elles passent par ses voisins et tirent des profits \u00e9normes gr\u00e2ce au pillage des ressources mini\u00e8res et en plus, elles laissent malheureusement la population dans l\u2019extr\u00eame pauvret\u00e9. La RDC, \u00e0 travers sa faune et sa flore, est la solution aux probl\u00e8mes du d\u00e9r\u00e8glement climatique, mais pour y arriver, il faudrait arr\u00eater de cr\u00e9er l\u2019instabilit\u00e9, ensuite envisager des r\u00e9formes importantes afin de bien exploiter ces opportunit\u00e9s pour le Congo, l\u2019Afrique et l\u2019Occident. Bref, pour le monde entier\u00a0\u00bb, a rapport\u00e9 le porte-parole de Nouvel Elan, Albert Mukulubundu.<\/p>\n<p><strong>Rencontre annonc\u00e9e avec Jean-Luc M\u00e9lenchon<\/strong><\/p>\n<p>Adolphe Muzito et Jean-Paul Lecoq ont soulev\u00e9 la n\u00e9cessit\u00e9 de mettre en place un v\u00e9ritable partenariat en remplacement des politiques actuelles qui sont \u00e0 la base des crises entre l\u2019Afrique et l\u2019Europe.<\/p>\n","protected":false},"excerpt":{"rendered":"<p>2023 se profile \u00e0 l\u2019horizon. Le troisi\u00e8me cycle \u00e9lectoral qui s\u2019annonce agit\u00e9, est pris tr\u00e8s au s\u00e9rieux par les leaders de la coalition Lamuka. Les r\u00e9sultats des \u00e9lections de 2023 doivent traduire le suffrage r\u00e9ellement exprim\u00e9 par les Congolais, ont toujours soutenu Adolphe Muzito et Martin Fayulu.<\/p>\n","protected":false},"author":12963,"featured_media":1774,"comment_status":"open","ping_status":"open","sticky":false,"template":"","format":"standard","meta":{"footnotes":""},"categories":[67,69],"tags":[81,78,82],"class_list":{"0":"post-1777","1":"post","2":"type-post","3":"status-publish","4":"format-standard","5":"has-post-thumbnail","7":"category-actualites","8":"category-politique","9":"tag-actualites","10":"tag-apie-project-2","11":"tag-politique"},"yoast_head":"<!-- This site is optimized with the Yoast SEO plugin v24.4 - https:\/\/yoast.com\/wordpress\/plugins\/seo\/ -->\n<title>A l\u2019Assembl\u00e9e nationale fran\u00e7aise, Muzito insiste sur les r\u00e9formes avant 2023 - APIE NEWS<\/title>\n<meta name=\"robots\" content=\"index, follow, max-snippet:-1, max-image-preview:large, max-video-preview:-1\" \/>\n<link rel=\"canonical\" href=\"https:\/\/appsaf.apieproject.com\/news\/fr\/2022\/02\/28\/a-lassemblee-nationale-francaise-muzito-insiste-sur-les-reformes-avant-2023\/\" \/>\n<meta property=\"og:locale\" content=\"fr_FR\" \/>\n<meta property=\"og:type\" content=\"article\" \/>\n<meta property=\"og:title\" content=\"A l\u2019Assembl\u00e9e nationale fran\u00e7aise, Muzito insiste sur les r\u00e9formes avant 2023 - APIE NEWS\" \/>\n<meta property=\"og:description\" content=\"2023 se profile \u00e0 l\u2019horizon. Le troisi\u00e8me cycle \u00e9lectoral qui s\u2019annonce agit\u00e9, est pris tr\u00e8s au s\u00e9rieux par les leaders de la coalition Lamuka. Les r\u00e9sultats des \u00e9lections de 2023 doivent traduire le suffrage r\u00e9ellement exprim\u00e9 par les Congolais, ont toujours soutenu Adolphe Muzito et Martin Fayulu.\" \/>\n<meta property=\"og:url\" content=\"https:\/\/appsaf.apieproject.com\/news\/fr\/2022\/02\/28\/a-lassemblee-nationale-francaise-muzito-insiste-sur-les-reformes-avant-2023\/\" \/>\n<meta property=\"og:site_name\" content=\"APIE NEWS\" \/>\n<meta property=\"article:publisher\" content=\"https:\/\/facebook.com\/apieproject\" \/>\n<meta property=\"article:published_time\" content=\"2022-02-28T02:03:34+00:00\" \/>\n<meta property=\"article:modified_time\" content=\"2022-02-28T02:03:35+00:00\" \/>\n<meta property=\"og:image\" content=\"https:\/\/appsaf.apieproject.com\/news\/wp-content\/uploads\/sites\/29\/2022\/02\/po-2-fed6a4b29b1d4b04c73abac8642c232a.jpeg\" \/>\n\t<meta property=\"og:image:width\" content=\"640\" \/>\n\t<meta property=\"og:image:height\" content=\"350\" \/>\n\t<meta property=\"og:image:type\" content=\"image\/jpeg\" \/>\n<meta name=\"author\" content=\"staff\" \/>\n<meta name=\"twitter:card\" content=\"summary_large_image\" \/>\n<meta name=\"twitter:creator\" content=\"@apieproject\" \/>\n<meta name=\"twitter:site\" content=\"@apieproject\" \/>\n<meta name=\"twitter:label1\" content=\"\u00c9crit par\" \/>\n\t<meta name=\"twitter:data1\" content=\"staff\" \/>\n\t<meta name=\"twitter:label2\" content=\"Dur\u00e9e de lecture estim\u00e9e\" \/>\n\t<meta name=\"twitter:data2\" content=\"1 minute\" \/>\n<script type=\"application\/ld+json\" class=\"yoast-schema-graph\">{\"@context\":\"https:\/\/schema.org\",\"@graph\":[{\"@type\":\"Article\",\"@id\":\"https:\/\/appsaf.apieproject.com\/news\/fr\/2022\/02\/28\/a-lassemblee-nationale-francaise-muzito-insiste-sur-les-reformes-avant-2023\/#article\",\"isPartOf\":{\"@id\":\"https:\/\/appsaf.apieproject.com\/news\/fr\/2022\/02\/28\/a-lassemblee-nationale-francaise-muzito-insiste-sur-les-reformes-avant-2023\/\"},\"author\":{\"name\":\"staff\",\"@id\":\"https:\/\/appsaf.apieproject.com\/news\/#\/schema\/person\/399517cac378948cd7b39086f9ddc2a7\"},\"headline\":\"A l\u2019Assembl\u00e9e nationale fran\u00e7aise, Muzito insiste sur les r\u00e9formes avant 2023\",\"datePublished\":\"2022-02-28T02:03:34+00:00\",\"dateModified\":\"2022-02-28T02:03:35+00:00\",\"mainEntityOfPage\":{\"@id\":\"https:\/\/appsaf.apieproject.com\/news\/fr\/2022\/02\/28\/a-lassemblee-nationale-francaise-muzito-insiste-sur-les-reformes-avant-2023\/\"},\"wordCount\":305,\"commentCount\":0,\"publisher\":{\"@id\":\"https:\/\/appsaf.apieproject.com\/news\/#organization\"},\"image\":{\"@id\":\"https:\/\/appsaf.apieproject.com\/news\/fr\/2022\/02\/28\/a-lassemblee-nationale-francaise-muzito-insiste-sur-les-reformes-avant-2023\/#primaryimage\"},\"thumbnailUrl\":\"https:\/\/appsaf.apieproject.com\/news\/wp-content\/uploads\/sites\/29\/2022\/02\/po-2-fed6a4b29b1d4b04c73abac8642c232a.jpeg\",\"keywords\":[\"actualites\",\"apie project\",\"politique\"],\"articleSection\":[\"Actualit\u00e9s\",\"Politique\"],\"inLanguage\":\"fr-FR\",\"potentialAction\":[{\"@type\":\"CommentAction\",\"name\":\"Comment\",\"target\":[\"https:\/\/appsaf.apieproject.com\/news\/fr\/2022\/02\/28\/a-lassemblee-nationale-francaise-muzito-insiste-sur-les-reformes-avant-2023\/#respond\"]}]},{\"@type\":\"WebPage\",\"@id\":\"https:\/\/appsaf.apieproject.com\/news\/fr\/2022\/02\/28\/a-lassemblee-nationale-francaise-muzito-insiste-sur-les-reformes-avant-2023\/\",\"url\":\"https:\/\/appsaf.apieproject.com\/news\/fr\/2022\/02\/28\/a-lassemblee-nationale-francaise-muzito-insiste-sur-les-reformes-avant-2023\/\",\"name\":\"A l\u2019Assembl\u00e9e nationale fran\u00e7aise, Muzito insiste sur les r\u00e9formes avant 2023 - APIE NEWS\",\"isPartOf\":{\"@id\":\"https:\/\/appsaf.apieproject.com\/news\/#website\"},\"primaryImageOfPage\":{\"@id\":\"https:\/\/appsaf.apieproject.com\/news\/fr\/2022\/02\/28\/a-lassemblee-nationale-francaise-muzito-insiste-sur-les-reformes-avant-2023\/#primaryimage\"},\"image\":{\"@id\":\"https:\/\/appsaf.apieproject.com\/news\/fr\/2022\/02\/28\/a-lassemblee-nationale-francaise-muzito-insiste-sur-les-reformes-avant-2023\/#primaryimage\"},\"thumbnailUrl\":\"https:\/\/appsaf.apieproject.com\/news\/wp-content\/uploads\/sites\/29\/2022\/02\/po-2-fed6a4b29b1d4b04c73abac8642c232a.jpeg\",\"datePublished\":\"2022-02-28T02:03:34+00:00\",\"dateModified\":\"2022-02-28T02:03:35+00:00\",\"breadcrumb\":{\"@id\":\"https:\/\/appsaf.apieproject.com\/news\/fr\/2022\/02\/28\/a-lassemblee-nationale-francaise-muzito-insiste-sur-les-reformes-avant-2023\/#breadcrumb\"},\"inLanguage\":\"fr-FR\",\"potentialAction\":[{\"@type\":\"ReadAction\",\"target\":[\"https:\/\/appsaf.apieproject.com\/news\/fr\/2022\/02\/28\/a-lassemblee-nationale-francaise-muzito-insiste-sur-les-reformes-avant-2023\/\"]}]},{\"@type\":\"ImageObject\",\"inLanguage\":\"fr-FR\",\"@id\":\"https:\/\/appsaf.apieproject.com\/news\/fr\/2022\/02\/28\/a-lassemblee-nationale-francaise-muzito-insiste-sur-les-reformes-avant-2023\/#primaryimage\",\"url\":\"https:\/\/appsaf.apieproject.com\/news\/wp-content\/uploads\/sites\/29\/2022\/02\/po-2-fed6a4b29b1d4b04c73abac8642c232a.jpeg\",\"contentUrl\":\"https:\/\/appsaf.apieproject.com\/news\/wp-content\/uploads\/sites\/29\/2022\/02\/po-2-fed6a4b29b1d4b04c73abac8642c232a.jpeg\",\"width\":640,\"height\":350},{\"@type\":\"BreadcrumbList\",\"@id\":\"https:\/\/appsaf.apieproject.com\/news\/fr\/2022\/02\/28\/a-lassemblee-nationale-francaise-muzito-insiste-sur-les-reformes-avant-2023\/#breadcrumb\",\"itemListElement\":[{\"@type\":\"ListItem\",\"position\":1,\"name\":\"Home\",\"item\":\"https:\/\/appsaf.apieproject.com\/news\/fr\/home\/\"},{\"@type\":\"ListItem\",\"position\":2,\"name\":\"A l\u2019Assembl\u00e9e nationale fran\u00e7aise, Muzito insiste sur les r\u00e9formes avant 2023\"}]},{\"@type\":\"WebSite\",\"@id\":\"https:\/\/appsaf.apieproject.com\/news\/#website\",\"url\":\"https:\/\/appsaf.apieproject.com\/news\/\",\"name\":\"APIE NEWS\",\"description\":\"PANAFRICANISM NEWS PORTAL\",\"publisher\":{\"@id\":\"https:\/\/appsaf.apieproject.com\/news\/#organization\"},\"potentialAction\":[{\"@type\":\"SearchAction\",\"target\":{\"@type\":\"EntryPoint\",\"urlTemplate\":\"https:\/\/appsaf.apieproject.com\/news\/?s={search_term_string}\"},\"query-input\":{\"@type\":\"PropertyValueSpecification\",\"valueRequired\":true,\"valueName\":\"search_term_string\"}}],\"inLanguage\":\"fr-FR\"},{\"@type\":\"Organization\",\"@id\":\"https:\/\/appsaf.apieproject.com\/news\/#organization\",\"name\":\"APIE PROJECT\",\"url\":\"https:\/\/appsaf.apieproject.com\/news\/\",\"logo\":{\"@type\":\"ImageObject\",\"inLanguage\":\"fr-FR\",\"@id\":\"https:\/\/appsaf.apieproject.com\/news\/#\/schema\/logo\/image\/\",\"url\":\"https:\/\/appsaf.apieproject.com\/news\/wp-content\/uploads\/sites\/29\/2022\/07\/logo-R-TransparentBackground.png\",\"contentUrl\":\"https:\/\/appsaf.apieproject.com\/news\/wp-content\/uploads\/sites\/29\/2022\/07\/logo-R-TransparentBackground.png\",\"width\":512,\"height\":512,\"caption\":\"APIE PROJECT\"},\"image\":{\"@id\":\"https:\/\/appsaf.apieproject.com\/news\/#\/schema\/logo\/image\/\"},\"sameAs\":[\"https:\/\/facebook.com\/apieproject\",\"https:\/\/x.com\/apieproject\"]},{\"@type\":\"Person\",\"@id\":\"https:\/\/appsaf.apieproject.com\/news\/#\/schema\/person\/399517cac378948cd7b39086f9ddc2a7\",\"name\":\"staff\",\"image\":{\"@type\":\"ImageObject\",\"inLanguage\":\"fr-FR\",\"@id\":\"https:\/\/appsaf.apieproject.com\/news\/#\/schema\/person\/image\/\",\"url\":\"https:\/\/secure.gravatar.com\/avatar\/5386283c5db150efe261184bd59f072a?s=96&d=mm&r=g\",\"contentUrl\":\"https:\/\/secure.gravatar.com\/avatar\/5386283c5db150efe261184bd59f072a?s=96&d=mm&r=g\",\"caption\":\"staff\"},\"url\":\"https:\/\/appsaf.apieproject.com\/news\/fr\/author\/staff\/\"}]}<\/script>\n<!-- \/ Yoast SEO plugin. -->","yoast_head_json":{"title":"A l\u2019Assembl\u00e9e nationale fran\u00e7aise, Muzito insiste sur les r\u00e9formes avant 2023 - APIE NEWS","robots":{"index":"index","follow":"follow","max-snippet":"max-snippet:-1","max-image-preview":"max-image-preview:large","max-video-preview":"max-video-preview:-1"},"canonical":"https:\/\/appsaf.apieproject.com\/news\/fr\/2022\/02\/28\/a-lassemblee-nationale-francaise-muzito-insiste-sur-les-reformes-avant-2023\/","og_locale":"fr_FR","og_type":"article","og_title":"A l\u2019Assembl\u00e9e nationale fran\u00e7aise, Muzito insiste sur les r\u00e9formes avant 2023 - APIE NEWS","og_description":"2023 se profile \u00e0 l\u2019horizon. Le troisi\u00e8me cycle \u00e9lectoral qui s\u2019annonce agit\u00e9, est pris tr\u00e8s au s\u00e9rieux par les leaders de la coalition Lamuka. Les r\u00e9sultats des \u00e9lections de 2023 doivent traduire le suffrage r\u00e9ellement exprim\u00e9 par les Congolais, ont toujours soutenu Adolphe Muzito et Martin Fayulu.","og_url":"https:\/\/appsaf.apieproject.com\/news\/fr\/2022\/02\/28\/a-lassemblee-nationale-francaise-muzito-insiste-sur-les-reformes-avant-2023\/","og_site_name":"APIE NEWS","article_publisher":"https:\/\/facebook.com\/apieproject","article_published_time":"2022-02-28T02:03:34+00:00","article_modified_time":"2022-02-28T02:03:35+00:00","og_image":[{"width":640,"height":350,"url":"https:\/\/appsaf.apieproject.com\/news\/wp-content\/uploads\/sites\/29\/2022\/02\/po-2-fed6a4b29b1d4b04c73abac8642c232a.jpeg","type":"image\/jpeg"}],"author":"staff","twitter_card":"summary_large_image","twitter_creator":"@apieproject","twitter_site":"@apieproject","twitter_misc":{"\u00c9crit par":"staff","Dur\u00e9e de lecture estim\u00e9e":"1 minute"},"schema":{"@context":"https:\/\/schema.org","@graph":[{"@type":"Article","@id":"https:\/\/appsaf.apieproject.com\/news\/fr\/2022\/02\/28\/a-lassemblee-nationale-francaise-muzito-insiste-sur-les-reformes-avant-2023\/#article","isPartOf":{"@id":"https:\/\/appsaf.apieproject.com\/news\/fr\/2022\/02\/28\/a-lassemblee-nationale-francaise-muzito-insiste-sur-les-reformes-avant-2023\/"},"author":{"name":"staff","@id":"https:\/\/appsaf.apieproject.com\/news\/#\/schema\/person\/399517cac378948cd7b39086f9ddc2a7"},"headline":"A l\u2019Assembl\u00e9e nationale fran\u00e7aise, Muzito insiste sur les r\u00e9formes avant 2023","datePublished":"2022-02-28T02:03:34+00:00","dateModified":"2022-02-28T02:03:35+00:00","mainEntityOfPage":{"@id":"https:\/\/appsaf.apieproject.com\/news\/fr\/2022\/02\/28\/a-lassemblee-nationale-francaise-muzito-insiste-sur-les-reformes-avant-2023\/"},"wordCount":305,"commentCount":0,"publisher":{"@id":"https:\/\/appsaf.apieproject.com\/news\/#organization"},"image":{"@id":"https:\/\/appsaf.apieproject.com\/news\/fr\/2022\/02\/28\/a-lassemblee-nationale-francaise-muzito-insiste-sur-les-reformes-avant-2023\/#primaryimage"},"thumbnailUrl":"https:\/\/appsaf.apieproject.com\/news\/wp-content\/uploads\/sites\/29\/2022\/02\/po-2-fed6a4b29b1d4b04c73abac8642c232a.jpeg","keywords":["actualites","apie project","politique"],"articleSection":["Actualit\u00e9s","Politique"],"inLanguage":"fr-FR","potentialAction":[{"@type":"CommentAction","name":"Comment","target":["https:\/\/appsaf.apieproject.com\/news\/fr\/2022\/02\/28\/a-lassemblee-nationale-francaise-muzito-insiste-sur-les-reformes-avant-2023\/#respond"]}]},{"@type":"WebPage","@id":"https:\/\/appsaf.apieproject.com\/news\/fr\/2022\/02\/28\/a-lassemblee-nationale-francaise-muzito-insiste-sur-les-reformes-avant-2023\/","url":"https:\/\/appsaf.apieproject.com\/news\/fr\/2022\/02\/28\/a-lassemblee-nationale-francaise-muzito-insiste-sur-les-reformes-avant-2023\/","name":"A l\u2019Assembl\u00e9e nationale fran\u00e7aise, Muzito insiste sur les r\u00e9formes avant 2023 - APIE NEWS","isPartOf":{"@id":"https:\/\/appsaf.apieproject.com\/news\/#website"},"primaryImageOfPage":{"@id":"https:\/\/appsaf.apieproject.com\/news\/fr\/2022\/02\/28\/a-lassemblee-nationale-francaise-muzito-insiste-sur-les-reformes-avant-2023\/#primaryimage"},"image":{"@id":"https:\/\/appsaf.apieproject.com\/news\/fr\/2022\/02\/28\/a-lassemblee-nationale-francaise-muzito-insiste-sur-les-reformes-avant-2023\/#primaryimage"},"thumbnailUrl":"https:\/\/appsaf.apieproject.com\/news\/wp-content\/uploads\/sites\/29\/2022\/02\/po-2-fed6a4b29b1d4b04c73abac8642c232a.jpeg","datePublished":"2022-02-28T02:03:34+00:00","dateModified":"2022-02-28T02:03:35+00:00","breadcrumb":{"@id":"https:\/\/appsaf.apieproject.com\/news\/fr\/2022\/02\/28\/a-lassemblee-nationale-francaise-muzito-insiste-sur-les-reformes-avant-2023\/#breadcrumb"},"inLanguage":"fr-FR","potentialAction":[{"@type":"ReadAction","target":["https:\/\/appsaf.apieproject.com\/news\/fr\/2022\/02\/28\/a-lassemblee-nationale-francaise-muzito-insiste-sur-les-reformes-avant-2023\/"]}]},{"@type":"ImageObject","inLanguage":"fr-FR","@id":"https:\/\/appsaf.apieproject.com\/news\/fr\/2022\/02\/28\/a-lassemblee-nationale-francaise-muzito-insiste-sur-les-reformes-avant-2023\/#primaryimage","url":"https:\/\/appsaf.apieproject.com\/news\/wp-content\/uploads\/sites\/29\/2022\/02\/po-2-fed6a4b29b1d4b04c73abac8642c232a.jpeg","contentUrl":"https:\/\/appsaf.apieproject.com\/news\/wp-content\/uploads\/sites\/29\/2022\/02\/po-2-fed6a4b29b1d4b04c73abac8642c232a.jpeg","width":640,"height":350},{"@type":"BreadcrumbList","@id":"https:\/\/appsaf.apieproject.com\/news\/fr\/2022\/02\/28\/a-lassemblee-nationale-francaise-muzito-insiste-sur-les-reformes-avant-2023\/#breadcrumb","itemListElement":[{"@type":"ListItem","position":1,"name":"Home","item":"https:\/\/appsaf.apieproject.com\/news\/fr\/home\/"},{"@type":"ListItem","position":2,"name":"A l\u2019Assembl\u00e9e nationale fran\u00e7aise, Muzito insiste sur les r\u00e9formes avant 2023"}]},{"@type":"WebSite","@id":"https:\/\/appsaf.apieproject.com\/news\/#website","url":"https:\/\/appsaf.apieproject.com\/news\/","name":"APIE NEWS","description":"PANAFRICANISM NEWS PORTAL","publisher":{"@id":"https:\/\/appsaf.apieproject.com\/news\/#organization"},"potentialAction":[{"@type":"SearchAction","target":{"@type":"EntryPoint","urlTemplate":"https:\/\/appsaf.apieproject.com\/news\/?s={search_term_string}"},"query-input":{"@type":"PropertyValueSpecification","valueRequired":true,"valueName":"search_term_string"}}],"inLanguage":"fr-FR"},{"@type":"Organization","@id":"https:\/\/appsaf.apieproject.com\/news\/#organization","name":"APIE PROJECT","url":"https:\/\/appsaf.apieproject.com\/news\/","logo":{"@type":"ImageObject","inLanguage":"fr-FR","@id":"https:\/\/appsaf.apieproject.com\/news\/#\/schema\/logo\/image\/","url":"https:\/\/appsaf.apieproject.com\/news\/wp-content\/uploads\/sites\/29\/2022\/07\/logo-R-TransparentBackground.png","contentUrl":"https:\/\/appsaf.apieproject.com\/news\/wp-content\/uploads\/sites\/29\/2022\/07\/logo-R-TransparentBackground.png","width":512,"height":512,"caption":"APIE PROJECT"},"image":{"@id":"https:\/\/appsaf.apieproject.com\/news\/#\/schema\/logo\/image\/"},"sameAs":["https:\/\/facebook.com\/apieproject","https:\/\/x.com\/apieproject"]},{"@type":"Person","@id":"https:\/\/appsaf.apieproject.com\/news\/#\/schema\/person\/399517cac378948cd7b39086f9ddc2a7","name":"staff","image":{"@type":"ImageObject","inLanguage":"fr-FR","@id":"https:\/\/appsaf.apieproject.com\/news\/#\/schema\/person\/image\/","url":"https:\/\/secure.gravatar.com\/avatar\/5386283c5db150efe261184bd59f072a?s=96&d=mm&r=g","contentUrl":"https:\/\/secure.gravatar.com\/avatar\/5386283c5db150efe261184bd59f072a?s=96&d=mm&r=g","caption":"staff"},"url":"https:\/\/appsaf.apieproject.com\/news\/fr\/author\/staff\/"}]}},"_links":{"self":[{"href":"https:\/\/appsaf.apieproject.com\/news\/fr\/wp-json\/wp\/v2\/posts\/1777","targetHints":{"allow":["GET"]}}],"collection":[{"href":"https:\/\/appsaf.apieproject.com\/news\/fr\/wp-json\/wp\/v2\/posts"}],"about":[{"href":"https:\/\/appsaf.apieproject.com\/news\/fr\/wp-json\/wp\/v2\/types\/post"}],"author":[{"embeddable":true,"href":"https:\/\/appsaf.apieproject.com\/news\/fr\/wp-json\/wp\/v2\/users\/12963"}],"replies":[{"embeddable":true,"href":"https:\/\/appsaf.apieproject.com\/news\/fr\/wp-json\/wp\/v2\/comments?post=1777"}],"version-history":[{"count":1,"href":"https:\/\/appsaf.apieproject.com\/news\/fr\/wp-json\/wp\/v2\/posts\/1777\/revisions"}],"predecessor-version":[{"id":1894,"href":"https:\/\/appsaf.apieproject.com\/news\/fr\/wp-json\/wp\/v2\/posts\/1777\/revisions\/1894"}],"wp:featuredmedia":[{"embeddable":true,"href":"https:\/\/appsaf.apieproject.com\/news\/fr\/wp-json\/wp\/v2\/media\/1774"}],"wp:attachment":[{"href":"https:\/\/appsaf.apieproject.com\/news\/fr\/wp-json\/wp\/v2\/media?parent=1777"}],"wp:term":[{"taxonomy":"category","embeddable":true,"href":"https:\/\/appsaf.apieproject.com\/news\/fr\/wp-json\/wp\/v2\/categories?post=1777"},{"taxonomy":"post_tag","embeddable":true,"href":"https:\/\/appsaf.apieproject.com\/news\/fr\/wp-json\/wp\/v2\/tags?post=1777"}],"curies":[{"name":"wp","href":"https:\/\/api.w.org\/{rel}","templated":true}]}}