{"id":1781,"date":"2022-02-28T02:05:17","date_gmt":"2022-02-28T02:05:17","guid":{"rendered":"https:\/\/appsaf.apieproject.com\/news\/?p=1781"},"modified":"2022-02-28T02:05:18","modified_gmt":"2022-02-28T02:05:18","slug":"embargo-de-la-cedeao-lunion-des-chauffeurs-routiers-de-lafrique-de-louest-plaide-pour-une-suspension-des-sanctions-et-louverture-pour-3-jours-des-frontieres","status":"publish","type":"post","link":"https:\/\/appsaf.apieproject.com\/news\/fr\/2022\/02\/28\/embargo-de-la-cedeao-lunion-des-chauffeurs-routiers-de-lafrique-de-louest-plaide-pour-une-suspension-des-sanctions-et-louverture-pour-3-jours-des-frontieres\/","title":{"rendered":"Embargo de la CEDEAO : l\u2019Union des Chauffeurs Routiers de l\u2019Afrique de l\u2019Ouest plaide pour une suspension des sanctions et l\u2019ouverture pour 3 jours des fronti\u00e8res"},"content":{"rendered":"<p>Au cours d\u2019une visite qu\u2019il a effectu\u00e9e le 23 f\u00e9vrier 2022 \u00e0 Nigouni (Tengrela) au nord de la C\u00f4te d\u2019Ivoire, il a expliqu\u00e9 que la lev\u00e9e de cette sanction devrait permettre aux chauffeurs de gros porteurs, poids lourds Inter-\u00c9tats, (mauritaniens, s\u00e9n\u00e9galais, maliens) frapp\u00e9s en cours de route par les sanctions CEDEAO\/UEMOA et bloqu\u00e9s depuis-lors, aux fronti\u00e8res ivoiro-maliennes des villes de Nigouni et Pogo (Ouangolodougou) de regagner leurs pays .<\/p>\n<p>\u00ab Nous demandons ici et maintenant que les sanctions CEDEAO \/UEMOA soient suspendues pour trois jours d\u2019ouvertures des fronti\u00e8res terrestres pour que les camions qui ont charg\u00e9s avant l\u2019entr\u00e9e en vigueur des sanctions puissent rentrer dans leurs pays \u00bb, a d\u00e9clar\u00e9 le secr\u00e9taire g\u00e9n\u00e9ral ex\u00e9cutif de l\u2019UCRAO.<\/p>\n\n\n<p>\u00ab Nous ne saurions terminer notre plaidoyer sans remercier les chefs d\u2019\u00c9tat et de Gouvernements de la CEDEAEO pour le combat politique, social \u2026 qu\u2019ils ont toujours men\u00e9s pour faire de l\u2019int\u00e9gration ouest africaine une r\u00e9alit\u00e9. Nous, conducteurs routiers sommes les agents de cette int\u00e9gration. Nous esp\u00e9rons que notre message sera suivi de l\u2019ouverture imm\u00e9diate des fronti\u00e8res pendant trois jours car il s\u2019agit du peuple ouest africain \u00bb a conclu Bamba Daouda.<\/p>\n\n\n\n<p>En outre, il a au nom de Diaby Ibrahima Directeur G\u00e9n\u00e9ral du Haut Conseil des Transports remis une somme de cent mille francs \u00e0 ces coll\u00e8gues chauffeurs.<\/p>\n\n\n\n<p>\u00ab Nous prions Dieu pour qu\u2019il n y ait pas d\u2019incendie ici sinon tous ces camions vont partir en fum\u00e9e \u00bb, s\u2019inqui\u00e8te Salif Gadio un conducteur s\u00e9n\u00e9galais.<\/p>\n","protected":false},"excerpt":{"rendered":"<p>Bamba Daouda Secr\u00e9taire G\u00e9n\u00e9ral Ex\u00e9cutif de l\u2019Union des Chauffeurs Routiers de l\u2019Afrique de l\u2019Ouest (UCRAO) , la Mauritanie et du Maroc, a, au nom du pr\u00e9sident sa structure, le Burkinab\u00e9 Rabo Brahima , lanc\u00e9 un plaidoyer aux Chefs d\u2019Etat de la CEDEAO (Communaut\u00e9 \u00e9conomique des Etats de l&rsquo;Afrique de l&rsquo;Ouest) pour l\u2019ouverture des fronti\u00e8res pendant trois jours.<\/p>\n","protected":false},"author":12963,"featured_media":1778,"comment_status":"open","ping_status":"open","sticky":false,"template":"","format":"standard","meta":{"footnotes":""},"categories":[67,69,59],"tags":[81,78,87,82],"class_list":{"0":"post-1781","1":"post","2":"type-post","3":"status-publish","4":"format-standard","5":"has-post-thumbnail","7":"category-actualites","8":"category-politique","9":"category-speciaux","10":"tag-actualites","11":"tag-apie-project-2","12":"tag-culture-2","13":"tag-politique"},"yoast_head":"<!-- This site is optimized with the Yoast SEO plugin v24.4 - https:\/\/yoast.com\/wordpress\/plugins\/seo\/ -->\n<title>Embargo de la CEDEAO : l\u2019Union des Chauffeurs Routiers de l\u2019Afrique de l\u2019Ouest plaide pour une suspension des sanctions et l\u2019ouverture pour 3 jours des fronti\u00e8res - APIE NEWS<\/title>\n<meta name=\"robots\" content=\"index, follow, max-snippet:-1, max-image-preview:large, max-video-preview:-1\" \/>\n<link rel=\"canonical\" href=\"https:\/\/appsaf.apieproject.com\/news\/fr\/2022\/02\/28\/embargo-de-la-cedeao-lunion-des-chauffeurs-routiers-de-lafrique-de-louest-plaide-pour-une-suspension-des-sanctions-et-louverture-pour-3-jours-des-frontieres\/\" \/>\n<meta property=\"og:locale\" content=\"fr_FR\" \/>\n<meta property=\"og:type\" content=\"article\" \/>\n<meta property=\"og:title\" content=\"Embargo de la CEDEAO : l\u2019Union des Chauffeurs Routiers de l\u2019Afrique de l\u2019Ouest plaide pour une suspension des sanctions et l\u2019ouverture pour 3 jours des fronti\u00e8res - APIE NEWS\" \/>\n<meta property=\"og:description\" content=\"Bamba Daouda Secr\u00e9taire G\u00e9n\u00e9ral Ex\u00e9cutif de l\u2019Union des Chauffeurs Routiers de l\u2019Afrique de l\u2019Ouest (UCRAO) , la Mauritanie et du Maroc, a, au nom du pr\u00e9sident sa structure, le Burkinab\u00e9 Rabo Brahima , lanc\u00e9 un plaidoyer aux Chefs d\u2019Etat de la CEDEAO (Communaut\u00e9 \u00e9conomique des Etats de l&#039;Afrique de l&#039;Ouest) pour l\u2019ouverture des fronti\u00e8res pendant trois jours.\" \/>\n<meta property=\"og:url\" content=\"https:\/\/appsaf.apieproject.com\/news\/fr\/2022\/02\/28\/embargo-de-la-cedeao-lunion-des-chauffeurs-routiers-de-lafrique-de-louest-plaide-pour-une-suspension-des-sanctions-et-louverture-pour-3-jours-des-frontieres\/\" \/>\n<meta property=\"og:site_name\" content=\"APIE NEWS\" \/>\n<meta property=\"article:publisher\" content=\"https:\/\/facebook.com\/apieproject\" \/>\n<meta property=\"article:published_time\" content=\"2022-02-28T02:05:17+00:00\" \/>\n<meta property=\"article:modified_time\" content=\"2022-02-28T02:05:18+00:00\" \/>\n<meta property=\"og:image\" content=\"https:\/\/appsaf.apieproject.com\/news\/wp-content\/uploads\/sites\/29\/2022\/02\/po-3-cddf5509e67f1db5c854491067031eae.jpg\" \/>\n\t<meta property=\"og:image:width\" content=\"720\" \/>\n\t<meta property=\"og:image:height\" content=\"540\" \/>\n\t<meta property=\"og:image:type\" content=\"image\/jpeg\" \/>\n<meta name=\"author\" content=\"staff\" \/>\n<meta name=\"twitter:card\" content=\"summary_large_image\" \/>\n<meta name=\"twitter:creator\" content=\"@apieproject\" \/>\n<meta name=\"twitter:site\" content=\"@apieproject\" \/>\n<meta name=\"twitter:label1\" content=\"\u00c9crit par\" \/>\n\t<meta name=\"twitter:data1\" content=\"staff\" \/>\n\t<meta name=\"twitter:label2\" content=\"Dur\u00e9e de lecture estim\u00e9e\" \/>\n\t<meta name=\"twitter:data2\" content=\"1 minute\" \/>\n<script type=\"application\/ld+json\" class=\"yoast-schema-graph\">{\"@context\":\"https:\/\/schema.org\",\"@graph\":[{\"@type\":\"Article\",\"@id\":\"https:\/\/appsaf.apieproject.com\/news\/fr\/2022\/02\/28\/embargo-de-la-cedeao-lunion-des-chauffeurs-routiers-de-lafrique-de-louest-plaide-pour-une-suspension-des-sanctions-et-louverture-pour-3-jours-des-frontieres\/#article\",\"isPartOf\":{\"@id\":\"https:\/\/appsaf.apieproject.com\/news\/fr\/2022\/02\/28\/embargo-de-la-cedeao-lunion-des-chauffeurs-routiers-de-lafrique-de-louest-plaide-pour-une-suspension-des-sanctions-et-louverture-pour-3-jours-des-frontieres\/\"},\"author\":{\"name\":\"staff\",\"@id\":\"https:\/\/appsaf.apieproject.com\/news\/#\/schema\/person\/399517cac378948cd7b39086f9ddc2a7\"},\"headline\":\"Embargo de la CEDEAO : l\u2019Union des Chauffeurs Routiers de l\u2019Afrique de l\u2019Ouest plaide pour une suspension des sanctions et l\u2019ouverture pour 3 jours des fronti\u00e8res\",\"datePublished\":\"2022-02-28T02:05:17+00:00\",\"dateModified\":\"2022-02-28T02:05:18+00:00\",\"mainEntityOfPage\":{\"@id\":\"https:\/\/appsaf.apieproject.com\/news\/fr\/2022\/02\/28\/embargo-de-la-cedeao-lunion-des-chauffeurs-routiers-de-lafrique-de-louest-plaide-pour-une-suspension-des-sanctions-et-louverture-pour-3-jours-des-frontieres\/\"},\"wordCount\":306,\"commentCount\":0,\"publisher\":{\"@id\":\"https:\/\/appsaf.apieproject.com\/news\/#organization\"},\"image\":{\"@id\":\"https:\/\/appsaf.apieproject.com\/news\/fr\/2022\/02\/28\/embargo-de-la-cedeao-lunion-des-chauffeurs-routiers-de-lafrique-de-louest-plaide-pour-une-suspension-des-sanctions-et-louverture-pour-3-jours-des-frontieres\/#primaryimage\"},\"thumbnailUrl\":\"https:\/\/appsaf.apieproject.com\/news\/wp-content\/uploads\/sites\/29\/2022\/02\/po-3-cddf5509e67f1db5c854491067031eae.jpg\",\"keywords\":[\"actualites\",\"apie project\",\"culture\",\"politique\"],\"articleSection\":[\"Actualit\u00e9s\",\"Politique\",\"Sp\u00e9ciaux\"],\"inLanguage\":\"fr-FR\",\"potentialAction\":[{\"@type\":\"CommentAction\",\"name\":\"Comment\",\"target\":[\"https:\/\/appsaf.apieproject.com\/news\/fr\/2022\/02\/28\/embargo-de-la-cedeao-lunion-des-chauffeurs-routiers-de-lafrique-de-louest-plaide-pour-une-suspension-des-sanctions-et-louverture-pour-3-jours-des-frontieres\/#respond\"]}]},{\"@type\":\"WebPage\",\"@id\":\"https:\/\/appsaf.apieproject.com\/news\/fr\/2022\/02\/28\/embargo-de-la-cedeao-lunion-des-chauffeurs-routiers-de-lafrique-de-louest-plaide-pour-une-suspension-des-sanctions-et-louverture-pour-3-jours-des-frontieres\/\",\"url\":\"https:\/\/appsaf.apieproject.com\/news\/fr\/2022\/02\/28\/embargo-de-la-cedeao-lunion-des-chauffeurs-routiers-de-lafrique-de-louest-plaide-pour-une-suspension-des-sanctions-et-louverture-pour-3-jours-des-frontieres\/\",\"name\":\"Embargo de la CEDEAO : l\u2019Union des Chauffeurs Routiers de l\u2019Afrique de l\u2019Ouest plaide pour une suspension des sanctions et l\u2019ouverture pour 3 jours des fronti\u00e8res - APIE NEWS\",\"isPartOf\":{\"@id\":\"https:\/\/appsaf.apieproject.com\/news\/#website\"},\"primaryImageOfPage\":{\"@id\":\"https:\/\/appsaf.apieproject.com\/news\/fr\/2022\/02\/28\/embargo-de-la-cedeao-lunion-des-chauffeurs-routiers-de-lafrique-de-louest-plaide-pour-une-suspension-des-sanctions-et-louverture-pour-3-jours-des-frontieres\/#primaryimage\"},\"image\":{\"@id\":\"https:\/\/appsaf.apieproject.com\/news\/fr\/2022\/02\/28\/embargo-de-la-cedeao-lunion-des-chauffeurs-routiers-de-lafrique-de-louest-plaide-pour-une-suspension-des-sanctions-et-louverture-pour-3-jours-des-frontieres\/#primaryimage\"},\"thumbnailUrl\":\"https:\/\/appsaf.apieproject.com\/news\/wp-content\/uploads\/sites\/29\/2022\/02\/po-3-cddf5509e67f1db5c854491067031eae.jpg\",\"datePublished\":\"2022-02-28T02:05:17+00:00\",\"dateModified\":\"2022-02-28T02:05:18+00:00\",\"breadcrumb\":{\"@id\":\"https:\/\/appsaf.apieproject.com\/news\/fr\/2022\/02\/28\/embargo-de-la-cedeao-lunion-des-chauffeurs-routiers-de-lafrique-de-louest-plaide-pour-une-suspension-des-sanctions-et-louverture-pour-3-jours-des-frontieres\/#breadcrumb\"},\"inLanguage\":\"fr-FR\",\"potentialAction\":[{\"@type\":\"ReadAction\",\"target\":[\"https:\/\/appsaf.apieproject.com\/news\/fr\/2022\/02\/28\/embargo-de-la-cedeao-lunion-des-chauffeurs-routiers-de-lafrique-de-louest-plaide-pour-une-suspension-des-sanctions-et-louverture-pour-3-jours-des-frontieres\/\"]}]},{\"@type\":\"ImageObject\",\"inLanguage\":\"fr-FR\",\"@id\":\"https:\/\/appsaf.apieproject.com\/news\/fr\/2022\/02\/28\/embargo-de-la-cedeao-lunion-des-chauffeurs-routiers-de-lafrique-de-louest-plaide-pour-une-suspension-des-sanctions-et-louverture-pour-3-jours-des-frontieres\/#primaryimage\",\"url\":\"https:\/\/appsaf.apieproject.com\/news\/wp-content\/uploads\/sites\/29\/2022\/02\/po-3-cddf5509e67f1db5c854491067031eae.jpg\",\"contentUrl\":\"https:\/\/appsaf.apieproject.com\/news\/wp-content\/uploads\/sites\/29\/2022\/02\/po-3-cddf5509e67f1db5c854491067031eae.jpg\",\"width\":720,\"height\":540},{\"@type\":\"BreadcrumbList\",\"@id\":\"https:\/\/appsaf.apieproject.com\/news\/fr\/2022\/02\/28\/embargo-de-la-cedeao-lunion-des-chauffeurs-routiers-de-lafrique-de-louest-plaide-pour-une-suspension-des-sanctions-et-louverture-pour-3-jours-des-frontieres\/#breadcrumb\",\"itemListElement\":[{\"@type\":\"ListItem\",\"position\":1,\"name\":\"Home\",\"item\":\"https:\/\/appsaf.apieproject.com\/news\/fr\/home\/\"},{\"@type\":\"ListItem\",\"position\":2,\"name\":\"Embargo de la CEDEAO : l\u2019Union des Chauffeurs Routiers de l\u2019Afrique de l\u2019Ouest plaide pour une suspension des sanctions et l\u2019ouverture pour 3 jours des fronti\u00e8res\"}]},{\"@type\":\"WebSite\",\"@id\":\"https:\/\/appsaf.apieproject.com\/news\/#website\",\"url\":\"https:\/\/appsaf.apieproject.com\/news\/\",\"name\":\"APIE NEWS\",\"description\":\"PANAFRICANISM NEWS PORTAL\",\"publisher\":{\"@id\":\"https:\/\/appsaf.apieproject.com\/news\/#organization\"},\"potentialAction\":[{\"@type\":\"SearchAction\",\"target\":{\"@type\":\"EntryPoint\",\"urlTemplate\":\"https:\/\/appsaf.apieproject.com\/news\/?s={search_term_string}\"},\"query-input\":{\"@type\":\"PropertyValueSpecification\",\"valueRequired\":true,\"valueName\":\"search_term_string\"}}],\"inLanguage\":\"fr-FR\"},{\"@type\":\"Organization\",\"@id\":\"https:\/\/appsaf.apieproject.com\/news\/#organization\",\"name\":\"APIE PROJECT\",\"url\":\"https:\/\/appsaf.apieproject.com\/news\/\",\"logo\":{\"@type\":\"ImageObject\",\"inLanguage\":\"fr-FR\",\"@id\":\"https:\/\/appsaf.apieproject.com\/news\/#\/schema\/logo\/image\/\",\"url\":\"https:\/\/appsaf.apieproject.com\/news\/wp-content\/uploads\/sites\/29\/2022\/07\/logo-R-TransparentBackground.png\",\"contentUrl\":\"https:\/\/appsaf.apieproject.com\/news\/wp-content\/uploads\/sites\/29\/2022\/07\/logo-R-TransparentBackground.png\",\"width\":512,\"height\":512,\"caption\":\"APIE PROJECT\"},\"image\":{\"@id\":\"https:\/\/appsaf.apieproject.com\/news\/#\/schema\/logo\/image\/\"},\"sameAs\":[\"https:\/\/facebook.com\/apieproject\",\"https:\/\/x.com\/apieproject\"]},{\"@type\":\"Person\",\"@id\":\"https:\/\/appsaf.apieproject.com\/news\/#\/schema\/person\/399517cac378948cd7b39086f9ddc2a7\",\"name\":\"staff\",\"image\":{\"@type\":\"ImageObject\",\"inLanguage\":\"fr-FR\",\"@id\":\"https:\/\/appsaf.apieproject.com\/news\/#\/schema\/person\/image\/\",\"url\":\"https:\/\/secure.gravatar.com\/avatar\/5386283c5db150efe261184bd59f072a?s=96&d=mm&r=g\",\"contentUrl\":\"https:\/\/secure.gravatar.com\/avatar\/5386283c5db150efe261184bd59f072a?s=96&d=mm&r=g\",\"caption\":\"staff\"},\"url\":\"https:\/\/appsaf.apieproject.com\/news\/fr\/author\/staff\/\"}]}<\/script>\n<!-- \/ Yoast SEO plugin. -->","yoast_head_json":{"title":"Embargo de la CEDEAO : l\u2019Union des Chauffeurs Routiers de l\u2019Afrique de l\u2019Ouest plaide pour une suspension des sanctions et l\u2019ouverture pour 3 jours des fronti\u00e8res - APIE NEWS","robots":{"index":"index","follow":"follow","max-snippet":"max-snippet:-1","max-image-preview":"max-image-preview:large","max-video-preview":"max-video-preview:-1"},"canonical":"https:\/\/appsaf.apieproject.com\/news\/fr\/2022\/02\/28\/embargo-de-la-cedeao-lunion-des-chauffeurs-routiers-de-lafrique-de-louest-plaide-pour-une-suspension-des-sanctions-et-louverture-pour-3-jours-des-frontieres\/","og_locale":"fr_FR","og_type":"article","og_title":"Embargo de la CEDEAO : l\u2019Union des Chauffeurs Routiers de l\u2019Afrique de l\u2019Ouest plaide pour une suspension des sanctions et l\u2019ouverture pour 3 jours des fronti\u00e8res - APIE NEWS","og_description":"Bamba Daouda Secr\u00e9taire G\u00e9n\u00e9ral Ex\u00e9cutif de l\u2019Union des Chauffeurs Routiers de l\u2019Afrique de l\u2019Ouest (UCRAO) , la Mauritanie et du Maroc, a, au nom du pr\u00e9sident sa structure, le Burkinab\u00e9 Rabo Brahima , lanc\u00e9 un plaidoyer aux Chefs d\u2019Etat de la CEDEAO (Communaut\u00e9 \u00e9conomique des Etats de l'Afrique de l'Ouest) pour l\u2019ouverture des fronti\u00e8res pendant trois jours.","og_url":"https:\/\/appsaf.apieproject.com\/news\/fr\/2022\/02\/28\/embargo-de-la-cedeao-lunion-des-chauffeurs-routiers-de-lafrique-de-louest-plaide-pour-une-suspension-des-sanctions-et-louverture-pour-3-jours-des-frontieres\/","og_site_name":"APIE NEWS","article_publisher":"https:\/\/facebook.com\/apieproject","article_published_time":"2022-02-28T02:05:17+00:00","article_modified_time":"2022-02-28T02:05:18+00:00","og_image":[{"width":720,"height":540,"url":"https:\/\/appsaf.apieproject.com\/news\/wp-content\/uploads\/sites\/29\/2022\/02\/po-3-cddf5509e67f1db5c854491067031eae.jpg","type":"image\/jpeg"}],"author":"staff","twitter_card":"summary_large_image","twitter_creator":"@apieproject","twitter_site":"@apieproject","twitter_misc":{"\u00c9crit par":"staff","Dur\u00e9e de lecture estim\u00e9e":"1 minute"},"schema":{"@context":"https:\/\/schema.org","@graph":[{"@type":"Article","@id":"https:\/\/appsaf.apieproject.com\/news\/fr\/2022\/02\/28\/embargo-de-la-cedeao-lunion-des-chauffeurs-routiers-de-lafrique-de-louest-plaide-pour-une-suspension-des-sanctions-et-louverture-pour-3-jours-des-frontieres\/#article","isPartOf":{"@id":"https:\/\/appsaf.apieproject.com\/news\/fr\/2022\/02\/28\/embargo-de-la-cedeao-lunion-des-chauffeurs-routiers-de-lafrique-de-louest-plaide-pour-une-suspension-des-sanctions-et-louverture-pour-3-jours-des-frontieres\/"},"author":{"name":"staff","@id":"https:\/\/appsaf.apieproject.com\/news\/#\/schema\/person\/399517cac378948cd7b39086f9ddc2a7"},"headline":"Embargo de la CEDEAO : l\u2019Union des Chauffeurs Routiers de l\u2019Afrique de l\u2019Ouest plaide pour une suspension des sanctions et l\u2019ouverture pour 3 jours des fronti\u00e8res","datePublished":"2022-02-28T02:05:17+00:00","dateModified":"2022-02-28T02:05:18+00:00","mainEntityOfPage":{"@id":"https:\/\/appsaf.apieproject.com\/news\/fr\/2022\/02\/28\/embargo-de-la-cedeao-lunion-des-chauffeurs-routiers-de-lafrique-de-louest-plaide-pour-une-suspension-des-sanctions-et-louverture-pour-3-jours-des-frontieres\/"},"wordCount":306,"commentCount":0,"publisher":{"@id":"https:\/\/appsaf.apieproject.com\/news\/#organization"},"image":{"@id":"https:\/\/appsaf.apieproject.com\/news\/fr\/2022\/02\/28\/embargo-de-la-cedeao-lunion-des-chauffeurs-routiers-de-lafrique-de-louest-plaide-pour-une-suspension-des-sanctions-et-louverture-pour-3-jours-des-frontieres\/#primaryimage"},"thumbnailUrl":"https:\/\/appsaf.apieproject.com\/news\/wp-content\/uploads\/sites\/29\/2022\/02\/po-3-cddf5509e67f1db5c854491067031eae.jpg","keywords":["actualites","apie project","culture","politique"],"articleSection":["Actualit\u00e9s","Politique","Sp\u00e9ciaux"],"inLanguage":"fr-FR","potentialAction":[{"@type":"CommentAction","name":"Comment","target":["https:\/\/appsaf.apieproject.com\/news\/fr\/2022\/02\/28\/embargo-de-la-cedeao-lunion-des-chauffeurs-routiers-de-lafrique-de-louest-plaide-pour-une-suspension-des-sanctions-et-louverture-pour-3-jours-des-frontieres\/#respond"]}]},{"@type":"WebPage","@id":"https:\/\/appsaf.apieproject.com\/news\/fr\/2022\/02\/28\/embargo-de-la-cedeao-lunion-des-chauffeurs-routiers-de-lafrique-de-louest-plaide-pour-une-suspension-des-sanctions-et-louverture-pour-3-jours-des-frontieres\/","url":"https:\/\/appsaf.apieproject.com\/news\/fr\/2022\/02\/28\/embargo-de-la-cedeao-lunion-des-chauffeurs-routiers-de-lafrique-de-louest-plaide-pour-une-suspension-des-sanctions-et-louverture-pour-3-jours-des-frontieres\/","name":"Embargo de la CEDEAO : l\u2019Union des Chauffeurs Routiers de l\u2019Afrique de l\u2019Ouest plaide pour une suspension des sanctions et l\u2019ouverture pour 3 jours des fronti\u00e8res - APIE NEWS","isPartOf":{"@id":"https:\/\/appsaf.apieproject.com\/news\/#website"},"primaryImageOfPage":{"@id":"https:\/\/appsaf.apieproject.com\/news\/fr\/2022\/02\/28\/embargo-de-la-cedeao-lunion-des-chauffeurs-routiers-de-lafrique-de-louest-plaide-pour-une-suspension-des-sanctions-et-louverture-pour-3-jours-des-frontieres\/#primaryimage"},"image":{"@id":"https:\/\/appsaf.apieproject.com\/news\/fr\/2022\/02\/28\/embargo-de-la-cedeao-lunion-des-chauffeurs-routiers-de-lafrique-de-louest-plaide-pour-une-suspension-des-sanctions-et-louverture-pour-3-jours-des-frontieres\/#primaryimage"},"thumbnailUrl":"https:\/\/appsaf.apieproject.com\/news\/wp-content\/uploads\/sites\/29\/2022\/02\/po-3-cddf5509e67f1db5c854491067031eae.jpg","datePublished":"2022-02-28T02:05:17+00:00","dateModified":"2022-02-28T02:05:18+00:00","breadcrumb":{"@id":"https:\/\/appsaf.apieproject.com\/news\/fr\/2022\/02\/28\/embargo-de-la-cedeao-lunion-des-chauffeurs-routiers-de-lafrique-de-louest-plaide-pour-une-suspension-des-sanctions-et-louverture-pour-3-jours-des-frontieres\/#breadcrumb"},"inLanguage":"fr-FR","potentialAction":[{"@type":"ReadAction","target":["https:\/\/appsaf.apieproject.com\/news\/fr\/2022\/02\/28\/embargo-de-la-cedeao-lunion-des-chauffeurs-routiers-de-lafrique-de-louest-plaide-pour-une-suspension-des-sanctions-et-louverture-pour-3-jours-des-frontieres\/"]}]},{"@type":"ImageObject","inLanguage":"fr-FR","@id":"https:\/\/appsaf.apieproject.com\/news\/fr\/2022\/02\/28\/embargo-de-la-cedeao-lunion-des-chauffeurs-routiers-de-lafrique-de-louest-plaide-pour-une-suspension-des-sanctions-et-louverture-pour-3-jours-des-frontieres\/#primaryimage","url":"https:\/\/appsaf.apieproject.com\/news\/wp-content\/uploads\/sites\/29\/2022\/02\/po-3-cddf5509e67f1db5c854491067031eae.jpg","contentUrl":"https:\/\/appsaf.apieproject.com\/news\/wp-content\/uploads\/sites\/29\/2022\/02\/po-3-cddf5509e67f1db5c854491067031eae.jpg","width":720,"height":540},{"@type":"BreadcrumbList","@id":"https:\/\/appsaf.apieproject.com\/news\/fr\/2022\/02\/28\/embargo-de-la-cedeao-lunion-des-chauffeurs-routiers-de-lafrique-de-louest-plaide-pour-une-suspension-des-sanctions-et-louverture-pour-3-jours-des-frontieres\/#breadcrumb","itemListElement":[{"@type":"ListItem","position":1,"name":"Home","item":"https:\/\/appsaf.apieproject.com\/news\/fr\/home\/"},{"@type":"ListItem","position":2,"name":"Embargo de la CEDEAO : l\u2019Union des Chauffeurs Routiers de l\u2019Afrique de l\u2019Ouest plaide pour une suspension des sanctions et l\u2019ouverture pour 3 jours des fronti\u00e8res"}]},{"@type":"WebSite","@id":"https:\/\/appsaf.apieproject.com\/news\/#website","url":"https:\/\/appsaf.apieproject.com\/news\/","name":"APIE NEWS","description":"PANAFRICANISM NEWS PORTAL","publisher":{"@id":"https:\/\/appsaf.apieproject.com\/news\/#organization"},"potentialAction":[{"@type":"SearchAction","target":{"@type":"EntryPoint","urlTemplate":"https:\/\/appsaf.apieproject.com\/news\/?s={search_term_string}"},"query-input":{"@type":"PropertyValueSpecification","valueRequired":true,"valueName":"search_term_string"}}],"inLanguage":"fr-FR"},{"@type":"Organization","@id":"https:\/\/appsaf.apieproject.com\/news\/#organization","name":"APIE PROJECT","url":"https:\/\/appsaf.apieproject.com\/news\/","logo":{"@type":"ImageObject","inLanguage":"fr-FR","@id":"https:\/\/appsaf.apieproject.com\/news\/#\/schema\/logo\/image\/","url":"https:\/\/appsaf.apieproject.com\/news\/wp-content\/uploads\/sites\/29\/2022\/07\/logo-R-TransparentBackground.png","contentUrl":"https:\/\/appsaf.apieproject.com\/news\/wp-content\/uploads\/sites\/29\/2022\/07\/logo-R-TransparentBackground.png","width":512,"height":512,"caption":"APIE PROJECT"},"image":{"@id":"https:\/\/appsaf.apieproject.com\/news\/#\/schema\/logo\/image\/"},"sameAs":["https:\/\/facebook.com\/apieproject","https:\/\/x.com\/apieproject"]},{"@type":"Person","@id":"https:\/\/appsaf.apieproject.com\/news\/#\/schema\/person\/399517cac378948cd7b39086f9ddc2a7","name":"staff","image":{"@type":"ImageObject","inLanguage":"fr-FR","@id":"https:\/\/appsaf.apieproject.com\/news\/#\/schema\/person\/image\/","url":"https:\/\/secure.gravatar.com\/avatar\/5386283c5db150efe261184bd59f072a?s=96&d=mm&r=g","contentUrl":"https:\/\/secure.gravatar.com\/avatar\/5386283c5db150efe261184bd59f072a?s=96&d=mm&r=g","caption":"staff"},"url":"https:\/\/appsaf.apieproject.com\/news\/fr\/author\/staff\/"}]}},"_links":{"self":[{"href":"https:\/\/appsaf.apieproject.com\/news\/fr\/wp-json\/wp\/v2\/posts\/1781","targetHints":{"allow":["GET"]}}],"collection":[{"href":"https:\/\/appsaf.apieproject.com\/news\/fr\/wp-json\/wp\/v2\/posts"}],"about":[{"href":"https:\/\/appsaf.apieproject.com\/news\/fr\/wp-json\/wp\/v2\/types\/post"}],"author":[{"embeddable":true,"href":"https:\/\/appsaf.apieproject.com\/news\/fr\/wp-json\/wp\/v2\/users\/12963"}],"replies":[{"embeddable":true,"href":"https:\/\/appsaf.apieproject.com\/news\/fr\/wp-json\/wp\/v2\/comments?post=1781"}],"version-history":[{"count":1,"href":"https:\/\/appsaf.apieproject.com\/news\/fr\/wp-json\/wp\/v2\/posts\/1781\/revisions"}],"predecessor-version":[{"id":1896,"href":"https:\/\/appsaf.apieproject.com\/news\/fr\/wp-json\/wp\/v2\/posts\/1781\/revisions\/1896"}],"wp:featuredmedia":[{"embeddable":true,"href":"https:\/\/appsaf.apieproject.com\/news\/fr\/wp-json\/wp\/v2\/media\/1778"}],"wp:attachment":[{"href":"https:\/\/appsaf.apieproject.com\/news\/fr\/wp-json\/wp\/v2\/media?parent=1781"}],"wp:term":[{"taxonomy":"category","embeddable":true,"href":"https:\/\/appsaf.apieproject.com\/news\/fr\/wp-json\/wp\/v2\/categories?post=1781"},{"taxonomy":"post_tag","embeddable":true,"href":"https:\/\/appsaf.apieproject.com\/news\/fr\/wp-json\/wp\/v2\/tags?post=1781"}],"curies":[{"name":"wp","href":"https:\/\/api.w.org\/{rel}","templated":true}]}}