{"id":17826,"date":"2022-09-21T16:16:45","date_gmt":"2022-09-21T16:16:45","guid":{"rendered":"https:\/\/appsaf.apieproject.com\/news\/?p=17826"},"modified":"2022-09-26T16:41:14","modified_gmt":"2022-09-26T16:41:14","slug":"lafrique-subsaharienne-adopte-la-5g-plus-rapidement-que-ce-que-predisaient-les-experts","status":"publish","type":"post","link":"https:\/\/appsaf.apieproject.com\/news\/fr\/2022\/09\/21\/lafrique-subsaharienne-adopte-la-5g-plus-rapidement-que-ce-que-predisaient-les-experts\/","title":{"rendered":"L\u2019Afrique Subsaharienne Adopte La 5G Plus Rapidement Que Ce Que Pr\u00e9disaient Les Experts"},"content":{"rendered":"<p>En Afrique subsaharienne, l\u2019adoption de la 5G a rapidement progress\u00e9 depuis 2018. Les donn\u00e9es recens\u00e9es par Agence Ecofin indiquent qu\u2019au 15 septembre 2022 douze op\u00e9rateurs t\u00e9l\u00e9coms dans dix march\u00e9s commercialisent d\u00e9j\u00e0 des services mobiles adoss\u00e9s \u00e0 la technologie \u00e0 ultra haut d\u00e9bit. Des donn\u00e9es contredisent de plus en plus les pr\u00e9visions d\u2019adoption timide de la 5G par l\u2019Afrique subsaharienne, \u00e9voqu\u00e9es par plusieurs \u00e9quipementiers et cabinets sp\u00e9cialis\u00e9s.<\/p>\n<p>Les op\u00e9rateurs t\u00e9l\u00e9coms qui ont d\u00e9j\u00e0 lanc\u00e9 la 5G en Afrique<\/p>\n<p>March\u00e9s Op\u00e9rateurs t\u00e9l\u00e9coms<\/p>\n<p>Lesotho Vodacom<\/p>\n<p>Togo TogoCom<\/p>\n<p>Afrique du Sud Vodacom, MTN, Rain<\/p>\n<p>Seychelles Cables and Wireless<\/p>\n<p>Maurice Mauritius Telecom<\/p>\n<p>Kenya Safaricom<\/p>\n<p>Ethiopie Safaricom<\/p>\n<p>Zimbabwe Econet Wireless<\/p>\n<p>Nigeria MTN<\/p>\n<p>Tanzanie Vodacom<\/p>\n<p>L\u2019Association mondiale des op\u00e9rateurs de t\u00e9l\u00e9phonie (GSMA) estimait en 2021 que le volume de connexions 5G atteindrait 35 millions d\u2019ici 2025. Soit 3% du nombre total des connexions mobiles de la r\u00e9gion o\u00f9 sept op\u00e9rateurs t\u00e9l\u00e9coms dans cinq march\u00e9s commercialisaient d\u00e9j\u00e0 leurs services ultra haut d\u00e9bit. En janvier 2022, elle a revu ses estimations \u00e0 38 millions de connexion 5G dans son rapport The Mobile Economy 2022. Soit 4% du nombre total des connexions mobiles d\u2019Afrique subsaharienne.<\/p>\n<p>Mais la 5G s\u00e9duit de plus en plus. Aux douze op\u00e9rateurs t\u00e9l\u00e9coms qui commercialisent d\u00e9j\u00e0 l\u2019ultra haut d\u00e9bit, il est fort probable que de nouveaux s\u2019ajoutent d\u2019ici la fin de l\u2019ann\u00e9e. A l\u2019Ile Maurice, par exemple, Emtel Ltd et Mahanagar Telephone Mauritius Ltd (MTML) qui ont \u00e9galement obtenu une licence 5G en juin 2021 n\u2019ont pas encore lanc\u00e9 le service. Idem pour Mafab au Nigeria.<\/p>\n<p>Plusieurs nouveaux op\u00e9rateurs t\u00e9l\u00e9coms devraient se lancer sur le segment de la 5G dans onze autres march\u00e9s o\u00f9 la technologie a d\u00e9j\u00e0 \u00e9t\u00e9 test\u00e9e au cours des quatre derni\u00e8res ann\u00e9es. C\u2019est le cas en C\u00f4te d\u2019Ivoire o\u00f9 Orange et MTN ont fait leur preuve.Au Mali c\u2019\u00e9tait Orange, \u00e0 Madagascar ce fut le cas de Telma.<\/p>\n<p>Si une chose est certaine, et qui ne devrait pas s\u2019\u00e9loigner des pr\u00e9visions des observateurs du march\u00e9 t\u00e9l\u00e9coms mondial, c\u2019est l\u2019augmentation du trafic data mobile suscit\u00e9 par la demande croissante en connectivit\u00e9. Ericsson affirme dans son Mobility Report de juin 2022 que le trafic de donn\u00e9es moyen par smartphone devrait passer de 2,9 Gigaoctets par mois pour atteindre 11 Gigaoctets d\u2019ici 2027.<\/p>\n<p>Bien que le prix d\u2019un smartphone compatible 5G soit encore assez \u00e9lev\u00e9 et puisse susciter des doutes sur l\u2019appropriation de l\u2019ultra haut d\u00e9bit mobile en Afrique subsaharienne, International Data Corporation (IDC) semble plut\u00f4t optimiste. George Mbuthia, analyste de recherche senior aupr\u00e8s de la firme am\u00e9ricaine, explique que \u00ab la lenteur du d\u00e9veloppement des infrastructures de r\u00e9seau 5G \u00e0 travers l&rsquo;Afrique n&rsquo;a pas ralenti l&rsquo;adoption puisque les appareils 5G peuvent \u00e9galement \u00eatre utilis\u00e9s sur les r\u00e9seaux 4G, plus facilement disponibles \u00bb.<\/p>\n<p>IDC indique qu\u2019en Afrique subsaharienne, au second trimestre 2022, \u00ab les exp\u00e9ditions d&rsquo;appareils 5G ont augment\u00e9 de 26,9 % en glissement trimestriel au deuxi\u00e8me trimestre 2022 et leur part du march\u00e9 global augmente \u00e0 mesure que les grandes marques lancent davantage d&rsquo;appareils 5G phares sur le march\u00e9 \u00bb.<\/p>\n<p>Les appareils 4G ont repr\u00e9sent\u00e9 73,9 % des exp\u00e9ditions globales de smartphones en Afrique au deuxi\u00e8me trimestre 2022, la 3G et la 5G repr\u00e9sentant des parts de 18,5 % et 7,6 %, respectivement, selon IDC.<\/p>\n","protected":false},"excerpt":{"rendered":"<p>La transformation num\u00e9rique quelque peu n\u00e9glig\u00e9e en Afrique par le pass\u00e9 s\u2019est r\u00e9v\u00e9l\u00e9e n\u00e9cessaire pour la croissance socio-\u00e9conomique depuis 2020. De nombreux pays prennent d\u00e9j\u00e0 les mesures qui s\u2019imposent et l\u2019ultra haut d\u00e9bit fleurit plus rapidement que pr\u00e9vu \u00e0 travers le continent.<\/p>\n","protected":false},"author":12963,"featured_media":17823,"comment_status":"open","ping_status":"open","sticky":false,"template":"","format":"standard","meta":{"footnotes":""},"categories":[67,73],"tags":[81,78,77],"class_list":{"0":"post-17826","1":"post","2":"type-post","3":"status-publish","4":"format-standard","5":"has-post-thumbnail","7":"category-actualites","8":"category-technologie","9":"tag-actualites","10":"tag-apie-project-2","11":"tag-technologie"},"yoast_head":"<!-- This site is optimized with the Yoast SEO plugin v24.4 - https:\/\/yoast.com\/wordpress\/plugins\/seo\/ -->\n<title>L\u2019Afrique Subsaharienne Adopte La 5G Plus Rapidement Que Ce Que Pr\u00e9disaient Les Experts - APIE NEWS<\/title>\n<meta name=\"robots\" content=\"index, follow, max-snippet:-1, max-image-preview:large, max-video-preview:-1\" \/>\n<link rel=\"canonical\" href=\"https:\/\/appsaf.apieproject.com\/news\/fr\/2022\/09\/21\/lafrique-subsaharienne-adopte-la-5g-plus-rapidement-que-ce-que-predisaient-les-experts\/\" \/>\n<meta property=\"og:locale\" content=\"fr_FR\" \/>\n<meta property=\"og:type\" content=\"article\" \/>\n<meta property=\"og:title\" content=\"L\u2019Afrique Subsaharienne Adopte La 5G Plus Rapidement Que Ce Que Pr\u00e9disaient Les Experts - APIE NEWS\" \/>\n<meta property=\"og:description\" content=\"La transformation num\u00e9rique quelque peu n\u00e9glig\u00e9e en Afrique par le pass\u00e9 s\u2019est r\u00e9v\u00e9l\u00e9e n\u00e9cessaire pour la croissance socio-\u00e9conomique depuis 2020. De nombreux pays prennent d\u00e9j\u00e0 les mesures qui s\u2019imposent et l\u2019ultra haut d\u00e9bit fleurit plus rapidement que pr\u00e9vu \u00e0 travers le continent.\" \/>\n<meta property=\"og:url\" content=\"https:\/\/appsaf.apieproject.com\/news\/fr\/2022\/09\/21\/lafrique-subsaharienne-adopte-la-5g-plus-rapidement-que-ce-que-predisaient-les-experts\/\" \/>\n<meta property=\"og:site_name\" content=\"APIE NEWS\" \/>\n<meta property=\"article:publisher\" content=\"https:\/\/facebook.com\/apieproject\" \/>\n<meta property=\"article:published_time\" content=\"2022-09-21T16:16:45+00:00\" \/>\n<meta property=\"article:modified_time\" content=\"2022-09-26T16:41:14+00:00\" \/>\n<meta property=\"og:image\" content=\"https:\/\/appsaf.apieproject.com\/news\/wp-content\/uploads\/sites\/29\/2022\/09\/2009-101298-l-afrique-subsaharienne-adopte-la-5g-plus-rapidement-que-ce-que-predisaient-les-experts_M-6fcdf15c9ebe6c352a78a3f225abd078.jpg\" \/>\n\t<meta property=\"og:image:width\" content=\"450\" \/>\n\t<meta property=\"og:image:height\" content=\"300\" \/>\n\t<meta property=\"og:image:type\" content=\"image\/jpeg\" \/>\n<meta name=\"author\" content=\"staff\" \/>\n<meta name=\"twitter:card\" content=\"summary_large_image\" \/>\n<meta name=\"twitter:creator\" content=\"@apieproject\" \/>\n<meta name=\"twitter:site\" content=\"@apieproject\" \/>\n<meta name=\"twitter:label1\" content=\"\u00c9crit par\" \/>\n\t<meta name=\"twitter:data1\" content=\"staff\" \/>\n\t<meta name=\"twitter:label2\" content=\"Dur\u00e9e de lecture estim\u00e9e\" \/>\n\t<meta name=\"twitter:data2\" content=\"3 minutes\" \/>\n<script type=\"application\/ld+json\" class=\"yoast-schema-graph\">{\"@context\":\"https:\/\/schema.org\",\"@graph\":[{\"@type\":\"Article\",\"@id\":\"https:\/\/appsaf.apieproject.com\/news\/fr\/2022\/09\/21\/lafrique-subsaharienne-adopte-la-5g-plus-rapidement-que-ce-que-predisaient-les-experts\/#article\",\"isPartOf\":{\"@id\":\"https:\/\/appsaf.apieproject.com\/news\/fr\/2022\/09\/21\/lafrique-subsaharienne-adopte-la-5g-plus-rapidement-que-ce-que-predisaient-les-experts\/\"},\"author\":{\"name\":\"staff\",\"@id\":\"https:\/\/appsaf.apieproject.com\/news\/#\/schema\/person\/399517cac378948cd7b39086f9ddc2a7\"},\"headline\":\"L\u2019Afrique Subsaharienne Adopte La 5G Plus Rapidement Que Ce Que Pr\u00e9disaient Les Experts\",\"datePublished\":\"2022-09-21T16:16:45+00:00\",\"dateModified\":\"2022-09-26T16:41:14+00:00\",\"mainEntityOfPage\":{\"@id\":\"https:\/\/appsaf.apieproject.com\/news\/fr\/2022\/09\/21\/lafrique-subsaharienne-adopte-la-5g-plus-rapidement-que-ce-que-predisaient-les-experts\/\"},\"wordCount\":604,\"commentCount\":0,\"publisher\":{\"@id\":\"https:\/\/appsaf.apieproject.com\/news\/#organization\"},\"image\":{\"@id\":\"https:\/\/appsaf.apieproject.com\/news\/fr\/2022\/09\/21\/lafrique-subsaharienne-adopte-la-5g-plus-rapidement-que-ce-que-predisaient-les-experts\/#primaryimage\"},\"thumbnailUrl\":\"https:\/\/appsaf.apieproject.com\/news\/wp-content\/uploads\/sites\/29\/2022\/09\/2009-101298-l-afrique-subsaharienne-adopte-la-5g-plus-rapidement-que-ce-que-predisaient-les-experts_M-6fcdf15c9ebe6c352a78a3f225abd078.jpg\",\"keywords\":[\"actualites\",\"apie project\",\"technologie\"],\"articleSection\":[\"Actualit\u00e9s\",\"Technologie\"],\"inLanguage\":\"fr-FR\",\"potentialAction\":[{\"@type\":\"CommentAction\",\"name\":\"Comment\",\"target\":[\"https:\/\/appsaf.apieproject.com\/news\/fr\/2022\/09\/21\/lafrique-subsaharienne-adopte-la-5g-plus-rapidement-que-ce-que-predisaient-les-experts\/#respond\"]}]},{\"@type\":\"WebPage\",\"@id\":\"https:\/\/appsaf.apieproject.com\/news\/fr\/2022\/09\/21\/lafrique-subsaharienne-adopte-la-5g-plus-rapidement-que-ce-que-predisaient-les-experts\/\",\"url\":\"https:\/\/appsaf.apieproject.com\/news\/fr\/2022\/09\/21\/lafrique-subsaharienne-adopte-la-5g-plus-rapidement-que-ce-que-predisaient-les-experts\/\",\"name\":\"L\u2019Afrique Subsaharienne Adopte La 5G Plus Rapidement Que Ce Que Pr\u00e9disaient Les Experts - APIE NEWS\",\"isPartOf\":{\"@id\":\"https:\/\/appsaf.apieproject.com\/news\/#website\"},\"primaryImageOfPage\":{\"@id\":\"https:\/\/appsaf.apieproject.com\/news\/fr\/2022\/09\/21\/lafrique-subsaharienne-adopte-la-5g-plus-rapidement-que-ce-que-predisaient-les-experts\/#primaryimage\"},\"image\":{\"@id\":\"https:\/\/appsaf.apieproject.com\/news\/fr\/2022\/09\/21\/lafrique-subsaharienne-adopte-la-5g-plus-rapidement-que-ce-que-predisaient-les-experts\/#primaryimage\"},\"thumbnailUrl\":\"https:\/\/appsaf.apieproject.com\/news\/wp-content\/uploads\/sites\/29\/2022\/09\/2009-101298-l-afrique-subsaharienne-adopte-la-5g-plus-rapidement-que-ce-que-predisaient-les-experts_M-6fcdf15c9ebe6c352a78a3f225abd078.jpg\",\"datePublished\":\"2022-09-21T16:16:45+00:00\",\"dateModified\":\"2022-09-26T16:41:14+00:00\",\"breadcrumb\":{\"@id\":\"https:\/\/appsaf.apieproject.com\/news\/fr\/2022\/09\/21\/lafrique-subsaharienne-adopte-la-5g-plus-rapidement-que-ce-que-predisaient-les-experts\/#breadcrumb\"},\"inLanguage\":\"fr-FR\",\"potentialAction\":[{\"@type\":\"ReadAction\",\"target\":[\"https:\/\/appsaf.apieproject.com\/news\/fr\/2022\/09\/21\/lafrique-subsaharienne-adopte-la-5g-plus-rapidement-que-ce-que-predisaient-les-experts\/\"]}]},{\"@type\":\"ImageObject\",\"inLanguage\":\"fr-FR\",\"@id\":\"https:\/\/appsaf.apieproject.com\/news\/fr\/2022\/09\/21\/lafrique-subsaharienne-adopte-la-5g-plus-rapidement-que-ce-que-predisaient-les-experts\/#primaryimage\",\"url\":\"https:\/\/appsaf.apieproject.com\/news\/wp-content\/uploads\/sites\/29\/2022\/09\/2009-101298-l-afrique-subsaharienne-adopte-la-5g-plus-rapidement-que-ce-que-predisaient-les-experts_M-6fcdf15c9ebe6c352a78a3f225abd078.jpg\",\"contentUrl\":\"https:\/\/appsaf.apieproject.com\/news\/wp-content\/uploads\/sites\/29\/2022\/09\/2009-101298-l-afrique-subsaharienne-adopte-la-5g-plus-rapidement-que-ce-que-predisaient-les-experts_M-6fcdf15c9ebe6c352a78a3f225abd078.jpg\",\"width\":450,\"height\":300},{\"@type\":\"BreadcrumbList\",\"@id\":\"https:\/\/appsaf.apieproject.com\/news\/fr\/2022\/09\/21\/lafrique-subsaharienne-adopte-la-5g-plus-rapidement-que-ce-que-predisaient-les-experts\/#breadcrumb\",\"itemListElement\":[{\"@type\":\"ListItem\",\"position\":1,\"name\":\"Home\",\"item\":\"https:\/\/appsaf.apieproject.com\/news\/fr\/home\/\"},{\"@type\":\"ListItem\",\"position\":2,\"name\":\"L\u2019Afrique Subsaharienne Adopte La 5G Plus Rapidement Que Ce Que Pr\u00e9disaient Les Experts\"}]},{\"@type\":\"WebSite\",\"@id\":\"https:\/\/appsaf.apieproject.com\/news\/#website\",\"url\":\"https:\/\/appsaf.apieproject.com\/news\/\",\"name\":\"APIE NEWS\",\"description\":\"PANAFRICANISM NEWS PORTAL\",\"publisher\":{\"@id\":\"https:\/\/appsaf.apieproject.com\/news\/#organization\"},\"potentialAction\":[{\"@type\":\"SearchAction\",\"target\":{\"@type\":\"EntryPoint\",\"urlTemplate\":\"https:\/\/appsaf.apieproject.com\/news\/?s={search_term_string}\"},\"query-input\":{\"@type\":\"PropertyValueSpecification\",\"valueRequired\":true,\"valueName\":\"search_term_string\"}}],\"inLanguage\":\"fr-FR\"},{\"@type\":\"Organization\",\"@id\":\"https:\/\/appsaf.apieproject.com\/news\/#organization\",\"name\":\"APIE PROJECT\",\"url\":\"https:\/\/appsaf.apieproject.com\/news\/\",\"logo\":{\"@type\":\"ImageObject\",\"inLanguage\":\"fr-FR\",\"@id\":\"https:\/\/appsaf.apieproject.com\/news\/#\/schema\/logo\/image\/\",\"url\":\"https:\/\/appsaf.apieproject.com\/news\/wp-content\/uploads\/sites\/29\/2022\/07\/logo-R-TransparentBackground.png\",\"contentUrl\":\"https:\/\/appsaf.apieproject.com\/news\/wp-content\/uploads\/sites\/29\/2022\/07\/logo-R-TransparentBackground.png\",\"width\":512,\"height\":512,\"caption\":\"APIE PROJECT\"},\"image\":{\"@id\":\"https:\/\/appsaf.apieproject.com\/news\/#\/schema\/logo\/image\/\"},\"sameAs\":[\"https:\/\/facebook.com\/apieproject\",\"https:\/\/x.com\/apieproject\"]},{\"@type\":\"Person\",\"@id\":\"https:\/\/appsaf.apieproject.com\/news\/#\/schema\/person\/399517cac378948cd7b39086f9ddc2a7\",\"name\":\"staff\",\"image\":{\"@type\":\"ImageObject\",\"inLanguage\":\"fr-FR\",\"@id\":\"https:\/\/appsaf.apieproject.com\/news\/#\/schema\/person\/image\/\",\"url\":\"https:\/\/secure.gravatar.com\/avatar\/5386283c5db150efe261184bd59f072a?s=96&d=mm&r=g\",\"contentUrl\":\"https:\/\/secure.gravatar.com\/avatar\/5386283c5db150efe261184bd59f072a?s=96&d=mm&r=g\",\"caption\":\"staff\"},\"url\":\"https:\/\/appsaf.apieproject.com\/news\/fr\/author\/staff\/\"}]}<\/script>\n<!-- \/ Yoast SEO plugin. -->","yoast_head_json":{"title":"L\u2019Afrique Subsaharienne Adopte La 5G Plus Rapidement Que Ce Que Pr\u00e9disaient Les Experts - APIE NEWS","robots":{"index":"index","follow":"follow","max-snippet":"max-snippet:-1","max-image-preview":"max-image-preview:large","max-video-preview":"max-video-preview:-1"},"canonical":"https:\/\/appsaf.apieproject.com\/news\/fr\/2022\/09\/21\/lafrique-subsaharienne-adopte-la-5g-plus-rapidement-que-ce-que-predisaient-les-experts\/","og_locale":"fr_FR","og_type":"article","og_title":"L\u2019Afrique Subsaharienne Adopte La 5G Plus Rapidement Que Ce Que Pr\u00e9disaient Les Experts - APIE NEWS","og_description":"La transformation num\u00e9rique quelque peu n\u00e9glig\u00e9e en Afrique par le pass\u00e9 s\u2019est r\u00e9v\u00e9l\u00e9e n\u00e9cessaire pour la croissance socio-\u00e9conomique depuis 2020. De nombreux pays prennent d\u00e9j\u00e0 les mesures qui s\u2019imposent et l\u2019ultra haut d\u00e9bit fleurit plus rapidement que pr\u00e9vu \u00e0 travers le continent.","og_url":"https:\/\/appsaf.apieproject.com\/news\/fr\/2022\/09\/21\/lafrique-subsaharienne-adopte-la-5g-plus-rapidement-que-ce-que-predisaient-les-experts\/","og_site_name":"APIE NEWS","article_publisher":"https:\/\/facebook.com\/apieproject","article_published_time":"2022-09-21T16:16:45+00:00","article_modified_time":"2022-09-26T16:41:14+00:00","og_image":[{"width":450,"height":300,"url":"https:\/\/appsaf.apieproject.com\/news\/wp-content\/uploads\/sites\/29\/2022\/09\/2009-101298-l-afrique-subsaharienne-adopte-la-5g-plus-rapidement-que-ce-que-predisaient-les-experts_M-6fcdf15c9ebe6c352a78a3f225abd078.jpg","type":"image\/jpeg"}],"author":"staff","twitter_card":"summary_large_image","twitter_creator":"@apieproject","twitter_site":"@apieproject","twitter_misc":{"\u00c9crit par":"staff","Dur\u00e9e de lecture estim\u00e9e":"3 minutes"},"schema":{"@context":"https:\/\/schema.org","@graph":[{"@type":"Article","@id":"https:\/\/appsaf.apieproject.com\/news\/fr\/2022\/09\/21\/lafrique-subsaharienne-adopte-la-5g-plus-rapidement-que-ce-que-predisaient-les-experts\/#article","isPartOf":{"@id":"https:\/\/appsaf.apieproject.com\/news\/fr\/2022\/09\/21\/lafrique-subsaharienne-adopte-la-5g-plus-rapidement-que-ce-que-predisaient-les-experts\/"},"author":{"name":"staff","@id":"https:\/\/appsaf.apieproject.com\/news\/#\/schema\/person\/399517cac378948cd7b39086f9ddc2a7"},"headline":"L\u2019Afrique Subsaharienne Adopte La 5G Plus Rapidement Que Ce Que Pr\u00e9disaient Les Experts","datePublished":"2022-09-21T16:16:45+00:00","dateModified":"2022-09-26T16:41:14+00:00","mainEntityOfPage":{"@id":"https:\/\/appsaf.apieproject.com\/news\/fr\/2022\/09\/21\/lafrique-subsaharienne-adopte-la-5g-plus-rapidement-que-ce-que-predisaient-les-experts\/"},"wordCount":604,"commentCount":0,"publisher":{"@id":"https:\/\/appsaf.apieproject.com\/news\/#organization"},"image":{"@id":"https:\/\/appsaf.apieproject.com\/news\/fr\/2022\/09\/21\/lafrique-subsaharienne-adopte-la-5g-plus-rapidement-que-ce-que-predisaient-les-experts\/#primaryimage"},"thumbnailUrl":"https:\/\/appsaf.apieproject.com\/news\/wp-content\/uploads\/sites\/29\/2022\/09\/2009-101298-l-afrique-subsaharienne-adopte-la-5g-plus-rapidement-que-ce-que-predisaient-les-experts_M-6fcdf15c9ebe6c352a78a3f225abd078.jpg","keywords":["actualites","apie project","technologie"],"articleSection":["Actualit\u00e9s","Technologie"],"inLanguage":"fr-FR","potentialAction":[{"@type":"CommentAction","name":"Comment","target":["https:\/\/appsaf.apieproject.com\/news\/fr\/2022\/09\/21\/lafrique-subsaharienne-adopte-la-5g-plus-rapidement-que-ce-que-predisaient-les-experts\/#respond"]}]},{"@type":"WebPage","@id":"https:\/\/appsaf.apieproject.com\/news\/fr\/2022\/09\/21\/lafrique-subsaharienne-adopte-la-5g-plus-rapidement-que-ce-que-predisaient-les-experts\/","url":"https:\/\/appsaf.apieproject.com\/news\/fr\/2022\/09\/21\/lafrique-subsaharienne-adopte-la-5g-plus-rapidement-que-ce-que-predisaient-les-experts\/","name":"L\u2019Afrique Subsaharienne Adopte La 5G Plus Rapidement Que Ce Que Pr\u00e9disaient Les Experts - APIE NEWS","isPartOf":{"@id":"https:\/\/appsaf.apieproject.com\/news\/#website"},"primaryImageOfPage":{"@id":"https:\/\/appsaf.apieproject.com\/news\/fr\/2022\/09\/21\/lafrique-subsaharienne-adopte-la-5g-plus-rapidement-que-ce-que-predisaient-les-experts\/#primaryimage"},"image":{"@id":"https:\/\/appsaf.apieproject.com\/news\/fr\/2022\/09\/21\/lafrique-subsaharienne-adopte-la-5g-plus-rapidement-que-ce-que-predisaient-les-experts\/#primaryimage"},"thumbnailUrl":"https:\/\/appsaf.apieproject.com\/news\/wp-content\/uploads\/sites\/29\/2022\/09\/2009-101298-l-afrique-subsaharienne-adopte-la-5g-plus-rapidement-que-ce-que-predisaient-les-experts_M-6fcdf15c9ebe6c352a78a3f225abd078.jpg","datePublished":"2022-09-21T16:16:45+00:00","dateModified":"2022-09-26T16:41:14+00:00","breadcrumb":{"@id":"https:\/\/appsaf.apieproject.com\/news\/fr\/2022\/09\/21\/lafrique-subsaharienne-adopte-la-5g-plus-rapidement-que-ce-que-predisaient-les-experts\/#breadcrumb"},"inLanguage":"fr-FR","potentialAction":[{"@type":"ReadAction","target":["https:\/\/appsaf.apieproject.com\/news\/fr\/2022\/09\/21\/lafrique-subsaharienne-adopte-la-5g-plus-rapidement-que-ce-que-predisaient-les-experts\/"]}]},{"@type":"ImageObject","inLanguage":"fr-FR","@id":"https:\/\/appsaf.apieproject.com\/news\/fr\/2022\/09\/21\/lafrique-subsaharienne-adopte-la-5g-plus-rapidement-que-ce-que-predisaient-les-experts\/#primaryimage","url":"https:\/\/appsaf.apieproject.com\/news\/wp-content\/uploads\/sites\/29\/2022\/09\/2009-101298-l-afrique-subsaharienne-adopte-la-5g-plus-rapidement-que-ce-que-predisaient-les-experts_M-6fcdf15c9ebe6c352a78a3f225abd078.jpg","contentUrl":"https:\/\/appsaf.apieproject.com\/news\/wp-content\/uploads\/sites\/29\/2022\/09\/2009-101298-l-afrique-subsaharienne-adopte-la-5g-plus-rapidement-que-ce-que-predisaient-les-experts_M-6fcdf15c9ebe6c352a78a3f225abd078.jpg","width":450,"height":300},{"@type":"BreadcrumbList","@id":"https:\/\/appsaf.apieproject.com\/news\/fr\/2022\/09\/21\/lafrique-subsaharienne-adopte-la-5g-plus-rapidement-que-ce-que-predisaient-les-experts\/#breadcrumb","itemListElement":[{"@type":"ListItem","position":1,"name":"Home","item":"https:\/\/appsaf.apieproject.com\/news\/fr\/home\/"},{"@type":"ListItem","position":2,"name":"L\u2019Afrique Subsaharienne Adopte La 5G Plus Rapidement Que Ce Que Pr\u00e9disaient Les Experts"}]},{"@type":"WebSite","@id":"https:\/\/appsaf.apieproject.com\/news\/#website","url":"https:\/\/appsaf.apieproject.com\/news\/","name":"APIE NEWS","description":"PANAFRICANISM NEWS PORTAL","publisher":{"@id":"https:\/\/appsaf.apieproject.com\/news\/#organization"},"potentialAction":[{"@type":"SearchAction","target":{"@type":"EntryPoint","urlTemplate":"https:\/\/appsaf.apieproject.com\/news\/?s={search_term_string}"},"query-input":{"@type":"PropertyValueSpecification","valueRequired":true,"valueName":"search_term_string"}}],"inLanguage":"fr-FR"},{"@type":"Organization","@id":"https:\/\/appsaf.apieproject.com\/news\/#organization","name":"APIE PROJECT","url":"https:\/\/appsaf.apieproject.com\/news\/","logo":{"@type":"ImageObject","inLanguage":"fr-FR","@id":"https:\/\/appsaf.apieproject.com\/news\/#\/schema\/logo\/image\/","url":"https:\/\/appsaf.apieproject.com\/news\/wp-content\/uploads\/sites\/29\/2022\/07\/logo-R-TransparentBackground.png","contentUrl":"https:\/\/appsaf.apieproject.com\/news\/wp-content\/uploads\/sites\/29\/2022\/07\/logo-R-TransparentBackground.png","width":512,"height":512,"caption":"APIE PROJECT"},"image":{"@id":"https:\/\/appsaf.apieproject.com\/news\/#\/schema\/logo\/image\/"},"sameAs":["https:\/\/facebook.com\/apieproject","https:\/\/x.com\/apieproject"]},{"@type":"Person","@id":"https:\/\/appsaf.apieproject.com\/news\/#\/schema\/person\/399517cac378948cd7b39086f9ddc2a7","name":"staff","image":{"@type":"ImageObject","inLanguage":"fr-FR","@id":"https:\/\/appsaf.apieproject.com\/news\/#\/schema\/person\/image\/","url":"https:\/\/secure.gravatar.com\/avatar\/5386283c5db150efe261184bd59f072a?s=96&d=mm&r=g","contentUrl":"https:\/\/secure.gravatar.com\/avatar\/5386283c5db150efe261184bd59f072a?s=96&d=mm&r=g","caption":"staff"},"url":"https:\/\/appsaf.apieproject.com\/news\/fr\/author\/staff\/"}]}},"_links":{"self":[{"href":"https:\/\/appsaf.apieproject.com\/news\/fr\/wp-json\/wp\/v2\/posts\/17826","targetHints":{"allow":["GET"]}}],"collection":[{"href":"https:\/\/appsaf.apieproject.com\/news\/fr\/wp-json\/wp\/v2\/posts"}],"about":[{"href":"https:\/\/appsaf.apieproject.com\/news\/fr\/wp-json\/wp\/v2\/types\/post"}],"author":[{"embeddable":true,"href":"https:\/\/appsaf.apieproject.com\/news\/fr\/wp-json\/wp\/v2\/users\/12963"}],"replies":[{"embeddable":true,"href":"https:\/\/appsaf.apieproject.com\/news\/fr\/wp-json\/wp\/v2\/comments?post=17826"}],"version-history":[{"count":2,"href":"https:\/\/appsaf.apieproject.com\/news\/fr\/wp-json\/wp\/v2\/posts\/17826\/revisions"}],"predecessor-version":[{"id":18603,"href":"https:\/\/appsaf.apieproject.com\/news\/fr\/wp-json\/wp\/v2\/posts\/17826\/revisions\/18603"}],"wp:featuredmedia":[{"embeddable":true,"href":"https:\/\/appsaf.apieproject.com\/news\/fr\/wp-json\/wp\/v2\/media\/17823"}],"wp:attachment":[{"href":"https:\/\/appsaf.apieproject.com\/news\/fr\/wp-json\/wp\/v2\/media?parent=17826"}],"wp:term":[{"taxonomy":"category","embeddable":true,"href":"https:\/\/appsaf.apieproject.com\/news\/fr\/wp-json\/wp\/v2\/categories?post=17826"},{"taxonomy":"post_tag","embeddable":true,"href":"https:\/\/appsaf.apieproject.com\/news\/fr\/wp-json\/wp\/v2\/tags?post=17826"}],"curies":[{"name":"wp","href":"https:\/\/api.w.org\/{rel}","templated":true}]}}