{"id":1793,"date":"2022-02-28T02:09:12","date_gmt":"2022-02-28T02:09:12","guid":{"rendered":"https:\/\/appsaf.apieproject.com\/news\/?p=1793"},"modified":"2022-02-28T02:10:28","modified_gmt":"2022-02-28T02:10:28","slug":"mois-de-lafrique-une-celebration-de-la-culture-africaine-au-domaine-de-tivoli","status":"publish","type":"post","link":"https:\/\/appsaf.apieproject.com\/news\/fr\/2022\/02\/28\/mois-de-lafrique-une-celebration-de-la-culture-africaine-au-domaine-de-tivoli\/","title":{"rendered":"\u00ab\u00a0Mois de l&rsquo;Afrique\u00a0\u00bb : une c\u00e9l\u00e9bration de la culture africaine au domaine de Tivoli"},"content":{"rendered":"<p>Une passion pour les dreadlocks qui lui est venue naturellement et \u00e0 ce stand, ont peut aussi \u00e9changer avec des amateurs de dreadlocks.<br \/>\nCe sont des m\u00e8ches de cheveux qui s\u2019emm\u00ealent et se forment seules\u2026 On peut donc en avoir d\u00e8s le plus jeune \u00e2ge.<\/p>\n<p>Il s\u2019agit d\u2019une pratique ancestrale que l\u2019on retrouve dans de nombreuses cultures \u00e0 travers le monde, avec tout de m\u00eame une app\u00e9tence pour le continent africain. Les dreadlocks comme symbole de la culture africaine, des conf\u00e9rences ont lieu sur le sujet \u00e0 l\u2019occasion de ce \u00ab Mois de l\u2019Afrique \u00bb M\u00eame si l\u2019usage des dreads s\u2019est d\u00e9mocratis\u00e9 \u00e0 travers le monde, elles resteront un symbole fort, d\u2019appartenance ethnique.<\/p>\n","protected":false},"excerpt":{"rendered":"<p>\u00c0 l\u2019un des stands de l\u2019\u00e9v\u00e8nement, on peut prendre le temps de se faire coiffer, selon la culture africaine.<\/p>\n","protected":false},"author":12963,"featured_media":1790,"comment_status":"open","ping_status":"open","sticky":false,"template":"","format":"standard","meta":{"footnotes":""},"categories":[53,57],"tags":[78,87,95],"class_list":{"0":"post-1793","1":"post","2":"type-post","3":"status-publish","4":"format-standard","5":"has-post-thumbnail","7":"category-culture-fr","8":"category-mode","9":"tag-apie-project-2","10":"tag-culture-2","11":"tag-mode"},"yoast_head":"<!-- This site is optimized with the Yoast SEO plugin v24.4 - https:\/\/yoast.com\/wordpress\/plugins\/seo\/ -->\n<title>&quot;Mois de l&#039;Afrique&quot; : une c\u00e9l\u00e9bration de la culture africaine au domaine de Tivoli - APIE NEWS<\/title>\n<meta name=\"robots\" content=\"index, follow, max-snippet:-1, max-image-preview:large, max-video-preview:-1\" \/>\n<link rel=\"canonical\" href=\"https:\/\/appsaf.apieproject.com\/news\/fr\/2022\/02\/28\/mois-de-lafrique-une-celebration-de-la-culture-africaine-au-domaine-de-tivoli\/\" \/>\n<meta property=\"og:locale\" content=\"fr_FR\" \/>\n<meta property=\"og:type\" content=\"article\" \/>\n<meta property=\"og:title\" content=\"&quot;Mois de l&#039;Afrique&quot; : une c\u00e9l\u00e9bration de la culture africaine au domaine de Tivoli - APIE NEWS\" \/>\n<meta property=\"og:description\" content=\"\u00c0 l\u2019un des stands de l\u2019\u00e9v\u00e8nement, on peut prendre le temps de se faire coiffer, selon la culture africaine.\" \/>\n<meta property=\"og:url\" content=\"https:\/\/appsaf.apieproject.com\/news\/fr\/2022\/02\/28\/mois-de-lafrique-une-celebration-de-la-culture-africaine-au-domaine-de-tivoli\/\" \/>\n<meta property=\"og:site_name\" content=\"APIE NEWS\" \/>\n<meta property=\"article:publisher\" content=\"https:\/\/facebook.com\/apieproject\" \/>\n<meta property=\"article:published_time\" content=\"2022-02-28T02:09:12+00:00\" \/>\n<meta property=\"article:modified_time\" content=\"2022-02-28T02:10:28+00:00\" \/>\n<meta property=\"og:image\" content=\"https:\/\/appsaf.apieproject.com\/news\/wp-content\/uploads\/sites\/29\/2022\/02\/cult-1-164afe3de1028d0f58356c4d019be061.jpg\" \/>\n\t<meta property=\"og:image:width\" content=\"300\" \/>\n\t<meta property=\"og:image:height\" content=\"168\" \/>\n\t<meta property=\"og:image:type\" content=\"image\/jpeg\" \/>\n<meta name=\"author\" content=\"staff\" \/>\n<meta name=\"twitter:card\" content=\"summary_large_image\" \/>\n<meta name=\"twitter:creator\" content=\"@apieproject\" \/>\n<meta name=\"twitter:site\" content=\"@apieproject\" \/>\n<meta name=\"twitter:label1\" content=\"\u00c9crit par\" \/>\n\t<meta name=\"twitter:data1\" content=\"staff\" \/>\n\t<meta name=\"twitter:label2\" content=\"Dur\u00e9e de lecture estim\u00e9e\" \/>\n\t<meta name=\"twitter:data2\" content=\"1 minute\" \/>\n<script type=\"application\/ld+json\" class=\"yoast-schema-graph\">{\"@context\":\"https:\/\/schema.org\",\"@graph\":[{\"@type\":\"Article\",\"@id\":\"https:\/\/appsaf.apieproject.com\/news\/fr\/2022\/02\/28\/mois-de-lafrique-une-celebration-de-la-culture-africaine-au-domaine-de-tivoli\/#article\",\"isPartOf\":{\"@id\":\"https:\/\/appsaf.apieproject.com\/news\/fr\/2022\/02\/28\/mois-de-lafrique-une-celebration-de-la-culture-africaine-au-domaine-de-tivoli\/\"},\"author\":{\"name\":\"staff\",\"@id\":\"https:\/\/appsaf.apieproject.com\/news\/#\/schema\/person\/399517cac378948cd7b39086f9ddc2a7\"},\"headline\":\"\u00ab\u00a0Mois de l&rsquo;Afrique\u00a0\u00bb : une c\u00e9l\u00e9bration de la culture africaine au domaine de Tivoli\",\"datePublished\":\"2022-02-28T02:09:12+00:00\",\"dateModified\":\"2022-02-28T02:10:28+00:00\",\"mainEntityOfPage\":{\"@id\":\"https:\/\/appsaf.apieproject.com\/news\/fr\/2022\/02\/28\/mois-de-lafrique-une-celebration-de-la-culture-africaine-au-domaine-de-tivoli\/\"},\"wordCount\":140,\"commentCount\":0,\"publisher\":{\"@id\":\"https:\/\/appsaf.apieproject.com\/news\/#organization\"},\"image\":{\"@id\":\"https:\/\/appsaf.apieproject.com\/news\/fr\/2022\/02\/28\/mois-de-lafrique-une-celebration-de-la-culture-africaine-au-domaine-de-tivoli\/#primaryimage\"},\"thumbnailUrl\":\"https:\/\/appsaf.apieproject.com\/news\/wp-content\/uploads\/sites\/29\/2022\/02\/cult-1-164afe3de1028d0f58356c4d019be061.jpg\",\"keywords\":[\"apie project\",\"culture\",\"mode\"],\"articleSection\":[\"Culture\",\"Mode\"],\"inLanguage\":\"fr-FR\",\"potentialAction\":[{\"@type\":\"CommentAction\",\"name\":\"Comment\",\"target\":[\"https:\/\/appsaf.apieproject.com\/news\/fr\/2022\/02\/28\/mois-de-lafrique-une-celebration-de-la-culture-africaine-au-domaine-de-tivoli\/#respond\"]}]},{\"@type\":\"WebPage\",\"@id\":\"https:\/\/appsaf.apieproject.com\/news\/fr\/2022\/02\/28\/mois-de-lafrique-une-celebration-de-la-culture-africaine-au-domaine-de-tivoli\/\",\"url\":\"https:\/\/appsaf.apieproject.com\/news\/fr\/2022\/02\/28\/mois-de-lafrique-une-celebration-de-la-culture-africaine-au-domaine-de-tivoli\/\",\"name\":\"\\\"Mois de l'Afrique\\\" : une c\u00e9l\u00e9bration de la culture africaine au domaine de Tivoli - APIE NEWS\",\"isPartOf\":{\"@id\":\"https:\/\/appsaf.apieproject.com\/news\/#website\"},\"primaryImageOfPage\":{\"@id\":\"https:\/\/appsaf.apieproject.com\/news\/fr\/2022\/02\/28\/mois-de-lafrique-une-celebration-de-la-culture-africaine-au-domaine-de-tivoli\/#primaryimage\"},\"image\":{\"@id\":\"https:\/\/appsaf.apieproject.com\/news\/fr\/2022\/02\/28\/mois-de-lafrique-une-celebration-de-la-culture-africaine-au-domaine-de-tivoli\/#primaryimage\"},\"thumbnailUrl\":\"https:\/\/appsaf.apieproject.com\/news\/wp-content\/uploads\/sites\/29\/2022\/02\/cult-1-164afe3de1028d0f58356c4d019be061.jpg\",\"datePublished\":\"2022-02-28T02:09:12+00:00\",\"dateModified\":\"2022-02-28T02:10:28+00:00\",\"breadcrumb\":{\"@id\":\"https:\/\/appsaf.apieproject.com\/news\/fr\/2022\/02\/28\/mois-de-lafrique-une-celebration-de-la-culture-africaine-au-domaine-de-tivoli\/#breadcrumb\"},\"inLanguage\":\"fr-FR\",\"potentialAction\":[{\"@type\":\"ReadAction\",\"target\":[\"https:\/\/appsaf.apieproject.com\/news\/fr\/2022\/02\/28\/mois-de-lafrique-une-celebration-de-la-culture-africaine-au-domaine-de-tivoli\/\"]}]},{\"@type\":\"ImageObject\",\"inLanguage\":\"fr-FR\",\"@id\":\"https:\/\/appsaf.apieproject.com\/news\/fr\/2022\/02\/28\/mois-de-lafrique-une-celebration-de-la-culture-africaine-au-domaine-de-tivoli\/#primaryimage\",\"url\":\"https:\/\/appsaf.apieproject.com\/news\/wp-content\/uploads\/sites\/29\/2022\/02\/cult-1-164afe3de1028d0f58356c4d019be061.jpg\",\"contentUrl\":\"https:\/\/appsaf.apieproject.com\/news\/wp-content\/uploads\/sites\/29\/2022\/02\/cult-1-164afe3de1028d0f58356c4d019be061.jpg\",\"width\":300,\"height\":168},{\"@type\":\"BreadcrumbList\",\"@id\":\"https:\/\/appsaf.apieproject.com\/news\/fr\/2022\/02\/28\/mois-de-lafrique-une-celebration-de-la-culture-africaine-au-domaine-de-tivoli\/#breadcrumb\",\"itemListElement\":[{\"@type\":\"ListItem\",\"position\":1,\"name\":\"Home\",\"item\":\"https:\/\/appsaf.apieproject.com\/news\/fr\/home\/\"},{\"@type\":\"ListItem\",\"position\":2,\"name\":\"&#8220;Mois de l&#8217;Afrique&#8221; : une c\u00e9l\u00e9bration de la culture africaine au domaine de Tivoli\"}]},{\"@type\":\"WebSite\",\"@id\":\"https:\/\/appsaf.apieproject.com\/news\/#website\",\"url\":\"https:\/\/appsaf.apieproject.com\/news\/\",\"name\":\"APIE NEWS\",\"description\":\"PANAFRICANISM NEWS PORTAL\",\"publisher\":{\"@id\":\"https:\/\/appsaf.apieproject.com\/news\/#organization\"},\"potentialAction\":[{\"@type\":\"SearchAction\",\"target\":{\"@type\":\"EntryPoint\",\"urlTemplate\":\"https:\/\/appsaf.apieproject.com\/news\/?s={search_term_string}\"},\"query-input\":{\"@type\":\"PropertyValueSpecification\",\"valueRequired\":true,\"valueName\":\"search_term_string\"}}],\"inLanguage\":\"fr-FR\"},{\"@type\":\"Organization\",\"@id\":\"https:\/\/appsaf.apieproject.com\/news\/#organization\",\"name\":\"APIE PROJECT\",\"url\":\"https:\/\/appsaf.apieproject.com\/news\/\",\"logo\":{\"@type\":\"ImageObject\",\"inLanguage\":\"fr-FR\",\"@id\":\"https:\/\/appsaf.apieproject.com\/news\/#\/schema\/logo\/image\/\",\"url\":\"https:\/\/appsaf.apieproject.com\/news\/wp-content\/uploads\/sites\/29\/2022\/07\/logo-R-TransparentBackground.png\",\"contentUrl\":\"https:\/\/appsaf.apieproject.com\/news\/wp-content\/uploads\/sites\/29\/2022\/07\/logo-R-TransparentBackground.png\",\"width\":512,\"height\":512,\"caption\":\"APIE PROJECT\"},\"image\":{\"@id\":\"https:\/\/appsaf.apieproject.com\/news\/#\/schema\/logo\/image\/\"},\"sameAs\":[\"https:\/\/facebook.com\/apieproject\",\"https:\/\/x.com\/apieproject\"]},{\"@type\":\"Person\",\"@id\":\"https:\/\/appsaf.apieproject.com\/news\/#\/schema\/person\/399517cac378948cd7b39086f9ddc2a7\",\"name\":\"staff\",\"image\":{\"@type\":\"ImageObject\",\"inLanguage\":\"fr-FR\",\"@id\":\"https:\/\/appsaf.apieproject.com\/news\/#\/schema\/person\/image\/\",\"url\":\"https:\/\/secure.gravatar.com\/avatar\/5386283c5db150efe261184bd59f072a?s=96&d=mm&r=g\",\"contentUrl\":\"https:\/\/secure.gravatar.com\/avatar\/5386283c5db150efe261184bd59f072a?s=96&d=mm&r=g\",\"caption\":\"staff\"},\"url\":\"https:\/\/appsaf.apieproject.com\/news\/fr\/author\/staff\/\"}]}<\/script>\n<!-- \/ Yoast SEO plugin. -->","yoast_head_json":{"title":"\"Mois de l'Afrique\" : une c\u00e9l\u00e9bration de la culture africaine au domaine de Tivoli - APIE NEWS","robots":{"index":"index","follow":"follow","max-snippet":"max-snippet:-1","max-image-preview":"max-image-preview:large","max-video-preview":"max-video-preview:-1"},"canonical":"https:\/\/appsaf.apieproject.com\/news\/fr\/2022\/02\/28\/mois-de-lafrique-une-celebration-de-la-culture-africaine-au-domaine-de-tivoli\/","og_locale":"fr_FR","og_type":"article","og_title":"\"Mois de l'Afrique\" : une c\u00e9l\u00e9bration de la culture africaine au domaine de Tivoli - APIE NEWS","og_description":"\u00c0 l\u2019un des stands de l\u2019\u00e9v\u00e8nement, on peut prendre le temps de se faire coiffer, selon la culture africaine.","og_url":"https:\/\/appsaf.apieproject.com\/news\/fr\/2022\/02\/28\/mois-de-lafrique-une-celebration-de-la-culture-africaine-au-domaine-de-tivoli\/","og_site_name":"APIE NEWS","article_publisher":"https:\/\/facebook.com\/apieproject","article_published_time":"2022-02-28T02:09:12+00:00","article_modified_time":"2022-02-28T02:10:28+00:00","og_image":[{"width":300,"height":168,"url":"https:\/\/appsaf.apieproject.com\/news\/wp-content\/uploads\/sites\/29\/2022\/02\/cult-1-164afe3de1028d0f58356c4d019be061.jpg","type":"image\/jpeg"}],"author":"staff","twitter_card":"summary_large_image","twitter_creator":"@apieproject","twitter_site":"@apieproject","twitter_misc":{"\u00c9crit par":"staff","Dur\u00e9e de lecture estim\u00e9e":"1 minute"},"schema":{"@context":"https:\/\/schema.org","@graph":[{"@type":"Article","@id":"https:\/\/appsaf.apieproject.com\/news\/fr\/2022\/02\/28\/mois-de-lafrique-une-celebration-de-la-culture-africaine-au-domaine-de-tivoli\/#article","isPartOf":{"@id":"https:\/\/appsaf.apieproject.com\/news\/fr\/2022\/02\/28\/mois-de-lafrique-une-celebration-de-la-culture-africaine-au-domaine-de-tivoli\/"},"author":{"name":"staff","@id":"https:\/\/appsaf.apieproject.com\/news\/#\/schema\/person\/399517cac378948cd7b39086f9ddc2a7"},"headline":"\u00ab\u00a0Mois de l&rsquo;Afrique\u00a0\u00bb : une c\u00e9l\u00e9bration de la culture africaine au domaine de Tivoli","datePublished":"2022-02-28T02:09:12+00:00","dateModified":"2022-02-28T02:10:28+00:00","mainEntityOfPage":{"@id":"https:\/\/appsaf.apieproject.com\/news\/fr\/2022\/02\/28\/mois-de-lafrique-une-celebration-de-la-culture-africaine-au-domaine-de-tivoli\/"},"wordCount":140,"commentCount":0,"publisher":{"@id":"https:\/\/appsaf.apieproject.com\/news\/#organization"},"image":{"@id":"https:\/\/appsaf.apieproject.com\/news\/fr\/2022\/02\/28\/mois-de-lafrique-une-celebration-de-la-culture-africaine-au-domaine-de-tivoli\/#primaryimage"},"thumbnailUrl":"https:\/\/appsaf.apieproject.com\/news\/wp-content\/uploads\/sites\/29\/2022\/02\/cult-1-164afe3de1028d0f58356c4d019be061.jpg","keywords":["apie project","culture","mode"],"articleSection":["Culture","Mode"],"inLanguage":"fr-FR","potentialAction":[{"@type":"CommentAction","name":"Comment","target":["https:\/\/appsaf.apieproject.com\/news\/fr\/2022\/02\/28\/mois-de-lafrique-une-celebration-de-la-culture-africaine-au-domaine-de-tivoli\/#respond"]}]},{"@type":"WebPage","@id":"https:\/\/appsaf.apieproject.com\/news\/fr\/2022\/02\/28\/mois-de-lafrique-une-celebration-de-la-culture-africaine-au-domaine-de-tivoli\/","url":"https:\/\/appsaf.apieproject.com\/news\/fr\/2022\/02\/28\/mois-de-lafrique-une-celebration-de-la-culture-africaine-au-domaine-de-tivoli\/","name":"\"Mois de l'Afrique\" : une c\u00e9l\u00e9bration de la culture africaine au domaine de Tivoli - APIE NEWS","isPartOf":{"@id":"https:\/\/appsaf.apieproject.com\/news\/#website"},"primaryImageOfPage":{"@id":"https:\/\/appsaf.apieproject.com\/news\/fr\/2022\/02\/28\/mois-de-lafrique-une-celebration-de-la-culture-africaine-au-domaine-de-tivoli\/#primaryimage"},"image":{"@id":"https:\/\/appsaf.apieproject.com\/news\/fr\/2022\/02\/28\/mois-de-lafrique-une-celebration-de-la-culture-africaine-au-domaine-de-tivoli\/#primaryimage"},"thumbnailUrl":"https:\/\/appsaf.apieproject.com\/news\/wp-content\/uploads\/sites\/29\/2022\/02\/cult-1-164afe3de1028d0f58356c4d019be061.jpg","datePublished":"2022-02-28T02:09:12+00:00","dateModified":"2022-02-28T02:10:28+00:00","breadcrumb":{"@id":"https:\/\/appsaf.apieproject.com\/news\/fr\/2022\/02\/28\/mois-de-lafrique-une-celebration-de-la-culture-africaine-au-domaine-de-tivoli\/#breadcrumb"},"inLanguage":"fr-FR","potentialAction":[{"@type":"ReadAction","target":["https:\/\/appsaf.apieproject.com\/news\/fr\/2022\/02\/28\/mois-de-lafrique-une-celebration-de-la-culture-africaine-au-domaine-de-tivoli\/"]}]},{"@type":"ImageObject","inLanguage":"fr-FR","@id":"https:\/\/appsaf.apieproject.com\/news\/fr\/2022\/02\/28\/mois-de-lafrique-une-celebration-de-la-culture-africaine-au-domaine-de-tivoli\/#primaryimage","url":"https:\/\/appsaf.apieproject.com\/news\/wp-content\/uploads\/sites\/29\/2022\/02\/cult-1-164afe3de1028d0f58356c4d019be061.jpg","contentUrl":"https:\/\/appsaf.apieproject.com\/news\/wp-content\/uploads\/sites\/29\/2022\/02\/cult-1-164afe3de1028d0f58356c4d019be061.jpg","width":300,"height":168},{"@type":"BreadcrumbList","@id":"https:\/\/appsaf.apieproject.com\/news\/fr\/2022\/02\/28\/mois-de-lafrique-une-celebration-de-la-culture-africaine-au-domaine-de-tivoli\/#breadcrumb","itemListElement":[{"@type":"ListItem","position":1,"name":"Home","item":"https:\/\/appsaf.apieproject.com\/news\/fr\/home\/"},{"@type":"ListItem","position":2,"name":"&#8220;Mois de l&#8217;Afrique&#8221; : une c\u00e9l\u00e9bration de la culture africaine au domaine de Tivoli"}]},{"@type":"WebSite","@id":"https:\/\/appsaf.apieproject.com\/news\/#website","url":"https:\/\/appsaf.apieproject.com\/news\/","name":"APIE NEWS","description":"PANAFRICANISM NEWS PORTAL","publisher":{"@id":"https:\/\/appsaf.apieproject.com\/news\/#organization"},"potentialAction":[{"@type":"SearchAction","target":{"@type":"EntryPoint","urlTemplate":"https:\/\/appsaf.apieproject.com\/news\/?s={search_term_string}"},"query-input":{"@type":"PropertyValueSpecification","valueRequired":true,"valueName":"search_term_string"}}],"inLanguage":"fr-FR"},{"@type":"Organization","@id":"https:\/\/appsaf.apieproject.com\/news\/#organization","name":"APIE PROJECT","url":"https:\/\/appsaf.apieproject.com\/news\/","logo":{"@type":"ImageObject","inLanguage":"fr-FR","@id":"https:\/\/appsaf.apieproject.com\/news\/#\/schema\/logo\/image\/","url":"https:\/\/appsaf.apieproject.com\/news\/wp-content\/uploads\/sites\/29\/2022\/07\/logo-R-TransparentBackground.png","contentUrl":"https:\/\/appsaf.apieproject.com\/news\/wp-content\/uploads\/sites\/29\/2022\/07\/logo-R-TransparentBackground.png","width":512,"height":512,"caption":"APIE PROJECT"},"image":{"@id":"https:\/\/appsaf.apieproject.com\/news\/#\/schema\/logo\/image\/"},"sameAs":["https:\/\/facebook.com\/apieproject","https:\/\/x.com\/apieproject"]},{"@type":"Person","@id":"https:\/\/appsaf.apieproject.com\/news\/#\/schema\/person\/399517cac378948cd7b39086f9ddc2a7","name":"staff","image":{"@type":"ImageObject","inLanguage":"fr-FR","@id":"https:\/\/appsaf.apieproject.com\/news\/#\/schema\/person\/image\/","url":"https:\/\/secure.gravatar.com\/avatar\/5386283c5db150efe261184bd59f072a?s=96&d=mm&r=g","contentUrl":"https:\/\/secure.gravatar.com\/avatar\/5386283c5db150efe261184bd59f072a?s=96&d=mm&r=g","caption":"staff"},"url":"https:\/\/appsaf.apieproject.com\/news\/fr\/author\/staff\/"}]}},"_links":{"self":[{"href":"https:\/\/appsaf.apieproject.com\/news\/fr\/wp-json\/wp\/v2\/posts\/1793","targetHints":{"allow":["GET"]}}],"collection":[{"href":"https:\/\/appsaf.apieproject.com\/news\/fr\/wp-json\/wp\/v2\/posts"}],"about":[{"href":"https:\/\/appsaf.apieproject.com\/news\/fr\/wp-json\/wp\/v2\/types\/post"}],"author":[{"embeddable":true,"href":"https:\/\/appsaf.apieproject.com\/news\/fr\/wp-json\/wp\/v2\/users\/12963"}],"replies":[{"embeddable":true,"href":"https:\/\/appsaf.apieproject.com\/news\/fr\/wp-json\/wp\/v2\/comments?post=1793"}],"version-history":[{"count":2,"href":"https:\/\/appsaf.apieproject.com\/news\/fr\/wp-json\/wp\/v2\/posts\/1793\/revisions"}],"predecessor-version":[{"id":1902,"href":"https:\/\/appsaf.apieproject.com\/news\/fr\/wp-json\/wp\/v2\/posts\/1793\/revisions\/1902"}],"wp:featuredmedia":[{"embeddable":true,"href":"https:\/\/appsaf.apieproject.com\/news\/fr\/wp-json\/wp\/v2\/media\/1790"}],"wp:attachment":[{"href":"https:\/\/appsaf.apieproject.com\/news\/fr\/wp-json\/wp\/v2\/media?parent=1793"}],"wp:term":[{"taxonomy":"category","embeddable":true,"href":"https:\/\/appsaf.apieproject.com\/news\/fr\/wp-json\/wp\/v2\/categories?post=1793"},{"taxonomy":"post_tag","embeddable":true,"href":"https:\/\/appsaf.apieproject.com\/news\/fr\/wp-json\/wp\/v2\/tags?post=1793"}],"curies":[{"name":"wp","href":"https:\/\/api.w.org\/{rel}","templated":true}]}}