{"id":18071,"date":"2022-09-26T17:24:31","date_gmt":"2022-09-26T17:24:31","guid":{"rendered":"https:\/\/appsaf.apieproject.com\/news\/?p=18071"},"modified":"2022-09-26T17:24:33","modified_gmt":"2022-09-26T17:24:33","slug":"lafrique-du-sud-va-fabriquer-et-vendre-des-avions-militaires-a-des-pays-africains","status":"publish","type":"post","link":"https:\/\/appsaf.apieproject.com\/news\/fr\/2022\/09\/26\/lafrique-du-sud-va-fabriquer-et-vendre-des-avions-militaires-a-des-pays-africains\/","title":{"rendered":"L\u2019Afrique Du Sud Va Fabriquer Et Vendre Des Avions Militaires \u00c0 Des Pays Africains"},"content":{"rendered":"<p>L\u2019Afrique du Sud se repositionne comme une puissance en mati\u00e8re d\u2019armement en Afrique. Le groupe Paramount Aerospace Industries a d\u00e9clar\u00e9 mercredi avoir re\u00e7u des commandes pour neuf de ses avions Mwari. Il s\u2019agit du premier avion militaire con\u00e7u et construit dans le pays depuis pr\u00e8s de deux d\u00e9cennies, la production de l\u2019h\u00e9licopt\u00e8re d\u2019attaque Rooivalk, d\u00e9velopp\u00e9 par l&rsquo;entreprise de d\u00e9fense publique Denel, ayant pris fin au d\u00e9but des ann\u00e9es 2000.<\/p>\n<p>Ainsi, les affaires reprennent et l\u2019Afrique du Sud veut sa place sur le march\u00e9 de l\u2019armement. Et le Mwari, avion de reconnaissance, de surveillance et de frappe de pr\u00e9cision \u00e0 h\u00e9lice, porte cette ambition. Le premier des 9 a\u00e9ronefs command\u00e9s aupr\u00e8s de Paramount sera livr\u00e9 cette semaine, a fait savoir le groupe en marge du salon Africa Aerospace and Defence, qui se tient depuis le 21 jusqu\u2019au 25 septembre \u00e0 Pretoria.<\/p>\n<p>Refusant de nommer ses deux premiers clients, Paramount a n\u00e9anmoins soulign\u00e9 qu\u2019elle ciblait des clients militaires dans des pays africains et asiatiques pour ses ventes. \u00abNous avons un immense int\u00e9r\u00eat dans le monde entier\u00bb, a d\u00e9clar\u00e9 son fondateur, Ivor Ichikowitz, cit\u00e9 par Reuters, pr\u00e9cisant que \u00abnotre plus grand d\u00e9fi pour l&rsquo;instant va \u00eatre de mettre en place une capacit\u00e9 de production assez rapidement pour r\u00e9pondre \u00e0 la demande\u00bb.<\/p>\n<p>Le Mwari, dont le d\u00e9veloppement a \u00e9t\u00e9 lanc\u00e9 en 2010, se pr\u00e9sente comme une alternative relativement bon march\u00e9 aux avions militaires co\u00fbteux et n\u00e9cessitant beaucoup d&rsquo;entretien utilis\u00e9s pour des op\u00e9rations de surveillance, de patrouille maritime et de contre-insurrection. Son prix de base est de 10 millions de dollars, mais des options suppl\u00e9mentaires existent, telles que des nacelles optiques de haute technologie, la collecte de renseignements \u00e9lectroniques et la vision nocturne.<\/p>\n","protected":false},"excerpt":{"rendered":"<p>Le groupe sud-africain Paramount Aerospace Industries a d\u00e9clar\u00e9 mercredi avoir re\u00e7u des commandes pour neuf de ses avions Mwari. Il s&rsquo;agit du premier avion militaire con\u00e7u et construit dans le pays depuis pr\u00e8s de deux d\u00e9cennies.<\/p>\n","protected":false},"author":12963,"featured_media":18068,"comment_status":"open","ping_status":"open","sticky":false,"template":"","format":"standard","meta":{"footnotes":""},"categories":[67,73],"tags":[81,78,77],"class_list":{"0":"post-18071","1":"post","2":"type-post","3":"status-publish","4":"format-standard","5":"has-post-thumbnail","7":"category-actualites","8":"category-technologie","9":"tag-actualites","10":"tag-apie-project-2","11":"tag-technologie"},"yoast_head":"<!-- This site is optimized with the Yoast SEO plugin v24.4 - https:\/\/yoast.com\/wordpress\/plugins\/seo\/ -->\n<title>L\u2019Afrique Du Sud Va Fabriquer Et Vendre Des Avions Militaires \u00c0 Des Pays Africains - APIE NEWS<\/title>\n<meta name=\"robots\" content=\"index, follow, max-snippet:-1, max-image-preview:large, max-video-preview:-1\" \/>\n<link rel=\"canonical\" href=\"https:\/\/appsaf.apieproject.com\/news\/fr\/2022\/09\/26\/lafrique-du-sud-va-fabriquer-et-vendre-des-avions-militaires-a-des-pays-africains\/\" \/>\n<meta property=\"og:locale\" content=\"fr_FR\" \/>\n<meta property=\"og:type\" content=\"article\" \/>\n<meta property=\"og:title\" content=\"L\u2019Afrique Du Sud Va Fabriquer Et Vendre Des Avions Militaires \u00c0 Des Pays Africains - APIE NEWS\" \/>\n<meta property=\"og:description\" content=\"Le groupe sud-africain Paramount Aerospace Industries a d\u00e9clar\u00e9 mercredi avoir re\u00e7u des commandes pour neuf de ses avions Mwari. Il s&#039;agit du premier avion militaire con\u00e7u et construit dans le pays depuis pr\u00e8s de deux d\u00e9cennies.\" \/>\n<meta property=\"og:url\" content=\"https:\/\/appsaf.apieproject.com\/news\/fr\/2022\/09\/26\/lafrique-du-sud-va-fabriquer-et-vendre-des-avions-militaires-a-des-pays-africains\/\" \/>\n<meta property=\"og:site_name\" content=\"APIE NEWS\" \/>\n<meta property=\"article:publisher\" content=\"https:\/\/facebook.com\/apieproject\" \/>\n<meta property=\"article:published_time\" content=\"2022-09-26T17:24:31+00:00\" \/>\n<meta property=\"article:modified_time\" content=\"2022-09-26T17:24:33+00:00\" \/>\n<meta property=\"og:image\" content=\"https:\/\/appsaf.apieproject.com\/news\/wp-content\/uploads\/sites\/29\/2022\/09\/t4-69a8fb436c90af70c7cd1639ab57e9d1.jpg\" \/>\n\t<meta property=\"og:image:width\" content=\"679\" \/>\n\t<meta property=\"og:image:height\" content=\"384\" \/>\n\t<meta property=\"og:image:type\" content=\"image\/jpeg\" \/>\n<meta name=\"author\" content=\"staff\" \/>\n<meta name=\"twitter:card\" content=\"summary_large_image\" \/>\n<meta name=\"twitter:creator\" content=\"@apieproject\" \/>\n<meta name=\"twitter:site\" content=\"@apieproject\" \/>\n<meta name=\"twitter:label1\" content=\"\u00c9crit par\" \/>\n\t<meta name=\"twitter:data1\" content=\"staff\" \/>\n\t<meta name=\"twitter:label2\" content=\"Dur\u00e9e de lecture estim\u00e9e\" \/>\n\t<meta name=\"twitter:data2\" content=\"2 minutes\" \/>\n<script type=\"application\/ld+json\" class=\"yoast-schema-graph\">{\"@context\":\"https:\/\/schema.org\",\"@graph\":[{\"@type\":\"Article\",\"@id\":\"https:\/\/appsaf.apieproject.com\/news\/fr\/2022\/09\/26\/lafrique-du-sud-va-fabriquer-et-vendre-des-avions-militaires-a-des-pays-africains\/#article\",\"isPartOf\":{\"@id\":\"https:\/\/appsaf.apieproject.com\/news\/fr\/2022\/09\/26\/lafrique-du-sud-va-fabriquer-et-vendre-des-avions-militaires-a-des-pays-africains\/\"},\"author\":{\"name\":\"staff\",\"@id\":\"https:\/\/appsaf.apieproject.com\/news\/#\/schema\/person\/399517cac378948cd7b39086f9ddc2a7\"},\"headline\":\"L\u2019Afrique Du Sud Va Fabriquer Et Vendre Des Avions Militaires \u00c0 Des Pays Africains\",\"datePublished\":\"2022-09-26T17:24:31+00:00\",\"dateModified\":\"2022-09-26T17:24:33+00:00\",\"mainEntityOfPage\":{\"@id\":\"https:\/\/appsaf.apieproject.com\/news\/fr\/2022\/09\/26\/lafrique-du-sud-va-fabriquer-et-vendre-des-avions-militaires-a-des-pays-africains\/\"},\"wordCount\":326,\"commentCount\":0,\"publisher\":{\"@id\":\"https:\/\/appsaf.apieproject.com\/news\/#organization\"},\"image\":{\"@id\":\"https:\/\/appsaf.apieproject.com\/news\/fr\/2022\/09\/26\/lafrique-du-sud-va-fabriquer-et-vendre-des-avions-militaires-a-des-pays-africains\/#primaryimage\"},\"thumbnailUrl\":\"https:\/\/appsaf.apieproject.com\/news\/wp-content\/uploads\/sites\/29\/2022\/09\/t4-69a8fb436c90af70c7cd1639ab57e9d1.jpg\",\"keywords\":[\"actualites\",\"apie project\",\"technologie\"],\"articleSection\":[\"Actualit\u00e9s\",\"Technologie\"],\"inLanguage\":\"fr-FR\",\"potentialAction\":[{\"@type\":\"CommentAction\",\"name\":\"Comment\",\"target\":[\"https:\/\/appsaf.apieproject.com\/news\/fr\/2022\/09\/26\/lafrique-du-sud-va-fabriquer-et-vendre-des-avions-militaires-a-des-pays-africains\/#respond\"]}]},{\"@type\":\"WebPage\",\"@id\":\"https:\/\/appsaf.apieproject.com\/news\/fr\/2022\/09\/26\/lafrique-du-sud-va-fabriquer-et-vendre-des-avions-militaires-a-des-pays-africains\/\",\"url\":\"https:\/\/appsaf.apieproject.com\/news\/fr\/2022\/09\/26\/lafrique-du-sud-va-fabriquer-et-vendre-des-avions-militaires-a-des-pays-africains\/\",\"name\":\"L\u2019Afrique Du Sud Va Fabriquer Et Vendre Des Avions Militaires \u00c0 Des Pays Africains - APIE NEWS\",\"isPartOf\":{\"@id\":\"https:\/\/appsaf.apieproject.com\/news\/#website\"},\"primaryImageOfPage\":{\"@id\":\"https:\/\/appsaf.apieproject.com\/news\/fr\/2022\/09\/26\/lafrique-du-sud-va-fabriquer-et-vendre-des-avions-militaires-a-des-pays-africains\/#primaryimage\"},\"image\":{\"@id\":\"https:\/\/appsaf.apieproject.com\/news\/fr\/2022\/09\/26\/lafrique-du-sud-va-fabriquer-et-vendre-des-avions-militaires-a-des-pays-africains\/#primaryimage\"},\"thumbnailUrl\":\"https:\/\/appsaf.apieproject.com\/news\/wp-content\/uploads\/sites\/29\/2022\/09\/t4-69a8fb436c90af70c7cd1639ab57e9d1.jpg\",\"datePublished\":\"2022-09-26T17:24:31+00:00\",\"dateModified\":\"2022-09-26T17:24:33+00:00\",\"breadcrumb\":{\"@id\":\"https:\/\/appsaf.apieproject.com\/news\/fr\/2022\/09\/26\/lafrique-du-sud-va-fabriquer-et-vendre-des-avions-militaires-a-des-pays-africains\/#breadcrumb\"},\"inLanguage\":\"fr-FR\",\"potentialAction\":[{\"@type\":\"ReadAction\",\"target\":[\"https:\/\/appsaf.apieproject.com\/news\/fr\/2022\/09\/26\/lafrique-du-sud-va-fabriquer-et-vendre-des-avions-militaires-a-des-pays-africains\/\"]}]},{\"@type\":\"ImageObject\",\"inLanguage\":\"fr-FR\",\"@id\":\"https:\/\/appsaf.apieproject.com\/news\/fr\/2022\/09\/26\/lafrique-du-sud-va-fabriquer-et-vendre-des-avions-militaires-a-des-pays-africains\/#primaryimage\",\"url\":\"https:\/\/appsaf.apieproject.com\/news\/wp-content\/uploads\/sites\/29\/2022\/09\/t4-69a8fb436c90af70c7cd1639ab57e9d1.jpg\",\"contentUrl\":\"https:\/\/appsaf.apieproject.com\/news\/wp-content\/uploads\/sites\/29\/2022\/09\/t4-69a8fb436c90af70c7cd1639ab57e9d1.jpg\",\"width\":679,\"height\":384},{\"@type\":\"BreadcrumbList\",\"@id\":\"https:\/\/appsaf.apieproject.com\/news\/fr\/2022\/09\/26\/lafrique-du-sud-va-fabriquer-et-vendre-des-avions-militaires-a-des-pays-africains\/#breadcrumb\",\"itemListElement\":[{\"@type\":\"ListItem\",\"position\":1,\"name\":\"Home\",\"item\":\"https:\/\/appsaf.apieproject.com\/news\/fr\/home\/\"},{\"@type\":\"ListItem\",\"position\":2,\"name\":\"L\u2019Afrique Du Sud Va Fabriquer Et Vendre Des Avions Militaires \u00c0 Des Pays Africains\"}]},{\"@type\":\"WebSite\",\"@id\":\"https:\/\/appsaf.apieproject.com\/news\/#website\",\"url\":\"https:\/\/appsaf.apieproject.com\/news\/\",\"name\":\"APIE NEWS\",\"description\":\"PANAFRICANISM NEWS PORTAL\",\"publisher\":{\"@id\":\"https:\/\/appsaf.apieproject.com\/news\/#organization\"},\"potentialAction\":[{\"@type\":\"SearchAction\",\"target\":{\"@type\":\"EntryPoint\",\"urlTemplate\":\"https:\/\/appsaf.apieproject.com\/news\/?s={search_term_string}\"},\"query-input\":{\"@type\":\"PropertyValueSpecification\",\"valueRequired\":true,\"valueName\":\"search_term_string\"}}],\"inLanguage\":\"fr-FR\"},{\"@type\":\"Organization\",\"@id\":\"https:\/\/appsaf.apieproject.com\/news\/#organization\",\"name\":\"APIE PROJECT\",\"url\":\"https:\/\/appsaf.apieproject.com\/news\/\",\"logo\":{\"@type\":\"ImageObject\",\"inLanguage\":\"fr-FR\",\"@id\":\"https:\/\/appsaf.apieproject.com\/news\/#\/schema\/logo\/image\/\",\"url\":\"https:\/\/appsaf.apieproject.com\/news\/wp-content\/uploads\/sites\/29\/2022\/07\/logo-R-TransparentBackground.png\",\"contentUrl\":\"https:\/\/appsaf.apieproject.com\/news\/wp-content\/uploads\/sites\/29\/2022\/07\/logo-R-TransparentBackground.png\",\"width\":512,\"height\":512,\"caption\":\"APIE PROJECT\"},\"image\":{\"@id\":\"https:\/\/appsaf.apieproject.com\/news\/#\/schema\/logo\/image\/\"},\"sameAs\":[\"https:\/\/facebook.com\/apieproject\",\"https:\/\/x.com\/apieproject\"]},{\"@type\":\"Person\",\"@id\":\"https:\/\/appsaf.apieproject.com\/news\/#\/schema\/person\/399517cac378948cd7b39086f9ddc2a7\",\"name\":\"staff\",\"image\":{\"@type\":\"ImageObject\",\"inLanguage\":\"fr-FR\",\"@id\":\"https:\/\/appsaf.apieproject.com\/news\/#\/schema\/person\/image\/\",\"url\":\"https:\/\/secure.gravatar.com\/avatar\/5386283c5db150efe261184bd59f072a?s=96&d=mm&r=g\",\"contentUrl\":\"https:\/\/secure.gravatar.com\/avatar\/5386283c5db150efe261184bd59f072a?s=96&d=mm&r=g\",\"caption\":\"staff\"},\"url\":\"https:\/\/appsaf.apieproject.com\/news\/fr\/author\/staff\/\"}]}<\/script>\n<!-- \/ Yoast SEO plugin. -->","yoast_head_json":{"title":"L\u2019Afrique Du Sud Va Fabriquer Et Vendre Des Avions Militaires \u00c0 Des Pays Africains - APIE NEWS","robots":{"index":"index","follow":"follow","max-snippet":"max-snippet:-1","max-image-preview":"max-image-preview:large","max-video-preview":"max-video-preview:-1"},"canonical":"https:\/\/appsaf.apieproject.com\/news\/fr\/2022\/09\/26\/lafrique-du-sud-va-fabriquer-et-vendre-des-avions-militaires-a-des-pays-africains\/","og_locale":"fr_FR","og_type":"article","og_title":"L\u2019Afrique Du Sud Va Fabriquer Et Vendre Des Avions Militaires \u00c0 Des Pays Africains - APIE NEWS","og_description":"Le groupe sud-africain Paramount Aerospace Industries a d\u00e9clar\u00e9 mercredi avoir re\u00e7u des commandes pour neuf de ses avions Mwari. Il s'agit du premier avion militaire con\u00e7u et construit dans le pays depuis pr\u00e8s de deux d\u00e9cennies.","og_url":"https:\/\/appsaf.apieproject.com\/news\/fr\/2022\/09\/26\/lafrique-du-sud-va-fabriquer-et-vendre-des-avions-militaires-a-des-pays-africains\/","og_site_name":"APIE NEWS","article_publisher":"https:\/\/facebook.com\/apieproject","article_published_time":"2022-09-26T17:24:31+00:00","article_modified_time":"2022-09-26T17:24:33+00:00","og_image":[{"width":679,"height":384,"url":"https:\/\/appsaf.apieproject.com\/news\/wp-content\/uploads\/sites\/29\/2022\/09\/t4-69a8fb436c90af70c7cd1639ab57e9d1.jpg","type":"image\/jpeg"}],"author":"staff","twitter_card":"summary_large_image","twitter_creator":"@apieproject","twitter_site":"@apieproject","twitter_misc":{"\u00c9crit par":"staff","Dur\u00e9e de lecture estim\u00e9e":"2 minutes"},"schema":{"@context":"https:\/\/schema.org","@graph":[{"@type":"Article","@id":"https:\/\/appsaf.apieproject.com\/news\/fr\/2022\/09\/26\/lafrique-du-sud-va-fabriquer-et-vendre-des-avions-militaires-a-des-pays-africains\/#article","isPartOf":{"@id":"https:\/\/appsaf.apieproject.com\/news\/fr\/2022\/09\/26\/lafrique-du-sud-va-fabriquer-et-vendre-des-avions-militaires-a-des-pays-africains\/"},"author":{"name":"staff","@id":"https:\/\/appsaf.apieproject.com\/news\/#\/schema\/person\/399517cac378948cd7b39086f9ddc2a7"},"headline":"L\u2019Afrique Du Sud Va Fabriquer Et Vendre Des Avions Militaires \u00c0 Des Pays Africains","datePublished":"2022-09-26T17:24:31+00:00","dateModified":"2022-09-26T17:24:33+00:00","mainEntityOfPage":{"@id":"https:\/\/appsaf.apieproject.com\/news\/fr\/2022\/09\/26\/lafrique-du-sud-va-fabriquer-et-vendre-des-avions-militaires-a-des-pays-africains\/"},"wordCount":326,"commentCount":0,"publisher":{"@id":"https:\/\/appsaf.apieproject.com\/news\/#organization"},"image":{"@id":"https:\/\/appsaf.apieproject.com\/news\/fr\/2022\/09\/26\/lafrique-du-sud-va-fabriquer-et-vendre-des-avions-militaires-a-des-pays-africains\/#primaryimage"},"thumbnailUrl":"https:\/\/appsaf.apieproject.com\/news\/wp-content\/uploads\/sites\/29\/2022\/09\/t4-69a8fb436c90af70c7cd1639ab57e9d1.jpg","keywords":["actualites","apie project","technologie"],"articleSection":["Actualit\u00e9s","Technologie"],"inLanguage":"fr-FR","potentialAction":[{"@type":"CommentAction","name":"Comment","target":["https:\/\/appsaf.apieproject.com\/news\/fr\/2022\/09\/26\/lafrique-du-sud-va-fabriquer-et-vendre-des-avions-militaires-a-des-pays-africains\/#respond"]}]},{"@type":"WebPage","@id":"https:\/\/appsaf.apieproject.com\/news\/fr\/2022\/09\/26\/lafrique-du-sud-va-fabriquer-et-vendre-des-avions-militaires-a-des-pays-africains\/","url":"https:\/\/appsaf.apieproject.com\/news\/fr\/2022\/09\/26\/lafrique-du-sud-va-fabriquer-et-vendre-des-avions-militaires-a-des-pays-africains\/","name":"L\u2019Afrique Du Sud Va Fabriquer Et Vendre Des Avions Militaires \u00c0 Des Pays Africains - APIE NEWS","isPartOf":{"@id":"https:\/\/appsaf.apieproject.com\/news\/#website"},"primaryImageOfPage":{"@id":"https:\/\/appsaf.apieproject.com\/news\/fr\/2022\/09\/26\/lafrique-du-sud-va-fabriquer-et-vendre-des-avions-militaires-a-des-pays-africains\/#primaryimage"},"image":{"@id":"https:\/\/appsaf.apieproject.com\/news\/fr\/2022\/09\/26\/lafrique-du-sud-va-fabriquer-et-vendre-des-avions-militaires-a-des-pays-africains\/#primaryimage"},"thumbnailUrl":"https:\/\/appsaf.apieproject.com\/news\/wp-content\/uploads\/sites\/29\/2022\/09\/t4-69a8fb436c90af70c7cd1639ab57e9d1.jpg","datePublished":"2022-09-26T17:24:31+00:00","dateModified":"2022-09-26T17:24:33+00:00","breadcrumb":{"@id":"https:\/\/appsaf.apieproject.com\/news\/fr\/2022\/09\/26\/lafrique-du-sud-va-fabriquer-et-vendre-des-avions-militaires-a-des-pays-africains\/#breadcrumb"},"inLanguage":"fr-FR","potentialAction":[{"@type":"ReadAction","target":["https:\/\/appsaf.apieproject.com\/news\/fr\/2022\/09\/26\/lafrique-du-sud-va-fabriquer-et-vendre-des-avions-militaires-a-des-pays-africains\/"]}]},{"@type":"ImageObject","inLanguage":"fr-FR","@id":"https:\/\/appsaf.apieproject.com\/news\/fr\/2022\/09\/26\/lafrique-du-sud-va-fabriquer-et-vendre-des-avions-militaires-a-des-pays-africains\/#primaryimage","url":"https:\/\/appsaf.apieproject.com\/news\/wp-content\/uploads\/sites\/29\/2022\/09\/t4-69a8fb436c90af70c7cd1639ab57e9d1.jpg","contentUrl":"https:\/\/appsaf.apieproject.com\/news\/wp-content\/uploads\/sites\/29\/2022\/09\/t4-69a8fb436c90af70c7cd1639ab57e9d1.jpg","width":679,"height":384},{"@type":"BreadcrumbList","@id":"https:\/\/appsaf.apieproject.com\/news\/fr\/2022\/09\/26\/lafrique-du-sud-va-fabriquer-et-vendre-des-avions-militaires-a-des-pays-africains\/#breadcrumb","itemListElement":[{"@type":"ListItem","position":1,"name":"Home","item":"https:\/\/appsaf.apieproject.com\/news\/fr\/home\/"},{"@type":"ListItem","position":2,"name":"L\u2019Afrique Du Sud Va Fabriquer Et Vendre Des Avions Militaires \u00c0 Des Pays Africains"}]},{"@type":"WebSite","@id":"https:\/\/appsaf.apieproject.com\/news\/#website","url":"https:\/\/appsaf.apieproject.com\/news\/","name":"APIE NEWS","description":"PANAFRICANISM NEWS PORTAL","publisher":{"@id":"https:\/\/appsaf.apieproject.com\/news\/#organization"},"potentialAction":[{"@type":"SearchAction","target":{"@type":"EntryPoint","urlTemplate":"https:\/\/appsaf.apieproject.com\/news\/?s={search_term_string}"},"query-input":{"@type":"PropertyValueSpecification","valueRequired":true,"valueName":"search_term_string"}}],"inLanguage":"fr-FR"},{"@type":"Organization","@id":"https:\/\/appsaf.apieproject.com\/news\/#organization","name":"APIE PROJECT","url":"https:\/\/appsaf.apieproject.com\/news\/","logo":{"@type":"ImageObject","inLanguage":"fr-FR","@id":"https:\/\/appsaf.apieproject.com\/news\/#\/schema\/logo\/image\/","url":"https:\/\/appsaf.apieproject.com\/news\/wp-content\/uploads\/sites\/29\/2022\/07\/logo-R-TransparentBackground.png","contentUrl":"https:\/\/appsaf.apieproject.com\/news\/wp-content\/uploads\/sites\/29\/2022\/07\/logo-R-TransparentBackground.png","width":512,"height":512,"caption":"APIE PROJECT"},"image":{"@id":"https:\/\/appsaf.apieproject.com\/news\/#\/schema\/logo\/image\/"},"sameAs":["https:\/\/facebook.com\/apieproject","https:\/\/x.com\/apieproject"]},{"@type":"Person","@id":"https:\/\/appsaf.apieproject.com\/news\/#\/schema\/person\/399517cac378948cd7b39086f9ddc2a7","name":"staff","image":{"@type":"ImageObject","inLanguage":"fr-FR","@id":"https:\/\/appsaf.apieproject.com\/news\/#\/schema\/person\/image\/","url":"https:\/\/secure.gravatar.com\/avatar\/5386283c5db150efe261184bd59f072a?s=96&d=mm&r=g","contentUrl":"https:\/\/secure.gravatar.com\/avatar\/5386283c5db150efe261184bd59f072a?s=96&d=mm&r=g","caption":"staff"},"url":"https:\/\/appsaf.apieproject.com\/news\/fr\/author\/staff\/"}]}},"_links":{"self":[{"href":"https:\/\/appsaf.apieproject.com\/news\/fr\/wp-json\/wp\/v2\/posts\/18071","targetHints":{"allow":["GET"]}}],"collection":[{"href":"https:\/\/appsaf.apieproject.com\/news\/fr\/wp-json\/wp\/v2\/posts"}],"about":[{"href":"https:\/\/appsaf.apieproject.com\/news\/fr\/wp-json\/wp\/v2\/types\/post"}],"author":[{"embeddable":true,"href":"https:\/\/appsaf.apieproject.com\/news\/fr\/wp-json\/wp\/v2\/users\/12963"}],"replies":[{"embeddable":true,"href":"https:\/\/appsaf.apieproject.com\/news\/fr\/wp-json\/wp\/v2\/comments?post=18071"}],"version-history":[{"count":1,"href":"https:\/\/appsaf.apieproject.com\/news\/fr\/wp-json\/wp\/v2\/posts\/18071\/revisions"}],"predecessor-version":[{"id":18640,"href":"https:\/\/appsaf.apieproject.com\/news\/fr\/wp-json\/wp\/v2\/posts\/18071\/revisions\/18640"}],"wp:featuredmedia":[{"embeddable":true,"href":"https:\/\/appsaf.apieproject.com\/news\/fr\/wp-json\/wp\/v2\/media\/18068"}],"wp:attachment":[{"href":"https:\/\/appsaf.apieproject.com\/news\/fr\/wp-json\/wp\/v2\/media?parent=18071"}],"wp:term":[{"taxonomy":"category","embeddable":true,"href":"https:\/\/appsaf.apieproject.com\/news\/fr\/wp-json\/wp\/v2\/categories?post=18071"},{"taxonomy":"post_tag","embeddable":true,"href":"https:\/\/appsaf.apieproject.com\/news\/fr\/wp-json\/wp\/v2\/tags?post=18071"}],"curies":[{"name":"wp","href":"https:\/\/api.w.org\/{rel}","templated":true}]}}