{"id":18075,"date":"2022-09-26T17:38:00","date_gmt":"2022-09-26T17:38:00","guid":{"rendered":"https:\/\/appsaf.apieproject.com\/news\/?p=18075"},"modified":"2022-09-26T17:38:03","modified_gmt":"2022-09-26T17:38:03","slug":"la-smart-africa-digital-academy-inaugure-son-academie-en-cote-divoire","status":"publish","type":"post","link":"https:\/\/appsaf.apieproject.com\/news\/fr\/2022\/09\/26\/la-smart-africa-digital-academy-inaugure-son-academie-en-cote-divoire\/","title":{"rendered":"La Smart Africa Digital Academy Inaugure Son Acad\u00e9mie En C\u00f4te D\u2019Ivoire"},"content":{"rendered":"<p>La Smart Africa Digital Academy (SADA) (https:\/\/SADA.atingi.org\/), la branche de Smart Africa charg\u00e9e du renforcement des capacit\u00e9s, continue d\u2019\u00e9tendre son empreinte en Afrique, la C\u00f4te d\u2019Ivoire \u00e9tant le dernier pays \u00e0 b\u00e9n\u00e9ficier de l\u2019initiative de d\u00e9veloppement des comp\u00e9tences num\u00e9riques. Lanc\u00e9e en partenariat avec le minist\u00e8re de la Communication et de l\u2019Economie Num\u00e9rique, l\u2019initiative contribuera \u00e0 d\u00e9velopper le secteur num\u00e9rique naissant du pays en fournissant des comp\u00e9tences num\u00e9riques.<\/p>\n<p>\u00c0 l\u2019occasion de ce lancement, M. Lacina Kon\u00e9, Directeur G\u00e9n\u00e9ral de Smart Africa, a salu\u00e9 la volont\u00e9 politique des gouvernements africains de transformer le paysage num\u00e9rique du continent et a soulign\u00e9 le soutien de Smart Africa.<\/p>\n<p>\u00ab Les nations reconnaissent de plus en plus le r\u00f4le des technologies num\u00e9riques dans la transformation de la situation socio-\u00e9conomique et la d\u00e9termination \u00e0 les adopter est palpable. Gr\u00e2ce \u00e0 des initiatives comme SADA, l\u2019Alliance Smart Africa s\u2019engage \u00e0 soutenir les efforts nationaux visant \u00e0 combler le d\u00e9ficit de comp\u00e9tences num\u00e9riques. Nous sommes heureux de donner vie \u00e0 SADA en C\u00f4te d\u2019Ivoire, un pays important de l\u2019alliance \u00bb, a-t-il expliqu\u00e9.<\/p>\n<p>Repr\u00e9sentant le gouvernement allemand, l\u2019un des principaux donateurs de l\u2019initiative SADA, M. Marton K\u00f6ver, charg\u00e9 d\u2019affaires \u00e0 l\u2019ambassade d\u2019Allemagne en C\u00f4te d\u2019Ivoire, a soulign\u00e9 qu&rsquo; \u00bbun cadre juridique juste et \u00e9quitable est essentiel pour que le plus grand nombre possible d\u2019Africains b\u00e9n\u00e9ficient de la transformation num\u00e9rique \u00bb \u2013 une \u00e9tape que la C\u00f4te d\u2019Ivoire a d\u00e9sormais franchie avec SADA.<\/p>\n<p>En plus de SADA, le programme de r\u00e9glementation agile pour la transformation num\u00e9rique (AReg4DT) a \u00e9galement \u00e9t\u00e9 lanc\u00e9 en collaboration avec la Banque mondiale et la GIZ.<\/p>\n<p>La directrice des op\u00e9rations de la Banque mondiale pour la C\u00f4te d\u2019Ivoire, le B\u00e9nin, la Guin\u00e9e et le Togo, Mme Coralie Gevers, a \u00e9galement d\u00e9clar\u00e9 que \u00ab le renforcement des capacit\u00e9s et l\u2019\u00e9change de connaissances entre les pays africains sont essentiels pour soutenir la mise en \u0153uvre de la Strat\u00e9gie de transformation num\u00e9rique de l\u2019Afrique 2020-2030 et la C\u00f4te d\u2019Ivoire a un r\u00f4le important \u00e0 jouer en partageant les connaissances entre pairs et en montrant les avantages de l\u2019application des principes de r\u00e9gulation agile pour des march\u00e9s num\u00e9riques dynamiques, inclusifs, durables et s\u00fbrs, comme le d\u00e9montre l\u2019adoption r\u00e9cente de sa Strat\u00e9gie nationale de d\u00e9veloppement num\u00e9rique 2025. \u00bb<\/p>\n<p>Le lancement de SADA en C\u00f4te d\u2019Ivoire annonce la mise en \u0153uvre de divers programmes de renforcement des capacit\u00e9s en mati\u00e8re de cybers\u00e9curit\u00e9, de formations avanc\u00e9es telles que le Big Data et l\u2019IoT, de formation des enseignants, de formation des cadres, de formations avanc\u00e9es en TIC, entre autres. En outre, la C\u00f4te d\u2019Ivoire est pr\u00eate \u00e0 accueillir le premier centre d\u2019innovation en cybers\u00e9curit\u00e9 pour les jeunes. Actuellement, la C\u00f4te d\u2019Ivoire est \u00e0 la t\u00eate du programme phare de Smart Africa en mati\u00e8re de cybers\u00e9curit\u00e9.<\/p>\n<p>\u00c0 cet \u00e9gard, un protocole d\u2019accord a \u00e9t\u00e9 sign\u00e9 entre l\u2019Alliance Smart Africa et le minist\u00e8re de la Communication et de l\u2019Economie Num\u00e9rique de C\u00f4te d\u2019Ivoire, dont l\u2019un des \u00e9l\u00e9ments est la fourniture, par SADA, d\u2019interventions sp\u00e9cifiques de renforcement des capacit\u00e9s li\u00e9es aux priorit\u00e9s du pays dans le secteur des TIC.<\/p>\n<p>S\u2019exprimant sur le lancement de SADA, le Ministre ivoirien de la Communication et de l\u2019Economie Num\u00e9rique, M. Amadou Coulibaly, a d\u00e9clar\u00e9 que \u201cSADA-C\u00f4te d\u2019Ivoire va \u00eatre un des v\u00e9hicules cl\u00e9s de l\u2019op\u00e9rationnalisation des projets \u00e0 caract\u00e8re \u00ab sensibilisation et formation \u00bb du 4\u00e8me pilier de la Strat\u00e9gie Nationale du Num\u00e9rique \u00e0 l\u2019horizon 2025 qui a pour objectif sp\u00e9cifique de d\u00e9velopper et promouvoir les comp\u00e9tences num\u00e9riques\u201d.<\/p>\n<p>En tant qu\u2019\u00e9cosyst\u00e8me d\u2019apprentissage dynamique panafricain, SADA vise \u00e0 am\u00e9liorer les qualifications en mati\u00e8re de comp\u00e9tences num\u00e9riques, l\u2019employabilit\u00e9 et \u00e0 r\u00e9pondre aux besoins en talents des citoyens africains. L\u2019acad\u00e9mie num\u00e9rique nationale soutiendra les besoins prioritaires en comp\u00e9tences num\u00e9riques identifi\u00e9s de mani\u00e8re unique au niveau national. En outre, de telles acad\u00e9mies num\u00e9riques nationales seront bient\u00f4t d\u00e9ploy\u00e9es en C\u00f4te d\u2019Ivoire, au Burkina Faso, en Tunisie, au Kenya et en R\u00e9publique D\u00e9mocratique du Congo, \u00e0 Djibouti et en Sierra Leone.<\/p>\n<p>SADA lance \u00e9galement deux nouveaux programmes visant \u00e0 former les jeunes, les entrepreneurs et les citoyens africains en g\u00e9n\u00e9ral, afin d\u2019accro\u00eetre leurs comp\u00e9tences en technologie num\u00e9rique, de r\u00e9duire le ch\u00f4mage et d\u2019augmenter les capacit\u00e9s d\u2019entrepreneuriat num\u00e9rique des jeunes en Afrique. Le programme SADA d\u2019alphab\u00e9tisation num\u00e9rique quant \u00e0 lui, permettra \u00e0 tous les citoyens africains de se familiariser avec le num\u00e9rique.<\/p>\n<p>Depuis le d\u00e9but de ses activit\u00e9s en ao\u00fbt 2020, en se concentrant sur Renforcement des capacit\u00e9s des d\u00e9cideurs (CBDM) et les modules de l\u2019Acad\u00e9mie num\u00e9rique nationale, SADA a form\u00e9 environ 3 000 d\u00e9cideurs et responsables politiques \u00e0 travers 26 pays sur des sujets li\u00e9s \u00e0 la transformation num\u00e9rique et aux technologies \u00e9mergentes en vogue, notamment les cas d\u2019utilisation de l\u2019intelligence artificielle, l\u2019\u00e9conomie num\u00e9rique, la connectivit\u00e9 5G, la protection des donn\u00e9es et la confidentialit\u00e9, les politiques de haut d\u00e9bit en milieu rural, les technologies de s\u00e9curit\u00e9, les environnements de sandboxing r\u00e9glementaires et innovants, les centres de donn\u00e9es et le cloud, l\u2019identit\u00e9 num\u00e9rique pour les personnes mal desservies, le paiement \u00e9lectronique, etc. L\u2019objectif est d\u2019atteindre plus de 22 000 b\u00e9n\u00e9ficiaires form\u00e9s d\u2019ici 2023, gr\u00e2ce \u00e0 la mise en \u0153uvre de SADA dans les pays partenaires.<\/p>\n","protected":false},"excerpt":{"rendered":"<p>M. Lacina Kon\u00e9, Directeur G\u00e9n\u00e9ral de Smart Africa, a salu\u00e9 la volont\u00e9 politique des gouvernements africains de transformer le paysage num\u00e9rique du continent et a soulign\u00e9 le soutien de Smart Africa<\/p>\n","protected":false},"author":12963,"featured_media":18072,"comment_status":"open","ping_status":"open","sticky":false,"template":"","format":"standard","meta":{"footnotes":""},"categories":[67,73],"tags":[81,78,77],"class_list":{"0":"post-18075","1":"post","2":"type-post","3":"status-publish","4":"format-standard","5":"has-post-thumbnail","7":"category-actualites","8":"category-technologie","9":"tag-actualites","10":"tag-apie-project-2","11":"tag-technologie"},"yoast_head":"<!-- This site is optimized with the Yoast SEO plugin v24.4 - https:\/\/yoast.com\/wordpress\/plugins\/seo\/ -->\n<title>La Smart Africa Digital Academy Inaugure Son Acad\u00e9mie En C\u00f4te D\u2019Ivoire - APIE NEWS<\/title>\n<meta name=\"robots\" content=\"index, follow, max-snippet:-1, max-image-preview:large, max-video-preview:-1\" \/>\n<link rel=\"canonical\" href=\"https:\/\/appsaf.apieproject.com\/news\/fr\/2022\/09\/26\/la-smart-africa-digital-academy-inaugure-son-academie-en-cote-divoire\/\" \/>\n<meta property=\"og:locale\" content=\"fr_FR\" \/>\n<meta property=\"og:type\" content=\"article\" \/>\n<meta property=\"og:title\" content=\"La Smart Africa Digital Academy Inaugure Son Acad\u00e9mie En C\u00f4te D\u2019Ivoire - APIE NEWS\" \/>\n<meta property=\"og:description\" content=\"M. Lacina Kon\u00e9, Directeur G\u00e9n\u00e9ral de Smart Africa, a salu\u00e9 la volont\u00e9 politique des gouvernements africains de transformer le paysage num\u00e9rique du continent et a soulign\u00e9 le soutien de Smart Africa\" \/>\n<meta property=\"og:url\" content=\"https:\/\/appsaf.apieproject.com\/news\/fr\/2022\/09\/26\/la-smart-africa-digital-academy-inaugure-son-academie-en-cote-divoire\/\" \/>\n<meta property=\"og:site_name\" content=\"APIE NEWS\" \/>\n<meta property=\"article:publisher\" content=\"https:\/\/facebook.com\/apieproject\" \/>\n<meta property=\"article:published_time\" content=\"2022-09-26T17:38:00+00:00\" \/>\n<meta property=\"article:modified_time\" content=\"2022-09-26T17:38:03+00:00\" \/>\n<meta property=\"og:image\" content=\"https:\/\/appsaf.apieproject.com\/news\/wp-content\/uploads\/sites\/29\/2022\/09\/SmartAfricaDigitalAcademy-696x464-0cb789f1ec3003cf01b6e134ec14afeb.jpg\" \/>\n\t<meta property=\"og:image:width\" content=\"696\" \/>\n\t<meta property=\"og:image:height\" content=\"464\" \/>\n\t<meta property=\"og:image:type\" content=\"image\/jpeg\" \/>\n<meta name=\"author\" content=\"staff\" \/>\n<meta name=\"twitter:card\" content=\"summary_large_image\" \/>\n<meta name=\"twitter:creator\" content=\"@apieproject\" \/>\n<meta name=\"twitter:site\" content=\"@apieproject\" \/>\n<meta name=\"twitter:label1\" content=\"\u00c9crit par\" \/>\n\t<meta name=\"twitter:data1\" content=\"staff\" \/>\n\t<meta name=\"twitter:label2\" content=\"Dur\u00e9e de lecture estim\u00e9e\" \/>\n\t<meta name=\"twitter:data2\" content=\"5 minutes\" \/>\n<script type=\"application\/ld+json\" class=\"yoast-schema-graph\">{\"@context\":\"https:\/\/schema.org\",\"@graph\":[{\"@type\":\"Article\",\"@id\":\"https:\/\/appsaf.apieproject.com\/news\/fr\/2022\/09\/26\/la-smart-africa-digital-academy-inaugure-son-academie-en-cote-divoire\/#article\",\"isPartOf\":{\"@id\":\"https:\/\/appsaf.apieproject.com\/news\/fr\/2022\/09\/26\/la-smart-africa-digital-academy-inaugure-son-academie-en-cote-divoire\/\"},\"author\":{\"name\":\"staff\",\"@id\":\"https:\/\/appsaf.apieproject.com\/news\/#\/schema\/person\/399517cac378948cd7b39086f9ddc2a7\"},\"headline\":\"La Smart Africa Digital Academy Inaugure Son Acad\u00e9mie En C\u00f4te D\u2019Ivoire\",\"datePublished\":\"2022-09-26T17:38:00+00:00\",\"dateModified\":\"2022-09-26T17:38:03+00:00\",\"mainEntityOfPage\":{\"@id\":\"https:\/\/appsaf.apieproject.com\/news\/fr\/2022\/09\/26\/la-smart-africa-digital-academy-inaugure-son-academie-en-cote-divoire\/\"},\"wordCount\":1013,\"commentCount\":0,\"publisher\":{\"@id\":\"https:\/\/appsaf.apieproject.com\/news\/#organization\"},\"image\":{\"@id\":\"https:\/\/appsaf.apieproject.com\/news\/fr\/2022\/09\/26\/la-smart-africa-digital-academy-inaugure-son-academie-en-cote-divoire\/#primaryimage\"},\"thumbnailUrl\":\"https:\/\/appsaf.apieproject.com\/news\/wp-content\/uploads\/sites\/29\/2022\/09\/SmartAfricaDigitalAcademy-696x464-0cb789f1ec3003cf01b6e134ec14afeb.jpg\",\"keywords\":[\"actualites\",\"apie project\",\"technologie\"],\"articleSection\":[\"Actualit\u00e9s\",\"Technologie\"],\"inLanguage\":\"fr-FR\",\"potentialAction\":[{\"@type\":\"CommentAction\",\"name\":\"Comment\",\"target\":[\"https:\/\/appsaf.apieproject.com\/news\/fr\/2022\/09\/26\/la-smart-africa-digital-academy-inaugure-son-academie-en-cote-divoire\/#respond\"]}]},{\"@type\":\"WebPage\",\"@id\":\"https:\/\/appsaf.apieproject.com\/news\/fr\/2022\/09\/26\/la-smart-africa-digital-academy-inaugure-son-academie-en-cote-divoire\/\",\"url\":\"https:\/\/appsaf.apieproject.com\/news\/fr\/2022\/09\/26\/la-smart-africa-digital-academy-inaugure-son-academie-en-cote-divoire\/\",\"name\":\"La Smart Africa Digital Academy Inaugure Son Acad\u00e9mie En C\u00f4te D\u2019Ivoire - APIE NEWS\",\"isPartOf\":{\"@id\":\"https:\/\/appsaf.apieproject.com\/news\/#website\"},\"primaryImageOfPage\":{\"@id\":\"https:\/\/appsaf.apieproject.com\/news\/fr\/2022\/09\/26\/la-smart-africa-digital-academy-inaugure-son-academie-en-cote-divoire\/#primaryimage\"},\"image\":{\"@id\":\"https:\/\/appsaf.apieproject.com\/news\/fr\/2022\/09\/26\/la-smart-africa-digital-academy-inaugure-son-academie-en-cote-divoire\/#primaryimage\"},\"thumbnailUrl\":\"https:\/\/appsaf.apieproject.com\/news\/wp-content\/uploads\/sites\/29\/2022\/09\/SmartAfricaDigitalAcademy-696x464-0cb789f1ec3003cf01b6e134ec14afeb.jpg\",\"datePublished\":\"2022-09-26T17:38:00+00:00\",\"dateModified\":\"2022-09-26T17:38:03+00:00\",\"breadcrumb\":{\"@id\":\"https:\/\/appsaf.apieproject.com\/news\/fr\/2022\/09\/26\/la-smart-africa-digital-academy-inaugure-son-academie-en-cote-divoire\/#breadcrumb\"},\"inLanguage\":\"fr-FR\",\"potentialAction\":[{\"@type\":\"ReadAction\",\"target\":[\"https:\/\/appsaf.apieproject.com\/news\/fr\/2022\/09\/26\/la-smart-africa-digital-academy-inaugure-son-academie-en-cote-divoire\/\"]}]},{\"@type\":\"ImageObject\",\"inLanguage\":\"fr-FR\",\"@id\":\"https:\/\/appsaf.apieproject.com\/news\/fr\/2022\/09\/26\/la-smart-africa-digital-academy-inaugure-son-academie-en-cote-divoire\/#primaryimage\",\"url\":\"https:\/\/appsaf.apieproject.com\/news\/wp-content\/uploads\/sites\/29\/2022\/09\/SmartAfricaDigitalAcademy-696x464-0cb789f1ec3003cf01b6e134ec14afeb.jpg\",\"contentUrl\":\"https:\/\/appsaf.apieproject.com\/news\/wp-content\/uploads\/sites\/29\/2022\/09\/SmartAfricaDigitalAcademy-696x464-0cb789f1ec3003cf01b6e134ec14afeb.jpg\",\"width\":696,\"height\":464},{\"@type\":\"BreadcrumbList\",\"@id\":\"https:\/\/appsaf.apieproject.com\/news\/fr\/2022\/09\/26\/la-smart-africa-digital-academy-inaugure-son-academie-en-cote-divoire\/#breadcrumb\",\"itemListElement\":[{\"@type\":\"ListItem\",\"position\":1,\"name\":\"Home\",\"item\":\"https:\/\/appsaf.apieproject.com\/news\/fr\/home\/\"},{\"@type\":\"ListItem\",\"position\":2,\"name\":\"La Smart Africa Digital Academy Inaugure Son Acad\u00e9mie En C\u00f4te D\u2019Ivoire\"}]},{\"@type\":\"WebSite\",\"@id\":\"https:\/\/appsaf.apieproject.com\/news\/#website\",\"url\":\"https:\/\/appsaf.apieproject.com\/news\/\",\"name\":\"APIE NEWS\",\"description\":\"PANAFRICANISM NEWS PORTAL\",\"publisher\":{\"@id\":\"https:\/\/appsaf.apieproject.com\/news\/#organization\"},\"potentialAction\":[{\"@type\":\"SearchAction\",\"target\":{\"@type\":\"EntryPoint\",\"urlTemplate\":\"https:\/\/appsaf.apieproject.com\/news\/?s={search_term_string}\"},\"query-input\":{\"@type\":\"PropertyValueSpecification\",\"valueRequired\":true,\"valueName\":\"search_term_string\"}}],\"inLanguage\":\"fr-FR\"},{\"@type\":\"Organization\",\"@id\":\"https:\/\/appsaf.apieproject.com\/news\/#organization\",\"name\":\"APIE PROJECT\",\"url\":\"https:\/\/appsaf.apieproject.com\/news\/\",\"logo\":{\"@type\":\"ImageObject\",\"inLanguage\":\"fr-FR\",\"@id\":\"https:\/\/appsaf.apieproject.com\/news\/#\/schema\/logo\/image\/\",\"url\":\"https:\/\/appsaf.apieproject.com\/news\/wp-content\/uploads\/sites\/29\/2022\/07\/logo-R-TransparentBackground.png\",\"contentUrl\":\"https:\/\/appsaf.apieproject.com\/news\/wp-content\/uploads\/sites\/29\/2022\/07\/logo-R-TransparentBackground.png\",\"width\":512,\"height\":512,\"caption\":\"APIE PROJECT\"},\"image\":{\"@id\":\"https:\/\/appsaf.apieproject.com\/news\/#\/schema\/logo\/image\/\"},\"sameAs\":[\"https:\/\/facebook.com\/apieproject\",\"https:\/\/x.com\/apieproject\"]},{\"@type\":\"Person\",\"@id\":\"https:\/\/appsaf.apieproject.com\/news\/#\/schema\/person\/399517cac378948cd7b39086f9ddc2a7\",\"name\":\"staff\",\"image\":{\"@type\":\"ImageObject\",\"inLanguage\":\"fr-FR\",\"@id\":\"https:\/\/appsaf.apieproject.com\/news\/#\/schema\/person\/image\/\",\"url\":\"https:\/\/secure.gravatar.com\/avatar\/5386283c5db150efe261184bd59f072a?s=96&d=mm&r=g\",\"contentUrl\":\"https:\/\/secure.gravatar.com\/avatar\/5386283c5db150efe261184bd59f072a?s=96&d=mm&r=g\",\"caption\":\"staff\"},\"url\":\"https:\/\/appsaf.apieproject.com\/news\/fr\/author\/staff\/\"}]}<\/script>\n<!-- \/ Yoast SEO plugin. -->","yoast_head_json":{"title":"La Smart Africa Digital Academy Inaugure Son Acad\u00e9mie En C\u00f4te D\u2019Ivoire - APIE NEWS","robots":{"index":"index","follow":"follow","max-snippet":"max-snippet:-1","max-image-preview":"max-image-preview:large","max-video-preview":"max-video-preview:-1"},"canonical":"https:\/\/appsaf.apieproject.com\/news\/fr\/2022\/09\/26\/la-smart-africa-digital-academy-inaugure-son-academie-en-cote-divoire\/","og_locale":"fr_FR","og_type":"article","og_title":"La Smart Africa Digital Academy Inaugure Son Acad\u00e9mie En C\u00f4te D\u2019Ivoire - APIE NEWS","og_description":"M. Lacina Kon\u00e9, Directeur G\u00e9n\u00e9ral de Smart Africa, a salu\u00e9 la volont\u00e9 politique des gouvernements africains de transformer le paysage num\u00e9rique du continent et a soulign\u00e9 le soutien de Smart Africa","og_url":"https:\/\/appsaf.apieproject.com\/news\/fr\/2022\/09\/26\/la-smart-africa-digital-academy-inaugure-son-academie-en-cote-divoire\/","og_site_name":"APIE NEWS","article_publisher":"https:\/\/facebook.com\/apieproject","article_published_time":"2022-09-26T17:38:00+00:00","article_modified_time":"2022-09-26T17:38:03+00:00","og_image":[{"width":696,"height":464,"url":"https:\/\/appsaf.apieproject.com\/news\/wp-content\/uploads\/sites\/29\/2022\/09\/SmartAfricaDigitalAcademy-696x464-0cb789f1ec3003cf01b6e134ec14afeb.jpg","type":"image\/jpeg"}],"author":"staff","twitter_card":"summary_large_image","twitter_creator":"@apieproject","twitter_site":"@apieproject","twitter_misc":{"\u00c9crit par":"staff","Dur\u00e9e de lecture estim\u00e9e":"5 minutes"},"schema":{"@context":"https:\/\/schema.org","@graph":[{"@type":"Article","@id":"https:\/\/appsaf.apieproject.com\/news\/fr\/2022\/09\/26\/la-smart-africa-digital-academy-inaugure-son-academie-en-cote-divoire\/#article","isPartOf":{"@id":"https:\/\/appsaf.apieproject.com\/news\/fr\/2022\/09\/26\/la-smart-africa-digital-academy-inaugure-son-academie-en-cote-divoire\/"},"author":{"name":"staff","@id":"https:\/\/appsaf.apieproject.com\/news\/#\/schema\/person\/399517cac378948cd7b39086f9ddc2a7"},"headline":"La Smart Africa Digital Academy Inaugure Son Acad\u00e9mie En C\u00f4te D\u2019Ivoire","datePublished":"2022-09-26T17:38:00+00:00","dateModified":"2022-09-26T17:38:03+00:00","mainEntityOfPage":{"@id":"https:\/\/appsaf.apieproject.com\/news\/fr\/2022\/09\/26\/la-smart-africa-digital-academy-inaugure-son-academie-en-cote-divoire\/"},"wordCount":1013,"commentCount":0,"publisher":{"@id":"https:\/\/appsaf.apieproject.com\/news\/#organization"},"image":{"@id":"https:\/\/appsaf.apieproject.com\/news\/fr\/2022\/09\/26\/la-smart-africa-digital-academy-inaugure-son-academie-en-cote-divoire\/#primaryimage"},"thumbnailUrl":"https:\/\/appsaf.apieproject.com\/news\/wp-content\/uploads\/sites\/29\/2022\/09\/SmartAfricaDigitalAcademy-696x464-0cb789f1ec3003cf01b6e134ec14afeb.jpg","keywords":["actualites","apie project","technologie"],"articleSection":["Actualit\u00e9s","Technologie"],"inLanguage":"fr-FR","potentialAction":[{"@type":"CommentAction","name":"Comment","target":["https:\/\/appsaf.apieproject.com\/news\/fr\/2022\/09\/26\/la-smart-africa-digital-academy-inaugure-son-academie-en-cote-divoire\/#respond"]}]},{"@type":"WebPage","@id":"https:\/\/appsaf.apieproject.com\/news\/fr\/2022\/09\/26\/la-smart-africa-digital-academy-inaugure-son-academie-en-cote-divoire\/","url":"https:\/\/appsaf.apieproject.com\/news\/fr\/2022\/09\/26\/la-smart-africa-digital-academy-inaugure-son-academie-en-cote-divoire\/","name":"La Smart Africa Digital Academy Inaugure Son Acad\u00e9mie En C\u00f4te D\u2019Ivoire - APIE NEWS","isPartOf":{"@id":"https:\/\/appsaf.apieproject.com\/news\/#website"},"primaryImageOfPage":{"@id":"https:\/\/appsaf.apieproject.com\/news\/fr\/2022\/09\/26\/la-smart-africa-digital-academy-inaugure-son-academie-en-cote-divoire\/#primaryimage"},"image":{"@id":"https:\/\/appsaf.apieproject.com\/news\/fr\/2022\/09\/26\/la-smart-africa-digital-academy-inaugure-son-academie-en-cote-divoire\/#primaryimage"},"thumbnailUrl":"https:\/\/appsaf.apieproject.com\/news\/wp-content\/uploads\/sites\/29\/2022\/09\/SmartAfricaDigitalAcademy-696x464-0cb789f1ec3003cf01b6e134ec14afeb.jpg","datePublished":"2022-09-26T17:38:00+00:00","dateModified":"2022-09-26T17:38:03+00:00","breadcrumb":{"@id":"https:\/\/appsaf.apieproject.com\/news\/fr\/2022\/09\/26\/la-smart-africa-digital-academy-inaugure-son-academie-en-cote-divoire\/#breadcrumb"},"inLanguage":"fr-FR","potentialAction":[{"@type":"ReadAction","target":["https:\/\/appsaf.apieproject.com\/news\/fr\/2022\/09\/26\/la-smart-africa-digital-academy-inaugure-son-academie-en-cote-divoire\/"]}]},{"@type":"ImageObject","inLanguage":"fr-FR","@id":"https:\/\/appsaf.apieproject.com\/news\/fr\/2022\/09\/26\/la-smart-africa-digital-academy-inaugure-son-academie-en-cote-divoire\/#primaryimage","url":"https:\/\/appsaf.apieproject.com\/news\/wp-content\/uploads\/sites\/29\/2022\/09\/SmartAfricaDigitalAcademy-696x464-0cb789f1ec3003cf01b6e134ec14afeb.jpg","contentUrl":"https:\/\/appsaf.apieproject.com\/news\/wp-content\/uploads\/sites\/29\/2022\/09\/SmartAfricaDigitalAcademy-696x464-0cb789f1ec3003cf01b6e134ec14afeb.jpg","width":696,"height":464},{"@type":"BreadcrumbList","@id":"https:\/\/appsaf.apieproject.com\/news\/fr\/2022\/09\/26\/la-smart-africa-digital-academy-inaugure-son-academie-en-cote-divoire\/#breadcrumb","itemListElement":[{"@type":"ListItem","position":1,"name":"Home","item":"https:\/\/appsaf.apieproject.com\/news\/fr\/home\/"},{"@type":"ListItem","position":2,"name":"La Smart Africa Digital Academy Inaugure Son Acad\u00e9mie En C\u00f4te D\u2019Ivoire"}]},{"@type":"WebSite","@id":"https:\/\/appsaf.apieproject.com\/news\/#website","url":"https:\/\/appsaf.apieproject.com\/news\/","name":"APIE NEWS","description":"PANAFRICANISM NEWS PORTAL","publisher":{"@id":"https:\/\/appsaf.apieproject.com\/news\/#organization"},"potentialAction":[{"@type":"SearchAction","target":{"@type":"EntryPoint","urlTemplate":"https:\/\/appsaf.apieproject.com\/news\/?s={search_term_string}"},"query-input":{"@type":"PropertyValueSpecification","valueRequired":true,"valueName":"search_term_string"}}],"inLanguage":"fr-FR"},{"@type":"Organization","@id":"https:\/\/appsaf.apieproject.com\/news\/#organization","name":"APIE PROJECT","url":"https:\/\/appsaf.apieproject.com\/news\/","logo":{"@type":"ImageObject","inLanguage":"fr-FR","@id":"https:\/\/appsaf.apieproject.com\/news\/#\/schema\/logo\/image\/","url":"https:\/\/appsaf.apieproject.com\/news\/wp-content\/uploads\/sites\/29\/2022\/07\/logo-R-TransparentBackground.png","contentUrl":"https:\/\/appsaf.apieproject.com\/news\/wp-content\/uploads\/sites\/29\/2022\/07\/logo-R-TransparentBackground.png","width":512,"height":512,"caption":"APIE PROJECT"},"image":{"@id":"https:\/\/appsaf.apieproject.com\/news\/#\/schema\/logo\/image\/"},"sameAs":["https:\/\/facebook.com\/apieproject","https:\/\/x.com\/apieproject"]},{"@type":"Person","@id":"https:\/\/appsaf.apieproject.com\/news\/#\/schema\/person\/399517cac378948cd7b39086f9ddc2a7","name":"staff","image":{"@type":"ImageObject","inLanguage":"fr-FR","@id":"https:\/\/appsaf.apieproject.com\/news\/#\/schema\/person\/image\/","url":"https:\/\/secure.gravatar.com\/avatar\/5386283c5db150efe261184bd59f072a?s=96&d=mm&r=g","contentUrl":"https:\/\/secure.gravatar.com\/avatar\/5386283c5db150efe261184bd59f072a?s=96&d=mm&r=g","caption":"staff"},"url":"https:\/\/appsaf.apieproject.com\/news\/fr\/author\/staff\/"}]}},"_links":{"self":[{"href":"https:\/\/appsaf.apieproject.com\/news\/fr\/wp-json\/wp\/v2\/posts\/18075","targetHints":{"allow":["GET"]}}],"collection":[{"href":"https:\/\/appsaf.apieproject.com\/news\/fr\/wp-json\/wp\/v2\/posts"}],"about":[{"href":"https:\/\/appsaf.apieproject.com\/news\/fr\/wp-json\/wp\/v2\/types\/post"}],"author":[{"embeddable":true,"href":"https:\/\/appsaf.apieproject.com\/news\/fr\/wp-json\/wp\/v2\/users\/12963"}],"replies":[{"embeddable":true,"href":"https:\/\/appsaf.apieproject.com\/news\/fr\/wp-json\/wp\/v2\/comments?post=18075"}],"version-history":[{"count":1,"href":"https:\/\/appsaf.apieproject.com\/news\/fr\/wp-json\/wp\/v2\/posts\/18075\/revisions"}],"predecessor-version":[{"id":18650,"href":"https:\/\/appsaf.apieproject.com\/news\/fr\/wp-json\/wp\/v2\/posts\/18075\/revisions\/18650"}],"wp:featuredmedia":[{"embeddable":true,"href":"https:\/\/appsaf.apieproject.com\/news\/fr\/wp-json\/wp\/v2\/media\/18072"}],"wp:attachment":[{"href":"https:\/\/appsaf.apieproject.com\/news\/fr\/wp-json\/wp\/v2\/media?parent=18075"}],"wp:term":[{"taxonomy":"category","embeddable":true,"href":"https:\/\/appsaf.apieproject.com\/news\/fr\/wp-json\/wp\/v2\/categories?post=18075"},{"taxonomy":"post_tag","embeddable":true,"href":"https:\/\/appsaf.apieproject.com\/news\/fr\/wp-json\/wp\/v2\/tags?post=18075"}],"curies":[{"name":"wp","href":"https:\/\/api.w.org\/{rel}","templated":true}]}}