{"id":18135,"date":"2022-09-26T18:20:18","date_gmt":"2022-09-26T18:20:18","guid":{"rendered":"https:\/\/appsaf.apieproject.com\/news\/?p=18135"},"modified":"2022-09-26T18:20:20","modified_gmt":"2022-09-26T18:20:20","slug":"star-wax-le-film-des-textiles-africains","status":"publish","type":"post","link":"https:\/\/appsaf.apieproject.com\/news\/fr\/2022\/09\/26\/star-wax-le-film-des-textiles-africains\/","title":{"rendered":"Star Wax, Le Film Des Textiles Africains"},"content":{"rendered":"<p>Cr\u00e9ativit\u00e9\u2026 transmission\u2026 tendances: les credo de la boutique Afrikalab \u00e0 la rue des Grottes \u00e0 Gen\u00e8ve sont tagu\u00e9s au mur. Dans leur \u00e9choppe, les produits de beaut\u00e9, les \u00e9pices et sp\u00e9cialit\u00e9s c\u00f4toient les pagnes, kimonos pour certains en wax, cette \u00e9toffe aux motifs fleuris, animaliers ou g\u00e9om\u00e9triques devenue l\u2019une des nouvelles cartes de visite de l\u2019Afrique.<\/p>\n<p>Cinq pour cent, c\u2019est la proportion de fabrication de tissu wax qui parvient \u00e0 se maintenir sur le continent, contre 95% de \u00abmade in Asia\u00bb. C\u2019est sur ces 5% que Caroline et Perrine, les deux g\u00e9rantes de la boutique Afrikalab et fondatrices du collectif WaxUp Africa, ont d\u00e9cid\u00e9 de miser. Caroline est passionn\u00e9e de tissus depuis vingt ans et Perrine, m\u00e9tisse franco-camerounaise, cherche \u00e0 rendre hommage en actes \u00e0 tout ce que le continent lui a apport\u00e9. Leurs slogans: d\u00e9fendre le \u00abmade in Africa\u00bb et \u00abacheter conscient\u00bb.<\/p>\n<p>L\u2019impulsion de Beyonc\u00e9 ou Rihanna<br \/>\nWaxUp Africa (WUA) a \u00e9t\u00e9 con\u00e7u en 2013 non seulement comme un collectif mais aussi comme un mouvement. Il rassemble 15 membres actifs et 50 sympathisants, g\u00e8re une plateforme internet, est pr\u00e9sent dans les grands festivals romands, propose ses collections de pr\u00eat-\u00e0-porter, produit des accessoires pour des entreprises \u00e9thiques, a fourni \u00e0 la ville de Gen\u00e8ve le tissu qui a permis aux migrants de fabriquer des masques artisanaux au d\u00e9but de la pand\u00e9mie. Perrine anime \u00e9galement des ateliers sur le textile et l\u2019\u00e9quipe coordonne des rencontres et des activit\u00e9s de sensibilisation sur l\u2019Afrique pour transmettre une \u00abautre vision que celle, catastrophique, g\u00e9n\u00e9ralement v\u00e9hicul\u00e9e dans les \u00e9coles et les m\u00e9dias\u00bb.<\/p>\n<p>Il y a une dizaine d\u2019ann\u00e9es, Beyonc\u00e9, Rihanna, Alicia Keys et consorts ont commenc\u00e9 \u00e0 s\u2019afficher avec des habits ou accessoires en wax. Agn\u00e8s B, Jean-Paul Gaultier, Stella McCartney ou Victor &amp; Rolf: les grandes marques ont \u00e9t\u00e9 les premi\u00e8res \u00e0 rep\u00e9rer la tendance et \u00e0 int\u00e9grer le wax \u00e0 certaines de leurs collections. De fil en aiguille, les designers africains font leur entr\u00e9e dans les Fashion Weeks et en magasins. Pour Vincent Jacquemet, fondateur d\u2019Afrodyss\u00e9e, un march\u00e9 (et d\u00e9fil\u00e9) consacr\u00e9 \u00e0 la mode africaine qui se tient chaque printemps \u00e0 Gen\u00e8ve depuis 2015, \u00abm\u00eame si l\u2019industrialisation reste encore probl\u00e9matique, il y a un potentiel, un savoir-faire qui va bien au-del\u00e0 du wax\u00bb.<\/p>\n<p>Relents colonialistes<br \/>\nC\u2019est bien le souci, le wax, aujourd\u2019hui aux mains des Chinois, \u00e9tait hier dans celles des manufactures hollandaises qui produisaient ces pagnes destin\u00e9s au march\u00e9 africain sur des \u00e9toffes inspir\u00e9es de l\u2019Indon\u00e9sie\u2026 Sans doute une des raisons pour lesquelles certains designers africains de la nouvelle g\u00e9n\u00e9ration sont retourn\u00e9s chercher l\u2019inspiration sur leur lieu d\u2019origine. \u00abChaque ethnie d\u00e9tient plusieurs habits et techniques de tissage diff\u00e9rents. Ce patrimoine est un r\u00e9servoir \u00e9norme. Les cr\u00e9ateurs actuels sortent l\u2019habit africain du folklore pour en faire un produit de luxe\u00bb, r\u00e9sume le jeune entrepreneur ivoiro-suisse.<\/p>\n<p>Imane Ayissi, cr\u00e9ateur camerounais, a d\u00e9croch\u00e9 le graal en \u00e9tant lnvit\u00e9 depuis plusieurs saisons dans les d\u00e9fil\u00e9s de haute couture. Cet ancien mannequin et danseur n\u2019aime pas le wax et ses relents colonialistes. Il lui pr\u00e9f\u00e8re le kente de la population Akan ou d\u2019autres mati\u00e8res traditionnelles qu\u2019il place \u00abau m\u00eame niveau d\u2019excellence que les tissus occidentaux\u00bb, comme le constate l\u2019anthropologue sp\u00e9cialis\u00e9e dans les textiles et la mode africaine Anne Grosfilley.<\/p>\n<p>Auteure de plusieurs livres sur le sujet, elle poursuit au bout du fil: \u00abLe wax n\u2019est pas un tissu africain \u00e0 proprement parler, il n\u2019est donc pas sacr\u00e9 non plus comme la plupart des autres \u00e9toffes traditionnelles. Ce qui signifie qu\u2019on peut en faire ce qu\u2019on veut. Il est panafricain, f\u00e9d\u00e9rateur et permet \u00e0 quiconque de s\u2019y reconna\u00eetre ind\u00e9pendamment de son lieu d\u2019origine.\u00bb<\/p>\n<p>Un avenir cousu de fil africain<br \/>\nDans le concept store Afrikalab qui propose le travail de plus de 56 cr\u00e9ateurs ainsi que de l\u2019\u00e9picerie fine, des bijoux, des cosm\u00e9tiques et du home design, la client\u00e8le est essentiellement f\u00e9minine, afro-descendante ou passionn\u00e9e d\u2019Afrique. Mais l\u2019empreinte des motifs wax dans notre soci\u00e9t\u00e9 ne se cantonne pas aux boutiques sp\u00e9cialis\u00e9es. Les consommateurs moins sensibles aux questions de tra\u00e7abilit\u00e9 et de commerce \u00e9thique ont forc\u00e9ment vu l\u2019un ou l\u2019autre des dessins caract\u00e9ristiques du wax au d\u00e9tour d\u2019une collection Naf Naf ou de produits Body Shop.<\/p>\n<p>Anne Grosfilley esp\u00e8re que le wax sera le premier signe \u00abd\u2019un engouement pour d\u2019autres tissus africains\u00bb. La sp\u00e9cialiste a conseill\u00e9 Dior pour sa collection 2020 o\u00f9 les motifs de Toile de Jouy de la marque dialoguaient avec ceux du wax dans des compositions r\u00e9alis\u00e9es par des dessinateurs africains. Elle explique: \u00abQu\u2019ils soient designers ou photographes, les cr\u00e9ateurs de cette nouvelle g\u00e9n\u00e9ration permettent une d\u00e9finition de l\u2019identit\u00e9 africaine par les Africains. Ce n\u2019est plus le regard de l\u2019Europ\u00e9en qui d\u00e9termine ce qui est beau.\u00bb<\/p>\n<p>Les jeunes du continent comme de la diaspora ont bien compris la force identitaire de ces nouveaux habits. Et les Occidentaux se familiarisent eux aussi avec ces nouvelles normes esth\u00e9tiques qu\u2019ils adoptent et adaptent \u00e0 leur go\u00fbt.<\/p>\n","protected":false},"excerpt":{"rendered":"<p>Chamarr\u00e9s, avec des motifs g\u00e9om\u00e9triques ou floraux, les tissus africains s\u2019invitent dans nos garde-robes et leurs cr\u00e9ateurs dans les Fashion Weeks, d\u00e9veloppant une image positive du continent<\/p>\n","protected":false},"author":12963,"featured_media":18132,"comment_status":"open","ping_status":"open","sticky":false,"template":"","format":"standard","meta":{"footnotes":""},"categories":[57,63],"tags":[78,95,94],"class_list":{"0":"post-18135","1":"post","2":"type-post","3":"status-publish","4":"format-standard","5":"has-post-thumbnail","7":"category-mode","8":"category-mode-de-vie","9":"tag-apie-project-2","10":"tag-mode","11":"tag-mode-de-vie"},"yoast_head":"<!-- This site is optimized with the Yoast SEO plugin v24.4 - https:\/\/yoast.com\/wordpress\/plugins\/seo\/ -->\n<title>Star Wax, Le Film Des Textiles Africains - APIE NEWS<\/title>\n<meta name=\"robots\" content=\"index, follow, max-snippet:-1, max-image-preview:large, max-video-preview:-1\" \/>\n<link rel=\"canonical\" href=\"https:\/\/appsaf.apieproject.com\/news\/fr\/2022\/09\/26\/star-wax-le-film-des-textiles-africains\/\" \/>\n<meta property=\"og:locale\" content=\"fr_FR\" \/>\n<meta property=\"og:type\" content=\"article\" \/>\n<meta property=\"og:title\" content=\"Star Wax, Le Film Des Textiles Africains - APIE NEWS\" \/>\n<meta property=\"og:description\" content=\"Chamarr\u00e9s, avec des motifs g\u00e9om\u00e9triques ou floraux, les tissus africains s\u2019invitent dans nos garde-robes et leurs cr\u00e9ateurs dans les Fashion Weeks, d\u00e9veloppant une image positive du continent\" \/>\n<meta property=\"og:url\" content=\"https:\/\/appsaf.apieproject.com\/news\/fr\/2022\/09\/26\/star-wax-le-film-des-textiles-africains\/\" \/>\n<meta property=\"og:site_name\" content=\"APIE NEWS\" \/>\n<meta property=\"article:publisher\" content=\"https:\/\/facebook.com\/apieproject\" \/>\n<meta property=\"article:published_time\" content=\"2022-09-26T18:20:18+00:00\" \/>\n<meta property=\"article:modified_time\" content=\"2022-09-26T18:20:20+00:00\" \/>\n<meta property=\"og:image\" content=\"https:\/\/appsaf.apieproject.com\/news\/wp-content\/uploads\/sites\/29\/2022\/09\/file7gj9z8052j819bj0rhjs-518e7d377b286e52a233627624bb292d.jpg\" \/>\n\t<meta property=\"og:image:width\" content=\"900\" \/>\n\t<meta property=\"og:image:height\" content=\"490\" \/>\n\t<meta property=\"og:image:type\" content=\"image\/jpeg\" \/>\n<meta name=\"author\" content=\"staff\" \/>\n<meta name=\"twitter:card\" content=\"summary_large_image\" \/>\n<meta name=\"twitter:creator\" content=\"@apieproject\" \/>\n<meta name=\"twitter:site\" content=\"@apieproject\" \/>\n<meta name=\"twitter:label1\" content=\"\u00c9crit par\" \/>\n\t<meta name=\"twitter:data1\" content=\"staff\" \/>\n\t<meta name=\"twitter:label2\" content=\"Dur\u00e9e de lecture estim\u00e9e\" \/>\n\t<meta name=\"twitter:data2\" content=\"5 minutes\" \/>\n<script type=\"application\/ld+json\" class=\"yoast-schema-graph\">{\"@context\":\"https:\/\/schema.org\",\"@graph\":[{\"@type\":\"Article\",\"@id\":\"https:\/\/appsaf.apieproject.com\/news\/fr\/2022\/09\/26\/star-wax-le-film-des-textiles-africains\/#article\",\"isPartOf\":{\"@id\":\"https:\/\/appsaf.apieproject.com\/news\/fr\/2022\/09\/26\/star-wax-le-film-des-textiles-africains\/\"},\"author\":{\"name\":\"staff\",\"@id\":\"https:\/\/appsaf.apieproject.com\/news\/#\/schema\/person\/399517cac378948cd7b39086f9ddc2a7\"},\"headline\":\"Star Wax, Le Film Des Textiles Africains\",\"datePublished\":\"2022-09-26T18:20:18+00:00\",\"dateModified\":\"2022-09-26T18:20:20+00:00\",\"mainEntityOfPage\":{\"@id\":\"https:\/\/appsaf.apieproject.com\/news\/fr\/2022\/09\/26\/star-wax-le-film-des-textiles-africains\/\"},\"wordCount\":918,\"commentCount\":0,\"publisher\":{\"@id\":\"https:\/\/appsaf.apieproject.com\/news\/#organization\"},\"image\":{\"@id\":\"https:\/\/appsaf.apieproject.com\/news\/fr\/2022\/09\/26\/star-wax-le-film-des-textiles-africains\/#primaryimage\"},\"thumbnailUrl\":\"https:\/\/appsaf.apieproject.com\/news\/wp-content\/uploads\/sites\/29\/2022\/09\/file7gj9z8052j819bj0rhjs-518e7d377b286e52a233627624bb292d.jpg\",\"keywords\":[\"apie project\",\"mode\",\"mode de vie\"],\"articleSection\":[\"Mode\",\"Mode de Vie\"],\"inLanguage\":\"fr-FR\",\"potentialAction\":[{\"@type\":\"CommentAction\",\"name\":\"Comment\",\"target\":[\"https:\/\/appsaf.apieproject.com\/news\/fr\/2022\/09\/26\/star-wax-le-film-des-textiles-africains\/#respond\"]}]},{\"@type\":\"WebPage\",\"@id\":\"https:\/\/appsaf.apieproject.com\/news\/fr\/2022\/09\/26\/star-wax-le-film-des-textiles-africains\/\",\"url\":\"https:\/\/appsaf.apieproject.com\/news\/fr\/2022\/09\/26\/star-wax-le-film-des-textiles-africains\/\",\"name\":\"Star Wax, Le Film Des Textiles Africains - APIE NEWS\",\"isPartOf\":{\"@id\":\"https:\/\/appsaf.apieproject.com\/news\/#website\"},\"primaryImageOfPage\":{\"@id\":\"https:\/\/appsaf.apieproject.com\/news\/fr\/2022\/09\/26\/star-wax-le-film-des-textiles-africains\/#primaryimage\"},\"image\":{\"@id\":\"https:\/\/appsaf.apieproject.com\/news\/fr\/2022\/09\/26\/star-wax-le-film-des-textiles-africains\/#primaryimage\"},\"thumbnailUrl\":\"https:\/\/appsaf.apieproject.com\/news\/wp-content\/uploads\/sites\/29\/2022\/09\/file7gj9z8052j819bj0rhjs-518e7d377b286e52a233627624bb292d.jpg\",\"datePublished\":\"2022-09-26T18:20:18+00:00\",\"dateModified\":\"2022-09-26T18:20:20+00:00\",\"breadcrumb\":{\"@id\":\"https:\/\/appsaf.apieproject.com\/news\/fr\/2022\/09\/26\/star-wax-le-film-des-textiles-africains\/#breadcrumb\"},\"inLanguage\":\"fr-FR\",\"potentialAction\":[{\"@type\":\"ReadAction\",\"target\":[\"https:\/\/appsaf.apieproject.com\/news\/fr\/2022\/09\/26\/star-wax-le-film-des-textiles-africains\/\"]}]},{\"@type\":\"ImageObject\",\"inLanguage\":\"fr-FR\",\"@id\":\"https:\/\/appsaf.apieproject.com\/news\/fr\/2022\/09\/26\/star-wax-le-film-des-textiles-africains\/#primaryimage\",\"url\":\"https:\/\/appsaf.apieproject.com\/news\/wp-content\/uploads\/sites\/29\/2022\/09\/file7gj9z8052j819bj0rhjs-518e7d377b286e52a233627624bb292d.jpg\",\"contentUrl\":\"https:\/\/appsaf.apieproject.com\/news\/wp-content\/uploads\/sites\/29\/2022\/09\/file7gj9z8052j819bj0rhjs-518e7d377b286e52a233627624bb292d.jpg\",\"width\":900,\"height\":490},{\"@type\":\"BreadcrumbList\",\"@id\":\"https:\/\/appsaf.apieproject.com\/news\/fr\/2022\/09\/26\/star-wax-le-film-des-textiles-africains\/#breadcrumb\",\"itemListElement\":[{\"@type\":\"ListItem\",\"position\":1,\"name\":\"Home\",\"item\":\"https:\/\/appsaf.apieproject.com\/news\/fr\/home\/\"},{\"@type\":\"ListItem\",\"position\":2,\"name\":\"Star Wax, Le Film Des Textiles Africains\"}]},{\"@type\":\"WebSite\",\"@id\":\"https:\/\/appsaf.apieproject.com\/news\/#website\",\"url\":\"https:\/\/appsaf.apieproject.com\/news\/\",\"name\":\"APIE NEWS\",\"description\":\"PANAFRICANISM NEWS PORTAL\",\"publisher\":{\"@id\":\"https:\/\/appsaf.apieproject.com\/news\/#organization\"},\"potentialAction\":[{\"@type\":\"SearchAction\",\"target\":{\"@type\":\"EntryPoint\",\"urlTemplate\":\"https:\/\/appsaf.apieproject.com\/news\/?s={search_term_string}\"},\"query-input\":{\"@type\":\"PropertyValueSpecification\",\"valueRequired\":true,\"valueName\":\"search_term_string\"}}],\"inLanguage\":\"fr-FR\"},{\"@type\":\"Organization\",\"@id\":\"https:\/\/appsaf.apieproject.com\/news\/#organization\",\"name\":\"APIE PROJECT\",\"url\":\"https:\/\/appsaf.apieproject.com\/news\/\",\"logo\":{\"@type\":\"ImageObject\",\"inLanguage\":\"fr-FR\",\"@id\":\"https:\/\/appsaf.apieproject.com\/news\/#\/schema\/logo\/image\/\",\"url\":\"https:\/\/appsaf.apieproject.com\/news\/wp-content\/uploads\/sites\/29\/2022\/07\/logo-R-TransparentBackground.png\",\"contentUrl\":\"https:\/\/appsaf.apieproject.com\/news\/wp-content\/uploads\/sites\/29\/2022\/07\/logo-R-TransparentBackground.png\",\"width\":512,\"height\":512,\"caption\":\"APIE PROJECT\"},\"image\":{\"@id\":\"https:\/\/appsaf.apieproject.com\/news\/#\/schema\/logo\/image\/\"},\"sameAs\":[\"https:\/\/facebook.com\/apieproject\",\"https:\/\/x.com\/apieproject\"]},{\"@type\":\"Person\",\"@id\":\"https:\/\/appsaf.apieproject.com\/news\/#\/schema\/person\/399517cac378948cd7b39086f9ddc2a7\",\"name\":\"staff\",\"image\":{\"@type\":\"ImageObject\",\"inLanguage\":\"fr-FR\",\"@id\":\"https:\/\/appsaf.apieproject.com\/news\/#\/schema\/person\/image\/\",\"url\":\"https:\/\/secure.gravatar.com\/avatar\/5386283c5db150efe261184bd59f072a?s=96&d=mm&r=g\",\"contentUrl\":\"https:\/\/secure.gravatar.com\/avatar\/5386283c5db150efe261184bd59f072a?s=96&d=mm&r=g\",\"caption\":\"staff\"},\"url\":\"https:\/\/appsaf.apieproject.com\/news\/fr\/author\/staff\/\"}]}<\/script>\n<!-- \/ Yoast SEO plugin. -->","yoast_head_json":{"title":"Star Wax, Le Film Des Textiles Africains - APIE NEWS","robots":{"index":"index","follow":"follow","max-snippet":"max-snippet:-1","max-image-preview":"max-image-preview:large","max-video-preview":"max-video-preview:-1"},"canonical":"https:\/\/appsaf.apieproject.com\/news\/fr\/2022\/09\/26\/star-wax-le-film-des-textiles-africains\/","og_locale":"fr_FR","og_type":"article","og_title":"Star Wax, Le Film Des Textiles Africains - APIE NEWS","og_description":"Chamarr\u00e9s, avec des motifs g\u00e9om\u00e9triques ou floraux, les tissus africains s\u2019invitent dans nos garde-robes et leurs cr\u00e9ateurs dans les Fashion Weeks, d\u00e9veloppant une image positive du continent","og_url":"https:\/\/appsaf.apieproject.com\/news\/fr\/2022\/09\/26\/star-wax-le-film-des-textiles-africains\/","og_site_name":"APIE NEWS","article_publisher":"https:\/\/facebook.com\/apieproject","article_published_time":"2022-09-26T18:20:18+00:00","article_modified_time":"2022-09-26T18:20:20+00:00","og_image":[{"width":900,"height":490,"url":"https:\/\/appsaf.apieproject.com\/news\/wp-content\/uploads\/sites\/29\/2022\/09\/file7gj9z8052j819bj0rhjs-518e7d377b286e52a233627624bb292d.jpg","type":"image\/jpeg"}],"author":"staff","twitter_card":"summary_large_image","twitter_creator":"@apieproject","twitter_site":"@apieproject","twitter_misc":{"\u00c9crit par":"staff","Dur\u00e9e de lecture estim\u00e9e":"5 minutes"},"schema":{"@context":"https:\/\/schema.org","@graph":[{"@type":"Article","@id":"https:\/\/appsaf.apieproject.com\/news\/fr\/2022\/09\/26\/star-wax-le-film-des-textiles-africains\/#article","isPartOf":{"@id":"https:\/\/appsaf.apieproject.com\/news\/fr\/2022\/09\/26\/star-wax-le-film-des-textiles-africains\/"},"author":{"name":"staff","@id":"https:\/\/appsaf.apieproject.com\/news\/#\/schema\/person\/399517cac378948cd7b39086f9ddc2a7"},"headline":"Star Wax, Le Film Des Textiles Africains","datePublished":"2022-09-26T18:20:18+00:00","dateModified":"2022-09-26T18:20:20+00:00","mainEntityOfPage":{"@id":"https:\/\/appsaf.apieproject.com\/news\/fr\/2022\/09\/26\/star-wax-le-film-des-textiles-africains\/"},"wordCount":918,"commentCount":0,"publisher":{"@id":"https:\/\/appsaf.apieproject.com\/news\/#organization"},"image":{"@id":"https:\/\/appsaf.apieproject.com\/news\/fr\/2022\/09\/26\/star-wax-le-film-des-textiles-africains\/#primaryimage"},"thumbnailUrl":"https:\/\/appsaf.apieproject.com\/news\/wp-content\/uploads\/sites\/29\/2022\/09\/file7gj9z8052j819bj0rhjs-518e7d377b286e52a233627624bb292d.jpg","keywords":["apie project","mode","mode de vie"],"articleSection":["Mode","Mode de Vie"],"inLanguage":"fr-FR","potentialAction":[{"@type":"CommentAction","name":"Comment","target":["https:\/\/appsaf.apieproject.com\/news\/fr\/2022\/09\/26\/star-wax-le-film-des-textiles-africains\/#respond"]}]},{"@type":"WebPage","@id":"https:\/\/appsaf.apieproject.com\/news\/fr\/2022\/09\/26\/star-wax-le-film-des-textiles-africains\/","url":"https:\/\/appsaf.apieproject.com\/news\/fr\/2022\/09\/26\/star-wax-le-film-des-textiles-africains\/","name":"Star Wax, Le Film Des Textiles Africains - APIE NEWS","isPartOf":{"@id":"https:\/\/appsaf.apieproject.com\/news\/#website"},"primaryImageOfPage":{"@id":"https:\/\/appsaf.apieproject.com\/news\/fr\/2022\/09\/26\/star-wax-le-film-des-textiles-africains\/#primaryimage"},"image":{"@id":"https:\/\/appsaf.apieproject.com\/news\/fr\/2022\/09\/26\/star-wax-le-film-des-textiles-africains\/#primaryimage"},"thumbnailUrl":"https:\/\/appsaf.apieproject.com\/news\/wp-content\/uploads\/sites\/29\/2022\/09\/file7gj9z8052j819bj0rhjs-518e7d377b286e52a233627624bb292d.jpg","datePublished":"2022-09-26T18:20:18+00:00","dateModified":"2022-09-26T18:20:20+00:00","breadcrumb":{"@id":"https:\/\/appsaf.apieproject.com\/news\/fr\/2022\/09\/26\/star-wax-le-film-des-textiles-africains\/#breadcrumb"},"inLanguage":"fr-FR","potentialAction":[{"@type":"ReadAction","target":["https:\/\/appsaf.apieproject.com\/news\/fr\/2022\/09\/26\/star-wax-le-film-des-textiles-africains\/"]}]},{"@type":"ImageObject","inLanguage":"fr-FR","@id":"https:\/\/appsaf.apieproject.com\/news\/fr\/2022\/09\/26\/star-wax-le-film-des-textiles-africains\/#primaryimage","url":"https:\/\/appsaf.apieproject.com\/news\/wp-content\/uploads\/sites\/29\/2022\/09\/file7gj9z8052j819bj0rhjs-518e7d377b286e52a233627624bb292d.jpg","contentUrl":"https:\/\/appsaf.apieproject.com\/news\/wp-content\/uploads\/sites\/29\/2022\/09\/file7gj9z8052j819bj0rhjs-518e7d377b286e52a233627624bb292d.jpg","width":900,"height":490},{"@type":"BreadcrumbList","@id":"https:\/\/appsaf.apieproject.com\/news\/fr\/2022\/09\/26\/star-wax-le-film-des-textiles-africains\/#breadcrumb","itemListElement":[{"@type":"ListItem","position":1,"name":"Home","item":"https:\/\/appsaf.apieproject.com\/news\/fr\/home\/"},{"@type":"ListItem","position":2,"name":"Star Wax, Le Film Des Textiles Africains"}]},{"@type":"WebSite","@id":"https:\/\/appsaf.apieproject.com\/news\/#website","url":"https:\/\/appsaf.apieproject.com\/news\/","name":"APIE NEWS","description":"PANAFRICANISM NEWS PORTAL","publisher":{"@id":"https:\/\/appsaf.apieproject.com\/news\/#organization"},"potentialAction":[{"@type":"SearchAction","target":{"@type":"EntryPoint","urlTemplate":"https:\/\/appsaf.apieproject.com\/news\/?s={search_term_string}"},"query-input":{"@type":"PropertyValueSpecification","valueRequired":true,"valueName":"search_term_string"}}],"inLanguage":"fr-FR"},{"@type":"Organization","@id":"https:\/\/appsaf.apieproject.com\/news\/#organization","name":"APIE PROJECT","url":"https:\/\/appsaf.apieproject.com\/news\/","logo":{"@type":"ImageObject","inLanguage":"fr-FR","@id":"https:\/\/appsaf.apieproject.com\/news\/#\/schema\/logo\/image\/","url":"https:\/\/appsaf.apieproject.com\/news\/wp-content\/uploads\/sites\/29\/2022\/07\/logo-R-TransparentBackground.png","contentUrl":"https:\/\/appsaf.apieproject.com\/news\/wp-content\/uploads\/sites\/29\/2022\/07\/logo-R-TransparentBackground.png","width":512,"height":512,"caption":"APIE PROJECT"},"image":{"@id":"https:\/\/appsaf.apieproject.com\/news\/#\/schema\/logo\/image\/"},"sameAs":["https:\/\/facebook.com\/apieproject","https:\/\/x.com\/apieproject"]},{"@type":"Person","@id":"https:\/\/appsaf.apieproject.com\/news\/#\/schema\/person\/399517cac378948cd7b39086f9ddc2a7","name":"staff","image":{"@type":"ImageObject","inLanguage":"fr-FR","@id":"https:\/\/appsaf.apieproject.com\/news\/#\/schema\/person\/image\/","url":"https:\/\/secure.gravatar.com\/avatar\/5386283c5db150efe261184bd59f072a?s=96&d=mm&r=g","contentUrl":"https:\/\/secure.gravatar.com\/avatar\/5386283c5db150efe261184bd59f072a?s=96&d=mm&r=g","caption":"staff"},"url":"https:\/\/appsaf.apieproject.com\/news\/fr\/author\/staff\/"}]}},"_links":{"self":[{"href":"https:\/\/appsaf.apieproject.com\/news\/fr\/wp-json\/wp\/v2\/posts\/18135","targetHints":{"allow":["GET"]}}],"collection":[{"href":"https:\/\/appsaf.apieproject.com\/news\/fr\/wp-json\/wp\/v2\/posts"}],"about":[{"href":"https:\/\/appsaf.apieproject.com\/news\/fr\/wp-json\/wp\/v2\/types\/post"}],"author":[{"embeddable":true,"href":"https:\/\/appsaf.apieproject.com\/news\/fr\/wp-json\/wp\/v2\/users\/12963"}],"replies":[{"embeddable":true,"href":"https:\/\/appsaf.apieproject.com\/news\/fr\/wp-json\/wp\/v2\/comments?post=18135"}],"version-history":[{"count":1,"href":"https:\/\/appsaf.apieproject.com\/news\/fr\/wp-json\/wp\/v2\/posts\/18135\/revisions"}],"predecessor-version":[{"id":18705,"href":"https:\/\/appsaf.apieproject.com\/news\/fr\/wp-json\/wp\/v2\/posts\/18135\/revisions\/18705"}],"wp:featuredmedia":[{"embeddable":true,"href":"https:\/\/appsaf.apieproject.com\/news\/fr\/wp-json\/wp\/v2\/media\/18132"}],"wp:attachment":[{"href":"https:\/\/appsaf.apieproject.com\/news\/fr\/wp-json\/wp\/v2\/media?parent=18135"}],"wp:term":[{"taxonomy":"category","embeddable":true,"href":"https:\/\/appsaf.apieproject.com\/news\/fr\/wp-json\/wp\/v2\/categories?post=18135"},{"taxonomy":"post_tag","embeddable":true,"href":"https:\/\/appsaf.apieproject.com\/news\/fr\/wp-json\/wp\/v2\/tags?post=18135"}],"curies":[{"name":"wp","href":"https:\/\/api.w.org\/{rel}","templated":true}]}}