{"id":1825,"date":"2022-02-28T02:27:05","date_gmt":"2022-02-28T02:27:05","guid":{"rendered":"https:\/\/appsaf.apieproject.com\/news\/?p=1825"},"modified":"2022-02-28T02:27:06","modified_gmt":"2022-02-28T02:27:06","slug":"concours-mode-durable-les-marques-africaines-invitees-a-postuler","status":"publish","type":"post","link":"https:\/\/appsaf.apieproject.com\/news\/fr\/2022\/02\/28\/concours-mode-durable-les-marques-africaines-invitees-a-postuler\/","title":{"rendered":"Concours Mode durable : les marques africaines invit\u00e9es \u00e0 postuler"},"content":{"rendered":"<p>La deuxi\u00e8me \u00e9dition du concours en ligne de mode durable s\u2019inscrit dans le cadre de l\u2019initiative \u00ab Fashionomics Africa \u00bb de la BAD qui vise \u00e0 accro\u00eetre la participation de l\u2019Afrique aux cha\u00eenes de valeur mondiales de l\u2019industrie du textile et de la mode. Elle s\u2019adresse aux start-up et aux entrepreneurs africains du secteur du textile, de l\u2019habillement et des accessoires ayant mis en \u0153uvre des mesures respectueuses de l\u2019environnement, de la durabilit\u00e9 et de l\u2019\u00e9conomie circulaire, au cours des cinq derni\u00e8res ann\u00e9es. En effet, l\u2019\u00e9v\u00e9nement met \u00e0 l\u2019honneur les marques africaines de mode qui feront \u00e9voluer la fa\u00e7on de produire, d\u2019acheter, d\u2019utiliser et de recycler les cr\u00e9ations de la mode et qui encouragent un changement plus durable des modes de consommation.<\/p>\n<p>Selon la BAD, l\u2019industrie du textile et de la mode repr\u00e9sente de 2 \u00e0 8 % environ des \u00e9missions mondiales de carbone. D\u2019apr\u00e8s le Programme des Nations unies pour l\u2019environnement, ce secteur est le deuxi\u00e8me plus grand pollueur industriel au monde apr\u00e8s le secteur p\u00e9trolier. Cependant, cette industrie g\u00e9n\u00e8re \u00e9galement de nombreux emplois, d\u2019importantes recettes en devises et des produits essentiels au bien-\u00eatre humain.<\/p>\n\n\n<p><\/p>\n","protected":false},"excerpt":{"rendered":"<p>La Banque africaine de d\u00e9veloppement (BAD) a r\u00e9cemment lanc\u00e9 la deuxi\u00e8me \u00e9dition du concours en ligne de mode durable destin\u00e9 aux cr\u00e9ateurs africains de mode durable et circulaire.<\/p>\n","protected":false},"author":12963,"featured_media":1822,"comment_status":"open","ping_status":"open","sticky":false,"template":"","format":"standard","meta":{"footnotes":""},"categories":[57,63],"tags":[78,95,94],"class_list":{"0":"post-1825","1":"post","2":"type-post","3":"status-publish","4":"format-standard","5":"has-post-thumbnail","7":"category-mode","8":"category-mode-de-vie","9":"tag-apie-project-2","10":"tag-mode","11":"tag-mode-de-vie"},"yoast_head":"<!-- This site is optimized with the Yoast SEO plugin v24.4 - https:\/\/yoast.com\/wordpress\/plugins\/seo\/ -->\n<title>Concours Mode durable : les marques africaines invit\u00e9es \u00e0 postuler - APIE NEWS<\/title>\n<meta name=\"robots\" content=\"index, follow, max-snippet:-1, max-image-preview:large, max-video-preview:-1\" \/>\n<link rel=\"canonical\" href=\"https:\/\/appsaf.apieproject.com\/news\/fr\/2022\/02\/28\/concours-mode-durable-les-marques-africaines-invitees-a-postuler\/\" \/>\n<meta property=\"og:locale\" content=\"fr_FR\" \/>\n<meta property=\"og:type\" content=\"article\" \/>\n<meta property=\"og:title\" content=\"Concours Mode durable : les marques africaines invit\u00e9es \u00e0 postuler - APIE NEWS\" \/>\n<meta property=\"og:description\" content=\"La Banque africaine de d\u00e9veloppement (BAD) a r\u00e9cemment lanc\u00e9 la deuxi\u00e8me \u00e9dition du concours en ligne de mode durable destin\u00e9 aux cr\u00e9ateurs africains de mode durable et circulaire.\" \/>\n<meta property=\"og:url\" content=\"https:\/\/appsaf.apieproject.com\/news\/fr\/2022\/02\/28\/concours-mode-durable-les-marques-africaines-invitees-a-postuler\/\" \/>\n<meta property=\"og:site_name\" content=\"APIE NEWS\" \/>\n<meta property=\"article:publisher\" content=\"https:\/\/facebook.com\/apieproject\" \/>\n<meta property=\"article:published_time\" content=\"2022-02-28T02:27:05+00:00\" \/>\n<meta property=\"article:modified_time\" content=\"2022-02-28T02:27:06+00:00\" \/>\n<meta property=\"og:image\" content=\"https:\/\/appsaf.apieproject.com\/news\/wp-content\/uploads\/sites\/29\/2022\/02\/ls-1-d666e0c5d3d4a152406753fc58ccf60d.jpg\" \/>\n\t<meta property=\"og:image:width\" content=\"350\" \/>\n\t<meta property=\"og:image:height\" content=\"144\" \/>\n\t<meta property=\"og:image:type\" content=\"image\/jpeg\" \/>\n<meta name=\"author\" content=\"staff\" \/>\n<meta name=\"twitter:card\" content=\"summary_large_image\" \/>\n<meta name=\"twitter:creator\" content=\"@apieproject\" \/>\n<meta name=\"twitter:site\" content=\"@apieproject\" \/>\n<meta name=\"twitter:label1\" content=\"\u00c9crit par\" \/>\n\t<meta name=\"twitter:data1\" content=\"staff\" \/>\n\t<meta name=\"twitter:label2\" content=\"Dur\u00e9e de lecture estim\u00e9e\" \/>\n\t<meta name=\"twitter:data2\" content=\"1 minute\" \/>\n<script type=\"application\/ld+json\" class=\"yoast-schema-graph\">{\"@context\":\"https:\/\/schema.org\",\"@graph\":[{\"@type\":\"Article\",\"@id\":\"https:\/\/appsaf.apieproject.com\/news\/fr\/2022\/02\/28\/concours-mode-durable-les-marques-africaines-invitees-a-postuler\/#article\",\"isPartOf\":{\"@id\":\"https:\/\/appsaf.apieproject.com\/news\/fr\/2022\/02\/28\/concours-mode-durable-les-marques-africaines-invitees-a-postuler\/\"},\"author\":{\"name\":\"staff\",\"@id\":\"https:\/\/appsaf.apieproject.com\/news\/#\/schema\/person\/399517cac378948cd7b39086f9ddc2a7\"},\"headline\":\"Concours Mode durable : les marques africaines invit\u00e9es \u00e0 postuler\",\"datePublished\":\"2022-02-28T02:27:05+00:00\",\"dateModified\":\"2022-02-28T02:27:06+00:00\",\"mainEntityOfPage\":{\"@id\":\"https:\/\/appsaf.apieproject.com\/news\/fr\/2022\/02\/28\/concours-mode-durable-les-marques-africaines-invitees-a-postuler\/\"},\"wordCount\":219,\"commentCount\":0,\"publisher\":{\"@id\":\"https:\/\/appsaf.apieproject.com\/news\/#organization\"},\"image\":{\"@id\":\"https:\/\/appsaf.apieproject.com\/news\/fr\/2022\/02\/28\/concours-mode-durable-les-marques-africaines-invitees-a-postuler\/#primaryimage\"},\"thumbnailUrl\":\"https:\/\/appsaf.apieproject.com\/news\/wp-content\/uploads\/sites\/29\/2022\/02\/ls-1-d666e0c5d3d4a152406753fc58ccf60d.jpg\",\"keywords\":[\"apie project\",\"mode\",\"mode de vie\"],\"articleSection\":[\"Mode\",\"Mode de Vie\"],\"inLanguage\":\"fr-FR\",\"potentialAction\":[{\"@type\":\"CommentAction\",\"name\":\"Comment\",\"target\":[\"https:\/\/appsaf.apieproject.com\/news\/fr\/2022\/02\/28\/concours-mode-durable-les-marques-africaines-invitees-a-postuler\/#respond\"]}]},{\"@type\":\"WebPage\",\"@id\":\"https:\/\/appsaf.apieproject.com\/news\/fr\/2022\/02\/28\/concours-mode-durable-les-marques-africaines-invitees-a-postuler\/\",\"url\":\"https:\/\/appsaf.apieproject.com\/news\/fr\/2022\/02\/28\/concours-mode-durable-les-marques-africaines-invitees-a-postuler\/\",\"name\":\"Concours Mode durable : les marques africaines invit\u00e9es \u00e0 postuler - APIE NEWS\",\"isPartOf\":{\"@id\":\"https:\/\/appsaf.apieproject.com\/news\/#website\"},\"primaryImageOfPage\":{\"@id\":\"https:\/\/appsaf.apieproject.com\/news\/fr\/2022\/02\/28\/concours-mode-durable-les-marques-africaines-invitees-a-postuler\/#primaryimage\"},\"image\":{\"@id\":\"https:\/\/appsaf.apieproject.com\/news\/fr\/2022\/02\/28\/concours-mode-durable-les-marques-africaines-invitees-a-postuler\/#primaryimage\"},\"thumbnailUrl\":\"https:\/\/appsaf.apieproject.com\/news\/wp-content\/uploads\/sites\/29\/2022\/02\/ls-1-d666e0c5d3d4a152406753fc58ccf60d.jpg\",\"datePublished\":\"2022-02-28T02:27:05+00:00\",\"dateModified\":\"2022-02-28T02:27:06+00:00\",\"breadcrumb\":{\"@id\":\"https:\/\/appsaf.apieproject.com\/news\/fr\/2022\/02\/28\/concours-mode-durable-les-marques-africaines-invitees-a-postuler\/#breadcrumb\"},\"inLanguage\":\"fr-FR\",\"potentialAction\":[{\"@type\":\"ReadAction\",\"target\":[\"https:\/\/appsaf.apieproject.com\/news\/fr\/2022\/02\/28\/concours-mode-durable-les-marques-africaines-invitees-a-postuler\/\"]}]},{\"@type\":\"ImageObject\",\"inLanguage\":\"fr-FR\",\"@id\":\"https:\/\/appsaf.apieproject.com\/news\/fr\/2022\/02\/28\/concours-mode-durable-les-marques-africaines-invitees-a-postuler\/#primaryimage\",\"url\":\"https:\/\/appsaf.apieproject.com\/news\/wp-content\/uploads\/sites\/29\/2022\/02\/ls-1-d666e0c5d3d4a152406753fc58ccf60d.jpg\",\"contentUrl\":\"https:\/\/appsaf.apieproject.com\/news\/wp-content\/uploads\/sites\/29\/2022\/02\/ls-1-d666e0c5d3d4a152406753fc58ccf60d.jpg\",\"width\":350,\"height\":144},{\"@type\":\"BreadcrumbList\",\"@id\":\"https:\/\/appsaf.apieproject.com\/news\/fr\/2022\/02\/28\/concours-mode-durable-les-marques-africaines-invitees-a-postuler\/#breadcrumb\",\"itemListElement\":[{\"@type\":\"ListItem\",\"position\":1,\"name\":\"Home\",\"item\":\"https:\/\/appsaf.apieproject.com\/news\/fr\/home\/\"},{\"@type\":\"ListItem\",\"position\":2,\"name\":\"Concours Mode durable : les marques africaines invit\u00e9es \u00e0 postuler\"}]},{\"@type\":\"WebSite\",\"@id\":\"https:\/\/appsaf.apieproject.com\/news\/#website\",\"url\":\"https:\/\/appsaf.apieproject.com\/news\/\",\"name\":\"APIE NEWS\",\"description\":\"PANAFRICANISM NEWS PORTAL\",\"publisher\":{\"@id\":\"https:\/\/appsaf.apieproject.com\/news\/#organization\"},\"potentialAction\":[{\"@type\":\"SearchAction\",\"target\":{\"@type\":\"EntryPoint\",\"urlTemplate\":\"https:\/\/appsaf.apieproject.com\/news\/?s={search_term_string}\"},\"query-input\":{\"@type\":\"PropertyValueSpecification\",\"valueRequired\":true,\"valueName\":\"search_term_string\"}}],\"inLanguage\":\"fr-FR\"},{\"@type\":\"Organization\",\"@id\":\"https:\/\/appsaf.apieproject.com\/news\/#organization\",\"name\":\"APIE PROJECT\",\"url\":\"https:\/\/appsaf.apieproject.com\/news\/\",\"logo\":{\"@type\":\"ImageObject\",\"inLanguage\":\"fr-FR\",\"@id\":\"https:\/\/appsaf.apieproject.com\/news\/#\/schema\/logo\/image\/\",\"url\":\"https:\/\/appsaf.apieproject.com\/news\/wp-content\/uploads\/sites\/29\/2022\/07\/logo-R-TransparentBackground.png\",\"contentUrl\":\"https:\/\/appsaf.apieproject.com\/news\/wp-content\/uploads\/sites\/29\/2022\/07\/logo-R-TransparentBackground.png\",\"width\":512,\"height\":512,\"caption\":\"APIE PROJECT\"},\"image\":{\"@id\":\"https:\/\/appsaf.apieproject.com\/news\/#\/schema\/logo\/image\/\"},\"sameAs\":[\"https:\/\/facebook.com\/apieproject\",\"https:\/\/x.com\/apieproject\"]},{\"@type\":\"Person\",\"@id\":\"https:\/\/appsaf.apieproject.com\/news\/#\/schema\/person\/399517cac378948cd7b39086f9ddc2a7\",\"name\":\"staff\",\"image\":{\"@type\":\"ImageObject\",\"inLanguage\":\"fr-FR\",\"@id\":\"https:\/\/appsaf.apieproject.com\/news\/#\/schema\/person\/image\/\",\"url\":\"https:\/\/secure.gravatar.com\/avatar\/5386283c5db150efe261184bd59f072a?s=96&d=mm&r=g\",\"contentUrl\":\"https:\/\/secure.gravatar.com\/avatar\/5386283c5db150efe261184bd59f072a?s=96&d=mm&r=g\",\"caption\":\"staff\"},\"url\":\"https:\/\/appsaf.apieproject.com\/news\/fr\/author\/staff\/\"}]}<\/script>\n<!-- \/ Yoast SEO plugin. -->","yoast_head_json":{"title":"Concours Mode durable : les marques africaines invit\u00e9es \u00e0 postuler - APIE NEWS","robots":{"index":"index","follow":"follow","max-snippet":"max-snippet:-1","max-image-preview":"max-image-preview:large","max-video-preview":"max-video-preview:-1"},"canonical":"https:\/\/appsaf.apieproject.com\/news\/fr\/2022\/02\/28\/concours-mode-durable-les-marques-africaines-invitees-a-postuler\/","og_locale":"fr_FR","og_type":"article","og_title":"Concours Mode durable : les marques africaines invit\u00e9es \u00e0 postuler - APIE NEWS","og_description":"La Banque africaine de d\u00e9veloppement (BAD) a r\u00e9cemment lanc\u00e9 la deuxi\u00e8me \u00e9dition du concours en ligne de mode durable destin\u00e9 aux cr\u00e9ateurs africains de mode durable et circulaire.","og_url":"https:\/\/appsaf.apieproject.com\/news\/fr\/2022\/02\/28\/concours-mode-durable-les-marques-africaines-invitees-a-postuler\/","og_site_name":"APIE NEWS","article_publisher":"https:\/\/facebook.com\/apieproject","article_published_time":"2022-02-28T02:27:05+00:00","article_modified_time":"2022-02-28T02:27:06+00:00","og_image":[{"width":350,"height":144,"url":"https:\/\/appsaf.apieproject.com\/news\/wp-content\/uploads\/sites\/29\/2022\/02\/ls-1-d666e0c5d3d4a152406753fc58ccf60d.jpg","type":"image\/jpeg"}],"author":"staff","twitter_card":"summary_large_image","twitter_creator":"@apieproject","twitter_site":"@apieproject","twitter_misc":{"\u00c9crit par":"staff","Dur\u00e9e de lecture estim\u00e9e":"1 minute"},"schema":{"@context":"https:\/\/schema.org","@graph":[{"@type":"Article","@id":"https:\/\/appsaf.apieproject.com\/news\/fr\/2022\/02\/28\/concours-mode-durable-les-marques-africaines-invitees-a-postuler\/#article","isPartOf":{"@id":"https:\/\/appsaf.apieproject.com\/news\/fr\/2022\/02\/28\/concours-mode-durable-les-marques-africaines-invitees-a-postuler\/"},"author":{"name":"staff","@id":"https:\/\/appsaf.apieproject.com\/news\/#\/schema\/person\/399517cac378948cd7b39086f9ddc2a7"},"headline":"Concours Mode durable : les marques africaines invit\u00e9es \u00e0 postuler","datePublished":"2022-02-28T02:27:05+00:00","dateModified":"2022-02-28T02:27:06+00:00","mainEntityOfPage":{"@id":"https:\/\/appsaf.apieproject.com\/news\/fr\/2022\/02\/28\/concours-mode-durable-les-marques-africaines-invitees-a-postuler\/"},"wordCount":219,"commentCount":0,"publisher":{"@id":"https:\/\/appsaf.apieproject.com\/news\/#organization"},"image":{"@id":"https:\/\/appsaf.apieproject.com\/news\/fr\/2022\/02\/28\/concours-mode-durable-les-marques-africaines-invitees-a-postuler\/#primaryimage"},"thumbnailUrl":"https:\/\/appsaf.apieproject.com\/news\/wp-content\/uploads\/sites\/29\/2022\/02\/ls-1-d666e0c5d3d4a152406753fc58ccf60d.jpg","keywords":["apie project","mode","mode de vie"],"articleSection":["Mode","Mode de Vie"],"inLanguage":"fr-FR","potentialAction":[{"@type":"CommentAction","name":"Comment","target":["https:\/\/appsaf.apieproject.com\/news\/fr\/2022\/02\/28\/concours-mode-durable-les-marques-africaines-invitees-a-postuler\/#respond"]}]},{"@type":"WebPage","@id":"https:\/\/appsaf.apieproject.com\/news\/fr\/2022\/02\/28\/concours-mode-durable-les-marques-africaines-invitees-a-postuler\/","url":"https:\/\/appsaf.apieproject.com\/news\/fr\/2022\/02\/28\/concours-mode-durable-les-marques-africaines-invitees-a-postuler\/","name":"Concours Mode durable : les marques africaines invit\u00e9es \u00e0 postuler - APIE NEWS","isPartOf":{"@id":"https:\/\/appsaf.apieproject.com\/news\/#website"},"primaryImageOfPage":{"@id":"https:\/\/appsaf.apieproject.com\/news\/fr\/2022\/02\/28\/concours-mode-durable-les-marques-africaines-invitees-a-postuler\/#primaryimage"},"image":{"@id":"https:\/\/appsaf.apieproject.com\/news\/fr\/2022\/02\/28\/concours-mode-durable-les-marques-africaines-invitees-a-postuler\/#primaryimage"},"thumbnailUrl":"https:\/\/appsaf.apieproject.com\/news\/wp-content\/uploads\/sites\/29\/2022\/02\/ls-1-d666e0c5d3d4a152406753fc58ccf60d.jpg","datePublished":"2022-02-28T02:27:05+00:00","dateModified":"2022-02-28T02:27:06+00:00","breadcrumb":{"@id":"https:\/\/appsaf.apieproject.com\/news\/fr\/2022\/02\/28\/concours-mode-durable-les-marques-africaines-invitees-a-postuler\/#breadcrumb"},"inLanguage":"fr-FR","potentialAction":[{"@type":"ReadAction","target":["https:\/\/appsaf.apieproject.com\/news\/fr\/2022\/02\/28\/concours-mode-durable-les-marques-africaines-invitees-a-postuler\/"]}]},{"@type":"ImageObject","inLanguage":"fr-FR","@id":"https:\/\/appsaf.apieproject.com\/news\/fr\/2022\/02\/28\/concours-mode-durable-les-marques-africaines-invitees-a-postuler\/#primaryimage","url":"https:\/\/appsaf.apieproject.com\/news\/wp-content\/uploads\/sites\/29\/2022\/02\/ls-1-d666e0c5d3d4a152406753fc58ccf60d.jpg","contentUrl":"https:\/\/appsaf.apieproject.com\/news\/wp-content\/uploads\/sites\/29\/2022\/02\/ls-1-d666e0c5d3d4a152406753fc58ccf60d.jpg","width":350,"height":144},{"@type":"BreadcrumbList","@id":"https:\/\/appsaf.apieproject.com\/news\/fr\/2022\/02\/28\/concours-mode-durable-les-marques-africaines-invitees-a-postuler\/#breadcrumb","itemListElement":[{"@type":"ListItem","position":1,"name":"Home","item":"https:\/\/appsaf.apieproject.com\/news\/fr\/home\/"},{"@type":"ListItem","position":2,"name":"Concours Mode durable : les marques africaines invit\u00e9es \u00e0 postuler"}]},{"@type":"WebSite","@id":"https:\/\/appsaf.apieproject.com\/news\/#website","url":"https:\/\/appsaf.apieproject.com\/news\/","name":"APIE NEWS","description":"PANAFRICANISM NEWS PORTAL","publisher":{"@id":"https:\/\/appsaf.apieproject.com\/news\/#organization"},"potentialAction":[{"@type":"SearchAction","target":{"@type":"EntryPoint","urlTemplate":"https:\/\/appsaf.apieproject.com\/news\/?s={search_term_string}"},"query-input":{"@type":"PropertyValueSpecification","valueRequired":true,"valueName":"search_term_string"}}],"inLanguage":"fr-FR"},{"@type":"Organization","@id":"https:\/\/appsaf.apieproject.com\/news\/#organization","name":"APIE PROJECT","url":"https:\/\/appsaf.apieproject.com\/news\/","logo":{"@type":"ImageObject","inLanguage":"fr-FR","@id":"https:\/\/appsaf.apieproject.com\/news\/#\/schema\/logo\/image\/","url":"https:\/\/appsaf.apieproject.com\/news\/wp-content\/uploads\/sites\/29\/2022\/07\/logo-R-TransparentBackground.png","contentUrl":"https:\/\/appsaf.apieproject.com\/news\/wp-content\/uploads\/sites\/29\/2022\/07\/logo-R-TransparentBackground.png","width":512,"height":512,"caption":"APIE PROJECT"},"image":{"@id":"https:\/\/appsaf.apieproject.com\/news\/#\/schema\/logo\/image\/"},"sameAs":["https:\/\/facebook.com\/apieproject","https:\/\/x.com\/apieproject"]},{"@type":"Person","@id":"https:\/\/appsaf.apieproject.com\/news\/#\/schema\/person\/399517cac378948cd7b39086f9ddc2a7","name":"staff","image":{"@type":"ImageObject","inLanguage":"fr-FR","@id":"https:\/\/appsaf.apieproject.com\/news\/#\/schema\/person\/image\/","url":"https:\/\/secure.gravatar.com\/avatar\/5386283c5db150efe261184bd59f072a?s=96&d=mm&r=g","contentUrl":"https:\/\/secure.gravatar.com\/avatar\/5386283c5db150efe261184bd59f072a?s=96&d=mm&r=g","caption":"staff"},"url":"https:\/\/appsaf.apieproject.com\/news\/fr\/author\/staff\/"}]}},"_links":{"self":[{"href":"https:\/\/appsaf.apieproject.com\/news\/fr\/wp-json\/wp\/v2\/posts\/1825","targetHints":{"allow":["GET"]}}],"collection":[{"href":"https:\/\/appsaf.apieproject.com\/news\/fr\/wp-json\/wp\/v2\/posts"}],"about":[{"href":"https:\/\/appsaf.apieproject.com\/news\/fr\/wp-json\/wp\/v2\/types\/post"}],"author":[{"embeddable":true,"href":"https:\/\/appsaf.apieproject.com\/news\/fr\/wp-json\/wp\/v2\/users\/12963"}],"replies":[{"embeddable":true,"href":"https:\/\/appsaf.apieproject.com\/news\/fr\/wp-json\/wp\/v2\/comments?post=1825"}],"version-history":[{"count":1,"href":"https:\/\/appsaf.apieproject.com\/news\/fr\/wp-json\/wp\/v2\/posts\/1825\/revisions"}],"predecessor-version":[{"id":1915,"href":"https:\/\/appsaf.apieproject.com\/news\/fr\/wp-json\/wp\/v2\/posts\/1825\/revisions\/1915"}],"wp:featuredmedia":[{"embeddable":true,"href":"https:\/\/appsaf.apieproject.com\/news\/fr\/wp-json\/wp\/v2\/media\/1822"}],"wp:attachment":[{"href":"https:\/\/appsaf.apieproject.com\/news\/fr\/wp-json\/wp\/v2\/media?parent=1825"}],"wp:term":[{"taxonomy":"category","embeddable":true,"href":"https:\/\/appsaf.apieproject.com\/news\/fr\/wp-json\/wp\/v2\/categories?post=1825"},{"taxonomy":"post_tag","embeddable":true,"href":"https:\/\/appsaf.apieproject.com\/news\/fr\/wp-json\/wp\/v2\/tags?post=1825"}],"curies":[{"name":"wp","href":"https:\/\/api.w.org\/{rel}","templated":true}]}}