{"id":18267,"date":"2022-09-26T18:44:36","date_gmt":"2022-09-26T18:44:36","guid":{"rendered":"https:\/\/appsaf.apieproject.com\/news\/?p=18267"},"modified":"2022-09-26T18:44:39","modified_gmt":"2022-09-26T18:44:39","slug":"m-auto-devient-la-plus-grande-plateforme-de-mobilite-electrique-en-afrique-apres-3-mois-dactivite","status":"publish","type":"post","link":"https:\/\/appsaf.apieproject.com\/news\/fr\/2022\/09\/26\/m-auto-devient-la-plus-grande-plateforme-de-mobilite-electrique-en-afrique-apres-3-mois-dactivite\/","title":{"rendered":"M Auto Devient La Plus Grande Plateforme De Mobilit\u00e9 \u00c9lectrique En Afrique Apr\u00e8s 3 Mois D\u2019Activit\u00e9"},"content":{"rendered":"<p>Implant\u00e9e \u00e0 Cotonou en mai 2022 dernier, l\u2019entreprise M Auto qui propose des solutions de mobilit\u00e9 \u00e9lectrique innovantes et durables afin d\u2019am\u00e9liorer la qualit\u00e9 de vie des populations de Cotonou et du B\u00e9nin en g\u00e9n\u00e9ral se positionne d\u00e9j\u00e0 sur l\u2019orbite du succ\u00e8s. Apr\u00e8s seulement trois mois d\u2019activit\u00e9, M Auto r\u00e9volutionne progressivement le march\u00e9 des v\u00e9hicules \u00e9lectriques en Afrique et devient la plus grande plateforme de mobilit\u00e9 \u00e9lectrique du continent africain.<\/p>\n<p>Avec plus de 2000 motos d\u00e9j\u00e0 vendues et en circulation, plus de 2 millions de km<br \/>\nparcourus et plus de 2 500 commandes certifi\u00e9es et en attente de livraison, M Auto<br \/>\ndevient la plus grande entreprise de v\u00e9hicules \u00e9lectriques en Afrique par nombre<br \/>\nde motos sur la route et par montant des fonds s\u00e9curis\u00e9s en un record de 3 mois<br \/>\nd\u2019exploitation. M Auto peut d\u00e9sormais se permettre de frotter les mains en raison de l\u2019acc\u00e9l\u00e9ration de sa croissance actuelle sur les march\u00e9s existants.<\/p>\n<p>\u00ab Tr\u00e8s souvent on nous reproche en Afrique de l\u2019Ouest de faire simplement la copie de ce qui vient de l\u2019Afrique de l\u2019Est parce que l\u2019Afrique de l\u2019est est plus anglophone et donc plus ouvert sur le monde \u00e9tranger. Mais pour une fois nous pouvons \u00eatre tous fier de dire que cette r\u00e9volution que nous voulons pour le continent, elle part de l\u2019Afrique de l\u2019ouest et nous sommes d\u00e9j\u00e0 la plus grande plateforme de mobilit\u00e9 \u00e9lectrique du continent africain avec plus de 20000 motos \u00e9lectriques sans \u00e9mission de carbone \u00bb a d\u00e9clar\u00e9 Shegun Adjadi Bakari, Pr\u00e9sident Directeur G\u00e9n\u00e9ral de M Auto.<\/p>\n<p>A en croire le Directeur, ce succ\u00e8s au cours des derniers mois confirme que les clients sur le continent attendaient des solutions respectueuses de l\u2019environnement, efficaces et abordables. \u00ab Nous continuons de nous assurer que nous disposons d\u2019un vaste r\u00e9seau de stations d\u2019\u00e9change de batteries afin de permettre \u00e0 nos utilisateurs d\u2019acc\u00e9der facilement \u00e0 la recharge. Nous progressons rapidement et avons h\u00e2te<br \/>\nde pr\u00e9senter l\u2019exp\u00e9rience M Auto dans de nouveaux march\u00e9s. \u00bb, a ajout\u00e9 le Directeur G\u00e9n\u00e9ral et associ\u00e9 chez ATIF.<\/p>\n<p>Le mod\u00e8le \u00ab Commando \u00bb d\u00e9sormais disponible sur le march\u00e9<br \/>\nApr\u00e8s le Cha-chap et le M Electric qui circulent d\u00e9j\u00e0 \u00e0 foison sur les routes, les populations du B\u00e9nin peuvent d\u00e9sormais avoir acc\u00e8s au \u00ab Commando \u00bb. En effet, ce nouveau mod\u00e8le de moto \u00e9lectrique tr\u00e8s r\u00e9sistant et adapt\u00e9 au relief du B\u00e9nin et de l\u2019Afrique a \u00e9t\u00e9 officiellement lanc\u00e9. Les clients et partenaires ont eu le plaisir d\u2019essayer non seulement ce nouveau mod\u00e8le mais \u00e9galement le Chap-Chap et le M Electric. Par ses diff\u00e9rents types de motos commercialis\u00e9s suivant le mod\u00e8le pay as you go (paiement au jour le jour), M Auto permet aux consommateurs d\u2019entrer dans la quatri\u00e8me r\u00e9volution industrielle sans pr\u00e9judice pour la nature et m\u00eame pour les humains.<\/p>\n<p>\u00ab La transition \u00e9cologique c\u2019est quelque chose que nous vivons tous les jours. On se rend compte de l\u2019incident du d\u00e9r\u00e8glement climatique avec les inondations, la mont\u00e9e du niveau de la mer. Ce sont des \u00e9l\u00e9ments qui nous touchent aussi. Nous on croit que le fait de passer \u00e0 des solutions respectueuses de l\u2019environnement permet \u00e9galement de cr\u00e9er de la richesse et de cr\u00e9er de l\u2019emploi\u00ab , a expliqu\u00e9 le PDG.<\/p>\n<p>Avantages pour les utilisateurs des motos \u00e9lectriques de M Auto<br \/>\nLes utilisateurs b\u00e9n\u00e9ficient d\u2019 une meilleure qualit\u00e9 \u00e0 un co\u00fbt inf\u00e9rieur par rapport \u00e0<br \/>\nune moto thermique. Avec seulement 999 F CFA par jour, chaque citoyen b\u00e9ninois, femme comme homme peut d\u00e9sormais rentrer en possession de sa moto \u00e9lectrique. La technologie de batterie de M Auto et les stations d\u2019\u00e9change de batteries sont non seulement s\u00fbres mais tr\u00e8s efficaces, permettant aux utilisateurs de parcourir 200 kilom\u00e8tres par jour en faisant 2 \u00e9changes de batterie. M Auto est une meilleure alternative au thermique surtout pour les utilisateurs commerciaux notamment les conducteurs de taxi-moto. Ces derniers ont la possibilit\u00e9 de gagner plus et de devenir un propri\u00e9taire-exploitant, m\u00eame pour ceux \u00e0 faible revenu sans ant\u00e9c\u00e9dents de cr\u00e9dit.<\/p>\n<p>De plus, les motos \u00e9lectriques de M Auto sont \u00e9galement dot\u00e9es d\u2019un syst\u00e8me de s\u00e9curit\u00e9 permettant de limiter les risques d\u2019accident. La s\u00e9curit\u00e9 est surveill\u00e9e par des capteurs IoT \u00e0 distance int\u00e9gr\u00e9s \u00e0 l\u2019arri\u00e8re qui signalent imm\u00e9diatement les probl\u00e8mes. En plus de la s\u00e9curit\u00e9 des batteries, le r\u00e9gulateur AI de Commando limite la vitesse excessive \u00e0 80 kilom\u00e8tres \u00e0 l\u2019heure et le syst\u00e8me offre des recommandations aux utilisateurs. Les motos et les batteries sont tra\u00e7ables avec les technologies IoT de M Auto et leur utilisation peut \u00eatre bloqu\u00e9e \u00e0 distance en cas de vol.<\/p>\n<p>Pour rappel, M Auto construit actuellement des usines de fabrication et d\u2019assemblage respectivement sur le parc industriel moderne et int\u00e9gr\u00e9 de la Zone \u00e9conomique sp\u00e9ciale de Glo Djigb\u00e9 pr\u00e8s de Cotonou et sur la Plateforme d\u2019Ad\u00e9tikop\u00e9 \u00e0 juste quelques kilom\u00e8tres au nord Est de Lom\u0117. Elle sera la premi\u00e8re entreprise \u00e0 fabriquer des motos \u00e9lectriques et des batteries en Afrique, aidant \u00e0 r\u00e9soudre les d\u00e9s\u00e9quilibres import-export, d\u00e9bloquant la croissance \u00e9conomique et le d\u00e9veloppement durable. M Auto se concentre uniquement sur l\u2019industrialisation propre de l\u2019Afrique gr\u00e2ce aux technologies de mobilit\u00e9 \u00e9lectrique.<\/p>\n","protected":false},"excerpt":{"rendered":"<p>La marque M Auto sp\u00e9cialis\u00e9e dans la production et la commercialisation des motos \u00e9lectriques au B\u00e9nin a pr\u00e9sent\u00e9 les premiers r\u00e9sultats de ses efforts apr\u00e8s trois mois d\u2019activit\u00e9 depuis son implantation en Afrique. C\u2019est \u00e0 travers une conf\u00e9rence de presse tenue dans la soir\u00e9e de ce vendredi 23 septembre \u00e0 l\u2019h\u00f4tel Golden Tulip de Cotonou en pr\u00e9sence des clients et partenaires. Cette sortie m\u00e9diatique a servi \u00e9galement de rampe au lancement officiel de nouveaux produits, notamment la Moto Commando d\u00e9sormais disponible pour le bonheur des clients.<\/p>\n","protected":false},"author":12963,"featured_media":18264,"comment_status":"open","ping_status":"open","sticky":false,"template":"","format":"standard","meta":{"footnotes":""},"categories":[67,73],"tags":[81,78,77],"class_list":{"0":"post-18267","1":"post","2":"type-post","3":"status-publish","4":"format-standard","5":"has-post-thumbnail","7":"category-actualites","8":"category-technologie","9":"tag-actualites","10":"tag-apie-project-2","11":"tag-technologie"},"yoast_head":"<!-- This site is optimized with the Yoast SEO plugin v24.4 - https:\/\/yoast.com\/wordpress\/plugins\/seo\/ -->\n<title>M Auto Devient La Plus Grande Plateforme De Mobilit\u00e9 \u00c9lectrique En Afrique Apr\u00e8s 3 Mois D\u2019Activit\u00e9 - APIE NEWS<\/title>\n<meta name=\"robots\" content=\"index, follow, max-snippet:-1, max-image-preview:large, max-video-preview:-1\" \/>\n<link rel=\"canonical\" href=\"https:\/\/appsaf.apieproject.com\/news\/fr\/2022\/09\/26\/m-auto-devient-la-plus-grande-plateforme-de-mobilite-electrique-en-afrique-apres-3-mois-dactivite\/\" \/>\n<meta property=\"og:locale\" content=\"fr_FR\" \/>\n<meta property=\"og:type\" content=\"article\" \/>\n<meta property=\"og:title\" content=\"M Auto Devient La Plus Grande Plateforme De Mobilit\u00e9 \u00c9lectrique En Afrique Apr\u00e8s 3 Mois D\u2019Activit\u00e9 - APIE NEWS\" \/>\n<meta property=\"og:description\" content=\"La marque M Auto sp\u00e9cialis\u00e9e dans la production et la commercialisation des motos \u00e9lectriques au B\u00e9nin a pr\u00e9sent\u00e9 les premiers r\u00e9sultats de ses efforts apr\u00e8s trois mois d\u2019activit\u00e9 depuis son implantation en Afrique. C\u2019est \u00e0 travers une conf\u00e9rence de presse tenue dans la soir\u00e9e de ce vendredi 23 septembre \u00e0 l\u2019h\u00f4tel Golden Tulip de Cotonou en pr\u00e9sence des clients et partenaires. Cette sortie m\u00e9diatique a servi \u00e9galement de rampe au lancement officiel de nouveaux produits, notamment la Moto Commando d\u00e9sormais disponible pour le bonheur des clients.\" \/>\n<meta property=\"og:url\" content=\"https:\/\/appsaf.apieproject.com\/news\/fr\/2022\/09\/26\/m-auto-devient-la-plus-grande-plateforme-de-mobilite-electrique-en-afrique-apres-3-mois-dactivite\/\" \/>\n<meta property=\"og:site_name\" content=\"APIE NEWS\" \/>\n<meta property=\"article:publisher\" content=\"https:\/\/facebook.com\/apieproject\" \/>\n<meta property=\"article:published_time\" content=\"2022-09-26T18:44:36+00:00\" \/>\n<meta property=\"article:modified_time\" content=\"2022-09-26T18:44:39+00:00\" \/>\n<meta property=\"og:image\" content=\"https:\/\/appsaf.apieproject.com\/news\/wp-content\/uploads\/sites\/29\/2022\/09\/tr1-54ac334085331825fb4ebcaa3a07c9d2.jpg\" \/>\n\t<meta property=\"og:image:width\" content=\"986\" \/>\n\t<meta property=\"og:image:height\" content=\"659\" \/>\n\t<meta property=\"og:image:type\" content=\"image\/jpeg\" \/>\n<meta name=\"author\" content=\"staff\" \/>\n<meta name=\"twitter:card\" content=\"summary_large_image\" \/>\n<meta name=\"twitter:creator\" content=\"@apieproject\" \/>\n<meta name=\"twitter:site\" content=\"@apieproject\" \/>\n<meta name=\"twitter:label1\" content=\"\u00c9crit par\" \/>\n\t<meta name=\"twitter:data1\" content=\"staff\" \/>\n\t<meta name=\"twitter:label2\" content=\"Dur\u00e9e de lecture estim\u00e9e\" \/>\n\t<meta name=\"twitter:data2\" content=\"5 minutes\" \/>\n<script type=\"application\/ld+json\" class=\"yoast-schema-graph\">{\"@context\":\"https:\/\/schema.org\",\"@graph\":[{\"@type\":\"Article\",\"@id\":\"https:\/\/appsaf.apieproject.com\/news\/fr\/2022\/09\/26\/m-auto-devient-la-plus-grande-plateforme-de-mobilite-electrique-en-afrique-apres-3-mois-dactivite\/#article\",\"isPartOf\":{\"@id\":\"https:\/\/appsaf.apieproject.com\/news\/fr\/2022\/09\/26\/m-auto-devient-la-plus-grande-plateforme-de-mobilite-electrique-en-afrique-apres-3-mois-dactivite\/\"},\"author\":{\"name\":\"staff\",\"@id\":\"https:\/\/appsaf.apieproject.com\/news\/#\/schema\/person\/399517cac378948cd7b39086f9ddc2a7\"},\"headline\":\"M Auto Devient La Plus Grande Plateforme De Mobilit\u00e9 \u00c9lectrique En Afrique Apr\u00e8s 3 Mois D\u2019Activit\u00e9\",\"datePublished\":\"2022-09-26T18:44:36+00:00\",\"dateModified\":\"2022-09-26T18:44:39+00:00\",\"mainEntityOfPage\":{\"@id\":\"https:\/\/appsaf.apieproject.com\/news\/fr\/2022\/09\/26\/m-auto-devient-la-plus-grande-plateforme-de-mobilite-electrique-en-afrique-apres-3-mois-dactivite\/\"},\"wordCount\":953,\"commentCount\":0,\"publisher\":{\"@id\":\"https:\/\/appsaf.apieproject.com\/news\/#organization\"},\"image\":{\"@id\":\"https:\/\/appsaf.apieproject.com\/news\/fr\/2022\/09\/26\/m-auto-devient-la-plus-grande-plateforme-de-mobilite-electrique-en-afrique-apres-3-mois-dactivite\/#primaryimage\"},\"thumbnailUrl\":\"https:\/\/appsaf.apieproject.com\/news\/wp-content\/uploads\/sites\/29\/2022\/09\/tr1-54ac334085331825fb4ebcaa3a07c9d2.jpg\",\"keywords\":[\"actualites\",\"apie project\",\"technologie\"],\"articleSection\":[\"Actualit\u00e9s\",\"Technologie\"],\"inLanguage\":\"fr-FR\",\"potentialAction\":[{\"@type\":\"CommentAction\",\"name\":\"Comment\",\"target\":[\"https:\/\/appsaf.apieproject.com\/news\/fr\/2022\/09\/26\/m-auto-devient-la-plus-grande-plateforme-de-mobilite-electrique-en-afrique-apres-3-mois-dactivite\/#respond\"]}]},{\"@type\":\"WebPage\",\"@id\":\"https:\/\/appsaf.apieproject.com\/news\/fr\/2022\/09\/26\/m-auto-devient-la-plus-grande-plateforme-de-mobilite-electrique-en-afrique-apres-3-mois-dactivite\/\",\"url\":\"https:\/\/appsaf.apieproject.com\/news\/fr\/2022\/09\/26\/m-auto-devient-la-plus-grande-plateforme-de-mobilite-electrique-en-afrique-apres-3-mois-dactivite\/\",\"name\":\"M Auto Devient La Plus Grande Plateforme De Mobilit\u00e9 \u00c9lectrique En Afrique Apr\u00e8s 3 Mois D\u2019Activit\u00e9 - APIE NEWS\",\"isPartOf\":{\"@id\":\"https:\/\/appsaf.apieproject.com\/news\/#website\"},\"primaryImageOfPage\":{\"@id\":\"https:\/\/appsaf.apieproject.com\/news\/fr\/2022\/09\/26\/m-auto-devient-la-plus-grande-plateforme-de-mobilite-electrique-en-afrique-apres-3-mois-dactivite\/#primaryimage\"},\"image\":{\"@id\":\"https:\/\/appsaf.apieproject.com\/news\/fr\/2022\/09\/26\/m-auto-devient-la-plus-grande-plateforme-de-mobilite-electrique-en-afrique-apres-3-mois-dactivite\/#primaryimage\"},\"thumbnailUrl\":\"https:\/\/appsaf.apieproject.com\/news\/wp-content\/uploads\/sites\/29\/2022\/09\/tr1-54ac334085331825fb4ebcaa3a07c9d2.jpg\",\"datePublished\":\"2022-09-26T18:44:36+00:00\",\"dateModified\":\"2022-09-26T18:44:39+00:00\",\"breadcrumb\":{\"@id\":\"https:\/\/appsaf.apieproject.com\/news\/fr\/2022\/09\/26\/m-auto-devient-la-plus-grande-plateforme-de-mobilite-electrique-en-afrique-apres-3-mois-dactivite\/#breadcrumb\"},\"inLanguage\":\"fr-FR\",\"potentialAction\":[{\"@type\":\"ReadAction\",\"target\":[\"https:\/\/appsaf.apieproject.com\/news\/fr\/2022\/09\/26\/m-auto-devient-la-plus-grande-plateforme-de-mobilite-electrique-en-afrique-apres-3-mois-dactivite\/\"]}]},{\"@type\":\"ImageObject\",\"inLanguage\":\"fr-FR\",\"@id\":\"https:\/\/appsaf.apieproject.com\/news\/fr\/2022\/09\/26\/m-auto-devient-la-plus-grande-plateforme-de-mobilite-electrique-en-afrique-apres-3-mois-dactivite\/#primaryimage\",\"url\":\"https:\/\/appsaf.apieproject.com\/news\/wp-content\/uploads\/sites\/29\/2022\/09\/tr1-54ac334085331825fb4ebcaa3a07c9d2.jpg\",\"contentUrl\":\"https:\/\/appsaf.apieproject.com\/news\/wp-content\/uploads\/sites\/29\/2022\/09\/tr1-54ac334085331825fb4ebcaa3a07c9d2.jpg\",\"width\":986,\"height\":659},{\"@type\":\"BreadcrumbList\",\"@id\":\"https:\/\/appsaf.apieproject.com\/news\/fr\/2022\/09\/26\/m-auto-devient-la-plus-grande-plateforme-de-mobilite-electrique-en-afrique-apres-3-mois-dactivite\/#breadcrumb\",\"itemListElement\":[{\"@type\":\"ListItem\",\"position\":1,\"name\":\"Home\",\"item\":\"https:\/\/appsaf.apieproject.com\/news\/fr\/home\/\"},{\"@type\":\"ListItem\",\"position\":2,\"name\":\"M Auto Devient La Plus Grande Plateforme De Mobilit\u00e9 \u00c9lectrique En Afrique Apr\u00e8s 3 Mois D\u2019Activit\u00e9\"}]},{\"@type\":\"WebSite\",\"@id\":\"https:\/\/appsaf.apieproject.com\/news\/#website\",\"url\":\"https:\/\/appsaf.apieproject.com\/news\/\",\"name\":\"APIE NEWS\",\"description\":\"PANAFRICANISM NEWS PORTAL\",\"publisher\":{\"@id\":\"https:\/\/appsaf.apieproject.com\/news\/#organization\"},\"potentialAction\":[{\"@type\":\"SearchAction\",\"target\":{\"@type\":\"EntryPoint\",\"urlTemplate\":\"https:\/\/appsaf.apieproject.com\/news\/?s={search_term_string}\"},\"query-input\":{\"@type\":\"PropertyValueSpecification\",\"valueRequired\":true,\"valueName\":\"search_term_string\"}}],\"inLanguage\":\"fr-FR\"},{\"@type\":\"Organization\",\"@id\":\"https:\/\/appsaf.apieproject.com\/news\/#organization\",\"name\":\"APIE PROJECT\",\"url\":\"https:\/\/appsaf.apieproject.com\/news\/\",\"logo\":{\"@type\":\"ImageObject\",\"inLanguage\":\"fr-FR\",\"@id\":\"https:\/\/appsaf.apieproject.com\/news\/#\/schema\/logo\/image\/\",\"url\":\"https:\/\/appsaf.apieproject.com\/news\/wp-content\/uploads\/sites\/29\/2022\/07\/logo-R-TransparentBackground.png\",\"contentUrl\":\"https:\/\/appsaf.apieproject.com\/news\/wp-content\/uploads\/sites\/29\/2022\/07\/logo-R-TransparentBackground.png\",\"width\":512,\"height\":512,\"caption\":\"APIE PROJECT\"},\"image\":{\"@id\":\"https:\/\/appsaf.apieproject.com\/news\/#\/schema\/logo\/image\/\"},\"sameAs\":[\"https:\/\/facebook.com\/apieproject\",\"https:\/\/x.com\/apieproject\"]},{\"@type\":\"Person\",\"@id\":\"https:\/\/appsaf.apieproject.com\/news\/#\/schema\/person\/399517cac378948cd7b39086f9ddc2a7\",\"name\":\"staff\",\"image\":{\"@type\":\"ImageObject\",\"inLanguage\":\"fr-FR\",\"@id\":\"https:\/\/appsaf.apieproject.com\/news\/#\/schema\/person\/image\/\",\"url\":\"https:\/\/secure.gravatar.com\/avatar\/5386283c5db150efe261184bd59f072a?s=96&d=mm&r=g\",\"contentUrl\":\"https:\/\/secure.gravatar.com\/avatar\/5386283c5db150efe261184bd59f072a?s=96&d=mm&r=g\",\"caption\":\"staff\"},\"url\":\"https:\/\/appsaf.apieproject.com\/news\/fr\/author\/staff\/\"}]}<\/script>\n<!-- \/ Yoast SEO plugin. -->","yoast_head_json":{"title":"M Auto Devient La Plus Grande Plateforme De Mobilit\u00e9 \u00c9lectrique En Afrique Apr\u00e8s 3 Mois D\u2019Activit\u00e9 - APIE NEWS","robots":{"index":"index","follow":"follow","max-snippet":"max-snippet:-1","max-image-preview":"max-image-preview:large","max-video-preview":"max-video-preview:-1"},"canonical":"https:\/\/appsaf.apieproject.com\/news\/fr\/2022\/09\/26\/m-auto-devient-la-plus-grande-plateforme-de-mobilite-electrique-en-afrique-apres-3-mois-dactivite\/","og_locale":"fr_FR","og_type":"article","og_title":"M Auto Devient La Plus Grande Plateforme De Mobilit\u00e9 \u00c9lectrique En Afrique Apr\u00e8s 3 Mois D\u2019Activit\u00e9 - APIE NEWS","og_description":"La marque M Auto sp\u00e9cialis\u00e9e dans la production et la commercialisation des motos \u00e9lectriques au B\u00e9nin a pr\u00e9sent\u00e9 les premiers r\u00e9sultats de ses efforts apr\u00e8s trois mois d\u2019activit\u00e9 depuis son implantation en Afrique. C\u2019est \u00e0 travers une conf\u00e9rence de presse tenue dans la soir\u00e9e de ce vendredi 23 septembre \u00e0 l\u2019h\u00f4tel Golden Tulip de Cotonou en pr\u00e9sence des clients et partenaires. Cette sortie m\u00e9diatique a servi \u00e9galement de rampe au lancement officiel de nouveaux produits, notamment la Moto Commando d\u00e9sormais disponible pour le bonheur des clients.","og_url":"https:\/\/appsaf.apieproject.com\/news\/fr\/2022\/09\/26\/m-auto-devient-la-plus-grande-plateforme-de-mobilite-electrique-en-afrique-apres-3-mois-dactivite\/","og_site_name":"APIE NEWS","article_publisher":"https:\/\/facebook.com\/apieproject","article_published_time":"2022-09-26T18:44:36+00:00","article_modified_time":"2022-09-26T18:44:39+00:00","og_image":[{"width":986,"height":659,"url":"https:\/\/appsaf.apieproject.com\/news\/wp-content\/uploads\/sites\/29\/2022\/09\/tr1-54ac334085331825fb4ebcaa3a07c9d2.jpg","type":"image\/jpeg"}],"author":"staff","twitter_card":"summary_large_image","twitter_creator":"@apieproject","twitter_site":"@apieproject","twitter_misc":{"\u00c9crit par":"staff","Dur\u00e9e de lecture estim\u00e9e":"5 minutes"},"schema":{"@context":"https:\/\/schema.org","@graph":[{"@type":"Article","@id":"https:\/\/appsaf.apieproject.com\/news\/fr\/2022\/09\/26\/m-auto-devient-la-plus-grande-plateforme-de-mobilite-electrique-en-afrique-apres-3-mois-dactivite\/#article","isPartOf":{"@id":"https:\/\/appsaf.apieproject.com\/news\/fr\/2022\/09\/26\/m-auto-devient-la-plus-grande-plateforme-de-mobilite-electrique-en-afrique-apres-3-mois-dactivite\/"},"author":{"name":"staff","@id":"https:\/\/appsaf.apieproject.com\/news\/#\/schema\/person\/399517cac378948cd7b39086f9ddc2a7"},"headline":"M Auto Devient La Plus Grande Plateforme De Mobilit\u00e9 \u00c9lectrique En Afrique Apr\u00e8s 3 Mois D\u2019Activit\u00e9","datePublished":"2022-09-26T18:44:36+00:00","dateModified":"2022-09-26T18:44:39+00:00","mainEntityOfPage":{"@id":"https:\/\/appsaf.apieproject.com\/news\/fr\/2022\/09\/26\/m-auto-devient-la-plus-grande-plateforme-de-mobilite-electrique-en-afrique-apres-3-mois-dactivite\/"},"wordCount":953,"commentCount":0,"publisher":{"@id":"https:\/\/appsaf.apieproject.com\/news\/#organization"},"image":{"@id":"https:\/\/appsaf.apieproject.com\/news\/fr\/2022\/09\/26\/m-auto-devient-la-plus-grande-plateforme-de-mobilite-electrique-en-afrique-apres-3-mois-dactivite\/#primaryimage"},"thumbnailUrl":"https:\/\/appsaf.apieproject.com\/news\/wp-content\/uploads\/sites\/29\/2022\/09\/tr1-54ac334085331825fb4ebcaa3a07c9d2.jpg","keywords":["actualites","apie project","technologie"],"articleSection":["Actualit\u00e9s","Technologie"],"inLanguage":"fr-FR","potentialAction":[{"@type":"CommentAction","name":"Comment","target":["https:\/\/appsaf.apieproject.com\/news\/fr\/2022\/09\/26\/m-auto-devient-la-plus-grande-plateforme-de-mobilite-electrique-en-afrique-apres-3-mois-dactivite\/#respond"]}]},{"@type":"WebPage","@id":"https:\/\/appsaf.apieproject.com\/news\/fr\/2022\/09\/26\/m-auto-devient-la-plus-grande-plateforme-de-mobilite-electrique-en-afrique-apres-3-mois-dactivite\/","url":"https:\/\/appsaf.apieproject.com\/news\/fr\/2022\/09\/26\/m-auto-devient-la-plus-grande-plateforme-de-mobilite-electrique-en-afrique-apres-3-mois-dactivite\/","name":"M Auto Devient La Plus Grande Plateforme De Mobilit\u00e9 \u00c9lectrique En Afrique Apr\u00e8s 3 Mois D\u2019Activit\u00e9 - APIE NEWS","isPartOf":{"@id":"https:\/\/appsaf.apieproject.com\/news\/#website"},"primaryImageOfPage":{"@id":"https:\/\/appsaf.apieproject.com\/news\/fr\/2022\/09\/26\/m-auto-devient-la-plus-grande-plateforme-de-mobilite-electrique-en-afrique-apres-3-mois-dactivite\/#primaryimage"},"image":{"@id":"https:\/\/appsaf.apieproject.com\/news\/fr\/2022\/09\/26\/m-auto-devient-la-plus-grande-plateforme-de-mobilite-electrique-en-afrique-apres-3-mois-dactivite\/#primaryimage"},"thumbnailUrl":"https:\/\/appsaf.apieproject.com\/news\/wp-content\/uploads\/sites\/29\/2022\/09\/tr1-54ac334085331825fb4ebcaa3a07c9d2.jpg","datePublished":"2022-09-26T18:44:36+00:00","dateModified":"2022-09-26T18:44:39+00:00","breadcrumb":{"@id":"https:\/\/appsaf.apieproject.com\/news\/fr\/2022\/09\/26\/m-auto-devient-la-plus-grande-plateforme-de-mobilite-electrique-en-afrique-apres-3-mois-dactivite\/#breadcrumb"},"inLanguage":"fr-FR","potentialAction":[{"@type":"ReadAction","target":["https:\/\/appsaf.apieproject.com\/news\/fr\/2022\/09\/26\/m-auto-devient-la-plus-grande-plateforme-de-mobilite-electrique-en-afrique-apres-3-mois-dactivite\/"]}]},{"@type":"ImageObject","inLanguage":"fr-FR","@id":"https:\/\/appsaf.apieproject.com\/news\/fr\/2022\/09\/26\/m-auto-devient-la-plus-grande-plateforme-de-mobilite-electrique-en-afrique-apres-3-mois-dactivite\/#primaryimage","url":"https:\/\/appsaf.apieproject.com\/news\/wp-content\/uploads\/sites\/29\/2022\/09\/tr1-54ac334085331825fb4ebcaa3a07c9d2.jpg","contentUrl":"https:\/\/appsaf.apieproject.com\/news\/wp-content\/uploads\/sites\/29\/2022\/09\/tr1-54ac334085331825fb4ebcaa3a07c9d2.jpg","width":986,"height":659},{"@type":"BreadcrumbList","@id":"https:\/\/appsaf.apieproject.com\/news\/fr\/2022\/09\/26\/m-auto-devient-la-plus-grande-plateforme-de-mobilite-electrique-en-afrique-apres-3-mois-dactivite\/#breadcrumb","itemListElement":[{"@type":"ListItem","position":1,"name":"Home","item":"https:\/\/appsaf.apieproject.com\/news\/fr\/home\/"},{"@type":"ListItem","position":2,"name":"M Auto Devient La Plus Grande Plateforme De Mobilit\u00e9 \u00c9lectrique En Afrique Apr\u00e8s 3 Mois D\u2019Activit\u00e9"}]},{"@type":"WebSite","@id":"https:\/\/appsaf.apieproject.com\/news\/#website","url":"https:\/\/appsaf.apieproject.com\/news\/","name":"APIE NEWS","description":"PANAFRICANISM NEWS PORTAL","publisher":{"@id":"https:\/\/appsaf.apieproject.com\/news\/#organization"},"potentialAction":[{"@type":"SearchAction","target":{"@type":"EntryPoint","urlTemplate":"https:\/\/appsaf.apieproject.com\/news\/?s={search_term_string}"},"query-input":{"@type":"PropertyValueSpecification","valueRequired":true,"valueName":"search_term_string"}}],"inLanguage":"fr-FR"},{"@type":"Organization","@id":"https:\/\/appsaf.apieproject.com\/news\/#organization","name":"APIE PROJECT","url":"https:\/\/appsaf.apieproject.com\/news\/","logo":{"@type":"ImageObject","inLanguage":"fr-FR","@id":"https:\/\/appsaf.apieproject.com\/news\/#\/schema\/logo\/image\/","url":"https:\/\/appsaf.apieproject.com\/news\/wp-content\/uploads\/sites\/29\/2022\/07\/logo-R-TransparentBackground.png","contentUrl":"https:\/\/appsaf.apieproject.com\/news\/wp-content\/uploads\/sites\/29\/2022\/07\/logo-R-TransparentBackground.png","width":512,"height":512,"caption":"APIE PROJECT"},"image":{"@id":"https:\/\/appsaf.apieproject.com\/news\/#\/schema\/logo\/image\/"},"sameAs":["https:\/\/facebook.com\/apieproject","https:\/\/x.com\/apieproject"]},{"@type":"Person","@id":"https:\/\/appsaf.apieproject.com\/news\/#\/schema\/person\/399517cac378948cd7b39086f9ddc2a7","name":"staff","image":{"@type":"ImageObject","inLanguage":"fr-FR","@id":"https:\/\/appsaf.apieproject.com\/news\/#\/schema\/person\/image\/","url":"https:\/\/secure.gravatar.com\/avatar\/5386283c5db150efe261184bd59f072a?s=96&d=mm&r=g","contentUrl":"https:\/\/secure.gravatar.com\/avatar\/5386283c5db150efe261184bd59f072a?s=96&d=mm&r=g","caption":"staff"},"url":"https:\/\/appsaf.apieproject.com\/news\/fr\/author\/staff\/"}]}},"_links":{"self":[{"href":"https:\/\/appsaf.apieproject.com\/news\/fr\/wp-json\/wp\/v2\/posts\/18267","targetHints":{"allow":["GET"]}}],"collection":[{"href":"https:\/\/appsaf.apieproject.com\/news\/fr\/wp-json\/wp\/v2\/posts"}],"about":[{"href":"https:\/\/appsaf.apieproject.com\/news\/fr\/wp-json\/wp\/v2\/types\/post"}],"author":[{"embeddable":true,"href":"https:\/\/appsaf.apieproject.com\/news\/fr\/wp-json\/wp\/v2\/users\/12963"}],"replies":[{"embeddable":true,"href":"https:\/\/appsaf.apieproject.com\/news\/fr\/wp-json\/wp\/v2\/comments?post=18267"}],"version-history":[{"count":1,"href":"https:\/\/appsaf.apieproject.com\/news\/fr\/wp-json\/wp\/v2\/posts\/18267\/revisions"}],"predecessor-version":[{"id":18731,"href":"https:\/\/appsaf.apieproject.com\/news\/fr\/wp-json\/wp\/v2\/posts\/18267\/revisions\/18731"}],"wp:featuredmedia":[{"embeddable":true,"href":"https:\/\/appsaf.apieproject.com\/news\/fr\/wp-json\/wp\/v2\/media\/18264"}],"wp:attachment":[{"href":"https:\/\/appsaf.apieproject.com\/news\/fr\/wp-json\/wp\/v2\/media?parent=18267"}],"wp:term":[{"taxonomy":"category","embeddable":true,"href":"https:\/\/appsaf.apieproject.com\/news\/fr\/wp-json\/wp\/v2\/categories?post=18267"},{"taxonomy":"post_tag","embeddable":true,"href":"https:\/\/appsaf.apieproject.com\/news\/fr\/wp-json\/wp\/v2\/tags?post=18267"}],"curies":[{"name":"wp","href":"https:\/\/api.w.org\/{rel}","templated":true}]}}