{"id":1833,"date":"2022-02-28T02:30:17","date_gmt":"2022-02-28T02:30:17","guid":{"rendered":"https:\/\/appsaf.apieproject.com\/news\/?p=1833"},"modified":"2022-02-28T02:30:18","modified_gmt":"2022-02-28T02:30:18","slug":"senegal-le-pagne-tisse-une-tradition-qui-accompagne-lindividu-du-berceau-au-tombeau","status":"publish","type":"post","link":"https:\/\/appsaf.apieproject.com\/news\/fr\/2022\/02\/28\/senegal-le-pagne-tisse-une-tradition-qui-accompagne-lindividu-du-berceau-au-tombeau\/","title":{"rendered":"S\u00e9n\u00e9gal: Le pagne tiss\u00e9, une tradition qui accompagne l&rsquo;individu du berceau au tombeau"},"content":{"rendered":"<p>A sa naissance, le b\u00e9b\u00e9 est envelopp\u00e9 dans un pagne tiss\u00e9 traditionnel et non dans un tissu sorti des usines. A son son d\u00e9c\u00e8s, le d\u00e9funt a droit, en plus de la fameuse \u00e9toffe de coton blanc, \u00e0 un pagne pour quitter ce monde. Et entre ces deux moments, lors du mariage, c&rsquo;est \u00e9galement dans le pagne tiss\u00e9 que la femme se pr\u00e9sente \u00e0 son \u00e9poux.<\/p>\n<p>Mais malgr\u00e9 ces belles traditions, les tisserands ont malheureusement presque tous disparus du paysage urbain, alors qu&rsquo;il y a quelques ann\u00e9es, on pouvaient les apercevoir un peu partout, navettes en mains devant leurs m\u00e9tiers \u00e0 tisser, produisant des dizaines de m\u00e8tres d&rsquo;\u00e9toffe chaque mois.<\/p>\n","protected":false},"excerpt":{"rendered":"<p>Il y a encore 20 ans, on les voyait \u00e0 chaque coin de rue \u00e0 Dakar, mais surtout dans les r\u00e9gions. Les tisserands, dou\u00e9s dans l\u2019art de fabriquer l&rsquo;\u00e9toffe traditionnelle s\u00e9n\u00e9galaise avec du fil et leur seule habilit\u00e9 manuelle, se font rares de nos jours.<\/p>\n","protected":false},"author":12963,"featured_media":1830,"comment_status":"open","ping_status":"open","sticky":false,"template":"","format":"standard","meta":{"footnotes":""},"categories":[57,63,59],"tags":[78,95,94],"class_list":{"0":"post-1833","1":"post","2":"type-post","3":"status-publish","4":"format-standard","5":"has-post-thumbnail","7":"category-mode","8":"category-mode-de-vie","9":"category-speciaux","10":"tag-apie-project-2","11":"tag-mode","12":"tag-mode-de-vie"},"yoast_head":"<!-- This site is optimized with the Yoast SEO plugin v24.4 - https:\/\/yoast.com\/wordpress\/plugins\/seo\/ -->\n<title>S\u00e9n\u00e9gal: Le pagne tiss\u00e9, une tradition qui accompagne l&#039;individu du berceau au tombeau - APIE NEWS<\/title>\n<meta name=\"robots\" content=\"index, follow, max-snippet:-1, max-image-preview:large, max-video-preview:-1\" \/>\n<link rel=\"canonical\" href=\"https:\/\/appsaf.apieproject.com\/news\/fr\/2022\/02\/28\/senegal-le-pagne-tisse-une-tradition-qui-accompagne-lindividu-du-berceau-au-tombeau\/\" \/>\n<meta property=\"og:locale\" content=\"fr_FR\" \/>\n<meta property=\"og:type\" content=\"article\" \/>\n<meta property=\"og:title\" content=\"S\u00e9n\u00e9gal: Le pagne tiss\u00e9, une tradition qui accompagne l&#039;individu du berceau au tombeau - APIE NEWS\" \/>\n<meta property=\"og:description\" content=\"Il y a encore 20 ans, on les voyait \u00e0 chaque coin de rue \u00e0 Dakar, mais surtout dans les r\u00e9gions. Les tisserands, dou\u00e9s dans l\u2019art de fabriquer l&#039;\u00e9toffe traditionnelle s\u00e9n\u00e9galaise avec du fil et leur seule habilit\u00e9 manuelle, se font rares de nos jours.\" \/>\n<meta property=\"og:url\" content=\"https:\/\/appsaf.apieproject.com\/news\/fr\/2022\/02\/28\/senegal-le-pagne-tisse-une-tradition-qui-accompagne-lindividu-du-berceau-au-tombeau\/\" \/>\n<meta property=\"og:site_name\" content=\"APIE NEWS\" \/>\n<meta property=\"article:publisher\" content=\"https:\/\/facebook.com\/apieproject\" \/>\n<meta property=\"article:published_time\" content=\"2022-02-28T02:30:17+00:00\" \/>\n<meta property=\"article:modified_time\" content=\"2022-02-28T02:30:18+00:00\" \/>\n<meta property=\"og:image\" content=\"https:\/\/appsaf.apieproject.com\/news\/wp-content\/uploads\/sites\/29\/2022\/02\/ls-3-697a97411a1a8d89903e8184a2ced018.jpg\" \/>\n\t<meta property=\"og:image:width\" content=\"300\" \/>\n\t<meta property=\"og:image:height\" content=\"168\" \/>\n\t<meta property=\"og:image:type\" content=\"image\/jpeg\" \/>\n<meta name=\"author\" content=\"staff\" \/>\n<meta name=\"twitter:card\" content=\"summary_large_image\" \/>\n<meta name=\"twitter:creator\" content=\"@apieproject\" \/>\n<meta name=\"twitter:site\" content=\"@apieproject\" \/>\n<meta name=\"twitter:label1\" content=\"\u00c9crit par\" \/>\n\t<meta name=\"twitter:data1\" content=\"staff\" \/>\n\t<meta name=\"twitter:label2\" content=\"Dur\u00e9e de lecture estim\u00e9e\" \/>\n\t<meta name=\"twitter:data2\" content=\"1 minute\" \/>\n<script type=\"application\/ld+json\" class=\"yoast-schema-graph\">{\"@context\":\"https:\/\/schema.org\",\"@graph\":[{\"@type\":\"Article\",\"@id\":\"https:\/\/appsaf.apieproject.com\/news\/fr\/2022\/02\/28\/senegal-le-pagne-tisse-une-tradition-qui-accompagne-lindividu-du-berceau-au-tombeau\/#article\",\"isPartOf\":{\"@id\":\"https:\/\/appsaf.apieproject.com\/news\/fr\/2022\/02\/28\/senegal-le-pagne-tisse-une-tradition-qui-accompagne-lindividu-du-berceau-au-tombeau\/\"},\"author\":{\"name\":\"staff\",\"@id\":\"https:\/\/appsaf.apieproject.com\/news\/#\/schema\/person\/399517cac378948cd7b39086f9ddc2a7\"},\"headline\":\"S\u00e9n\u00e9gal: Le pagne tiss\u00e9, une tradition qui accompagne l&rsquo;individu du berceau au tombeau\",\"datePublished\":\"2022-02-28T02:30:17+00:00\",\"dateModified\":\"2022-02-28T02:30:18+00:00\",\"mainEntityOfPage\":{\"@id\":\"https:\/\/appsaf.apieproject.com\/news\/fr\/2022\/02\/28\/senegal-le-pagne-tisse-une-tradition-qui-accompagne-lindividu-du-berceau-au-tombeau\/\"},\"wordCount\":134,\"commentCount\":0,\"publisher\":{\"@id\":\"https:\/\/appsaf.apieproject.com\/news\/#organization\"},\"image\":{\"@id\":\"https:\/\/appsaf.apieproject.com\/news\/fr\/2022\/02\/28\/senegal-le-pagne-tisse-une-tradition-qui-accompagne-lindividu-du-berceau-au-tombeau\/#primaryimage\"},\"thumbnailUrl\":\"https:\/\/appsaf.apieproject.com\/news\/wp-content\/uploads\/sites\/29\/2022\/02\/ls-3-697a97411a1a8d89903e8184a2ced018.jpg\",\"keywords\":[\"apie project\",\"mode\",\"mode de vie\"],\"articleSection\":[\"Mode\",\"Mode de Vie\",\"Sp\u00e9ciaux\"],\"inLanguage\":\"fr-FR\",\"potentialAction\":[{\"@type\":\"CommentAction\",\"name\":\"Comment\",\"target\":[\"https:\/\/appsaf.apieproject.com\/news\/fr\/2022\/02\/28\/senegal-le-pagne-tisse-une-tradition-qui-accompagne-lindividu-du-berceau-au-tombeau\/#respond\"]}]},{\"@type\":\"WebPage\",\"@id\":\"https:\/\/appsaf.apieproject.com\/news\/fr\/2022\/02\/28\/senegal-le-pagne-tisse-une-tradition-qui-accompagne-lindividu-du-berceau-au-tombeau\/\",\"url\":\"https:\/\/appsaf.apieproject.com\/news\/fr\/2022\/02\/28\/senegal-le-pagne-tisse-une-tradition-qui-accompagne-lindividu-du-berceau-au-tombeau\/\",\"name\":\"S\u00e9n\u00e9gal: Le pagne tiss\u00e9, une tradition qui accompagne l'individu du berceau au tombeau - APIE NEWS\",\"isPartOf\":{\"@id\":\"https:\/\/appsaf.apieproject.com\/news\/#website\"},\"primaryImageOfPage\":{\"@id\":\"https:\/\/appsaf.apieproject.com\/news\/fr\/2022\/02\/28\/senegal-le-pagne-tisse-une-tradition-qui-accompagne-lindividu-du-berceau-au-tombeau\/#primaryimage\"},\"image\":{\"@id\":\"https:\/\/appsaf.apieproject.com\/news\/fr\/2022\/02\/28\/senegal-le-pagne-tisse-une-tradition-qui-accompagne-lindividu-du-berceau-au-tombeau\/#primaryimage\"},\"thumbnailUrl\":\"https:\/\/appsaf.apieproject.com\/news\/wp-content\/uploads\/sites\/29\/2022\/02\/ls-3-697a97411a1a8d89903e8184a2ced018.jpg\",\"datePublished\":\"2022-02-28T02:30:17+00:00\",\"dateModified\":\"2022-02-28T02:30:18+00:00\",\"breadcrumb\":{\"@id\":\"https:\/\/appsaf.apieproject.com\/news\/fr\/2022\/02\/28\/senegal-le-pagne-tisse-une-tradition-qui-accompagne-lindividu-du-berceau-au-tombeau\/#breadcrumb\"},\"inLanguage\":\"fr-FR\",\"potentialAction\":[{\"@type\":\"ReadAction\",\"target\":[\"https:\/\/appsaf.apieproject.com\/news\/fr\/2022\/02\/28\/senegal-le-pagne-tisse-une-tradition-qui-accompagne-lindividu-du-berceau-au-tombeau\/\"]}]},{\"@type\":\"ImageObject\",\"inLanguage\":\"fr-FR\",\"@id\":\"https:\/\/appsaf.apieproject.com\/news\/fr\/2022\/02\/28\/senegal-le-pagne-tisse-une-tradition-qui-accompagne-lindividu-du-berceau-au-tombeau\/#primaryimage\",\"url\":\"https:\/\/appsaf.apieproject.com\/news\/wp-content\/uploads\/sites\/29\/2022\/02\/ls-3-697a97411a1a8d89903e8184a2ced018.jpg\",\"contentUrl\":\"https:\/\/appsaf.apieproject.com\/news\/wp-content\/uploads\/sites\/29\/2022\/02\/ls-3-697a97411a1a8d89903e8184a2ced018.jpg\",\"width\":300,\"height\":168},{\"@type\":\"BreadcrumbList\",\"@id\":\"https:\/\/appsaf.apieproject.com\/news\/fr\/2022\/02\/28\/senegal-le-pagne-tisse-une-tradition-qui-accompagne-lindividu-du-berceau-au-tombeau\/#breadcrumb\",\"itemListElement\":[{\"@type\":\"ListItem\",\"position\":1,\"name\":\"Home\",\"item\":\"https:\/\/appsaf.apieproject.com\/news\/fr\/home\/\"},{\"@type\":\"ListItem\",\"position\":2,\"name\":\"S\u00e9n\u00e9gal: Le pagne tiss\u00e9, une tradition qui accompagne l&#8217;individu du berceau au tombeau\"}]},{\"@type\":\"WebSite\",\"@id\":\"https:\/\/appsaf.apieproject.com\/news\/#website\",\"url\":\"https:\/\/appsaf.apieproject.com\/news\/\",\"name\":\"APIE NEWS\",\"description\":\"PANAFRICANISM NEWS PORTAL\",\"publisher\":{\"@id\":\"https:\/\/appsaf.apieproject.com\/news\/#organization\"},\"potentialAction\":[{\"@type\":\"SearchAction\",\"target\":{\"@type\":\"EntryPoint\",\"urlTemplate\":\"https:\/\/appsaf.apieproject.com\/news\/?s={search_term_string}\"},\"query-input\":{\"@type\":\"PropertyValueSpecification\",\"valueRequired\":true,\"valueName\":\"search_term_string\"}}],\"inLanguage\":\"fr-FR\"},{\"@type\":\"Organization\",\"@id\":\"https:\/\/appsaf.apieproject.com\/news\/#organization\",\"name\":\"APIE PROJECT\",\"url\":\"https:\/\/appsaf.apieproject.com\/news\/\",\"logo\":{\"@type\":\"ImageObject\",\"inLanguage\":\"fr-FR\",\"@id\":\"https:\/\/appsaf.apieproject.com\/news\/#\/schema\/logo\/image\/\",\"url\":\"https:\/\/appsaf.apieproject.com\/news\/wp-content\/uploads\/sites\/29\/2022\/07\/logo-R-TransparentBackground.png\",\"contentUrl\":\"https:\/\/appsaf.apieproject.com\/news\/wp-content\/uploads\/sites\/29\/2022\/07\/logo-R-TransparentBackground.png\",\"width\":512,\"height\":512,\"caption\":\"APIE PROJECT\"},\"image\":{\"@id\":\"https:\/\/appsaf.apieproject.com\/news\/#\/schema\/logo\/image\/\"},\"sameAs\":[\"https:\/\/facebook.com\/apieproject\",\"https:\/\/x.com\/apieproject\"]},{\"@type\":\"Person\",\"@id\":\"https:\/\/appsaf.apieproject.com\/news\/#\/schema\/person\/399517cac378948cd7b39086f9ddc2a7\",\"name\":\"staff\",\"image\":{\"@type\":\"ImageObject\",\"inLanguage\":\"fr-FR\",\"@id\":\"https:\/\/appsaf.apieproject.com\/news\/#\/schema\/person\/image\/\",\"url\":\"https:\/\/secure.gravatar.com\/avatar\/5386283c5db150efe261184bd59f072a?s=96&d=mm&r=g\",\"contentUrl\":\"https:\/\/secure.gravatar.com\/avatar\/5386283c5db150efe261184bd59f072a?s=96&d=mm&r=g\",\"caption\":\"staff\"},\"url\":\"https:\/\/appsaf.apieproject.com\/news\/fr\/author\/staff\/\"}]}<\/script>\n<!-- \/ Yoast SEO plugin. -->","yoast_head_json":{"title":"S\u00e9n\u00e9gal: Le pagne tiss\u00e9, une tradition qui accompagne l'individu du berceau au tombeau - APIE NEWS","robots":{"index":"index","follow":"follow","max-snippet":"max-snippet:-1","max-image-preview":"max-image-preview:large","max-video-preview":"max-video-preview:-1"},"canonical":"https:\/\/appsaf.apieproject.com\/news\/fr\/2022\/02\/28\/senegal-le-pagne-tisse-une-tradition-qui-accompagne-lindividu-du-berceau-au-tombeau\/","og_locale":"fr_FR","og_type":"article","og_title":"S\u00e9n\u00e9gal: Le pagne tiss\u00e9, une tradition qui accompagne l'individu du berceau au tombeau - APIE NEWS","og_description":"Il y a encore 20 ans, on les voyait \u00e0 chaque coin de rue \u00e0 Dakar, mais surtout dans les r\u00e9gions. Les tisserands, dou\u00e9s dans l\u2019art de fabriquer l'\u00e9toffe traditionnelle s\u00e9n\u00e9galaise avec du fil et leur seule habilit\u00e9 manuelle, se font rares de nos jours.","og_url":"https:\/\/appsaf.apieproject.com\/news\/fr\/2022\/02\/28\/senegal-le-pagne-tisse-une-tradition-qui-accompagne-lindividu-du-berceau-au-tombeau\/","og_site_name":"APIE NEWS","article_publisher":"https:\/\/facebook.com\/apieproject","article_published_time":"2022-02-28T02:30:17+00:00","article_modified_time":"2022-02-28T02:30:18+00:00","og_image":[{"width":300,"height":168,"url":"https:\/\/appsaf.apieproject.com\/news\/wp-content\/uploads\/sites\/29\/2022\/02\/ls-3-697a97411a1a8d89903e8184a2ced018.jpg","type":"image\/jpeg"}],"author":"staff","twitter_card":"summary_large_image","twitter_creator":"@apieproject","twitter_site":"@apieproject","twitter_misc":{"\u00c9crit par":"staff","Dur\u00e9e de lecture estim\u00e9e":"1 minute"},"schema":{"@context":"https:\/\/schema.org","@graph":[{"@type":"Article","@id":"https:\/\/appsaf.apieproject.com\/news\/fr\/2022\/02\/28\/senegal-le-pagne-tisse-une-tradition-qui-accompagne-lindividu-du-berceau-au-tombeau\/#article","isPartOf":{"@id":"https:\/\/appsaf.apieproject.com\/news\/fr\/2022\/02\/28\/senegal-le-pagne-tisse-une-tradition-qui-accompagne-lindividu-du-berceau-au-tombeau\/"},"author":{"name":"staff","@id":"https:\/\/appsaf.apieproject.com\/news\/#\/schema\/person\/399517cac378948cd7b39086f9ddc2a7"},"headline":"S\u00e9n\u00e9gal: Le pagne tiss\u00e9, une tradition qui accompagne l&rsquo;individu du berceau au tombeau","datePublished":"2022-02-28T02:30:17+00:00","dateModified":"2022-02-28T02:30:18+00:00","mainEntityOfPage":{"@id":"https:\/\/appsaf.apieproject.com\/news\/fr\/2022\/02\/28\/senegal-le-pagne-tisse-une-tradition-qui-accompagne-lindividu-du-berceau-au-tombeau\/"},"wordCount":134,"commentCount":0,"publisher":{"@id":"https:\/\/appsaf.apieproject.com\/news\/#organization"},"image":{"@id":"https:\/\/appsaf.apieproject.com\/news\/fr\/2022\/02\/28\/senegal-le-pagne-tisse-une-tradition-qui-accompagne-lindividu-du-berceau-au-tombeau\/#primaryimage"},"thumbnailUrl":"https:\/\/appsaf.apieproject.com\/news\/wp-content\/uploads\/sites\/29\/2022\/02\/ls-3-697a97411a1a8d89903e8184a2ced018.jpg","keywords":["apie project","mode","mode de vie"],"articleSection":["Mode","Mode de Vie","Sp\u00e9ciaux"],"inLanguage":"fr-FR","potentialAction":[{"@type":"CommentAction","name":"Comment","target":["https:\/\/appsaf.apieproject.com\/news\/fr\/2022\/02\/28\/senegal-le-pagne-tisse-une-tradition-qui-accompagne-lindividu-du-berceau-au-tombeau\/#respond"]}]},{"@type":"WebPage","@id":"https:\/\/appsaf.apieproject.com\/news\/fr\/2022\/02\/28\/senegal-le-pagne-tisse-une-tradition-qui-accompagne-lindividu-du-berceau-au-tombeau\/","url":"https:\/\/appsaf.apieproject.com\/news\/fr\/2022\/02\/28\/senegal-le-pagne-tisse-une-tradition-qui-accompagne-lindividu-du-berceau-au-tombeau\/","name":"S\u00e9n\u00e9gal: Le pagne tiss\u00e9, une tradition qui accompagne l'individu du berceau au tombeau - APIE NEWS","isPartOf":{"@id":"https:\/\/appsaf.apieproject.com\/news\/#website"},"primaryImageOfPage":{"@id":"https:\/\/appsaf.apieproject.com\/news\/fr\/2022\/02\/28\/senegal-le-pagne-tisse-une-tradition-qui-accompagne-lindividu-du-berceau-au-tombeau\/#primaryimage"},"image":{"@id":"https:\/\/appsaf.apieproject.com\/news\/fr\/2022\/02\/28\/senegal-le-pagne-tisse-une-tradition-qui-accompagne-lindividu-du-berceau-au-tombeau\/#primaryimage"},"thumbnailUrl":"https:\/\/appsaf.apieproject.com\/news\/wp-content\/uploads\/sites\/29\/2022\/02\/ls-3-697a97411a1a8d89903e8184a2ced018.jpg","datePublished":"2022-02-28T02:30:17+00:00","dateModified":"2022-02-28T02:30:18+00:00","breadcrumb":{"@id":"https:\/\/appsaf.apieproject.com\/news\/fr\/2022\/02\/28\/senegal-le-pagne-tisse-une-tradition-qui-accompagne-lindividu-du-berceau-au-tombeau\/#breadcrumb"},"inLanguage":"fr-FR","potentialAction":[{"@type":"ReadAction","target":["https:\/\/appsaf.apieproject.com\/news\/fr\/2022\/02\/28\/senegal-le-pagne-tisse-une-tradition-qui-accompagne-lindividu-du-berceau-au-tombeau\/"]}]},{"@type":"ImageObject","inLanguage":"fr-FR","@id":"https:\/\/appsaf.apieproject.com\/news\/fr\/2022\/02\/28\/senegal-le-pagne-tisse-une-tradition-qui-accompagne-lindividu-du-berceau-au-tombeau\/#primaryimage","url":"https:\/\/appsaf.apieproject.com\/news\/wp-content\/uploads\/sites\/29\/2022\/02\/ls-3-697a97411a1a8d89903e8184a2ced018.jpg","contentUrl":"https:\/\/appsaf.apieproject.com\/news\/wp-content\/uploads\/sites\/29\/2022\/02\/ls-3-697a97411a1a8d89903e8184a2ced018.jpg","width":300,"height":168},{"@type":"BreadcrumbList","@id":"https:\/\/appsaf.apieproject.com\/news\/fr\/2022\/02\/28\/senegal-le-pagne-tisse-une-tradition-qui-accompagne-lindividu-du-berceau-au-tombeau\/#breadcrumb","itemListElement":[{"@type":"ListItem","position":1,"name":"Home","item":"https:\/\/appsaf.apieproject.com\/news\/fr\/home\/"},{"@type":"ListItem","position":2,"name":"S\u00e9n\u00e9gal: Le pagne tiss\u00e9, une tradition qui accompagne l&#8217;individu du berceau au tombeau"}]},{"@type":"WebSite","@id":"https:\/\/appsaf.apieproject.com\/news\/#website","url":"https:\/\/appsaf.apieproject.com\/news\/","name":"APIE NEWS","description":"PANAFRICANISM NEWS PORTAL","publisher":{"@id":"https:\/\/appsaf.apieproject.com\/news\/#organization"},"potentialAction":[{"@type":"SearchAction","target":{"@type":"EntryPoint","urlTemplate":"https:\/\/appsaf.apieproject.com\/news\/?s={search_term_string}"},"query-input":{"@type":"PropertyValueSpecification","valueRequired":true,"valueName":"search_term_string"}}],"inLanguage":"fr-FR"},{"@type":"Organization","@id":"https:\/\/appsaf.apieproject.com\/news\/#organization","name":"APIE PROJECT","url":"https:\/\/appsaf.apieproject.com\/news\/","logo":{"@type":"ImageObject","inLanguage":"fr-FR","@id":"https:\/\/appsaf.apieproject.com\/news\/#\/schema\/logo\/image\/","url":"https:\/\/appsaf.apieproject.com\/news\/wp-content\/uploads\/sites\/29\/2022\/07\/logo-R-TransparentBackground.png","contentUrl":"https:\/\/appsaf.apieproject.com\/news\/wp-content\/uploads\/sites\/29\/2022\/07\/logo-R-TransparentBackground.png","width":512,"height":512,"caption":"APIE PROJECT"},"image":{"@id":"https:\/\/appsaf.apieproject.com\/news\/#\/schema\/logo\/image\/"},"sameAs":["https:\/\/facebook.com\/apieproject","https:\/\/x.com\/apieproject"]},{"@type":"Person","@id":"https:\/\/appsaf.apieproject.com\/news\/#\/schema\/person\/399517cac378948cd7b39086f9ddc2a7","name":"staff","image":{"@type":"ImageObject","inLanguage":"fr-FR","@id":"https:\/\/appsaf.apieproject.com\/news\/#\/schema\/person\/image\/","url":"https:\/\/secure.gravatar.com\/avatar\/5386283c5db150efe261184bd59f072a?s=96&d=mm&r=g","contentUrl":"https:\/\/secure.gravatar.com\/avatar\/5386283c5db150efe261184bd59f072a?s=96&d=mm&r=g","caption":"staff"},"url":"https:\/\/appsaf.apieproject.com\/news\/fr\/author\/staff\/"}]}},"_links":{"self":[{"href":"https:\/\/appsaf.apieproject.com\/news\/fr\/wp-json\/wp\/v2\/posts\/1833","targetHints":{"allow":["GET"]}}],"collection":[{"href":"https:\/\/appsaf.apieproject.com\/news\/fr\/wp-json\/wp\/v2\/posts"}],"about":[{"href":"https:\/\/appsaf.apieproject.com\/news\/fr\/wp-json\/wp\/v2\/types\/post"}],"author":[{"embeddable":true,"href":"https:\/\/appsaf.apieproject.com\/news\/fr\/wp-json\/wp\/v2\/users\/12963"}],"replies":[{"embeddable":true,"href":"https:\/\/appsaf.apieproject.com\/news\/fr\/wp-json\/wp\/v2\/comments?post=1833"}],"version-history":[{"count":1,"href":"https:\/\/appsaf.apieproject.com\/news\/fr\/wp-json\/wp\/v2\/posts\/1833\/revisions"}],"predecessor-version":[{"id":1919,"href":"https:\/\/appsaf.apieproject.com\/news\/fr\/wp-json\/wp\/v2\/posts\/1833\/revisions\/1919"}],"wp:featuredmedia":[{"embeddable":true,"href":"https:\/\/appsaf.apieproject.com\/news\/fr\/wp-json\/wp\/v2\/media\/1830"}],"wp:attachment":[{"href":"https:\/\/appsaf.apieproject.com\/news\/fr\/wp-json\/wp\/v2\/media?parent=1833"}],"wp:term":[{"taxonomy":"category","embeddable":true,"href":"https:\/\/appsaf.apieproject.com\/news\/fr\/wp-json\/wp\/v2\/categories?post=1833"},{"taxonomy":"post_tag","embeddable":true,"href":"https:\/\/appsaf.apieproject.com\/news\/fr\/wp-json\/wp\/v2\/tags?post=1833"}],"curies":[{"name":"wp","href":"https:\/\/api.w.org\/{rel}","templated":true}]}}