{"id":18645,"date":"2022-09-26T20:04:00","date_gmt":"2022-09-26T20:04:00","guid":{"rendered":"https:\/\/appsaf.apieproject.com\/news\/?p=18645"},"modified":"2022-09-26T20:04:05","modified_gmt":"2022-09-26T20:04:05","slug":"m-auto-le-n1-de-la-mobilite-electrique-adaptee-a-lafrique","status":"publish","type":"post","link":"https:\/\/appsaf.apieproject.com\/news\/fr\/2022\/09\/26\/m-auto-le-n1-de-la-mobilite-electrique-adaptee-a-lafrique\/","title":{"rendered":"M Auto: Le N\u00b01 De La Mobilit\u00e9 \u00c9lectrique Adapt\u00e9e \u00c0 L\u2019Afrique"},"content":{"rendered":"<p>Une nouvelle marque de v\u00e9hicules deux roues sur le march\u00e9 b\u00e9ninois et sous r\u00e9gional avec M Auto. Ce sont des motos tr\u00e8s \u00e9conomiques, qui allient technologie et d\u00e9veloppement durable ; donc tr\u00e8s adapt\u00e9es et conseill\u00e9es dans un contexte de d\u00e9r\u00e8glement climatique o\u00f9 la pr\u00e9servation de l\u2019environnement devient un imp\u00e9ratif et une affaire de tous. &lt;&gt;, ce t\u00e9moignage fait d\u2019entr\u00e9e par Sh\u00e8gun Adjadi Bakari, Directeur g\u00e9n\u00e9ral de M Auto est bien la preuve que ces nouvelles motos suscitent d\u00e9j\u00e0 un int\u00e9r\u00eat et un app\u00e9tit dans le rang des consommateurs. Et pour en susciter davantage, M Auto compte, \u00e0 travers un maillage des territoires, \u00e9tendre ses tentacules pour se rapprocher plus du consommateur. &lt;&gt;, a annonc\u00e9 Sh\u00e8gun Adjadi Bakari qui ajoute : &lt;&gt;. Et pour devenir propri\u00e9taire d\u2019un des trois mod\u00e8les de motos disponibles, M Auto a facilit\u00e9 la vie aux consommateurs avec un rapport qualit\u00e9\/prix accessible \u00e0 toutes les bourses. &lt;&gt;, a d\u00e9clar\u00e9 le Directeur g\u00e9n\u00e9ral de M Auto. &lt;&gt;, a-t-il rench\u00e9ri.<\/p>\n<p>Une bonne nouvelle pour les consommateurs<\/p>\n<p>\u00c0 l\u2019endroit des clients qui avaient leur commande de moto en instance, la bonne nouvelle a \u00e9t\u00e9 l\u00e2ch\u00e9e au cours de la conf\u00e9rence de presse par le Directeur Marketing et communication de CMO Group, Dominique Nkurunziza : &lt;&gt;.<\/p>\n<p>Maintenance de routine gratuite, une \u00e9quipe de m\u00e9caniciens au point, des motos s\u00e9curis\u00e9es\u2026. : la r\u00e9volution de la mobilit\u00e9 \u00e9lectrique irr\u00e9versible sur le continent avec M Auto<\/p>\n<p>La foire aux questions a permis aux professionnels des m\u00e9dias d\u2019avoir plus d\u2019explications sur ces nouvelles motos commercialis\u00e9es par M Auto. &lt;&gt;, fait savoir le Dg de M Auto. Et d\u2019ajouter : &lt;&gt;. Dans la m\u00eame veine, il pr\u00e9cise que la formation et la pr\u00e9paration d\u2019acteurs locaux qui puissent offrir des services aux usagers, reste un point sur lequel l\u2019entreprise M Auto est en train de travailler avec les diff\u00e9rents centres de formation professionnelle qu\u2019il y a dans le pays y compris les associations des m\u00e9caniciens afin de pouvoir les former \u00e0 prendre soins de ces motos \u00e9lectriques. &lt;&gt;, projette M. Bakari. Quant \u00e0 la pr\u00e9occupation li\u00e9e \u00e0 la s\u00e9curit\u00e9 des motos, la Direction g\u00e9n\u00e9rale de M Auto s\u2019est voulue rassurante. Ce sont des motos dot\u00e9s de GPS qu\u2019on peut t\u00e9l\u00e9commander \u00e0 distance. &lt;&gt;, insiste Sh\u00e8gun Adjadi Bakari.<\/p>\n<p>M Auto compte aller plus loin avec plus de plaisir aux consommateurs<\/p>\n<p>Avec ces innovations, nul doute que c\u2019est une r\u00e9volution que M Auto apporte sur le march\u00e9. L\u2019entreprise ne compte pas s\u2019arr\u00eater en si bon chemin, \u00e0 en croire son Directeur g\u00e9n\u00e9ral qui en porte la vision. &lt;&gt;, soutient-il. La vision, c\u2019est aussi la main d\u2019oeuvre \u00e0 employer et la plus value que M Auto apporte \u00e0 l\u2019\u00e9conomie des pays. &lt;&gt;, conclut le Directeur g\u00e9n\u00e9ral, Sh\u00e8gun Adjadi Bakari.<\/p>\n<p>\u00c9changes B to B et test des motos par des invit\u00e9s qui y ont pris d\u2019\u00e9norme plaisir dans le jardin, ce sont l\u00e0 les ultimes moments de la sortie m\u00e9diatique des responsables de la soci\u00e9t\u00e9 M Auto.<\/p>\n","protected":false},"excerpt":{"rendered":"<p>La Direction g\u00e9n\u00e9rale de M Auto face \u00e0 la presse et autres invit\u00e9s pour pr\u00e9senter dans les d\u00e9tails les diff\u00e9rentes offres de la marque sur le march\u00e9, et auxquelles les consommateurs s\u2019habituent depuis peu. L\u2019exercice a \u00e9t\u00e9 fait vendredi 23 septembre 2022 \u00e0 Golden Tulip h\u00f4tel \u00e0 Cotonou. \u00c0 l\u2019occasion,* *les trois mod\u00e8les de motos disponibles chez M Auto, \u00e0 savoir La Commando, la M Electric et la Chap Chap ont \u00e9t\u00e9 expos\u00e9s puis essay\u00e9s par des participants \u00e0 cette rencontre.<\/p>\n","protected":false},"author":12963,"featured_media":18642,"comment_status":"open","ping_status":"open","sticky":false,"template":"","format":"standard","meta":{"footnotes":""},"categories":[67,73],"tags":[81,78,77],"class_list":{"0":"post-18645","1":"post","2":"type-post","3":"status-publish","4":"format-standard","5":"has-post-thumbnail","7":"category-actualites","8":"category-technologie","9":"tag-actualites","10":"tag-apie-project-2","11":"tag-technologie"},"yoast_head":"<!-- This site is optimized with the Yoast SEO plugin v24.4 - https:\/\/yoast.com\/wordpress\/plugins\/seo\/ -->\n<title>M Auto: Le N\u00b01 De La Mobilit\u00e9 \u00c9lectrique Adapt\u00e9e \u00c0 L\u2019Afrique - APIE NEWS<\/title>\n<meta name=\"robots\" content=\"index, follow, max-snippet:-1, max-image-preview:large, max-video-preview:-1\" \/>\n<link rel=\"canonical\" href=\"https:\/\/appsaf.apieproject.com\/news\/fr\/2022\/09\/26\/m-auto-le-n1-de-la-mobilite-electrique-adaptee-a-lafrique\/\" \/>\n<meta property=\"og:locale\" content=\"fr_FR\" \/>\n<meta property=\"og:type\" content=\"article\" \/>\n<meta property=\"og:title\" content=\"M Auto: Le N\u00b01 De La Mobilit\u00e9 \u00c9lectrique Adapt\u00e9e \u00c0 L\u2019Afrique - APIE NEWS\" \/>\n<meta property=\"og:description\" content=\"La Direction g\u00e9n\u00e9rale de M Auto face \u00e0 la presse et autres invit\u00e9s pour pr\u00e9senter dans les d\u00e9tails les diff\u00e9rentes offres de la marque sur le march\u00e9, et auxquelles les consommateurs s\u2019habituent depuis peu. L\u2019exercice a \u00e9t\u00e9 fait vendredi 23 septembre 2022 \u00e0 Golden Tulip h\u00f4tel \u00e0 Cotonou. \u00c0 l\u2019occasion,* *les trois mod\u00e8les de motos disponibles chez M Auto, \u00e0 savoir La Commando, la M Electric et la Chap Chap ont \u00e9t\u00e9 expos\u00e9s puis essay\u00e9s par des participants \u00e0 cette rencontre.\" \/>\n<meta property=\"og:url\" content=\"https:\/\/appsaf.apieproject.com\/news\/fr\/2022\/09\/26\/m-auto-le-n1-de-la-mobilite-electrique-adaptee-a-lafrique\/\" \/>\n<meta property=\"og:site_name\" content=\"APIE NEWS\" \/>\n<meta property=\"article:publisher\" content=\"https:\/\/facebook.com\/apieproject\" \/>\n<meta property=\"article:published_time\" content=\"2022-09-26T20:04:00+00:00\" \/>\n<meta property=\"article:modified_time\" content=\"2022-09-26T20:04:05+00:00\" \/>\n<meta property=\"og:image\" content=\"https:\/\/appsaf.apieproject.com\/news\/wp-content\/uploads\/sites\/29\/2022\/09\/2-17-750x430-ec6dbe713b235e5288ee7b536e55d685.jpg\" \/>\n\t<meta property=\"og:image:width\" content=\"750\" \/>\n\t<meta property=\"og:image:height\" content=\"430\" \/>\n\t<meta property=\"og:image:type\" content=\"image\/jpeg\" \/>\n<meta name=\"author\" content=\"staff\" \/>\n<meta name=\"twitter:card\" content=\"summary_large_image\" \/>\n<meta name=\"twitter:creator\" content=\"@apieproject\" \/>\n<meta name=\"twitter:site\" content=\"@apieproject\" \/>\n<meta name=\"twitter:label1\" content=\"\u00c9crit par\" \/>\n\t<meta name=\"twitter:data1\" content=\"staff\" \/>\n\t<meta name=\"twitter:label2\" content=\"Dur\u00e9e de lecture estim\u00e9e\" \/>\n\t<meta name=\"twitter:data2\" content=\"3 minutes\" \/>\n<script type=\"application\/ld+json\" class=\"yoast-schema-graph\">{\"@context\":\"https:\/\/schema.org\",\"@graph\":[{\"@type\":\"Article\",\"@id\":\"https:\/\/appsaf.apieproject.com\/news\/fr\/2022\/09\/26\/m-auto-le-n1-de-la-mobilite-electrique-adaptee-a-lafrique\/#article\",\"isPartOf\":{\"@id\":\"https:\/\/appsaf.apieproject.com\/news\/fr\/2022\/09\/26\/m-auto-le-n1-de-la-mobilite-electrique-adaptee-a-lafrique\/\"},\"author\":{\"name\":\"staff\",\"@id\":\"https:\/\/appsaf.apieproject.com\/news\/#\/schema\/person\/399517cac378948cd7b39086f9ddc2a7\"},\"headline\":\"M Auto: Le N\u00b01 De La Mobilit\u00e9 \u00c9lectrique Adapt\u00e9e \u00c0 L\u2019Afrique\",\"datePublished\":\"2022-09-26T20:04:00+00:00\",\"dateModified\":\"2022-09-26T20:04:05+00:00\",\"mainEntityOfPage\":{\"@id\":\"https:\/\/appsaf.apieproject.com\/news\/fr\/2022\/09\/26\/m-auto-le-n1-de-la-mobilite-electrique-adaptee-a-lafrique\/\"},\"wordCount\":577,\"commentCount\":0,\"publisher\":{\"@id\":\"https:\/\/appsaf.apieproject.com\/news\/#organization\"},\"image\":{\"@id\":\"https:\/\/appsaf.apieproject.com\/news\/fr\/2022\/09\/26\/m-auto-le-n1-de-la-mobilite-electrique-adaptee-a-lafrique\/#primaryimage\"},\"thumbnailUrl\":\"https:\/\/appsaf.apieproject.com\/news\/wp-content\/uploads\/sites\/29\/2022\/09\/2-17-750x430-ec6dbe713b235e5288ee7b536e55d685.jpg\",\"keywords\":[\"actualites\",\"apie project\",\"technologie\"],\"articleSection\":[\"Actualit\u00e9s\",\"Technologie\"],\"inLanguage\":\"fr-FR\",\"potentialAction\":[{\"@type\":\"CommentAction\",\"name\":\"Comment\",\"target\":[\"https:\/\/appsaf.apieproject.com\/news\/fr\/2022\/09\/26\/m-auto-le-n1-de-la-mobilite-electrique-adaptee-a-lafrique\/#respond\"]}]},{\"@type\":\"WebPage\",\"@id\":\"https:\/\/appsaf.apieproject.com\/news\/fr\/2022\/09\/26\/m-auto-le-n1-de-la-mobilite-electrique-adaptee-a-lafrique\/\",\"url\":\"https:\/\/appsaf.apieproject.com\/news\/fr\/2022\/09\/26\/m-auto-le-n1-de-la-mobilite-electrique-adaptee-a-lafrique\/\",\"name\":\"M Auto: Le N\u00b01 De La Mobilit\u00e9 \u00c9lectrique Adapt\u00e9e \u00c0 L\u2019Afrique - APIE NEWS\",\"isPartOf\":{\"@id\":\"https:\/\/appsaf.apieproject.com\/news\/#website\"},\"primaryImageOfPage\":{\"@id\":\"https:\/\/appsaf.apieproject.com\/news\/fr\/2022\/09\/26\/m-auto-le-n1-de-la-mobilite-electrique-adaptee-a-lafrique\/#primaryimage\"},\"image\":{\"@id\":\"https:\/\/appsaf.apieproject.com\/news\/fr\/2022\/09\/26\/m-auto-le-n1-de-la-mobilite-electrique-adaptee-a-lafrique\/#primaryimage\"},\"thumbnailUrl\":\"https:\/\/appsaf.apieproject.com\/news\/wp-content\/uploads\/sites\/29\/2022\/09\/2-17-750x430-ec6dbe713b235e5288ee7b536e55d685.jpg\",\"datePublished\":\"2022-09-26T20:04:00+00:00\",\"dateModified\":\"2022-09-26T20:04:05+00:00\",\"breadcrumb\":{\"@id\":\"https:\/\/appsaf.apieproject.com\/news\/fr\/2022\/09\/26\/m-auto-le-n1-de-la-mobilite-electrique-adaptee-a-lafrique\/#breadcrumb\"},\"inLanguage\":\"fr-FR\",\"potentialAction\":[{\"@type\":\"ReadAction\",\"target\":[\"https:\/\/appsaf.apieproject.com\/news\/fr\/2022\/09\/26\/m-auto-le-n1-de-la-mobilite-electrique-adaptee-a-lafrique\/\"]}]},{\"@type\":\"ImageObject\",\"inLanguage\":\"fr-FR\",\"@id\":\"https:\/\/appsaf.apieproject.com\/news\/fr\/2022\/09\/26\/m-auto-le-n1-de-la-mobilite-electrique-adaptee-a-lafrique\/#primaryimage\",\"url\":\"https:\/\/appsaf.apieproject.com\/news\/wp-content\/uploads\/sites\/29\/2022\/09\/2-17-750x430-ec6dbe713b235e5288ee7b536e55d685.jpg\",\"contentUrl\":\"https:\/\/appsaf.apieproject.com\/news\/wp-content\/uploads\/sites\/29\/2022\/09\/2-17-750x430-ec6dbe713b235e5288ee7b536e55d685.jpg\",\"width\":750,\"height\":430},{\"@type\":\"BreadcrumbList\",\"@id\":\"https:\/\/appsaf.apieproject.com\/news\/fr\/2022\/09\/26\/m-auto-le-n1-de-la-mobilite-electrique-adaptee-a-lafrique\/#breadcrumb\",\"itemListElement\":[{\"@type\":\"ListItem\",\"position\":1,\"name\":\"Home\",\"item\":\"https:\/\/appsaf.apieproject.com\/news\/fr\/home\/\"},{\"@type\":\"ListItem\",\"position\":2,\"name\":\"M Auto: Le N\u00b01 De La Mobilit\u00e9 \u00c9lectrique Adapt\u00e9e \u00c0 L\u2019Afrique\"}]},{\"@type\":\"WebSite\",\"@id\":\"https:\/\/appsaf.apieproject.com\/news\/#website\",\"url\":\"https:\/\/appsaf.apieproject.com\/news\/\",\"name\":\"APIE NEWS\",\"description\":\"PANAFRICANISM NEWS PORTAL\",\"publisher\":{\"@id\":\"https:\/\/appsaf.apieproject.com\/news\/#organization\"},\"potentialAction\":[{\"@type\":\"SearchAction\",\"target\":{\"@type\":\"EntryPoint\",\"urlTemplate\":\"https:\/\/appsaf.apieproject.com\/news\/?s={search_term_string}\"},\"query-input\":{\"@type\":\"PropertyValueSpecification\",\"valueRequired\":true,\"valueName\":\"search_term_string\"}}],\"inLanguage\":\"fr-FR\"},{\"@type\":\"Organization\",\"@id\":\"https:\/\/appsaf.apieproject.com\/news\/#organization\",\"name\":\"APIE PROJECT\",\"url\":\"https:\/\/appsaf.apieproject.com\/news\/\",\"logo\":{\"@type\":\"ImageObject\",\"inLanguage\":\"fr-FR\",\"@id\":\"https:\/\/appsaf.apieproject.com\/news\/#\/schema\/logo\/image\/\",\"url\":\"https:\/\/appsaf.apieproject.com\/news\/wp-content\/uploads\/sites\/29\/2022\/07\/logo-R-TransparentBackground.png\",\"contentUrl\":\"https:\/\/appsaf.apieproject.com\/news\/wp-content\/uploads\/sites\/29\/2022\/07\/logo-R-TransparentBackground.png\",\"width\":512,\"height\":512,\"caption\":\"APIE PROJECT\"},\"image\":{\"@id\":\"https:\/\/appsaf.apieproject.com\/news\/#\/schema\/logo\/image\/\"},\"sameAs\":[\"https:\/\/facebook.com\/apieproject\",\"https:\/\/x.com\/apieproject\"]},{\"@type\":\"Person\",\"@id\":\"https:\/\/appsaf.apieproject.com\/news\/#\/schema\/person\/399517cac378948cd7b39086f9ddc2a7\",\"name\":\"staff\",\"image\":{\"@type\":\"ImageObject\",\"inLanguage\":\"fr-FR\",\"@id\":\"https:\/\/appsaf.apieproject.com\/news\/#\/schema\/person\/image\/\",\"url\":\"https:\/\/secure.gravatar.com\/avatar\/5386283c5db150efe261184bd59f072a?s=96&d=mm&r=g\",\"contentUrl\":\"https:\/\/secure.gravatar.com\/avatar\/5386283c5db150efe261184bd59f072a?s=96&d=mm&r=g\",\"caption\":\"staff\"},\"url\":\"https:\/\/appsaf.apieproject.com\/news\/fr\/author\/staff\/\"}]}<\/script>\n<!-- \/ Yoast SEO plugin. -->","yoast_head_json":{"title":"M Auto: Le N\u00b01 De La Mobilit\u00e9 \u00c9lectrique Adapt\u00e9e \u00c0 L\u2019Afrique - APIE NEWS","robots":{"index":"index","follow":"follow","max-snippet":"max-snippet:-1","max-image-preview":"max-image-preview:large","max-video-preview":"max-video-preview:-1"},"canonical":"https:\/\/appsaf.apieproject.com\/news\/fr\/2022\/09\/26\/m-auto-le-n1-de-la-mobilite-electrique-adaptee-a-lafrique\/","og_locale":"fr_FR","og_type":"article","og_title":"M Auto: Le N\u00b01 De La Mobilit\u00e9 \u00c9lectrique Adapt\u00e9e \u00c0 L\u2019Afrique - APIE NEWS","og_description":"La Direction g\u00e9n\u00e9rale de M Auto face \u00e0 la presse et autres invit\u00e9s pour pr\u00e9senter dans les d\u00e9tails les diff\u00e9rentes offres de la marque sur le march\u00e9, et auxquelles les consommateurs s\u2019habituent depuis peu. L\u2019exercice a \u00e9t\u00e9 fait vendredi 23 septembre 2022 \u00e0 Golden Tulip h\u00f4tel \u00e0 Cotonou. \u00c0 l\u2019occasion,* *les trois mod\u00e8les de motos disponibles chez M Auto, \u00e0 savoir La Commando, la M Electric et la Chap Chap ont \u00e9t\u00e9 expos\u00e9s puis essay\u00e9s par des participants \u00e0 cette rencontre.","og_url":"https:\/\/appsaf.apieproject.com\/news\/fr\/2022\/09\/26\/m-auto-le-n1-de-la-mobilite-electrique-adaptee-a-lafrique\/","og_site_name":"APIE NEWS","article_publisher":"https:\/\/facebook.com\/apieproject","article_published_time":"2022-09-26T20:04:00+00:00","article_modified_time":"2022-09-26T20:04:05+00:00","og_image":[{"width":750,"height":430,"url":"https:\/\/appsaf.apieproject.com\/news\/wp-content\/uploads\/sites\/29\/2022\/09\/2-17-750x430-ec6dbe713b235e5288ee7b536e55d685.jpg","type":"image\/jpeg"}],"author":"staff","twitter_card":"summary_large_image","twitter_creator":"@apieproject","twitter_site":"@apieproject","twitter_misc":{"\u00c9crit par":"staff","Dur\u00e9e de lecture estim\u00e9e":"3 minutes"},"schema":{"@context":"https:\/\/schema.org","@graph":[{"@type":"Article","@id":"https:\/\/appsaf.apieproject.com\/news\/fr\/2022\/09\/26\/m-auto-le-n1-de-la-mobilite-electrique-adaptee-a-lafrique\/#article","isPartOf":{"@id":"https:\/\/appsaf.apieproject.com\/news\/fr\/2022\/09\/26\/m-auto-le-n1-de-la-mobilite-electrique-adaptee-a-lafrique\/"},"author":{"name":"staff","@id":"https:\/\/appsaf.apieproject.com\/news\/#\/schema\/person\/399517cac378948cd7b39086f9ddc2a7"},"headline":"M Auto: Le N\u00b01 De La Mobilit\u00e9 \u00c9lectrique Adapt\u00e9e \u00c0 L\u2019Afrique","datePublished":"2022-09-26T20:04:00+00:00","dateModified":"2022-09-26T20:04:05+00:00","mainEntityOfPage":{"@id":"https:\/\/appsaf.apieproject.com\/news\/fr\/2022\/09\/26\/m-auto-le-n1-de-la-mobilite-electrique-adaptee-a-lafrique\/"},"wordCount":577,"commentCount":0,"publisher":{"@id":"https:\/\/appsaf.apieproject.com\/news\/#organization"},"image":{"@id":"https:\/\/appsaf.apieproject.com\/news\/fr\/2022\/09\/26\/m-auto-le-n1-de-la-mobilite-electrique-adaptee-a-lafrique\/#primaryimage"},"thumbnailUrl":"https:\/\/appsaf.apieproject.com\/news\/wp-content\/uploads\/sites\/29\/2022\/09\/2-17-750x430-ec6dbe713b235e5288ee7b536e55d685.jpg","keywords":["actualites","apie project","technologie"],"articleSection":["Actualit\u00e9s","Technologie"],"inLanguage":"fr-FR","potentialAction":[{"@type":"CommentAction","name":"Comment","target":["https:\/\/appsaf.apieproject.com\/news\/fr\/2022\/09\/26\/m-auto-le-n1-de-la-mobilite-electrique-adaptee-a-lafrique\/#respond"]}]},{"@type":"WebPage","@id":"https:\/\/appsaf.apieproject.com\/news\/fr\/2022\/09\/26\/m-auto-le-n1-de-la-mobilite-electrique-adaptee-a-lafrique\/","url":"https:\/\/appsaf.apieproject.com\/news\/fr\/2022\/09\/26\/m-auto-le-n1-de-la-mobilite-electrique-adaptee-a-lafrique\/","name":"M Auto: Le N\u00b01 De La Mobilit\u00e9 \u00c9lectrique Adapt\u00e9e \u00c0 L\u2019Afrique - APIE NEWS","isPartOf":{"@id":"https:\/\/appsaf.apieproject.com\/news\/#website"},"primaryImageOfPage":{"@id":"https:\/\/appsaf.apieproject.com\/news\/fr\/2022\/09\/26\/m-auto-le-n1-de-la-mobilite-electrique-adaptee-a-lafrique\/#primaryimage"},"image":{"@id":"https:\/\/appsaf.apieproject.com\/news\/fr\/2022\/09\/26\/m-auto-le-n1-de-la-mobilite-electrique-adaptee-a-lafrique\/#primaryimage"},"thumbnailUrl":"https:\/\/appsaf.apieproject.com\/news\/wp-content\/uploads\/sites\/29\/2022\/09\/2-17-750x430-ec6dbe713b235e5288ee7b536e55d685.jpg","datePublished":"2022-09-26T20:04:00+00:00","dateModified":"2022-09-26T20:04:05+00:00","breadcrumb":{"@id":"https:\/\/appsaf.apieproject.com\/news\/fr\/2022\/09\/26\/m-auto-le-n1-de-la-mobilite-electrique-adaptee-a-lafrique\/#breadcrumb"},"inLanguage":"fr-FR","potentialAction":[{"@type":"ReadAction","target":["https:\/\/appsaf.apieproject.com\/news\/fr\/2022\/09\/26\/m-auto-le-n1-de-la-mobilite-electrique-adaptee-a-lafrique\/"]}]},{"@type":"ImageObject","inLanguage":"fr-FR","@id":"https:\/\/appsaf.apieproject.com\/news\/fr\/2022\/09\/26\/m-auto-le-n1-de-la-mobilite-electrique-adaptee-a-lafrique\/#primaryimage","url":"https:\/\/appsaf.apieproject.com\/news\/wp-content\/uploads\/sites\/29\/2022\/09\/2-17-750x430-ec6dbe713b235e5288ee7b536e55d685.jpg","contentUrl":"https:\/\/appsaf.apieproject.com\/news\/wp-content\/uploads\/sites\/29\/2022\/09\/2-17-750x430-ec6dbe713b235e5288ee7b536e55d685.jpg","width":750,"height":430},{"@type":"BreadcrumbList","@id":"https:\/\/appsaf.apieproject.com\/news\/fr\/2022\/09\/26\/m-auto-le-n1-de-la-mobilite-electrique-adaptee-a-lafrique\/#breadcrumb","itemListElement":[{"@type":"ListItem","position":1,"name":"Home","item":"https:\/\/appsaf.apieproject.com\/news\/fr\/home\/"},{"@type":"ListItem","position":2,"name":"M Auto: Le N\u00b01 De La Mobilit\u00e9 \u00c9lectrique Adapt\u00e9e \u00c0 L\u2019Afrique"}]},{"@type":"WebSite","@id":"https:\/\/appsaf.apieproject.com\/news\/#website","url":"https:\/\/appsaf.apieproject.com\/news\/","name":"APIE NEWS","description":"PANAFRICANISM NEWS PORTAL","publisher":{"@id":"https:\/\/appsaf.apieproject.com\/news\/#organization"},"potentialAction":[{"@type":"SearchAction","target":{"@type":"EntryPoint","urlTemplate":"https:\/\/appsaf.apieproject.com\/news\/?s={search_term_string}"},"query-input":{"@type":"PropertyValueSpecification","valueRequired":true,"valueName":"search_term_string"}}],"inLanguage":"fr-FR"},{"@type":"Organization","@id":"https:\/\/appsaf.apieproject.com\/news\/#organization","name":"APIE PROJECT","url":"https:\/\/appsaf.apieproject.com\/news\/","logo":{"@type":"ImageObject","inLanguage":"fr-FR","@id":"https:\/\/appsaf.apieproject.com\/news\/#\/schema\/logo\/image\/","url":"https:\/\/appsaf.apieproject.com\/news\/wp-content\/uploads\/sites\/29\/2022\/07\/logo-R-TransparentBackground.png","contentUrl":"https:\/\/appsaf.apieproject.com\/news\/wp-content\/uploads\/sites\/29\/2022\/07\/logo-R-TransparentBackground.png","width":512,"height":512,"caption":"APIE PROJECT"},"image":{"@id":"https:\/\/appsaf.apieproject.com\/news\/#\/schema\/logo\/image\/"},"sameAs":["https:\/\/facebook.com\/apieproject","https:\/\/x.com\/apieproject"]},{"@type":"Person","@id":"https:\/\/appsaf.apieproject.com\/news\/#\/schema\/person\/399517cac378948cd7b39086f9ddc2a7","name":"staff","image":{"@type":"ImageObject","inLanguage":"fr-FR","@id":"https:\/\/appsaf.apieproject.com\/news\/#\/schema\/person\/image\/","url":"https:\/\/secure.gravatar.com\/avatar\/5386283c5db150efe261184bd59f072a?s=96&d=mm&r=g","contentUrl":"https:\/\/secure.gravatar.com\/avatar\/5386283c5db150efe261184bd59f072a?s=96&d=mm&r=g","caption":"staff"},"url":"https:\/\/appsaf.apieproject.com\/news\/fr\/author\/staff\/"}]}},"_links":{"self":[{"href":"https:\/\/appsaf.apieproject.com\/news\/fr\/wp-json\/wp\/v2\/posts\/18645","targetHints":{"allow":["GET"]}}],"collection":[{"href":"https:\/\/appsaf.apieproject.com\/news\/fr\/wp-json\/wp\/v2\/posts"}],"about":[{"href":"https:\/\/appsaf.apieproject.com\/news\/fr\/wp-json\/wp\/v2\/types\/post"}],"author":[{"embeddable":true,"href":"https:\/\/appsaf.apieproject.com\/news\/fr\/wp-json\/wp\/v2\/users\/12963"}],"replies":[{"embeddable":true,"href":"https:\/\/appsaf.apieproject.com\/news\/fr\/wp-json\/wp\/v2\/comments?post=18645"}],"version-history":[{"count":1,"href":"https:\/\/appsaf.apieproject.com\/news\/fr\/wp-json\/wp\/v2\/posts\/18645\/revisions"}],"predecessor-version":[{"id":18787,"href":"https:\/\/appsaf.apieproject.com\/news\/fr\/wp-json\/wp\/v2\/posts\/18645\/revisions\/18787"}],"wp:featuredmedia":[{"embeddable":true,"href":"https:\/\/appsaf.apieproject.com\/news\/fr\/wp-json\/wp\/v2\/media\/18642"}],"wp:attachment":[{"href":"https:\/\/appsaf.apieproject.com\/news\/fr\/wp-json\/wp\/v2\/media?parent=18645"}],"wp:term":[{"taxonomy":"category","embeddable":true,"href":"https:\/\/appsaf.apieproject.com\/news\/fr\/wp-json\/wp\/v2\/categories?post=18645"},{"taxonomy":"post_tag","embeddable":true,"href":"https:\/\/appsaf.apieproject.com\/news\/fr\/wp-json\/wp\/v2\/tags?post=18645"}],"curies":[{"name":"wp","href":"https:\/\/api.w.org\/{rel}","templated":true}]}}